{"id":260979,"date":"2024-08-04T11:07:29","date_gmt":"2024-08-04T14:07:29","guid":{"rendered":"https:\/\/noticiaempauta.com\/portal\/?p=260979"},"modified":"2024-08-04T11:07:30","modified_gmt":"2024-08-04T14:07:30","slug":"convencao-homologa-as-candidaturas-de-gil-paraibano-e-raniery-lima-para-prefeito-e-vice-prefeito-de-picos","status":"publish","type":"post","link":"https:\/\/noticiaempauta.com\/portal\/convencao-homologa-as-candidaturas-de-gil-paraibano-e-raniery-lima-para-prefeito-e-vice-prefeito-de-picos\/","title":{"rendered":"Conven\u00e7\u00e3o homologa as candidaturas de Gil Paraibano e Raniery Lima para prefeito e vice-prefeito de Picos"},"content":{"rendered":"\n<p>O Partido Progressistas (PP) homologou na noite desta sexta-feira (02), em conven\u00e7\u00e3o partid\u00e1ria realizada no Picoense Clube os nomes de Gil Paraibano como candidato a prefeito e Raniery Lima como candidato a vice-prefeito. Al\u00e9m dos candidatos da chapa majorit\u00e1ria, a sigla tamb\u00e9m homologou os candidatos a vereador, assim tamb\u00e9m como o\u00a0Partido Liberal (PL), que homologou os nomes de candidatos a vereador.<\/p>\n\n\n\n<figure class=\"wp-block-image size-large\"><img fetchpriority=\"high\" decoding=\"async\" width=\"1024\" height=\"702\" src=\"https:\/\/noticiaempauta.com\/portal\/wp-content\/uploads\/2024\/08\/PN-IMG-5fbe0e9bee41d7bc60f30-1024x702.jpg\" alt=\"\" class=\"wp-image-260980\" srcset=\"https:\/\/noticiaempauta.com\/portal\/wp-content\/uploads\/2024\/08\/PN-IMG-5fbe0e9bee41d7bc60f30-1024x702.jpg 1024w, https:\/\/noticiaempauta.com\/portal\/wp-content\/uploads\/2024\/08\/PN-IMG-5fbe0e9bee41d7bc60f30-300x206.jpg 300w, https:\/\/noticiaempauta.com\/portal\/wp-content\/uploads\/2024\/08\/PN-IMG-5fbe0e9bee41d7bc60f30-768x526.jpg 768w, https:\/\/noticiaempauta.com\/portal\/wp-content\/uploads\/2024\/08\/PN-IMG-5fbe0e9bee41d7bc60f30-1536x1053.jpg 1536w\" sizes=\"(max-width: 1024px) 100vw, 1024px\" \/><\/figure>\n\n\n\n<p>Ao todo foram homologados&nbsp;36 candidatos ao cargo de vereador, desse total 03 tem mandatos, que \u00e9 o caso de Afonsinho (PP), Pedro Pio (PP) e Ded\u00e9 Monteiro tamb\u00e9m (PP).<\/p>\n\n\n\n<p>Na oportunidade, estiveram presentes o ex-prefeito Padre Walmir; o deputado estadual Aldo Gil; o deputado estadual B.S\u00e1; o presidente estadual do Progressistas, Joel Rodrigues; o prefeito da cidade de Dom Expedito Lopes Walmir Barbosa, o ex-prefeito de Monsenhor Hip\u00f3lito Dr. Z\u00e9 Airton, lideran\u00e7as, apoiadores e simpatizantes.<\/p>\n\n\n\n<figure class=\"wp-block-image size-large\"><img decoding=\"async\" width=\"1024\" height=\"683\" src=\"https:\/\/noticiaempauta.com\/portal\/wp-content\/uploads\/2024\/08\/IMG_8759-1024x683.jpeg\" alt=\"\" class=\"wp-image-260982\" srcset=\"https:\/\/noticiaempauta.com\/portal\/wp-content\/uploads\/2024\/08\/IMG_8759-1024x683.jpeg 1024w, https:\/\/noticiaempauta.com\/portal\/wp-content\/uploads\/2024\/08\/IMG_8759-300x200.jpeg 300w, https:\/\/noticiaempauta.com\/portal\/wp-content\/uploads\/2024\/08\/IMG_8759-768x512.jpeg 768w, https:\/\/noticiaempauta.com\/portal\/wp-content\/uploads\/2024\/08\/IMG_8759-1536x1024.jpeg 1536w, https:\/\/noticiaempauta.com\/portal\/wp-content\/uploads\/2024\/08\/IMG_8759.jpeg 1600w\" sizes=\"(max-width: 1024px) 100vw, 1024px\" \/><\/figure>\n\n\n\n<p>O prefeito de Picos e candidato \u00e0 reelei\u00e7\u00e3o, Gil Marques de Medeiros, durante seu discurso, voltou a fazer algumas afirma\u00e7\u00f5es que tem sido a t\u00f4nica de sua pr\u00e9-campanha, que \u00e9 zelar pelo servidor p\u00fablico municipal, manter as contas da prefeitura equilibradas e tem como prioridade a Sa\u00fade e a Educa\u00e7\u00e3o.<\/p>\n\n\n\n<p>J\u00e1 sobre o grande evento que homologou sua candidatura. Ele disse que \u00e9 um momento de muita gratid\u00e3o e alegria pelo apoio recebido pelo povo de Picos.<\/p>\n\n\n\n<p>\u201cFoi uma grande festa, com a participa\u00e7\u00e3o de muita gente. Estou muito feliz por todo o apoio que temos recebido do povo picoense, todo esse povo que est\u00e1 aqui \u00e9 da nossa cidade e que apoia o nosso projeto para Picos\u201d, garantiu Gil Paraibano.<\/p>\n\n\n\n<figure class=\"wp-block-image size-large\"><img decoding=\"async\" width=\"1024\" height=\"683\" src=\"https:\/\/noticiaempauta.com\/portal\/wp-content\/uploads\/2024\/08\/IMG_8737-1024x683.jpeg\" alt=\"\" class=\"wp-image-260981\" srcset=\"https:\/\/noticiaempauta.com\/portal\/wp-content\/uploads\/2024\/08\/IMG_8737-1024x683.jpeg 1024w, https:\/\/noticiaempauta.com\/portal\/wp-content\/uploads\/2024\/08\/IMG_8737-300x200.jpeg 300w, https:\/\/noticiaempauta.com\/portal\/wp-content\/uploads\/2024\/08\/IMG_8737-768x512.jpeg 768w, https:\/\/noticiaempauta.com\/portal\/wp-content\/uploads\/2024\/08\/IMG_8737-1536x1024.jpeg 1536w, https:\/\/noticiaempauta.com\/portal\/wp-content\/uploads\/2024\/08\/IMG_8737.jpeg 1600w\" sizes=\"(max-width: 1024px) 100vw, 1024px\" \/><\/figure>\n\n\n\n<p>O candidato a vice-prefeito, Raniery Lima, destacou que est\u00e1 preparado para trabalhar ao lado do prefeito Gil Paraibano e afirmou que a partir de agora o time entra em campo para mostrar propostas para Picos.<\/p>\n\n\n\n<figure class=\"wp-block-image size-large\"><img loading=\"lazy\" decoding=\"async\" width=\"1024\" height=\"768\" src=\"https:\/\/noticiaempauta.com\/portal\/wp-content\/uploads\/2024\/08\/016-1024x768.jpeg\" alt=\"\" class=\"wp-image-260983\" srcset=\"https:\/\/noticiaempauta.com\/portal\/wp-content\/uploads\/2024\/08\/016-1024x768.jpeg 1024w, https:\/\/noticiaempauta.com\/portal\/wp-content\/uploads\/2024\/08\/016-300x225.jpeg 300w, https:\/\/noticiaempauta.com\/portal\/wp-content\/uploads\/2024\/08\/016-768x576.jpeg 768w, https:\/\/noticiaempauta.com\/portal\/wp-content\/uploads\/2024\/08\/016-1536x1152.jpeg 1536w, https:\/\/noticiaempauta.com\/portal\/wp-content\/uploads\/2024\/08\/016.jpeg 1600w\" sizes=\"(max-width: 1024px) 100vw, 1024px\" \/><\/figure>\n\n\n\n<p><strong><em>Fonte: AgoraED<\/em><\/strong><\/p>\n","protected":false},"excerpt":{"rendered":"<p>O Partido Progressistas (PP) homologou na noite desta sexta-feira (02), em conven\u00e7\u00e3o partid\u00e1ria realizada no Picoense Clube os nomes de Gil Paraibano como candidato a prefeito e Raniery Lima como candidato a vice-prefeito. Al\u00e9m dos candidatos da chapa majorit\u00e1ria, a sigla tamb\u00e9m homologou os candidatos a vereador, assim tamb\u00e9m como o\u00a0Partido Liberal (PL), que homologou [&hellip;]<\/p>\n","protected":false},"author":2,"featured_media":260980,"comment_status":"open","ping_status":"open","sticky":false,"template":"","format":"standard","meta":{"_mi_skip_tracking":false,"footnotes":""},"categories":[1,9,3,16],"tags":[],"class_list":["post-260979","post","type-post","status-publish","format-standard","has-post-thumbnail","hentry","category-geral","category-municipios","category-politica","category-todas"],"acf":[],"yoast_head":"<!-- This site is optimized with the Yoast SEO Premium plugin v19.2 (Yoast SEO v26.9) - https:\/\/yoast.com\/product\/yoast-seo-premium-wordpress\/ -->\n<title>Conven\u00e7\u00e3o homologa as candidaturas de Gil Paraibano e Raniery Lima para prefeito e vice-prefeito de Picos - Portal Not\u00edcia em Pauta<\/title>\n<meta name=\"robots\" content=\"index, follow, max-snippet:-1, max-image-preview:large, max-video-preview:-1\" \/>\n<link rel=\"canonical\" href=\"https:\/\/noticiaempauta.com\/portal\/convencao-homologa-as-candidaturas-de-gil-paraibano-e-raniery-lima-para-prefeito-e-vice-prefeito-de-picos\/\" \/>\n<meta property=\"og:locale\" content=\"pt_BR\" \/>\n<meta property=\"og:type\" content=\"article\" \/>\n<meta property=\"og:title\" content=\"Conven\u00e7\u00e3o homologa as candidaturas de Gil Paraibano e Raniery Lima para prefeito e vice-prefeito de Picos\" \/>\n<meta property=\"og:description\" content=\"O Partido Progressistas (PP) homologou na noite desta sexta-feira (02), em conven\u00e7\u00e3o partid\u00e1ria realizada no Picoense Clube os nomes de Gil Paraibano como candidato a prefeito e Raniery Lima como candidato a vice-prefeito. Al\u00e9m dos candidatos da chapa majorit\u00e1ria, a sigla tamb\u00e9m homologou os candidatos a vereador, assim tamb\u00e9m como o\u00a0Partido Liberal (PL), que homologou [&hellip;]\" \/>\n<meta property=\"og:url\" content=\"https:\/\/noticiaempauta.com\/portal\/convencao-homologa-as-candidaturas-de-gil-paraibano-e-raniery-lima-para-prefeito-e-vice-prefeito-de-picos\/\" \/>\n<meta property=\"og:site_name\" content=\"Portal Not\u00edcia em Pauta\" \/>\n<meta property=\"article:publisher\" content=\"https:\/\/www.facebook.com\/Portal-Notcia-Em-Pauta-102292869264820\/\" \/>\n<meta property=\"article:published_time\" content=\"2024-08-04T14:07:29+00:00\" \/>\n<meta property=\"article:modified_time\" content=\"2024-08-04T14:07:30+00:00\" \/>\n<meta property=\"og:image\" content=\"https:\/\/noticiaempauta.com\/portal\/wp-content\/uploads\/2024\/08\/PN-IMG-5fbe0e9bee41d7bc60f30-scaled.jpg\" \/>\n\t<meta property=\"og:image:width\" content=\"2560\" \/>\n\t<meta property=\"og:image:height\" content=\"1755\" \/>\n\t<meta property=\"og:image:type\" content=\"image\/jpeg\" \/>\n<meta name=\"author\" content=\"Reda\u00e7\u00e3o\" \/>\n<meta name=\"twitter:card\" content=\"summary_large_image\" \/>\n<meta name=\"twitter:label1\" content=\"Escrito por\" \/>\n\t<meta name=\"twitter:data1\" content=\"Reda\u00e7\u00e3o\" \/>\n\t<meta name=\"twitter:label2\" content=\"Est. tempo de leitura\" \/>\n\t<meta name=\"twitter:data2\" content=\"3 minutos\" \/>\n<script type=\"application\/ld+json\" class=\"yoast-schema-graph\">{\"@context\":\"https:\/\/schema.org\",\"@graph\":[{\"@type\":\"Article\",\"@id\":\"https:\/\/noticiaempauta.com\/portal\/convencao-homologa-as-candidaturas-de-gil-paraibano-e-raniery-lima-para-prefeito-e-vice-prefeito-de-picos\/#article\",\"isPartOf\":{\"@id\":\"https:\/\/noticiaempauta.com\/portal\/convencao-homologa-as-candidaturas-de-gil-paraibano-e-raniery-lima-para-prefeito-e-vice-prefeito-de-picos\/\"},\"author\":{\"name\":\"Reda\u00e7\u00e3o\",\"@id\":\"https:\/\/noticiaempauta.com\/portal\/#\/schema\/person\/a74af43dd1ab3deca45f988c717d57ac\"},\"headline\":\"Conven\u00e7\u00e3o homologa as candidaturas de Gil Paraibano e Raniery Lima para prefeito e vice-prefeito de Picos\",\"datePublished\":\"2024-08-04T14:07:29+00:00\",\"dateModified\":\"2024-08-04T14:07:30+00:00\",\"mainEntityOfPage\":{\"@id\":\"https:\/\/noticiaempauta.com\/portal\/convencao-homologa-as-candidaturas-de-gil-paraibano-e-raniery-lima-para-prefeito-e-vice-prefeito-de-picos\/\"},\"wordCount\":325,\"commentCount\":0,\"publisher\":{\"@id\":\"https:\/\/noticiaempauta.com\/portal\/#organization\"},\"image\":{\"@id\":\"https:\/\/noticiaempauta.com\/portal\/convencao-homologa-as-candidaturas-de-gil-paraibano-e-raniery-lima-para-prefeito-e-vice-prefeito-de-picos\/#primaryimage\"},\"thumbnailUrl\":\"https:\/\/noticiaempauta.com\/portal\/wp-content\/uploads\/2024\/08\/PN-IMG-5fbe0e9bee41d7bc60f30-scaled.jpg\",\"articleSection\":[\"Geral\",\"Munic\u00edpios\",\"Pol\u00edtica\",\"Todas as Not\u00edcias\"],\"inLanguage\":\"pt-BR\",\"potentialAction\":[{\"@type\":\"CommentAction\",\"name\":\"Comment\",\"target\":[\"https:\/\/noticiaempauta.com\/portal\/convencao-homologa-as-candidaturas-de-gil-paraibano-e-raniery-lima-para-prefeito-e-vice-prefeito-de-picos\/#respond\"]}]},{\"@type\":\"WebPage\",\"@id\":\"https:\/\/noticiaempauta.com\/portal\/convencao-homologa-as-candidaturas-de-gil-paraibano-e-raniery-lima-para-prefeito-e-vice-prefeito-de-picos\/\",\"url\":\"https:\/\/noticiaempauta.com\/portal\/convencao-homologa-as-candidaturas-de-gil-paraibano-e-raniery-lima-para-prefeito-e-vice-prefeito-de-picos\/\",\"name\":\"Conven\u00e7\u00e3o homologa as candidaturas de Gil Paraibano e Raniery Lima para prefeito e vice-prefeito de Picos - Portal Not\u00edcia em Pauta\",\"isPartOf\":{\"@id\":\"https:\/\/noticiaempauta.com\/portal\/#website\"},\"primaryImageOfPage\":{\"@id\":\"https:\/\/noticiaempauta.com\/portal\/convencao-homologa-as-candidaturas-de-gil-paraibano-e-raniery-lima-para-prefeito-e-vice-prefeito-de-picos\/#primaryimage\"},\"image\":{\"@id\":\"https:\/\/noticiaempauta.com\/portal\/convencao-homologa-as-candidaturas-de-gil-paraibano-e-raniery-lima-para-prefeito-e-vice-prefeito-de-picos\/#primaryimage\"},\"thumbnailUrl\":\"https:\/\/noticiaempauta.com\/portal\/wp-content\/uploads\/2024\/08\/PN-IMG-5fbe0e9bee41d7bc60f30-scaled.jpg\",\"datePublished\":\"2024-08-04T14:07:29+00:00\",\"dateModified\":\"2024-08-04T14:07:30+00:00\",\"breadcrumb\":{\"@id\":\"https:\/\/noticiaempauta.com\/portal\/convencao-homologa-as-candidaturas-de-gil-paraibano-e-raniery-lima-para-prefeito-e-vice-prefeito-de-picos\/#breadcrumb\"},\"inLanguage\":\"pt-BR\",\"potentialAction\":[{\"@type\":\"ReadAction\",\"target\":[\"https:\/\/noticiaempauta.com\/portal\/convencao-homologa-as-candidaturas-de-gil-paraibano-e-raniery-lima-para-prefeito-e-vice-prefeito-de-picos\/\"]}]},{\"@type\":\"ImageObject\",\"inLanguage\":\"pt-BR\",\"@id\":\"https:\/\/noticiaempauta.com\/portal\/convencao-homologa-as-candidaturas-de-gil-paraibano-e-raniery-lima-para-prefeito-e-vice-prefeito-de-picos\/#primaryimage\",\"url\":\"https:\/\/noticiaempauta.com\/portal\/wp-content\/uploads\/2024\/08\/PN-IMG-5fbe0e9bee41d7bc60f30-scaled.jpg\",\"contentUrl\":\"https:\/\/noticiaempauta.com\/portal\/wp-content\/uploads\/2024\/08\/PN-IMG-5fbe0e9bee41d7bc60f30-scaled.jpg\",\"width\":2560,\"height\":1755},{\"@type\":\"BreadcrumbList\",\"@id\":\"https:\/\/noticiaempauta.com\/portal\/convencao-homologa-as-candidaturas-de-gil-paraibano-e-raniery-lima-para-prefeito-e-vice-prefeito-de-picos\/#breadcrumb\",\"itemListElement\":[{\"@type\":\"ListItem\",\"position\":1,\"name\":\"P\u00e1gina Inicial\",\"item\":\"https:\/\/noticiaempauta.com\/portal\/\"},{\"@type\":\"ListItem\",\"position\":2,\"name\":\"Geral\",\"item\":\"https:\/\/noticiaempauta.com\/portal\/geral\/\"},{\"@type\":\"ListItem\",\"position\":3,\"name\":\"Conven\u00e7\u00e3o homologa as candidaturas de Gil Paraibano e Raniery Lima para prefeito e vice-prefeito de Picos\"}]},{\"@type\":\"WebSite\",\"@id\":\"https:\/\/noticiaempauta.com\/portal\/#website\",\"url\":\"https:\/\/noticiaempauta.com\/portal\/\",\"name\":\"Portal Not\u00edcia em Pauta\",\"description\":\"Voc\u00ea bem informado\",\"publisher\":{\"@id\":\"https:\/\/noticiaempauta.com\/portal\/#organization\"},\"potentialAction\":[{\"@type\":\"SearchAction\",\"target\":{\"@type\":\"EntryPoint\",\"urlTemplate\":\"https:\/\/noticiaempauta.com\/portal\/?s={search_term_string}\"},\"query-input\":{\"@type\":\"PropertyValueSpecification\",\"valueRequired\":true,\"valueName\":\"search_term_string\"}}],\"inLanguage\":\"pt-BR\"},{\"@type\":\"Organization\",\"@id\":\"https:\/\/noticiaempauta.com\/portal\/#organization\",\"name\":\"Portal Not\u00edcia em Pauta\",\"url\":\"https:\/\/noticiaempauta.com\/portal\/\",\"logo\":{\"@type\":\"ImageObject\",\"inLanguage\":\"pt-BR\",\"@id\":\"https:\/\/noticiaempauta.com\/portal\/#\/schema\/logo\/image\/\",\"url\":\"https:\/\/noticiaempauta.com\/portal\/wp-content\/uploads\/2022\/08\/logomarca_tema.fw_.png\",\"contentUrl\":\"https:\/\/noticiaempauta.com\/portal\/wp-content\/uploads\/2022\/08\/logomarca_tema.fw_.png\",\"width\":400,\"height\":232,\"caption\":\"Portal Not\u00edcia em Pauta\"},\"image\":{\"@id\":\"https:\/\/noticiaempauta.com\/portal\/#\/schema\/logo\/image\/\"},\"sameAs\":[\"https:\/\/www.facebook.com\/Portal-Notcia-Em-Pauta-102292869264820\/\",\"https:\/\/www.instagram.com\/portalnoticiaempauta\/\"]},{\"@type\":\"Person\",\"@id\":\"https:\/\/noticiaempauta.com\/portal\/#\/schema\/person\/a74af43dd1ab3deca45f988c717d57ac\",\"name\":\"Reda\u00e7\u00e3o\",\"image\":{\"@type\":\"ImageObject\",\"inLanguage\":\"pt-BR\",\"@id\":\"https:\/\/noticiaempauta.com\/portal\/#\/schema\/person\/image\/\",\"url\":\"https:\/\/secure.gravatar.com\/avatar\/03179346ecce6cdfc13361603e8f54242a90e5cde8618fa23c5c00aa2b0aadf3?s=96&d=mm&r=g\",\"contentUrl\":\"https:\/\/secure.gravatar.com\/avatar\/03179346ecce6cdfc13361603e8f54242a90e5cde8618fa23c5c00aa2b0aadf3?s=96&d=mm&r=g\",\"caption\":\"Reda\u00e7\u00e3o\"},\"sameAs\":[\"https:\/\/noticiaempauta.com\/portal\/\"],\"url\":\"https:\/\/noticiaempauta.com\/portal\/author\/fernando\/\"}]}<\/script>\n<!-- \/ Yoast SEO Premium plugin. -->","yoast_head_json":{"title":"Conven\u00e7\u00e3o homologa as candidaturas de Gil Paraibano e Raniery Lima para prefeito e vice-prefeito de Picos - Portal Not\u00edcia em Pauta","robots":{"index":"index","follow":"follow","max-snippet":"max-snippet:-1","max-image-preview":"max-image-preview:large","max-video-preview":"max-video-preview:-1"},"canonical":"https:\/\/noticiaempauta.com\/portal\/convencao-homologa-as-candidaturas-de-gil-paraibano-e-raniery-lima-para-prefeito-e-vice-prefeito-de-picos\/","og_locale":"pt_BR","og_type":"article","og_title":"Conven\u00e7\u00e3o homologa as candidaturas de Gil Paraibano e Raniery Lima para prefeito e vice-prefeito de Picos","og_description":"O Partido Progressistas (PP) homologou na noite desta sexta-feira (02), em conven\u00e7\u00e3o partid\u00e1ria realizada no Picoense Clube os nomes de Gil Paraibano como candidato a prefeito e Raniery Lima como candidato a vice-prefeito. Al\u00e9m dos candidatos da chapa majorit\u00e1ria, a sigla tamb\u00e9m homologou os candidatos a vereador, assim tamb\u00e9m como o\u00a0Partido Liberal (PL), que homologou [&hellip;]","og_url":"https:\/\/noticiaempauta.com\/portal\/convencao-homologa-as-candidaturas-de-gil-paraibano-e-raniery-lima-para-prefeito-e-vice-prefeito-de-picos\/","og_site_name":"Portal Not\u00edcia em Pauta","article_publisher":"https:\/\/www.facebook.com\/Portal-Notcia-Em-Pauta-102292869264820\/","article_published_time":"2024-08-04T14:07:29+00:00","article_modified_time":"2024-08-04T14:07:30+00:00","og_image":[{"width":2560,"height":1755,"url":"https:\/\/noticiaempauta.com\/portal\/wp-content\/uploads\/2024\/08\/PN-IMG-5fbe0e9bee41d7bc60f30-scaled.jpg","type":"image\/jpeg"}],"author":"Reda\u00e7\u00e3o","twitter_card":"summary_large_image","twitter_misc":{"Escrito por":"Reda\u00e7\u00e3o","Est. tempo de leitura":"3 minutos"},"schema":{"@context":"https:\/\/schema.org","@graph":[{"@type":"Article","@id":"https:\/\/noticiaempauta.com\/portal\/convencao-homologa-as-candidaturas-de-gil-paraibano-e-raniery-lima-para-prefeito-e-vice-prefeito-de-picos\/#article","isPartOf":{"@id":"https:\/\/noticiaempauta.com\/portal\/convencao-homologa-as-candidaturas-de-gil-paraibano-e-raniery-lima-para-prefeito-e-vice-prefeito-de-picos\/"},"author":{"name":"Reda\u00e7\u00e3o","@id":"https:\/\/noticiaempauta.com\/portal\/#\/schema\/person\/a74af43dd1ab3deca45f988c717d57ac"},"headline":"Conven\u00e7\u00e3o homologa as candidaturas de Gil Paraibano e Raniery Lima para prefeito e vice-prefeito de Picos","datePublished":"2024-08-04T14:07:29+00:00","dateModified":"2024-08-04T14:07:30+00:00","mainEntityOfPage":{"@id":"https:\/\/noticiaempauta.com\/portal\/convencao-homologa-as-candidaturas-de-gil-paraibano-e-raniery-lima-para-prefeito-e-vice-prefeito-de-picos\/"},"wordCount":325,"commentCount":0,"publisher":{"@id":"https:\/\/noticiaempauta.com\/portal\/#organization"},"image":{"@id":"https:\/\/noticiaempauta.com\/portal\/convencao-homologa-as-candidaturas-de-gil-paraibano-e-raniery-lima-para-prefeito-e-vice-prefeito-de-picos\/#primaryimage"},"thumbnailUrl":"https:\/\/noticiaempauta.com\/portal\/wp-content\/uploads\/2024\/08\/PN-IMG-5fbe0e9bee41d7bc60f30-scaled.jpg","articleSection":["Geral","Munic\u00edpios","Pol\u00edtica","Todas as Not\u00edcias"],"inLanguage":"pt-BR","potentialAction":[{"@type":"CommentAction","name":"Comment","target":["https:\/\/noticiaempauta.com\/portal\/convencao-homologa-as-candidaturas-de-gil-paraibano-e-raniery-lima-para-prefeito-e-vice-prefeito-de-picos\/#respond"]}]},{"@type":"WebPage","@id":"https:\/\/noticiaempauta.com\/portal\/convencao-homologa-as-candidaturas-de-gil-paraibano-e-raniery-lima-para-prefeito-e-vice-prefeito-de-picos\/","url":"https:\/\/noticiaempauta.com\/portal\/convencao-homologa-as-candidaturas-de-gil-paraibano-e-raniery-lima-para-prefeito-e-vice-prefeito-de-picos\/","name":"Conven\u00e7\u00e3o homologa as candidaturas de Gil Paraibano e Raniery Lima para prefeito e vice-prefeito de Picos - Portal Not\u00edcia em Pauta","isPartOf":{"@id":"https:\/\/noticiaempauta.com\/portal\/#website"},"primaryImageOfPage":{"@id":"https:\/\/noticiaempauta.com\/portal\/convencao-homologa-as-candidaturas-de-gil-paraibano-e-raniery-lima-para-prefeito-e-vice-prefeito-de-picos\/#primaryimage"},"image":{"@id":"https:\/\/noticiaempauta.com\/portal\/convencao-homologa-as-candidaturas-de-gil-paraibano-e-raniery-lima-para-prefeito-e-vice-prefeito-de-picos\/#primaryimage"},"thumbnailUrl":"https:\/\/noticiaempauta.com\/portal\/wp-content\/uploads\/2024\/08\/PN-IMG-5fbe0e9bee41d7bc60f30-scaled.jpg","datePublished":"2024-08-04T14:07:29+00:00","dateModified":"2024-08-04T14:07:30+00:00","breadcrumb":{"@id":"https:\/\/noticiaempauta.com\/portal\/convencao-homologa-as-candidaturas-de-gil-paraibano-e-raniery-lima-para-prefeito-e-vice-prefeito-de-picos\/#breadcrumb"},"inLanguage":"pt-BR","potentialAction":[{"@type":"ReadAction","target":["https:\/\/noticiaempauta.com\/portal\/convencao-homologa-as-candidaturas-de-gil-paraibano-e-raniery-lima-para-prefeito-e-vice-prefeito-de-picos\/"]}]},{"@type":"ImageObject","inLanguage":"pt-BR","@id":"https:\/\/noticiaempauta.com\/portal\/convencao-homologa-as-candidaturas-de-gil-paraibano-e-raniery-lima-para-prefeito-e-vice-prefeito-de-picos\/#primaryimage","url":"https:\/\/noticiaempauta.com\/portal\/wp-content\/uploads\/2024\/08\/PN-IMG-5fbe0e9bee41d7bc60f30-scaled.jpg","contentUrl":"https:\/\/noticiaempauta.com\/portal\/wp-content\/uploads\/2024\/08\/PN-IMG-5fbe0e9bee41d7bc60f30-scaled.jpg","width":2560,"height":1755},{"@type":"BreadcrumbList","@id":"https:\/\/noticiaempauta.com\/portal\/convencao-homologa-as-candidaturas-de-gil-paraibano-e-raniery-lima-para-prefeito-e-vice-prefeito-de-picos\/#breadcrumb","itemListElement":[{"@type":"ListItem","position":1,"name":"P\u00e1gina Inicial","item":"https:\/\/noticiaempauta.com\/portal\/"},{"@type":"ListItem","position":2,"name":"Geral","item":"https:\/\/noticiaempauta.com\/portal\/geral\/"},{"@type":"ListItem","position":3,"name":"Conven\u00e7\u00e3o homologa as candidaturas de Gil Paraibano e Raniery Lima para prefeito e vice-prefeito de Picos"}]},{"@type":"WebSite","@id":"https:\/\/noticiaempauta.com\/portal\/#website","url":"https:\/\/noticiaempauta.com\/portal\/","name":"Portal Not\u00edcia em Pauta","description":"Voc\u00ea bem informado","publisher":{"@id":"https:\/\/noticiaempauta.com\/portal\/#organization"},"potentialAction":[{"@type":"SearchAction","target":{"@type":"EntryPoint","urlTemplate":"https:\/\/noticiaempauta.com\/portal\/?s={search_term_string}"},"query-input":{"@type":"PropertyValueSpecification","valueRequired":true,"valueName":"search_term_string"}}],"inLanguage":"pt-BR"},{"@type":"Organization","@id":"https:\/\/noticiaempauta.com\/portal\/#organization","name":"Portal Not\u00edcia em Pauta","url":"https:\/\/noticiaempauta.com\/portal\/","logo":{"@type":"ImageObject","inLanguage":"pt-BR","@id":"https:\/\/noticiaempauta.com\/portal\/#\/schema\/logo\/image\/","url":"https:\/\/noticiaempauta.com\/portal\/wp-content\/uploads\/2022\/08\/logomarca_tema.fw_.png","contentUrl":"https:\/\/noticiaempauta.com\/portal\/wp-content\/uploads\/2022\/08\/logomarca_tema.fw_.png","width":400,"height":232,"caption":"Portal Not\u00edcia em Pauta"},"image":{"@id":"https:\/\/noticiaempauta.com\/portal\/#\/schema\/logo\/image\/"},"sameAs":["https:\/\/www.facebook.com\/Portal-Notcia-Em-Pauta-102292869264820\/","https:\/\/www.instagram.com\/portalnoticiaempauta\/"]},{"@type":"Person","@id":"https:\/\/noticiaempauta.com\/portal\/#\/schema\/person\/a74af43dd1ab3deca45f988c717d57ac","name":"Reda\u00e7\u00e3o","image":{"@type":"ImageObject","inLanguage":"pt-BR","@id":"https:\/\/noticiaempauta.com\/portal\/#\/schema\/person\/image\/","url":"https:\/\/secure.gravatar.com\/avatar\/03179346ecce6cdfc13361603e8f54242a90e5cde8618fa23c5c00aa2b0aadf3?s=96&d=mm&r=g","contentUrl":"https:\/\/secure.gravatar.com\/avatar\/03179346ecce6cdfc13361603e8f54242a90e5cde8618fa23c5c00aa2b0aadf3?s=96&d=mm&r=g","caption":"Reda\u00e7\u00e3o"},"sameAs":["https:\/\/noticiaempauta.com\/portal\/"],"url":"https:\/\/noticiaempauta.com\/portal\/author\/fernando\/"}]}},"_links":{"self":[{"href":"https:\/\/noticiaempauta.com\/portal\/wp-json\/wp\/v2\/posts\/260979","targetHints":{"allow":["GET"]}}],"collection":[{"href":"https:\/\/noticiaempauta.com\/portal\/wp-json\/wp\/v2\/posts"}],"about":[{"href":"https:\/\/noticiaempauta.com\/portal\/wp-json\/wp\/v2\/types\/post"}],"author":[{"embeddable":true,"href":"https:\/\/noticiaempauta.com\/portal\/wp-json\/wp\/v2\/users\/2"}],"replies":[{"embeddable":true,"href":"https:\/\/noticiaempauta.com\/portal\/wp-json\/wp\/v2\/comments?post=260979"}],"version-history":[{"count":1,"href":"https:\/\/noticiaempauta.com\/portal\/wp-json\/wp\/v2\/posts\/260979\/revisions"}],"predecessor-version":[{"id":260984,"href":"https:\/\/noticiaempauta.com\/portal\/wp-json\/wp\/v2\/posts\/260979\/revisions\/260984"}],"wp:featuredmedia":[{"embeddable":true,"href":"https:\/\/noticiaempauta.com\/portal\/wp-json\/wp\/v2\/media\/260980"}],"wp:attachment":[{"href":"https:\/\/noticiaempauta.com\/portal\/wp-json\/wp\/v2\/media?parent=260979"}],"wp:term":[{"taxonomy":"category","embeddable":true,"href":"https:\/\/noticiaempauta.com\/portal\/wp-json\/wp\/v2\/categories?post=260979"},{"taxonomy":"post_tag","embeddable":true,"href":"https:\/\/noticiaempauta.com\/portal\/wp-json\/wp\/v2\/tags?post=260979"}],"curies":[{"name":"wp","href":"https:\/\/api.w.org\/{rel}","templated":true}]}}