{"id":260999,"date":"2024-08-05T10:16:39","date_gmt":"2024-08-05T13:16:39","guid":{"rendered":"https:\/\/noticiaempauta.com\/portal\/?p=260999"},"modified":"2024-08-05T10:25:45","modified_gmt":"2024-08-05T13:25:45","slug":"homem-tenta-matar-desafeto-com-golpes-de-facao-durante-briga-em-jaicos","status":"publish","type":"post","link":"https:\/\/noticiaempauta.com\/portal\/homem-tenta-matar-desafeto-com-golpes-de-facao-durante-briga-em-jaicos\/","title":{"rendered":"Homem tenta matar desafeto com golpes de fac\u00e3o durante briga em Jaic\u00f3s"},"content":{"rendered":"\n<p>Um caso de tentativa de homic\u00eddio foi registrado no munic\u00edpio de Jaic\u00f3s durante a madrugada desta segunda-feira (05), por volta das 02h:30min, no bairro Nossa Senhora das Merc\u00eas, as margens da BR 407.<\/p>\n\n\n\n<p>De acordo com o tenente Ten\u00f3rio, comandante da 3\u00aa CIA de Jaic\u00f3s, a guarni\u00e7\u00e3o de servi\u00e7o foi acionada, via Copom, sobre uma briga por ci\u00fames que terminou com um homem esfaqueado.<\/p>\n\n\n\n<p>Ao chegar no local, a equipe encontrou a v\u00edtima, J. D. B. V., no ch\u00e3o coberta de sangue, com aproximadamente cinco perfura\u00e7\u00f5es feitas com arma branca, um fac\u00e3o.<\/p>\n\n\n\n<figure class=\"wp-block-image size-large\"><img fetchpriority=\"high\" decoding=\"async\" width=\"1024\" height=\"472\" src=\"https:\/\/noticiaempauta.com\/portal\/wp-content\/uploads\/2024\/08\/WhatsApp-Image-2024-08-05-at-08.25.22-1024x472.jpeg\" alt=\"\" class=\"wp-image-261001\" srcset=\"https:\/\/noticiaempauta.com\/portal\/wp-content\/uploads\/2024\/08\/WhatsApp-Image-2024-08-05-at-08.25.22-1024x472.jpeg 1024w, https:\/\/noticiaempauta.com\/portal\/wp-content\/uploads\/2024\/08\/WhatsApp-Image-2024-08-05-at-08.25.22-300x138.jpeg 300w, https:\/\/noticiaempauta.com\/portal\/wp-content\/uploads\/2024\/08\/WhatsApp-Image-2024-08-05-at-08.25.22-768x354.jpeg 768w, https:\/\/noticiaempauta.com\/portal\/wp-content\/uploads\/2024\/08\/WhatsApp-Image-2024-08-05-at-08.25.22.jpeg 1465w\" sizes=\"(max-width: 1024px) 100vw, 1024px\" \/><\/figure>\n\n\n\n<p>A guarnia\u00e7\u00e3o acionou o SAMU para socorrer a v\u00edtima e iniciou as dilig\u00eancias para localizar o suspeito. \u201cDepois de algumas informa\u00e7\u00f5es e muitas buscas, a guarni\u00e7\u00e3o avistou o suspeito correndo em dire\u00e7\u00e3o a um matagal. Imediatamente a GU desembarcou da viatura e adentrou no mato, fazendo o cerco e encontrando o suspeito com seu filho\u201d.<\/p>\n\n\n\n<figure class=\"wp-block-image size-large\"><img decoding=\"async\" width=\"1024\" height=\"485\" src=\"https:\/\/noticiaempauta.com\/portal\/wp-content\/uploads\/2024\/08\/WhatsApp-Image-2024-08-05-at-08.25.22-1-1024x485.jpeg\" alt=\"\" class=\"wp-image-261000\" srcset=\"https:\/\/noticiaempauta.com\/portal\/wp-content\/uploads\/2024\/08\/WhatsApp-Image-2024-08-05-at-08.25.22-1-1024x485.jpeg 1024w, https:\/\/noticiaempauta.com\/portal\/wp-content\/uploads\/2024\/08\/WhatsApp-Image-2024-08-05-at-08.25.22-1-300x142.jpeg 300w, https:\/\/noticiaempauta.com\/portal\/wp-content\/uploads\/2024\/08\/WhatsApp-Image-2024-08-05-at-08.25.22-1-768x364.jpeg 768w, https:\/\/noticiaempauta.com\/portal\/wp-content\/uploads\/2024\/08\/WhatsApp-Image-2024-08-05-at-08.25.22-1.jpeg 1280w\" sizes=\"(max-width: 1024px) 100vw, 1024px\" \/><\/figure>\n\n\n\n<p>O homem foi identificado pelas iniciais F. D. C. S. Ele recebeu voz de pris\u00e3o e foi conduzido at\u00e9 a 13\u00aa Delegacia Regional de Pol\u00edcia Civil de Jaic\u00f3s para os procedimentos cab\u00edveis.<\/p>\n\n\n\n<p>Ainda segundo o comandante, a v\u00edtima, ap\u00f3s ser atendida no Hospital Florisa Silva, precisou ser encaminhada para o hospital Regional de Picos devido a gravidade dos ferimentos.<\/p>\n\n\n\n<p><strong><em>Fonte: CidadesnaNet<\/em><\/strong><\/p>\n","protected":false},"excerpt":{"rendered":"<p>Um caso de tentativa de homic\u00eddio foi registrado no munic\u00edpio de Jaic\u00f3s durante a madrugada desta segunda-feira (05), por volta das 02h:30min, no bairro Nossa Senhora das Merc\u00eas, as margens da BR 407. De acordo com o tenente Ten\u00f3rio, comandante da 3\u00aa CIA de Jaic\u00f3s, a guarni\u00e7\u00e3o de servi\u00e7o foi acionada, via Copom, sobre uma [&hellip;]<\/p>\n","protected":false},"author":2,"featured_media":261000,"comment_status":"open","ping_status":"open","sticky":false,"template":"","format":"standard","meta":{"_mi_skip_tracking":false,"footnotes":""},"categories":[25,1,9,137,16],"tags":[192],"class_list":["post-260999","post","type-post","status-publish","format-standard","has-post-thumbnail","hentry","category-destaques-site","category-geral","category-municipios","category-policia","category-todas","tag-destaqueprincipal"],"acf":[],"yoast_head":"<!-- This site is optimized with the Yoast SEO Premium plugin v19.2 (Yoast SEO v26.9) - https:\/\/yoast.com\/product\/yoast-seo-premium-wordpress\/ -->\n<title>Homem tenta matar desafeto com golpes de fac\u00e3o durante briga em Jaic\u00f3s - Portal Not\u00edcia em Pauta<\/title>\n<meta name=\"robots\" content=\"index, follow, max-snippet:-1, max-image-preview:large, max-video-preview:-1\" \/>\n<link rel=\"canonical\" href=\"https:\/\/noticiaempauta.com\/portal\/homem-tenta-matar-desafeto-com-golpes-de-facao-durante-briga-em-jaicos\/\" \/>\n<meta property=\"og:locale\" content=\"pt_BR\" \/>\n<meta property=\"og:type\" content=\"article\" \/>\n<meta property=\"og:title\" content=\"Homem tenta matar desafeto com golpes de fac\u00e3o durante briga em Jaic\u00f3s\" \/>\n<meta property=\"og:description\" content=\"Um caso de tentativa de homic\u00eddio foi registrado no munic\u00edpio de Jaic\u00f3s durante a madrugada desta segunda-feira (05), por volta das 02h:30min, no bairro Nossa Senhora das Merc\u00eas, as margens da BR 407. De acordo com o tenente Ten\u00f3rio, comandante da 3\u00aa CIA de Jaic\u00f3s, a guarni\u00e7\u00e3o de servi\u00e7o foi acionada, via Copom, sobre uma [&hellip;]\" \/>\n<meta property=\"og:url\" content=\"https:\/\/noticiaempauta.com\/portal\/homem-tenta-matar-desafeto-com-golpes-de-facao-durante-briga-em-jaicos\/\" \/>\n<meta property=\"og:site_name\" content=\"Portal Not\u00edcia em Pauta\" \/>\n<meta property=\"article:publisher\" content=\"https:\/\/www.facebook.com\/Portal-Notcia-Em-Pauta-102292869264820\/\" \/>\n<meta property=\"article:published_time\" content=\"2024-08-05T13:16:39+00:00\" \/>\n<meta property=\"article:modified_time\" content=\"2024-08-05T13:25:45+00:00\" \/>\n<meta property=\"og:image\" content=\"https:\/\/noticiaempauta.com\/portal\/wp-content\/uploads\/2024\/08\/WhatsApp-Image-2024-08-05-at-08.25.22-1.jpeg\" \/>\n\t<meta property=\"og:image:width\" content=\"1280\" \/>\n\t<meta property=\"og:image:height\" content=\"606\" \/>\n\t<meta property=\"og:image:type\" content=\"image\/jpeg\" \/>\n<meta name=\"author\" content=\"Reda\u00e7\u00e3o\" \/>\n<meta name=\"twitter:card\" content=\"summary_large_image\" \/>\n<meta name=\"twitter:label1\" content=\"Escrito por\" \/>\n\t<meta name=\"twitter:data1\" content=\"Reda\u00e7\u00e3o\" \/>\n\t<meta name=\"twitter:label2\" content=\"Est. tempo de leitura\" \/>\n\t<meta name=\"twitter:data2\" content=\"2 minutos\" \/>\n<script type=\"application\/ld+json\" class=\"yoast-schema-graph\">{\"@context\":\"https:\/\/schema.org\",\"@graph\":[{\"@type\":\"Article\",\"@id\":\"https:\/\/noticiaempauta.com\/portal\/homem-tenta-matar-desafeto-com-golpes-de-facao-durante-briga-em-jaicos\/#article\",\"isPartOf\":{\"@id\":\"https:\/\/noticiaempauta.com\/portal\/homem-tenta-matar-desafeto-com-golpes-de-facao-durante-briga-em-jaicos\/\"},\"author\":{\"name\":\"Reda\u00e7\u00e3o\",\"@id\":\"https:\/\/noticiaempauta.com\/portal\/#\/schema\/person\/a74af43dd1ab3deca45f988c717d57ac\"},\"headline\":\"Homem tenta matar desafeto com golpes de fac\u00e3o durante briga em Jaic\u00f3s\",\"datePublished\":\"2024-08-05T13:16:39+00:00\",\"dateModified\":\"2024-08-05T13:25:45+00:00\",\"mainEntityOfPage\":{\"@id\":\"https:\/\/noticiaempauta.com\/portal\/homem-tenta-matar-desafeto-com-golpes-de-facao-durante-briga-em-jaicos\/\"},\"wordCount\":244,\"commentCount\":0,\"publisher\":{\"@id\":\"https:\/\/noticiaempauta.com\/portal\/#organization\"},\"image\":{\"@id\":\"https:\/\/noticiaempauta.com\/portal\/homem-tenta-matar-desafeto-com-golpes-de-facao-durante-briga-em-jaicos\/#primaryimage\"},\"thumbnailUrl\":\"https:\/\/noticiaempauta.com\/portal\/wp-content\/uploads\/2024\/08\/WhatsApp-Image-2024-08-05-at-08.25.22-1.jpeg\",\"keywords\":[\"destaqueprincipal\"],\"articleSection\":[\"Destaques\",\"Geral\",\"Munic\u00edpios\",\"Pol\u00edcia\",\"Todas as Not\u00edcias\"],\"inLanguage\":\"pt-BR\",\"potentialAction\":[{\"@type\":\"CommentAction\",\"name\":\"Comment\",\"target\":[\"https:\/\/noticiaempauta.com\/portal\/homem-tenta-matar-desafeto-com-golpes-de-facao-durante-briga-em-jaicos\/#respond\"]}]},{\"@type\":\"WebPage\",\"@id\":\"https:\/\/noticiaempauta.com\/portal\/homem-tenta-matar-desafeto-com-golpes-de-facao-durante-briga-em-jaicos\/\",\"url\":\"https:\/\/noticiaempauta.com\/portal\/homem-tenta-matar-desafeto-com-golpes-de-facao-durante-briga-em-jaicos\/\",\"name\":\"Homem tenta matar desafeto com golpes de fac\u00e3o durante briga em Jaic\u00f3s - Portal Not\u00edcia em Pauta\",\"isPartOf\":{\"@id\":\"https:\/\/noticiaempauta.com\/portal\/#website\"},\"primaryImageOfPage\":{\"@id\":\"https:\/\/noticiaempauta.com\/portal\/homem-tenta-matar-desafeto-com-golpes-de-facao-durante-briga-em-jaicos\/#primaryimage\"},\"image\":{\"@id\":\"https:\/\/noticiaempauta.com\/portal\/homem-tenta-matar-desafeto-com-golpes-de-facao-durante-briga-em-jaicos\/#primaryimage\"},\"thumbnailUrl\":\"https:\/\/noticiaempauta.com\/portal\/wp-content\/uploads\/2024\/08\/WhatsApp-Image-2024-08-05-at-08.25.22-1.jpeg\",\"datePublished\":\"2024-08-05T13:16:39+00:00\",\"dateModified\":\"2024-08-05T13:25:45+00:00\",\"breadcrumb\":{\"@id\":\"https:\/\/noticiaempauta.com\/portal\/homem-tenta-matar-desafeto-com-golpes-de-facao-durante-briga-em-jaicos\/#breadcrumb\"},\"inLanguage\":\"pt-BR\",\"potentialAction\":[{\"@type\":\"ReadAction\",\"target\":[\"https:\/\/noticiaempauta.com\/portal\/homem-tenta-matar-desafeto-com-golpes-de-facao-durante-briga-em-jaicos\/\"]}]},{\"@type\":\"ImageObject\",\"inLanguage\":\"pt-BR\",\"@id\":\"https:\/\/noticiaempauta.com\/portal\/homem-tenta-matar-desafeto-com-golpes-de-facao-durante-briga-em-jaicos\/#primaryimage\",\"url\":\"https:\/\/noticiaempauta.com\/portal\/wp-content\/uploads\/2024\/08\/WhatsApp-Image-2024-08-05-at-08.25.22-1.jpeg\",\"contentUrl\":\"https:\/\/noticiaempauta.com\/portal\/wp-content\/uploads\/2024\/08\/WhatsApp-Image-2024-08-05-at-08.25.22-1.jpeg\",\"width\":1280,\"height\":606},{\"@type\":\"BreadcrumbList\",\"@id\":\"https:\/\/noticiaempauta.com\/portal\/homem-tenta-matar-desafeto-com-golpes-de-facao-durante-briga-em-jaicos\/#breadcrumb\",\"itemListElement\":[{\"@type\":\"ListItem\",\"position\":1,\"name\":\"P\u00e1gina Inicial\",\"item\":\"https:\/\/noticiaempauta.com\/portal\/\"},{\"@type\":\"ListItem\",\"position\":2,\"name\":\"Destaques\",\"item\":\"https:\/\/noticiaempauta.com\/portal\/destaques-site\/\"},{\"@type\":\"ListItem\",\"position\":3,\"name\":\"Homem tenta matar desafeto com golpes de fac\u00e3o durante briga em Jaic\u00f3s\"}]},{\"@type\":\"WebSite\",\"@id\":\"https:\/\/noticiaempauta.com\/portal\/#website\",\"url\":\"https:\/\/noticiaempauta.com\/portal\/\",\"name\":\"Portal Not\u00edcia em Pauta\",\"description\":\"Voc\u00ea bem informado\",\"publisher\":{\"@id\":\"https:\/\/noticiaempauta.com\/portal\/#organization\"},\"potentialAction\":[{\"@type\":\"SearchAction\",\"target\":{\"@type\":\"EntryPoint\",\"urlTemplate\":\"https:\/\/noticiaempauta.com\/portal\/?s={search_term_string}\"},\"query-input\":{\"@type\":\"PropertyValueSpecification\",\"valueRequired\":true,\"valueName\":\"search_term_string\"}}],\"inLanguage\":\"pt-BR\"},{\"@type\":\"Organization\",\"@id\":\"https:\/\/noticiaempauta.com\/portal\/#organization\",\"name\":\"Portal Not\u00edcia em Pauta\",\"url\":\"https:\/\/noticiaempauta.com\/portal\/\",\"logo\":{\"@type\":\"ImageObject\",\"inLanguage\":\"pt-BR\",\"@id\":\"https:\/\/noticiaempauta.com\/portal\/#\/schema\/logo\/image\/\",\"url\":\"https:\/\/noticiaempauta.com\/portal\/wp-content\/uploads\/2022\/08\/logomarca_tema.fw_.png\",\"contentUrl\":\"https:\/\/noticiaempauta.com\/portal\/wp-content\/uploads\/2022\/08\/logomarca_tema.fw_.png\",\"width\":400,\"height\":232,\"caption\":\"Portal Not\u00edcia em Pauta\"},\"image\":{\"@id\":\"https:\/\/noticiaempauta.com\/portal\/#\/schema\/logo\/image\/\"},\"sameAs\":[\"https:\/\/www.facebook.com\/Portal-Notcia-Em-Pauta-102292869264820\/\",\"https:\/\/www.instagram.com\/portalnoticiaempauta\/\"]},{\"@type\":\"Person\",\"@id\":\"https:\/\/noticiaempauta.com\/portal\/#\/schema\/person\/a74af43dd1ab3deca45f988c717d57ac\",\"name\":\"Reda\u00e7\u00e3o\",\"image\":{\"@type\":\"ImageObject\",\"inLanguage\":\"pt-BR\",\"@id\":\"https:\/\/noticiaempauta.com\/portal\/#\/schema\/person\/image\/\",\"url\":\"https:\/\/secure.gravatar.com\/avatar\/03179346ecce6cdfc13361603e8f54242a90e5cde8618fa23c5c00aa2b0aadf3?s=96&d=mm&r=g\",\"contentUrl\":\"https:\/\/secure.gravatar.com\/avatar\/03179346ecce6cdfc13361603e8f54242a90e5cde8618fa23c5c00aa2b0aadf3?s=96&d=mm&r=g\",\"caption\":\"Reda\u00e7\u00e3o\"},\"sameAs\":[\"https:\/\/noticiaempauta.com\/portal\/\"],\"url\":\"https:\/\/noticiaempauta.com\/portal\/author\/fernando\/\"}]}<\/script>\n<!-- \/ Yoast SEO Premium plugin. -->","yoast_head_json":{"title":"Homem tenta matar desafeto com golpes de fac\u00e3o durante briga em Jaic\u00f3s - Portal Not\u00edcia em Pauta","robots":{"index":"index","follow":"follow","max-snippet":"max-snippet:-1","max-image-preview":"max-image-preview:large","max-video-preview":"max-video-preview:-1"},"canonical":"https:\/\/noticiaempauta.com\/portal\/homem-tenta-matar-desafeto-com-golpes-de-facao-durante-briga-em-jaicos\/","og_locale":"pt_BR","og_type":"article","og_title":"Homem tenta matar desafeto com golpes de fac\u00e3o durante briga em Jaic\u00f3s","og_description":"Um caso de tentativa de homic\u00eddio foi registrado no munic\u00edpio de Jaic\u00f3s durante a madrugada desta segunda-feira (05), por volta das 02h:30min, no bairro Nossa Senhora das Merc\u00eas, as margens da BR 407. De acordo com o tenente Ten\u00f3rio, comandante da 3\u00aa CIA de Jaic\u00f3s, a guarni\u00e7\u00e3o de servi\u00e7o foi acionada, via Copom, sobre uma [&hellip;]","og_url":"https:\/\/noticiaempauta.com\/portal\/homem-tenta-matar-desafeto-com-golpes-de-facao-durante-briga-em-jaicos\/","og_site_name":"Portal Not\u00edcia em Pauta","article_publisher":"https:\/\/www.facebook.com\/Portal-Notcia-Em-Pauta-102292869264820\/","article_published_time":"2024-08-05T13:16:39+00:00","article_modified_time":"2024-08-05T13:25:45+00:00","og_image":[{"width":1280,"height":606,"url":"https:\/\/noticiaempauta.com\/portal\/wp-content\/uploads\/2024\/08\/WhatsApp-Image-2024-08-05-at-08.25.22-1.jpeg","type":"image\/jpeg"}],"author":"Reda\u00e7\u00e3o","twitter_card":"summary_large_image","twitter_misc":{"Escrito por":"Reda\u00e7\u00e3o","Est. tempo de leitura":"2 minutos"},"schema":{"@context":"https:\/\/schema.org","@graph":[{"@type":"Article","@id":"https:\/\/noticiaempauta.com\/portal\/homem-tenta-matar-desafeto-com-golpes-de-facao-durante-briga-em-jaicos\/#article","isPartOf":{"@id":"https:\/\/noticiaempauta.com\/portal\/homem-tenta-matar-desafeto-com-golpes-de-facao-durante-briga-em-jaicos\/"},"author":{"name":"Reda\u00e7\u00e3o","@id":"https:\/\/noticiaempauta.com\/portal\/#\/schema\/person\/a74af43dd1ab3deca45f988c717d57ac"},"headline":"Homem tenta matar desafeto com golpes de fac\u00e3o durante briga em Jaic\u00f3s","datePublished":"2024-08-05T13:16:39+00:00","dateModified":"2024-08-05T13:25:45+00:00","mainEntityOfPage":{"@id":"https:\/\/noticiaempauta.com\/portal\/homem-tenta-matar-desafeto-com-golpes-de-facao-durante-briga-em-jaicos\/"},"wordCount":244,"commentCount":0,"publisher":{"@id":"https:\/\/noticiaempauta.com\/portal\/#organization"},"image":{"@id":"https:\/\/noticiaempauta.com\/portal\/homem-tenta-matar-desafeto-com-golpes-de-facao-durante-briga-em-jaicos\/#primaryimage"},"thumbnailUrl":"https:\/\/noticiaempauta.com\/portal\/wp-content\/uploads\/2024\/08\/WhatsApp-Image-2024-08-05-at-08.25.22-1.jpeg","keywords":["destaqueprincipal"],"articleSection":["Destaques","Geral","Munic\u00edpios","Pol\u00edcia","Todas as Not\u00edcias"],"inLanguage":"pt-BR","potentialAction":[{"@type":"CommentAction","name":"Comment","target":["https:\/\/noticiaempauta.com\/portal\/homem-tenta-matar-desafeto-com-golpes-de-facao-durante-briga-em-jaicos\/#respond"]}]},{"@type":"WebPage","@id":"https:\/\/noticiaempauta.com\/portal\/homem-tenta-matar-desafeto-com-golpes-de-facao-durante-briga-em-jaicos\/","url":"https:\/\/noticiaempauta.com\/portal\/homem-tenta-matar-desafeto-com-golpes-de-facao-durante-briga-em-jaicos\/","name":"Homem tenta matar desafeto com golpes de fac\u00e3o durante briga em Jaic\u00f3s - Portal Not\u00edcia em Pauta","isPartOf":{"@id":"https:\/\/noticiaempauta.com\/portal\/#website"},"primaryImageOfPage":{"@id":"https:\/\/noticiaempauta.com\/portal\/homem-tenta-matar-desafeto-com-golpes-de-facao-durante-briga-em-jaicos\/#primaryimage"},"image":{"@id":"https:\/\/noticiaempauta.com\/portal\/homem-tenta-matar-desafeto-com-golpes-de-facao-durante-briga-em-jaicos\/#primaryimage"},"thumbnailUrl":"https:\/\/noticiaempauta.com\/portal\/wp-content\/uploads\/2024\/08\/WhatsApp-Image-2024-08-05-at-08.25.22-1.jpeg","datePublished":"2024-08-05T13:16:39+00:00","dateModified":"2024-08-05T13:25:45+00:00","breadcrumb":{"@id":"https:\/\/noticiaempauta.com\/portal\/homem-tenta-matar-desafeto-com-golpes-de-facao-durante-briga-em-jaicos\/#breadcrumb"},"inLanguage":"pt-BR","potentialAction":[{"@type":"ReadAction","target":["https:\/\/noticiaempauta.com\/portal\/homem-tenta-matar-desafeto-com-golpes-de-facao-durante-briga-em-jaicos\/"]}]},{"@type":"ImageObject","inLanguage":"pt-BR","@id":"https:\/\/noticiaempauta.com\/portal\/homem-tenta-matar-desafeto-com-golpes-de-facao-durante-briga-em-jaicos\/#primaryimage","url":"https:\/\/noticiaempauta.com\/portal\/wp-content\/uploads\/2024\/08\/WhatsApp-Image-2024-08-05-at-08.25.22-1.jpeg","contentUrl":"https:\/\/noticiaempauta.com\/portal\/wp-content\/uploads\/2024\/08\/WhatsApp-Image-2024-08-05-at-08.25.22-1.jpeg","width":1280,"height":606},{"@type":"BreadcrumbList","@id":"https:\/\/noticiaempauta.com\/portal\/homem-tenta-matar-desafeto-com-golpes-de-facao-durante-briga-em-jaicos\/#breadcrumb","itemListElement":[{"@type":"ListItem","position":1,"name":"P\u00e1gina Inicial","item":"https:\/\/noticiaempauta.com\/portal\/"},{"@type":"ListItem","position":2,"name":"Destaques","item":"https:\/\/noticiaempauta.com\/portal\/destaques-site\/"},{"@type":"ListItem","position":3,"name":"Homem tenta matar desafeto com golpes de fac\u00e3o durante briga em Jaic\u00f3s"}]},{"@type":"WebSite","@id":"https:\/\/noticiaempauta.com\/portal\/#website","url":"https:\/\/noticiaempauta.com\/portal\/","name":"Portal Not\u00edcia em Pauta","description":"Voc\u00ea bem informado","publisher":{"@id":"https:\/\/noticiaempauta.com\/portal\/#organization"},"potentialAction":[{"@type":"SearchAction","target":{"@type":"EntryPoint","urlTemplate":"https:\/\/noticiaempauta.com\/portal\/?s={search_term_string}"},"query-input":{"@type":"PropertyValueSpecification","valueRequired":true,"valueName":"search_term_string"}}],"inLanguage":"pt-BR"},{"@type":"Organization","@id":"https:\/\/noticiaempauta.com\/portal\/#organization","name":"Portal Not\u00edcia em Pauta","url":"https:\/\/noticiaempauta.com\/portal\/","logo":{"@type":"ImageObject","inLanguage":"pt-BR","@id":"https:\/\/noticiaempauta.com\/portal\/#\/schema\/logo\/image\/","url":"https:\/\/noticiaempauta.com\/portal\/wp-content\/uploads\/2022\/08\/logomarca_tema.fw_.png","contentUrl":"https:\/\/noticiaempauta.com\/portal\/wp-content\/uploads\/2022\/08\/logomarca_tema.fw_.png","width":400,"height":232,"caption":"Portal Not\u00edcia em Pauta"},"image":{"@id":"https:\/\/noticiaempauta.com\/portal\/#\/schema\/logo\/image\/"},"sameAs":["https:\/\/www.facebook.com\/Portal-Notcia-Em-Pauta-102292869264820\/","https:\/\/www.instagram.com\/portalnoticiaempauta\/"]},{"@type":"Person","@id":"https:\/\/noticiaempauta.com\/portal\/#\/schema\/person\/a74af43dd1ab3deca45f988c717d57ac","name":"Reda\u00e7\u00e3o","image":{"@type":"ImageObject","inLanguage":"pt-BR","@id":"https:\/\/noticiaempauta.com\/portal\/#\/schema\/person\/image\/","url":"https:\/\/secure.gravatar.com\/avatar\/03179346ecce6cdfc13361603e8f54242a90e5cde8618fa23c5c00aa2b0aadf3?s=96&d=mm&r=g","contentUrl":"https:\/\/secure.gravatar.com\/avatar\/03179346ecce6cdfc13361603e8f54242a90e5cde8618fa23c5c00aa2b0aadf3?s=96&d=mm&r=g","caption":"Reda\u00e7\u00e3o"},"sameAs":["https:\/\/noticiaempauta.com\/portal\/"],"url":"https:\/\/noticiaempauta.com\/portal\/author\/fernando\/"}]}},"_links":{"self":[{"href":"https:\/\/noticiaempauta.com\/portal\/wp-json\/wp\/v2\/posts\/260999","targetHints":{"allow":["GET"]}}],"collection":[{"href":"https:\/\/noticiaempauta.com\/portal\/wp-json\/wp\/v2\/posts"}],"about":[{"href":"https:\/\/noticiaempauta.com\/portal\/wp-json\/wp\/v2\/types\/post"}],"author":[{"embeddable":true,"href":"https:\/\/noticiaempauta.com\/portal\/wp-json\/wp\/v2\/users\/2"}],"replies":[{"embeddable":true,"href":"https:\/\/noticiaempauta.com\/portal\/wp-json\/wp\/v2\/comments?post=260999"}],"version-history":[{"count":2,"href":"https:\/\/noticiaempauta.com\/portal\/wp-json\/wp\/v2\/posts\/260999\/revisions"}],"predecessor-version":[{"id":261003,"href":"https:\/\/noticiaempauta.com\/portal\/wp-json\/wp\/v2\/posts\/260999\/revisions\/261003"}],"wp:featuredmedia":[{"embeddable":true,"href":"https:\/\/noticiaempauta.com\/portal\/wp-json\/wp\/v2\/media\/261000"}],"wp:attachment":[{"href":"https:\/\/noticiaempauta.com\/portal\/wp-json\/wp\/v2\/media?parent=260999"}],"wp:term":[{"taxonomy":"category","embeddable":true,"href":"https:\/\/noticiaempauta.com\/portal\/wp-json\/wp\/v2\/categories?post=260999"},{"taxonomy":"post_tag","embeddable":true,"href":"https:\/\/noticiaempauta.com\/portal\/wp-json\/wp\/v2\/tags?post=260999"}],"curies":[{"name":"wp","href":"https:\/\/api.w.org\/{rel}","templated":true}]}}