{"id":261178,"date":"2024-08-13T10:26:44","date_gmt":"2024-08-13T13:26:44","guid":{"rendered":"https:\/\/noticiaempauta.com\/portal\/?p=261178"},"modified":"2024-08-13T10:26:44","modified_gmt":"2024-08-13T13:26:44","slug":"piauiense-que-viralizou-praticando-salto-com-vara-ganha-apoio-do-governo-do-piaui","status":"publish","type":"post","link":"https:\/\/noticiaempauta.com\/portal\/piauiense-que-viralizou-praticando-salto-com-vara-ganha-apoio-do-governo-do-piaui\/","title":{"rendered":"Piauiense que viralizou praticando salto com vara ganha apoio do governo do Piau\u00ed"},"content":{"rendered":"\n<p>O governador Rafael Fonteles recebeu, na tarde desta segunda-feira (12), o atleta mirim Mois\u00e9s da Silva, de 13 anos, que repercutiu nas redes sociais improvisando equipamentos de salto com vara na cidade de Curralinhos. Durante a conversa, o governador garantiu apoio, atrav\u00e9s da Secretaria dos Esportes, com equipamentos para os treinos.<\/p>\n\n\n\n<figure class=\"wp-block-image size-full\"><img fetchpriority=\"high\" decoding=\"async\" width=\"1000\" height=\"666\" src=\"https:\/\/noticiaempauta.com\/portal\/wp-content\/uploads\/2024\/08\/large_Moises_da_Silva_5_JPEG_955a4b59d2.jpg\" alt=\"\" class=\"wp-image-261181\" srcset=\"https:\/\/noticiaempauta.com\/portal\/wp-content\/uploads\/2024\/08\/large_Moises_da_Silva_5_JPEG_955a4b59d2.jpg 1000w, https:\/\/noticiaempauta.com\/portal\/wp-content\/uploads\/2024\/08\/large_Moises_da_Silva_5_JPEG_955a4b59d2-300x200.jpg 300w, https:\/\/noticiaempauta.com\/portal\/wp-content\/uploads\/2024\/08\/large_Moises_da_Silva_5_JPEG_955a4b59d2-768x511.jpg 768w\" sizes=\"(max-width: 1000px) 100vw, 1000px\" \/><\/figure>\n\n\n\n<p>Rafael Fonteles assegurou apoio a Mois\u00e9s e \u00e0s outras crian\u00e7as que possam vir a se interessar pelo atletismo. Atrav\u00e9s da Secretaria dos Esportes, a cidade receber\u00e1 o equipamento completo de salto com vara, como os colch\u00f5es, as varas e o el\u00e1stico. \u201cO v\u00eddeo dele viralizou na internet e o Brasil todo est\u00e1 conhecendo a hist\u00f3ria dele, que faz salto com vara de forma improvisada. Vamos ajudar tanto o Mois\u00e9s, como o munic\u00edpio e o professor que est\u00e1 \u00e0 frente do projeto que incentiva as crian\u00e7as na pr\u00e1tica do atletismo, para que outras crian\u00e7as tamb\u00e9m possam treinar\u201d, declarou o chefe do Executivo Estadual.<\/p>\n\n\n\n<figure class=\"wp-block-image size-full\"><img decoding=\"async\" width=\"800\" height=\"490\" src=\"https:\/\/noticiaempauta.com\/portal\/wp-content\/uploads\/2024\/08\/99b121d662f3360c86f3814ac5bb.jpg\" alt=\"\" class=\"wp-image-261179\" srcset=\"https:\/\/noticiaempauta.com\/portal\/wp-content\/uploads\/2024\/08\/99b121d662f3360c86f3814ac5bb.jpg 800w, https:\/\/noticiaempauta.com\/portal\/wp-content\/uploads\/2024\/08\/99b121d662f3360c86f3814ac5bb-300x184.jpg 300w, https:\/\/noticiaempauta.com\/portal\/wp-content\/uploads\/2024\/08\/99b121d662f3360c86f3814ac5bb-768x470.jpg 768w\" sizes=\"(max-width: 800px) 100vw, 800px\" \/><\/figure>\n\n\n\n<p>A m\u00e3e de Mois\u00e9s, Antonia Gard\u00eania, ressaltou que o interesse pela modalidade surgiu por influ\u00eancia do professor Josimar Ven\u00e7\u00e3o, que ajuda com equipamentos improvisados. \u201cPrimeiro ele gostava de futebol.&nbsp;Como ele viu que n\u00e3o ia dar muito certo, come\u00e7ou o salto com vara\u201d, comentou a m\u00e3e, que diz incentivar a pr\u00e1tica do esporte mas sempre cobra boas notas na escola.<\/p>\n\n\n\n<figure class=\"wp-block-image size-full\"><img decoding=\"async\" width=\"1024\" height=\"682\" src=\"https:\/\/noticiaempauta.com\/portal\/wp-content\/uploads\/2024\/08\/Moises_da_Silva_10_JPEG_4efd4cd48c-1024x682-1.jpg\" alt=\"\" class=\"wp-image-261180\" srcset=\"https:\/\/noticiaempauta.com\/portal\/wp-content\/uploads\/2024\/08\/Moises_da_Silva_10_JPEG_4efd4cd48c-1024x682-1.jpg 1024w, https:\/\/noticiaempauta.com\/portal\/wp-content\/uploads\/2024\/08\/Moises_da_Silva_10_JPEG_4efd4cd48c-1024x682-1-300x200.jpg 300w, https:\/\/noticiaempauta.com\/portal\/wp-content\/uploads\/2024\/08\/Moises_da_Silva_10_JPEG_4efd4cd48c-1024x682-1-768x512.jpg 768w\" sizes=\"(max-width: 1024px) 100vw, 1024px\" \/><\/figure>\n\n\n\n<p>O treinador Josimar Ven\u00e7\u00e3o, conhecido em Curralinhos como Jorginho, contou que Mois\u00e9s tem um talento natural e agora, com os equipamentos adequados, pode se tornar uma promessa para o atletismo brasileiro. \u201cO que me chamou a aten\u00e7\u00e3o no Mois\u00e9s foi o dinamismo, sempre querendo saber das coisas e experimentando. Ele tem tudo para dar certo, e agora vai ter um local adequado para treinar, sem risco de les\u00e3o, e com certeza ele ser\u00e1 incentivo para que outros jovens pratiquem o atletismo\u201d, comemorou o professor.<\/p>\n\n\n\n<p>A secret\u00e1ria de Estado dos Esportes, Josiene Campelo, reiterou o apoio para Mois\u00e9s e outros atletas em Curralinhos. \u201cO Mois\u00e9s ter\u00e1 total apoio do Governo do Estado com in\u00fameros incentivos dispon\u00edveis na Secretaria dos Esportes, tanto na parte de infraestrutura, como equipamento e todo o projeto esportivo que est\u00e1 sendo desenvolvido no munic\u00edpio\u201d, defendeu.<\/p>\n\n\n\n<p>Mois\u00e9s j\u00e1 \u00e9 medalhista dos Jogos Escolares do Piau\u00ed, o JEPIs, onde conquistou a medalha de ouro no salto com vara. Agora, ele est\u00e1 classificado para disputar os Jogos Escolares Brasileiro, o JEBs, que vai acontecer em Recife. A competi\u00e7\u00e3o ser\u00e1 realizada no per\u00edodo de 20 de setembro a 03 de outubro.<\/p>\n\n\n\n<p><strong><em>CCOM-PI<\/em><\/strong><\/p>\n","protected":false},"excerpt":{"rendered":"<p>O governador Rafael Fonteles recebeu, na tarde desta segunda-feira (12), o atleta mirim Mois\u00e9s da Silva, de 13 anos, que repercutiu nas redes sociais improvisando equipamentos de salto com vara na cidade de Curralinhos. Durante a conversa, o governador garantiu apoio, atrav\u00e9s da Secretaria dos Esportes, com equipamentos para os treinos. Rafael Fonteles assegurou apoio [&hellip;]<\/p>\n","protected":false},"author":2,"featured_media":261179,"comment_status":"open","ping_status":"open","sticky":false,"template":"","format":"standard","meta":{"_mi_skip_tracking":false,"footnotes":""},"categories":[25,26,1,9,16],"tags":[192],"class_list":["post-261178","post","type-post","status-publish","format-standard","has-post-thumbnail","hentry","category-destaques-site","category-esporte","category-geral","category-municipios","category-todas","tag-destaqueprincipal"],"acf":[],"yoast_head":"<!-- This site is optimized with the Yoast SEO Premium plugin v19.2 (Yoast SEO v26.9) - https:\/\/yoast.com\/product\/yoast-seo-premium-wordpress\/ -->\n<title>Piauiense que viralizou praticando salto com vara ganha apoio do governo do Piau\u00ed - Portal Not\u00edcia em Pauta<\/title>\n<meta name=\"robots\" content=\"index, follow, max-snippet:-1, max-image-preview:large, max-video-preview:-1\" \/>\n<link rel=\"canonical\" href=\"https:\/\/noticiaempauta.com\/portal\/piauiense-que-viralizou-praticando-salto-com-vara-ganha-apoio-do-governo-do-piaui\/\" \/>\n<meta property=\"og:locale\" content=\"pt_BR\" \/>\n<meta property=\"og:type\" content=\"article\" \/>\n<meta property=\"og:title\" content=\"Piauiense que viralizou praticando salto com vara ganha apoio do governo do Piau\u00ed\" \/>\n<meta property=\"og:description\" content=\"O governador Rafael Fonteles recebeu, na tarde desta segunda-feira (12), o atleta mirim Mois\u00e9s da Silva, de 13 anos, que repercutiu nas redes sociais improvisando equipamentos de salto com vara na cidade de Curralinhos. Durante a conversa, o governador garantiu apoio, atrav\u00e9s da Secretaria dos Esportes, com equipamentos para os treinos. Rafael Fonteles assegurou apoio [&hellip;]\" \/>\n<meta property=\"og:url\" content=\"https:\/\/noticiaempauta.com\/portal\/piauiense-que-viralizou-praticando-salto-com-vara-ganha-apoio-do-governo-do-piaui\/\" \/>\n<meta property=\"og:site_name\" content=\"Portal Not\u00edcia em Pauta\" \/>\n<meta property=\"article:publisher\" content=\"https:\/\/www.facebook.com\/Portal-Notcia-Em-Pauta-102292869264820\/\" \/>\n<meta property=\"article:published_time\" content=\"2024-08-13T13:26:44+00:00\" \/>\n<meta property=\"og:image\" content=\"https:\/\/noticiaempauta.com\/portal\/wp-content\/uploads\/2024\/08\/99b121d662f3360c86f3814ac5bb.jpg\" \/>\n\t<meta property=\"og:image:width\" content=\"800\" \/>\n\t<meta property=\"og:image:height\" content=\"490\" \/>\n\t<meta property=\"og:image:type\" content=\"image\/jpeg\" \/>\n<meta name=\"author\" content=\"Reda\u00e7\u00e3o\" \/>\n<meta name=\"twitter:card\" content=\"summary_large_image\" \/>\n<meta name=\"twitter:label1\" content=\"Escrito por\" \/>\n\t<meta name=\"twitter:data1\" content=\"Reda\u00e7\u00e3o\" \/>\n\t<meta name=\"twitter:label2\" content=\"Est. tempo de leitura\" \/>\n\t<meta name=\"twitter:data2\" content=\"4 minutos\" \/>\n<script type=\"application\/ld+json\" class=\"yoast-schema-graph\">{\"@context\":\"https:\/\/schema.org\",\"@graph\":[{\"@type\":\"Article\",\"@id\":\"https:\/\/noticiaempauta.com\/portal\/piauiense-que-viralizou-praticando-salto-com-vara-ganha-apoio-do-governo-do-piaui\/#article\",\"isPartOf\":{\"@id\":\"https:\/\/noticiaempauta.com\/portal\/piauiense-que-viralizou-praticando-salto-com-vara-ganha-apoio-do-governo-do-piaui\/\"},\"author\":{\"name\":\"Reda\u00e7\u00e3o\",\"@id\":\"https:\/\/noticiaempauta.com\/portal\/#\/schema\/person\/a74af43dd1ab3deca45f988c717d57ac\"},\"headline\":\"Piauiense que viralizou praticando salto com vara ganha apoio do governo do Piau\u00ed\",\"datePublished\":\"2024-08-13T13:26:44+00:00\",\"mainEntityOfPage\":{\"@id\":\"https:\/\/noticiaempauta.com\/portal\/piauiense-que-viralizou-praticando-salto-com-vara-ganha-apoio-do-governo-do-piaui\/\"},\"wordCount\":450,\"commentCount\":0,\"publisher\":{\"@id\":\"https:\/\/noticiaempauta.com\/portal\/#organization\"},\"image\":{\"@id\":\"https:\/\/noticiaempauta.com\/portal\/piauiense-que-viralizou-praticando-salto-com-vara-ganha-apoio-do-governo-do-piaui\/#primaryimage\"},\"thumbnailUrl\":\"https:\/\/noticiaempauta.com\/portal\/wp-content\/uploads\/2024\/08\/99b121d662f3360c86f3814ac5bb.jpg\",\"keywords\":[\"destaqueprincipal\"],\"articleSection\":[\"Destaques\",\"Esporte\",\"Geral\",\"Munic\u00edpios\",\"Todas as Not\u00edcias\"],\"inLanguage\":\"pt-BR\",\"potentialAction\":[{\"@type\":\"CommentAction\",\"name\":\"Comment\",\"target\":[\"https:\/\/noticiaempauta.com\/portal\/piauiense-que-viralizou-praticando-salto-com-vara-ganha-apoio-do-governo-do-piaui\/#respond\"]}]},{\"@type\":\"WebPage\",\"@id\":\"https:\/\/noticiaempauta.com\/portal\/piauiense-que-viralizou-praticando-salto-com-vara-ganha-apoio-do-governo-do-piaui\/\",\"url\":\"https:\/\/noticiaempauta.com\/portal\/piauiense-que-viralizou-praticando-salto-com-vara-ganha-apoio-do-governo-do-piaui\/\",\"name\":\"Piauiense que viralizou praticando salto com vara ganha apoio do governo do Piau\u00ed - Portal Not\u00edcia em Pauta\",\"isPartOf\":{\"@id\":\"https:\/\/noticiaempauta.com\/portal\/#website\"},\"primaryImageOfPage\":{\"@id\":\"https:\/\/noticiaempauta.com\/portal\/piauiense-que-viralizou-praticando-salto-com-vara-ganha-apoio-do-governo-do-piaui\/#primaryimage\"},\"image\":{\"@id\":\"https:\/\/noticiaempauta.com\/portal\/piauiense-que-viralizou-praticando-salto-com-vara-ganha-apoio-do-governo-do-piaui\/#primaryimage\"},\"thumbnailUrl\":\"https:\/\/noticiaempauta.com\/portal\/wp-content\/uploads\/2024\/08\/99b121d662f3360c86f3814ac5bb.jpg\",\"datePublished\":\"2024-08-13T13:26:44+00:00\",\"breadcrumb\":{\"@id\":\"https:\/\/noticiaempauta.com\/portal\/piauiense-que-viralizou-praticando-salto-com-vara-ganha-apoio-do-governo-do-piaui\/#breadcrumb\"},\"inLanguage\":\"pt-BR\",\"potentialAction\":[{\"@type\":\"ReadAction\",\"target\":[\"https:\/\/noticiaempauta.com\/portal\/piauiense-que-viralizou-praticando-salto-com-vara-ganha-apoio-do-governo-do-piaui\/\"]}]},{\"@type\":\"ImageObject\",\"inLanguage\":\"pt-BR\",\"@id\":\"https:\/\/noticiaempauta.com\/portal\/piauiense-que-viralizou-praticando-salto-com-vara-ganha-apoio-do-governo-do-piaui\/#primaryimage\",\"url\":\"https:\/\/noticiaempauta.com\/portal\/wp-content\/uploads\/2024\/08\/99b121d662f3360c86f3814ac5bb.jpg\",\"contentUrl\":\"https:\/\/noticiaempauta.com\/portal\/wp-content\/uploads\/2024\/08\/99b121d662f3360c86f3814ac5bb.jpg\",\"width\":800,\"height\":490},{\"@type\":\"BreadcrumbList\",\"@id\":\"https:\/\/noticiaempauta.com\/portal\/piauiense-que-viralizou-praticando-salto-com-vara-ganha-apoio-do-governo-do-piaui\/#breadcrumb\",\"itemListElement\":[{\"@type\":\"ListItem\",\"position\":1,\"name\":\"P\u00e1gina Inicial\",\"item\":\"https:\/\/noticiaempauta.com\/portal\/\"},{\"@type\":\"ListItem\",\"position\":2,\"name\":\"Destaques\",\"item\":\"https:\/\/noticiaempauta.com\/portal\/destaques-site\/\"},{\"@type\":\"ListItem\",\"position\":3,\"name\":\"Piauiense que viralizou praticando salto com vara ganha apoio do governo do Piau\u00ed\"}]},{\"@type\":\"WebSite\",\"@id\":\"https:\/\/noticiaempauta.com\/portal\/#website\",\"url\":\"https:\/\/noticiaempauta.com\/portal\/\",\"name\":\"Portal Not\u00edcia em Pauta\",\"description\":\"Voc\u00ea bem informado\",\"publisher\":{\"@id\":\"https:\/\/noticiaempauta.com\/portal\/#organization\"},\"potentialAction\":[{\"@type\":\"SearchAction\",\"target\":{\"@type\":\"EntryPoint\",\"urlTemplate\":\"https:\/\/noticiaempauta.com\/portal\/?s={search_term_string}\"},\"query-input\":{\"@type\":\"PropertyValueSpecification\",\"valueRequired\":true,\"valueName\":\"search_term_string\"}}],\"inLanguage\":\"pt-BR\"},{\"@type\":\"Organization\",\"@id\":\"https:\/\/noticiaempauta.com\/portal\/#organization\",\"name\":\"Portal Not\u00edcia em Pauta\",\"url\":\"https:\/\/noticiaempauta.com\/portal\/\",\"logo\":{\"@type\":\"ImageObject\",\"inLanguage\":\"pt-BR\",\"@id\":\"https:\/\/noticiaempauta.com\/portal\/#\/schema\/logo\/image\/\",\"url\":\"https:\/\/noticiaempauta.com\/portal\/wp-content\/uploads\/2022\/08\/logomarca_tema.fw_.png\",\"contentUrl\":\"https:\/\/noticiaempauta.com\/portal\/wp-content\/uploads\/2022\/08\/logomarca_tema.fw_.png\",\"width\":400,\"height\":232,\"caption\":\"Portal Not\u00edcia em Pauta\"},\"image\":{\"@id\":\"https:\/\/noticiaempauta.com\/portal\/#\/schema\/logo\/image\/\"},\"sameAs\":[\"https:\/\/www.facebook.com\/Portal-Notcia-Em-Pauta-102292869264820\/\",\"https:\/\/www.instagram.com\/portalnoticiaempauta\/\"]},{\"@type\":\"Person\",\"@id\":\"https:\/\/noticiaempauta.com\/portal\/#\/schema\/person\/a74af43dd1ab3deca45f988c717d57ac\",\"name\":\"Reda\u00e7\u00e3o\",\"image\":{\"@type\":\"ImageObject\",\"inLanguage\":\"pt-BR\",\"@id\":\"https:\/\/noticiaempauta.com\/portal\/#\/schema\/person\/image\/\",\"url\":\"https:\/\/secure.gravatar.com\/avatar\/03179346ecce6cdfc13361603e8f54242a90e5cde8618fa23c5c00aa2b0aadf3?s=96&d=mm&r=g\",\"contentUrl\":\"https:\/\/secure.gravatar.com\/avatar\/03179346ecce6cdfc13361603e8f54242a90e5cde8618fa23c5c00aa2b0aadf3?s=96&d=mm&r=g\",\"caption\":\"Reda\u00e7\u00e3o\"},\"sameAs\":[\"https:\/\/noticiaempauta.com\/portal\/\"],\"url\":\"https:\/\/noticiaempauta.com\/portal\/author\/fernando\/\"}]}<\/script>\n<!-- \/ Yoast SEO Premium plugin. -->","yoast_head_json":{"title":"Piauiense que viralizou praticando salto com vara ganha apoio do governo do Piau\u00ed - Portal Not\u00edcia em Pauta","robots":{"index":"index","follow":"follow","max-snippet":"max-snippet:-1","max-image-preview":"max-image-preview:large","max-video-preview":"max-video-preview:-1"},"canonical":"https:\/\/noticiaempauta.com\/portal\/piauiense-que-viralizou-praticando-salto-com-vara-ganha-apoio-do-governo-do-piaui\/","og_locale":"pt_BR","og_type":"article","og_title":"Piauiense que viralizou praticando salto com vara ganha apoio do governo do Piau\u00ed","og_description":"O governador Rafael Fonteles recebeu, na tarde desta segunda-feira (12), o atleta mirim Mois\u00e9s da Silva, de 13 anos, que repercutiu nas redes sociais improvisando equipamentos de salto com vara na cidade de Curralinhos. Durante a conversa, o governador garantiu apoio, atrav\u00e9s da Secretaria dos Esportes, com equipamentos para os treinos. Rafael Fonteles assegurou apoio [&hellip;]","og_url":"https:\/\/noticiaempauta.com\/portal\/piauiense-que-viralizou-praticando-salto-com-vara-ganha-apoio-do-governo-do-piaui\/","og_site_name":"Portal Not\u00edcia em Pauta","article_publisher":"https:\/\/www.facebook.com\/Portal-Notcia-Em-Pauta-102292869264820\/","article_published_time":"2024-08-13T13:26:44+00:00","og_image":[{"width":800,"height":490,"url":"https:\/\/noticiaempauta.com\/portal\/wp-content\/uploads\/2024\/08\/99b121d662f3360c86f3814ac5bb.jpg","type":"image\/jpeg"}],"author":"Reda\u00e7\u00e3o","twitter_card":"summary_large_image","twitter_misc":{"Escrito por":"Reda\u00e7\u00e3o","Est. tempo de leitura":"4 minutos"},"schema":{"@context":"https:\/\/schema.org","@graph":[{"@type":"Article","@id":"https:\/\/noticiaempauta.com\/portal\/piauiense-que-viralizou-praticando-salto-com-vara-ganha-apoio-do-governo-do-piaui\/#article","isPartOf":{"@id":"https:\/\/noticiaempauta.com\/portal\/piauiense-que-viralizou-praticando-salto-com-vara-ganha-apoio-do-governo-do-piaui\/"},"author":{"name":"Reda\u00e7\u00e3o","@id":"https:\/\/noticiaempauta.com\/portal\/#\/schema\/person\/a74af43dd1ab3deca45f988c717d57ac"},"headline":"Piauiense que viralizou praticando salto com vara ganha apoio do governo do Piau\u00ed","datePublished":"2024-08-13T13:26:44+00:00","mainEntityOfPage":{"@id":"https:\/\/noticiaempauta.com\/portal\/piauiense-que-viralizou-praticando-salto-com-vara-ganha-apoio-do-governo-do-piaui\/"},"wordCount":450,"commentCount":0,"publisher":{"@id":"https:\/\/noticiaempauta.com\/portal\/#organization"},"image":{"@id":"https:\/\/noticiaempauta.com\/portal\/piauiense-que-viralizou-praticando-salto-com-vara-ganha-apoio-do-governo-do-piaui\/#primaryimage"},"thumbnailUrl":"https:\/\/noticiaempauta.com\/portal\/wp-content\/uploads\/2024\/08\/99b121d662f3360c86f3814ac5bb.jpg","keywords":["destaqueprincipal"],"articleSection":["Destaques","Esporte","Geral","Munic\u00edpios","Todas as Not\u00edcias"],"inLanguage":"pt-BR","potentialAction":[{"@type":"CommentAction","name":"Comment","target":["https:\/\/noticiaempauta.com\/portal\/piauiense-que-viralizou-praticando-salto-com-vara-ganha-apoio-do-governo-do-piaui\/#respond"]}]},{"@type":"WebPage","@id":"https:\/\/noticiaempauta.com\/portal\/piauiense-que-viralizou-praticando-salto-com-vara-ganha-apoio-do-governo-do-piaui\/","url":"https:\/\/noticiaempauta.com\/portal\/piauiense-que-viralizou-praticando-salto-com-vara-ganha-apoio-do-governo-do-piaui\/","name":"Piauiense que viralizou praticando salto com vara ganha apoio do governo do Piau\u00ed - Portal Not\u00edcia em Pauta","isPartOf":{"@id":"https:\/\/noticiaempauta.com\/portal\/#website"},"primaryImageOfPage":{"@id":"https:\/\/noticiaempauta.com\/portal\/piauiense-que-viralizou-praticando-salto-com-vara-ganha-apoio-do-governo-do-piaui\/#primaryimage"},"image":{"@id":"https:\/\/noticiaempauta.com\/portal\/piauiense-que-viralizou-praticando-salto-com-vara-ganha-apoio-do-governo-do-piaui\/#primaryimage"},"thumbnailUrl":"https:\/\/noticiaempauta.com\/portal\/wp-content\/uploads\/2024\/08\/99b121d662f3360c86f3814ac5bb.jpg","datePublished":"2024-08-13T13:26:44+00:00","breadcrumb":{"@id":"https:\/\/noticiaempauta.com\/portal\/piauiense-que-viralizou-praticando-salto-com-vara-ganha-apoio-do-governo-do-piaui\/#breadcrumb"},"inLanguage":"pt-BR","potentialAction":[{"@type":"ReadAction","target":["https:\/\/noticiaempauta.com\/portal\/piauiense-que-viralizou-praticando-salto-com-vara-ganha-apoio-do-governo-do-piaui\/"]}]},{"@type":"ImageObject","inLanguage":"pt-BR","@id":"https:\/\/noticiaempauta.com\/portal\/piauiense-que-viralizou-praticando-salto-com-vara-ganha-apoio-do-governo-do-piaui\/#primaryimage","url":"https:\/\/noticiaempauta.com\/portal\/wp-content\/uploads\/2024\/08\/99b121d662f3360c86f3814ac5bb.jpg","contentUrl":"https:\/\/noticiaempauta.com\/portal\/wp-content\/uploads\/2024\/08\/99b121d662f3360c86f3814ac5bb.jpg","width":800,"height":490},{"@type":"BreadcrumbList","@id":"https:\/\/noticiaempauta.com\/portal\/piauiense-que-viralizou-praticando-salto-com-vara-ganha-apoio-do-governo-do-piaui\/#breadcrumb","itemListElement":[{"@type":"ListItem","position":1,"name":"P\u00e1gina Inicial","item":"https:\/\/noticiaempauta.com\/portal\/"},{"@type":"ListItem","position":2,"name":"Destaques","item":"https:\/\/noticiaempauta.com\/portal\/destaques-site\/"},{"@type":"ListItem","position":3,"name":"Piauiense que viralizou praticando salto com vara ganha apoio do governo do Piau\u00ed"}]},{"@type":"WebSite","@id":"https:\/\/noticiaempauta.com\/portal\/#website","url":"https:\/\/noticiaempauta.com\/portal\/","name":"Portal Not\u00edcia em Pauta","description":"Voc\u00ea bem informado","publisher":{"@id":"https:\/\/noticiaempauta.com\/portal\/#organization"},"potentialAction":[{"@type":"SearchAction","target":{"@type":"EntryPoint","urlTemplate":"https:\/\/noticiaempauta.com\/portal\/?s={search_term_string}"},"query-input":{"@type":"PropertyValueSpecification","valueRequired":true,"valueName":"search_term_string"}}],"inLanguage":"pt-BR"},{"@type":"Organization","@id":"https:\/\/noticiaempauta.com\/portal\/#organization","name":"Portal Not\u00edcia em Pauta","url":"https:\/\/noticiaempauta.com\/portal\/","logo":{"@type":"ImageObject","inLanguage":"pt-BR","@id":"https:\/\/noticiaempauta.com\/portal\/#\/schema\/logo\/image\/","url":"https:\/\/noticiaempauta.com\/portal\/wp-content\/uploads\/2022\/08\/logomarca_tema.fw_.png","contentUrl":"https:\/\/noticiaempauta.com\/portal\/wp-content\/uploads\/2022\/08\/logomarca_tema.fw_.png","width":400,"height":232,"caption":"Portal Not\u00edcia em Pauta"},"image":{"@id":"https:\/\/noticiaempauta.com\/portal\/#\/schema\/logo\/image\/"},"sameAs":["https:\/\/www.facebook.com\/Portal-Notcia-Em-Pauta-102292869264820\/","https:\/\/www.instagram.com\/portalnoticiaempauta\/"]},{"@type":"Person","@id":"https:\/\/noticiaempauta.com\/portal\/#\/schema\/person\/a74af43dd1ab3deca45f988c717d57ac","name":"Reda\u00e7\u00e3o","image":{"@type":"ImageObject","inLanguage":"pt-BR","@id":"https:\/\/noticiaempauta.com\/portal\/#\/schema\/person\/image\/","url":"https:\/\/secure.gravatar.com\/avatar\/03179346ecce6cdfc13361603e8f54242a90e5cde8618fa23c5c00aa2b0aadf3?s=96&d=mm&r=g","contentUrl":"https:\/\/secure.gravatar.com\/avatar\/03179346ecce6cdfc13361603e8f54242a90e5cde8618fa23c5c00aa2b0aadf3?s=96&d=mm&r=g","caption":"Reda\u00e7\u00e3o"},"sameAs":["https:\/\/noticiaempauta.com\/portal\/"],"url":"https:\/\/noticiaempauta.com\/portal\/author\/fernando\/"}]}},"_links":{"self":[{"href":"https:\/\/noticiaempauta.com\/portal\/wp-json\/wp\/v2\/posts\/261178","targetHints":{"allow":["GET"]}}],"collection":[{"href":"https:\/\/noticiaempauta.com\/portal\/wp-json\/wp\/v2\/posts"}],"about":[{"href":"https:\/\/noticiaempauta.com\/portal\/wp-json\/wp\/v2\/types\/post"}],"author":[{"embeddable":true,"href":"https:\/\/noticiaempauta.com\/portal\/wp-json\/wp\/v2\/users\/2"}],"replies":[{"embeddable":true,"href":"https:\/\/noticiaempauta.com\/portal\/wp-json\/wp\/v2\/comments?post=261178"}],"version-history":[{"count":2,"href":"https:\/\/noticiaempauta.com\/portal\/wp-json\/wp\/v2\/posts\/261178\/revisions"}],"predecessor-version":[{"id":261183,"href":"https:\/\/noticiaempauta.com\/portal\/wp-json\/wp\/v2\/posts\/261178\/revisions\/261183"}],"wp:featuredmedia":[{"embeddable":true,"href":"https:\/\/noticiaempauta.com\/portal\/wp-json\/wp\/v2\/media\/261179"}],"wp:attachment":[{"href":"https:\/\/noticiaempauta.com\/portal\/wp-json\/wp\/v2\/media?parent=261178"}],"wp:term":[{"taxonomy":"category","embeddable":true,"href":"https:\/\/noticiaempauta.com\/portal\/wp-json\/wp\/v2\/categories?post=261178"},{"taxonomy":"post_tag","embeddable":true,"href":"https:\/\/noticiaempauta.com\/portal\/wp-json\/wp\/v2\/tags?post=261178"}],"curies":[{"name":"wp","href":"https:\/\/api.w.org\/{rel}","templated":true}]}}