{"id":261192,"date":"2024-08-13T16:16:58","date_gmt":"2024-08-13T19:16:58","guid":{"rendered":"https:\/\/noticiaempauta.com\/portal\/?p=261192"},"modified":"2024-08-13T16:16:58","modified_gmt":"2024-08-13T19:16:58","slug":"alepi-aprova-emprestimo-de-r-25-bilhoes-solicitado-pelo-governo-do-piaui","status":"publish","type":"post","link":"https:\/\/noticiaempauta.com\/portal\/alepi-aprova-emprestimo-de-r-25-bilhoes-solicitado-pelo-governo-do-piaui\/","title":{"rendered":"Alepi aprova empr\u00e9stimo de R$ 2,5 bilh\u00f5es solicitado pelo Governo do Piau\u00ed"},"content":{"rendered":"\n<p>A Assembleia Legislativa do Piau\u00ed (Alepi) aprovou, nesta ter\u00e7a-feira (13), a autoriza\u00e7\u00e3o para que o Governo do Estado contrate um\u00a0empr\u00e9stimo de at\u00e9 R$ 2,5 bilh\u00f5es junto ao Banco do Brasil.\u00a0Os recursos ser\u00e3o destinados a \u00e1reas como infraestrutura de transportes, mobilidade urbana, seguran\u00e7a p\u00fablica, sa\u00fade, urbaniza\u00e7\u00e3o e transforma\u00e7\u00e3o digital.<\/p>\n\n\n\n<figure class=\"wp-block-image size-full\"><img fetchpriority=\"high\" decoding=\"async\" width=\"768\" height=\"512\" src=\"https:\/\/noticiaempauta.com\/portal\/wp-content\/uploads\/2024\/08\/alepinovoplenario.jpeg\" alt=\"\" class=\"wp-image-261193\" srcset=\"https:\/\/noticiaempauta.com\/portal\/wp-content\/uploads\/2024\/08\/alepinovoplenario.jpeg 768w, https:\/\/noticiaempauta.com\/portal\/wp-content\/uploads\/2024\/08\/alepinovoplenario-300x200.jpeg 300w\" sizes=\"(max-width: 768px) 100vw, 768px\" \/><\/figure>\n\n\n\n<p>Segundo o governo, essa opera\u00e7\u00e3o de cr\u00e9dito \u00e9 estrat\u00e9gica para promover a integra\u00e7\u00e3o dos setores produtivo e social do estado, al\u00e9m de atrair investimentos, gerar empregos e melhorar os fluxos econ\u00f4micos. O projeto, que passou pela an\u00e1lise das Comiss\u00f5es de Constitui\u00e7\u00e3o e Justi\u00e7a (CCJ) e de Fiscaliza\u00e7\u00e3o e Controle, Finan\u00e7as e Tributa\u00e7\u00e3o (CFCFT), recebeu 20 votos favor\u00e1veis na primeira vota\u00e7\u00e3o e 24 na segunda.<\/p>\n\n\n\n<h2 class=\"wp-block-heading\">Confira abaixo a destina\u00e7\u00e3o dos recursos:<\/h2>\n\n\n\n<ul class=\"wp-block-list\">\n<li><strong>Sa\u00fade:<\/strong>\u00a0reforma de hospitais e unidades de sa\u00fade, aquisi\u00e7\u00e3o de novos e mais modernos equipamentos para diagn\u00f3stico e preven\u00e7\u00e3o de doen\u00e7as.<\/li>\n\n\n\n<li><strong>Seguran\u00e7a:\u00a0<\/strong>constru\u00e7\u00e3o e reforma de instala\u00e7\u00f5es policiais civis e militares, de defesa social e do sistema prisional, aquisi\u00e7\u00e3o de equipamentos tecnol\u00f3gicos, b\u00e9licos, itens de prote\u00e7\u00e3o individual e de salvamento, expans\u00e3o da frota de ve\u00edculos.<\/li>\n\n\n\n<li><strong>Transporte:\u00a0<\/strong>pavimenta\u00e7\u00e3o, restaura\u00e7\u00e3o e manuten\u00e7\u00e3o de estradas, a\u00e7\u00f5es em outros modais como ferrovias e avia\u00e7\u00e3o, asfaltamento e pavimenta\u00e7\u00e3o de ruas e avenidas, constru\u00e7\u00e3o e revitaliza\u00e7\u00e3o de novas pra\u00e7as, parques, gin\u00e1sios poliesportivos, est\u00e1dios de futebol e a\u00e7\u00f5es de ilumina\u00e7\u00e3o p\u00fablica em todos os munic\u00edpios.<\/li>\n\n\n\n<li><strong>Transforma\u00e7\u00e3o digital:<\/strong>\u00a0desenvolvimento de sistemas e aplicativos, reengenharia de processos e fluxos de trabalho, an\u00e1lise de dados, ciberseguran\u00e7a e acesso \u00e0 internet, inclus\u00e3o digital, aprimoramento do acesso a servi\u00e7os p\u00fablicos.<\/li>\n\n\n\n<li><strong>Obras h\u00eddricas<\/strong>: a\u00e7\u00f5es planejadas de gest\u00e3o de recursos h\u00eddricos para avan\u00e7ar frente aos desafios impostos pelas mudan\u00e7as clim\u00e1ticas, medidas de preven\u00e7\u00e3o a inunda\u00e7\u00f5es e controle da polui\u00e7\u00e3o, constru\u00e7\u00e3o de barragens e implementa\u00e7\u00e3o de sistemas de irriga\u00e7\u00e3o e a canaliza\u00e7\u00e3o de rios e c\u00f3rregos.<\/li>\n\n\n\n<li><strong>Aporte de capital:\u00a0<\/strong>aporte de capital para empresas estatais e sociedades de economia mista, expans\u00e3o, aprimoramento e moderniza\u00e7\u00e3o dos servi\u00e7os prestados, continuidade de execu\u00e7\u00e3o de obras e novas etapas do Porto de Lu\u00eds Correia, entre outras.<\/li>\n<\/ul>\n\n\n\n<p><strong><em>Fonte: Portal O Dia<\/em><\/strong><\/p>\n","protected":false},"excerpt":{"rendered":"<p>Conforme o governo, recursos ser\u00e3o destinados a \u00e1reas como infraestrutura de transportes, mobilidade urbana, seguran\u00e7a p\u00fablica e sa\u00fade.<\/p>\n","protected":false},"author":2,"featured_media":261193,"comment_status":"open","ping_status":"open","sticky":false,"template":"","format":"standard","meta":{"_mi_skip_tracking":false,"footnotes":""},"categories":[25,1,16],"tags":[192],"class_list":["post-261192","post","type-post","status-publish","format-standard","has-post-thumbnail","hentry","category-destaques-site","category-geral","category-todas","tag-destaqueprincipal"],"acf":[],"yoast_head":"<!-- This site is optimized with the Yoast SEO Premium plugin v19.2 (Yoast SEO v26.9) - https:\/\/yoast.com\/product\/yoast-seo-premium-wordpress\/ -->\n<title>Alepi aprova empr\u00e9stimo de R$ 2,5 bilh\u00f5es solicitado pelo Governo do Piau\u00ed - Portal Not\u00edcia em Pauta<\/title>\n<meta name=\"robots\" content=\"index, follow, max-snippet:-1, max-image-preview:large, max-video-preview:-1\" \/>\n<link rel=\"canonical\" href=\"https:\/\/noticiaempauta.com\/portal\/alepi-aprova-emprestimo-de-r-25-bilhoes-solicitado-pelo-governo-do-piaui\/\" \/>\n<meta property=\"og:locale\" content=\"pt_BR\" \/>\n<meta property=\"og:type\" content=\"article\" \/>\n<meta property=\"og:title\" content=\"Alepi aprova empr\u00e9stimo de R$ 2,5 bilh\u00f5es solicitado pelo Governo do Piau\u00ed\" \/>\n<meta property=\"og:description\" content=\"Conforme o governo, recursos ser\u00e3o destinados a \u00e1reas como infraestrutura de transportes, mobilidade urbana, seguran\u00e7a p\u00fablica e sa\u00fade.\" \/>\n<meta property=\"og:url\" content=\"https:\/\/noticiaempauta.com\/portal\/alepi-aprova-emprestimo-de-r-25-bilhoes-solicitado-pelo-governo-do-piaui\/\" \/>\n<meta property=\"og:site_name\" content=\"Portal Not\u00edcia em Pauta\" \/>\n<meta property=\"article:publisher\" content=\"https:\/\/www.facebook.com\/Portal-Notcia-Em-Pauta-102292869264820\/\" \/>\n<meta property=\"article:published_time\" content=\"2024-08-13T19:16:58+00:00\" \/>\n<meta property=\"og:image\" content=\"https:\/\/noticiaempauta.com\/portal\/wp-content\/uploads\/2024\/08\/alepinovoplenario.jpeg\" \/>\n\t<meta property=\"og:image:width\" content=\"768\" \/>\n\t<meta property=\"og:image:height\" content=\"512\" \/>\n\t<meta property=\"og:image:type\" content=\"image\/jpeg\" \/>\n<meta name=\"author\" content=\"Reda\u00e7\u00e3o\" \/>\n<meta name=\"twitter:card\" content=\"summary_large_image\" \/>\n<meta name=\"twitter:label1\" content=\"Escrito por\" \/>\n\t<meta name=\"twitter:data1\" content=\"Reda\u00e7\u00e3o\" \/>\n\t<meta name=\"twitter:label2\" content=\"Est. tempo de leitura\" \/>\n\t<meta name=\"twitter:data2\" content=\"3 minutos\" \/>\n<script type=\"application\/ld+json\" class=\"yoast-schema-graph\">{\"@context\":\"https:\/\/schema.org\",\"@graph\":[{\"@type\":\"Article\",\"@id\":\"https:\/\/noticiaempauta.com\/portal\/alepi-aprova-emprestimo-de-r-25-bilhoes-solicitado-pelo-governo-do-piaui\/#article\",\"isPartOf\":{\"@id\":\"https:\/\/noticiaempauta.com\/portal\/alepi-aprova-emprestimo-de-r-25-bilhoes-solicitado-pelo-governo-do-piaui\/\"},\"author\":{\"name\":\"Reda\u00e7\u00e3o\",\"@id\":\"https:\/\/noticiaempauta.com\/portal\/#\/schema\/person\/a74af43dd1ab3deca45f988c717d57ac\"},\"headline\":\"Alepi aprova empr\u00e9stimo de R$ 2,5 bilh\u00f5es solicitado pelo Governo do Piau\u00ed\",\"datePublished\":\"2024-08-13T19:16:58+00:00\",\"mainEntityOfPage\":{\"@id\":\"https:\/\/noticiaempauta.com\/portal\/alepi-aprova-emprestimo-de-r-25-bilhoes-solicitado-pelo-governo-do-piaui\/\"},\"wordCount\":420,\"commentCount\":0,\"publisher\":{\"@id\":\"https:\/\/noticiaempauta.com\/portal\/#organization\"},\"image\":{\"@id\":\"https:\/\/noticiaempauta.com\/portal\/alepi-aprova-emprestimo-de-r-25-bilhoes-solicitado-pelo-governo-do-piaui\/#primaryimage\"},\"thumbnailUrl\":\"https:\/\/noticiaempauta.com\/portal\/wp-content\/uploads\/2024\/08\/alepinovoplenario.jpeg\",\"keywords\":[\"destaqueprincipal\"],\"articleSection\":[\"Destaques\",\"Geral\",\"Todas as Not\u00edcias\"],\"inLanguage\":\"pt-BR\",\"potentialAction\":[{\"@type\":\"CommentAction\",\"name\":\"Comment\",\"target\":[\"https:\/\/noticiaempauta.com\/portal\/alepi-aprova-emprestimo-de-r-25-bilhoes-solicitado-pelo-governo-do-piaui\/#respond\"]}]},{\"@type\":\"WebPage\",\"@id\":\"https:\/\/noticiaempauta.com\/portal\/alepi-aprova-emprestimo-de-r-25-bilhoes-solicitado-pelo-governo-do-piaui\/\",\"url\":\"https:\/\/noticiaempauta.com\/portal\/alepi-aprova-emprestimo-de-r-25-bilhoes-solicitado-pelo-governo-do-piaui\/\",\"name\":\"Alepi aprova empr\u00e9stimo de R$ 2,5 bilh\u00f5es solicitado pelo Governo do Piau\u00ed - Portal Not\u00edcia em Pauta\",\"isPartOf\":{\"@id\":\"https:\/\/noticiaempauta.com\/portal\/#website\"},\"primaryImageOfPage\":{\"@id\":\"https:\/\/noticiaempauta.com\/portal\/alepi-aprova-emprestimo-de-r-25-bilhoes-solicitado-pelo-governo-do-piaui\/#primaryimage\"},\"image\":{\"@id\":\"https:\/\/noticiaempauta.com\/portal\/alepi-aprova-emprestimo-de-r-25-bilhoes-solicitado-pelo-governo-do-piaui\/#primaryimage\"},\"thumbnailUrl\":\"https:\/\/noticiaempauta.com\/portal\/wp-content\/uploads\/2024\/08\/alepinovoplenario.jpeg\",\"datePublished\":\"2024-08-13T19:16:58+00:00\",\"breadcrumb\":{\"@id\":\"https:\/\/noticiaempauta.com\/portal\/alepi-aprova-emprestimo-de-r-25-bilhoes-solicitado-pelo-governo-do-piaui\/#breadcrumb\"},\"inLanguage\":\"pt-BR\",\"potentialAction\":[{\"@type\":\"ReadAction\",\"target\":[\"https:\/\/noticiaempauta.com\/portal\/alepi-aprova-emprestimo-de-r-25-bilhoes-solicitado-pelo-governo-do-piaui\/\"]}]},{\"@type\":\"ImageObject\",\"inLanguage\":\"pt-BR\",\"@id\":\"https:\/\/noticiaempauta.com\/portal\/alepi-aprova-emprestimo-de-r-25-bilhoes-solicitado-pelo-governo-do-piaui\/#primaryimage\",\"url\":\"https:\/\/noticiaempauta.com\/portal\/wp-content\/uploads\/2024\/08\/alepinovoplenario.jpeg\",\"contentUrl\":\"https:\/\/noticiaempauta.com\/portal\/wp-content\/uploads\/2024\/08\/alepinovoplenario.jpeg\",\"width\":768,\"height\":512},{\"@type\":\"BreadcrumbList\",\"@id\":\"https:\/\/noticiaempauta.com\/portal\/alepi-aprova-emprestimo-de-r-25-bilhoes-solicitado-pelo-governo-do-piaui\/#breadcrumb\",\"itemListElement\":[{\"@type\":\"ListItem\",\"position\":1,\"name\":\"P\u00e1gina Inicial\",\"item\":\"https:\/\/noticiaempauta.com\/portal\/\"},{\"@type\":\"ListItem\",\"position\":2,\"name\":\"Destaques\",\"item\":\"https:\/\/noticiaempauta.com\/portal\/destaques-site\/\"},{\"@type\":\"ListItem\",\"position\":3,\"name\":\"Alepi aprova empr\u00e9stimo de R$ 2,5 bilh\u00f5es solicitado pelo Governo do Piau\u00ed\"}]},{\"@type\":\"WebSite\",\"@id\":\"https:\/\/noticiaempauta.com\/portal\/#website\",\"url\":\"https:\/\/noticiaempauta.com\/portal\/\",\"name\":\"Portal Not\u00edcia em Pauta\",\"description\":\"Voc\u00ea bem informado\",\"publisher\":{\"@id\":\"https:\/\/noticiaempauta.com\/portal\/#organization\"},\"potentialAction\":[{\"@type\":\"SearchAction\",\"target\":{\"@type\":\"EntryPoint\",\"urlTemplate\":\"https:\/\/noticiaempauta.com\/portal\/?s={search_term_string}\"},\"query-input\":{\"@type\":\"PropertyValueSpecification\",\"valueRequired\":true,\"valueName\":\"search_term_string\"}}],\"inLanguage\":\"pt-BR\"},{\"@type\":\"Organization\",\"@id\":\"https:\/\/noticiaempauta.com\/portal\/#organization\",\"name\":\"Portal Not\u00edcia em Pauta\",\"url\":\"https:\/\/noticiaempauta.com\/portal\/\",\"logo\":{\"@type\":\"ImageObject\",\"inLanguage\":\"pt-BR\",\"@id\":\"https:\/\/noticiaempauta.com\/portal\/#\/schema\/logo\/image\/\",\"url\":\"https:\/\/noticiaempauta.com\/portal\/wp-content\/uploads\/2022\/08\/logomarca_tema.fw_.png\",\"contentUrl\":\"https:\/\/noticiaempauta.com\/portal\/wp-content\/uploads\/2022\/08\/logomarca_tema.fw_.png\",\"width\":400,\"height\":232,\"caption\":\"Portal Not\u00edcia em Pauta\"},\"image\":{\"@id\":\"https:\/\/noticiaempauta.com\/portal\/#\/schema\/logo\/image\/\"},\"sameAs\":[\"https:\/\/www.facebook.com\/Portal-Notcia-Em-Pauta-102292869264820\/\",\"https:\/\/www.instagram.com\/portalnoticiaempauta\/\"]},{\"@type\":\"Person\",\"@id\":\"https:\/\/noticiaempauta.com\/portal\/#\/schema\/person\/a74af43dd1ab3deca45f988c717d57ac\",\"name\":\"Reda\u00e7\u00e3o\",\"image\":{\"@type\":\"ImageObject\",\"inLanguage\":\"pt-BR\",\"@id\":\"https:\/\/noticiaempauta.com\/portal\/#\/schema\/person\/image\/\",\"url\":\"https:\/\/secure.gravatar.com\/avatar\/03179346ecce6cdfc13361603e8f54242a90e5cde8618fa23c5c00aa2b0aadf3?s=96&d=mm&r=g\",\"contentUrl\":\"https:\/\/secure.gravatar.com\/avatar\/03179346ecce6cdfc13361603e8f54242a90e5cde8618fa23c5c00aa2b0aadf3?s=96&d=mm&r=g\",\"caption\":\"Reda\u00e7\u00e3o\"},\"sameAs\":[\"https:\/\/noticiaempauta.com\/portal\/\"],\"url\":\"https:\/\/noticiaempauta.com\/portal\/author\/fernando\/\"}]}<\/script>\n<!-- \/ Yoast SEO Premium plugin. -->","yoast_head_json":{"title":"Alepi aprova empr\u00e9stimo de R$ 2,5 bilh\u00f5es solicitado pelo Governo do Piau\u00ed - Portal Not\u00edcia em Pauta","robots":{"index":"index","follow":"follow","max-snippet":"max-snippet:-1","max-image-preview":"max-image-preview:large","max-video-preview":"max-video-preview:-1"},"canonical":"https:\/\/noticiaempauta.com\/portal\/alepi-aprova-emprestimo-de-r-25-bilhoes-solicitado-pelo-governo-do-piaui\/","og_locale":"pt_BR","og_type":"article","og_title":"Alepi aprova empr\u00e9stimo de R$ 2,5 bilh\u00f5es solicitado pelo Governo do Piau\u00ed","og_description":"Conforme o governo, recursos ser\u00e3o destinados a \u00e1reas como infraestrutura de transportes, mobilidade urbana, seguran\u00e7a p\u00fablica e sa\u00fade.","og_url":"https:\/\/noticiaempauta.com\/portal\/alepi-aprova-emprestimo-de-r-25-bilhoes-solicitado-pelo-governo-do-piaui\/","og_site_name":"Portal Not\u00edcia em Pauta","article_publisher":"https:\/\/www.facebook.com\/Portal-Notcia-Em-Pauta-102292869264820\/","article_published_time":"2024-08-13T19:16:58+00:00","og_image":[{"width":768,"height":512,"url":"https:\/\/noticiaempauta.com\/portal\/wp-content\/uploads\/2024\/08\/alepinovoplenario.jpeg","type":"image\/jpeg"}],"author":"Reda\u00e7\u00e3o","twitter_card":"summary_large_image","twitter_misc":{"Escrito por":"Reda\u00e7\u00e3o","Est. tempo de leitura":"3 minutos"},"schema":{"@context":"https:\/\/schema.org","@graph":[{"@type":"Article","@id":"https:\/\/noticiaempauta.com\/portal\/alepi-aprova-emprestimo-de-r-25-bilhoes-solicitado-pelo-governo-do-piaui\/#article","isPartOf":{"@id":"https:\/\/noticiaempauta.com\/portal\/alepi-aprova-emprestimo-de-r-25-bilhoes-solicitado-pelo-governo-do-piaui\/"},"author":{"name":"Reda\u00e7\u00e3o","@id":"https:\/\/noticiaempauta.com\/portal\/#\/schema\/person\/a74af43dd1ab3deca45f988c717d57ac"},"headline":"Alepi aprova empr\u00e9stimo de R$ 2,5 bilh\u00f5es solicitado pelo Governo do Piau\u00ed","datePublished":"2024-08-13T19:16:58+00:00","mainEntityOfPage":{"@id":"https:\/\/noticiaempauta.com\/portal\/alepi-aprova-emprestimo-de-r-25-bilhoes-solicitado-pelo-governo-do-piaui\/"},"wordCount":420,"commentCount":0,"publisher":{"@id":"https:\/\/noticiaempauta.com\/portal\/#organization"},"image":{"@id":"https:\/\/noticiaempauta.com\/portal\/alepi-aprova-emprestimo-de-r-25-bilhoes-solicitado-pelo-governo-do-piaui\/#primaryimage"},"thumbnailUrl":"https:\/\/noticiaempauta.com\/portal\/wp-content\/uploads\/2024\/08\/alepinovoplenario.jpeg","keywords":["destaqueprincipal"],"articleSection":["Destaques","Geral","Todas as Not\u00edcias"],"inLanguage":"pt-BR","potentialAction":[{"@type":"CommentAction","name":"Comment","target":["https:\/\/noticiaempauta.com\/portal\/alepi-aprova-emprestimo-de-r-25-bilhoes-solicitado-pelo-governo-do-piaui\/#respond"]}]},{"@type":"WebPage","@id":"https:\/\/noticiaempauta.com\/portal\/alepi-aprova-emprestimo-de-r-25-bilhoes-solicitado-pelo-governo-do-piaui\/","url":"https:\/\/noticiaempauta.com\/portal\/alepi-aprova-emprestimo-de-r-25-bilhoes-solicitado-pelo-governo-do-piaui\/","name":"Alepi aprova empr\u00e9stimo de R$ 2,5 bilh\u00f5es solicitado pelo Governo do Piau\u00ed - Portal Not\u00edcia em Pauta","isPartOf":{"@id":"https:\/\/noticiaempauta.com\/portal\/#website"},"primaryImageOfPage":{"@id":"https:\/\/noticiaempauta.com\/portal\/alepi-aprova-emprestimo-de-r-25-bilhoes-solicitado-pelo-governo-do-piaui\/#primaryimage"},"image":{"@id":"https:\/\/noticiaempauta.com\/portal\/alepi-aprova-emprestimo-de-r-25-bilhoes-solicitado-pelo-governo-do-piaui\/#primaryimage"},"thumbnailUrl":"https:\/\/noticiaempauta.com\/portal\/wp-content\/uploads\/2024\/08\/alepinovoplenario.jpeg","datePublished":"2024-08-13T19:16:58+00:00","breadcrumb":{"@id":"https:\/\/noticiaempauta.com\/portal\/alepi-aprova-emprestimo-de-r-25-bilhoes-solicitado-pelo-governo-do-piaui\/#breadcrumb"},"inLanguage":"pt-BR","potentialAction":[{"@type":"ReadAction","target":["https:\/\/noticiaempauta.com\/portal\/alepi-aprova-emprestimo-de-r-25-bilhoes-solicitado-pelo-governo-do-piaui\/"]}]},{"@type":"ImageObject","inLanguage":"pt-BR","@id":"https:\/\/noticiaempauta.com\/portal\/alepi-aprova-emprestimo-de-r-25-bilhoes-solicitado-pelo-governo-do-piaui\/#primaryimage","url":"https:\/\/noticiaempauta.com\/portal\/wp-content\/uploads\/2024\/08\/alepinovoplenario.jpeg","contentUrl":"https:\/\/noticiaempauta.com\/portal\/wp-content\/uploads\/2024\/08\/alepinovoplenario.jpeg","width":768,"height":512},{"@type":"BreadcrumbList","@id":"https:\/\/noticiaempauta.com\/portal\/alepi-aprova-emprestimo-de-r-25-bilhoes-solicitado-pelo-governo-do-piaui\/#breadcrumb","itemListElement":[{"@type":"ListItem","position":1,"name":"P\u00e1gina Inicial","item":"https:\/\/noticiaempauta.com\/portal\/"},{"@type":"ListItem","position":2,"name":"Destaques","item":"https:\/\/noticiaempauta.com\/portal\/destaques-site\/"},{"@type":"ListItem","position":3,"name":"Alepi aprova empr\u00e9stimo de R$ 2,5 bilh\u00f5es solicitado pelo Governo do Piau\u00ed"}]},{"@type":"WebSite","@id":"https:\/\/noticiaempauta.com\/portal\/#website","url":"https:\/\/noticiaempauta.com\/portal\/","name":"Portal Not\u00edcia em Pauta","description":"Voc\u00ea bem informado","publisher":{"@id":"https:\/\/noticiaempauta.com\/portal\/#organization"},"potentialAction":[{"@type":"SearchAction","target":{"@type":"EntryPoint","urlTemplate":"https:\/\/noticiaempauta.com\/portal\/?s={search_term_string}"},"query-input":{"@type":"PropertyValueSpecification","valueRequired":true,"valueName":"search_term_string"}}],"inLanguage":"pt-BR"},{"@type":"Organization","@id":"https:\/\/noticiaempauta.com\/portal\/#organization","name":"Portal Not\u00edcia em Pauta","url":"https:\/\/noticiaempauta.com\/portal\/","logo":{"@type":"ImageObject","inLanguage":"pt-BR","@id":"https:\/\/noticiaempauta.com\/portal\/#\/schema\/logo\/image\/","url":"https:\/\/noticiaempauta.com\/portal\/wp-content\/uploads\/2022\/08\/logomarca_tema.fw_.png","contentUrl":"https:\/\/noticiaempauta.com\/portal\/wp-content\/uploads\/2022\/08\/logomarca_tema.fw_.png","width":400,"height":232,"caption":"Portal Not\u00edcia em Pauta"},"image":{"@id":"https:\/\/noticiaempauta.com\/portal\/#\/schema\/logo\/image\/"},"sameAs":["https:\/\/www.facebook.com\/Portal-Notcia-Em-Pauta-102292869264820\/","https:\/\/www.instagram.com\/portalnoticiaempauta\/"]},{"@type":"Person","@id":"https:\/\/noticiaempauta.com\/portal\/#\/schema\/person\/a74af43dd1ab3deca45f988c717d57ac","name":"Reda\u00e7\u00e3o","image":{"@type":"ImageObject","inLanguage":"pt-BR","@id":"https:\/\/noticiaempauta.com\/portal\/#\/schema\/person\/image\/","url":"https:\/\/secure.gravatar.com\/avatar\/03179346ecce6cdfc13361603e8f54242a90e5cde8618fa23c5c00aa2b0aadf3?s=96&d=mm&r=g","contentUrl":"https:\/\/secure.gravatar.com\/avatar\/03179346ecce6cdfc13361603e8f54242a90e5cde8618fa23c5c00aa2b0aadf3?s=96&d=mm&r=g","caption":"Reda\u00e7\u00e3o"},"sameAs":["https:\/\/noticiaempauta.com\/portal\/"],"url":"https:\/\/noticiaempauta.com\/portal\/author\/fernando\/"}]}},"_links":{"self":[{"href":"https:\/\/noticiaempauta.com\/portal\/wp-json\/wp\/v2\/posts\/261192","targetHints":{"allow":["GET"]}}],"collection":[{"href":"https:\/\/noticiaempauta.com\/portal\/wp-json\/wp\/v2\/posts"}],"about":[{"href":"https:\/\/noticiaempauta.com\/portal\/wp-json\/wp\/v2\/types\/post"}],"author":[{"embeddable":true,"href":"https:\/\/noticiaempauta.com\/portal\/wp-json\/wp\/v2\/users\/2"}],"replies":[{"embeddable":true,"href":"https:\/\/noticiaempauta.com\/portal\/wp-json\/wp\/v2\/comments?post=261192"}],"version-history":[{"count":2,"href":"https:\/\/noticiaempauta.com\/portal\/wp-json\/wp\/v2\/posts\/261192\/revisions"}],"predecessor-version":[{"id":261195,"href":"https:\/\/noticiaempauta.com\/portal\/wp-json\/wp\/v2\/posts\/261192\/revisions\/261195"}],"wp:featuredmedia":[{"embeddable":true,"href":"https:\/\/noticiaempauta.com\/portal\/wp-json\/wp\/v2\/media\/261193"}],"wp:attachment":[{"href":"https:\/\/noticiaempauta.com\/portal\/wp-json\/wp\/v2\/media?parent=261192"}],"wp:term":[{"taxonomy":"category","embeddable":true,"href":"https:\/\/noticiaempauta.com\/portal\/wp-json\/wp\/v2\/categories?post=261192"},{"taxonomy":"post_tag","embeddable":true,"href":"https:\/\/noticiaempauta.com\/portal\/wp-json\/wp\/v2\/tags?post=261192"}],"curies":[{"name":"wp","href":"https:\/\/api.w.org\/{rel}","templated":true}]}}