{"id":261231,"date":"2024-08-15T20:07:13","date_gmt":"2024-08-15T23:07:13","guid":{"rendered":"https:\/\/noticiaempauta.com\/portal\/?p=261231"},"modified":"2024-08-15T20:07:14","modified_gmt":"2024-08-15T23:07:14","slug":"ensino-medio-piaui-lidera-nordeste-e-tem-a-4a-melhor-nota-do-brasil-pelo-ideb-2023","status":"publish","type":"post","link":"https:\/\/noticiaempauta.com\/portal\/ensino-medio-piaui-lidera-nordeste-e-tem-a-4a-melhor-nota-do-brasil-pelo-ideb-2023\/","title":{"rendered":"Ensino m\u00e9dio: Piau\u00ed lidera Nordeste e tem a 4\u00aa melhor nota do Brasil pelo Ideb 2023"},"content":{"rendered":"\n<p>O estado do Piau\u00ed se destacou no&nbsp;\u00cdndice de Desenvolvimento da Educa\u00e7\u00e3o B\u00e1sica (Ideb) 2023&nbsp;ao alcan\u00e7ar a melhor nota m\u00e9dia no ensino m\u00e9dio entre os&nbsp;estados do Nordeste&nbsp;e a&nbsp;quarta melhor do Brasil.&nbsp;Conforme os dados divulgados nesta quarta-feira (14) pelo Minist\u00e9rio da Educa\u00e7\u00e3o (MEC) e o Instituto Nacional de Estudos e Pesquisas Educacionais An\u00edsio Teixeira (Inep), o Piau\u00ed obteve 4,5 pontos no Ideb para o ensino m\u00e9dio, empatando com o estado de Pernambuco no topo do ranking nordestino.<\/p>\n\n\n\n<figure class=\"wp-block-image size-full\"><img fetchpriority=\"high\" decoding=\"async\" width=\"782\" height=\"529\" src=\"https:\/\/noticiaempauta.com\/portal\/wp-content\/uploads\/2024\/08\/IMG_4160.png\" alt=\"\" class=\"wp-image-261232\" srcset=\"https:\/\/noticiaempauta.com\/portal\/wp-content\/uploads\/2024\/08\/IMG_4160.png 782w, https:\/\/noticiaempauta.com\/portal\/wp-content\/uploads\/2024\/08\/IMG_4160-300x203.png 300w, https:\/\/noticiaempauta.com\/portal\/wp-content\/uploads\/2024\/08\/IMG_4160-768x520.png 768w\" sizes=\"(max-width: 782px) 100vw, 782px\" \/><\/figure>\n\n\n\n<p>No cen\u00e1rio nacional, o Piau\u00ed ficou atr\u00e1s apenas dos estados do Esp\u00edrito Santo e Goi\u00e1s, ambos com 4,8 pontos, e do Paran\u00e1, que liderou com 4,9 pontos.<\/p>\n\n\n\n<p>De acordo com o governador Rafael Fonteles, esse crescimento \u00e9 um indicativo de que as estrat\u00e9gias adotadas, como a expans\u00e3o do ensino em tempo integral e investimentos em infraestrutura, t\u00eam surtido efeito positivo. \u201cEsse \u00e9 um reconhecimento ao esfor\u00e7o coletivo dos nossos professores, alunos e toda a comunidade escolar para garantir uma educa\u00e7\u00e3o de qualidade\u201d, comentou nas redes sociais.<\/p>\n\n\n\n<p>O Piau\u00ed tamb\u00e9m superou a meta de 4,1 pontos estabelecida para 2021 nas escolas estaduais, alcan\u00e7ando 4,3 pontos.&nbsp;Apenas as redes estaduais do Piau\u00ed, Goi\u00e1s e Pernambuco conseguiram atingir esse objetivo.&nbsp;As metas do MEC, criadas em 2005 para o per\u00edodo de 2007 a 2021, n\u00e3o foram revisadas devido \u00e0 pandemia. Atualmente, o MEC est\u00e1 discutindo poss\u00edveis mudan\u00e7as no Ideb para os pr\u00f3ximos anos, incluindo a f\u00f3rmula de c\u00e1lculo e a defini\u00e7\u00e3o de novas metas.<\/p>\n\n\n\n<p><strong>Outros destaques<\/strong><\/p>\n\n\n\n<p>Al\u00e9m do bom no ensino m\u00e9dio, o Piau\u00ed tamb\u00e9m se destacou em outras \u00e1reas no Ideb 2023. O estado alcan\u00e7ou 5,9 pontos nos&nbsp;anos iniciais do ensino fundamental,&nbsp;superando a meta estabelecida para o ciclo de 2007 a 2021, que era de 5,1 pontos.&nbsp;<\/p>\n\n\n\n<p>Nos&nbsp;anos finais do ensino fundamental, o estado tamb\u00e9m se saiu bem, atingindo a meta de 5,2 pontos para o ciclo de 6\u00ba ao 9\u00ba ano.<\/p>\n\n\n\n<p><strong>Investimentos em educa\u00e7\u00e3o<\/strong><\/p>\n\n\n\n<p>O MEC tem investido em programas voltados para enfrentar os desafios do ensino m\u00e9dio, como o&nbsp;P\u00e9-de-Meia,&nbsp;que visa promover a perman\u00eancia e conclus\u00e3o escolar dos estudantes, oferecendo uma poupan\u00e7a de at\u00e9 R$ 9,2 mil ao longo de sua trajet\u00f3ria. Al\u00e9m disso, o programa&nbsp;Escola em Tempo Integral, com um investimento de R$ 12 bilh\u00f5es at\u00e9 2026, pretende criar 3,2 milh\u00f5es de novas vagas em tempo integral, tornando as escolas mais atrativas e seguras para os alunos<\/p>\n\n\n\n<p><strong>MEC tem investido em programas como o P\u00e9-de-Meia<\/strong><\/p>\n\n\n\n<p>Outro destaque \u00e9 o novo Programa de Acelera\u00e7\u00e3o do Crescimento (Novo PAC), que prev\u00ea a implanta\u00e7\u00e3o de 100 novos campi de Institutos Federais de Educa\u00e7\u00e3o, Ci\u00eancia e Tecnologia em todo o Brasil, incluindo o Piau\u00ed. Com um investimento de R$ 2,5 bilh\u00f5es, essa iniciativa visa expandir a Educa\u00e7\u00e3o Profissional e Tecnol\u00f3gica no Ensino M\u00e9dio, criando 140 mil novas vagas.<\/p>\n\n\n\n<p>Para o Ministro de Estado da Educa\u00e7\u00e3o, Camilo Santana, o resultado do Ideb refor\u00e7a a import\u00e2ncia de o MEC seguir atuando junto aos estados e aos munic\u00edpios para a supera\u00e7\u00e3o das desigualdades educacionais. \u201cEstamos cientes do tamanho do nosso desafio para garantir uma educa\u00e7\u00e3o p\u00fablica de qualidade para todos. Por isso, estamos investindo em programas transformadores como o P\u00e9-de-Meia e o Escola em Tempo Integral\u201d, defendeu.<\/p>\n\n\n\n<p><strong>Como \u00e9 medido o Ideb?<\/strong><\/p>\n\n\n\n<p>O \u00cdndice de Desenvolvimento da Educa\u00e7\u00e3o B\u00e1sica (Ideb) \u00e9 medido a partir de dois principais indicadores:<\/p>\n\n\n\n<p>1. Taxa de aprova\u00e7\u00e3o:&nbsp;refere-se ao percentual de estudantes que avan\u00e7am de um ano para o outro, sem repet\u00eancias. Essa taxa \u00e9 um indicador do fluxo escolar, ou seja, da efici\u00eancia do sistema educacional em promover a progress\u00e3o dos alunos ao longo dos anos letivos.<\/p>\n\n\n\n<p>2. Desempenho nas avalia\u00e7\u00f5es:&nbsp;avalia o desempenho dos alunos em provas padronizadas aplicadas pelo Sistema de Avalia\u00e7\u00e3o da Educa\u00e7\u00e3o B\u00e1sica (Saeb). Essas provas medem a aprendizagem dos alunos em \u00e1reas como L\u00edngua Portuguesa e Matem\u00e1tica. Os resultados dessas avalia\u00e7\u00f5es fornecem uma m\u00e9dia de desempenho que \u00e9 usada para calcular o Ideb.<\/p>\n\n\n\n<p>Fonte: Portal O Dia<\/p>\n\n\n\n<p><\/p>\n\n\n\n<p><\/p>\n","protected":false},"excerpt":{"rendered":"<p>O estado do Piau\u00ed se destacou no&nbsp;\u00cdndice de Desenvolvimento da Educa\u00e7\u00e3o B\u00e1sica (Ideb) 2023&nbsp;ao alcan\u00e7ar a melhor nota m\u00e9dia no ensino m\u00e9dio entre os&nbsp;estados do Nordeste&nbsp;e a&nbsp;quarta melhor do Brasil.&nbsp;Conforme os dados divulgados nesta quarta-feira (14) pelo Minist\u00e9rio da Educa\u00e7\u00e3o (MEC) e o Instituto Nacional de Estudos e Pesquisas Educacionais An\u00edsio Teixeira (Inep), o Piau\u00ed [&hellip;]<\/p>\n","protected":false},"author":2,"featured_media":261232,"comment_status":"open","ping_status":"open","sticky":false,"template":"","format":"standard","meta":{"_mi_skip_tracking":false,"footnotes":""},"categories":[25,1,16],"tags":[192],"class_list":["post-261231","post","type-post","status-publish","format-standard","has-post-thumbnail","hentry","category-destaques-site","category-geral","category-todas","tag-destaqueprincipal"],"acf":[],"yoast_head":"<!-- This site is optimized with the Yoast SEO Premium plugin v19.2 (Yoast SEO v26.9) - https:\/\/yoast.com\/product\/yoast-seo-premium-wordpress\/ -->\n<title>Ensino m\u00e9dio: Piau\u00ed lidera Nordeste e tem a 4\u00aa melhor nota do Brasil pelo Ideb 2023 - Portal Not\u00edcia em Pauta<\/title>\n<meta name=\"robots\" content=\"index, follow, max-snippet:-1, max-image-preview:large, max-video-preview:-1\" \/>\n<link rel=\"canonical\" href=\"https:\/\/noticiaempauta.com\/portal\/ensino-medio-piaui-lidera-nordeste-e-tem-a-4a-melhor-nota-do-brasil-pelo-ideb-2023\/\" \/>\n<meta property=\"og:locale\" content=\"pt_BR\" \/>\n<meta property=\"og:type\" content=\"article\" \/>\n<meta property=\"og:title\" content=\"Ensino m\u00e9dio: Piau\u00ed lidera Nordeste e tem a 4\u00aa melhor nota do Brasil pelo Ideb 2023\" \/>\n<meta property=\"og:description\" content=\"O estado do Piau\u00ed se destacou no&nbsp;\u00cdndice de Desenvolvimento da Educa\u00e7\u00e3o B\u00e1sica (Ideb) 2023&nbsp;ao alcan\u00e7ar a melhor nota m\u00e9dia no ensino m\u00e9dio entre os&nbsp;estados do Nordeste&nbsp;e a&nbsp;quarta melhor do Brasil.&nbsp;Conforme os dados divulgados nesta quarta-feira (14) pelo Minist\u00e9rio da Educa\u00e7\u00e3o (MEC) e o Instituto Nacional de Estudos e Pesquisas Educacionais An\u00edsio Teixeira (Inep), o Piau\u00ed [&hellip;]\" \/>\n<meta property=\"og:url\" content=\"https:\/\/noticiaempauta.com\/portal\/ensino-medio-piaui-lidera-nordeste-e-tem-a-4a-melhor-nota-do-brasil-pelo-ideb-2023\/\" \/>\n<meta property=\"og:site_name\" content=\"Portal Not\u00edcia em Pauta\" \/>\n<meta property=\"article:publisher\" content=\"https:\/\/www.facebook.com\/Portal-Notcia-Em-Pauta-102292869264820\/\" \/>\n<meta property=\"article:published_time\" content=\"2024-08-15T23:07:13+00:00\" \/>\n<meta property=\"article:modified_time\" content=\"2024-08-15T23:07:14+00:00\" \/>\n<meta property=\"og:image\" content=\"https:\/\/noticiaempauta.com\/portal\/wp-content\/uploads\/2024\/08\/IMG_4160.png\" \/>\n\t<meta property=\"og:image:width\" content=\"782\" \/>\n\t<meta property=\"og:image:height\" content=\"529\" \/>\n\t<meta property=\"og:image:type\" content=\"image\/png\" \/>\n<meta name=\"author\" content=\"Reda\u00e7\u00e3o\" \/>\n<meta name=\"twitter:card\" content=\"summary_large_image\" \/>\n<meta name=\"twitter:label1\" content=\"Escrito por\" \/>\n\t<meta name=\"twitter:data1\" content=\"Reda\u00e7\u00e3o\" \/>\n\t<meta name=\"twitter:label2\" content=\"Est. tempo de leitura\" \/>\n\t<meta name=\"twitter:data2\" content=\"4 minutos\" \/>\n<script type=\"application\/ld+json\" class=\"yoast-schema-graph\">{\"@context\":\"https:\/\/schema.org\",\"@graph\":[{\"@type\":\"Article\",\"@id\":\"https:\/\/noticiaempauta.com\/portal\/ensino-medio-piaui-lidera-nordeste-e-tem-a-4a-melhor-nota-do-brasil-pelo-ideb-2023\/#article\",\"isPartOf\":{\"@id\":\"https:\/\/noticiaempauta.com\/portal\/ensino-medio-piaui-lidera-nordeste-e-tem-a-4a-melhor-nota-do-brasil-pelo-ideb-2023\/\"},\"author\":{\"name\":\"Reda\u00e7\u00e3o\",\"@id\":\"https:\/\/noticiaempauta.com\/portal\/#\/schema\/person\/a74af43dd1ab3deca45f988c717d57ac\"},\"headline\":\"Ensino m\u00e9dio: Piau\u00ed lidera Nordeste e tem a 4\u00aa melhor nota do Brasil pelo Ideb 2023\",\"datePublished\":\"2024-08-15T23:07:13+00:00\",\"dateModified\":\"2024-08-15T23:07:14+00:00\",\"mainEntityOfPage\":{\"@id\":\"https:\/\/noticiaempauta.com\/portal\/ensino-medio-piaui-lidera-nordeste-e-tem-a-4a-melhor-nota-do-brasil-pelo-ideb-2023\/\"},\"wordCount\":720,\"commentCount\":0,\"publisher\":{\"@id\":\"https:\/\/noticiaempauta.com\/portal\/#organization\"},\"image\":{\"@id\":\"https:\/\/noticiaempauta.com\/portal\/ensino-medio-piaui-lidera-nordeste-e-tem-a-4a-melhor-nota-do-brasil-pelo-ideb-2023\/#primaryimage\"},\"thumbnailUrl\":\"https:\/\/noticiaempauta.com\/portal\/wp-content\/uploads\/2024\/08\/IMG_4160.png\",\"keywords\":[\"destaqueprincipal\"],\"articleSection\":[\"Destaques\",\"Geral\",\"Todas as Not\u00edcias\"],\"inLanguage\":\"pt-BR\",\"potentialAction\":[{\"@type\":\"CommentAction\",\"name\":\"Comment\",\"target\":[\"https:\/\/noticiaempauta.com\/portal\/ensino-medio-piaui-lidera-nordeste-e-tem-a-4a-melhor-nota-do-brasil-pelo-ideb-2023\/#respond\"]}]},{\"@type\":\"WebPage\",\"@id\":\"https:\/\/noticiaempauta.com\/portal\/ensino-medio-piaui-lidera-nordeste-e-tem-a-4a-melhor-nota-do-brasil-pelo-ideb-2023\/\",\"url\":\"https:\/\/noticiaempauta.com\/portal\/ensino-medio-piaui-lidera-nordeste-e-tem-a-4a-melhor-nota-do-brasil-pelo-ideb-2023\/\",\"name\":\"Ensino m\u00e9dio: Piau\u00ed lidera Nordeste e tem a 4\u00aa melhor nota do Brasil pelo Ideb 2023 - Portal Not\u00edcia em Pauta\",\"isPartOf\":{\"@id\":\"https:\/\/noticiaempauta.com\/portal\/#website\"},\"primaryImageOfPage\":{\"@id\":\"https:\/\/noticiaempauta.com\/portal\/ensino-medio-piaui-lidera-nordeste-e-tem-a-4a-melhor-nota-do-brasil-pelo-ideb-2023\/#primaryimage\"},\"image\":{\"@id\":\"https:\/\/noticiaempauta.com\/portal\/ensino-medio-piaui-lidera-nordeste-e-tem-a-4a-melhor-nota-do-brasil-pelo-ideb-2023\/#primaryimage\"},\"thumbnailUrl\":\"https:\/\/noticiaempauta.com\/portal\/wp-content\/uploads\/2024\/08\/IMG_4160.png\",\"datePublished\":\"2024-08-15T23:07:13+00:00\",\"dateModified\":\"2024-08-15T23:07:14+00:00\",\"breadcrumb\":{\"@id\":\"https:\/\/noticiaempauta.com\/portal\/ensino-medio-piaui-lidera-nordeste-e-tem-a-4a-melhor-nota-do-brasil-pelo-ideb-2023\/#breadcrumb\"},\"inLanguage\":\"pt-BR\",\"potentialAction\":[{\"@type\":\"ReadAction\",\"target\":[\"https:\/\/noticiaempauta.com\/portal\/ensino-medio-piaui-lidera-nordeste-e-tem-a-4a-melhor-nota-do-brasil-pelo-ideb-2023\/\"]}]},{\"@type\":\"ImageObject\",\"inLanguage\":\"pt-BR\",\"@id\":\"https:\/\/noticiaempauta.com\/portal\/ensino-medio-piaui-lidera-nordeste-e-tem-a-4a-melhor-nota-do-brasil-pelo-ideb-2023\/#primaryimage\",\"url\":\"https:\/\/noticiaempauta.com\/portal\/wp-content\/uploads\/2024\/08\/IMG_4160.png\",\"contentUrl\":\"https:\/\/noticiaempauta.com\/portal\/wp-content\/uploads\/2024\/08\/IMG_4160.png\",\"width\":782,\"height\":529},{\"@type\":\"BreadcrumbList\",\"@id\":\"https:\/\/noticiaempauta.com\/portal\/ensino-medio-piaui-lidera-nordeste-e-tem-a-4a-melhor-nota-do-brasil-pelo-ideb-2023\/#breadcrumb\",\"itemListElement\":[{\"@type\":\"ListItem\",\"position\":1,\"name\":\"P\u00e1gina Inicial\",\"item\":\"https:\/\/noticiaempauta.com\/portal\/\"},{\"@type\":\"ListItem\",\"position\":2,\"name\":\"Destaques\",\"item\":\"https:\/\/noticiaempauta.com\/portal\/destaques-site\/\"},{\"@type\":\"ListItem\",\"position\":3,\"name\":\"Ensino m\u00e9dio: Piau\u00ed lidera Nordeste e tem a 4\u00aa melhor nota do Brasil pelo Ideb 2023\"}]},{\"@type\":\"WebSite\",\"@id\":\"https:\/\/noticiaempauta.com\/portal\/#website\",\"url\":\"https:\/\/noticiaempauta.com\/portal\/\",\"name\":\"Portal Not\u00edcia em Pauta\",\"description\":\"Voc\u00ea bem informado\",\"publisher\":{\"@id\":\"https:\/\/noticiaempauta.com\/portal\/#organization\"},\"potentialAction\":[{\"@type\":\"SearchAction\",\"target\":{\"@type\":\"EntryPoint\",\"urlTemplate\":\"https:\/\/noticiaempauta.com\/portal\/?s={search_term_string}\"},\"query-input\":{\"@type\":\"PropertyValueSpecification\",\"valueRequired\":true,\"valueName\":\"search_term_string\"}}],\"inLanguage\":\"pt-BR\"},{\"@type\":\"Organization\",\"@id\":\"https:\/\/noticiaempauta.com\/portal\/#organization\",\"name\":\"Portal Not\u00edcia em Pauta\",\"url\":\"https:\/\/noticiaempauta.com\/portal\/\",\"logo\":{\"@type\":\"ImageObject\",\"inLanguage\":\"pt-BR\",\"@id\":\"https:\/\/noticiaempauta.com\/portal\/#\/schema\/logo\/image\/\",\"url\":\"https:\/\/noticiaempauta.com\/portal\/wp-content\/uploads\/2022\/08\/logomarca_tema.fw_.png\",\"contentUrl\":\"https:\/\/noticiaempauta.com\/portal\/wp-content\/uploads\/2022\/08\/logomarca_tema.fw_.png\",\"width\":400,\"height\":232,\"caption\":\"Portal Not\u00edcia em Pauta\"},\"image\":{\"@id\":\"https:\/\/noticiaempauta.com\/portal\/#\/schema\/logo\/image\/\"},\"sameAs\":[\"https:\/\/www.facebook.com\/Portal-Notcia-Em-Pauta-102292869264820\/\",\"https:\/\/www.instagram.com\/portalnoticiaempauta\/\"]},{\"@type\":\"Person\",\"@id\":\"https:\/\/noticiaempauta.com\/portal\/#\/schema\/person\/a74af43dd1ab3deca45f988c717d57ac\",\"name\":\"Reda\u00e7\u00e3o\",\"image\":{\"@type\":\"ImageObject\",\"inLanguage\":\"pt-BR\",\"@id\":\"https:\/\/noticiaempauta.com\/portal\/#\/schema\/person\/image\/\",\"url\":\"https:\/\/secure.gravatar.com\/avatar\/03179346ecce6cdfc13361603e8f54242a90e5cde8618fa23c5c00aa2b0aadf3?s=96&d=mm&r=g\",\"contentUrl\":\"https:\/\/secure.gravatar.com\/avatar\/03179346ecce6cdfc13361603e8f54242a90e5cde8618fa23c5c00aa2b0aadf3?s=96&d=mm&r=g\",\"caption\":\"Reda\u00e7\u00e3o\"},\"sameAs\":[\"https:\/\/noticiaempauta.com\/portal\/\"],\"url\":\"https:\/\/noticiaempauta.com\/portal\/author\/fernando\/\"}]}<\/script>\n<!-- \/ Yoast SEO Premium plugin. -->","yoast_head_json":{"title":"Ensino m\u00e9dio: Piau\u00ed lidera Nordeste e tem a 4\u00aa melhor nota do Brasil pelo Ideb 2023 - Portal Not\u00edcia em Pauta","robots":{"index":"index","follow":"follow","max-snippet":"max-snippet:-1","max-image-preview":"max-image-preview:large","max-video-preview":"max-video-preview:-1"},"canonical":"https:\/\/noticiaempauta.com\/portal\/ensino-medio-piaui-lidera-nordeste-e-tem-a-4a-melhor-nota-do-brasil-pelo-ideb-2023\/","og_locale":"pt_BR","og_type":"article","og_title":"Ensino m\u00e9dio: Piau\u00ed lidera Nordeste e tem a 4\u00aa melhor nota do Brasil pelo Ideb 2023","og_description":"O estado do Piau\u00ed se destacou no&nbsp;\u00cdndice de Desenvolvimento da Educa\u00e7\u00e3o B\u00e1sica (Ideb) 2023&nbsp;ao alcan\u00e7ar a melhor nota m\u00e9dia no ensino m\u00e9dio entre os&nbsp;estados do Nordeste&nbsp;e a&nbsp;quarta melhor do Brasil.&nbsp;Conforme os dados divulgados nesta quarta-feira (14) pelo Minist\u00e9rio da Educa\u00e7\u00e3o (MEC) e o Instituto Nacional de Estudos e Pesquisas Educacionais An\u00edsio Teixeira (Inep), o Piau\u00ed [&hellip;]","og_url":"https:\/\/noticiaempauta.com\/portal\/ensino-medio-piaui-lidera-nordeste-e-tem-a-4a-melhor-nota-do-brasil-pelo-ideb-2023\/","og_site_name":"Portal Not\u00edcia em Pauta","article_publisher":"https:\/\/www.facebook.com\/Portal-Notcia-Em-Pauta-102292869264820\/","article_published_time":"2024-08-15T23:07:13+00:00","article_modified_time":"2024-08-15T23:07:14+00:00","og_image":[{"width":782,"height":529,"url":"https:\/\/noticiaempauta.com\/portal\/wp-content\/uploads\/2024\/08\/IMG_4160.png","type":"image\/png"}],"author":"Reda\u00e7\u00e3o","twitter_card":"summary_large_image","twitter_misc":{"Escrito por":"Reda\u00e7\u00e3o","Est. tempo de leitura":"4 minutos"},"schema":{"@context":"https:\/\/schema.org","@graph":[{"@type":"Article","@id":"https:\/\/noticiaempauta.com\/portal\/ensino-medio-piaui-lidera-nordeste-e-tem-a-4a-melhor-nota-do-brasil-pelo-ideb-2023\/#article","isPartOf":{"@id":"https:\/\/noticiaempauta.com\/portal\/ensino-medio-piaui-lidera-nordeste-e-tem-a-4a-melhor-nota-do-brasil-pelo-ideb-2023\/"},"author":{"name":"Reda\u00e7\u00e3o","@id":"https:\/\/noticiaempauta.com\/portal\/#\/schema\/person\/a74af43dd1ab3deca45f988c717d57ac"},"headline":"Ensino m\u00e9dio: Piau\u00ed lidera Nordeste e tem a 4\u00aa melhor nota do Brasil pelo Ideb 2023","datePublished":"2024-08-15T23:07:13+00:00","dateModified":"2024-08-15T23:07:14+00:00","mainEntityOfPage":{"@id":"https:\/\/noticiaempauta.com\/portal\/ensino-medio-piaui-lidera-nordeste-e-tem-a-4a-melhor-nota-do-brasil-pelo-ideb-2023\/"},"wordCount":720,"commentCount":0,"publisher":{"@id":"https:\/\/noticiaempauta.com\/portal\/#organization"},"image":{"@id":"https:\/\/noticiaempauta.com\/portal\/ensino-medio-piaui-lidera-nordeste-e-tem-a-4a-melhor-nota-do-brasil-pelo-ideb-2023\/#primaryimage"},"thumbnailUrl":"https:\/\/noticiaempauta.com\/portal\/wp-content\/uploads\/2024\/08\/IMG_4160.png","keywords":["destaqueprincipal"],"articleSection":["Destaques","Geral","Todas as Not\u00edcias"],"inLanguage":"pt-BR","potentialAction":[{"@type":"CommentAction","name":"Comment","target":["https:\/\/noticiaempauta.com\/portal\/ensino-medio-piaui-lidera-nordeste-e-tem-a-4a-melhor-nota-do-brasil-pelo-ideb-2023\/#respond"]}]},{"@type":"WebPage","@id":"https:\/\/noticiaempauta.com\/portal\/ensino-medio-piaui-lidera-nordeste-e-tem-a-4a-melhor-nota-do-brasil-pelo-ideb-2023\/","url":"https:\/\/noticiaempauta.com\/portal\/ensino-medio-piaui-lidera-nordeste-e-tem-a-4a-melhor-nota-do-brasil-pelo-ideb-2023\/","name":"Ensino m\u00e9dio: Piau\u00ed lidera Nordeste e tem a 4\u00aa melhor nota do Brasil pelo Ideb 2023 - Portal Not\u00edcia em Pauta","isPartOf":{"@id":"https:\/\/noticiaempauta.com\/portal\/#website"},"primaryImageOfPage":{"@id":"https:\/\/noticiaempauta.com\/portal\/ensino-medio-piaui-lidera-nordeste-e-tem-a-4a-melhor-nota-do-brasil-pelo-ideb-2023\/#primaryimage"},"image":{"@id":"https:\/\/noticiaempauta.com\/portal\/ensino-medio-piaui-lidera-nordeste-e-tem-a-4a-melhor-nota-do-brasil-pelo-ideb-2023\/#primaryimage"},"thumbnailUrl":"https:\/\/noticiaempauta.com\/portal\/wp-content\/uploads\/2024\/08\/IMG_4160.png","datePublished":"2024-08-15T23:07:13+00:00","dateModified":"2024-08-15T23:07:14+00:00","breadcrumb":{"@id":"https:\/\/noticiaempauta.com\/portal\/ensino-medio-piaui-lidera-nordeste-e-tem-a-4a-melhor-nota-do-brasil-pelo-ideb-2023\/#breadcrumb"},"inLanguage":"pt-BR","potentialAction":[{"@type":"ReadAction","target":["https:\/\/noticiaempauta.com\/portal\/ensino-medio-piaui-lidera-nordeste-e-tem-a-4a-melhor-nota-do-brasil-pelo-ideb-2023\/"]}]},{"@type":"ImageObject","inLanguage":"pt-BR","@id":"https:\/\/noticiaempauta.com\/portal\/ensino-medio-piaui-lidera-nordeste-e-tem-a-4a-melhor-nota-do-brasil-pelo-ideb-2023\/#primaryimage","url":"https:\/\/noticiaempauta.com\/portal\/wp-content\/uploads\/2024\/08\/IMG_4160.png","contentUrl":"https:\/\/noticiaempauta.com\/portal\/wp-content\/uploads\/2024\/08\/IMG_4160.png","width":782,"height":529},{"@type":"BreadcrumbList","@id":"https:\/\/noticiaempauta.com\/portal\/ensino-medio-piaui-lidera-nordeste-e-tem-a-4a-melhor-nota-do-brasil-pelo-ideb-2023\/#breadcrumb","itemListElement":[{"@type":"ListItem","position":1,"name":"P\u00e1gina Inicial","item":"https:\/\/noticiaempauta.com\/portal\/"},{"@type":"ListItem","position":2,"name":"Destaques","item":"https:\/\/noticiaempauta.com\/portal\/destaques-site\/"},{"@type":"ListItem","position":3,"name":"Ensino m\u00e9dio: Piau\u00ed lidera Nordeste e tem a 4\u00aa melhor nota do Brasil pelo Ideb 2023"}]},{"@type":"WebSite","@id":"https:\/\/noticiaempauta.com\/portal\/#website","url":"https:\/\/noticiaempauta.com\/portal\/","name":"Portal Not\u00edcia em Pauta","description":"Voc\u00ea bem informado","publisher":{"@id":"https:\/\/noticiaempauta.com\/portal\/#organization"},"potentialAction":[{"@type":"SearchAction","target":{"@type":"EntryPoint","urlTemplate":"https:\/\/noticiaempauta.com\/portal\/?s={search_term_string}"},"query-input":{"@type":"PropertyValueSpecification","valueRequired":true,"valueName":"search_term_string"}}],"inLanguage":"pt-BR"},{"@type":"Organization","@id":"https:\/\/noticiaempauta.com\/portal\/#organization","name":"Portal Not\u00edcia em Pauta","url":"https:\/\/noticiaempauta.com\/portal\/","logo":{"@type":"ImageObject","inLanguage":"pt-BR","@id":"https:\/\/noticiaempauta.com\/portal\/#\/schema\/logo\/image\/","url":"https:\/\/noticiaempauta.com\/portal\/wp-content\/uploads\/2022\/08\/logomarca_tema.fw_.png","contentUrl":"https:\/\/noticiaempauta.com\/portal\/wp-content\/uploads\/2022\/08\/logomarca_tema.fw_.png","width":400,"height":232,"caption":"Portal Not\u00edcia em Pauta"},"image":{"@id":"https:\/\/noticiaempauta.com\/portal\/#\/schema\/logo\/image\/"},"sameAs":["https:\/\/www.facebook.com\/Portal-Notcia-Em-Pauta-102292869264820\/","https:\/\/www.instagram.com\/portalnoticiaempauta\/"]},{"@type":"Person","@id":"https:\/\/noticiaempauta.com\/portal\/#\/schema\/person\/a74af43dd1ab3deca45f988c717d57ac","name":"Reda\u00e7\u00e3o","image":{"@type":"ImageObject","inLanguage":"pt-BR","@id":"https:\/\/noticiaempauta.com\/portal\/#\/schema\/person\/image\/","url":"https:\/\/secure.gravatar.com\/avatar\/03179346ecce6cdfc13361603e8f54242a90e5cde8618fa23c5c00aa2b0aadf3?s=96&d=mm&r=g","contentUrl":"https:\/\/secure.gravatar.com\/avatar\/03179346ecce6cdfc13361603e8f54242a90e5cde8618fa23c5c00aa2b0aadf3?s=96&d=mm&r=g","caption":"Reda\u00e7\u00e3o"},"sameAs":["https:\/\/noticiaempauta.com\/portal\/"],"url":"https:\/\/noticiaempauta.com\/portal\/author\/fernando\/"}]}},"_links":{"self":[{"href":"https:\/\/noticiaempauta.com\/portal\/wp-json\/wp\/v2\/posts\/261231","targetHints":{"allow":["GET"]}}],"collection":[{"href":"https:\/\/noticiaempauta.com\/portal\/wp-json\/wp\/v2\/posts"}],"about":[{"href":"https:\/\/noticiaempauta.com\/portal\/wp-json\/wp\/v2\/types\/post"}],"author":[{"embeddable":true,"href":"https:\/\/noticiaempauta.com\/portal\/wp-json\/wp\/v2\/users\/2"}],"replies":[{"embeddable":true,"href":"https:\/\/noticiaempauta.com\/portal\/wp-json\/wp\/v2\/comments?post=261231"}],"version-history":[{"count":2,"href":"https:\/\/noticiaempauta.com\/portal\/wp-json\/wp\/v2\/posts\/261231\/revisions"}],"predecessor-version":[{"id":261234,"href":"https:\/\/noticiaempauta.com\/portal\/wp-json\/wp\/v2\/posts\/261231\/revisions\/261234"}],"wp:featuredmedia":[{"embeddable":true,"href":"https:\/\/noticiaempauta.com\/portal\/wp-json\/wp\/v2\/media\/261232"}],"wp:attachment":[{"href":"https:\/\/noticiaempauta.com\/portal\/wp-json\/wp\/v2\/media?parent=261231"}],"wp:term":[{"taxonomy":"category","embeddable":true,"href":"https:\/\/noticiaempauta.com\/portal\/wp-json\/wp\/v2\/categories?post=261231"},{"taxonomy":"post_tag","embeddable":true,"href":"https:\/\/noticiaempauta.com\/portal\/wp-json\/wp\/v2\/tags?post=261231"}],"curies":[{"name":"wp","href":"https:\/\/api.w.org\/{rel}","templated":true}]}}