{"id":261252,"date":"2024-08-17T10:25:57","date_gmt":"2024-08-17T13:25:57","guid":{"rendered":"https:\/\/noticiaempauta.com\/portal\/?p=261252"},"modified":"2024-08-17T10:43:54","modified_gmt":"2024-08-17T13:43:54","slug":"adesivaco-e-carreata-do-candidato-pablo-santos-marca-o-inicio-oficial-da-campanha-em-picos","status":"publish","type":"post","link":"https:\/\/noticiaempauta.com\/portal\/adesivaco-e-carreata-do-candidato-pablo-santos-marca-o-inicio-oficial-da-campanha-em-picos\/","title":{"rendered":"Grande adesiva\u00e7o do candidato Pablo Santos marca o in\u00edcio oficial da campanha em Picos"},"content":{"rendered":"\n<p>No in\u00edcio da tarde de ontem (16), a cidade de Picos testemunhou um verdadeiro espet\u00e1culo de apoio popular. A Avenida Severo Eul\u00e1lio foi palco da grande carreata que deu o pontap\u00e9 inicial \u00e0 campanha do candidato Pablo Santos, marcando oficialmente o come\u00e7o de sua jornada rumo \u00e0 prefeitura.<\/p>\n\n\n\n<figure class=\"wp-block-image size-large\"><img fetchpriority=\"high\" decoding=\"async\" width=\"760\" height=\"1024\" src=\"https:\/\/noticiaempauta.com\/portal\/wp-content\/uploads\/2024\/08\/8be76320-4e03-4431-bb53-84f71db1686c-760x1024.jpeg\" alt=\"\" class=\"wp-image-261254\" srcset=\"https:\/\/noticiaempauta.com\/portal\/wp-content\/uploads\/2024\/08\/8be76320-4e03-4431-bb53-84f71db1686c-760x1024.jpeg 760w, https:\/\/noticiaempauta.com\/portal\/wp-content\/uploads\/2024\/08\/8be76320-4e03-4431-bb53-84f71db1686c-223x300.jpeg 223w, https:\/\/noticiaempauta.com\/portal\/wp-content\/uploads\/2024\/08\/8be76320-4e03-4431-bb53-84f71db1686c-768x1035.jpeg 768w, https:\/\/noticiaempauta.com\/portal\/wp-content\/uploads\/2024\/08\/8be76320-4e03-4431-bb53-84f71db1686c.jpeg 950w\" sizes=\"(max-width: 760px) 100vw, 760px\" \/><\/figure>\n\n\n\n<p>Centenas de ve\u00edculos, decorados com bandeiras, adesivos e mensagens de apoio, formaram uma grande fila que se estendeu por toda a avenida. O evento reuniu fam\u00edlias, amigos e apoiadores de todas as partes da cidade, que fizeram quest\u00e3o de marcar presen\u00e7a e demonstrar seu entusiasmo pela candidatura de Pablo Santos.<\/p>\n\n\n\n<figure class=\"wp-block-image size-large\"><img decoding=\"async\" width=\"1024\" height=\"768\" src=\"https:\/\/noticiaempauta.com\/portal\/wp-content\/uploads\/2024\/08\/IMG_4192-1024x768.jpeg\" alt=\"\" class=\"wp-image-261256\" srcset=\"https:\/\/noticiaempauta.com\/portal\/wp-content\/uploads\/2024\/08\/IMG_4192-1024x768.jpeg 1024w, https:\/\/noticiaempauta.com\/portal\/wp-content\/uploads\/2024\/08\/IMG_4192-300x225.jpeg 300w, https:\/\/noticiaempauta.com\/portal\/wp-content\/uploads\/2024\/08\/IMG_4192-768x576.jpeg 768w, https:\/\/noticiaempauta.com\/portal\/wp-content\/uploads\/2024\/08\/IMG_4192-1536x1152.jpeg 1536w, https:\/\/noticiaempauta.com\/portal\/wp-content\/uploads\/2024\/08\/IMG_4192-2048x1536.jpeg 2048w\" sizes=\"(max-width: 1024px) 100vw, 1024px\" \/><\/figure>\n\n\n\n<p>Acompanhado por sua candidata a vice-prefeita, Xand\u00fa Neri e diversos apoiadores, Pablo Santos, visivelmente emocionado, destacou a import\u00e2ncia da uni\u00e3o de todos para construir um futuro melhor para Picos. &#8220;Hoje, mais do que nunca, sinto a for\u00e7a e a esperan\u00e7a do nosso povo. Estamos iniciando essa campanha com o p\u00e9 direito. Temos uma grande estrada para trilhar pela frente e que, com o apoio de cada um de voc\u00eas, vamos construir a cidade que todos n\u00f3s sonhamos&#8221;, afirmou o candidato.<\/p>\n\n\n\n<figure class=\"wp-block-image size-large\"><img decoding=\"async\" width=\"701\" height=\"1024\" src=\"https:\/\/noticiaempauta.com\/portal\/wp-content\/uploads\/2024\/08\/d28b1789-e5a0-4d93-ae3f-a3d8d9f0806e-701x1024.jpeg\" alt=\"\" class=\"wp-image-261255\" srcset=\"https:\/\/noticiaempauta.com\/portal\/wp-content\/uploads\/2024\/08\/d28b1789-e5a0-4d93-ae3f-a3d8d9f0806e-701x1024.jpeg 701w, https:\/\/noticiaempauta.com\/portal\/wp-content\/uploads\/2024\/08\/d28b1789-e5a0-4d93-ae3f-a3d8d9f0806e-205x300.jpeg 205w, https:\/\/noticiaempauta.com\/portal\/wp-content\/uploads\/2024\/08\/d28b1789-e5a0-4d93-ae3f-a3d8d9f0806e-768x1122.jpeg 768w, https:\/\/noticiaempauta.com\/portal\/wp-content\/uploads\/2024\/08\/d28b1789-e5a0-4d93-ae3f-a3d8d9f0806e.jpeg 876w\" sizes=\"(max-width: 701px) 100vw, 701px\" \/><\/figure>\n\n\n\n<p>O evento, que al\u00e9m de lan\u00e7ar a campanha oficial de Pablo Santos, tamb\u00e9m serviu como uma demonstra\u00e7\u00e3o do engajamento popular em torno de sua candidatura. A carreata foi marcada pela alegria e pela participa\u00e7\u00e3o ativa dos moradores.<\/p>\n\n\n\n<figure class=\"wp-block-image size-large\"><img loading=\"lazy\" decoding=\"async\" width=\"1024\" height=\"996\" src=\"https:\/\/noticiaempauta.com\/portal\/wp-content\/uploads\/2024\/08\/7188eaa1-ac82-402a-a367-d24c754d84bf-1-1024x996.jpeg\" alt=\"\" class=\"wp-image-261257\" srcset=\"https:\/\/noticiaempauta.com\/portal\/wp-content\/uploads\/2024\/08\/7188eaa1-ac82-402a-a367-d24c754d84bf-1-1024x996.jpeg 1024w, https:\/\/noticiaempauta.com\/portal\/wp-content\/uploads\/2024\/08\/7188eaa1-ac82-402a-a367-d24c754d84bf-1-300x292.jpeg 300w, https:\/\/noticiaempauta.com\/portal\/wp-content\/uploads\/2024\/08\/7188eaa1-ac82-402a-a367-d24c754d84bf-1-768x747.jpeg 768w, https:\/\/noticiaempauta.com\/portal\/wp-content\/uploads\/2024\/08\/7188eaa1-ac82-402a-a367-d24c754d84bf-1.jpeg 1078w\" sizes=\"(max-width: 1024px) 100vw, 1024px\" \/><\/figure>\n\n\n\n<p>Pablo Santos promete trazer propostas inovadoras, focadas na Sa\u00fade, Educa\u00e7\u00e3o, no desenvolvimento econ\u00f4mico, na melhoria dos servi\u00e7os p\u00fablicos e na valoriza\u00e7\u00e3o das potencialidades locais. Segundo Dr. Pablo, o trabalho est\u00e1 come\u00e7ando, e a mobiliza\u00e7\u00e3o de ontem \u00e9 apenas uma amostra do que est\u00e1 por vir.<br>\u201cO clima de entusiasmo e otimismo que tomou conta da cidade deixa claro que esta campanha j\u00e1 come\u00e7ou fazendo hist\u00f3ria em Picos\u201d, finaliza o emedebista.<\/p>\n\n\n\n<figure class=\"wp-block-image size-large\"><img loading=\"lazy\" decoding=\"async\" width=\"685\" height=\"1024\" src=\"https:\/\/noticiaempauta.com\/portal\/wp-content\/uploads\/2024\/08\/fa5a3c88-bf69-4574-8a7a-f5db953c2e10-685x1024.jpeg\" alt=\"\" class=\"wp-image-261258\" srcset=\"https:\/\/noticiaempauta.com\/portal\/wp-content\/uploads\/2024\/08\/fa5a3c88-bf69-4574-8a7a-f5db953c2e10-685x1024.jpeg 685w, https:\/\/noticiaempauta.com\/portal\/wp-content\/uploads\/2024\/08\/fa5a3c88-bf69-4574-8a7a-f5db953c2e10-201x300.jpeg 201w, https:\/\/noticiaempauta.com\/portal\/wp-content\/uploads\/2024\/08\/fa5a3c88-bf69-4574-8a7a-f5db953c2e10-768x1148.jpeg 768w, https:\/\/noticiaempauta.com\/portal\/wp-content\/uploads\/2024\/08\/fa5a3c88-bf69-4574-8a7a-f5db953c2e10.jpeg 856w\" sizes=\"(max-width: 685px) 100vw, 685px\" \/><\/figure>\n\n\n\n<figure class=\"wp-block-image size-large\"><img loading=\"lazy\" decoding=\"async\" width=\"1024\" height=\"768\" src=\"https:\/\/noticiaempauta.com\/portal\/wp-content\/uploads\/2024\/08\/IMG_4194-1024x768.jpeg\" alt=\"\" class=\"wp-image-261259\" srcset=\"https:\/\/noticiaempauta.com\/portal\/wp-content\/uploads\/2024\/08\/IMG_4194-1024x768.jpeg 1024w, https:\/\/noticiaempauta.com\/portal\/wp-content\/uploads\/2024\/08\/IMG_4194-300x225.jpeg 300w, https:\/\/noticiaempauta.com\/portal\/wp-content\/uploads\/2024\/08\/IMG_4194-768x576.jpeg 768w, https:\/\/noticiaempauta.com\/portal\/wp-content\/uploads\/2024\/08\/IMG_4194-1536x1152.jpeg 1536w, https:\/\/noticiaempauta.com\/portal\/wp-content\/uploads\/2024\/08\/IMG_4194-2048x1536.jpeg 2048w\" sizes=\"(max-width: 1024px) 100vw, 1024px\" \/><\/figure>\n\n\n\n<figure class=\"wp-block-image size-large\"><img loading=\"lazy\" decoding=\"async\" width=\"1024\" height=\"768\" src=\"https:\/\/noticiaempauta.com\/portal\/wp-content\/uploads\/2024\/08\/IMG_4189-1024x768.jpeg\" alt=\"\" class=\"wp-image-261260\" srcset=\"https:\/\/noticiaempauta.com\/portal\/wp-content\/uploads\/2024\/08\/IMG_4189-1024x768.jpeg 1024w, https:\/\/noticiaempauta.com\/portal\/wp-content\/uploads\/2024\/08\/IMG_4189-300x225.jpeg 300w, https:\/\/noticiaempauta.com\/portal\/wp-content\/uploads\/2024\/08\/IMG_4189-768x576.jpeg 768w, https:\/\/noticiaempauta.com\/portal\/wp-content\/uploads\/2024\/08\/IMG_4189-1536x1152.jpeg 1536w, https:\/\/noticiaempauta.com\/portal\/wp-content\/uploads\/2024\/08\/IMG_4189-2048x1536.jpeg 2048w\" sizes=\"(max-width: 1024px) 100vw, 1024px\" \/><\/figure>\n\n\n\n<figure class=\"wp-block-image size-full\"><img loading=\"lazy\" decoding=\"async\" width=\"865\" height=\"562\" src=\"https:\/\/noticiaempauta.com\/portal\/wp-content\/uploads\/2024\/08\/IMG_4216.jpeg\" alt=\"\" class=\"wp-image-261261\" srcset=\"https:\/\/noticiaempauta.com\/portal\/wp-content\/uploads\/2024\/08\/IMG_4216.jpeg 865w, https:\/\/noticiaempauta.com\/portal\/wp-content\/uploads\/2024\/08\/IMG_4216-300x195.jpeg 300w, https:\/\/noticiaempauta.com\/portal\/wp-content\/uploads\/2024\/08\/IMG_4216-768x499.jpeg 768w\" sizes=\"(max-width: 865px) 100vw, 865px\" \/><\/figure>\n","protected":false},"excerpt":{"rendered":"<p>No in\u00edcio da tarde de ontem (16), a cidade de Picos testemunhou um verdadeiro espet\u00e1culo de apoio popular. A Avenida Severo Eul\u00e1lio foi palco da grande carreata que deu o pontap\u00e9 inicial \u00e0 campanha do candidato Pablo Santos, marcando oficialmente o come\u00e7o de sua jornada rumo \u00e0 prefeitura. Centenas de ve\u00edculos, decorados com bandeiras, adesivos [&hellip;]<\/p>\n","protected":false},"author":2,"featured_media":261253,"comment_status":"open","ping_status":"open","sticky":false,"template":"","format":"standard","meta":{"_mi_skip_tracking":false,"footnotes":""},"categories":[25,1,3,16],"tags":[192],"class_list":["post-261252","post","type-post","status-publish","format-standard","has-post-thumbnail","hentry","category-destaques-site","category-geral","category-politica","category-todas","tag-destaqueprincipal"],"acf":[],"yoast_head":"<!-- This site is optimized with the Yoast SEO Premium plugin v19.2 (Yoast SEO v26.9) - https:\/\/yoast.com\/product\/yoast-seo-premium-wordpress\/ -->\n<title>Grande adesiva\u00e7o do candidato Pablo Santos marca o in\u00edcio oficial da campanha em Picos - Portal Not\u00edcia em Pauta<\/title>\n<meta name=\"robots\" content=\"index, follow, max-snippet:-1, max-image-preview:large, max-video-preview:-1\" \/>\n<link rel=\"canonical\" href=\"https:\/\/noticiaempauta.com\/portal\/adesivaco-e-carreata-do-candidato-pablo-santos-marca-o-inicio-oficial-da-campanha-em-picos\/\" \/>\n<meta property=\"og:locale\" content=\"pt_BR\" \/>\n<meta property=\"og:type\" content=\"article\" \/>\n<meta property=\"og:title\" content=\"Grande adesiva\u00e7o do candidato Pablo Santos marca o in\u00edcio oficial da campanha em Picos\" \/>\n<meta property=\"og:description\" content=\"No in\u00edcio da tarde de ontem (16), a cidade de Picos testemunhou um verdadeiro espet\u00e1culo de apoio popular. A Avenida Severo Eul\u00e1lio foi palco da grande carreata que deu o pontap\u00e9 inicial \u00e0 campanha do candidato Pablo Santos, marcando oficialmente o come\u00e7o de sua jornada rumo \u00e0 prefeitura. Centenas de ve\u00edculos, decorados com bandeiras, adesivos [&hellip;]\" \/>\n<meta property=\"og:url\" content=\"https:\/\/noticiaempauta.com\/portal\/adesivaco-e-carreata-do-candidato-pablo-santos-marca-o-inicio-oficial-da-campanha-em-picos\/\" \/>\n<meta property=\"og:site_name\" content=\"Portal Not\u00edcia em Pauta\" \/>\n<meta property=\"article:publisher\" content=\"https:\/\/www.facebook.com\/Portal-Notcia-Em-Pauta-102292869264820\/\" \/>\n<meta property=\"article:published_time\" content=\"2024-08-17T13:25:57+00:00\" \/>\n<meta property=\"article:modified_time\" content=\"2024-08-17T13:43:54+00:00\" \/>\n<meta property=\"og:image\" content=\"https:\/\/noticiaempauta.com\/portal\/wp-content\/uploads\/2024\/08\/7188eaa1-ac82-402a-a367-d24c754d84bf.jpeg\" \/>\n\t<meta property=\"og:image:width\" content=\"1078\" \/>\n\t<meta property=\"og:image:height\" content=\"1049\" \/>\n\t<meta property=\"og:image:type\" content=\"image\/jpeg\" \/>\n<meta name=\"author\" content=\"Reda\u00e7\u00e3o\" \/>\n<meta name=\"twitter:card\" content=\"summary_large_image\" \/>\n<meta name=\"twitter:label1\" content=\"Escrito por\" \/>\n\t<meta name=\"twitter:data1\" content=\"Reda\u00e7\u00e3o\" \/>\n\t<meta name=\"twitter:label2\" content=\"Est. tempo de leitura\" \/>\n\t<meta name=\"twitter:data2\" content=\"4 minutos\" \/>\n<script type=\"application\/ld+json\" class=\"yoast-schema-graph\">{\"@context\":\"https:\/\/schema.org\",\"@graph\":[{\"@type\":\"Article\",\"@id\":\"https:\/\/noticiaempauta.com\/portal\/adesivaco-e-carreata-do-candidato-pablo-santos-marca-o-inicio-oficial-da-campanha-em-picos\/#article\",\"isPartOf\":{\"@id\":\"https:\/\/noticiaempauta.com\/portal\/adesivaco-e-carreata-do-candidato-pablo-santos-marca-o-inicio-oficial-da-campanha-em-picos\/\"},\"author\":{\"name\":\"Reda\u00e7\u00e3o\",\"@id\":\"https:\/\/noticiaempauta.com\/portal\/#\/schema\/person\/a74af43dd1ab3deca45f988c717d57ac\"},\"headline\":\"Grande adesiva\u00e7o do candidato Pablo Santos marca o in\u00edcio oficial da campanha em Picos\",\"datePublished\":\"2024-08-17T13:25:57+00:00\",\"dateModified\":\"2024-08-17T13:43:54+00:00\",\"mainEntityOfPage\":{\"@id\":\"https:\/\/noticiaempauta.com\/portal\/adesivaco-e-carreata-do-candidato-pablo-santos-marca-o-inicio-oficial-da-campanha-em-picos\/\"},\"wordCount\":326,\"commentCount\":0,\"publisher\":{\"@id\":\"https:\/\/noticiaempauta.com\/portal\/#organization\"},\"image\":{\"@id\":\"https:\/\/noticiaempauta.com\/portal\/adesivaco-e-carreata-do-candidato-pablo-santos-marca-o-inicio-oficial-da-campanha-em-picos\/#primaryimage\"},\"thumbnailUrl\":\"https:\/\/noticiaempauta.com\/portal\/wp-content\/uploads\/2024\/08\/7188eaa1-ac82-402a-a367-d24c754d84bf.jpeg\",\"keywords\":[\"destaqueprincipal\"],\"articleSection\":[\"Destaques\",\"Geral\",\"Pol\u00edtica\",\"Todas as Not\u00edcias\"],\"inLanguage\":\"pt-BR\",\"potentialAction\":[{\"@type\":\"CommentAction\",\"name\":\"Comment\",\"target\":[\"https:\/\/noticiaempauta.com\/portal\/adesivaco-e-carreata-do-candidato-pablo-santos-marca-o-inicio-oficial-da-campanha-em-picos\/#respond\"]}]},{\"@type\":\"WebPage\",\"@id\":\"https:\/\/noticiaempauta.com\/portal\/adesivaco-e-carreata-do-candidato-pablo-santos-marca-o-inicio-oficial-da-campanha-em-picos\/\",\"url\":\"https:\/\/noticiaempauta.com\/portal\/adesivaco-e-carreata-do-candidato-pablo-santos-marca-o-inicio-oficial-da-campanha-em-picos\/\",\"name\":\"Grande adesiva\u00e7o do candidato Pablo Santos marca o in\u00edcio oficial da campanha em Picos - Portal Not\u00edcia em Pauta\",\"isPartOf\":{\"@id\":\"https:\/\/noticiaempauta.com\/portal\/#website\"},\"primaryImageOfPage\":{\"@id\":\"https:\/\/noticiaempauta.com\/portal\/adesivaco-e-carreata-do-candidato-pablo-santos-marca-o-inicio-oficial-da-campanha-em-picos\/#primaryimage\"},\"image\":{\"@id\":\"https:\/\/noticiaempauta.com\/portal\/adesivaco-e-carreata-do-candidato-pablo-santos-marca-o-inicio-oficial-da-campanha-em-picos\/#primaryimage\"},\"thumbnailUrl\":\"https:\/\/noticiaempauta.com\/portal\/wp-content\/uploads\/2024\/08\/7188eaa1-ac82-402a-a367-d24c754d84bf.jpeg\",\"datePublished\":\"2024-08-17T13:25:57+00:00\",\"dateModified\":\"2024-08-17T13:43:54+00:00\",\"breadcrumb\":{\"@id\":\"https:\/\/noticiaempauta.com\/portal\/adesivaco-e-carreata-do-candidato-pablo-santos-marca-o-inicio-oficial-da-campanha-em-picos\/#breadcrumb\"},\"inLanguage\":\"pt-BR\",\"potentialAction\":[{\"@type\":\"ReadAction\",\"target\":[\"https:\/\/noticiaempauta.com\/portal\/adesivaco-e-carreata-do-candidato-pablo-santos-marca-o-inicio-oficial-da-campanha-em-picos\/\"]}]},{\"@type\":\"ImageObject\",\"inLanguage\":\"pt-BR\",\"@id\":\"https:\/\/noticiaempauta.com\/portal\/adesivaco-e-carreata-do-candidato-pablo-santos-marca-o-inicio-oficial-da-campanha-em-picos\/#primaryimage\",\"url\":\"https:\/\/noticiaempauta.com\/portal\/wp-content\/uploads\/2024\/08\/7188eaa1-ac82-402a-a367-d24c754d84bf.jpeg\",\"contentUrl\":\"https:\/\/noticiaempauta.com\/portal\/wp-content\/uploads\/2024\/08\/7188eaa1-ac82-402a-a367-d24c754d84bf.jpeg\",\"width\":1078,\"height\":1049},{\"@type\":\"BreadcrumbList\",\"@id\":\"https:\/\/noticiaempauta.com\/portal\/adesivaco-e-carreata-do-candidato-pablo-santos-marca-o-inicio-oficial-da-campanha-em-picos\/#breadcrumb\",\"itemListElement\":[{\"@type\":\"ListItem\",\"position\":1,\"name\":\"P\u00e1gina Inicial\",\"item\":\"https:\/\/noticiaempauta.com\/portal\/\"},{\"@type\":\"ListItem\",\"position\":2,\"name\":\"Destaques\",\"item\":\"https:\/\/noticiaempauta.com\/portal\/destaques-site\/\"},{\"@type\":\"ListItem\",\"position\":3,\"name\":\"Grande adesiva\u00e7o do candidato Pablo Santos marca o in\u00edcio oficial da campanha em Picos\"}]},{\"@type\":\"WebSite\",\"@id\":\"https:\/\/noticiaempauta.com\/portal\/#website\",\"url\":\"https:\/\/noticiaempauta.com\/portal\/\",\"name\":\"Portal Not\u00edcia em Pauta\",\"description\":\"Voc\u00ea bem informado\",\"publisher\":{\"@id\":\"https:\/\/noticiaempauta.com\/portal\/#organization\"},\"potentialAction\":[{\"@type\":\"SearchAction\",\"target\":{\"@type\":\"EntryPoint\",\"urlTemplate\":\"https:\/\/noticiaempauta.com\/portal\/?s={search_term_string}\"},\"query-input\":{\"@type\":\"PropertyValueSpecification\",\"valueRequired\":true,\"valueName\":\"search_term_string\"}}],\"inLanguage\":\"pt-BR\"},{\"@type\":\"Organization\",\"@id\":\"https:\/\/noticiaempauta.com\/portal\/#organization\",\"name\":\"Portal Not\u00edcia em Pauta\",\"url\":\"https:\/\/noticiaempauta.com\/portal\/\",\"logo\":{\"@type\":\"ImageObject\",\"inLanguage\":\"pt-BR\",\"@id\":\"https:\/\/noticiaempauta.com\/portal\/#\/schema\/logo\/image\/\",\"url\":\"https:\/\/noticiaempauta.com\/portal\/wp-content\/uploads\/2022\/08\/logomarca_tema.fw_.png\",\"contentUrl\":\"https:\/\/noticiaempauta.com\/portal\/wp-content\/uploads\/2022\/08\/logomarca_tema.fw_.png\",\"width\":400,\"height\":232,\"caption\":\"Portal Not\u00edcia em Pauta\"},\"image\":{\"@id\":\"https:\/\/noticiaempauta.com\/portal\/#\/schema\/logo\/image\/\"},\"sameAs\":[\"https:\/\/www.facebook.com\/Portal-Notcia-Em-Pauta-102292869264820\/\",\"https:\/\/www.instagram.com\/portalnoticiaempauta\/\"]},{\"@type\":\"Person\",\"@id\":\"https:\/\/noticiaempauta.com\/portal\/#\/schema\/person\/a74af43dd1ab3deca45f988c717d57ac\",\"name\":\"Reda\u00e7\u00e3o\",\"image\":{\"@type\":\"ImageObject\",\"inLanguage\":\"pt-BR\",\"@id\":\"https:\/\/noticiaempauta.com\/portal\/#\/schema\/person\/image\/\",\"url\":\"https:\/\/secure.gravatar.com\/avatar\/03179346ecce6cdfc13361603e8f54242a90e5cde8618fa23c5c00aa2b0aadf3?s=96&d=mm&r=g\",\"contentUrl\":\"https:\/\/secure.gravatar.com\/avatar\/03179346ecce6cdfc13361603e8f54242a90e5cde8618fa23c5c00aa2b0aadf3?s=96&d=mm&r=g\",\"caption\":\"Reda\u00e7\u00e3o\"},\"sameAs\":[\"https:\/\/noticiaempauta.com\/portal\/\"],\"url\":\"https:\/\/noticiaempauta.com\/portal\/author\/fernando\/\"}]}<\/script>\n<!-- \/ Yoast SEO Premium plugin. -->","yoast_head_json":{"title":"Grande adesiva\u00e7o do candidato Pablo Santos marca o in\u00edcio oficial da campanha em Picos - Portal Not\u00edcia em Pauta","robots":{"index":"index","follow":"follow","max-snippet":"max-snippet:-1","max-image-preview":"max-image-preview:large","max-video-preview":"max-video-preview:-1"},"canonical":"https:\/\/noticiaempauta.com\/portal\/adesivaco-e-carreata-do-candidato-pablo-santos-marca-o-inicio-oficial-da-campanha-em-picos\/","og_locale":"pt_BR","og_type":"article","og_title":"Grande adesiva\u00e7o do candidato Pablo Santos marca o in\u00edcio oficial da campanha em Picos","og_description":"No in\u00edcio da tarde de ontem (16), a cidade de Picos testemunhou um verdadeiro espet\u00e1culo de apoio popular. A Avenida Severo Eul\u00e1lio foi palco da grande carreata que deu o pontap\u00e9 inicial \u00e0 campanha do candidato Pablo Santos, marcando oficialmente o come\u00e7o de sua jornada rumo \u00e0 prefeitura. Centenas de ve\u00edculos, decorados com bandeiras, adesivos [&hellip;]","og_url":"https:\/\/noticiaempauta.com\/portal\/adesivaco-e-carreata-do-candidato-pablo-santos-marca-o-inicio-oficial-da-campanha-em-picos\/","og_site_name":"Portal Not\u00edcia em Pauta","article_publisher":"https:\/\/www.facebook.com\/Portal-Notcia-Em-Pauta-102292869264820\/","article_published_time":"2024-08-17T13:25:57+00:00","article_modified_time":"2024-08-17T13:43:54+00:00","og_image":[{"width":1078,"height":1049,"url":"https:\/\/noticiaempauta.com\/portal\/wp-content\/uploads\/2024\/08\/7188eaa1-ac82-402a-a367-d24c754d84bf.jpeg","type":"image\/jpeg"}],"author":"Reda\u00e7\u00e3o","twitter_card":"summary_large_image","twitter_misc":{"Escrito por":"Reda\u00e7\u00e3o","Est. tempo de leitura":"4 minutos"},"schema":{"@context":"https:\/\/schema.org","@graph":[{"@type":"Article","@id":"https:\/\/noticiaempauta.com\/portal\/adesivaco-e-carreata-do-candidato-pablo-santos-marca-o-inicio-oficial-da-campanha-em-picos\/#article","isPartOf":{"@id":"https:\/\/noticiaempauta.com\/portal\/adesivaco-e-carreata-do-candidato-pablo-santos-marca-o-inicio-oficial-da-campanha-em-picos\/"},"author":{"name":"Reda\u00e7\u00e3o","@id":"https:\/\/noticiaempauta.com\/portal\/#\/schema\/person\/a74af43dd1ab3deca45f988c717d57ac"},"headline":"Grande adesiva\u00e7o do candidato Pablo Santos marca o in\u00edcio oficial da campanha em Picos","datePublished":"2024-08-17T13:25:57+00:00","dateModified":"2024-08-17T13:43:54+00:00","mainEntityOfPage":{"@id":"https:\/\/noticiaempauta.com\/portal\/adesivaco-e-carreata-do-candidato-pablo-santos-marca-o-inicio-oficial-da-campanha-em-picos\/"},"wordCount":326,"commentCount":0,"publisher":{"@id":"https:\/\/noticiaempauta.com\/portal\/#organization"},"image":{"@id":"https:\/\/noticiaempauta.com\/portal\/adesivaco-e-carreata-do-candidato-pablo-santos-marca-o-inicio-oficial-da-campanha-em-picos\/#primaryimage"},"thumbnailUrl":"https:\/\/noticiaempauta.com\/portal\/wp-content\/uploads\/2024\/08\/7188eaa1-ac82-402a-a367-d24c754d84bf.jpeg","keywords":["destaqueprincipal"],"articleSection":["Destaques","Geral","Pol\u00edtica","Todas as Not\u00edcias"],"inLanguage":"pt-BR","potentialAction":[{"@type":"CommentAction","name":"Comment","target":["https:\/\/noticiaempauta.com\/portal\/adesivaco-e-carreata-do-candidato-pablo-santos-marca-o-inicio-oficial-da-campanha-em-picos\/#respond"]}]},{"@type":"WebPage","@id":"https:\/\/noticiaempauta.com\/portal\/adesivaco-e-carreata-do-candidato-pablo-santos-marca-o-inicio-oficial-da-campanha-em-picos\/","url":"https:\/\/noticiaempauta.com\/portal\/adesivaco-e-carreata-do-candidato-pablo-santos-marca-o-inicio-oficial-da-campanha-em-picos\/","name":"Grande adesiva\u00e7o do candidato Pablo Santos marca o in\u00edcio oficial da campanha em Picos - Portal Not\u00edcia em Pauta","isPartOf":{"@id":"https:\/\/noticiaempauta.com\/portal\/#website"},"primaryImageOfPage":{"@id":"https:\/\/noticiaempauta.com\/portal\/adesivaco-e-carreata-do-candidato-pablo-santos-marca-o-inicio-oficial-da-campanha-em-picos\/#primaryimage"},"image":{"@id":"https:\/\/noticiaempauta.com\/portal\/adesivaco-e-carreata-do-candidato-pablo-santos-marca-o-inicio-oficial-da-campanha-em-picos\/#primaryimage"},"thumbnailUrl":"https:\/\/noticiaempauta.com\/portal\/wp-content\/uploads\/2024\/08\/7188eaa1-ac82-402a-a367-d24c754d84bf.jpeg","datePublished":"2024-08-17T13:25:57+00:00","dateModified":"2024-08-17T13:43:54+00:00","breadcrumb":{"@id":"https:\/\/noticiaempauta.com\/portal\/adesivaco-e-carreata-do-candidato-pablo-santos-marca-o-inicio-oficial-da-campanha-em-picos\/#breadcrumb"},"inLanguage":"pt-BR","potentialAction":[{"@type":"ReadAction","target":["https:\/\/noticiaempauta.com\/portal\/adesivaco-e-carreata-do-candidato-pablo-santos-marca-o-inicio-oficial-da-campanha-em-picos\/"]}]},{"@type":"ImageObject","inLanguage":"pt-BR","@id":"https:\/\/noticiaempauta.com\/portal\/adesivaco-e-carreata-do-candidato-pablo-santos-marca-o-inicio-oficial-da-campanha-em-picos\/#primaryimage","url":"https:\/\/noticiaempauta.com\/portal\/wp-content\/uploads\/2024\/08\/7188eaa1-ac82-402a-a367-d24c754d84bf.jpeg","contentUrl":"https:\/\/noticiaempauta.com\/portal\/wp-content\/uploads\/2024\/08\/7188eaa1-ac82-402a-a367-d24c754d84bf.jpeg","width":1078,"height":1049},{"@type":"BreadcrumbList","@id":"https:\/\/noticiaempauta.com\/portal\/adesivaco-e-carreata-do-candidato-pablo-santos-marca-o-inicio-oficial-da-campanha-em-picos\/#breadcrumb","itemListElement":[{"@type":"ListItem","position":1,"name":"P\u00e1gina Inicial","item":"https:\/\/noticiaempauta.com\/portal\/"},{"@type":"ListItem","position":2,"name":"Destaques","item":"https:\/\/noticiaempauta.com\/portal\/destaques-site\/"},{"@type":"ListItem","position":3,"name":"Grande adesiva\u00e7o do candidato Pablo Santos marca o in\u00edcio oficial da campanha em Picos"}]},{"@type":"WebSite","@id":"https:\/\/noticiaempauta.com\/portal\/#website","url":"https:\/\/noticiaempauta.com\/portal\/","name":"Portal Not\u00edcia em Pauta","description":"Voc\u00ea bem informado","publisher":{"@id":"https:\/\/noticiaempauta.com\/portal\/#organization"},"potentialAction":[{"@type":"SearchAction","target":{"@type":"EntryPoint","urlTemplate":"https:\/\/noticiaempauta.com\/portal\/?s={search_term_string}"},"query-input":{"@type":"PropertyValueSpecification","valueRequired":true,"valueName":"search_term_string"}}],"inLanguage":"pt-BR"},{"@type":"Organization","@id":"https:\/\/noticiaempauta.com\/portal\/#organization","name":"Portal Not\u00edcia em Pauta","url":"https:\/\/noticiaempauta.com\/portal\/","logo":{"@type":"ImageObject","inLanguage":"pt-BR","@id":"https:\/\/noticiaempauta.com\/portal\/#\/schema\/logo\/image\/","url":"https:\/\/noticiaempauta.com\/portal\/wp-content\/uploads\/2022\/08\/logomarca_tema.fw_.png","contentUrl":"https:\/\/noticiaempauta.com\/portal\/wp-content\/uploads\/2022\/08\/logomarca_tema.fw_.png","width":400,"height":232,"caption":"Portal Not\u00edcia em Pauta"},"image":{"@id":"https:\/\/noticiaempauta.com\/portal\/#\/schema\/logo\/image\/"},"sameAs":["https:\/\/www.facebook.com\/Portal-Notcia-Em-Pauta-102292869264820\/","https:\/\/www.instagram.com\/portalnoticiaempauta\/"]},{"@type":"Person","@id":"https:\/\/noticiaempauta.com\/portal\/#\/schema\/person\/a74af43dd1ab3deca45f988c717d57ac","name":"Reda\u00e7\u00e3o","image":{"@type":"ImageObject","inLanguage":"pt-BR","@id":"https:\/\/noticiaempauta.com\/portal\/#\/schema\/person\/image\/","url":"https:\/\/secure.gravatar.com\/avatar\/03179346ecce6cdfc13361603e8f54242a90e5cde8618fa23c5c00aa2b0aadf3?s=96&d=mm&r=g","contentUrl":"https:\/\/secure.gravatar.com\/avatar\/03179346ecce6cdfc13361603e8f54242a90e5cde8618fa23c5c00aa2b0aadf3?s=96&d=mm&r=g","caption":"Reda\u00e7\u00e3o"},"sameAs":["https:\/\/noticiaempauta.com\/portal\/"],"url":"https:\/\/noticiaempauta.com\/portal\/author\/fernando\/"}]}},"_links":{"self":[{"href":"https:\/\/noticiaempauta.com\/portal\/wp-json\/wp\/v2\/posts\/261252","targetHints":{"allow":["GET"]}}],"collection":[{"href":"https:\/\/noticiaempauta.com\/portal\/wp-json\/wp\/v2\/posts"}],"about":[{"href":"https:\/\/noticiaempauta.com\/portal\/wp-json\/wp\/v2\/types\/post"}],"author":[{"embeddable":true,"href":"https:\/\/noticiaempauta.com\/portal\/wp-json\/wp\/v2\/users\/2"}],"replies":[{"embeddable":true,"href":"https:\/\/noticiaempauta.com\/portal\/wp-json\/wp\/v2\/comments?post=261252"}],"version-history":[{"count":4,"href":"https:\/\/noticiaempauta.com\/portal\/wp-json\/wp\/v2\/posts\/261252\/revisions"}],"predecessor-version":[{"id":261265,"href":"https:\/\/noticiaempauta.com\/portal\/wp-json\/wp\/v2\/posts\/261252\/revisions\/261265"}],"wp:featuredmedia":[{"embeddable":true,"href":"https:\/\/noticiaempauta.com\/portal\/wp-json\/wp\/v2\/media\/261253"}],"wp:attachment":[{"href":"https:\/\/noticiaempauta.com\/portal\/wp-json\/wp\/v2\/media?parent=261252"}],"wp:term":[{"taxonomy":"category","embeddable":true,"href":"https:\/\/noticiaempauta.com\/portal\/wp-json\/wp\/v2\/categories?post=261252"},{"taxonomy":"post_tag","embeddable":true,"href":"https:\/\/noticiaempauta.com\/portal\/wp-json\/wp\/v2\/tags?post=261252"}],"curies":[{"name":"wp","href":"https:\/\/api.w.org\/{rel}","templated":true}]}}