{"id":261266,"date":"2024-08-17T12:01:51","date_gmt":"2024-08-17T15:01:51","guid":{"rendered":"https:\/\/noticiaempauta.com\/portal\/?p=261266"},"modified":"2024-08-17T12:01:52","modified_gmt":"2024-08-17T15:01:52","slug":"motociclista-morre-em-colisao-com-caminhao-na-br-316","status":"publish","type":"post","link":"https:\/\/noticiaempauta.com\/portal\/motociclista-morre-em-colisao-com-caminhao-na-br-316\/","title":{"rendered":"Motociclista morre em colis\u00e3o com caminh\u00e3o na BR-316"},"content":{"rendered":"\n<p>Um motociclista de 23 anos morreu nesta sexta-feira (16), ap\u00f3s uma colis\u00e3o frontal com um caminh\u00e3o na BR-316, nas proximidades de Barro Duro, Piau\u00ed. O acidente ocorreu por volta das 7h30 no KM 98 da rodovia. O acidente ocorreu quando o condutor da motocicleta, que estava sozinho na moto, invadiu a faixa contr\u00e1ria e bateu de frente com o caminh\u00e3o.<\/p>\n\n\n\n<figure class=\"wp-block-image size-full\"><img fetchpriority=\"high\" decoding=\"async\" width=\"800\" height=\"673\" src=\"https:\/\/noticiaempauta.com\/portal\/wp-content\/uploads\/2024\/08\/IMG_4219.webp\" alt=\"\" class=\"wp-image-261267\" srcset=\"https:\/\/noticiaempauta.com\/portal\/wp-content\/uploads\/2024\/08\/IMG_4219.webp 800w, https:\/\/noticiaempauta.com\/portal\/wp-content\/uploads\/2024\/08\/IMG_4219-300x252.webp 300w, https:\/\/noticiaempauta.com\/portal\/wp-content\/uploads\/2024\/08\/IMG_4219-768x646.webp 768w\" sizes=\"(max-width: 800px) 100vw, 800px\" \/><\/figure>\n\n\n\n<p>Segundo informa\u00e7\u00f5es da Pol\u00edcia Rodovi\u00e1ria Federal (PRF), o acidente aconteceu por volta das 7h30 da sexta-feira (17), quando o motociclista estava sozinho e, por raz\u00f5es ainda n\u00e3o confirmadas, invadiu a pista contr\u00e1ria, colidindo frontalmente com o caminh\u00e3o. O impacto foi imediato e resultou na morte do condutor da moto. O motorista do caminh\u00e3o, que permaneceu no local ap\u00f3s o acidente, foi submetido a um teste de alcoolemia, com resultado negativo, e n\u00e3o sofreu ferimentos.<\/p>\n\n\n\n<p>A PRF est\u00e1 investigando as circunst\u00e2ncias do acidente e considera a hip\u00f3tese de que o motociclista possa ter adormecido ao volante, o que pode ter levado \u00e0 invas\u00e3o da faixa contr\u00e1ria e \u00e0 colis\u00e3o. A Pol\u00edcia Civil do Piau\u00ed est\u00e1 conduzindo uma per\u00edcia detalhada para determinar as causas exatas da colis\u00e3o e entender melhor as circunst\u00e2ncias que levaram o acidente. O corpo do motociclista foi encaminhado ao Instituto M\u00e9dico Legal (IML) para os procedimentos habituais.<\/p>\n\n\n\n<p>Fonte: Portal O Dia<\/p>\n","protected":false},"excerpt":{"rendered":"<p>Um motociclista de 23 anos morreu nesta sexta-feira (16), ap\u00f3s uma colis\u00e3o frontal com um caminh\u00e3o na BR-316, nas proximidades de Barro Duro, Piau\u00ed. O acidente ocorreu por volta das 7h30 no KM 98 da rodovia. O acidente ocorreu quando o condutor da motocicleta, que estava sozinho na moto, invadiu a faixa contr\u00e1ria e bateu [&hellip;]<\/p>\n","protected":false},"author":2,"featured_media":261267,"comment_status":"open","ping_status":"open","sticky":false,"template":"","format":"standard","meta":{"_mi_skip_tracking":false,"footnotes":""},"categories":[25,1,16],"tags":[192],"class_list":["post-261266","post","type-post","status-publish","format-standard","has-post-thumbnail","hentry","category-destaques-site","category-geral","category-todas","tag-destaqueprincipal"],"acf":[],"yoast_head":"<!-- This site is optimized with the Yoast SEO Premium plugin v19.2 (Yoast SEO v26.9) - https:\/\/yoast.com\/product\/yoast-seo-premium-wordpress\/ -->\n<title>Motociclista morre em colis\u00e3o com caminh\u00e3o na BR-316 - Portal Not\u00edcia em Pauta<\/title>\n<meta name=\"robots\" content=\"index, follow, max-snippet:-1, max-image-preview:large, max-video-preview:-1\" \/>\n<link rel=\"canonical\" href=\"https:\/\/noticiaempauta.com\/portal\/motociclista-morre-em-colisao-com-caminhao-na-br-316\/\" \/>\n<meta property=\"og:locale\" content=\"pt_BR\" \/>\n<meta property=\"og:type\" content=\"article\" \/>\n<meta property=\"og:title\" content=\"Motociclista morre em colis\u00e3o com caminh\u00e3o na BR-316\" \/>\n<meta property=\"og:description\" content=\"Um motociclista de 23 anos morreu nesta sexta-feira (16), ap\u00f3s uma colis\u00e3o frontal com um caminh\u00e3o na BR-316, nas proximidades de Barro Duro, Piau\u00ed. O acidente ocorreu por volta das 7h30 no KM 98 da rodovia. O acidente ocorreu quando o condutor da motocicleta, que estava sozinho na moto, invadiu a faixa contr\u00e1ria e bateu [&hellip;]\" \/>\n<meta property=\"og:url\" content=\"https:\/\/noticiaempauta.com\/portal\/motociclista-morre-em-colisao-com-caminhao-na-br-316\/\" \/>\n<meta property=\"og:site_name\" content=\"Portal Not\u00edcia em Pauta\" \/>\n<meta property=\"article:publisher\" content=\"https:\/\/www.facebook.com\/Portal-Notcia-Em-Pauta-102292869264820\/\" \/>\n<meta property=\"article:published_time\" content=\"2024-08-17T15:01:51+00:00\" \/>\n<meta property=\"article:modified_time\" content=\"2024-08-17T15:01:52+00:00\" \/>\n<meta property=\"og:image\" content=\"https:\/\/noticiaempauta.com\/portal\/wp-content\/uploads\/2024\/08\/IMG_4219.webp\" \/>\n\t<meta property=\"og:image:width\" content=\"800\" \/>\n\t<meta property=\"og:image:height\" content=\"673\" \/>\n\t<meta property=\"og:image:type\" content=\"image\/webp\" \/>\n<meta name=\"author\" content=\"Reda\u00e7\u00e3o\" \/>\n<meta name=\"twitter:card\" content=\"summary_large_image\" \/>\n<meta name=\"twitter:label1\" content=\"Escrito por\" \/>\n\t<meta name=\"twitter:data1\" content=\"Reda\u00e7\u00e3o\" \/>\n\t<meta name=\"twitter:label2\" content=\"Est. tempo de leitura\" \/>\n\t<meta name=\"twitter:data2\" content=\"2 minutos\" \/>\n<script type=\"application\/ld+json\" class=\"yoast-schema-graph\">{\"@context\":\"https:\/\/schema.org\",\"@graph\":[{\"@type\":\"Article\",\"@id\":\"https:\/\/noticiaempauta.com\/portal\/motociclista-morre-em-colisao-com-caminhao-na-br-316\/#article\",\"isPartOf\":{\"@id\":\"https:\/\/noticiaempauta.com\/portal\/motociclista-morre-em-colisao-com-caminhao-na-br-316\/\"},\"author\":{\"name\":\"Reda\u00e7\u00e3o\",\"@id\":\"https:\/\/noticiaempauta.com\/portal\/#\/schema\/person\/a74af43dd1ab3deca45f988c717d57ac\"},\"headline\":\"Motociclista morre em colis\u00e3o com caminh\u00e3o na BR-316\",\"datePublished\":\"2024-08-17T15:01:51+00:00\",\"dateModified\":\"2024-08-17T15:01:52+00:00\",\"mainEntityOfPage\":{\"@id\":\"https:\/\/noticiaempauta.com\/portal\/motociclista-morre-em-colisao-com-caminhao-na-br-316\/\"},\"wordCount\":242,\"commentCount\":0,\"publisher\":{\"@id\":\"https:\/\/noticiaempauta.com\/portal\/#organization\"},\"image\":{\"@id\":\"https:\/\/noticiaempauta.com\/portal\/motociclista-morre-em-colisao-com-caminhao-na-br-316\/#primaryimage\"},\"thumbnailUrl\":\"https:\/\/noticiaempauta.com\/portal\/wp-content\/uploads\/2024\/08\/IMG_4219.webp\",\"keywords\":[\"destaqueprincipal\"],\"articleSection\":[\"Destaques\",\"Geral\",\"Todas as Not\u00edcias\"],\"inLanguage\":\"pt-BR\",\"potentialAction\":[{\"@type\":\"CommentAction\",\"name\":\"Comment\",\"target\":[\"https:\/\/noticiaempauta.com\/portal\/motociclista-morre-em-colisao-com-caminhao-na-br-316\/#respond\"]}]},{\"@type\":\"WebPage\",\"@id\":\"https:\/\/noticiaempauta.com\/portal\/motociclista-morre-em-colisao-com-caminhao-na-br-316\/\",\"url\":\"https:\/\/noticiaempauta.com\/portal\/motociclista-morre-em-colisao-com-caminhao-na-br-316\/\",\"name\":\"Motociclista morre em colis\u00e3o com caminh\u00e3o na BR-316 - Portal Not\u00edcia em Pauta\",\"isPartOf\":{\"@id\":\"https:\/\/noticiaempauta.com\/portal\/#website\"},\"primaryImageOfPage\":{\"@id\":\"https:\/\/noticiaempauta.com\/portal\/motociclista-morre-em-colisao-com-caminhao-na-br-316\/#primaryimage\"},\"image\":{\"@id\":\"https:\/\/noticiaempauta.com\/portal\/motociclista-morre-em-colisao-com-caminhao-na-br-316\/#primaryimage\"},\"thumbnailUrl\":\"https:\/\/noticiaempauta.com\/portal\/wp-content\/uploads\/2024\/08\/IMG_4219.webp\",\"datePublished\":\"2024-08-17T15:01:51+00:00\",\"dateModified\":\"2024-08-17T15:01:52+00:00\",\"breadcrumb\":{\"@id\":\"https:\/\/noticiaempauta.com\/portal\/motociclista-morre-em-colisao-com-caminhao-na-br-316\/#breadcrumb\"},\"inLanguage\":\"pt-BR\",\"potentialAction\":[{\"@type\":\"ReadAction\",\"target\":[\"https:\/\/noticiaempauta.com\/portal\/motociclista-morre-em-colisao-com-caminhao-na-br-316\/\"]}]},{\"@type\":\"ImageObject\",\"inLanguage\":\"pt-BR\",\"@id\":\"https:\/\/noticiaempauta.com\/portal\/motociclista-morre-em-colisao-com-caminhao-na-br-316\/#primaryimage\",\"url\":\"https:\/\/noticiaempauta.com\/portal\/wp-content\/uploads\/2024\/08\/IMG_4219.webp\",\"contentUrl\":\"https:\/\/noticiaempauta.com\/portal\/wp-content\/uploads\/2024\/08\/IMG_4219.webp\",\"width\":800,\"height\":673},{\"@type\":\"BreadcrumbList\",\"@id\":\"https:\/\/noticiaempauta.com\/portal\/motociclista-morre-em-colisao-com-caminhao-na-br-316\/#breadcrumb\",\"itemListElement\":[{\"@type\":\"ListItem\",\"position\":1,\"name\":\"P\u00e1gina Inicial\",\"item\":\"https:\/\/noticiaempauta.com\/portal\/\"},{\"@type\":\"ListItem\",\"position\":2,\"name\":\"Destaques\",\"item\":\"https:\/\/noticiaempauta.com\/portal\/destaques-site\/\"},{\"@type\":\"ListItem\",\"position\":3,\"name\":\"Motociclista morre em colis\u00e3o com caminh\u00e3o na BR-316\"}]},{\"@type\":\"WebSite\",\"@id\":\"https:\/\/noticiaempauta.com\/portal\/#website\",\"url\":\"https:\/\/noticiaempauta.com\/portal\/\",\"name\":\"Portal Not\u00edcia em Pauta\",\"description\":\"Voc\u00ea bem informado\",\"publisher\":{\"@id\":\"https:\/\/noticiaempauta.com\/portal\/#organization\"},\"potentialAction\":[{\"@type\":\"SearchAction\",\"target\":{\"@type\":\"EntryPoint\",\"urlTemplate\":\"https:\/\/noticiaempauta.com\/portal\/?s={search_term_string}\"},\"query-input\":{\"@type\":\"PropertyValueSpecification\",\"valueRequired\":true,\"valueName\":\"search_term_string\"}}],\"inLanguage\":\"pt-BR\"},{\"@type\":\"Organization\",\"@id\":\"https:\/\/noticiaempauta.com\/portal\/#organization\",\"name\":\"Portal Not\u00edcia em Pauta\",\"url\":\"https:\/\/noticiaempauta.com\/portal\/\",\"logo\":{\"@type\":\"ImageObject\",\"inLanguage\":\"pt-BR\",\"@id\":\"https:\/\/noticiaempauta.com\/portal\/#\/schema\/logo\/image\/\",\"url\":\"https:\/\/noticiaempauta.com\/portal\/wp-content\/uploads\/2022\/08\/logomarca_tema.fw_.png\",\"contentUrl\":\"https:\/\/noticiaempauta.com\/portal\/wp-content\/uploads\/2022\/08\/logomarca_tema.fw_.png\",\"width\":400,\"height\":232,\"caption\":\"Portal Not\u00edcia em Pauta\"},\"image\":{\"@id\":\"https:\/\/noticiaempauta.com\/portal\/#\/schema\/logo\/image\/\"},\"sameAs\":[\"https:\/\/www.facebook.com\/Portal-Notcia-Em-Pauta-102292869264820\/\",\"https:\/\/www.instagram.com\/portalnoticiaempauta\/\"]},{\"@type\":\"Person\",\"@id\":\"https:\/\/noticiaempauta.com\/portal\/#\/schema\/person\/a74af43dd1ab3deca45f988c717d57ac\",\"name\":\"Reda\u00e7\u00e3o\",\"image\":{\"@type\":\"ImageObject\",\"inLanguage\":\"pt-BR\",\"@id\":\"https:\/\/noticiaempauta.com\/portal\/#\/schema\/person\/image\/\",\"url\":\"https:\/\/secure.gravatar.com\/avatar\/03179346ecce6cdfc13361603e8f54242a90e5cde8618fa23c5c00aa2b0aadf3?s=96&d=mm&r=g\",\"contentUrl\":\"https:\/\/secure.gravatar.com\/avatar\/03179346ecce6cdfc13361603e8f54242a90e5cde8618fa23c5c00aa2b0aadf3?s=96&d=mm&r=g\",\"caption\":\"Reda\u00e7\u00e3o\"},\"sameAs\":[\"https:\/\/noticiaempauta.com\/portal\/\"],\"url\":\"https:\/\/noticiaempauta.com\/portal\/author\/fernando\/\"}]}<\/script>\n<!-- \/ Yoast SEO Premium plugin. -->","yoast_head_json":{"title":"Motociclista morre em colis\u00e3o com caminh\u00e3o na BR-316 - Portal Not\u00edcia em Pauta","robots":{"index":"index","follow":"follow","max-snippet":"max-snippet:-1","max-image-preview":"max-image-preview:large","max-video-preview":"max-video-preview:-1"},"canonical":"https:\/\/noticiaempauta.com\/portal\/motociclista-morre-em-colisao-com-caminhao-na-br-316\/","og_locale":"pt_BR","og_type":"article","og_title":"Motociclista morre em colis\u00e3o com caminh\u00e3o na BR-316","og_description":"Um motociclista de 23 anos morreu nesta sexta-feira (16), ap\u00f3s uma colis\u00e3o frontal com um caminh\u00e3o na BR-316, nas proximidades de Barro Duro, Piau\u00ed. O acidente ocorreu por volta das 7h30 no KM 98 da rodovia. O acidente ocorreu quando o condutor da motocicleta, que estava sozinho na moto, invadiu a faixa contr\u00e1ria e bateu [&hellip;]","og_url":"https:\/\/noticiaempauta.com\/portal\/motociclista-morre-em-colisao-com-caminhao-na-br-316\/","og_site_name":"Portal Not\u00edcia em Pauta","article_publisher":"https:\/\/www.facebook.com\/Portal-Notcia-Em-Pauta-102292869264820\/","article_published_time":"2024-08-17T15:01:51+00:00","article_modified_time":"2024-08-17T15:01:52+00:00","og_image":[{"width":800,"height":673,"url":"https:\/\/noticiaempauta.com\/portal\/wp-content\/uploads\/2024\/08\/IMG_4219.webp","type":"image\/webp"}],"author":"Reda\u00e7\u00e3o","twitter_card":"summary_large_image","twitter_misc":{"Escrito por":"Reda\u00e7\u00e3o","Est. tempo de leitura":"2 minutos"},"schema":{"@context":"https:\/\/schema.org","@graph":[{"@type":"Article","@id":"https:\/\/noticiaempauta.com\/portal\/motociclista-morre-em-colisao-com-caminhao-na-br-316\/#article","isPartOf":{"@id":"https:\/\/noticiaempauta.com\/portal\/motociclista-morre-em-colisao-com-caminhao-na-br-316\/"},"author":{"name":"Reda\u00e7\u00e3o","@id":"https:\/\/noticiaempauta.com\/portal\/#\/schema\/person\/a74af43dd1ab3deca45f988c717d57ac"},"headline":"Motociclista morre em colis\u00e3o com caminh\u00e3o na BR-316","datePublished":"2024-08-17T15:01:51+00:00","dateModified":"2024-08-17T15:01:52+00:00","mainEntityOfPage":{"@id":"https:\/\/noticiaempauta.com\/portal\/motociclista-morre-em-colisao-com-caminhao-na-br-316\/"},"wordCount":242,"commentCount":0,"publisher":{"@id":"https:\/\/noticiaempauta.com\/portal\/#organization"},"image":{"@id":"https:\/\/noticiaempauta.com\/portal\/motociclista-morre-em-colisao-com-caminhao-na-br-316\/#primaryimage"},"thumbnailUrl":"https:\/\/noticiaempauta.com\/portal\/wp-content\/uploads\/2024\/08\/IMG_4219.webp","keywords":["destaqueprincipal"],"articleSection":["Destaques","Geral","Todas as Not\u00edcias"],"inLanguage":"pt-BR","potentialAction":[{"@type":"CommentAction","name":"Comment","target":["https:\/\/noticiaempauta.com\/portal\/motociclista-morre-em-colisao-com-caminhao-na-br-316\/#respond"]}]},{"@type":"WebPage","@id":"https:\/\/noticiaempauta.com\/portal\/motociclista-morre-em-colisao-com-caminhao-na-br-316\/","url":"https:\/\/noticiaempauta.com\/portal\/motociclista-morre-em-colisao-com-caminhao-na-br-316\/","name":"Motociclista morre em colis\u00e3o com caminh\u00e3o na BR-316 - Portal Not\u00edcia em Pauta","isPartOf":{"@id":"https:\/\/noticiaempauta.com\/portal\/#website"},"primaryImageOfPage":{"@id":"https:\/\/noticiaempauta.com\/portal\/motociclista-morre-em-colisao-com-caminhao-na-br-316\/#primaryimage"},"image":{"@id":"https:\/\/noticiaempauta.com\/portal\/motociclista-morre-em-colisao-com-caminhao-na-br-316\/#primaryimage"},"thumbnailUrl":"https:\/\/noticiaempauta.com\/portal\/wp-content\/uploads\/2024\/08\/IMG_4219.webp","datePublished":"2024-08-17T15:01:51+00:00","dateModified":"2024-08-17T15:01:52+00:00","breadcrumb":{"@id":"https:\/\/noticiaempauta.com\/portal\/motociclista-morre-em-colisao-com-caminhao-na-br-316\/#breadcrumb"},"inLanguage":"pt-BR","potentialAction":[{"@type":"ReadAction","target":["https:\/\/noticiaempauta.com\/portal\/motociclista-morre-em-colisao-com-caminhao-na-br-316\/"]}]},{"@type":"ImageObject","inLanguage":"pt-BR","@id":"https:\/\/noticiaempauta.com\/portal\/motociclista-morre-em-colisao-com-caminhao-na-br-316\/#primaryimage","url":"https:\/\/noticiaempauta.com\/portal\/wp-content\/uploads\/2024\/08\/IMG_4219.webp","contentUrl":"https:\/\/noticiaempauta.com\/portal\/wp-content\/uploads\/2024\/08\/IMG_4219.webp","width":800,"height":673},{"@type":"BreadcrumbList","@id":"https:\/\/noticiaempauta.com\/portal\/motociclista-morre-em-colisao-com-caminhao-na-br-316\/#breadcrumb","itemListElement":[{"@type":"ListItem","position":1,"name":"P\u00e1gina Inicial","item":"https:\/\/noticiaempauta.com\/portal\/"},{"@type":"ListItem","position":2,"name":"Destaques","item":"https:\/\/noticiaempauta.com\/portal\/destaques-site\/"},{"@type":"ListItem","position":3,"name":"Motociclista morre em colis\u00e3o com caminh\u00e3o na BR-316"}]},{"@type":"WebSite","@id":"https:\/\/noticiaempauta.com\/portal\/#website","url":"https:\/\/noticiaempauta.com\/portal\/","name":"Portal Not\u00edcia em Pauta","description":"Voc\u00ea bem informado","publisher":{"@id":"https:\/\/noticiaempauta.com\/portal\/#organization"},"potentialAction":[{"@type":"SearchAction","target":{"@type":"EntryPoint","urlTemplate":"https:\/\/noticiaempauta.com\/portal\/?s={search_term_string}"},"query-input":{"@type":"PropertyValueSpecification","valueRequired":true,"valueName":"search_term_string"}}],"inLanguage":"pt-BR"},{"@type":"Organization","@id":"https:\/\/noticiaempauta.com\/portal\/#organization","name":"Portal Not\u00edcia em Pauta","url":"https:\/\/noticiaempauta.com\/portal\/","logo":{"@type":"ImageObject","inLanguage":"pt-BR","@id":"https:\/\/noticiaempauta.com\/portal\/#\/schema\/logo\/image\/","url":"https:\/\/noticiaempauta.com\/portal\/wp-content\/uploads\/2022\/08\/logomarca_tema.fw_.png","contentUrl":"https:\/\/noticiaempauta.com\/portal\/wp-content\/uploads\/2022\/08\/logomarca_tema.fw_.png","width":400,"height":232,"caption":"Portal Not\u00edcia em Pauta"},"image":{"@id":"https:\/\/noticiaempauta.com\/portal\/#\/schema\/logo\/image\/"},"sameAs":["https:\/\/www.facebook.com\/Portal-Notcia-Em-Pauta-102292869264820\/","https:\/\/www.instagram.com\/portalnoticiaempauta\/"]},{"@type":"Person","@id":"https:\/\/noticiaempauta.com\/portal\/#\/schema\/person\/a74af43dd1ab3deca45f988c717d57ac","name":"Reda\u00e7\u00e3o","image":{"@type":"ImageObject","inLanguage":"pt-BR","@id":"https:\/\/noticiaempauta.com\/portal\/#\/schema\/person\/image\/","url":"https:\/\/secure.gravatar.com\/avatar\/03179346ecce6cdfc13361603e8f54242a90e5cde8618fa23c5c00aa2b0aadf3?s=96&d=mm&r=g","contentUrl":"https:\/\/secure.gravatar.com\/avatar\/03179346ecce6cdfc13361603e8f54242a90e5cde8618fa23c5c00aa2b0aadf3?s=96&d=mm&r=g","caption":"Reda\u00e7\u00e3o"},"sameAs":["https:\/\/noticiaempauta.com\/portal\/"],"url":"https:\/\/noticiaempauta.com\/portal\/author\/fernando\/"}]}},"_links":{"self":[{"href":"https:\/\/noticiaempauta.com\/portal\/wp-json\/wp\/v2\/posts\/261266","targetHints":{"allow":["GET"]}}],"collection":[{"href":"https:\/\/noticiaempauta.com\/portal\/wp-json\/wp\/v2\/posts"}],"about":[{"href":"https:\/\/noticiaempauta.com\/portal\/wp-json\/wp\/v2\/types\/post"}],"author":[{"embeddable":true,"href":"https:\/\/noticiaempauta.com\/portal\/wp-json\/wp\/v2\/users\/2"}],"replies":[{"embeddable":true,"href":"https:\/\/noticiaempauta.com\/portal\/wp-json\/wp\/v2\/comments?post=261266"}],"version-history":[{"count":2,"href":"https:\/\/noticiaempauta.com\/portal\/wp-json\/wp\/v2\/posts\/261266\/revisions"}],"predecessor-version":[{"id":261269,"href":"https:\/\/noticiaempauta.com\/portal\/wp-json\/wp\/v2\/posts\/261266\/revisions\/261269"}],"wp:featuredmedia":[{"embeddable":true,"href":"https:\/\/noticiaempauta.com\/portal\/wp-json\/wp\/v2\/media\/261267"}],"wp:attachment":[{"href":"https:\/\/noticiaempauta.com\/portal\/wp-json\/wp\/v2\/media?parent=261266"}],"wp:term":[{"taxonomy":"category","embeddable":true,"href":"https:\/\/noticiaempauta.com\/portal\/wp-json\/wp\/v2\/categories?post=261266"},{"taxonomy":"post_tag","embeddable":true,"href":"https:\/\/noticiaempauta.com\/portal\/wp-json\/wp\/v2\/tags?post=261266"}],"curies":[{"name":"wp","href":"https:\/\/api.w.org\/{rel}","templated":true}]}}