{"id":261304,"date":"2024-08-19T09:40:48","date_gmt":"2024-08-19T12:40:48","guid":{"rendered":"https:\/\/noticiaempauta.com\/portal\/?p=261304"},"modified":"2024-08-19T09:40:48","modified_gmt":"2024-08-19T12:40:48","slug":"homem-e-preso-por-tentativa-de-homicidio-e-ameaca-com-arma-de-fogo-na-br-020-em-monsenhor-hipolito","status":"publish","type":"post","link":"https:\/\/noticiaempauta.com\/portal\/homem-e-preso-por-tentativa-de-homicidio-e-ameaca-com-arma-de-fogo-na-br-020-em-monsenhor-hipolito\/","title":{"rendered":"Homem \u00e9 preso por tentativa de homic\u00eddio e amea\u00e7a com arma de fogo na BR-020 em Monsenhor Hip\u00f3lito"},"content":{"rendered":"\n<p>Na tarde deste domingo, 18 de agosto, por volta das 17h30, o Grupamento da Pol\u00edcia Militar de Monsenhor Hip\u00f3lito foi acionado para atender a uma ocorr\u00eancia de amea\u00e7a no Assentamento Baix\u00e3o do Santiago, situado \u00e0s margens da BR 020.<\/p>\n\n\n\n<figure class=\"wp-block-image size-large\"><img fetchpriority=\"high\" decoding=\"async\" width=\"1024\" height=\"634\" src=\"https:\/\/noticiaempauta.com\/portal\/wp-content\/uploads\/2024\/08\/IMG-20240819-WA0007-1024x634.jpg\" alt=\"\" class=\"wp-image-261305\" srcset=\"https:\/\/noticiaempauta.com\/portal\/wp-content\/uploads\/2024\/08\/IMG-20240819-WA0007-1024x634.jpg 1024w, https:\/\/noticiaempauta.com\/portal\/wp-content\/uploads\/2024\/08\/IMG-20240819-WA0007-300x186.jpg 300w, https:\/\/noticiaempauta.com\/portal\/wp-content\/uploads\/2024\/08\/IMG-20240819-WA0007-768x475.jpg 768w, https:\/\/noticiaempauta.com\/portal\/wp-content\/uploads\/2024\/08\/IMG-20240819-WA0007.jpg 1487w\" sizes=\"(max-width: 1024px) 100vw, 1024px\" \/><\/figure>\n\n\n\n<p>De acordo com as informa\u00e7\u00f5es recebidas, um indiv\u00edduo identificado como A.J.R.O estava amea\u00e7ando uma mulher, A.L.N., portando uma espingarda do tipo \u201cbate-bucha\u201d. Ao chegarem ao local, os policiais encontraram a v\u00edtima, que relatou ter sido alvo de um disparo feito pelo agressor. Em defesa pr\u00f3pria, a mulher afirmou ter desferido um golpe de fac\u00e3o contra A.J.R. durante o confronto.<\/p>\n\n\n\n<p>Ambas as partes envolvidas foram conduzidas \u00e0 Central de Flagrantes, onde foram realizados os procedimentos cab\u00edveis. A.J.R. enfrentar\u00e1 acusa\u00e7\u00f5es de tentativa de homic\u00eddio simples, amea\u00e7a, posse irregular de arma de fogo e les\u00e3o corporal.<\/p>\n\n\n\n<p><strong><em>Fonte: CidadesnaNet<\/em><\/strong><\/p>\n","protected":false},"excerpt":{"rendered":"<p>Na tarde deste domingo, 18 de agosto, por volta das 17h30, o Grupamento da Pol\u00edcia Militar de Monsenhor Hip\u00f3lito foi acionado para atender a uma ocorr\u00eancia de amea\u00e7a no Assentamento Baix\u00e3o do Santiago, situado \u00e0s margens da BR 020. De acordo com as informa\u00e7\u00f5es recebidas, um indiv\u00edduo identificado como A.J.R.O estava amea\u00e7ando uma mulher, A.L.N., [&hellip;]<\/p>\n","protected":false},"author":2,"featured_media":261305,"comment_status":"open","ping_status":"open","sticky":false,"template":"","format":"standard","meta":{"_mi_skip_tracking":false,"footnotes":""},"categories":[25,9,137,16],"tags":[192],"class_list":["post-261304","post","type-post","status-publish","format-standard","has-post-thumbnail","hentry","category-destaques-site","category-municipios","category-policia","category-todas","tag-destaqueprincipal"],"acf":[],"yoast_head":"<!-- This site is optimized with the Yoast SEO Premium plugin v19.2 (Yoast SEO v26.9) - https:\/\/yoast.com\/product\/yoast-seo-premium-wordpress\/ -->\n<title>Homem \u00e9 preso por tentativa de homic\u00eddio e amea\u00e7a com arma de fogo na BR-020 em Monsenhor Hip\u00f3lito - Portal Not\u00edcia em Pauta<\/title>\n<meta name=\"robots\" content=\"index, follow, max-snippet:-1, max-image-preview:large, max-video-preview:-1\" \/>\n<link rel=\"canonical\" href=\"https:\/\/noticiaempauta.com\/portal\/homem-e-preso-por-tentativa-de-homicidio-e-ameaca-com-arma-de-fogo-na-br-020-em-monsenhor-hipolito\/\" \/>\n<meta property=\"og:locale\" content=\"pt_BR\" \/>\n<meta property=\"og:type\" content=\"article\" \/>\n<meta property=\"og:title\" content=\"Homem \u00e9 preso por tentativa de homic\u00eddio e amea\u00e7a com arma de fogo na BR-020 em Monsenhor Hip\u00f3lito\" \/>\n<meta property=\"og:description\" content=\"Na tarde deste domingo, 18 de agosto, por volta das 17h30, o Grupamento da Pol\u00edcia Militar de Monsenhor Hip\u00f3lito foi acionado para atender a uma ocorr\u00eancia de amea\u00e7a no Assentamento Baix\u00e3o do Santiago, situado \u00e0s margens da BR 020. De acordo com as informa\u00e7\u00f5es recebidas, um indiv\u00edduo identificado como A.J.R.O estava amea\u00e7ando uma mulher, A.L.N., [&hellip;]\" \/>\n<meta property=\"og:url\" content=\"https:\/\/noticiaempauta.com\/portal\/homem-e-preso-por-tentativa-de-homicidio-e-ameaca-com-arma-de-fogo-na-br-020-em-monsenhor-hipolito\/\" \/>\n<meta property=\"og:site_name\" content=\"Portal Not\u00edcia em Pauta\" \/>\n<meta property=\"article:publisher\" content=\"https:\/\/www.facebook.com\/Portal-Notcia-Em-Pauta-102292869264820\/\" \/>\n<meta property=\"article:published_time\" content=\"2024-08-19T12:40:48+00:00\" \/>\n<meta property=\"og:image\" content=\"https:\/\/noticiaempauta.com\/portal\/wp-content\/uploads\/2024\/08\/IMG-20240819-WA0007.jpg\" \/>\n\t<meta property=\"og:image:width\" content=\"1487\" \/>\n\t<meta property=\"og:image:height\" content=\"920\" \/>\n\t<meta property=\"og:image:type\" content=\"image\/jpeg\" \/>\n<meta name=\"author\" content=\"Reda\u00e7\u00e3o\" \/>\n<meta name=\"twitter:card\" content=\"summary_large_image\" \/>\n<meta name=\"twitter:label1\" content=\"Escrito por\" \/>\n\t<meta name=\"twitter:data1\" content=\"Reda\u00e7\u00e3o\" \/>\n\t<meta name=\"twitter:label2\" content=\"Est. tempo de leitura\" \/>\n\t<meta name=\"twitter:data2\" content=\"2 minutos\" \/>\n<script type=\"application\/ld+json\" class=\"yoast-schema-graph\">{\"@context\":\"https:\/\/schema.org\",\"@graph\":[{\"@type\":\"Article\",\"@id\":\"https:\/\/noticiaempauta.com\/portal\/homem-e-preso-por-tentativa-de-homicidio-e-ameaca-com-arma-de-fogo-na-br-020-em-monsenhor-hipolito\/#article\",\"isPartOf\":{\"@id\":\"https:\/\/noticiaempauta.com\/portal\/homem-e-preso-por-tentativa-de-homicidio-e-ameaca-com-arma-de-fogo-na-br-020-em-monsenhor-hipolito\/\"},\"author\":{\"name\":\"Reda\u00e7\u00e3o\",\"@id\":\"https:\/\/noticiaempauta.com\/portal\/#\/schema\/person\/a74af43dd1ab3deca45f988c717d57ac\"},\"headline\":\"Homem \u00e9 preso por tentativa de homic\u00eddio e amea\u00e7a com arma de fogo na BR-020 em Monsenhor Hip\u00f3lito\",\"datePublished\":\"2024-08-19T12:40:48+00:00\",\"mainEntityOfPage\":{\"@id\":\"https:\/\/noticiaempauta.com\/portal\/homem-e-preso-por-tentativa-de-homicidio-e-ameaca-com-arma-de-fogo-na-br-020-em-monsenhor-hipolito\/\"},\"wordCount\":176,\"commentCount\":0,\"publisher\":{\"@id\":\"https:\/\/noticiaempauta.com\/portal\/#organization\"},\"image\":{\"@id\":\"https:\/\/noticiaempauta.com\/portal\/homem-e-preso-por-tentativa-de-homicidio-e-ameaca-com-arma-de-fogo-na-br-020-em-monsenhor-hipolito\/#primaryimage\"},\"thumbnailUrl\":\"https:\/\/noticiaempauta.com\/portal\/wp-content\/uploads\/2024\/08\/IMG-20240819-WA0007.jpg\",\"keywords\":[\"destaqueprincipal\"],\"articleSection\":[\"Destaques\",\"Munic\u00edpios\",\"Pol\u00edcia\",\"Todas as Not\u00edcias\"],\"inLanguage\":\"pt-BR\",\"potentialAction\":[{\"@type\":\"CommentAction\",\"name\":\"Comment\",\"target\":[\"https:\/\/noticiaempauta.com\/portal\/homem-e-preso-por-tentativa-de-homicidio-e-ameaca-com-arma-de-fogo-na-br-020-em-monsenhor-hipolito\/#respond\"]}]},{\"@type\":\"WebPage\",\"@id\":\"https:\/\/noticiaempauta.com\/portal\/homem-e-preso-por-tentativa-de-homicidio-e-ameaca-com-arma-de-fogo-na-br-020-em-monsenhor-hipolito\/\",\"url\":\"https:\/\/noticiaempauta.com\/portal\/homem-e-preso-por-tentativa-de-homicidio-e-ameaca-com-arma-de-fogo-na-br-020-em-monsenhor-hipolito\/\",\"name\":\"Homem \u00e9 preso por tentativa de homic\u00eddio e amea\u00e7a com arma de fogo na BR-020 em Monsenhor Hip\u00f3lito - Portal Not\u00edcia em Pauta\",\"isPartOf\":{\"@id\":\"https:\/\/noticiaempauta.com\/portal\/#website\"},\"primaryImageOfPage\":{\"@id\":\"https:\/\/noticiaempauta.com\/portal\/homem-e-preso-por-tentativa-de-homicidio-e-ameaca-com-arma-de-fogo-na-br-020-em-monsenhor-hipolito\/#primaryimage\"},\"image\":{\"@id\":\"https:\/\/noticiaempauta.com\/portal\/homem-e-preso-por-tentativa-de-homicidio-e-ameaca-com-arma-de-fogo-na-br-020-em-monsenhor-hipolito\/#primaryimage\"},\"thumbnailUrl\":\"https:\/\/noticiaempauta.com\/portal\/wp-content\/uploads\/2024\/08\/IMG-20240819-WA0007.jpg\",\"datePublished\":\"2024-08-19T12:40:48+00:00\",\"breadcrumb\":{\"@id\":\"https:\/\/noticiaempauta.com\/portal\/homem-e-preso-por-tentativa-de-homicidio-e-ameaca-com-arma-de-fogo-na-br-020-em-monsenhor-hipolito\/#breadcrumb\"},\"inLanguage\":\"pt-BR\",\"potentialAction\":[{\"@type\":\"ReadAction\",\"target\":[\"https:\/\/noticiaempauta.com\/portal\/homem-e-preso-por-tentativa-de-homicidio-e-ameaca-com-arma-de-fogo-na-br-020-em-monsenhor-hipolito\/\"]}]},{\"@type\":\"ImageObject\",\"inLanguage\":\"pt-BR\",\"@id\":\"https:\/\/noticiaempauta.com\/portal\/homem-e-preso-por-tentativa-de-homicidio-e-ameaca-com-arma-de-fogo-na-br-020-em-monsenhor-hipolito\/#primaryimage\",\"url\":\"https:\/\/noticiaempauta.com\/portal\/wp-content\/uploads\/2024\/08\/IMG-20240819-WA0007.jpg\",\"contentUrl\":\"https:\/\/noticiaempauta.com\/portal\/wp-content\/uploads\/2024\/08\/IMG-20240819-WA0007.jpg\",\"width\":1487,\"height\":920},{\"@type\":\"BreadcrumbList\",\"@id\":\"https:\/\/noticiaempauta.com\/portal\/homem-e-preso-por-tentativa-de-homicidio-e-ameaca-com-arma-de-fogo-na-br-020-em-monsenhor-hipolito\/#breadcrumb\",\"itemListElement\":[{\"@type\":\"ListItem\",\"position\":1,\"name\":\"P\u00e1gina Inicial\",\"item\":\"https:\/\/noticiaempauta.com\/portal\/\"},{\"@type\":\"ListItem\",\"position\":2,\"name\":\"Destaques\",\"item\":\"https:\/\/noticiaempauta.com\/portal\/destaques-site\/\"},{\"@type\":\"ListItem\",\"position\":3,\"name\":\"Homem \u00e9 preso por tentativa de homic\u00eddio e amea\u00e7a com arma de fogo na BR-020 em Monsenhor Hip\u00f3lito\"}]},{\"@type\":\"WebSite\",\"@id\":\"https:\/\/noticiaempauta.com\/portal\/#website\",\"url\":\"https:\/\/noticiaempauta.com\/portal\/\",\"name\":\"Portal Not\u00edcia em Pauta\",\"description\":\"Voc\u00ea bem informado\",\"publisher\":{\"@id\":\"https:\/\/noticiaempauta.com\/portal\/#organization\"},\"potentialAction\":[{\"@type\":\"SearchAction\",\"target\":{\"@type\":\"EntryPoint\",\"urlTemplate\":\"https:\/\/noticiaempauta.com\/portal\/?s={search_term_string}\"},\"query-input\":{\"@type\":\"PropertyValueSpecification\",\"valueRequired\":true,\"valueName\":\"search_term_string\"}}],\"inLanguage\":\"pt-BR\"},{\"@type\":\"Organization\",\"@id\":\"https:\/\/noticiaempauta.com\/portal\/#organization\",\"name\":\"Portal Not\u00edcia em Pauta\",\"url\":\"https:\/\/noticiaempauta.com\/portal\/\",\"logo\":{\"@type\":\"ImageObject\",\"inLanguage\":\"pt-BR\",\"@id\":\"https:\/\/noticiaempauta.com\/portal\/#\/schema\/logo\/image\/\",\"url\":\"https:\/\/noticiaempauta.com\/portal\/wp-content\/uploads\/2022\/08\/logomarca_tema.fw_.png\",\"contentUrl\":\"https:\/\/noticiaempauta.com\/portal\/wp-content\/uploads\/2022\/08\/logomarca_tema.fw_.png\",\"width\":400,\"height\":232,\"caption\":\"Portal Not\u00edcia em Pauta\"},\"image\":{\"@id\":\"https:\/\/noticiaempauta.com\/portal\/#\/schema\/logo\/image\/\"},\"sameAs\":[\"https:\/\/www.facebook.com\/Portal-Notcia-Em-Pauta-102292869264820\/\",\"https:\/\/www.instagram.com\/portalnoticiaempauta\/\"]},{\"@type\":\"Person\",\"@id\":\"https:\/\/noticiaempauta.com\/portal\/#\/schema\/person\/a74af43dd1ab3deca45f988c717d57ac\",\"name\":\"Reda\u00e7\u00e3o\",\"image\":{\"@type\":\"ImageObject\",\"inLanguage\":\"pt-BR\",\"@id\":\"https:\/\/noticiaempauta.com\/portal\/#\/schema\/person\/image\/\",\"url\":\"https:\/\/secure.gravatar.com\/avatar\/03179346ecce6cdfc13361603e8f54242a90e5cde8618fa23c5c00aa2b0aadf3?s=96&d=mm&r=g\",\"contentUrl\":\"https:\/\/secure.gravatar.com\/avatar\/03179346ecce6cdfc13361603e8f54242a90e5cde8618fa23c5c00aa2b0aadf3?s=96&d=mm&r=g\",\"caption\":\"Reda\u00e7\u00e3o\"},\"sameAs\":[\"https:\/\/noticiaempauta.com\/portal\/\"],\"url\":\"https:\/\/noticiaempauta.com\/portal\/author\/fernando\/\"}]}<\/script>\n<!-- \/ Yoast SEO Premium plugin. -->","yoast_head_json":{"title":"Homem \u00e9 preso por tentativa de homic\u00eddio e amea\u00e7a com arma de fogo na BR-020 em Monsenhor Hip\u00f3lito - Portal Not\u00edcia em Pauta","robots":{"index":"index","follow":"follow","max-snippet":"max-snippet:-1","max-image-preview":"max-image-preview:large","max-video-preview":"max-video-preview:-1"},"canonical":"https:\/\/noticiaempauta.com\/portal\/homem-e-preso-por-tentativa-de-homicidio-e-ameaca-com-arma-de-fogo-na-br-020-em-monsenhor-hipolito\/","og_locale":"pt_BR","og_type":"article","og_title":"Homem \u00e9 preso por tentativa de homic\u00eddio e amea\u00e7a com arma de fogo na BR-020 em Monsenhor Hip\u00f3lito","og_description":"Na tarde deste domingo, 18 de agosto, por volta das 17h30, o Grupamento da Pol\u00edcia Militar de Monsenhor Hip\u00f3lito foi acionado para atender a uma ocorr\u00eancia de amea\u00e7a no Assentamento Baix\u00e3o do Santiago, situado \u00e0s margens da BR 020. De acordo com as informa\u00e7\u00f5es recebidas, um indiv\u00edduo identificado como A.J.R.O estava amea\u00e7ando uma mulher, A.L.N., [&hellip;]","og_url":"https:\/\/noticiaempauta.com\/portal\/homem-e-preso-por-tentativa-de-homicidio-e-ameaca-com-arma-de-fogo-na-br-020-em-monsenhor-hipolito\/","og_site_name":"Portal Not\u00edcia em Pauta","article_publisher":"https:\/\/www.facebook.com\/Portal-Notcia-Em-Pauta-102292869264820\/","article_published_time":"2024-08-19T12:40:48+00:00","og_image":[{"width":1487,"height":920,"url":"https:\/\/noticiaempauta.com\/portal\/wp-content\/uploads\/2024\/08\/IMG-20240819-WA0007.jpg","type":"image\/jpeg"}],"author":"Reda\u00e7\u00e3o","twitter_card":"summary_large_image","twitter_misc":{"Escrito por":"Reda\u00e7\u00e3o","Est. tempo de leitura":"2 minutos"},"schema":{"@context":"https:\/\/schema.org","@graph":[{"@type":"Article","@id":"https:\/\/noticiaempauta.com\/portal\/homem-e-preso-por-tentativa-de-homicidio-e-ameaca-com-arma-de-fogo-na-br-020-em-monsenhor-hipolito\/#article","isPartOf":{"@id":"https:\/\/noticiaempauta.com\/portal\/homem-e-preso-por-tentativa-de-homicidio-e-ameaca-com-arma-de-fogo-na-br-020-em-monsenhor-hipolito\/"},"author":{"name":"Reda\u00e7\u00e3o","@id":"https:\/\/noticiaempauta.com\/portal\/#\/schema\/person\/a74af43dd1ab3deca45f988c717d57ac"},"headline":"Homem \u00e9 preso por tentativa de homic\u00eddio e amea\u00e7a com arma de fogo na BR-020 em Monsenhor Hip\u00f3lito","datePublished":"2024-08-19T12:40:48+00:00","mainEntityOfPage":{"@id":"https:\/\/noticiaempauta.com\/portal\/homem-e-preso-por-tentativa-de-homicidio-e-ameaca-com-arma-de-fogo-na-br-020-em-monsenhor-hipolito\/"},"wordCount":176,"commentCount":0,"publisher":{"@id":"https:\/\/noticiaempauta.com\/portal\/#organization"},"image":{"@id":"https:\/\/noticiaempauta.com\/portal\/homem-e-preso-por-tentativa-de-homicidio-e-ameaca-com-arma-de-fogo-na-br-020-em-monsenhor-hipolito\/#primaryimage"},"thumbnailUrl":"https:\/\/noticiaempauta.com\/portal\/wp-content\/uploads\/2024\/08\/IMG-20240819-WA0007.jpg","keywords":["destaqueprincipal"],"articleSection":["Destaques","Munic\u00edpios","Pol\u00edcia","Todas as Not\u00edcias"],"inLanguage":"pt-BR","potentialAction":[{"@type":"CommentAction","name":"Comment","target":["https:\/\/noticiaempauta.com\/portal\/homem-e-preso-por-tentativa-de-homicidio-e-ameaca-com-arma-de-fogo-na-br-020-em-monsenhor-hipolito\/#respond"]}]},{"@type":"WebPage","@id":"https:\/\/noticiaempauta.com\/portal\/homem-e-preso-por-tentativa-de-homicidio-e-ameaca-com-arma-de-fogo-na-br-020-em-monsenhor-hipolito\/","url":"https:\/\/noticiaempauta.com\/portal\/homem-e-preso-por-tentativa-de-homicidio-e-ameaca-com-arma-de-fogo-na-br-020-em-monsenhor-hipolito\/","name":"Homem \u00e9 preso por tentativa de homic\u00eddio e amea\u00e7a com arma de fogo na BR-020 em Monsenhor Hip\u00f3lito - Portal Not\u00edcia em Pauta","isPartOf":{"@id":"https:\/\/noticiaempauta.com\/portal\/#website"},"primaryImageOfPage":{"@id":"https:\/\/noticiaempauta.com\/portal\/homem-e-preso-por-tentativa-de-homicidio-e-ameaca-com-arma-de-fogo-na-br-020-em-monsenhor-hipolito\/#primaryimage"},"image":{"@id":"https:\/\/noticiaempauta.com\/portal\/homem-e-preso-por-tentativa-de-homicidio-e-ameaca-com-arma-de-fogo-na-br-020-em-monsenhor-hipolito\/#primaryimage"},"thumbnailUrl":"https:\/\/noticiaempauta.com\/portal\/wp-content\/uploads\/2024\/08\/IMG-20240819-WA0007.jpg","datePublished":"2024-08-19T12:40:48+00:00","breadcrumb":{"@id":"https:\/\/noticiaempauta.com\/portal\/homem-e-preso-por-tentativa-de-homicidio-e-ameaca-com-arma-de-fogo-na-br-020-em-monsenhor-hipolito\/#breadcrumb"},"inLanguage":"pt-BR","potentialAction":[{"@type":"ReadAction","target":["https:\/\/noticiaempauta.com\/portal\/homem-e-preso-por-tentativa-de-homicidio-e-ameaca-com-arma-de-fogo-na-br-020-em-monsenhor-hipolito\/"]}]},{"@type":"ImageObject","inLanguage":"pt-BR","@id":"https:\/\/noticiaempauta.com\/portal\/homem-e-preso-por-tentativa-de-homicidio-e-ameaca-com-arma-de-fogo-na-br-020-em-monsenhor-hipolito\/#primaryimage","url":"https:\/\/noticiaempauta.com\/portal\/wp-content\/uploads\/2024\/08\/IMG-20240819-WA0007.jpg","contentUrl":"https:\/\/noticiaempauta.com\/portal\/wp-content\/uploads\/2024\/08\/IMG-20240819-WA0007.jpg","width":1487,"height":920},{"@type":"BreadcrumbList","@id":"https:\/\/noticiaempauta.com\/portal\/homem-e-preso-por-tentativa-de-homicidio-e-ameaca-com-arma-de-fogo-na-br-020-em-monsenhor-hipolito\/#breadcrumb","itemListElement":[{"@type":"ListItem","position":1,"name":"P\u00e1gina Inicial","item":"https:\/\/noticiaempauta.com\/portal\/"},{"@type":"ListItem","position":2,"name":"Destaques","item":"https:\/\/noticiaempauta.com\/portal\/destaques-site\/"},{"@type":"ListItem","position":3,"name":"Homem \u00e9 preso por tentativa de homic\u00eddio e amea\u00e7a com arma de fogo na BR-020 em Monsenhor Hip\u00f3lito"}]},{"@type":"WebSite","@id":"https:\/\/noticiaempauta.com\/portal\/#website","url":"https:\/\/noticiaempauta.com\/portal\/","name":"Portal Not\u00edcia em Pauta","description":"Voc\u00ea bem informado","publisher":{"@id":"https:\/\/noticiaempauta.com\/portal\/#organization"},"potentialAction":[{"@type":"SearchAction","target":{"@type":"EntryPoint","urlTemplate":"https:\/\/noticiaempauta.com\/portal\/?s={search_term_string}"},"query-input":{"@type":"PropertyValueSpecification","valueRequired":true,"valueName":"search_term_string"}}],"inLanguage":"pt-BR"},{"@type":"Organization","@id":"https:\/\/noticiaempauta.com\/portal\/#organization","name":"Portal Not\u00edcia em Pauta","url":"https:\/\/noticiaempauta.com\/portal\/","logo":{"@type":"ImageObject","inLanguage":"pt-BR","@id":"https:\/\/noticiaempauta.com\/portal\/#\/schema\/logo\/image\/","url":"https:\/\/noticiaempauta.com\/portal\/wp-content\/uploads\/2022\/08\/logomarca_tema.fw_.png","contentUrl":"https:\/\/noticiaempauta.com\/portal\/wp-content\/uploads\/2022\/08\/logomarca_tema.fw_.png","width":400,"height":232,"caption":"Portal Not\u00edcia em Pauta"},"image":{"@id":"https:\/\/noticiaempauta.com\/portal\/#\/schema\/logo\/image\/"},"sameAs":["https:\/\/www.facebook.com\/Portal-Notcia-Em-Pauta-102292869264820\/","https:\/\/www.instagram.com\/portalnoticiaempauta\/"]},{"@type":"Person","@id":"https:\/\/noticiaempauta.com\/portal\/#\/schema\/person\/a74af43dd1ab3deca45f988c717d57ac","name":"Reda\u00e7\u00e3o","image":{"@type":"ImageObject","inLanguage":"pt-BR","@id":"https:\/\/noticiaempauta.com\/portal\/#\/schema\/person\/image\/","url":"https:\/\/secure.gravatar.com\/avatar\/03179346ecce6cdfc13361603e8f54242a90e5cde8618fa23c5c00aa2b0aadf3?s=96&d=mm&r=g","contentUrl":"https:\/\/secure.gravatar.com\/avatar\/03179346ecce6cdfc13361603e8f54242a90e5cde8618fa23c5c00aa2b0aadf3?s=96&d=mm&r=g","caption":"Reda\u00e7\u00e3o"},"sameAs":["https:\/\/noticiaempauta.com\/portal\/"],"url":"https:\/\/noticiaempauta.com\/portal\/author\/fernando\/"}]}},"_links":{"self":[{"href":"https:\/\/noticiaempauta.com\/portal\/wp-json\/wp\/v2\/posts\/261304","targetHints":{"allow":["GET"]}}],"collection":[{"href":"https:\/\/noticiaempauta.com\/portal\/wp-json\/wp\/v2\/posts"}],"about":[{"href":"https:\/\/noticiaempauta.com\/portal\/wp-json\/wp\/v2\/types\/post"}],"author":[{"embeddable":true,"href":"https:\/\/noticiaempauta.com\/portal\/wp-json\/wp\/v2\/users\/2"}],"replies":[{"embeddable":true,"href":"https:\/\/noticiaempauta.com\/portal\/wp-json\/wp\/v2\/comments?post=261304"}],"version-history":[{"count":2,"href":"https:\/\/noticiaempauta.com\/portal\/wp-json\/wp\/v2\/posts\/261304\/revisions"}],"predecessor-version":[{"id":261307,"href":"https:\/\/noticiaempauta.com\/portal\/wp-json\/wp\/v2\/posts\/261304\/revisions\/261307"}],"wp:featuredmedia":[{"embeddable":true,"href":"https:\/\/noticiaempauta.com\/portal\/wp-json\/wp\/v2\/media\/261305"}],"wp:attachment":[{"href":"https:\/\/noticiaempauta.com\/portal\/wp-json\/wp\/v2\/media?parent=261304"}],"wp:term":[{"taxonomy":"category","embeddable":true,"href":"https:\/\/noticiaempauta.com\/portal\/wp-json\/wp\/v2\/categories?post=261304"},{"taxonomy":"post_tag","embeddable":true,"href":"https:\/\/noticiaempauta.com\/portal\/wp-json\/wp\/v2\/tags?post=261304"}],"curies":[{"name":"wp","href":"https:\/\/api.w.org\/{rel}","templated":true}]}}