{"id":261339,"date":"2024-08-19T15:59:01","date_gmt":"2024-08-19T18:59:01","guid":{"rendered":"https:\/\/noticiaempauta.com\/portal\/?p=261339"},"modified":"2024-08-19T16:05:47","modified_gmt":"2024-08-19T19:05:47","slug":"psd-de-aroeiras-do-itaim-entra-com-acao-de-impugnacao-da-candidatura-de-wesley-goncalves-de-deus","status":"publish","type":"post","link":"https:\/\/noticiaempauta.com\/portal\/psd-de-aroeiras-do-itaim-entra-com-acao-de-impugnacao-da-candidatura-de-wesley-goncalves-de-deus\/","title":{"rendered":"PSD de Aroeiras do Itaim entra com A\u00e7\u00e3o de Impugna\u00e7\u00e3o da Candidatura de Wesley Gon\u00e7alves de Deus"},"content":{"rendered":"\n<p>O Partido Social Democr\u00e1tico (PSD) de Aroeiras do Itaim-PI, por meio de seus advogados, Dr. Elianderson Moura e Dr. Maycon Luz, protocolou uma a\u00e7\u00e3o junto \u00e0 10\u00aa Zona Eleitoral de Picos, visando \u00e0 impugna\u00e7\u00e3o da candidatura de Wesley Gon\u00e7alves de Deus ao cargo de prefeito nas elei\u00e7\u00f5es de 2024. A a\u00e7\u00e3o alega que o candidato n\u00e3o cumpriu os requisitos de desincompatibiliza\u00e7\u00e3o, conforme exige a legisla\u00e7\u00e3o eleitoral.<\/p>\n\n\n\n<figure class=\"wp-block-image size-large\"><img fetchpriority=\"high\" decoding=\"async\" width=\"1024\" height=\"899\" src=\"https:\/\/noticiaempauta.com\/portal\/wp-content\/uploads\/2024\/08\/wesleydedeus-1024x899.jpeg\" alt=\"\" class=\"wp-image-261341\" srcset=\"https:\/\/noticiaempauta.com\/portal\/wp-content\/uploads\/2024\/08\/wesleydedeus-1024x899.jpeg 1024w, https:\/\/noticiaempauta.com\/portal\/wp-content\/uploads\/2024\/08\/wesleydedeus-300x263.jpeg 300w, https:\/\/noticiaempauta.com\/portal\/wp-content\/uploads\/2024\/08\/wesleydedeus-768x674.jpeg 768w, https:\/\/noticiaempauta.com\/portal\/wp-content\/uploads\/2024\/08\/wesleydedeus.jpeg 1170w\" sizes=\"(max-width: 1024px) 100vw, 1024px\" \/><figcaption class=\"wp-element-caption\">Wesley de Deus (MDB) \/ (Foto: Reprodu\u00e7\u00e3o\/RedesSociais)<\/figcaption><\/figure>\n\n\n\n<p>De acordo com os advogados do partido, embora Wesley Gon\u00e7alves tenha solicitado formalmente seu afastamento do cargo de Secret\u00e1rio Municipal de Administra\u00e7\u00e3o dentro do prazo legal, ele continuou exercendo atividades relacionadas \u00e0 fun\u00e7\u00e3o, como demonstrado em postagens nas redes sociais e registros fotogr\u00e1ficos. A legisla\u00e7\u00e3o eleitoral exige que a desincompatibiliza\u00e7\u00e3o seja tanto formal quanto de fato, e a manuten\u00e7\u00e3o das atividades p\u00fablicas caracteriza uma irregularidade que inviabiliza sua candidatura, nos termos da Lei Complementar n\u00ba 64\/90.<\/p>\n\n\n\n<p>Os advogados, Dr. Elianderson Moura e Dr. Maycon Luz, informaram que o processo foi protocolado dentro do prazo estabelecido e agora aguarda aprecia\u00e7\u00e3o do Ju\u00edzo Eleitoral refor\u00e7am seu compromisso com a transpar\u00eancia e a legalidade do processo eleitoral, defendendo a igualdade de condi\u00e7\u00f5es para todos os candidatos.<\/p>\n\n\n\n<p>Fica o espa\u00e7o aberto para o candidato se manifestar caso ele queira.<\/p>\n\n\n\n<p>Fonte: Ascom&nbsp;<\/p>\n","protected":false},"excerpt":{"rendered":"<p>O Partido Social Democr\u00e1tico (PSD) de Aroeiras do Itaim-PI, por meio de seus advogados, Dr. Elianderson Moura e Dr. Maycon Luz, protocolou uma a\u00e7\u00e3o junto \u00e0 10\u00aa Zona Eleitoral de Picos, visando \u00e0 impugna\u00e7\u00e3o da candidatura de Wesley Gon\u00e7alves de Deus ao cargo de prefeito nas elei\u00e7\u00f5es de 2024. A a\u00e7\u00e3o alega que o candidato [&hellip;]<\/p>\n","protected":false},"author":2,"featured_media":261340,"comment_status":"open","ping_status":"open","sticky":false,"template":"","format":"standard","meta":{"_mi_skip_tracking":false,"footnotes":""},"categories":[25,1,9,3,16],"tags":[192],"class_list":["post-261339","post","type-post","status-publish","format-standard","has-post-thumbnail","hentry","category-destaques-site","category-geral","category-municipios","category-politica","category-todas","tag-destaqueprincipal"],"acf":[],"yoast_head":"<!-- This site is optimized with the Yoast SEO Premium plugin v19.2 (Yoast SEO v26.9) - https:\/\/yoast.com\/product\/yoast-seo-premium-wordpress\/ -->\n<title>PSD de Aroeiras do Itaim entra com A\u00e7\u00e3o de Impugna\u00e7\u00e3o da Candidatura de Wesley Gon\u00e7alves de Deus - Portal Not\u00edcia em Pauta<\/title>\n<meta name=\"robots\" content=\"index, follow, max-snippet:-1, max-image-preview:large, max-video-preview:-1\" \/>\n<link rel=\"canonical\" href=\"https:\/\/noticiaempauta.com\/portal\/psd-de-aroeiras-do-itaim-entra-com-acao-de-impugnacao-da-candidatura-de-wesley-goncalves-de-deus\/\" \/>\n<meta property=\"og:locale\" content=\"pt_BR\" \/>\n<meta property=\"og:type\" content=\"article\" \/>\n<meta property=\"og:title\" content=\"PSD de Aroeiras do Itaim entra com A\u00e7\u00e3o de Impugna\u00e7\u00e3o da Candidatura de Wesley Gon\u00e7alves de Deus\" \/>\n<meta property=\"og:description\" content=\"O Partido Social Democr\u00e1tico (PSD) de Aroeiras do Itaim-PI, por meio de seus advogados, Dr. Elianderson Moura e Dr. Maycon Luz, protocolou uma a\u00e7\u00e3o junto \u00e0 10\u00aa Zona Eleitoral de Picos, visando \u00e0 impugna\u00e7\u00e3o da candidatura de Wesley Gon\u00e7alves de Deus ao cargo de prefeito nas elei\u00e7\u00f5es de 2024. A a\u00e7\u00e3o alega que o candidato [&hellip;]\" \/>\n<meta property=\"og:url\" content=\"https:\/\/noticiaempauta.com\/portal\/psd-de-aroeiras-do-itaim-entra-com-acao-de-impugnacao-da-candidatura-de-wesley-goncalves-de-deus\/\" \/>\n<meta property=\"og:site_name\" content=\"Portal Not\u00edcia em Pauta\" \/>\n<meta property=\"article:publisher\" content=\"https:\/\/www.facebook.com\/Portal-Notcia-Em-Pauta-102292869264820\/\" \/>\n<meta property=\"article:published_time\" content=\"2024-08-19T18:59:01+00:00\" \/>\n<meta property=\"article:modified_time\" content=\"2024-08-19T19:05:47+00:00\" \/>\n<meta property=\"og:image\" content=\"https:\/\/noticiaempauta.com\/portal\/wp-content\/uploads\/2024\/08\/WhatsApp-Image-2024-08-19-at-15.53.48.jpeg\" \/>\n\t<meta property=\"og:image:width\" content=\"1170\" \/>\n\t<meta property=\"og:image:height\" content=\"1027\" \/>\n\t<meta property=\"og:image:type\" content=\"image\/jpeg\" \/>\n<meta name=\"author\" content=\"Reda\u00e7\u00e3o\" \/>\n<meta name=\"twitter:card\" content=\"summary_large_image\" \/>\n<meta name=\"twitter:label1\" content=\"Escrito por\" \/>\n\t<meta name=\"twitter:data1\" content=\"Reda\u00e7\u00e3o\" \/>\n\t<meta name=\"twitter:label2\" content=\"Est. tempo de leitura\" \/>\n\t<meta name=\"twitter:data2\" content=\"2 minutos\" \/>\n<script type=\"application\/ld+json\" class=\"yoast-schema-graph\">{\"@context\":\"https:\/\/schema.org\",\"@graph\":[{\"@type\":\"Article\",\"@id\":\"https:\/\/noticiaempauta.com\/portal\/psd-de-aroeiras-do-itaim-entra-com-acao-de-impugnacao-da-candidatura-de-wesley-goncalves-de-deus\/#article\",\"isPartOf\":{\"@id\":\"https:\/\/noticiaempauta.com\/portal\/psd-de-aroeiras-do-itaim-entra-com-acao-de-impugnacao-da-candidatura-de-wesley-goncalves-de-deus\/\"},\"author\":{\"name\":\"Reda\u00e7\u00e3o\",\"@id\":\"https:\/\/noticiaempauta.com\/portal\/#\/schema\/person\/a74af43dd1ab3deca45f988c717d57ac\"},\"headline\":\"PSD de Aroeiras do Itaim entra com A\u00e7\u00e3o de Impugna\u00e7\u00e3o da Candidatura de Wesley Gon\u00e7alves de Deus\",\"datePublished\":\"2024-08-19T18:59:01+00:00\",\"dateModified\":\"2024-08-19T19:05:47+00:00\",\"mainEntityOfPage\":{\"@id\":\"https:\/\/noticiaempauta.com\/portal\/psd-de-aroeiras-do-itaim-entra-com-acao-de-impugnacao-da-candidatura-de-wesley-goncalves-de-deus\/\"},\"wordCount\":250,\"commentCount\":0,\"publisher\":{\"@id\":\"https:\/\/noticiaempauta.com\/portal\/#organization\"},\"image\":{\"@id\":\"https:\/\/noticiaempauta.com\/portal\/psd-de-aroeiras-do-itaim-entra-com-acao-de-impugnacao-da-candidatura-de-wesley-goncalves-de-deus\/#primaryimage\"},\"thumbnailUrl\":\"https:\/\/noticiaempauta.com\/portal\/wp-content\/uploads\/2024\/08\/WhatsApp-Image-2024-08-19-at-15.53.48.jpeg\",\"keywords\":[\"destaqueprincipal\"],\"articleSection\":[\"Destaques\",\"Geral\",\"Munic\u00edpios\",\"Pol\u00edtica\",\"Todas as Not\u00edcias\"],\"inLanguage\":\"pt-BR\",\"potentialAction\":[{\"@type\":\"CommentAction\",\"name\":\"Comment\",\"target\":[\"https:\/\/noticiaempauta.com\/portal\/psd-de-aroeiras-do-itaim-entra-com-acao-de-impugnacao-da-candidatura-de-wesley-goncalves-de-deus\/#respond\"]}]},{\"@type\":\"WebPage\",\"@id\":\"https:\/\/noticiaempauta.com\/portal\/psd-de-aroeiras-do-itaim-entra-com-acao-de-impugnacao-da-candidatura-de-wesley-goncalves-de-deus\/\",\"url\":\"https:\/\/noticiaempauta.com\/portal\/psd-de-aroeiras-do-itaim-entra-com-acao-de-impugnacao-da-candidatura-de-wesley-goncalves-de-deus\/\",\"name\":\"PSD de Aroeiras do Itaim entra com A\u00e7\u00e3o de Impugna\u00e7\u00e3o da Candidatura de Wesley Gon\u00e7alves de Deus - Portal Not\u00edcia em Pauta\",\"isPartOf\":{\"@id\":\"https:\/\/noticiaempauta.com\/portal\/#website\"},\"primaryImageOfPage\":{\"@id\":\"https:\/\/noticiaempauta.com\/portal\/psd-de-aroeiras-do-itaim-entra-com-acao-de-impugnacao-da-candidatura-de-wesley-goncalves-de-deus\/#primaryimage\"},\"image\":{\"@id\":\"https:\/\/noticiaempauta.com\/portal\/psd-de-aroeiras-do-itaim-entra-com-acao-de-impugnacao-da-candidatura-de-wesley-goncalves-de-deus\/#primaryimage\"},\"thumbnailUrl\":\"https:\/\/noticiaempauta.com\/portal\/wp-content\/uploads\/2024\/08\/WhatsApp-Image-2024-08-19-at-15.53.48.jpeg\",\"datePublished\":\"2024-08-19T18:59:01+00:00\",\"dateModified\":\"2024-08-19T19:05:47+00:00\",\"breadcrumb\":{\"@id\":\"https:\/\/noticiaempauta.com\/portal\/psd-de-aroeiras-do-itaim-entra-com-acao-de-impugnacao-da-candidatura-de-wesley-goncalves-de-deus\/#breadcrumb\"},\"inLanguage\":\"pt-BR\",\"potentialAction\":[{\"@type\":\"ReadAction\",\"target\":[\"https:\/\/noticiaempauta.com\/portal\/psd-de-aroeiras-do-itaim-entra-com-acao-de-impugnacao-da-candidatura-de-wesley-goncalves-de-deus\/\"]}]},{\"@type\":\"ImageObject\",\"inLanguage\":\"pt-BR\",\"@id\":\"https:\/\/noticiaempauta.com\/portal\/psd-de-aroeiras-do-itaim-entra-com-acao-de-impugnacao-da-candidatura-de-wesley-goncalves-de-deus\/#primaryimage\",\"url\":\"https:\/\/noticiaempauta.com\/portal\/wp-content\/uploads\/2024\/08\/WhatsApp-Image-2024-08-19-at-15.53.48.jpeg\",\"contentUrl\":\"https:\/\/noticiaempauta.com\/portal\/wp-content\/uploads\/2024\/08\/WhatsApp-Image-2024-08-19-at-15.53.48.jpeg\",\"width\":1170,\"height\":1027},{\"@type\":\"BreadcrumbList\",\"@id\":\"https:\/\/noticiaempauta.com\/portal\/psd-de-aroeiras-do-itaim-entra-com-acao-de-impugnacao-da-candidatura-de-wesley-goncalves-de-deus\/#breadcrumb\",\"itemListElement\":[{\"@type\":\"ListItem\",\"position\":1,\"name\":\"P\u00e1gina Inicial\",\"item\":\"https:\/\/noticiaempauta.com\/portal\/\"},{\"@type\":\"ListItem\",\"position\":2,\"name\":\"Destaques\",\"item\":\"https:\/\/noticiaempauta.com\/portal\/destaques-site\/\"},{\"@type\":\"ListItem\",\"position\":3,\"name\":\"PSD de Aroeiras do Itaim entra com A\u00e7\u00e3o de Impugna\u00e7\u00e3o da Candidatura de Wesley Gon\u00e7alves de Deus\"}]},{\"@type\":\"WebSite\",\"@id\":\"https:\/\/noticiaempauta.com\/portal\/#website\",\"url\":\"https:\/\/noticiaempauta.com\/portal\/\",\"name\":\"Portal Not\u00edcia em Pauta\",\"description\":\"Voc\u00ea bem informado\",\"publisher\":{\"@id\":\"https:\/\/noticiaempauta.com\/portal\/#organization\"},\"potentialAction\":[{\"@type\":\"SearchAction\",\"target\":{\"@type\":\"EntryPoint\",\"urlTemplate\":\"https:\/\/noticiaempauta.com\/portal\/?s={search_term_string}\"},\"query-input\":{\"@type\":\"PropertyValueSpecification\",\"valueRequired\":true,\"valueName\":\"search_term_string\"}}],\"inLanguage\":\"pt-BR\"},{\"@type\":\"Organization\",\"@id\":\"https:\/\/noticiaempauta.com\/portal\/#organization\",\"name\":\"Portal Not\u00edcia em Pauta\",\"url\":\"https:\/\/noticiaempauta.com\/portal\/\",\"logo\":{\"@type\":\"ImageObject\",\"inLanguage\":\"pt-BR\",\"@id\":\"https:\/\/noticiaempauta.com\/portal\/#\/schema\/logo\/image\/\",\"url\":\"https:\/\/noticiaempauta.com\/portal\/wp-content\/uploads\/2022\/08\/logomarca_tema.fw_.png\",\"contentUrl\":\"https:\/\/noticiaempauta.com\/portal\/wp-content\/uploads\/2022\/08\/logomarca_tema.fw_.png\",\"width\":400,\"height\":232,\"caption\":\"Portal Not\u00edcia em Pauta\"},\"image\":{\"@id\":\"https:\/\/noticiaempauta.com\/portal\/#\/schema\/logo\/image\/\"},\"sameAs\":[\"https:\/\/www.facebook.com\/Portal-Notcia-Em-Pauta-102292869264820\/\",\"https:\/\/www.instagram.com\/portalnoticiaempauta\/\"]},{\"@type\":\"Person\",\"@id\":\"https:\/\/noticiaempauta.com\/portal\/#\/schema\/person\/a74af43dd1ab3deca45f988c717d57ac\",\"name\":\"Reda\u00e7\u00e3o\",\"image\":{\"@type\":\"ImageObject\",\"inLanguage\":\"pt-BR\",\"@id\":\"https:\/\/noticiaempauta.com\/portal\/#\/schema\/person\/image\/\",\"url\":\"https:\/\/secure.gravatar.com\/avatar\/03179346ecce6cdfc13361603e8f54242a90e5cde8618fa23c5c00aa2b0aadf3?s=96&d=mm&r=g\",\"contentUrl\":\"https:\/\/secure.gravatar.com\/avatar\/03179346ecce6cdfc13361603e8f54242a90e5cde8618fa23c5c00aa2b0aadf3?s=96&d=mm&r=g\",\"caption\":\"Reda\u00e7\u00e3o\"},\"sameAs\":[\"https:\/\/noticiaempauta.com\/portal\/\"],\"url\":\"https:\/\/noticiaempauta.com\/portal\/author\/fernando\/\"}]}<\/script>\n<!-- \/ Yoast SEO Premium plugin. -->","yoast_head_json":{"title":"PSD de Aroeiras do Itaim entra com A\u00e7\u00e3o de Impugna\u00e7\u00e3o da Candidatura de Wesley Gon\u00e7alves de Deus - Portal Not\u00edcia em Pauta","robots":{"index":"index","follow":"follow","max-snippet":"max-snippet:-1","max-image-preview":"max-image-preview:large","max-video-preview":"max-video-preview:-1"},"canonical":"https:\/\/noticiaempauta.com\/portal\/psd-de-aroeiras-do-itaim-entra-com-acao-de-impugnacao-da-candidatura-de-wesley-goncalves-de-deus\/","og_locale":"pt_BR","og_type":"article","og_title":"PSD de Aroeiras do Itaim entra com A\u00e7\u00e3o de Impugna\u00e7\u00e3o da Candidatura de Wesley Gon\u00e7alves de Deus","og_description":"O Partido Social Democr\u00e1tico (PSD) de Aroeiras do Itaim-PI, por meio de seus advogados, Dr. Elianderson Moura e Dr. Maycon Luz, protocolou uma a\u00e7\u00e3o junto \u00e0 10\u00aa Zona Eleitoral de Picos, visando \u00e0 impugna\u00e7\u00e3o da candidatura de Wesley Gon\u00e7alves de Deus ao cargo de prefeito nas elei\u00e7\u00f5es de 2024. A a\u00e7\u00e3o alega que o candidato [&hellip;]","og_url":"https:\/\/noticiaempauta.com\/portal\/psd-de-aroeiras-do-itaim-entra-com-acao-de-impugnacao-da-candidatura-de-wesley-goncalves-de-deus\/","og_site_name":"Portal Not\u00edcia em Pauta","article_publisher":"https:\/\/www.facebook.com\/Portal-Notcia-Em-Pauta-102292869264820\/","article_published_time":"2024-08-19T18:59:01+00:00","article_modified_time":"2024-08-19T19:05:47+00:00","og_image":[{"width":1170,"height":1027,"url":"https:\/\/noticiaempauta.com\/portal\/wp-content\/uploads\/2024\/08\/WhatsApp-Image-2024-08-19-at-15.53.48.jpeg","type":"image\/jpeg"}],"author":"Reda\u00e7\u00e3o","twitter_card":"summary_large_image","twitter_misc":{"Escrito por":"Reda\u00e7\u00e3o","Est. tempo de leitura":"2 minutos"},"schema":{"@context":"https:\/\/schema.org","@graph":[{"@type":"Article","@id":"https:\/\/noticiaempauta.com\/portal\/psd-de-aroeiras-do-itaim-entra-com-acao-de-impugnacao-da-candidatura-de-wesley-goncalves-de-deus\/#article","isPartOf":{"@id":"https:\/\/noticiaempauta.com\/portal\/psd-de-aroeiras-do-itaim-entra-com-acao-de-impugnacao-da-candidatura-de-wesley-goncalves-de-deus\/"},"author":{"name":"Reda\u00e7\u00e3o","@id":"https:\/\/noticiaempauta.com\/portal\/#\/schema\/person\/a74af43dd1ab3deca45f988c717d57ac"},"headline":"PSD de Aroeiras do Itaim entra com A\u00e7\u00e3o de Impugna\u00e7\u00e3o da Candidatura de Wesley Gon\u00e7alves de Deus","datePublished":"2024-08-19T18:59:01+00:00","dateModified":"2024-08-19T19:05:47+00:00","mainEntityOfPage":{"@id":"https:\/\/noticiaempauta.com\/portal\/psd-de-aroeiras-do-itaim-entra-com-acao-de-impugnacao-da-candidatura-de-wesley-goncalves-de-deus\/"},"wordCount":250,"commentCount":0,"publisher":{"@id":"https:\/\/noticiaempauta.com\/portal\/#organization"},"image":{"@id":"https:\/\/noticiaempauta.com\/portal\/psd-de-aroeiras-do-itaim-entra-com-acao-de-impugnacao-da-candidatura-de-wesley-goncalves-de-deus\/#primaryimage"},"thumbnailUrl":"https:\/\/noticiaempauta.com\/portal\/wp-content\/uploads\/2024\/08\/WhatsApp-Image-2024-08-19-at-15.53.48.jpeg","keywords":["destaqueprincipal"],"articleSection":["Destaques","Geral","Munic\u00edpios","Pol\u00edtica","Todas as Not\u00edcias"],"inLanguage":"pt-BR","potentialAction":[{"@type":"CommentAction","name":"Comment","target":["https:\/\/noticiaempauta.com\/portal\/psd-de-aroeiras-do-itaim-entra-com-acao-de-impugnacao-da-candidatura-de-wesley-goncalves-de-deus\/#respond"]}]},{"@type":"WebPage","@id":"https:\/\/noticiaempauta.com\/portal\/psd-de-aroeiras-do-itaim-entra-com-acao-de-impugnacao-da-candidatura-de-wesley-goncalves-de-deus\/","url":"https:\/\/noticiaempauta.com\/portal\/psd-de-aroeiras-do-itaim-entra-com-acao-de-impugnacao-da-candidatura-de-wesley-goncalves-de-deus\/","name":"PSD de Aroeiras do Itaim entra com A\u00e7\u00e3o de Impugna\u00e7\u00e3o da Candidatura de Wesley Gon\u00e7alves de Deus - Portal Not\u00edcia em Pauta","isPartOf":{"@id":"https:\/\/noticiaempauta.com\/portal\/#website"},"primaryImageOfPage":{"@id":"https:\/\/noticiaempauta.com\/portal\/psd-de-aroeiras-do-itaim-entra-com-acao-de-impugnacao-da-candidatura-de-wesley-goncalves-de-deus\/#primaryimage"},"image":{"@id":"https:\/\/noticiaempauta.com\/portal\/psd-de-aroeiras-do-itaim-entra-com-acao-de-impugnacao-da-candidatura-de-wesley-goncalves-de-deus\/#primaryimage"},"thumbnailUrl":"https:\/\/noticiaempauta.com\/portal\/wp-content\/uploads\/2024\/08\/WhatsApp-Image-2024-08-19-at-15.53.48.jpeg","datePublished":"2024-08-19T18:59:01+00:00","dateModified":"2024-08-19T19:05:47+00:00","breadcrumb":{"@id":"https:\/\/noticiaempauta.com\/portal\/psd-de-aroeiras-do-itaim-entra-com-acao-de-impugnacao-da-candidatura-de-wesley-goncalves-de-deus\/#breadcrumb"},"inLanguage":"pt-BR","potentialAction":[{"@type":"ReadAction","target":["https:\/\/noticiaempauta.com\/portal\/psd-de-aroeiras-do-itaim-entra-com-acao-de-impugnacao-da-candidatura-de-wesley-goncalves-de-deus\/"]}]},{"@type":"ImageObject","inLanguage":"pt-BR","@id":"https:\/\/noticiaempauta.com\/portal\/psd-de-aroeiras-do-itaim-entra-com-acao-de-impugnacao-da-candidatura-de-wesley-goncalves-de-deus\/#primaryimage","url":"https:\/\/noticiaempauta.com\/portal\/wp-content\/uploads\/2024\/08\/WhatsApp-Image-2024-08-19-at-15.53.48.jpeg","contentUrl":"https:\/\/noticiaempauta.com\/portal\/wp-content\/uploads\/2024\/08\/WhatsApp-Image-2024-08-19-at-15.53.48.jpeg","width":1170,"height":1027},{"@type":"BreadcrumbList","@id":"https:\/\/noticiaempauta.com\/portal\/psd-de-aroeiras-do-itaim-entra-com-acao-de-impugnacao-da-candidatura-de-wesley-goncalves-de-deus\/#breadcrumb","itemListElement":[{"@type":"ListItem","position":1,"name":"P\u00e1gina Inicial","item":"https:\/\/noticiaempauta.com\/portal\/"},{"@type":"ListItem","position":2,"name":"Destaques","item":"https:\/\/noticiaempauta.com\/portal\/destaques-site\/"},{"@type":"ListItem","position":3,"name":"PSD de Aroeiras do Itaim entra com A\u00e7\u00e3o de Impugna\u00e7\u00e3o da Candidatura de Wesley Gon\u00e7alves de Deus"}]},{"@type":"WebSite","@id":"https:\/\/noticiaempauta.com\/portal\/#website","url":"https:\/\/noticiaempauta.com\/portal\/","name":"Portal Not\u00edcia em Pauta","description":"Voc\u00ea bem informado","publisher":{"@id":"https:\/\/noticiaempauta.com\/portal\/#organization"},"potentialAction":[{"@type":"SearchAction","target":{"@type":"EntryPoint","urlTemplate":"https:\/\/noticiaempauta.com\/portal\/?s={search_term_string}"},"query-input":{"@type":"PropertyValueSpecification","valueRequired":true,"valueName":"search_term_string"}}],"inLanguage":"pt-BR"},{"@type":"Organization","@id":"https:\/\/noticiaempauta.com\/portal\/#organization","name":"Portal Not\u00edcia em Pauta","url":"https:\/\/noticiaempauta.com\/portal\/","logo":{"@type":"ImageObject","inLanguage":"pt-BR","@id":"https:\/\/noticiaempauta.com\/portal\/#\/schema\/logo\/image\/","url":"https:\/\/noticiaempauta.com\/portal\/wp-content\/uploads\/2022\/08\/logomarca_tema.fw_.png","contentUrl":"https:\/\/noticiaempauta.com\/portal\/wp-content\/uploads\/2022\/08\/logomarca_tema.fw_.png","width":400,"height":232,"caption":"Portal Not\u00edcia em Pauta"},"image":{"@id":"https:\/\/noticiaempauta.com\/portal\/#\/schema\/logo\/image\/"},"sameAs":["https:\/\/www.facebook.com\/Portal-Notcia-Em-Pauta-102292869264820\/","https:\/\/www.instagram.com\/portalnoticiaempauta\/"]},{"@type":"Person","@id":"https:\/\/noticiaempauta.com\/portal\/#\/schema\/person\/a74af43dd1ab3deca45f988c717d57ac","name":"Reda\u00e7\u00e3o","image":{"@type":"ImageObject","inLanguage":"pt-BR","@id":"https:\/\/noticiaempauta.com\/portal\/#\/schema\/person\/image\/","url":"https:\/\/secure.gravatar.com\/avatar\/03179346ecce6cdfc13361603e8f54242a90e5cde8618fa23c5c00aa2b0aadf3?s=96&d=mm&r=g","contentUrl":"https:\/\/secure.gravatar.com\/avatar\/03179346ecce6cdfc13361603e8f54242a90e5cde8618fa23c5c00aa2b0aadf3?s=96&d=mm&r=g","caption":"Reda\u00e7\u00e3o"},"sameAs":["https:\/\/noticiaempauta.com\/portal\/"],"url":"https:\/\/noticiaempauta.com\/portal\/author\/fernando\/"}]}},"_links":{"self":[{"href":"https:\/\/noticiaempauta.com\/portal\/wp-json\/wp\/v2\/posts\/261339","targetHints":{"allow":["GET"]}}],"collection":[{"href":"https:\/\/noticiaempauta.com\/portal\/wp-json\/wp\/v2\/posts"}],"about":[{"href":"https:\/\/noticiaempauta.com\/portal\/wp-json\/wp\/v2\/types\/post"}],"author":[{"embeddable":true,"href":"https:\/\/noticiaempauta.com\/portal\/wp-json\/wp\/v2\/users\/2"}],"replies":[{"embeddable":true,"href":"https:\/\/noticiaempauta.com\/portal\/wp-json\/wp\/v2\/comments?post=261339"}],"version-history":[{"count":5,"href":"https:\/\/noticiaempauta.com\/portal\/wp-json\/wp\/v2\/posts\/261339\/revisions"}],"predecessor-version":[{"id":261346,"href":"https:\/\/noticiaempauta.com\/portal\/wp-json\/wp\/v2\/posts\/261339\/revisions\/261346"}],"wp:featuredmedia":[{"embeddable":true,"href":"https:\/\/noticiaempauta.com\/portal\/wp-json\/wp\/v2\/media\/261340"}],"wp:attachment":[{"href":"https:\/\/noticiaempauta.com\/portal\/wp-json\/wp\/v2\/media?parent=261339"}],"wp:term":[{"taxonomy":"category","embeddable":true,"href":"https:\/\/noticiaempauta.com\/portal\/wp-json\/wp\/v2\/categories?post=261339"},{"taxonomy":"post_tag","embeddable":true,"href":"https:\/\/noticiaempauta.com\/portal\/wp-json\/wp\/v2\/tags?post=261339"}],"curies":[{"name":"wp","href":"https:\/\/api.w.org\/{rel}","templated":true}]}}