{"id":261358,"date":"2024-08-20T09:18:04","date_gmt":"2024-08-20T12:18:04","guid":{"rendered":"https:\/\/noticiaempauta.com\/portal\/?p=261358"},"modified":"2024-08-20T09:18:05","modified_gmt":"2024-08-20T12:18:05","slug":"enem-dos-concursos-gabaritos-oficiais-saem-hoje-veja-o-cronograma","status":"publish","type":"post","link":"https:\/\/noticiaempauta.com\/portal\/enem-dos-concursos-gabaritos-oficiais-saem-hoje-veja-o-cronograma\/","title":{"rendered":"&#8216;Enem dos concursos&#8217;: gabaritos oficiais saem hoje; veja o cronograma"},"content":{"rendered":"\n<p>Os\u00a0gabaritos oficiais das provas objetivas do &#8220;Enem dos concursos&#8221;\u00a0ser\u00e3o\u00a0divulgados nesta ter\u00e7a-feira (20). Embora o governo n\u00e3o tenha informado o hor\u00e1rio exato, a publica\u00e7\u00e3o ser\u00e1 feita no mesmo site onde os candidatos realizaram a inscri\u00e7\u00e3o.\u00a0Para acessar, \u00e9 necess\u00e1rio fazer login\u00a0no endere\u00e7o\u00a0<a href=\"https:\/\/cpnu.cesgranrio.org.br\/login\" target=\"_blank\" rel=\"noreferrer noopener\"><strong>cpnu.cesgranrio.org.br\/login<\/strong><\/a>\u00a0utilizando os dados da conta gov.br e clicar na \u00c1rea do Candidato.<\/p>\n\n\n\n<p>O\u00a0gabarito oficial ser\u00e1 denominado preliminar, pois os candidatos ainda ter\u00e3o a oportunidade de entrar com recurso caso considerem que alguma quest\u00e3o foi respondida incorretamente.\u00a0<\/p>\n\n\n\n<h2 class=\"wp-block-heading\">QUANDO SAI O RESULTADO?<\/h2>\n\n\n\n<p>O&nbsp;<strong>cart\u00e3o-resposta de cada candidato ser\u00e1 disponibilizado em 10 de setembro.<\/strong>&nbsp;As notas finais, que incluem as quest\u00f5es dissertativas e a reda\u00e7\u00e3o, ser\u00e3o divulgadas em 8 de outubro. Os resultados finais est\u00e3o previstos para serem publicados em 21 de novembro.&nbsp;<\/p>\n\n\n\n<h2 class=\"wp-block-heading\">FASES DO CONCURSO<\/h2>\n\n\n\n<ul class=\"wp-block-list\">\n<li><strong>per\u00edcia m\u00e9dica (avalia\u00e7\u00e3o biopsicossocial)\u00a0<\/strong>para a reserva de vagas das pessoas com defici\u00eancia;<\/li>\n\n\n\n<li><strong>procedimento de verifica\u00e7\u00e3o<\/strong>\u00a0da condi\u00e7\u00e3o declarada para as pessoas negras;<\/li>\n\n\n\n<li>e\u00a0<strong>procedimento de verifica\u00e7\u00e3o documental<\/strong>\u00a0complementar para ind\u00edgenas;<\/li>\n\n\n\n<li>Para\u00a0<strong>alguns cargos<\/strong>, haver\u00e1 uma segunda etapa de\u00a0<strong>avalia\u00e7\u00e3o de t\u00edtulos<\/strong>.<\/li>\n<\/ul>\n\n\n\n<h2 class=\"wp-block-heading\">LISTA DE APROVADOS E CLASSIFICADOS<\/h2>\n\n\n\n<p>A lista de aprovados e classificados ser\u00e1 organizada com base nas notas mais altas, tanto na ampla concorr\u00eancia quanto nas vagas reservadas a negros, ind\u00edgenas e pessoas com defici\u00eancia. Para os cargos da FUNAI, ser\u00e3o considerados 20% de candidatos negros, 5% com defici\u00eancia e 30% ind\u00edgenas.\u00a0O preenchimento das vagas levar\u00e1 em conta as notas das provas e as prefer\u00eancias dos candidatos\u00a0dentro de cada bloco tem\u00e1tico.\u00a0<\/p>\n\n\n\n<h2 class=\"wp-block-heading\">Cronograma<\/h2>\n\n\n\n<ul class=\"wp-block-list\">\n<li><strong>Disponibiliza\u00e7\u00e3o da imagem do cart\u00e3o-resposta:\u00a0<\/strong>10 de setembro<\/li>\n\n\n\n<li><strong>Divulga\u00e7\u00e3o das notas finais:\u00a0<\/strong>8 de outubro<\/li>\n\n\n\n<li><strong>Envio dos t\u00edtulos:<\/strong>\u00a09 e 10 de outubro<\/li>\n\n\n\n<li><strong>Previs\u00e3o de divulga\u00e7\u00e3o dos resultados finais:<\/strong>\u00a021 de novembro<\/li>\n\n\n\n<li><strong>In\u00edcio da convoca\u00e7\u00e3o para posse:<\/strong>\u00a0janeiro de 2025<\/li>\n<\/ul>\n\n\n\n<p><strong><em>Fonte: Meio News<\/em><\/strong><\/p>\n","protected":false},"excerpt":{"rendered":"<p>&#8216;Enem dos concursos&#8217; centralizou em uma \u00fanica prova diversos concursos autorizados para a sele\u00e7\u00e3o de servidores federais.<\/p>\n","protected":false},"author":2,"featured_media":261042,"comment_status":"open","ping_status":"open","sticky":false,"template":"","format":"standard","meta":{"_mi_skip_tracking":false,"footnotes":""},"categories":[25,1,16],"tags":[],"class_list":["post-261358","post","type-post","status-publish","format-standard","has-post-thumbnail","hentry","category-destaques-site","category-geral","category-todas"],"acf":[],"yoast_head":"<!-- This site is optimized with the Yoast SEO Premium plugin v19.2 (Yoast SEO v26.9) - https:\/\/yoast.com\/product\/yoast-seo-premium-wordpress\/ -->\n<title>&#039;Enem dos concursos&#039;: gabaritos oficiais saem hoje; veja o cronograma - Portal Not\u00edcia em Pauta<\/title>\n<meta name=\"robots\" content=\"index, follow, max-snippet:-1, max-image-preview:large, max-video-preview:-1\" \/>\n<link rel=\"canonical\" href=\"https:\/\/noticiaempauta.com\/portal\/enem-dos-concursos-gabaritos-oficiais-saem-hoje-veja-o-cronograma\/\" \/>\n<meta property=\"og:locale\" content=\"pt_BR\" \/>\n<meta property=\"og:type\" content=\"article\" \/>\n<meta property=\"og:title\" content=\"&#039;Enem dos concursos&#039;: gabaritos oficiais saem hoje; veja o cronograma\" \/>\n<meta property=\"og:description\" content=\"&#039;Enem dos concursos&#039; centralizou em uma \u00fanica prova diversos concursos autorizados para a sele\u00e7\u00e3o de servidores federais.\" \/>\n<meta property=\"og:url\" content=\"https:\/\/noticiaempauta.com\/portal\/enem-dos-concursos-gabaritos-oficiais-saem-hoje-veja-o-cronograma\/\" \/>\n<meta property=\"og:site_name\" content=\"Portal Not\u00edcia em Pauta\" \/>\n<meta property=\"article:publisher\" content=\"https:\/\/www.facebook.com\/Portal-Notcia-Em-Pauta-102292869264820\/\" \/>\n<meta property=\"article:published_time\" content=\"2024-08-20T12:18:04+00:00\" \/>\n<meta property=\"article:modified_time\" content=\"2024-08-20T12:18:05+00:00\" \/>\n<meta property=\"og:image\" content=\"https:\/\/noticiaempauta.com\/portal\/wp-content\/uploads\/2024\/08\/locais-de-prova-do-concurso-nacional-unificado-serao-divulgados-hoje-22b1541c-c20c-4082-bbbb-486179544300.jpg.webp\" \/>\n\t<meta property=\"og:image:width\" content=\"1200\" \/>\n\t<meta property=\"og:image:height\" content=\"802\" \/>\n\t<meta property=\"og:image:type\" content=\"image\/webp\" \/>\n<meta name=\"author\" content=\"Reda\u00e7\u00e3o\" \/>\n<meta name=\"twitter:card\" content=\"summary_large_image\" \/>\n<meta name=\"twitter:label1\" content=\"Escrito por\" \/>\n\t<meta name=\"twitter:data1\" content=\"Reda\u00e7\u00e3o\" \/>\n\t<meta name=\"twitter:label2\" content=\"Est. tempo de leitura\" \/>\n\t<meta name=\"twitter:data2\" content=\"2 minutos\" \/>\n<script type=\"application\/ld+json\" class=\"yoast-schema-graph\">{\"@context\":\"https:\/\/schema.org\",\"@graph\":[{\"@type\":\"Article\",\"@id\":\"https:\/\/noticiaempauta.com\/portal\/enem-dos-concursos-gabaritos-oficiais-saem-hoje-veja-o-cronograma\/#article\",\"isPartOf\":{\"@id\":\"https:\/\/noticiaempauta.com\/portal\/enem-dos-concursos-gabaritos-oficiais-saem-hoje-veja-o-cronograma\/\"},\"author\":{\"name\":\"Reda\u00e7\u00e3o\",\"@id\":\"https:\/\/noticiaempauta.com\/portal\/#\/schema\/person\/a74af43dd1ab3deca45f988c717d57ac\"},\"headline\":\"&#8216;Enem dos concursos&#8217;: gabaritos oficiais saem hoje; veja o cronograma\",\"datePublished\":\"2024-08-20T12:18:04+00:00\",\"dateModified\":\"2024-08-20T12:18:05+00:00\",\"mainEntityOfPage\":{\"@id\":\"https:\/\/noticiaempauta.com\/portal\/enem-dos-concursos-gabaritos-oficiais-saem-hoje-veja-o-cronograma\/\"},\"wordCount\":333,\"commentCount\":0,\"publisher\":{\"@id\":\"https:\/\/noticiaempauta.com\/portal\/#organization\"},\"image\":{\"@id\":\"https:\/\/noticiaempauta.com\/portal\/enem-dos-concursos-gabaritos-oficiais-saem-hoje-veja-o-cronograma\/#primaryimage\"},\"thumbnailUrl\":\"https:\/\/noticiaempauta.com\/portal\/wp-content\/uploads\/2024\/08\/locais-de-prova-do-concurso-nacional-unificado-serao-divulgados-hoje-22b1541c-c20c-4082-bbbb-486179544300.jpg.webp\",\"articleSection\":[\"Destaques\",\"Geral\",\"Todas as Not\u00edcias\"],\"inLanguage\":\"pt-BR\",\"potentialAction\":[{\"@type\":\"CommentAction\",\"name\":\"Comment\",\"target\":[\"https:\/\/noticiaempauta.com\/portal\/enem-dos-concursos-gabaritos-oficiais-saem-hoje-veja-o-cronograma\/#respond\"]}]},{\"@type\":\"WebPage\",\"@id\":\"https:\/\/noticiaempauta.com\/portal\/enem-dos-concursos-gabaritos-oficiais-saem-hoje-veja-o-cronograma\/\",\"url\":\"https:\/\/noticiaempauta.com\/portal\/enem-dos-concursos-gabaritos-oficiais-saem-hoje-veja-o-cronograma\/\",\"name\":\"'Enem dos concursos': gabaritos oficiais saem hoje; veja o cronograma - Portal Not\u00edcia em Pauta\",\"isPartOf\":{\"@id\":\"https:\/\/noticiaempauta.com\/portal\/#website\"},\"primaryImageOfPage\":{\"@id\":\"https:\/\/noticiaempauta.com\/portal\/enem-dos-concursos-gabaritos-oficiais-saem-hoje-veja-o-cronograma\/#primaryimage\"},\"image\":{\"@id\":\"https:\/\/noticiaempauta.com\/portal\/enem-dos-concursos-gabaritos-oficiais-saem-hoje-veja-o-cronograma\/#primaryimage\"},\"thumbnailUrl\":\"https:\/\/noticiaempauta.com\/portal\/wp-content\/uploads\/2024\/08\/locais-de-prova-do-concurso-nacional-unificado-serao-divulgados-hoje-22b1541c-c20c-4082-bbbb-486179544300.jpg.webp\",\"datePublished\":\"2024-08-20T12:18:04+00:00\",\"dateModified\":\"2024-08-20T12:18:05+00:00\",\"breadcrumb\":{\"@id\":\"https:\/\/noticiaempauta.com\/portal\/enem-dos-concursos-gabaritos-oficiais-saem-hoje-veja-o-cronograma\/#breadcrumb\"},\"inLanguage\":\"pt-BR\",\"potentialAction\":[{\"@type\":\"ReadAction\",\"target\":[\"https:\/\/noticiaempauta.com\/portal\/enem-dos-concursos-gabaritos-oficiais-saem-hoje-veja-o-cronograma\/\"]}]},{\"@type\":\"ImageObject\",\"inLanguage\":\"pt-BR\",\"@id\":\"https:\/\/noticiaempauta.com\/portal\/enem-dos-concursos-gabaritos-oficiais-saem-hoje-veja-o-cronograma\/#primaryimage\",\"url\":\"https:\/\/noticiaempauta.com\/portal\/wp-content\/uploads\/2024\/08\/locais-de-prova-do-concurso-nacional-unificado-serao-divulgados-hoje-22b1541c-c20c-4082-bbbb-486179544300.jpg.webp\",\"contentUrl\":\"https:\/\/noticiaempauta.com\/portal\/wp-content\/uploads\/2024\/08\/locais-de-prova-do-concurso-nacional-unificado-serao-divulgados-hoje-22b1541c-c20c-4082-bbbb-486179544300.jpg.webp\",\"width\":1200,\"height\":802},{\"@type\":\"BreadcrumbList\",\"@id\":\"https:\/\/noticiaempauta.com\/portal\/enem-dos-concursos-gabaritos-oficiais-saem-hoje-veja-o-cronograma\/#breadcrumb\",\"itemListElement\":[{\"@type\":\"ListItem\",\"position\":1,\"name\":\"P\u00e1gina Inicial\",\"item\":\"https:\/\/noticiaempauta.com\/portal\/\"},{\"@type\":\"ListItem\",\"position\":2,\"name\":\"Destaques\",\"item\":\"https:\/\/noticiaempauta.com\/portal\/destaques-site\/\"},{\"@type\":\"ListItem\",\"position\":3,\"name\":\"&#8216;Enem dos concursos&#8217;: gabaritos oficiais saem hoje; veja o cronograma\"}]},{\"@type\":\"WebSite\",\"@id\":\"https:\/\/noticiaempauta.com\/portal\/#website\",\"url\":\"https:\/\/noticiaempauta.com\/portal\/\",\"name\":\"Portal Not\u00edcia em Pauta\",\"description\":\"Voc\u00ea bem informado\",\"publisher\":{\"@id\":\"https:\/\/noticiaempauta.com\/portal\/#organization\"},\"potentialAction\":[{\"@type\":\"SearchAction\",\"target\":{\"@type\":\"EntryPoint\",\"urlTemplate\":\"https:\/\/noticiaempauta.com\/portal\/?s={search_term_string}\"},\"query-input\":{\"@type\":\"PropertyValueSpecification\",\"valueRequired\":true,\"valueName\":\"search_term_string\"}}],\"inLanguage\":\"pt-BR\"},{\"@type\":\"Organization\",\"@id\":\"https:\/\/noticiaempauta.com\/portal\/#organization\",\"name\":\"Portal Not\u00edcia em Pauta\",\"url\":\"https:\/\/noticiaempauta.com\/portal\/\",\"logo\":{\"@type\":\"ImageObject\",\"inLanguage\":\"pt-BR\",\"@id\":\"https:\/\/noticiaempauta.com\/portal\/#\/schema\/logo\/image\/\",\"url\":\"https:\/\/noticiaempauta.com\/portal\/wp-content\/uploads\/2022\/08\/logomarca_tema.fw_.png\",\"contentUrl\":\"https:\/\/noticiaempauta.com\/portal\/wp-content\/uploads\/2022\/08\/logomarca_tema.fw_.png\",\"width\":400,\"height\":232,\"caption\":\"Portal Not\u00edcia em Pauta\"},\"image\":{\"@id\":\"https:\/\/noticiaempauta.com\/portal\/#\/schema\/logo\/image\/\"},\"sameAs\":[\"https:\/\/www.facebook.com\/Portal-Notcia-Em-Pauta-102292869264820\/\",\"https:\/\/www.instagram.com\/portalnoticiaempauta\/\"]},{\"@type\":\"Person\",\"@id\":\"https:\/\/noticiaempauta.com\/portal\/#\/schema\/person\/a74af43dd1ab3deca45f988c717d57ac\",\"name\":\"Reda\u00e7\u00e3o\",\"image\":{\"@type\":\"ImageObject\",\"inLanguage\":\"pt-BR\",\"@id\":\"https:\/\/noticiaempauta.com\/portal\/#\/schema\/person\/image\/\",\"url\":\"https:\/\/secure.gravatar.com\/avatar\/03179346ecce6cdfc13361603e8f54242a90e5cde8618fa23c5c00aa2b0aadf3?s=96&d=mm&r=g\",\"contentUrl\":\"https:\/\/secure.gravatar.com\/avatar\/03179346ecce6cdfc13361603e8f54242a90e5cde8618fa23c5c00aa2b0aadf3?s=96&d=mm&r=g\",\"caption\":\"Reda\u00e7\u00e3o\"},\"sameAs\":[\"https:\/\/noticiaempauta.com\/portal\/\"],\"url\":\"https:\/\/noticiaempauta.com\/portal\/author\/fernando\/\"}]}<\/script>\n<!-- \/ Yoast SEO Premium plugin. -->","yoast_head_json":{"title":"'Enem dos concursos': gabaritos oficiais saem hoje; veja o cronograma - Portal Not\u00edcia em Pauta","robots":{"index":"index","follow":"follow","max-snippet":"max-snippet:-1","max-image-preview":"max-image-preview:large","max-video-preview":"max-video-preview:-1"},"canonical":"https:\/\/noticiaempauta.com\/portal\/enem-dos-concursos-gabaritos-oficiais-saem-hoje-veja-o-cronograma\/","og_locale":"pt_BR","og_type":"article","og_title":"'Enem dos concursos': gabaritos oficiais saem hoje; veja o cronograma","og_description":"'Enem dos concursos' centralizou em uma \u00fanica prova diversos concursos autorizados para a sele\u00e7\u00e3o de servidores federais.","og_url":"https:\/\/noticiaempauta.com\/portal\/enem-dos-concursos-gabaritos-oficiais-saem-hoje-veja-o-cronograma\/","og_site_name":"Portal Not\u00edcia em Pauta","article_publisher":"https:\/\/www.facebook.com\/Portal-Notcia-Em-Pauta-102292869264820\/","article_published_time":"2024-08-20T12:18:04+00:00","article_modified_time":"2024-08-20T12:18:05+00:00","og_image":[{"width":1200,"height":802,"url":"https:\/\/noticiaempauta.com\/portal\/wp-content\/uploads\/2024\/08\/locais-de-prova-do-concurso-nacional-unificado-serao-divulgados-hoje-22b1541c-c20c-4082-bbbb-486179544300.jpg.webp","type":"image\/webp"}],"author":"Reda\u00e7\u00e3o","twitter_card":"summary_large_image","twitter_misc":{"Escrito por":"Reda\u00e7\u00e3o","Est. tempo de leitura":"2 minutos"},"schema":{"@context":"https:\/\/schema.org","@graph":[{"@type":"Article","@id":"https:\/\/noticiaempauta.com\/portal\/enem-dos-concursos-gabaritos-oficiais-saem-hoje-veja-o-cronograma\/#article","isPartOf":{"@id":"https:\/\/noticiaempauta.com\/portal\/enem-dos-concursos-gabaritos-oficiais-saem-hoje-veja-o-cronograma\/"},"author":{"name":"Reda\u00e7\u00e3o","@id":"https:\/\/noticiaempauta.com\/portal\/#\/schema\/person\/a74af43dd1ab3deca45f988c717d57ac"},"headline":"&#8216;Enem dos concursos&#8217;: gabaritos oficiais saem hoje; veja o cronograma","datePublished":"2024-08-20T12:18:04+00:00","dateModified":"2024-08-20T12:18:05+00:00","mainEntityOfPage":{"@id":"https:\/\/noticiaempauta.com\/portal\/enem-dos-concursos-gabaritos-oficiais-saem-hoje-veja-o-cronograma\/"},"wordCount":333,"commentCount":0,"publisher":{"@id":"https:\/\/noticiaempauta.com\/portal\/#organization"},"image":{"@id":"https:\/\/noticiaempauta.com\/portal\/enem-dos-concursos-gabaritos-oficiais-saem-hoje-veja-o-cronograma\/#primaryimage"},"thumbnailUrl":"https:\/\/noticiaempauta.com\/portal\/wp-content\/uploads\/2024\/08\/locais-de-prova-do-concurso-nacional-unificado-serao-divulgados-hoje-22b1541c-c20c-4082-bbbb-486179544300.jpg.webp","articleSection":["Destaques","Geral","Todas as Not\u00edcias"],"inLanguage":"pt-BR","potentialAction":[{"@type":"CommentAction","name":"Comment","target":["https:\/\/noticiaempauta.com\/portal\/enem-dos-concursos-gabaritos-oficiais-saem-hoje-veja-o-cronograma\/#respond"]}]},{"@type":"WebPage","@id":"https:\/\/noticiaempauta.com\/portal\/enem-dos-concursos-gabaritos-oficiais-saem-hoje-veja-o-cronograma\/","url":"https:\/\/noticiaempauta.com\/portal\/enem-dos-concursos-gabaritos-oficiais-saem-hoje-veja-o-cronograma\/","name":"'Enem dos concursos': gabaritos oficiais saem hoje; veja o cronograma - Portal Not\u00edcia em Pauta","isPartOf":{"@id":"https:\/\/noticiaempauta.com\/portal\/#website"},"primaryImageOfPage":{"@id":"https:\/\/noticiaempauta.com\/portal\/enem-dos-concursos-gabaritos-oficiais-saem-hoje-veja-o-cronograma\/#primaryimage"},"image":{"@id":"https:\/\/noticiaempauta.com\/portal\/enem-dos-concursos-gabaritos-oficiais-saem-hoje-veja-o-cronograma\/#primaryimage"},"thumbnailUrl":"https:\/\/noticiaempauta.com\/portal\/wp-content\/uploads\/2024\/08\/locais-de-prova-do-concurso-nacional-unificado-serao-divulgados-hoje-22b1541c-c20c-4082-bbbb-486179544300.jpg.webp","datePublished":"2024-08-20T12:18:04+00:00","dateModified":"2024-08-20T12:18:05+00:00","breadcrumb":{"@id":"https:\/\/noticiaempauta.com\/portal\/enem-dos-concursos-gabaritos-oficiais-saem-hoje-veja-o-cronograma\/#breadcrumb"},"inLanguage":"pt-BR","potentialAction":[{"@type":"ReadAction","target":["https:\/\/noticiaempauta.com\/portal\/enem-dos-concursos-gabaritos-oficiais-saem-hoje-veja-o-cronograma\/"]}]},{"@type":"ImageObject","inLanguage":"pt-BR","@id":"https:\/\/noticiaempauta.com\/portal\/enem-dos-concursos-gabaritos-oficiais-saem-hoje-veja-o-cronograma\/#primaryimage","url":"https:\/\/noticiaempauta.com\/portal\/wp-content\/uploads\/2024\/08\/locais-de-prova-do-concurso-nacional-unificado-serao-divulgados-hoje-22b1541c-c20c-4082-bbbb-486179544300.jpg.webp","contentUrl":"https:\/\/noticiaempauta.com\/portal\/wp-content\/uploads\/2024\/08\/locais-de-prova-do-concurso-nacional-unificado-serao-divulgados-hoje-22b1541c-c20c-4082-bbbb-486179544300.jpg.webp","width":1200,"height":802},{"@type":"BreadcrumbList","@id":"https:\/\/noticiaempauta.com\/portal\/enem-dos-concursos-gabaritos-oficiais-saem-hoje-veja-o-cronograma\/#breadcrumb","itemListElement":[{"@type":"ListItem","position":1,"name":"P\u00e1gina Inicial","item":"https:\/\/noticiaempauta.com\/portal\/"},{"@type":"ListItem","position":2,"name":"Destaques","item":"https:\/\/noticiaempauta.com\/portal\/destaques-site\/"},{"@type":"ListItem","position":3,"name":"&#8216;Enem dos concursos&#8217;: gabaritos oficiais saem hoje; veja o cronograma"}]},{"@type":"WebSite","@id":"https:\/\/noticiaempauta.com\/portal\/#website","url":"https:\/\/noticiaempauta.com\/portal\/","name":"Portal Not\u00edcia em Pauta","description":"Voc\u00ea bem informado","publisher":{"@id":"https:\/\/noticiaempauta.com\/portal\/#organization"},"potentialAction":[{"@type":"SearchAction","target":{"@type":"EntryPoint","urlTemplate":"https:\/\/noticiaempauta.com\/portal\/?s={search_term_string}"},"query-input":{"@type":"PropertyValueSpecification","valueRequired":true,"valueName":"search_term_string"}}],"inLanguage":"pt-BR"},{"@type":"Organization","@id":"https:\/\/noticiaempauta.com\/portal\/#organization","name":"Portal Not\u00edcia em Pauta","url":"https:\/\/noticiaempauta.com\/portal\/","logo":{"@type":"ImageObject","inLanguage":"pt-BR","@id":"https:\/\/noticiaempauta.com\/portal\/#\/schema\/logo\/image\/","url":"https:\/\/noticiaempauta.com\/portal\/wp-content\/uploads\/2022\/08\/logomarca_tema.fw_.png","contentUrl":"https:\/\/noticiaempauta.com\/portal\/wp-content\/uploads\/2022\/08\/logomarca_tema.fw_.png","width":400,"height":232,"caption":"Portal Not\u00edcia em Pauta"},"image":{"@id":"https:\/\/noticiaempauta.com\/portal\/#\/schema\/logo\/image\/"},"sameAs":["https:\/\/www.facebook.com\/Portal-Notcia-Em-Pauta-102292869264820\/","https:\/\/www.instagram.com\/portalnoticiaempauta\/"]},{"@type":"Person","@id":"https:\/\/noticiaempauta.com\/portal\/#\/schema\/person\/a74af43dd1ab3deca45f988c717d57ac","name":"Reda\u00e7\u00e3o","image":{"@type":"ImageObject","inLanguage":"pt-BR","@id":"https:\/\/noticiaempauta.com\/portal\/#\/schema\/person\/image\/","url":"https:\/\/secure.gravatar.com\/avatar\/03179346ecce6cdfc13361603e8f54242a90e5cde8618fa23c5c00aa2b0aadf3?s=96&d=mm&r=g","contentUrl":"https:\/\/secure.gravatar.com\/avatar\/03179346ecce6cdfc13361603e8f54242a90e5cde8618fa23c5c00aa2b0aadf3?s=96&d=mm&r=g","caption":"Reda\u00e7\u00e3o"},"sameAs":["https:\/\/noticiaempauta.com\/portal\/"],"url":"https:\/\/noticiaempauta.com\/portal\/author\/fernando\/"}]}},"_links":{"self":[{"href":"https:\/\/noticiaempauta.com\/portal\/wp-json\/wp\/v2\/posts\/261358","targetHints":{"allow":["GET"]}}],"collection":[{"href":"https:\/\/noticiaempauta.com\/portal\/wp-json\/wp\/v2\/posts"}],"about":[{"href":"https:\/\/noticiaempauta.com\/portal\/wp-json\/wp\/v2\/types\/post"}],"author":[{"embeddable":true,"href":"https:\/\/noticiaempauta.com\/portal\/wp-json\/wp\/v2\/users\/2"}],"replies":[{"embeddable":true,"href":"https:\/\/noticiaempauta.com\/portal\/wp-json\/wp\/v2\/comments?post=261358"}],"version-history":[{"count":1,"href":"https:\/\/noticiaempauta.com\/portal\/wp-json\/wp\/v2\/posts\/261358\/revisions"}],"predecessor-version":[{"id":261359,"href":"https:\/\/noticiaempauta.com\/portal\/wp-json\/wp\/v2\/posts\/261358\/revisions\/261359"}],"wp:featuredmedia":[{"embeddable":true,"href":"https:\/\/noticiaempauta.com\/portal\/wp-json\/wp\/v2\/media\/261042"}],"wp:attachment":[{"href":"https:\/\/noticiaempauta.com\/portal\/wp-json\/wp\/v2\/media?parent=261358"}],"wp:term":[{"taxonomy":"category","embeddable":true,"href":"https:\/\/noticiaempauta.com\/portal\/wp-json\/wp\/v2\/categories?post=261358"},{"taxonomy":"post_tag","embeddable":true,"href":"https:\/\/noticiaempauta.com\/portal\/wp-json\/wp\/v2\/tags?post=261358"}],"curies":[{"name":"wp","href":"https:\/\/api.w.org\/{rel}","templated":true}]}}