{"id":261360,"date":"2024-08-20T09:22:39","date_gmt":"2024-08-20T12:22:39","guid":{"rendered":"https:\/\/noticiaempauta.com\/portal\/?p=261360"},"modified":"2024-08-20T09:22:39","modified_gmt":"2024-08-20T12:22:39","slug":"em-sao-paulo-rafael-firma-parceria-com-polvo-lab-para-desenvolvimento-de-produtos-piauienses","status":"publish","type":"post","link":"https:\/\/noticiaempauta.com\/portal\/em-sao-paulo-rafael-firma-parceria-com-polvo-lab-para-desenvolvimento-de-produtos-piauienses\/","title":{"rendered":"Em S\u00e3o Paulo, Rafael firma parceria com Polvo Lab para desenvolvimento de produtos piauienses"},"content":{"rendered":"\n<p>O governador Rafael Fonteles assinou, nesta segunda-feira (19), em S\u00e3o Paulo, contrato com a Polvo Lab Criativo para o desenvolvimento de produtos piauienses, com a cria\u00e7\u00e3o de um selo \u201cMade in Piau\u00ed\u201d. A empresa &nbsp;executar\u00e1 an\u00e1lise de mercado para marcas de diversas regi\u00f5es do Piau\u00ed, a fim de criar e orientar modelos de neg\u00f3cios para potenciais investimentos, com o intuito de fortalecer a economia local.<\/p>\n\n\n\n<figure class=\"wp-block-image size-full\"><img fetchpriority=\"high\" decoding=\"async\" width=\"1000\" height=\"750\" src=\"https:\/\/noticiaempauta.com\/portal\/wp-content\/uploads\/2024\/08\/large_Whats_App_Image_2024_08_19_at_15_57_07_3_1ba2d94693.jpeg\" alt=\"\" class=\"wp-image-261363\" srcset=\"https:\/\/noticiaempauta.com\/portal\/wp-content\/uploads\/2024\/08\/large_Whats_App_Image_2024_08_19_at_15_57_07_3_1ba2d94693.jpeg 1000w, https:\/\/noticiaempauta.com\/portal\/wp-content\/uploads\/2024\/08\/large_Whats_App_Image_2024_08_19_at_15_57_07_3_1ba2d94693-300x225.jpeg 300w, https:\/\/noticiaempauta.com\/portal\/wp-content\/uploads\/2024\/08\/large_Whats_App_Image_2024_08_19_at_15_57_07_3_1ba2d94693-768x576.jpeg 768w\" sizes=\"(max-width: 1000px) 100vw, 1000px\" \/><\/figure>\n\n\n\n<p>A cria\u00e7\u00e3o do selo \u201cMade in Piau\u00ed\u201d vai evidenciar e valorizar produtos locais, aumentando a percep\u00e7\u00e3o de produtos piauienses e facilitando sua inser\u00e7\u00e3o e competitividade no mercado nacional e internacional.<\/p>\n\n\n\n<figure class=\"wp-block-image size-large\"><img decoding=\"async\" width=\"1024\" height=\"768\" src=\"https:\/\/noticiaempauta.com\/portal\/wp-content\/uploads\/2024\/08\/WhatsApp-Image-2024-08-19-at-15.57.10-1-1024x768.jpeg\" alt=\"\" class=\"wp-image-261364\" srcset=\"https:\/\/noticiaempauta.com\/portal\/wp-content\/uploads\/2024\/08\/WhatsApp-Image-2024-08-19-at-15.57.10-1-1024x768.jpeg 1024w, https:\/\/noticiaempauta.com\/portal\/wp-content\/uploads\/2024\/08\/WhatsApp-Image-2024-08-19-at-15.57.10-1-300x225.jpeg 300w, https:\/\/noticiaempauta.com\/portal\/wp-content\/uploads\/2024\/08\/WhatsApp-Image-2024-08-19-at-15.57.10-1-768x576.jpeg 768w, https:\/\/noticiaempauta.com\/portal\/wp-content\/uploads\/2024\/08\/WhatsApp-Image-2024-08-19-at-15.57.10-1.jpeg 1038w\" sizes=\"(max-width: 1024px) 100vw, 1024px\" \/><\/figure>\n\n\n\n<p>O contrato prev\u00ea ainda o \u201crebranding\u201d de marcas locais para melhorar a imagem e aceita\u00e7\u00e3o dos produtos; capacita\u00e7\u00e3o e planejamento com cria\u00e7\u00e3o de modelo de neg\u00f3cios que podem atrair novos investidores; al\u00e9m de propiciar a gera\u00e7\u00e3o de novos postos de empregos e promover a sustentabilidade e impacto social.<\/p>\n\n\n\n<p>A Polvo Lab Criativo \u00e9 uma empresa catalisadora de neg\u00f3cios que estimula a autonomia de produtos originalmente brasileiros, mapeando oportunidades e investindo em pesquisa e desenvolvimento.<\/p>\n\n\n\n<p><strong>Outras agendas em S\u00e3o Paulo<\/strong><\/p>\n\n\n\n<p>Acompanhado do diretor-presidente da Investe Piau\u00ed, Victor Hugo, e do diretor do escrit\u00f3rio da Investe Piau\u00ed em S\u00e3o Paulo, Ricardo Carvalho, o governador Rafael Fonteles participou de audi\u00eancias para tratar sobre projetos do Piau\u00ed. Umas delas foi com representantes do Grupo Simpar, que atua nas \u00e1reas de log\u00edstica, mobilidade, saneamento, concess\u00f5es e servi\u00e7os financeiros. &#8220;Tratamos de diversos temas, com destaque para o Projeto Intermodal do Vale do Parna\u00edba, as hidrovias e o nosso Porto Piau\u00ed&#8221;, disse Fonteles.<\/p>\n\n\n\n<figure class=\"wp-block-image size-full\"><img decoding=\"async\" width=\"1000\" height=\"750\" src=\"https:\/\/noticiaempauta.com\/portal\/wp-content\/uploads\/2024\/08\/large_Whats_App_Image_2024_08_19_at_14_06_18_07526296e6.jpeg\" alt=\"\" class=\"wp-image-261362\" srcset=\"https:\/\/noticiaempauta.com\/portal\/wp-content\/uploads\/2024\/08\/large_Whats_App_Image_2024_08_19_at_14_06_18_07526296e6.jpeg 1000w, https:\/\/noticiaempauta.com\/portal\/wp-content\/uploads\/2024\/08\/large_Whats_App_Image_2024_08_19_at_14_06_18_07526296e6-300x225.jpeg 300w, https:\/\/noticiaempauta.com\/portal\/wp-content\/uploads\/2024\/08\/large_Whats_App_Image_2024_08_19_at_14_06_18_07526296e6-768x576.jpeg 768w\" sizes=\"(max-width: 1000px) 100vw, 1000px\" \/><\/figure>\n\n\n\n<p>Rafael participou ainda de reuni\u00e3o com o CEO do Banco Original e Picpay, Jos\u00e9 Batista. &#8220;Visitamos as instala\u00e7\u00f5es dos empreendimentos e vimos de perto como \u00e9 o funcionamento dessas gigantes quando o assunto \u00e9 economia&#8221;, finalizou.<\/p>\n\n\n\n<figure class=\"wp-block-image size-full\"><img loading=\"lazy\" decoding=\"async\" width=\"1000\" height=\"750\" src=\"https:\/\/noticiaempauta.com\/portal\/wp-content\/uploads\/2024\/08\/large_Whats_App_Image_2024_08_19_at_11_19_19_3_9fbdb830a8.jpeg\" alt=\"\" class=\"wp-image-261361\" srcset=\"https:\/\/noticiaempauta.com\/portal\/wp-content\/uploads\/2024\/08\/large_Whats_App_Image_2024_08_19_at_11_19_19_3_9fbdb830a8.jpeg 1000w, https:\/\/noticiaempauta.com\/portal\/wp-content\/uploads\/2024\/08\/large_Whats_App_Image_2024_08_19_at_11_19_19_3_9fbdb830a8-300x225.jpeg 300w, https:\/\/noticiaempauta.com\/portal\/wp-content\/uploads\/2024\/08\/large_Whats_App_Image_2024_08_19_at_11_19_19_3_9fbdb830a8-768x576.jpeg 768w\" sizes=\"(max-width: 1000px) 100vw, 1000px\" \/><\/figure>\n\n\n\n<p>O governador visitou tamb\u00e9m as instala\u00e7\u00f5es da COFCO International, holding chinesa de processamento de alimentos. A COFCO \u00e9 uma das maiores empresas no ramo de processamento de alimentos no mundo, atuando no fornecimento de gr\u00e3os, oleaginosas, a\u00e7\u00facar e caf\u00e9.<\/p>\n\n\n\n<p><strong><em>CCOM-PI<\/em><\/strong><\/p>\n","protected":false},"excerpt":{"rendered":"<p>A cria\u00e7\u00e3o de um selo \u201cMade in Piau\u00ed\u201d vai evidenciar e valorizar produtos locais, aumentando a percep\u00e7\u00e3o de produtos piauienses.<\/p>\n","protected":false},"author":2,"featured_media":261364,"comment_status":"open","ping_status":"open","sticky":false,"template":"","format":"standard","meta":{"_mi_skip_tracking":false,"footnotes":""},"categories":[25,1,16],"tags":[192],"class_list":["post-261360","post","type-post","status-publish","format-standard","has-post-thumbnail","hentry","category-destaques-site","category-geral","category-todas","tag-destaqueprincipal"],"acf":[],"yoast_head":"<!-- This site is optimized with the Yoast SEO Premium plugin v19.2 (Yoast SEO v26.9) - https:\/\/yoast.com\/product\/yoast-seo-premium-wordpress\/ -->\n<title>Em S\u00e3o Paulo, Rafael firma parceria com Polvo Lab para desenvolvimento de produtos piauienses - Portal Not\u00edcia em Pauta<\/title>\n<meta name=\"robots\" content=\"index, follow, max-snippet:-1, max-image-preview:large, max-video-preview:-1\" \/>\n<link rel=\"canonical\" href=\"https:\/\/noticiaempauta.com\/portal\/em-sao-paulo-rafael-firma-parceria-com-polvo-lab-para-desenvolvimento-de-produtos-piauienses\/\" \/>\n<meta property=\"og:locale\" content=\"pt_BR\" \/>\n<meta property=\"og:type\" content=\"article\" \/>\n<meta property=\"og:title\" content=\"Em S\u00e3o Paulo, Rafael firma parceria com Polvo Lab para desenvolvimento de produtos piauienses\" \/>\n<meta property=\"og:description\" content=\"A cria\u00e7\u00e3o de um selo \u201cMade in Piau\u00ed\u201d vai evidenciar e valorizar produtos locais, aumentando a percep\u00e7\u00e3o de produtos piauienses.\" \/>\n<meta property=\"og:url\" content=\"https:\/\/noticiaempauta.com\/portal\/em-sao-paulo-rafael-firma-parceria-com-polvo-lab-para-desenvolvimento-de-produtos-piauienses\/\" \/>\n<meta property=\"og:site_name\" content=\"Portal Not\u00edcia em Pauta\" \/>\n<meta property=\"article:publisher\" content=\"https:\/\/www.facebook.com\/Portal-Notcia-Em-Pauta-102292869264820\/\" \/>\n<meta property=\"article:published_time\" content=\"2024-08-20T12:22:39+00:00\" \/>\n<meta property=\"og:image\" content=\"https:\/\/noticiaempauta.com\/portal\/wp-content\/uploads\/2024\/08\/WhatsApp-Image-2024-08-19-at-15.57.10-1.jpeg\" \/>\n\t<meta property=\"og:image:width\" content=\"1038\" \/>\n\t<meta property=\"og:image:height\" content=\"779\" \/>\n\t<meta property=\"og:image:type\" content=\"image\/jpeg\" \/>\n<meta name=\"author\" content=\"Reda\u00e7\u00e3o\" \/>\n<meta name=\"twitter:card\" content=\"summary_large_image\" \/>\n<meta name=\"twitter:label1\" content=\"Escrito por\" \/>\n\t<meta name=\"twitter:data1\" content=\"Reda\u00e7\u00e3o\" \/>\n\t<meta name=\"twitter:label2\" content=\"Est. tempo de leitura\" \/>\n\t<meta name=\"twitter:data2\" content=\"3 minutos\" \/>\n<script type=\"application\/ld+json\" class=\"yoast-schema-graph\">{\"@context\":\"https:\/\/schema.org\",\"@graph\":[{\"@type\":\"Article\",\"@id\":\"https:\/\/noticiaempauta.com\/portal\/em-sao-paulo-rafael-firma-parceria-com-polvo-lab-para-desenvolvimento-de-produtos-piauienses\/#article\",\"isPartOf\":{\"@id\":\"https:\/\/noticiaempauta.com\/portal\/em-sao-paulo-rafael-firma-parceria-com-polvo-lab-para-desenvolvimento-de-produtos-piauienses\/\"},\"author\":{\"name\":\"Reda\u00e7\u00e3o\",\"@id\":\"https:\/\/noticiaempauta.com\/portal\/#\/schema\/person\/a74af43dd1ab3deca45f988c717d57ac\"},\"headline\":\"Em S\u00e3o Paulo, Rafael firma parceria com Polvo Lab para desenvolvimento de produtos piauienses\",\"datePublished\":\"2024-08-20T12:22:39+00:00\",\"mainEntityOfPage\":{\"@id\":\"https:\/\/noticiaempauta.com\/portal\/em-sao-paulo-rafael-firma-parceria-com-polvo-lab-para-desenvolvimento-de-produtos-piauienses\/\"},\"wordCount\":367,\"commentCount\":0,\"publisher\":{\"@id\":\"https:\/\/noticiaempauta.com\/portal\/#organization\"},\"image\":{\"@id\":\"https:\/\/noticiaempauta.com\/portal\/em-sao-paulo-rafael-firma-parceria-com-polvo-lab-para-desenvolvimento-de-produtos-piauienses\/#primaryimage\"},\"thumbnailUrl\":\"https:\/\/noticiaempauta.com\/portal\/wp-content\/uploads\/2024\/08\/WhatsApp-Image-2024-08-19-at-15.57.10-1.jpeg\",\"keywords\":[\"destaqueprincipal\"],\"articleSection\":[\"Destaques\",\"Geral\",\"Todas as Not\u00edcias\"],\"inLanguage\":\"pt-BR\",\"potentialAction\":[{\"@type\":\"CommentAction\",\"name\":\"Comment\",\"target\":[\"https:\/\/noticiaempauta.com\/portal\/em-sao-paulo-rafael-firma-parceria-com-polvo-lab-para-desenvolvimento-de-produtos-piauienses\/#respond\"]}]},{\"@type\":\"WebPage\",\"@id\":\"https:\/\/noticiaempauta.com\/portal\/em-sao-paulo-rafael-firma-parceria-com-polvo-lab-para-desenvolvimento-de-produtos-piauienses\/\",\"url\":\"https:\/\/noticiaempauta.com\/portal\/em-sao-paulo-rafael-firma-parceria-com-polvo-lab-para-desenvolvimento-de-produtos-piauienses\/\",\"name\":\"Em S\u00e3o Paulo, Rafael firma parceria com Polvo Lab para desenvolvimento de produtos piauienses - Portal Not\u00edcia em Pauta\",\"isPartOf\":{\"@id\":\"https:\/\/noticiaempauta.com\/portal\/#website\"},\"primaryImageOfPage\":{\"@id\":\"https:\/\/noticiaempauta.com\/portal\/em-sao-paulo-rafael-firma-parceria-com-polvo-lab-para-desenvolvimento-de-produtos-piauienses\/#primaryimage\"},\"image\":{\"@id\":\"https:\/\/noticiaempauta.com\/portal\/em-sao-paulo-rafael-firma-parceria-com-polvo-lab-para-desenvolvimento-de-produtos-piauienses\/#primaryimage\"},\"thumbnailUrl\":\"https:\/\/noticiaempauta.com\/portal\/wp-content\/uploads\/2024\/08\/WhatsApp-Image-2024-08-19-at-15.57.10-1.jpeg\",\"datePublished\":\"2024-08-20T12:22:39+00:00\",\"breadcrumb\":{\"@id\":\"https:\/\/noticiaempauta.com\/portal\/em-sao-paulo-rafael-firma-parceria-com-polvo-lab-para-desenvolvimento-de-produtos-piauienses\/#breadcrumb\"},\"inLanguage\":\"pt-BR\",\"potentialAction\":[{\"@type\":\"ReadAction\",\"target\":[\"https:\/\/noticiaempauta.com\/portal\/em-sao-paulo-rafael-firma-parceria-com-polvo-lab-para-desenvolvimento-de-produtos-piauienses\/\"]}]},{\"@type\":\"ImageObject\",\"inLanguage\":\"pt-BR\",\"@id\":\"https:\/\/noticiaempauta.com\/portal\/em-sao-paulo-rafael-firma-parceria-com-polvo-lab-para-desenvolvimento-de-produtos-piauienses\/#primaryimage\",\"url\":\"https:\/\/noticiaempauta.com\/portal\/wp-content\/uploads\/2024\/08\/WhatsApp-Image-2024-08-19-at-15.57.10-1.jpeg\",\"contentUrl\":\"https:\/\/noticiaempauta.com\/portal\/wp-content\/uploads\/2024\/08\/WhatsApp-Image-2024-08-19-at-15.57.10-1.jpeg\",\"width\":1038,\"height\":779},{\"@type\":\"BreadcrumbList\",\"@id\":\"https:\/\/noticiaempauta.com\/portal\/em-sao-paulo-rafael-firma-parceria-com-polvo-lab-para-desenvolvimento-de-produtos-piauienses\/#breadcrumb\",\"itemListElement\":[{\"@type\":\"ListItem\",\"position\":1,\"name\":\"P\u00e1gina Inicial\",\"item\":\"https:\/\/noticiaempauta.com\/portal\/\"},{\"@type\":\"ListItem\",\"position\":2,\"name\":\"Destaques\",\"item\":\"https:\/\/noticiaempauta.com\/portal\/destaques-site\/\"},{\"@type\":\"ListItem\",\"position\":3,\"name\":\"Em S\u00e3o Paulo, Rafael firma parceria com Polvo Lab para desenvolvimento de produtos piauienses\"}]},{\"@type\":\"WebSite\",\"@id\":\"https:\/\/noticiaempauta.com\/portal\/#website\",\"url\":\"https:\/\/noticiaempauta.com\/portal\/\",\"name\":\"Portal Not\u00edcia em Pauta\",\"description\":\"Voc\u00ea bem informado\",\"publisher\":{\"@id\":\"https:\/\/noticiaempauta.com\/portal\/#organization\"},\"potentialAction\":[{\"@type\":\"SearchAction\",\"target\":{\"@type\":\"EntryPoint\",\"urlTemplate\":\"https:\/\/noticiaempauta.com\/portal\/?s={search_term_string}\"},\"query-input\":{\"@type\":\"PropertyValueSpecification\",\"valueRequired\":true,\"valueName\":\"search_term_string\"}}],\"inLanguage\":\"pt-BR\"},{\"@type\":\"Organization\",\"@id\":\"https:\/\/noticiaempauta.com\/portal\/#organization\",\"name\":\"Portal Not\u00edcia em Pauta\",\"url\":\"https:\/\/noticiaempauta.com\/portal\/\",\"logo\":{\"@type\":\"ImageObject\",\"inLanguage\":\"pt-BR\",\"@id\":\"https:\/\/noticiaempauta.com\/portal\/#\/schema\/logo\/image\/\",\"url\":\"https:\/\/noticiaempauta.com\/portal\/wp-content\/uploads\/2022\/08\/logomarca_tema.fw_.png\",\"contentUrl\":\"https:\/\/noticiaempauta.com\/portal\/wp-content\/uploads\/2022\/08\/logomarca_tema.fw_.png\",\"width\":400,\"height\":232,\"caption\":\"Portal Not\u00edcia em Pauta\"},\"image\":{\"@id\":\"https:\/\/noticiaempauta.com\/portal\/#\/schema\/logo\/image\/\"},\"sameAs\":[\"https:\/\/www.facebook.com\/Portal-Notcia-Em-Pauta-102292869264820\/\",\"https:\/\/www.instagram.com\/portalnoticiaempauta\/\"]},{\"@type\":\"Person\",\"@id\":\"https:\/\/noticiaempauta.com\/portal\/#\/schema\/person\/a74af43dd1ab3deca45f988c717d57ac\",\"name\":\"Reda\u00e7\u00e3o\",\"image\":{\"@type\":\"ImageObject\",\"inLanguage\":\"pt-BR\",\"@id\":\"https:\/\/noticiaempauta.com\/portal\/#\/schema\/person\/image\/\",\"url\":\"https:\/\/secure.gravatar.com\/avatar\/03179346ecce6cdfc13361603e8f54242a90e5cde8618fa23c5c00aa2b0aadf3?s=96&d=mm&r=g\",\"contentUrl\":\"https:\/\/secure.gravatar.com\/avatar\/03179346ecce6cdfc13361603e8f54242a90e5cde8618fa23c5c00aa2b0aadf3?s=96&d=mm&r=g\",\"caption\":\"Reda\u00e7\u00e3o\"},\"sameAs\":[\"https:\/\/noticiaempauta.com\/portal\/\"],\"url\":\"https:\/\/noticiaempauta.com\/portal\/author\/fernando\/\"}]}<\/script>\n<!-- \/ Yoast SEO Premium plugin. -->","yoast_head_json":{"title":"Em S\u00e3o Paulo, Rafael firma parceria com Polvo Lab para desenvolvimento de produtos piauienses - Portal Not\u00edcia em Pauta","robots":{"index":"index","follow":"follow","max-snippet":"max-snippet:-1","max-image-preview":"max-image-preview:large","max-video-preview":"max-video-preview:-1"},"canonical":"https:\/\/noticiaempauta.com\/portal\/em-sao-paulo-rafael-firma-parceria-com-polvo-lab-para-desenvolvimento-de-produtos-piauienses\/","og_locale":"pt_BR","og_type":"article","og_title":"Em S\u00e3o Paulo, Rafael firma parceria com Polvo Lab para desenvolvimento de produtos piauienses","og_description":"A cria\u00e7\u00e3o de um selo \u201cMade in Piau\u00ed\u201d vai evidenciar e valorizar produtos locais, aumentando a percep\u00e7\u00e3o de produtos piauienses.","og_url":"https:\/\/noticiaempauta.com\/portal\/em-sao-paulo-rafael-firma-parceria-com-polvo-lab-para-desenvolvimento-de-produtos-piauienses\/","og_site_name":"Portal Not\u00edcia em Pauta","article_publisher":"https:\/\/www.facebook.com\/Portal-Notcia-Em-Pauta-102292869264820\/","article_published_time":"2024-08-20T12:22:39+00:00","og_image":[{"width":1038,"height":779,"url":"https:\/\/noticiaempauta.com\/portal\/wp-content\/uploads\/2024\/08\/WhatsApp-Image-2024-08-19-at-15.57.10-1.jpeg","type":"image\/jpeg"}],"author":"Reda\u00e7\u00e3o","twitter_card":"summary_large_image","twitter_misc":{"Escrito por":"Reda\u00e7\u00e3o","Est. tempo de leitura":"3 minutos"},"schema":{"@context":"https:\/\/schema.org","@graph":[{"@type":"Article","@id":"https:\/\/noticiaempauta.com\/portal\/em-sao-paulo-rafael-firma-parceria-com-polvo-lab-para-desenvolvimento-de-produtos-piauienses\/#article","isPartOf":{"@id":"https:\/\/noticiaempauta.com\/portal\/em-sao-paulo-rafael-firma-parceria-com-polvo-lab-para-desenvolvimento-de-produtos-piauienses\/"},"author":{"name":"Reda\u00e7\u00e3o","@id":"https:\/\/noticiaempauta.com\/portal\/#\/schema\/person\/a74af43dd1ab3deca45f988c717d57ac"},"headline":"Em S\u00e3o Paulo, Rafael firma parceria com Polvo Lab para desenvolvimento de produtos piauienses","datePublished":"2024-08-20T12:22:39+00:00","mainEntityOfPage":{"@id":"https:\/\/noticiaempauta.com\/portal\/em-sao-paulo-rafael-firma-parceria-com-polvo-lab-para-desenvolvimento-de-produtos-piauienses\/"},"wordCount":367,"commentCount":0,"publisher":{"@id":"https:\/\/noticiaempauta.com\/portal\/#organization"},"image":{"@id":"https:\/\/noticiaempauta.com\/portal\/em-sao-paulo-rafael-firma-parceria-com-polvo-lab-para-desenvolvimento-de-produtos-piauienses\/#primaryimage"},"thumbnailUrl":"https:\/\/noticiaempauta.com\/portal\/wp-content\/uploads\/2024\/08\/WhatsApp-Image-2024-08-19-at-15.57.10-1.jpeg","keywords":["destaqueprincipal"],"articleSection":["Destaques","Geral","Todas as Not\u00edcias"],"inLanguage":"pt-BR","potentialAction":[{"@type":"CommentAction","name":"Comment","target":["https:\/\/noticiaempauta.com\/portal\/em-sao-paulo-rafael-firma-parceria-com-polvo-lab-para-desenvolvimento-de-produtos-piauienses\/#respond"]}]},{"@type":"WebPage","@id":"https:\/\/noticiaempauta.com\/portal\/em-sao-paulo-rafael-firma-parceria-com-polvo-lab-para-desenvolvimento-de-produtos-piauienses\/","url":"https:\/\/noticiaempauta.com\/portal\/em-sao-paulo-rafael-firma-parceria-com-polvo-lab-para-desenvolvimento-de-produtos-piauienses\/","name":"Em S\u00e3o Paulo, Rafael firma parceria com Polvo Lab para desenvolvimento de produtos piauienses - Portal Not\u00edcia em Pauta","isPartOf":{"@id":"https:\/\/noticiaempauta.com\/portal\/#website"},"primaryImageOfPage":{"@id":"https:\/\/noticiaempauta.com\/portal\/em-sao-paulo-rafael-firma-parceria-com-polvo-lab-para-desenvolvimento-de-produtos-piauienses\/#primaryimage"},"image":{"@id":"https:\/\/noticiaempauta.com\/portal\/em-sao-paulo-rafael-firma-parceria-com-polvo-lab-para-desenvolvimento-de-produtos-piauienses\/#primaryimage"},"thumbnailUrl":"https:\/\/noticiaempauta.com\/portal\/wp-content\/uploads\/2024\/08\/WhatsApp-Image-2024-08-19-at-15.57.10-1.jpeg","datePublished":"2024-08-20T12:22:39+00:00","breadcrumb":{"@id":"https:\/\/noticiaempauta.com\/portal\/em-sao-paulo-rafael-firma-parceria-com-polvo-lab-para-desenvolvimento-de-produtos-piauienses\/#breadcrumb"},"inLanguage":"pt-BR","potentialAction":[{"@type":"ReadAction","target":["https:\/\/noticiaempauta.com\/portal\/em-sao-paulo-rafael-firma-parceria-com-polvo-lab-para-desenvolvimento-de-produtos-piauienses\/"]}]},{"@type":"ImageObject","inLanguage":"pt-BR","@id":"https:\/\/noticiaempauta.com\/portal\/em-sao-paulo-rafael-firma-parceria-com-polvo-lab-para-desenvolvimento-de-produtos-piauienses\/#primaryimage","url":"https:\/\/noticiaempauta.com\/portal\/wp-content\/uploads\/2024\/08\/WhatsApp-Image-2024-08-19-at-15.57.10-1.jpeg","contentUrl":"https:\/\/noticiaempauta.com\/portal\/wp-content\/uploads\/2024\/08\/WhatsApp-Image-2024-08-19-at-15.57.10-1.jpeg","width":1038,"height":779},{"@type":"BreadcrumbList","@id":"https:\/\/noticiaempauta.com\/portal\/em-sao-paulo-rafael-firma-parceria-com-polvo-lab-para-desenvolvimento-de-produtos-piauienses\/#breadcrumb","itemListElement":[{"@type":"ListItem","position":1,"name":"P\u00e1gina Inicial","item":"https:\/\/noticiaempauta.com\/portal\/"},{"@type":"ListItem","position":2,"name":"Destaques","item":"https:\/\/noticiaempauta.com\/portal\/destaques-site\/"},{"@type":"ListItem","position":3,"name":"Em S\u00e3o Paulo, Rafael firma parceria com Polvo Lab para desenvolvimento de produtos piauienses"}]},{"@type":"WebSite","@id":"https:\/\/noticiaempauta.com\/portal\/#website","url":"https:\/\/noticiaempauta.com\/portal\/","name":"Portal Not\u00edcia em Pauta","description":"Voc\u00ea bem informado","publisher":{"@id":"https:\/\/noticiaempauta.com\/portal\/#organization"},"potentialAction":[{"@type":"SearchAction","target":{"@type":"EntryPoint","urlTemplate":"https:\/\/noticiaempauta.com\/portal\/?s={search_term_string}"},"query-input":{"@type":"PropertyValueSpecification","valueRequired":true,"valueName":"search_term_string"}}],"inLanguage":"pt-BR"},{"@type":"Organization","@id":"https:\/\/noticiaempauta.com\/portal\/#organization","name":"Portal Not\u00edcia em Pauta","url":"https:\/\/noticiaempauta.com\/portal\/","logo":{"@type":"ImageObject","inLanguage":"pt-BR","@id":"https:\/\/noticiaempauta.com\/portal\/#\/schema\/logo\/image\/","url":"https:\/\/noticiaempauta.com\/portal\/wp-content\/uploads\/2022\/08\/logomarca_tema.fw_.png","contentUrl":"https:\/\/noticiaempauta.com\/portal\/wp-content\/uploads\/2022\/08\/logomarca_tema.fw_.png","width":400,"height":232,"caption":"Portal Not\u00edcia em Pauta"},"image":{"@id":"https:\/\/noticiaempauta.com\/portal\/#\/schema\/logo\/image\/"},"sameAs":["https:\/\/www.facebook.com\/Portal-Notcia-Em-Pauta-102292869264820\/","https:\/\/www.instagram.com\/portalnoticiaempauta\/"]},{"@type":"Person","@id":"https:\/\/noticiaempauta.com\/portal\/#\/schema\/person\/a74af43dd1ab3deca45f988c717d57ac","name":"Reda\u00e7\u00e3o","image":{"@type":"ImageObject","inLanguage":"pt-BR","@id":"https:\/\/noticiaempauta.com\/portal\/#\/schema\/person\/image\/","url":"https:\/\/secure.gravatar.com\/avatar\/03179346ecce6cdfc13361603e8f54242a90e5cde8618fa23c5c00aa2b0aadf3?s=96&d=mm&r=g","contentUrl":"https:\/\/secure.gravatar.com\/avatar\/03179346ecce6cdfc13361603e8f54242a90e5cde8618fa23c5c00aa2b0aadf3?s=96&d=mm&r=g","caption":"Reda\u00e7\u00e3o"},"sameAs":["https:\/\/noticiaempauta.com\/portal\/"],"url":"https:\/\/noticiaempauta.com\/portal\/author\/fernando\/"}]}},"_links":{"self":[{"href":"https:\/\/noticiaempauta.com\/portal\/wp-json\/wp\/v2\/posts\/261360","targetHints":{"allow":["GET"]}}],"collection":[{"href":"https:\/\/noticiaempauta.com\/portal\/wp-json\/wp\/v2\/posts"}],"about":[{"href":"https:\/\/noticiaempauta.com\/portal\/wp-json\/wp\/v2\/types\/post"}],"author":[{"embeddable":true,"href":"https:\/\/noticiaempauta.com\/portal\/wp-json\/wp\/v2\/users\/2"}],"replies":[{"embeddable":true,"href":"https:\/\/noticiaempauta.com\/portal\/wp-json\/wp\/v2\/comments?post=261360"}],"version-history":[{"count":2,"href":"https:\/\/noticiaempauta.com\/portal\/wp-json\/wp\/v2\/posts\/261360\/revisions"}],"predecessor-version":[{"id":261366,"href":"https:\/\/noticiaempauta.com\/portal\/wp-json\/wp\/v2\/posts\/261360\/revisions\/261366"}],"wp:featuredmedia":[{"embeddable":true,"href":"https:\/\/noticiaempauta.com\/portal\/wp-json\/wp\/v2\/media\/261364"}],"wp:attachment":[{"href":"https:\/\/noticiaempauta.com\/portal\/wp-json\/wp\/v2\/media?parent=261360"}],"wp:term":[{"taxonomy":"category","embeddable":true,"href":"https:\/\/noticiaempauta.com\/portal\/wp-json\/wp\/v2\/categories?post=261360"},{"taxonomy":"post_tag","embeddable":true,"href":"https:\/\/noticiaempauta.com\/portal\/wp-json\/wp\/v2\/tags?post=261360"}],"curies":[{"name":"wp","href":"https:\/\/api.w.org\/{rel}","templated":true}]}}