{"id":261387,"date":"2024-08-21T09:42:37","date_gmt":"2024-08-21T12:42:37","guid":{"rendered":"https:\/\/noticiaempauta.com\/portal\/?p=261387"},"modified":"2024-08-21T09:42:38","modified_gmt":"2024-08-21T12:42:38","slug":"apos-acidente-em-sp-voepass-suspende-temporariamente-venda-de-passagens","status":"publish","type":"post","link":"https:\/\/noticiaempauta.com\/portal\/apos-acidente-em-sp-voepass-suspende-temporariamente-venda-de-passagens\/","title":{"rendered":"Ap\u00f3s acidente em SP, Voepass suspende temporariamente venda de passagens"},"content":{"rendered":"\n<p>A\u00a0perda do turbo\u00e9lice ATR 72-500, que fazia o\u00a0voo 2283 e que caiu em Vinhedo (SP), no \u00faltimo dia 9, matando as 62 pessoas a bordo, motivou a empresa a\u00e9rea Voepass a suspender, at\u00e9 o pr\u00f3ximo dia 31, a\u00a0venda de passagens para voos que partem ou chegam aos aeroportos\u00a0de Fortaleza e Natal, entre outros destinos.<\/p>\n\n\n\n<blockquote class=\"wp-block-quote is-layout-flow wp-block-quote-is-layout-flow\">\n<p>Segundo a companhia, a medida foi adotada \u201cem decorr\u00eancia da reorganiza\u00e7\u00e3o da malha por contingenciamento\u201d, o que causou atrasos e cancelamentos de voos.<\/p>\n\n\n\n<figure class=\"wp-block-image size-large\"><img fetchpriority=\"high\" decoding=\"async\" width=\"1024\" height=\"613\" src=\"https:\/\/noticiaempauta.com\/portal\/wp-content\/uploads\/2024\/08\/apos-acidente-em-sp-voepass-suspende-temporariamente-venda-de-passagens-56a3990b-9c40-4d2e-b16c-c12e3f269851.jpg-1024x613.webp\" alt=\"\" class=\"wp-image-261389\" srcset=\"https:\/\/noticiaempauta.com\/portal\/wp-content\/uploads\/2024\/08\/apos-acidente-em-sp-voepass-suspende-temporariamente-venda-de-passagens-56a3990b-9c40-4d2e-b16c-c12e3f269851.jpg-1024x613.webp 1024w, https:\/\/noticiaempauta.com\/portal\/wp-content\/uploads\/2024\/08\/apos-acidente-em-sp-voepass-suspende-temporariamente-venda-de-passagens-56a3990b-9c40-4d2e-b16c-c12e3f269851.jpg-300x179.webp 300w, https:\/\/noticiaempauta.com\/portal\/wp-content\/uploads\/2024\/08\/apos-acidente-em-sp-voepass-suspende-temporariamente-venda-de-passagens-56a3990b-9c40-4d2e-b16c-c12e3f269851.jpg-768x459.webp 768w, https:\/\/noticiaempauta.com\/portal\/wp-content\/uploads\/2024\/08\/apos-acidente-em-sp-voepass-suspende-temporariamente-venda-de-passagens-56a3990b-9c40-4d2e-b16c-c12e3f269851.jpg.webp 1170w\" sizes=\"(max-width: 1024px) 100vw, 1024px\" \/><figcaption class=\"wp-element-caption\">Ap\u00f3s acidente em SP, Voepass suspende temporariamente venda de passagens | Foto: Paulo Pinto\/Ag\u00eancia Brasil<\/figcaption><\/figure>\n<\/blockquote>\n\n\n\n<p>No site da empresa, a venda de passagens para voos que interligam Fortaleza e Natal e estas duas cidades a Fernando de Noronha ou Juazeiro do Norte est\u00e1 bloqueada at\u00e9 pelo menos 31 de agosto. Tamb\u00e9m\u00a0n\u00e3o \u00e9 poss\u00edvel comprar bilhetes para viajar entre Fernando de Noronha e Juazeiro do Norte\u00a0antes de 1\u00ba de setembro.<\/p>\n\n\n\n<p>Conforme a operadora respons\u00e1vel pelo aeroporto de Fernando de Noronha,\u00a0al\u00e9m de suspender a venda de passagens, a Voepass n\u00e3o vem realizando os voos que interligam o arquip\u00e9lago a Fortaleza e Natal desde o dia 12. Est\u00e3o mantidos apenas os dois voos di\u00e1rios entre Recife e Fernando de Noronha, que atendem prioritariamente aos clientes que adquiriram bilhetes vendidos pela Latam, da qual a Voepass \u00e9 parceira comercial.\u00a0<\/p>\n\n\n\n<figure class=\"wp-block-image size-large\"><img decoding=\"async\" width=\"1024\" height=\"636\" src=\"https:\/\/noticiaempauta.com\/portal\/wp-content\/uploads\/2024\/08\/apos-acidente-em-sp-voepass-suspende-temporariamente-venda-de-passagens-23b4d02b-91ff-4340-bd27-2200f8300e3c.jpg-1024x636.webp\" alt=\"\" class=\"wp-image-261388\" srcset=\"https:\/\/noticiaempauta.com\/portal\/wp-content\/uploads\/2024\/08\/apos-acidente-em-sp-voepass-suspende-temporariamente-venda-de-passagens-23b4d02b-91ff-4340-bd27-2200f8300e3c.jpg-1024x636.webp 1024w, https:\/\/noticiaempauta.com\/portal\/wp-content\/uploads\/2024\/08\/apos-acidente-em-sp-voepass-suspende-temporariamente-venda-de-passagens-23b4d02b-91ff-4340-bd27-2200f8300e3c.jpg-300x186.webp 300w, https:\/\/noticiaempauta.com\/portal\/wp-content\/uploads\/2024\/08\/apos-acidente-em-sp-voepass-suspende-temporariamente-venda-de-passagens-23b4d02b-91ff-4340-bd27-2200f8300e3c.jpg-768x477.webp 768w, https:\/\/noticiaempauta.com\/portal\/wp-content\/uploads\/2024\/08\/apos-acidente-em-sp-voepass-suspende-temporariamente-venda-de-passagens-23b4d02b-91ff-4340-bd27-2200f8300e3c.jpg.webp 1200w\" sizes=\"(max-width: 1024px) 100vw, 1024px\" \/><\/figure>\n\n\n\n<p><strong>CONTINGENCIAMENTO<\/strong><\/p>\n\n\n\n<p>Desde o acidente com o voo 2283,\u00a0consumidores que decidiram n\u00e3o voar com a Voepass e cancelar suas passagens t\u00eam procurado \u00f3rg\u00e3os e plataformas de direitos do consumidor, como o\u00a0<em>site<\/em>\u00a0Reclame Aqui, relatando que enfrentam dificuldades para receber o reembolso integral do valor que gastaram com os bilhetes, ou mesmo a realoca\u00e7\u00e3o em outros voos. As queixas sobre cancelamentos de voos pela pr\u00f3pria empresa tamb\u00e9m se multiplicaram.<\/p>\n\n\n\n<h2 class=\"wp-block-heading\">VOEPASS LAMENTOU OS CONTRATEMPOS<\/h2>\n\n\n\n<p>Consultada, a Voepass lamentou os \u201ccontratempos causados pelo contingenciamento\u201d. \u201cEstamos trabalhando para minimizar transtornos aos nossos clientes. Todos os passageiros est\u00e3o sendo alocados em outros voos.\u00a0A Voepass trabalha arduamente para atender \u00e0s expectativas de seus clientes e \u00e9 solid\u00e1ria a eventuais queixas, que s\u00e3o consideradas para aprimorar a presta\u00e7\u00e3o de nossos servi\u00e7os, e concentra o atendimento a elas em seus\u00a0canais oficiais\u201d, informou a companhia, em nota, sem detalhar o impacto da suspens\u00e3o tempor\u00e1ria da venda de passagens e a quantidade de voos cancelados a partir do \u00faltimo dia 9.<\/p>\n\n\n\n<p><em>(Com informa\u00e7\u00f5es da Ag\u00eancia Brasil)<\/em><\/p>\n","protected":false},"excerpt":{"rendered":"<p>A\u00a0perda do turbo\u00e9lice ATR 72-500, que fazia o\u00a0voo 2283 e que caiu em Vinhedo (SP), no \u00faltimo dia 9, matando as 62 pessoas a bordo, motivou a empresa a\u00e9rea Voepass a suspender, at\u00e9 o pr\u00f3ximo dia 31, a\u00a0venda de passagens para voos que partem ou chegam aos aeroportos\u00a0de Fortaleza e Natal, entre outros destinos. No [&hellip;]<\/p>\n","protected":false},"author":2,"featured_media":261389,"comment_status":"open","ping_status":"open","sticky":false,"template":"","format":"standard","meta":{"_mi_skip_tracking":false,"footnotes":""},"categories":[25,1,16],"tags":[192],"class_list":["post-261387","post","type-post","status-publish","format-standard","has-post-thumbnail","hentry","category-destaques-site","category-geral","category-todas","tag-destaqueprincipal"],"acf":[],"yoast_head":"<!-- This site is optimized with the Yoast SEO Premium plugin v19.2 (Yoast SEO v26.9) - https:\/\/yoast.com\/product\/yoast-seo-premium-wordpress\/ -->\n<title>Ap\u00f3s acidente em SP, Voepass suspende temporariamente venda de passagens - Portal Not\u00edcia em Pauta<\/title>\n<meta name=\"robots\" content=\"index, follow, max-snippet:-1, max-image-preview:large, max-video-preview:-1\" \/>\n<link rel=\"canonical\" href=\"https:\/\/noticiaempauta.com\/portal\/apos-acidente-em-sp-voepass-suspende-temporariamente-venda-de-passagens\/\" \/>\n<meta property=\"og:locale\" content=\"pt_BR\" \/>\n<meta property=\"og:type\" content=\"article\" \/>\n<meta property=\"og:title\" content=\"Ap\u00f3s acidente em SP, Voepass suspende temporariamente venda de passagens\" \/>\n<meta property=\"og:description\" content=\"A\u00a0perda do turbo\u00e9lice ATR 72-500, que fazia o\u00a0voo 2283 e que caiu em Vinhedo (SP), no \u00faltimo dia 9, matando as 62 pessoas a bordo, motivou a empresa a\u00e9rea Voepass a suspender, at\u00e9 o pr\u00f3ximo dia 31, a\u00a0venda de passagens para voos que partem ou chegam aos aeroportos\u00a0de Fortaleza e Natal, entre outros destinos. No [&hellip;]\" \/>\n<meta property=\"og:url\" content=\"https:\/\/noticiaempauta.com\/portal\/apos-acidente-em-sp-voepass-suspende-temporariamente-venda-de-passagens\/\" \/>\n<meta property=\"og:site_name\" content=\"Portal Not\u00edcia em Pauta\" \/>\n<meta property=\"article:publisher\" content=\"https:\/\/www.facebook.com\/Portal-Notcia-Em-Pauta-102292869264820\/\" \/>\n<meta property=\"article:published_time\" content=\"2024-08-21T12:42:37+00:00\" \/>\n<meta property=\"article:modified_time\" content=\"2024-08-21T12:42:38+00:00\" \/>\n<meta property=\"og:image\" content=\"https:\/\/noticiaempauta.com\/portal\/wp-content\/uploads\/2024\/08\/apos-acidente-em-sp-voepass-suspende-temporariamente-venda-de-passagens-56a3990b-9c40-4d2e-b16c-c12e3f269851.jpg.webp\" \/>\n\t<meta property=\"og:image:width\" content=\"1170\" \/>\n\t<meta property=\"og:image:height\" content=\"700\" \/>\n\t<meta property=\"og:image:type\" content=\"image\/webp\" \/>\n<meta name=\"author\" content=\"Reda\u00e7\u00e3o\" \/>\n<meta name=\"twitter:card\" content=\"summary_large_image\" \/>\n<meta name=\"twitter:label1\" content=\"Escrito por\" \/>\n\t<meta name=\"twitter:data1\" content=\"Reda\u00e7\u00e3o\" \/>\n\t<meta name=\"twitter:label2\" content=\"Est. tempo de leitura\" \/>\n\t<meta name=\"twitter:data2\" content=\"3 minutos\" \/>\n<script type=\"application\/ld+json\" class=\"yoast-schema-graph\">{\"@context\":\"https:\/\/schema.org\",\"@graph\":[{\"@type\":\"Article\",\"@id\":\"https:\/\/noticiaempauta.com\/portal\/apos-acidente-em-sp-voepass-suspende-temporariamente-venda-de-passagens\/#article\",\"isPartOf\":{\"@id\":\"https:\/\/noticiaempauta.com\/portal\/apos-acidente-em-sp-voepass-suspende-temporariamente-venda-de-passagens\/\"},\"author\":{\"name\":\"Reda\u00e7\u00e3o\",\"@id\":\"https:\/\/noticiaempauta.com\/portal\/#\/schema\/person\/a74af43dd1ab3deca45f988c717d57ac\"},\"headline\":\"Ap\u00f3s acidente em SP, Voepass suspende temporariamente venda de passagens\",\"datePublished\":\"2024-08-21T12:42:37+00:00\",\"dateModified\":\"2024-08-21T12:42:38+00:00\",\"mainEntityOfPage\":{\"@id\":\"https:\/\/noticiaempauta.com\/portal\/apos-acidente-em-sp-voepass-suspende-temporariamente-venda-de-passagens\/\"},\"wordCount\":418,\"commentCount\":0,\"publisher\":{\"@id\":\"https:\/\/noticiaempauta.com\/portal\/#organization\"},\"image\":{\"@id\":\"https:\/\/noticiaempauta.com\/portal\/apos-acidente-em-sp-voepass-suspende-temporariamente-venda-de-passagens\/#primaryimage\"},\"thumbnailUrl\":\"https:\/\/noticiaempauta.com\/portal\/wp-content\/uploads\/2024\/08\/apos-acidente-em-sp-voepass-suspende-temporariamente-venda-de-passagens-56a3990b-9c40-4d2e-b16c-c12e3f269851.jpg.webp\",\"keywords\":[\"destaqueprincipal\"],\"articleSection\":[\"Destaques\",\"Geral\",\"Todas as Not\u00edcias\"],\"inLanguage\":\"pt-BR\",\"potentialAction\":[{\"@type\":\"CommentAction\",\"name\":\"Comment\",\"target\":[\"https:\/\/noticiaempauta.com\/portal\/apos-acidente-em-sp-voepass-suspende-temporariamente-venda-de-passagens\/#respond\"]}]},{\"@type\":\"WebPage\",\"@id\":\"https:\/\/noticiaempauta.com\/portal\/apos-acidente-em-sp-voepass-suspende-temporariamente-venda-de-passagens\/\",\"url\":\"https:\/\/noticiaempauta.com\/portal\/apos-acidente-em-sp-voepass-suspende-temporariamente-venda-de-passagens\/\",\"name\":\"Ap\u00f3s acidente em SP, Voepass suspende temporariamente venda de passagens - Portal Not\u00edcia em Pauta\",\"isPartOf\":{\"@id\":\"https:\/\/noticiaempauta.com\/portal\/#website\"},\"primaryImageOfPage\":{\"@id\":\"https:\/\/noticiaempauta.com\/portal\/apos-acidente-em-sp-voepass-suspende-temporariamente-venda-de-passagens\/#primaryimage\"},\"image\":{\"@id\":\"https:\/\/noticiaempauta.com\/portal\/apos-acidente-em-sp-voepass-suspende-temporariamente-venda-de-passagens\/#primaryimage\"},\"thumbnailUrl\":\"https:\/\/noticiaempauta.com\/portal\/wp-content\/uploads\/2024\/08\/apos-acidente-em-sp-voepass-suspende-temporariamente-venda-de-passagens-56a3990b-9c40-4d2e-b16c-c12e3f269851.jpg.webp\",\"datePublished\":\"2024-08-21T12:42:37+00:00\",\"dateModified\":\"2024-08-21T12:42:38+00:00\",\"breadcrumb\":{\"@id\":\"https:\/\/noticiaempauta.com\/portal\/apos-acidente-em-sp-voepass-suspende-temporariamente-venda-de-passagens\/#breadcrumb\"},\"inLanguage\":\"pt-BR\",\"potentialAction\":[{\"@type\":\"ReadAction\",\"target\":[\"https:\/\/noticiaempauta.com\/portal\/apos-acidente-em-sp-voepass-suspende-temporariamente-venda-de-passagens\/\"]}]},{\"@type\":\"ImageObject\",\"inLanguage\":\"pt-BR\",\"@id\":\"https:\/\/noticiaempauta.com\/portal\/apos-acidente-em-sp-voepass-suspende-temporariamente-venda-de-passagens\/#primaryimage\",\"url\":\"https:\/\/noticiaempauta.com\/portal\/wp-content\/uploads\/2024\/08\/apos-acidente-em-sp-voepass-suspende-temporariamente-venda-de-passagens-56a3990b-9c40-4d2e-b16c-c12e3f269851.jpg.webp\",\"contentUrl\":\"https:\/\/noticiaempauta.com\/portal\/wp-content\/uploads\/2024\/08\/apos-acidente-em-sp-voepass-suspende-temporariamente-venda-de-passagens-56a3990b-9c40-4d2e-b16c-c12e3f269851.jpg.webp\",\"width\":1170,\"height\":700},{\"@type\":\"BreadcrumbList\",\"@id\":\"https:\/\/noticiaempauta.com\/portal\/apos-acidente-em-sp-voepass-suspende-temporariamente-venda-de-passagens\/#breadcrumb\",\"itemListElement\":[{\"@type\":\"ListItem\",\"position\":1,\"name\":\"P\u00e1gina Inicial\",\"item\":\"https:\/\/noticiaempauta.com\/portal\/\"},{\"@type\":\"ListItem\",\"position\":2,\"name\":\"Destaques\",\"item\":\"https:\/\/noticiaempauta.com\/portal\/destaques-site\/\"},{\"@type\":\"ListItem\",\"position\":3,\"name\":\"Ap\u00f3s acidente em SP, Voepass suspende temporariamente venda de passagens\"}]},{\"@type\":\"WebSite\",\"@id\":\"https:\/\/noticiaempauta.com\/portal\/#website\",\"url\":\"https:\/\/noticiaempauta.com\/portal\/\",\"name\":\"Portal Not\u00edcia em Pauta\",\"description\":\"Voc\u00ea bem informado\",\"publisher\":{\"@id\":\"https:\/\/noticiaempauta.com\/portal\/#organization\"},\"potentialAction\":[{\"@type\":\"SearchAction\",\"target\":{\"@type\":\"EntryPoint\",\"urlTemplate\":\"https:\/\/noticiaempauta.com\/portal\/?s={search_term_string}\"},\"query-input\":{\"@type\":\"PropertyValueSpecification\",\"valueRequired\":true,\"valueName\":\"search_term_string\"}}],\"inLanguage\":\"pt-BR\"},{\"@type\":\"Organization\",\"@id\":\"https:\/\/noticiaempauta.com\/portal\/#organization\",\"name\":\"Portal Not\u00edcia em Pauta\",\"url\":\"https:\/\/noticiaempauta.com\/portal\/\",\"logo\":{\"@type\":\"ImageObject\",\"inLanguage\":\"pt-BR\",\"@id\":\"https:\/\/noticiaempauta.com\/portal\/#\/schema\/logo\/image\/\",\"url\":\"https:\/\/noticiaempauta.com\/portal\/wp-content\/uploads\/2022\/08\/logomarca_tema.fw_.png\",\"contentUrl\":\"https:\/\/noticiaempauta.com\/portal\/wp-content\/uploads\/2022\/08\/logomarca_tema.fw_.png\",\"width\":400,\"height\":232,\"caption\":\"Portal Not\u00edcia em Pauta\"},\"image\":{\"@id\":\"https:\/\/noticiaempauta.com\/portal\/#\/schema\/logo\/image\/\"},\"sameAs\":[\"https:\/\/www.facebook.com\/Portal-Notcia-Em-Pauta-102292869264820\/\",\"https:\/\/www.instagram.com\/portalnoticiaempauta\/\"]},{\"@type\":\"Person\",\"@id\":\"https:\/\/noticiaempauta.com\/portal\/#\/schema\/person\/a74af43dd1ab3deca45f988c717d57ac\",\"name\":\"Reda\u00e7\u00e3o\",\"image\":{\"@type\":\"ImageObject\",\"inLanguage\":\"pt-BR\",\"@id\":\"https:\/\/noticiaempauta.com\/portal\/#\/schema\/person\/image\/\",\"url\":\"https:\/\/secure.gravatar.com\/avatar\/03179346ecce6cdfc13361603e8f54242a90e5cde8618fa23c5c00aa2b0aadf3?s=96&d=mm&r=g\",\"contentUrl\":\"https:\/\/secure.gravatar.com\/avatar\/03179346ecce6cdfc13361603e8f54242a90e5cde8618fa23c5c00aa2b0aadf3?s=96&d=mm&r=g\",\"caption\":\"Reda\u00e7\u00e3o\"},\"sameAs\":[\"https:\/\/noticiaempauta.com\/portal\/\"],\"url\":\"https:\/\/noticiaempauta.com\/portal\/author\/fernando\/\"}]}<\/script>\n<!-- \/ Yoast SEO Premium plugin. -->","yoast_head_json":{"title":"Ap\u00f3s acidente em SP, Voepass suspende temporariamente venda de passagens - Portal Not\u00edcia em Pauta","robots":{"index":"index","follow":"follow","max-snippet":"max-snippet:-1","max-image-preview":"max-image-preview:large","max-video-preview":"max-video-preview:-1"},"canonical":"https:\/\/noticiaempauta.com\/portal\/apos-acidente-em-sp-voepass-suspende-temporariamente-venda-de-passagens\/","og_locale":"pt_BR","og_type":"article","og_title":"Ap\u00f3s acidente em SP, Voepass suspende temporariamente venda de passagens","og_description":"A\u00a0perda do turbo\u00e9lice ATR 72-500, que fazia o\u00a0voo 2283 e que caiu em Vinhedo (SP), no \u00faltimo dia 9, matando as 62 pessoas a bordo, motivou a empresa a\u00e9rea Voepass a suspender, at\u00e9 o pr\u00f3ximo dia 31, a\u00a0venda de passagens para voos que partem ou chegam aos aeroportos\u00a0de Fortaleza e Natal, entre outros destinos. No [&hellip;]","og_url":"https:\/\/noticiaempauta.com\/portal\/apos-acidente-em-sp-voepass-suspende-temporariamente-venda-de-passagens\/","og_site_name":"Portal Not\u00edcia em Pauta","article_publisher":"https:\/\/www.facebook.com\/Portal-Notcia-Em-Pauta-102292869264820\/","article_published_time":"2024-08-21T12:42:37+00:00","article_modified_time":"2024-08-21T12:42:38+00:00","og_image":[{"width":1170,"height":700,"url":"https:\/\/noticiaempauta.com\/portal\/wp-content\/uploads\/2024\/08\/apos-acidente-em-sp-voepass-suspende-temporariamente-venda-de-passagens-56a3990b-9c40-4d2e-b16c-c12e3f269851.jpg.webp","type":"image\/webp"}],"author":"Reda\u00e7\u00e3o","twitter_card":"summary_large_image","twitter_misc":{"Escrito por":"Reda\u00e7\u00e3o","Est. tempo de leitura":"3 minutos"},"schema":{"@context":"https:\/\/schema.org","@graph":[{"@type":"Article","@id":"https:\/\/noticiaempauta.com\/portal\/apos-acidente-em-sp-voepass-suspende-temporariamente-venda-de-passagens\/#article","isPartOf":{"@id":"https:\/\/noticiaempauta.com\/portal\/apos-acidente-em-sp-voepass-suspende-temporariamente-venda-de-passagens\/"},"author":{"name":"Reda\u00e7\u00e3o","@id":"https:\/\/noticiaempauta.com\/portal\/#\/schema\/person\/a74af43dd1ab3deca45f988c717d57ac"},"headline":"Ap\u00f3s acidente em SP, Voepass suspende temporariamente venda de passagens","datePublished":"2024-08-21T12:42:37+00:00","dateModified":"2024-08-21T12:42:38+00:00","mainEntityOfPage":{"@id":"https:\/\/noticiaempauta.com\/portal\/apos-acidente-em-sp-voepass-suspende-temporariamente-venda-de-passagens\/"},"wordCount":418,"commentCount":0,"publisher":{"@id":"https:\/\/noticiaempauta.com\/portal\/#organization"},"image":{"@id":"https:\/\/noticiaempauta.com\/portal\/apos-acidente-em-sp-voepass-suspende-temporariamente-venda-de-passagens\/#primaryimage"},"thumbnailUrl":"https:\/\/noticiaempauta.com\/portal\/wp-content\/uploads\/2024\/08\/apos-acidente-em-sp-voepass-suspende-temporariamente-venda-de-passagens-56a3990b-9c40-4d2e-b16c-c12e3f269851.jpg.webp","keywords":["destaqueprincipal"],"articleSection":["Destaques","Geral","Todas as Not\u00edcias"],"inLanguage":"pt-BR","potentialAction":[{"@type":"CommentAction","name":"Comment","target":["https:\/\/noticiaempauta.com\/portal\/apos-acidente-em-sp-voepass-suspende-temporariamente-venda-de-passagens\/#respond"]}]},{"@type":"WebPage","@id":"https:\/\/noticiaempauta.com\/portal\/apos-acidente-em-sp-voepass-suspende-temporariamente-venda-de-passagens\/","url":"https:\/\/noticiaempauta.com\/portal\/apos-acidente-em-sp-voepass-suspende-temporariamente-venda-de-passagens\/","name":"Ap\u00f3s acidente em SP, Voepass suspende temporariamente venda de passagens - Portal Not\u00edcia em Pauta","isPartOf":{"@id":"https:\/\/noticiaempauta.com\/portal\/#website"},"primaryImageOfPage":{"@id":"https:\/\/noticiaempauta.com\/portal\/apos-acidente-em-sp-voepass-suspende-temporariamente-venda-de-passagens\/#primaryimage"},"image":{"@id":"https:\/\/noticiaempauta.com\/portal\/apos-acidente-em-sp-voepass-suspende-temporariamente-venda-de-passagens\/#primaryimage"},"thumbnailUrl":"https:\/\/noticiaempauta.com\/portal\/wp-content\/uploads\/2024\/08\/apos-acidente-em-sp-voepass-suspende-temporariamente-venda-de-passagens-56a3990b-9c40-4d2e-b16c-c12e3f269851.jpg.webp","datePublished":"2024-08-21T12:42:37+00:00","dateModified":"2024-08-21T12:42:38+00:00","breadcrumb":{"@id":"https:\/\/noticiaempauta.com\/portal\/apos-acidente-em-sp-voepass-suspende-temporariamente-venda-de-passagens\/#breadcrumb"},"inLanguage":"pt-BR","potentialAction":[{"@type":"ReadAction","target":["https:\/\/noticiaempauta.com\/portal\/apos-acidente-em-sp-voepass-suspende-temporariamente-venda-de-passagens\/"]}]},{"@type":"ImageObject","inLanguage":"pt-BR","@id":"https:\/\/noticiaempauta.com\/portal\/apos-acidente-em-sp-voepass-suspende-temporariamente-venda-de-passagens\/#primaryimage","url":"https:\/\/noticiaempauta.com\/portal\/wp-content\/uploads\/2024\/08\/apos-acidente-em-sp-voepass-suspende-temporariamente-venda-de-passagens-56a3990b-9c40-4d2e-b16c-c12e3f269851.jpg.webp","contentUrl":"https:\/\/noticiaempauta.com\/portal\/wp-content\/uploads\/2024\/08\/apos-acidente-em-sp-voepass-suspende-temporariamente-venda-de-passagens-56a3990b-9c40-4d2e-b16c-c12e3f269851.jpg.webp","width":1170,"height":700},{"@type":"BreadcrumbList","@id":"https:\/\/noticiaempauta.com\/portal\/apos-acidente-em-sp-voepass-suspende-temporariamente-venda-de-passagens\/#breadcrumb","itemListElement":[{"@type":"ListItem","position":1,"name":"P\u00e1gina Inicial","item":"https:\/\/noticiaempauta.com\/portal\/"},{"@type":"ListItem","position":2,"name":"Destaques","item":"https:\/\/noticiaempauta.com\/portal\/destaques-site\/"},{"@type":"ListItem","position":3,"name":"Ap\u00f3s acidente em SP, Voepass suspende temporariamente venda de passagens"}]},{"@type":"WebSite","@id":"https:\/\/noticiaempauta.com\/portal\/#website","url":"https:\/\/noticiaempauta.com\/portal\/","name":"Portal Not\u00edcia em Pauta","description":"Voc\u00ea bem informado","publisher":{"@id":"https:\/\/noticiaempauta.com\/portal\/#organization"},"potentialAction":[{"@type":"SearchAction","target":{"@type":"EntryPoint","urlTemplate":"https:\/\/noticiaempauta.com\/portal\/?s={search_term_string}"},"query-input":{"@type":"PropertyValueSpecification","valueRequired":true,"valueName":"search_term_string"}}],"inLanguage":"pt-BR"},{"@type":"Organization","@id":"https:\/\/noticiaempauta.com\/portal\/#organization","name":"Portal Not\u00edcia em Pauta","url":"https:\/\/noticiaempauta.com\/portal\/","logo":{"@type":"ImageObject","inLanguage":"pt-BR","@id":"https:\/\/noticiaempauta.com\/portal\/#\/schema\/logo\/image\/","url":"https:\/\/noticiaempauta.com\/portal\/wp-content\/uploads\/2022\/08\/logomarca_tema.fw_.png","contentUrl":"https:\/\/noticiaempauta.com\/portal\/wp-content\/uploads\/2022\/08\/logomarca_tema.fw_.png","width":400,"height":232,"caption":"Portal Not\u00edcia em Pauta"},"image":{"@id":"https:\/\/noticiaempauta.com\/portal\/#\/schema\/logo\/image\/"},"sameAs":["https:\/\/www.facebook.com\/Portal-Notcia-Em-Pauta-102292869264820\/","https:\/\/www.instagram.com\/portalnoticiaempauta\/"]},{"@type":"Person","@id":"https:\/\/noticiaempauta.com\/portal\/#\/schema\/person\/a74af43dd1ab3deca45f988c717d57ac","name":"Reda\u00e7\u00e3o","image":{"@type":"ImageObject","inLanguage":"pt-BR","@id":"https:\/\/noticiaempauta.com\/portal\/#\/schema\/person\/image\/","url":"https:\/\/secure.gravatar.com\/avatar\/03179346ecce6cdfc13361603e8f54242a90e5cde8618fa23c5c00aa2b0aadf3?s=96&d=mm&r=g","contentUrl":"https:\/\/secure.gravatar.com\/avatar\/03179346ecce6cdfc13361603e8f54242a90e5cde8618fa23c5c00aa2b0aadf3?s=96&d=mm&r=g","caption":"Reda\u00e7\u00e3o"},"sameAs":["https:\/\/noticiaempauta.com\/portal\/"],"url":"https:\/\/noticiaempauta.com\/portal\/author\/fernando\/"}]}},"_links":{"self":[{"href":"https:\/\/noticiaempauta.com\/portal\/wp-json\/wp\/v2\/posts\/261387","targetHints":{"allow":["GET"]}}],"collection":[{"href":"https:\/\/noticiaempauta.com\/portal\/wp-json\/wp\/v2\/posts"}],"about":[{"href":"https:\/\/noticiaempauta.com\/portal\/wp-json\/wp\/v2\/types\/post"}],"author":[{"embeddable":true,"href":"https:\/\/noticiaempauta.com\/portal\/wp-json\/wp\/v2\/users\/2"}],"replies":[{"embeddable":true,"href":"https:\/\/noticiaempauta.com\/portal\/wp-json\/wp\/v2\/comments?post=261387"}],"version-history":[{"count":2,"href":"https:\/\/noticiaempauta.com\/portal\/wp-json\/wp\/v2\/posts\/261387\/revisions"}],"predecessor-version":[{"id":261391,"href":"https:\/\/noticiaempauta.com\/portal\/wp-json\/wp\/v2\/posts\/261387\/revisions\/261391"}],"wp:featuredmedia":[{"embeddable":true,"href":"https:\/\/noticiaempauta.com\/portal\/wp-json\/wp\/v2\/media\/261389"}],"wp:attachment":[{"href":"https:\/\/noticiaempauta.com\/portal\/wp-json\/wp\/v2\/media?parent=261387"}],"wp:term":[{"taxonomy":"category","embeddable":true,"href":"https:\/\/noticiaempauta.com\/portal\/wp-json\/wp\/v2\/categories?post=261387"},{"taxonomy":"post_tag","embeddable":true,"href":"https:\/\/noticiaempauta.com\/portal\/wp-json\/wp\/v2\/tags?post=261387"}],"curies":[{"name":"wp","href":"https:\/\/api.w.org\/{rel}","templated":true}]}}