{"id":261402,"date":"2024-08-21T20:35:40","date_gmt":"2024-08-21T23:35:40","guid":{"rendered":"https:\/\/noticiaempauta.com\/portal\/?p=261402"},"modified":"2024-08-21T20:35:41","modified_gmt":"2024-08-21T23:35:41","slug":"morre-diana-voz-referencial-da-cancao-brega-e-sentimental-brasileira","status":"publish","type":"post","link":"https:\/\/noticiaempauta.com\/portal\/morre-diana-voz-referencial-da-cancao-brega-e-sentimental-brasileira\/","title":{"rendered":"Morre Diana, voz referencial da can\u00e7\u00e3o brega e sentimental brasileira"},"content":{"rendered":"\n<p>Diana, conhecida como \u201ca cantora apaixonada do Brasil\u201d, morreu nesta quarta-feira (21) aos 76 anos. A not\u00edcia foi confirmada pelo filho, Andr\u00e9 Iorio, em uma publica\u00e7\u00e3o no Facebook, e pela prefeitura de Iguaba Grande, munic\u00edpio do estado do Rio de Janeiro. A artista sofreu uma parada card\u00edaca e n\u00e3o resistiu ao chegar a uma unidade de sa\u00fade na cidade. Diana residia em Araruama, na Regi\u00e3o dos Lagos.<\/p>\n\n\n\n<figure class=\"wp-block-image size-full\"><img fetchpriority=\"high\" decoding=\"async\" width=\"639\" height=\"480\" src=\"https:\/\/noticiaempauta.com\/portal\/wp-content\/uploads\/2024\/08\/IMG_4312.jpeg\" alt=\"\" class=\"wp-image-261403\" srcset=\"https:\/\/noticiaempauta.com\/portal\/wp-content\/uploads\/2024\/08\/IMG_4312.jpeg 639w, https:\/\/noticiaempauta.com\/portal\/wp-content\/uploads\/2024\/08\/IMG_4312-300x225.jpeg 300w\" sizes=\"(max-width: 639px) 100vw, 639px\" \/><\/figure>\n\n\n\n<p>Ela despontou na carreira musical no in\u00edcio dos anos 1970 e alcan\u00e7ou grande sucesso com o \u00e1lbum hom\u00f4nimo lan\u00e7ado em 1972, produzido por Raul Seixas. Foi neste \u00e1lbum que Diana lan\u00e7ou seu maior hit, \u201cPorque Brigamos\u201d, uma vers\u00e3o em portugu\u00eas de \u201cI Am\u2026 I Said\u201d, de Neil Diamond.<\/p>\n\n\n\n<p>A cantora foi casada com o cantor Odair Jos\u00e9, com quem teve uma filha, Clarice. O casal foi um dos mais comentados nas revistas de fofoca da \u00e9poca, marcando presen\u00e7a constante na m\u00eddia. Em 2001, ela lan\u00e7ou um \u00e1lbum hom\u00f4nimo com 12 faixas in\u00e9ditas, e posteriormente alterou a grafia de seu nome para Diannah.<\/p>\n\n\n\n<p>Seu legado permaneceu vivo quando, em 2014, a cantora B\u00e1rbara Eug\u00eania regravou \u201cPorque Brigamos\u201d em seu \u00e1lbum \u201c\u00c9 o que Temos\u201d (2013). A homenagem de B\u00e1rbara a Diana percorreu o Brasil em shows, especialmente populares na regi\u00e3o Nordeste.<\/p>\n\n\n\n<p>Fonte: Di\u00e1rio Centro Do Mundo <\/p>\n","protected":false},"excerpt":{"rendered":"<p>Diana, conhecida como \u201ca cantora apaixonada do Brasil\u201d, morreu nesta quarta-feira (21) aos 76 anos. A not\u00edcia foi confirmada pelo filho, Andr\u00e9 Iorio, em uma publica\u00e7\u00e3o no Facebook, e pela prefeitura de Iguaba Grande, munic\u00edpio do estado do Rio de Janeiro. A artista sofreu uma parada card\u00edaca e n\u00e3o resistiu ao chegar a uma unidade [&hellip;]<\/p>\n","protected":false},"author":2,"featured_media":261403,"comment_status":"open","ping_status":"open","sticky":false,"template":"","format":"standard","meta":{"_mi_skip_tracking":false,"footnotes":""},"categories":[25,1,16],"tags":[],"class_list":["post-261402","post","type-post","status-publish","format-standard","has-post-thumbnail","hentry","category-destaques-site","category-geral","category-todas"],"acf":[],"yoast_head":"<!-- This site is optimized with the Yoast SEO Premium plugin v19.2 (Yoast SEO v26.9) - https:\/\/yoast.com\/product\/yoast-seo-premium-wordpress\/ -->\n<title>Morre Diana, voz referencial da can\u00e7\u00e3o brega e sentimental brasileira - Portal Not\u00edcia em Pauta<\/title>\n<meta name=\"robots\" content=\"index, follow, max-snippet:-1, max-image-preview:large, max-video-preview:-1\" \/>\n<link rel=\"canonical\" href=\"https:\/\/noticiaempauta.com\/portal\/morre-diana-voz-referencial-da-cancao-brega-e-sentimental-brasileira\/\" \/>\n<meta property=\"og:locale\" content=\"pt_BR\" \/>\n<meta property=\"og:type\" content=\"article\" \/>\n<meta property=\"og:title\" content=\"Morre Diana, voz referencial da can\u00e7\u00e3o brega e sentimental brasileira\" \/>\n<meta property=\"og:description\" content=\"Diana, conhecida como \u201ca cantora apaixonada do Brasil\u201d, morreu nesta quarta-feira (21) aos 76 anos. A not\u00edcia foi confirmada pelo filho, Andr\u00e9 Iorio, em uma publica\u00e7\u00e3o no Facebook, e pela prefeitura de Iguaba Grande, munic\u00edpio do estado do Rio de Janeiro. A artista sofreu uma parada card\u00edaca e n\u00e3o resistiu ao chegar a uma unidade [&hellip;]\" \/>\n<meta property=\"og:url\" content=\"https:\/\/noticiaempauta.com\/portal\/morre-diana-voz-referencial-da-cancao-brega-e-sentimental-brasileira\/\" \/>\n<meta property=\"og:site_name\" content=\"Portal Not\u00edcia em Pauta\" \/>\n<meta property=\"article:publisher\" content=\"https:\/\/www.facebook.com\/Portal-Notcia-Em-Pauta-102292869264820\/\" \/>\n<meta property=\"article:published_time\" content=\"2024-08-21T23:35:40+00:00\" \/>\n<meta property=\"article:modified_time\" content=\"2024-08-21T23:35:41+00:00\" \/>\n<meta property=\"og:image\" content=\"https:\/\/noticiaempauta.com\/portal\/wp-content\/uploads\/2024\/08\/IMG_4312.jpeg\" \/>\n\t<meta property=\"og:image:width\" content=\"639\" \/>\n\t<meta property=\"og:image:height\" content=\"480\" \/>\n\t<meta property=\"og:image:type\" content=\"image\/jpeg\" \/>\n<meta name=\"author\" content=\"Reda\u00e7\u00e3o\" \/>\n<meta name=\"twitter:card\" content=\"summary_large_image\" \/>\n<meta name=\"twitter:label1\" content=\"Escrito por\" \/>\n\t<meta name=\"twitter:data1\" content=\"Reda\u00e7\u00e3o\" \/>\n\t<meta name=\"twitter:label2\" content=\"Est. tempo de leitura\" \/>\n\t<meta name=\"twitter:data2\" content=\"2 minutos\" \/>\n<script type=\"application\/ld+json\" class=\"yoast-schema-graph\">{\"@context\":\"https:\/\/schema.org\",\"@graph\":[{\"@type\":\"Article\",\"@id\":\"https:\/\/noticiaempauta.com\/portal\/morre-diana-voz-referencial-da-cancao-brega-e-sentimental-brasileira\/#article\",\"isPartOf\":{\"@id\":\"https:\/\/noticiaempauta.com\/portal\/morre-diana-voz-referencial-da-cancao-brega-e-sentimental-brasileira\/\"},\"author\":{\"name\":\"Reda\u00e7\u00e3o\",\"@id\":\"https:\/\/noticiaempauta.com\/portal\/#\/schema\/person\/a74af43dd1ab3deca45f988c717d57ac\"},\"headline\":\"Morre Diana, voz referencial da can\u00e7\u00e3o brega e sentimental brasileira\",\"datePublished\":\"2024-08-21T23:35:40+00:00\",\"dateModified\":\"2024-08-21T23:35:41+00:00\",\"mainEntityOfPage\":{\"@id\":\"https:\/\/noticiaempauta.com\/portal\/morre-diana-voz-referencial-da-cancao-brega-e-sentimental-brasileira\/\"},\"wordCount\":238,\"commentCount\":0,\"publisher\":{\"@id\":\"https:\/\/noticiaempauta.com\/portal\/#organization\"},\"image\":{\"@id\":\"https:\/\/noticiaempauta.com\/portal\/morre-diana-voz-referencial-da-cancao-brega-e-sentimental-brasileira\/#primaryimage\"},\"thumbnailUrl\":\"https:\/\/noticiaempauta.com\/portal\/wp-content\/uploads\/2024\/08\/IMG_4312.jpeg\",\"articleSection\":[\"Destaques\",\"Geral\",\"Todas as Not\u00edcias\"],\"inLanguage\":\"pt-BR\",\"potentialAction\":[{\"@type\":\"CommentAction\",\"name\":\"Comment\",\"target\":[\"https:\/\/noticiaempauta.com\/portal\/morre-diana-voz-referencial-da-cancao-brega-e-sentimental-brasileira\/#respond\"]}]},{\"@type\":\"WebPage\",\"@id\":\"https:\/\/noticiaempauta.com\/portal\/morre-diana-voz-referencial-da-cancao-brega-e-sentimental-brasileira\/\",\"url\":\"https:\/\/noticiaempauta.com\/portal\/morre-diana-voz-referencial-da-cancao-brega-e-sentimental-brasileira\/\",\"name\":\"Morre Diana, voz referencial da can\u00e7\u00e3o brega e sentimental brasileira - Portal Not\u00edcia em Pauta\",\"isPartOf\":{\"@id\":\"https:\/\/noticiaempauta.com\/portal\/#website\"},\"primaryImageOfPage\":{\"@id\":\"https:\/\/noticiaempauta.com\/portal\/morre-diana-voz-referencial-da-cancao-brega-e-sentimental-brasileira\/#primaryimage\"},\"image\":{\"@id\":\"https:\/\/noticiaempauta.com\/portal\/morre-diana-voz-referencial-da-cancao-brega-e-sentimental-brasileira\/#primaryimage\"},\"thumbnailUrl\":\"https:\/\/noticiaempauta.com\/portal\/wp-content\/uploads\/2024\/08\/IMG_4312.jpeg\",\"datePublished\":\"2024-08-21T23:35:40+00:00\",\"dateModified\":\"2024-08-21T23:35:41+00:00\",\"breadcrumb\":{\"@id\":\"https:\/\/noticiaempauta.com\/portal\/morre-diana-voz-referencial-da-cancao-brega-e-sentimental-brasileira\/#breadcrumb\"},\"inLanguage\":\"pt-BR\",\"potentialAction\":[{\"@type\":\"ReadAction\",\"target\":[\"https:\/\/noticiaempauta.com\/portal\/morre-diana-voz-referencial-da-cancao-brega-e-sentimental-brasileira\/\"]}]},{\"@type\":\"ImageObject\",\"inLanguage\":\"pt-BR\",\"@id\":\"https:\/\/noticiaempauta.com\/portal\/morre-diana-voz-referencial-da-cancao-brega-e-sentimental-brasileira\/#primaryimage\",\"url\":\"https:\/\/noticiaempauta.com\/portal\/wp-content\/uploads\/2024\/08\/IMG_4312.jpeg\",\"contentUrl\":\"https:\/\/noticiaempauta.com\/portal\/wp-content\/uploads\/2024\/08\/IMG_4312.jpeg\",\"width\":639,\"height\":480},{\"@type\":\"BreadcrumbList\",\"@id\":\"https:\/\/noticiaempauta.com\/portal\/morre-diana-voz-referencial-da-cancao-brega-e-sentimental-brasileira\/#breadcrumb\",\"itemListElement\":[{\"@type\":\"ListItem\",\"position\":1,\"name\":\"P\u00e1gina Inicial\",\"item\":\"https:\/\/noticiaempauta.com\/portal\/\"},{\"@type\":\"ListItem\",\"position\":2,\"name\":\"Destaques\",\"item\":\"https:\/\/noticiaempauta.com\/portal\/destaques-site\/\"},{\"@type\":\"ListItem\",\"position\":3,\"name\":\"Morre Diana, voz referencial da can\u00e7\u00e3o brega e sentimental brasileira\"}]},{\"@type\":\"WebSite\",\"@id\":\"https:\/\/noticiaempauta.com\/portal\/#website\",\"url\":\"https:\/\/noticiaempauta.com\/portal\/\",\"name\":\"Portal Not\u00edcia em Pauta\",\"description\":\"Voc\u00ea bem informado\",\"publisher\":{\"@id\":\"https:\/\/noticiaempauta.com\/portal\/#organization\"},\"potentialAction\":[{\"@type\":\"SearchAction\",\"target\":{\"@type\":\"EntryPoint\",\"urlTemplate\":\"https:\/\/noticiaempauta.com\/portal\/?s={search_term_string}\"},\"query-input\":{\"@type\":\"PropertyValueSpecification\",\"valueRequired\":true,\"valueName\":\"search_term_string\"}}],\"inLanguage\":\"pt-BR\"},{\"@type\":\"Organization\",\"@id\":\"https:\/\/noticiaempauta.com\/portal\/#organization\",\"name\":\"Portal Not\u00edcia em Pauta\",\"url\":\"https:\/\/noticiaempauta.com\/portal\/\",\"logo\":{\"@type\":\"ImageObject\",\"inLanguage\":\"pt-BR\",\"@id\":\"https:\/\/noticiaempauta.com\/portal\/#\/schema\/logo\/image\/\",\"url\":\"https:\/\/noticiaempauta.com\/portal\/wp-content\/uploads\/2022\/08\/logomarca_tema.fw_.png\",\"contentUrl\":\"https:\/\/noticiaempauta.com\/portal\/wp-content\/uploads\/2022\/08\/logomarca_tema.fw_.png\",\"width\":400,\"height\":232,\"caption\":\"Portal Not\u00edcia em Pauta\"},\"image\":{\"@id\":\"https:\/\/noticiaempauta.com\/portal\/#\/schema\/logo\/image\/\"},\"sameAs\":[\"https:\/\/www.facebook.com\/Portal-Notcia-Em-Pauta-102292869264820\/\",\"https:\/\/www.instagram.com\/portalnoticiaempauta\/\"]},{\"@type\":\"Person\",\"@id\":\"https:\/\/noticiaempauta.com\/portal\/#\/schema\/person\/a74af43dd1ab3deca45f988c717d57ac\",\"name\":\"Reda\u00e7\u00e3o\",\"image\":{\"@type\":\"ImageObject\",\"inLanguage\":\"pt-BR\",\"@id\":\"https:\/\/noticiaempauta.com\/portal\/#\/schema\/person\/image\/\",\"url\":\"https:\/\/secure.gravatar.com\/avatar\/03179346ecce6cdfc13361603e8f54242a90e5cde8618fa23c5c00aa2b0aadf3?s=96&d=mm&r=g\",\"contentUrl\":\"https:\/\/secure.gravatar.com\/avatar\/03179346ecce6cdfc13361603e8f54242a90e5cde8618fa23c5c00aa2b0aadf3?s=96&d=mm&r=g\",\"caption\":\"Reda\u00e7\u00e3o\"},\"sameAs\":[\"https:\/\/noticiaempauta.com\/portal\/\"],\"url\":\"https:\/\/noticiaempauta.com\/portal\/author\/fernando\/\"}]}<\/script>\n<!-- \/ Yoast SEO Premium plugin. -->","yoast_head_json":{"title":"Morre Diana, voz referencial da can\u00e7\u00e3o brega e sentimental brasileira - Portal Not\u00edcia em Pauta","robots":{"index":"index","follow":"follow","max-snippet":"max-snippet:-1","max-image-preview":"max-image-preview:large","max-video-preview":"max-video-preview:-1"},"canonical":"https:\/\/noticiaempauta.com\/portal\/morre-diana-voz-referencial-da-cancao-brega-e-sentimental-brasileira\/","og_locale":"pt_BR","og_type":"article","og_title":"Morre Diana, voz referencial da can\u00e7\u00e3o brega e sentimental brasileira","og_description":"Diana, conhecida como \u201ca cantora apaixonada do Brasil\u201d, morreu nesta quarta-feira (21) aos 76 anos. A not\u00edcia foi confirmada pelo filho, Andr\u00e9 Iorio, em uma publica\u00e7\u00e3o no Facebook, e pela prefeitura de Iguaba Grande, munic\u00edpio do estado do Rio de Janeiro. A artista sofreu uma parada card\u00edaca e n\u00e3o resistiu ao chegar a uma unidade [&hellip;]","og_url":"https:\/\/noticiaempauta.com\/portal\/morre-diana-voz-referencial-da-cancao-brega-e-sentimental-brasileira\/","og_site_name":"Portal Not\u00edcia em Pauta","article_publisher":"https:\/\/www.facebook.com\/Portal-Notcia-Em-Pauta-102292869264820\/","article_published_time":"2024-08-21T23:35:40+00:00","article_modified_time":"2024-08-21T23:35:41+00:00","og_image":[{"width":639,"height":480,"url":"https:\/\/noticiaempauta.com\/portal\/wp-content\/uploads\/2024\/08\/IMG_4312.jpeg","type":"image\/jpeg"}],"author":"Reda\u00e7\u00e3o","twitter_card":"summary_large_image","twitter_misc":{"Escrito por":"Reda\u00e7\u00e3o","Est. tempo de leitura":"2 minutos"},"schema":{"@context":"https:\/\/schema.org","@graph":[{"@type":"Article","@id":"https:\/\/noticiaempauta.com\/portal\/morre-diana-voz-referencial-da-cancao-brega-e-sentimental-brasileira\/#article","isPartOf":{"@id":"https:\/\/noticiaempauta.com\/portal\/morre-diana-voz-referencial-da-cancao-brega-e-sentimental-brasileira\/"},"author":{"name":"Reda\u00e7\u00e3o","@id":"https:\/\/noticiaempauta.com\/portal\/#\/schema\/person\/a74af43dd1ab3deca45f988c717d57ac"},"headline":"Morre Diana, voz referencial da can\u00e7\u00e3o brega e sentimental brasileira","datePublished":"2024-08-21T23:35:40+00:00","dateModified":"2024-08-21T23:35:41+00:00","mainEntityOfPage":{"@id":"https:\/\/noticiaempauta.com\/portal\/morre-diana-voz-referencial-da-cancao-brega-e-sentimental-brasileira\/"},"wordCount":238,"commentCount":0,"publisher":{"@id":"https:\/\/noticiaempauta.com\/portal\/#organization"},"image":{"@id":"https:\/\/noticiaempauta.com\/portal\/morre-diana-voz-referencial-da-cancao-brega-e-sentimental-brasileira\/#primaryimage"},"thumbnailUrl":"https:\/\/noticiaempauta.com\/portal\/wp-content\/uploads\/2024\/08\/IMG_4312.jpeg","articleSection":["Destaques","Geral","Todas as Not\u00edcias"],"inLanguage":"pt-BR","potentialAction":[{"@type":"CommentAction","name":"Comment","target":["https:\/\/noticiaempauta.com\/portal\/morre-diana-voz-referencial-da-cancao-brega-e-sentimental-brasileira\/#respond"]}]},{"@type":"WebPage","@id":"https:\/\/noticiaempauta.com\/portal\/morre-diana-voz-referencial-da-cancao-brega-e-sentimental-brasileira\/","url":"https:\/\/noticiaempauta.com\/portal\/morre-diana-voz-referencial-da-cancao-brega-e-sentimental-brasileira\/","name":"Morre Diana, voz referencial da can\u00e7\u00e3o brega e sentimental brasileira - Portal Not\u00edcia em Pauta","isPartOf":{"@id":"https:\/\/noticiaempauta.com\/portal\/#website"},"primaryImageOfPage":{"@id":"https:\/\/noticiaempauta.com\/portal\/morre-diana-voz-referencial-da-cancao-brega-e-sentimental-brasileira\/#primaryimage"},"image":{"@id":"https:\/\/noticiaempauta.com\/portal\/morre-diana-voz-referencial-da-cancao-brega-e-sentimental-brasileira\/#primaryimage"},"thumbnailUrl":"https:\/\/noticiaempauta.com\/portal\/wp-content\/uploads\/2024\/08\/IMG_4312.jpeg","datePublished":"2024-08-21T23:35:40+00:00","dateModified":"2024-08-21T23:35:41+00:00","breadcrumb":{"@id":"https:\/\/noticiaempauta.com\/portal\/morre-diana-voz-referencial-da-cancao-brega-e-sentimental-brasileira\/#breadcrumb"},"inLanguage":"pt-BR","potentialAction":[{"@type":"ReadAction","target":["https:\/\/noticiaempauta.com\/portal\/morre-diana-voz-referencial-da-cancao-brega-e-sentimental-brasileira\/"]}]},{"@type":"ImageObject","inLanguage":"pt-BR","@id":"https:\/\/noticiaempauta.com\/portal\/morre-diana-voz-referencial-da-cancao-brega-e-sentimental-brasileira\/#primaryimage","url":"https:\/\/noticiaempauta.com\/portal\/wp-content\/uploads\/2024\/08\/IMG_4312.jpeg","contentUrl":"https:\/\/noticiaempauta.com\/portal\/wp-content\/uploads\/2024\/08\/IMG_4312.jpeg","width":639,"height":480},{"@type":"BreadcrumbList","@id":"https:\/\/noticiaempauta.com\/portal\/morre-diana-voz-referencial-da-cancao-brega-e-sentimental-brasileira\/#breadcrumb","itemListElement":[{"@type":"ListItem","position":1,"name":"P\u00e1gina Inicial","item":"https:\/\/noticiaempauta.com\/portal\/"},{"@type":"ListItem","position":2,"name":"Destaques","item":"https:\/\/noticiaempauta.com\/portal\/destaques-site\/"},{"@type":"ListItem","position":3,"name":"Morre Diana, voz referencial da can\u00e7\u00e3o brega e sentimental brasileira"}]},{"@type":"WebSite","@id":"https:\/\/noticiaempauta.com\/portal\/#website","url":"https:\/\/noticiaempauta.com\/portal\/","name":"Portal Not\u00edcia em Pauta","description":"Voc\u00ea bem informado","publisher":{"@id":"https:\/\/noticiaempauta.com\/portal\/#organization"},"potentialAction":[{"@type":"SearchAction","target":{"@type":"EntryPoint","urlTemplate":"https:\/\/noticiaempauta.com\/portal\/?s={search_term_string}"},"query-input":{"@type":"PropertyValueSpecification","valueRequired":true,"valueName":"search_term_string"}}],"inLanguage":"pt-BR"},{"@type":"Organization","@id":"https:\/\/noticiaempauta.com\/portal\/#organization","name":"Portal Not\u00edcia em Pauta","url":"https:\/\/noticiaempauta.com\/portal\/","logo":{"@type":"ImageObject","inLanguage":"pt-BR","@id":"https:\/\/noticiaempauta.com\/portal\/#\/schema\/logo\/image\/","url":"https:\/\/noticiaempauta.com\/portal\/wp-content\/uploads\/2022\/08\/logomarca_tema.fw_.png","contentUrl":"https:\/\/noticiaempauta.com\/portal\/wp-content\/uploads\/2022\/08\/logomarca_tema.fw_.png","width":400,"height":232,"caption":"Portal Not\u00edcia em Pauta"},"image":{"@id":"https:\/\/noticiaempauta.com\/portal\/#\/schema\/logo\/image\/"},"sameAs":["https:\/\/www.facebook.com\/Portal-Notcia-Em-Pauta-102292869264820\/","https:\/\/www.instagram.com\/portalnoticiaempauta\/"]},{"@type":"Person","@id":"https:\/\/noticiaempauta.com\/portal\/#\/schema\/person\/a74af43dd1ab3deca45f988c717d57ac","name":"Reda\u00e7\u00e3o","image":{"@type":"ImageObject","inLanguage":"pt-BR","@id":"https:\/\/noticiaempauta.com\/portal\/#\/schema\/person\/image\/","url":"https:\/\/secure.gravatar.com\/avatar\/03179346ecce6cdfc13361603e8f54242a90e5cde8618fa23c5c00aa2b0aadf3?s=96&d=mm&r=g","contentUrl":"https:\/\/secure.gravatar.com\/avatar\/03179346ecce6cdfc13361603e8f54242a90e5cde8618fa23c5c00aa2b0aadf3?s=96&d=mm&r=g","caption":"Reda\u00e7\u00e3o"},"sameAs":["https:\/\/noticiaempauta.com\/portal\/"],"url":"https:\/\/noticiaempauta.com\/portal\/author\/fernando\/"}]}},"_links":{"self":[{"href":"https:\/\/noticiaempauta.com\/portal\/wp-json\/wp\/v2\/posts\/261402","targetHints":{"allow":["GET"]}}],"collection":[{"href":"https:\/\/noticiaempauta.com\/portal\/wp-json\/wp\/v2\/posts"}],"about":[{"href":"https:\/\/noticiaempauta.com\/portal\/wp-json\/wp\/v2\/types\/post"}],"author":[{"embeddable":true,"href":"https:\/\/noticiaempauta.com\/portal\/wp-json\/wp\/v2\/users\/2"}],"replies":[{"embeddable":true,"href":"https:\/\/noticiaempauta.com\/portal\/wp-json\/wp\/v2\/comments?post=261402"}],"version-history":[{"count":1,"href":"https:\/\/noticiaempauta.com\/portal\/wp-json\/wp\/v2\/posts\/261402\/revisions"}],"predecessor-version":[{"id":261404,"href":"https:\/\/noticiaempauta.com\/portal\/wp-json\/wp\/v2\/posts\/261402\/revisions\/261404"}],"wp:featuredmedia":[{"embeddable":true,"href":"https:\/\/noticiaempauta.com\/portal\/wp-json\/wp\/v2\/media\/261403"}],"wp:attachment":[{"href":"https:\/\/noticiaempauta.com\/portal\/wp-json\/wp\/v2\/media?parent=261402"}],"wp:term":[{"taxonomy":"category","embeddable":true,"href":"https:\/\/noticiaempauta.com\/portal\/wp-json\/wp\/v2\/categories?post=261402"},{"taxonomy":"post_tag","embeddable":true,"href":"https:\/\/noticiaempauta.com\/portal\/wp-json\/wp\/v2\/tags?post=261402"}],"curies":[{"name":"wp","href":"https:\/\/api.w.org\/{rel}","templated":true}]}}