{"id":261405,"date":"2024-08-22T05:54:36","date_gmt":"2024-08-22T08:54:36","guid":{"rendered":"https:\/\/noticiaempauta.com\/portal\/?p=261405"},"modified":"2024-08-22T09:58:19","modified_gmt":"2024-08-22T12:58:19","slug":"coligacao-uma-nova-picos-esta-para-nascer-protocola-pedido-de-impugnacao-contra-candidatos-a-vereadores","status":"publish","type":"post","link":"https:\/\/noticiaempauta.com\/portal\/coligacao-uma-nova-picos-esta-para-nascer-protocola-pedido-de-impugnacao-contra-candidatos-a-vereadores\/","title":{"rendered":"Coliga\u00e7\u00e3o \u201c Uma Nova Picos Est\u00e1 Para Nascer \u201c protocola pedido de impugna\u00e7\u00e3o contra candidatos a vereadores"},"content":{"rendered":"\n<p>A coliga\u00e7\u00e3o \u201cUma Nova Picos Est\u00e1 Para Nascer\u201d que apoia o candidato a prefeito do Movimento Democr\u00e1tico Brasileiro (MDB) Pablo Santos, entrou com um pedido de impugna\u00e7\u00e3o contra os candidatos a vereadores Eli Teles de Medeiros Filho e Paula Julianne de Sousa Lopes Rodrigues, em Picos. Ambas as a\u00e7\u00f5es alegam que os candidatos est\u00e3o com contratos vigentes na Prefeitura do munic\u00edpio, o que configuraria uma irregularidade segundo as normas eleitorais.<\/p>\n\n\n\n<p>De acordo com os documentos apresentados, os dois candidatos n\u00e3o teriam se desincompatibilizado de seus cargos dentro do prazo exigido por lei, condi\u00e7\u00e3o indispens\u00e1vel para que possam concorrer nas elei\u00e7\u00f5es deste ano. Essa desincompatibiliza\u00e7\u00e3o \u00e9 um procedimento obrigat\u00f3rio para garantir a imparcialidade do processo eleitoral.<\/p>\n\n\n\n<p>Ainda segundo os documentos, o candidato Eli Teles mant\u00e9m um contrato vigente com a Prefeitura de Picos para a presta\u00e7\u00e3o de servi\u00e7os de pintura de sinaliza\u00e7\u00e3o horizontal, incluindo faixas, setas e zebrados, com o objetivo de atender \u00e0s necessidades do Fundo Municipal de Tr\u00e2nsito de Picos. As informa\u00e7\u00f5es tamb\u00e9m indicam que o candidato \u00e9 o respons\u00e1vel pela execu\u00e7\u00e3o dos servi\u00e7os da empresa contratada, a qual pertence a ele.<\/p>\n\n\n\n<p>J\u00e1 a candidata Paula Julianne, conforme consta no processo, continuou a exercer a fun\u00e7\u00e3o de fisioterapeuta no posto de sa\u00fade do bairro Aerol\u00e2ndia, n\u00e3o se afastando de suas atividades dentro do prazo legal de seis meses antes do pleito eleitoral.<\/p>\n\n\n\n<p>Com isso, a Justi\u00e7a Eleitoral dever\u00e1 analisar os argumentos apresentados pela coliga\u00e7\u00e3o. Caso a impugna\u00e7\u00e3o seja aceita, os candidatos poder\u00e3o ter suas candidaturas indeferidas e, consequentemente, ficar\u00e3o impossibilitados de disputar as elei\u00e7\u00f5es municipais deste ano.<\/p>\n\n\n\n<p><\/p>\n","protected":false},"excerpt":{"rendered":"<p>A coliga\u00e7\u00e3o \u201cUma Nova Picos Est\u00e1 Para Nascer\u201d que apoia o candidato a prefeito do Movimento Democr\u00e1tico Brasileiro (MDB) Pablo Santos, entrou com um pedido de impugna\u00e7\u00e3o contra os candidatos a vereadores Eli Teles de Medeiros Filho e Paula Julianne de Sousa Lopes Rodrigues, em Picos. Ambas as a\u00e7\u00f5es alegam que os candidatos est\u00e3o com [&hellip;]<\/p>\n","protected":false},"author":2,"featured_media":261033,"comment_status":"open","ping_status":"open","sticky":false,"template":"","format":"standard","meta":{"_mi_skip_tracking":false,"footnotes":""},"categories":[25,1,3,16],"tags":[192],"class_list":["post-261405","post","type-post","status-publish","format-standard","has-post-thumbnail","hentry","category-destaques-site","category-geral","category-politica","category-todas","tag-destaqueprincipal"],"acf":[],"yoast_head":"<!-- This site is optimized with the Yoast SEO Premium plugin v19.2 (Yoast SEO v26.9) - https:\/\/yoast.com\/product\/yoast-seo-premium-wordpress\/ -->\n<title>Coliga\u00e7\u00e3o \u201c Uma Nova Picos Est\u00e1 Para Nascer \u201c protocola pedido de impugna\u00e7\u00e3o contra candidatos a vereadores - Portal Not\u00edcia em Pauta<\/title>\n<meta name=\"robots\" content=\"index, follow, max-snippet:-1, max-image-preview:large, max-video-preview:-1\" \/>\n<link rel=\"canonical\" href=\"https:\/\/noticiaempauta.com\/portal\/coligacao-uma-nova-picos-esta-para-nascer-protocola-pedido-de-impugnacao-contra-candidatos-a-vereadores\/\" \/>\n<meta property=\"og:locale\" content=\"pt_BR\" \/>\n<meta property=\"og:type\" content=\"article\" \/>\n<meta property=\"og:title\" content=\"Coliga\u00e7\u00e3o \u201c Uma Nova Picos Est\u00e1 Para Nascer \u201c protocola pedido de impugna\u00e7\u00e3o contra candidatos a vereadores\" \/>\n<meta property=\"og:description\" content=\"A coliga\u00e7\u00e3o \u201cUma Nova Picos Est\u00e1 Para Nascer\u201d que apoia o candidato a prefeito do Movimento Democr\u00e1tico Brasileiro (MDB) Pablo Santos, entrou com um pedido de impugna\u00e7\u00e3o contra os candidatos a vereadores Eli Teles de Medeiros Filho e Paula Julianne de Sousa Lopes Rodrigues, em Picos. Ambas as a\u00e7\u00f5es alegam que os candidatos est\u00e3o com [&hellip;]\" \/>\n<meta property=\"og:url\" content=\"https:\/\/noticiaempauta.com\/portal\/coligacao-uma-nova-picos-esta-para-nascer-protocola-pedido-de-impugnacao-contra-candidatos-a-vereadores\/\" \/>\n<meta property=\"og:site_name\" content=\"Portal Not\u00edcia em Pauta\" \/>\n<meta property=\"article:publisher\" content=\"https:\/\/www.facebook.com\/Portal-Notcia-Em-Pauta-102292869264820\/\" \/>\n<meta property=\"article:published_time\" content=\"2024-08-22T08:54:36+00:00\" \/>\n<meta property=\"article:modified_time\" content=\"2024-08-22T12:58:19+00:00\" \/>\n<meta property=\"og:image\" content=\"https:\/\/noticiaempauta.com\/portal\/wp-content\/uploads\/2024\/08\/Votacao-urna.jpg\" \/>\n\t<meta property=\"og:image:width\" content=\"1024\" \/>\n\t<meta property=\"og:image:height\" content=\"681\" \/>\n\t<meta property=\"og:image:type\" content=\"image\/jpeg\" \/>\n<meta name=\"author\" content=\"Reda\u00e7\u00e3o\" \/>\n<meta name=\"twitter:card\" content=\"summary_large_image\" \/>\n<meta name=\"twitter:label1\" content=\"Escrito por\" \/>\n\t<meta name=\"twitter:data1\" content=\"Reda\u00e7\u00e3o\" \/>\n\t<meta name=\"twitter:label2\" content=\"Est. tempo de leitura\" \/>\n\t<meta name=\"twitter:data2\" content=\"2 minutos\" \/>\n<script type=\"application\/ld+json\" class=\"yoast-schema-graph\">{\"@context\":\"https:\/\/schema.org\",\"@graph\":[{\"@type\":\"Article\",\"@id\":\"https:\/\/noticiaempauta.com\/portal\/coligacao-uma-nova-picos-esta-para-nascer-protocola-pedido-de-impugnacao-contra-candidatos-a-vereadores\/#article\",\"isPartOf\":{\"@id\":\"https:\/\/noticiaempauta.com\/portal\/coligacao-uma-nova-picos-esta-para-nascer-protocola-pedido-de-impugnacao-contra-candidatos-a-vereadores\/\"},\"author\":{\"name\":\"Reda\u00e7\u00e3o\",\"@id\":\"https:\/\/noticiaempauta.com\/portal\/#\/schema\/person\/a74af43dd1ab3deca45f988c717d57ac\"},\"headline\":\"Coliga\u00e7\u00e3o \u201c Uma Nova Picos Est\u00e1 Para Nascer \u201c protocola pedido de impugna\u00e7\u00e3o contra candidatos a vereadores\",\"datePublished\":\"2024-08-22T08:54:36+00:00\",\"dateModified\":\"2024-08-22T12:58:19+00:00\",\"mainEntityOfPage\":{\"@id\":\"https:\/\/noticiaempauta.com\/portal\/coligacao-uma-nova-picos-esta-para-nascer-protocola-pedido-de-impugnacao-contra-candidatos-a-vereadores\/\"},\"wordCount\":305,\"commentCount\":0,\"publisher\":{\"@id\":\"https:\/\/noticiaempauta.com\/portal\/#organization\"},\"image\":{\"@id\":\"https:\/\/noticiaempauta.com\/portal\/coligacao-uma-nova-picos-esta-para-nascer-protocola-pedido-de-impugnacao-contra-candidatos-a-vereadores\/#primaryimage\"},\"thumbnailUrl\":\"https:\/\/noticiaempauta.com\/portal\/wp-content\/uploads\/2024\/08\/Votacao-urna.jpg\",\"keywords\":[\"destaqueprincipal\"],\"articleSection\":[\"Destaques\",\"Geral\",\"Pol\u00edtica\",\"Todas as Not\u00edcias\"],\"inLanguage\":\"pt-BR\",\"potentialAction\":[{\"@type\":\"CommentAction\",\"name\":\"Comment\",\"target\":[\"https:\/\/noticiaempauta.com\/portal\/coligacao-uma-nova-picos-esta-para-nascer-protocola-pedido-de-impugnacao-contra-candidatos-a-vereadores\/#respond\"]}]},{\"@type\":\"WebPage\",\"@id\":\"https:\/\/noticiaempauta.com\/portal\/coligacao-uma-nova-picos-esta-para-nascer-protocola-pedido-de-impugnacao-contra-candidatos-a-vereadores\/\",\"url\":\"https:\/\/noticiaempauta.com\/portal\/coligacao-uma-nova-picos-esta-para-nascer-protocola-pedido-de-impugnacao-contra-candidatos-a-vereadores\/\",\"name\":\"Coliga\u00e7\u00e3o \u201c Uma Nova Picos Est\u00e1 Para Nascer \u201c protocola pedido de impugna\u00e7\u00e3o contra candidatos a vereadores - Portal Not\u00edcia em Pauta\",\"isPartOf\":{\"@id\":\"https:\/\/noticiaempauta.com\/portal\/#website\"},\"primaryImageOfPage\":{\"@id\":\"https:\/\/noticiaempauta.com\/portal\/coligacao-uma-nova-picos-esta-para-nascer-protocola-pedido-de-impugnacao-contra-candidatos-a-vereadores\/#primaryimage\"},\"image\":{\"@id\":\"https:\/\/noticiaempauta.com\/portal\/coligacao-uma-nova-picos-esta-para-nascer-protocola-pedido-de-impugnacao-contra-candidatos-a-vereadores\/#primaryimage\"},\"thumbnailUrl\":\"https:\/\/noticiaempauta.com\/portal\/wp-content\/uploads\/2024\/08\/Votacao-urna.jpg\",\"datePublished\":\"2024-08-22T08:54:36+00:00\",\"dateModified\":\"2024-08-22T12:58:19+00:00\",\"breadcrumb\":{\"@id\":\"https:\/\/noticiaempauta.com\/portal\/coligacao-uma-nova-picos-esta-para-nascer-protocola-pedido-de-impugnacao-contra-candidatos-a-vereadores\/#breadcrumb\"},\"inLanguage\":\"pt-BR\",\"potentialAction\":[{\"@type\":\"ReadAction\",\"target\":[\"https:\/\/noticiaempauta.com\/portal\/coligacao-uma-nova-picos-esta-para-nascer-protocola-pedido-de-impugnacao-contra-candidatos-a-vereadores\/\"]}]},{\"@type\":\"ImageObject\",\"inLanguage\":\"pt-BR\",\"@id\":\"https:\/\/noticiaempauta.com\/portal\/coligacao-uma-nova-picos-esta-para-nascer-protocola-pedido-de-impugnacao-contra-candidatos-a-vereadores\/#primaryimage\",\"url\":\"https:\/\/noticiaempauta.com\/portal\/wp-content\/uploads\/2024\/08\/Votacao-urna.jpg\",\"contentUrl\":\"https:\/\/noticiaempauta.com\/portal\/wp-content\/uploads\/2024\/08\/Votacao-urna.jpg\",\"width\":1024,\"height\":681},{\"@type\":\"BreadcrumbList\",\"@id\":\"https:\/\/noticiaempauta.com\/portal\/coligacao-uma-nova-picos-esta-para-nascer-protocola-pedido-de-impugnacao-contra-candidatos-a-vereadores\/#breadcrumb\",\"itemListElement\":[{\"@type\":\"ListItem\",\"position\":1,\"name\":\"P\u00e1gina Inicial\",\"item\":\"https:\/\/noticiaempauta.com\/portal\/\"},{\"@type\":\"ListItem\",\"position\":2,\"name\":\"Destaques\",\"item\":\"https:\/\/noticiaempauta.com\/portal\/destaques-site\/\"},{\"@type\":\"ListItem\",\"position\":3,\"name\":\"Coliga\u00e7\u00e3o \u201c Uma Nova Picos Est\u00e1 Para Nascer \u201c protocola pedido de impugna\u00e7\u00e3o contra candidatos a vereadores\"}]},{\"@type\":\"WebSite\",\"@id\":\"https:\/\/noticiaempauta.com\/portal\/#website\",\"url\":\"https:\/\/noticiaempauta.com\/portal\/\",\"name\":\"Portal Not\u00edcia em Pauta\",\"description\":\"Voc\u00ea bem informado\",\"publisher\":{\"@id\":\"https:\/\/noticiaempauta.com\/portal\/#organization\"},\"potentialAction\":[{\"@type\":\"SearchAction\",\"target\":{\"@type\":\"EntryPoint\",\"urlTemplate\":\"https:\/\/noticiaempauta.com\/portal\/?s={search_term_string}\"},\"query-input\":{\"@type\":\"PropertyValueSpecification\",\"valueRequired\":true,\"valueName\":\"search_term_string\"}}],\"inLanguage\":\"pt-BR\"},{\"@type\":\"Organization\",\"@id\":\"https:\/\/noticiaempauta.com\/portal\/#organization\",\"name\":\"Portal Not\u00edcia em Pauta\",\"url\":\"https:\/\/noticiaempauta.com\/portal\/\",\"logo\":{\"@type\":\"ImageObject\",\"inLanguage\":\"pt-BR\",\"@id\":\"https:\/\/noticiaempauta.com\/portal\/#\/schema\/logo\/image\/\",\"url\":\"https:\/\/noticiaempauta.com\/portal\/wp-content\/uploads\/2022\/08\/logomarca_tema.fw_.png\",\"contentUrl\":\"https:\/\/noticiaempauta.com\/portal\/wp-content\/uploads\/2022\/08\/logomarca_tema.fw_.png\",\"width\":400,\"height\":232,\"caption\":\"Portal Not\u00edcia em Pauta\"},\"image\":{\"@id\":\"https:\/\/noticiaempauta.com\/portal\/#\/schema\/logo\/image\/\"},\"sameAs\":[\"https:\/\/www.facebook.com\/Portal-Notcia-Em-Pauta-102292869264820\/\",\"https:\/\/www.instagram.com\/portalnoticiaempauta\/\"]},{\"@type\":\"Person\",\"@id\":\"https:\/\/noticiaempauta.com\/portal\/#\/schema\/person\/a74af43dd1ab3deca45f988c717d57ac\",\"name\":\"Reda\u00e7\u00e3o\",\"image\":{\"@type\":\"ImageObject\",\"inLanguage\":\"pt-BR\",\"@id\":\"https:\/\/noticiaempauta.com\/portal\/#\/schema\/person\/image\/\",\"url\":\"https:\/\/secure.gravatar.com\/avatar\/03179346ecce6cdfc13361603e8f54242a90e5cde8618fa23c5c00aa2b0aadf3?s=96&d=mm&r=g\",\"contentUrl\":\"https:\/\/secure.gravatar.com\/avatar\/03179346ecce6cdfc13361603e8f54242a90e5cde8618fa23c5c00aa2b0aadf3?s=96&d=mm&r=g\",\"caption\":\"Reda\u00e7\u00e3o\"},\"sameAs\":[\"https:\/\/noticiaempauta.com\/portal\/\"],\"url\":\"https:\/\/noticiaempauta.com\/portal\/author\/fernando\/\"}]}<\/script>\n<!-- \/ Yoast SEO Premium plugin. -->","yoast_head_json":{"title":"Coliga\u00e7\u00e3o \u201c Uma Nova Picos Est\u00e1 Para Nascer \u201c protocola pedido de impugna\u00e7\u00e3o contra candidatos a vereadores - Portal Not\u00edcia em Pauta","robots":{"index":"index","follow":"follow","max-snippet":"max-snippet:-1","max-image-preview":"max-image-preview:large","max-video-preview":"max-video-preview:-1"},"canonical":"https:\/\/noticiaempauta.com\/portal\/coligacao-uma-nova-picos-esta-para-nascer-protocola-pedido-de-impugnacao-contra-candidatos-a-vereadores\/","og_locale":"pt_BR","og_type":"article","og_title":"Coliga\u00e7\u00e3o \u201c Uma Nova Picos Est\u00e1 Para Nascer \u201c protocola pedido de impugna\u00e7\u00e3o contra candidatos a vereadores","og_description":"A coliga\u00e7\u00e3o \u201cUma Nova Picos Est\u00e1 Para Nascer\u201d que apoia o candidato a prefeito do Movimento Democr\u00e1tico Brasileiro (MDB) Pablo Santos, entrou com um pedido de impugna\u00e7\u00e3o contra os candidatos a vereadores Eli Teles de Medeiros Filho e Paula Julianne de Sousa Lopes Rodrigues, em Picos. Ambas as a\u00e7\u00f5es alegam que os candidatos est\u00e3o com [&hellip;]","og_url":"https:\/\/noticiaempauta.com\/portal\/coligacao-uma-nova-picos-esta-para-nascer-protocola-pedido-de-impugnacao-contra-candidatos-a-vereadores\/","og_site_name":"Portal Not\u00edcia em Pauta","article_publisher":"https:\/\/www.facebook.com\/Portal-Notcia-Em-Pauta-102292869264820\/","article_published_time":"2024-08-22T08:54:36+00:00","article_modified_time":"2024-08-22T12:58:19+00:00","og_image":[{"width":1024,"height":681,"url":"https:\/\/noticiaempauta.com\/portal\/wp-content\/uploads\/2024\/08\/Votacao-urna.jpg","type":"image\/jpeg"}],"author":"Reda\u00e7\u00e3o","twitter_card":"summary_large_image","twitter_misc":{"Escrito por":"Reda\u00e7\u00e3o","Est. tempo de leitura":"2 minutos"},"schema":{"@context":"https:\/\/schema.org","@graph":[{"@type":"Article","@id":"https:\/\/noticiaempauta.com\/portal\/coligacao-uma-nova-picos-esta-para-nascer-protocola-pedido-de-impugnacao-contra-candidatos-a-vereadores\/#article","isPartOf":{"@id":"https:\/\/noticiaempauta.com\/portal\/coligacao-uma-nova-picos-esta-para-nascer-protocola-pedido-de-impugnacao-contra-candidatos-a-vereadores\/"},"author":{"name":"Reda\u00e7\u00e3o","@id":"https:\/\/noticiaempauta.com\/portal\/#\/schema\/person\/a74af43dd1ab3deca45f988c717d57ac"},"headline":"Coliga\u00e7\u00e3o \u201c Uma Nova Picos Est\u00e1 Para Nascer \u201c protocola pedido de impugna\u00e7\u00e3o contra candidatos a vereadores","datePublished":"2024-08-22T08:54:36+00:00","dateModified":"2024-08-22T12:58:19+00:00","mainEntityOfPage":{"@id":"https:\/\/noticiaempauta.com\/portal\/coligacao-uma-nova-picos-esta-para-nascer-protocola-pedido-de-impugnacao-contra-candidatos-a-vereadores\/"},"wordCount":305,"commentCount":0,"publisher":{"@id":"https:\/\/noticiaempauta.com\/portal\/#organization"},"image":{"@id":"https:\/\/noticiaempauta.com\/portal\/coligacao-uma-nova-picos-esta-para-nascer-protocola-pedido-de-impugnacao-contra-candidatos-a-vereadores\/#primaryimage"},"thumbnailUrl":"https:\/\/noticiaempauta.com\/portal\/wp-content\/uploads\/2024\/08\/Votacao-urna.jpg","keywords":["destaqueprincipal"],"articleSection":["Destaques","Geral","Pol\u00edtica","Todas as Not\u00edcias"],"inLanguage":"pt-BR","potentialAction":[{"@type":"CommentAction","name":"Comment","target":["https:\/\/noticiaempauta.com\/portal\/coligacao-uma-nova-picos-esta-para-nascer-protocola-pedido-de-impugnacao-contra-candidatos-a-vereadores\/#respond"]}]},{"@type":"WebPage","@id":"https:\/\/noticiaempauta.com\/portal\/coligacao-uma-nova-picos-esta-para-nascer-protocola-pedido-de-impugnacao-contra-candidatos-a-vereadores\/","url":"https:\/\/noticiaempauta.com\/portal\/coligacao-uma-nova-picos-esta-para-nascer-protocola-pedido-de-impugnacao-contra-candidatos-a-vereadores\/","name":"Coliga\u00e7\u00e3o \u201c Uma Nova Picos Est\u00e1 Para Nascer \u201c protocola pedido de impugna\u00e7\u00e3o contra candidatos a vereadores - Portal Not\u00edcia em Pauta","isPartOf":{"@id":"https:\/\/noticiaempauta.com\/portal\/#website"},"primaryImageOfPage":{"@id":"https:\/\/noticiaempauta.com\/portal\/coligacao-uma-nova-picos-esta-para-nascer-protocola-pedido-de-impugnacao-contra-candidatos-a-vereadores\/#primaryimage"},"image":{"@id":"https:\/\/noticiaempauta.com\/portal\/coligacao-uma-nova-picos-esta-para-nascer-protocola-pedido-de-impugnacao-contra-candidatos-a-vereadores\/#primaryimage"},"thumbnailUrl":"https:\/\/noticiaempauta.com\/portal\/wp-content\/uploads\/2024\/08\/Votacao-urna.jpg","datePublished":"2024-08-22T08:54:36+00:00","dateModified":"2024-08-22T12:58:19+00:00","breadcrumb":{"@id":"https:\/\/noticiaempauta.com\/portal\/coligacao-uma-nova-picos-esta-para-nascer-protocola-pedido-de-impugnacao-contra-candidatos-a-vereadores\/#breadcrumb"},"inLanguage":"pt-BR","potentialAction":[{"@type":"ReadAction","target":["https:\/\/noticiaempauta.com\/portal\/coligacao-uma-nova-picos-esta-para-nascer-protocola-pedido-de-impugnacao-contra-candidatos-a-vereadores\/"]}]},{"@type":"ImageObject","inLanguage":"pt-BR","@id":"https:\/\/noticiaempauta.com\/portal\/coligacao-uma-nova-picos-esta-para-nascer-protocola-pedido-de-impugnacao-contra-candidatos-a-vereadores\/#primaryimage","url":"https:\/\/noticiaempauta.com\/portal\/wp-content\/uploads\/2024\/08\/Votacao-urna.jpg","contentUrl":"https:\/\/noticiaempauta.com\/portal\/wp-content\/uploads\/2024\/08\/Votacao-urna.jpg","width":1024,"height":681},{"@type":"BreadcrumbList","@id":"https:\/\/noticiaempauta.com\/portal\/coligacao-uma-nova-picos-esta-para-nascer-protocola-pedido-de-impugnacao-contra-candidatos-a-vereadores\/#breadcrumb","itemListElement":[{"@type":"ListItem","position":1,"name":"P\u00e1gina Inicial","item":"https:\/\/noticiaempauta.com\/portal\/"},{"@type":"ListItem","position":2,"name":"Destaques","item":"https:\/\/noticiaempauta.com\/portal\/destaques-site\/"},{"@type":"ListItem","position":3,"name":"Coliga\u00e7\u00e3o \u201c Uma Nova Picos Est\u00e1 Para Nascer \u201c protocola pedido de impugna\u00e7\u00e3o contra candidatos a vereadores"}]},{"@type":"WebSite","@id":"https:\/\/noticiaempauta.com\/portal\/#website","url":"https:\/\/noticiaempauta.com\/portal\/","name":"Portal Not\u00edcia em Pauta","description":"Voc\u00ea bem informado","publisher":{"@id":"https:\/\/noticiaempauta.com\/portal\/#organization"},"potentialAction":[{"@type":"SearchAction","target":{"@type":"EntryPoint","urlTemplate":"https:\/\/noticiaempauta.com\/portal\/?s={search_term_string}"},"query-input":{"@type":"PropertyValueSpecification","valueRequired":true,"valueName":"search_term_string"}}],"inLanguage":"pt-BR"},{"@type":"Organization","@id":"https:\/\/noticiaempauta.com\/portal\/#organization","name":"Portal Not\u00edcia em Pauta","url":"https:\/\/noticiaempauta.com\/portal\/","logo":{"@type":"ImageObject","inLanguage":"pt-BR","@id":"https:\/\/noticiaempauta.com\/portal\/#\/schema\/logo\/image\/","url":"https:\/\/noticiaempauta.com\/portal\/wp-content\/uploads\/2022\/08\/logomarca_tema.fw_.png","contentUrl":"https:\/\/noticiaempauta.com\/portal\/wp-content\/uploads\/2022\/08\/logomarca_tema.fw_.png","width":400,"height":232,"caption":"Portal Not\u00edcia em Pauta"},"image":{"@id":"https:\/\/noticiaempauta.com\/portal\/#\/schema\/logo\/image\/"},"sameAs":["https:\/\/www.facebook.com\/Portal-Notcia-Em-Pauta-102292869264820\/","https:\/\/www.instagram.com\/portalnoticiaempauta\/"]},{"@type":"Person","@id":"https:\/\/noticiaempauta.com\/portal\/#\/schema\/person\/a74af43dd1ab3deca45f988c717d57ac","name":"Reda\u00e7\u00e3o","image":{"@type":"ImageObject","inLanguage":"pt-BR","@id":"https:\/\/noticiaempauta.com\/portal\/#\/schema\/person\/image\/","url":"https:\/\/secure.gravatar.com\/avatar\/03179346ecce6cdfc13361603e8f54242a90e5cde8618fa23c5c00aa2b0aadf3?s=96&d=mm&r=g","contentUrl":"https:\/\/secure.gravatar.com\/avatar\/03179346ecce6cdfc13361603e8f54242a90e5cde8618fa23c5c00aa2b0aadf3?s=96&d=mm&r=g","caption":"Reda\u00e7\u00e3o"},"sameAs":["https:\/\/noticiaempauta.com\/portal\/"],"url":"https:\/\/noticiaempauta.com\/portal\/author\/fernando\/"}]}},"_links":{"self":[{"href":"https:\/\/noticiaempauta.com\/portal\/wp-json\/wp\/v2\/posts\/261405","targetHints":{"allow":["GET"]}}],"collection":[{"href":"https:\/\/noticiaempauta.com\/portal\/wp-json\/wp\/v2\/posts"}],"about":[{"href":"https:\/\/noticiaempauta.com\/portal\/wp-json\/wp\/v2\/types\/post"}],"author":[{"embeddable":true,"href":"https:\/\/noticiaempauta.com\/portal\/wp-json\/wp\/v2\/users\/2"}],"replies":[{"embeddable":true,"href":"https:\/\/noticiaempauta.com\/portal\/wp-json\/wp\/v2\/comments?post=261405"}],"version-history":[{"count":5,"href":"https:\/\/noticiaempauta.com\/portal\/wp-json\/wp\/v2\/posts\/261405\/revisions"}],"predecessor-version":[{"id":261424,"href":"https:\/\/noticiaempauta.com\/portal\/wp-json\/wp\/v2\/posts\/261405\/revisions\/261424"}],"wp:featuredmedia":[{"embeddable":true,"href":"https:\/\/noticiaempauta.com\/portal\/wp-json\/wp\/v2\/media\/261033"}],"wp:attachment":[{"href":"https:\/\/noticiaempauta.com\/portal\/wp-json\/wp\/v2\/media?parent=261405"}],"wp:term":[{"taxonomy":"category","embeddable":true,"href":"https:\/\/noticiaempauta.com\/portal\/wp-json\/wp\/v2\/categories?post=261405"},{"taxonomy":"post_tag","embeddable":true,"href":"https:\/\/noticiaempauta.com\/portal\/wp-json\/wp\/v2\/tags?post=261405"}],"curies":[{"name":"wp","href":"https:\/\/api.w.org\/{rel}","templated":true}]}}