{"id":261411,"date":"2024-08-22T09:45:39","date_gmt":"2024-08-22T12:45:39","guid":{"rendered":"https:\/\/noticiaempauta.com\/portal\/?p=261411"},"modified":"2024-08-22T09:45:40","modified_gmt":"2024-08-22T12:45:40","slug":"piaui-avanca-no-ranking-de-competitividade-e-rafael-fonteles-destaca-aumento-dos-investimentos","status":"publish","type":"post","link":"https:\/\/noticiaempauta.com\/portal\/piaui-avanca-no-ranking-de-competitividade-e-rafael-fonteles-destaca-aumento-dos-investimentos\/","title":{"rendered":"Piau\u00ed avan\u00e7a no ranking de competitividade e Rafael Fonteles destaca aumento dos investimentos"},"content":{"rendered":"\n<p>O governador Rafael Fonteles destacou que os investimentos p\u00fablicos da receita corrente l\u00edquida (RCL) do Piau\u00ed saltaram de uma m\u00e9dia 5% para 18% nos \u00faltimos quatro anos. &nbsp;A informa\u00e7\u00e3o foi ressaltada durante o Congresso Consad de Gest\u00e3o P\u00fablica, realizado nesta quarta-feira (21), em Bras\u00edlia.<\/p>\n\n\n\n<p>Rafael Fonteles foi um dos painelistas do lan\u00e7amento do Ranking de Competitividade dos Estados e dos Munic\u00edpios 2024, evento faz parte do congresso &nbsp;realizado pelo Centro de Lideran\u00e7a P\u00fablica (CLP) e re\u00fane governadores e prefeitos.<\/p>\n\n\n\n<figure class=\"wp-block-image size-full\"><img fetchpriority=\"high\" decoding=\"async\" width=\"1000\" height=\"668\" src=\"https:\/\/noticiaempauta.com\/portal\/wp-content\/uploads\/2024\/08\/large_rafaelfonteles3_f7e9406144.jpg\" alt=\"\" class=\"wp-image-261412\" srcset=\"https:\/\/noticiaempauta.com\/portal\/wp-content\/uploads\/2024\/08\/large_rafaelfonteles3_f7e9406144.jpg 1000w, https:\/\/noticiaempauta.com\/portal\/wp-content\/uploads\/2024\/08\/large_rafaelfonteles3_f7e9406144-300x200.jpg 300w, https:\/\/noticiaempauta.com\/portal\/wp-content\/uploads\/2024\/08\/large_rafaelfonteles3_f7e9406144-768x513.jpg 768w\" sizes=\"(max-width: 1000px) 100vw, 1000px\" \/><\/figure>\n\n\n\n<p>O governador destacou que os investimentos v\u00e3o continuar aumentando no Piau\u00ed. \u201cVai ser o quarto ano acima de 18% da RCL. Isso significa capacidade de fazer melhores escolas, &nbsp;hospitais, estradas, equipar melhor as for\u00e7as policiais e investir em v\u00e1rias coisas que impactam, consequentemente, nesses indicadores que comp\u00f5em o ranking de competitividade\u201d, afirmou o governador.<\/p>\n\n\n\n<p>A edi\u00e7\u00e3o 2024 do Ranking de Competitividade dos Estados, elaborado pelo Centro de Lideran\u00e7a P\u00fablica (CLP), mostrou que o Piau\u00ed segue num processo constante de melhoria dos seus \u00edndices, conquistando o 7\u00ba lugar em potencial de mercado e a 10\u00aa posi\u00e7\u00e3o em educa\u00e7\u00e3o.<\/p>\n\n\n\n<p>O chefe do Executivo Estadual destacou que o Piau\u00ed, no passado, dependia muito do governo federal, mas um equil\u00edbrio nas contas p\u00fablicas mudou a situa\u00e7\u00e3o. Rafael destacou ainda outras duas premissas que fazem parte do seu governo e que s\u00e3o fundamentais para a competitividade do Piau\u00ed: educa\u00e7\u00e3o e abertura econ\u00f4mica.<\/p>\n\n\n\n<figure class=\"wp-block-image size-full\"><img decoding=\"async\" width=\"1000\" height=\"668\" src=\"https:\/\/noticiaempauta.com\/portal\/wp-content\/uploads\/2024\/08\/large_rafaelfonteles_dfe2f16282.jpg\" alt=\"\" class=\"wp-image-261413\" srcset=\"https:\/\/noticiaempauta.com\/portal\/wp-content\/uploads\/2024\/08\/large_rafaelfonteles_dfe2f16282.jpg 1000w, https:\/\/noticiaempauta.com\/portal\/wp-content\/uploads\/2024\/08\/large_rafaelfonteles_dfe2f16282-300x200.jpg 300w, https:\/\/noticiaempauta.com\/portal\/wp-content\/uploads\/2024\/08\/large_rafaelfonteles_dfe2f16282-768x513.jpg 768w\" sizes=\"(max-width: 1000px) 100vw, 1000px\" \/><\/figure>\n\n\n\n<p>\u201cEstamos apostando num choque educacional e tecnol\u00f3gico. A meu ver, \u00e9 isso que vai fazer a gente mudar de patamar. Somos um estado que requer muito investimento no capital humano para que a gente possa estar num lugar realmente desenvolvido\u201d, frisou o gestor.<\/p>\n\n\n\n<p>Sobre a abertura econ\u00f4mica, Rafael disse que hoje consegue divulgar melhor o potencial do estado em v\u00e1rias \u00e1reas, no agro, na energia verde, no turismo, para que haja investimentos externos no Piau\u00ed. \u201cAcredito que o estado tem que ser ativo nessa promo\u00e7\u00e3o das potencialidades, n\u00e3o apenas desburocratizando, melhorando o ambiente de neg\u00f3cio, mas, muitas vezes, atuando diretamente em setores estrat\u00e9gicos\u201d, pontuou.<\/p>\n\n\n\n<p>Por fim, Rafael afirmou que sua gest\u00e3o atua em cima de dados e indicadores, porque isso facilita a busca por resultados. \u201cA gente se preocupou muito em passar essa cultura de gest\u00e3o baseada em dados, evid\u00eancias e &nbsp;indicadores, porque \u00e9 o dado concreto, o indicador, que pode levar, coletivamente, as pessoas da gest\u00e3o a remarem na mesma dire\u00e7\u00e3o\u201d, concluiu.<\/p>\n\n\n\n<p><strong>Piau\u00ed subiu duas posi\u00e7\u00f5es no ranking<\/strong><\/p>\n\n\n\n<p>O Ranking de Competitividade dos Estados mostrou que o Piau\u00ed manteve a ascens\u00e3o dos \u00faltimos anos, ganhando mais duas posi\u00e7\u00f5es. O resultado mostra um processo cont\u00ednuo de melhoria dos \u00edndices, j\u00e1 que em 2023, o Piau\u00ed j\u00e1 havia melhorado tr\u00eas posi\u00e7\u00f5es em rela\u00e7\u00e3o a 2022.<\/p>\n\n\n\n<p>O estudo se apoia em 10 pilares fundamentais para estimular a competitividade, abarcando dimens\u00f5es como seguran\u00e7a p\u00fablica, educa\u00e7\u00e3o e economia. No total, 99 indicadores s\u00e3o avaliados para analisar a administra\u00e7\u00e3o estadual e o ritmo de crescimento.<\/p>\n\n\n\n<p>Os pilares em que o Piau\u00ed se saiu melhor foram potencial de mercado, onde ficou em 7\u00ba lugar, subindo quatro posi\u00e7\u00f5es em rela\u00e7\u00e3o ao ranking de 2023; educa\u00e7\u00e3o (10\u00ba, subindo duas posi\u00e7\u00f5es); solidez fiscal (13\u00ba, subindo duas).<\/p>\n\n\n\n<p>CCOM-PI<\/p>\n","protected":false},"excerpt":{"rendered":"<p>Governador Rafael Fonteles foi um dos painelistas do lan\u00e7amento do Ranking de Competitividade dos Estados e dos Munic\u00edpios 2024.<\/p>\n","protected":false},"author":2,"featured_media":261413,"comment_status":"open","ping_status":"open","sticky":false,"template":"","format":"standard","meta":{"_mi_skip_tracking":false,"footnotes":""},"categories":[25,6,1,16],"tags":[192],"class_list":["post-261411","post","type-post","status-publish","format-standard","has-post-thumbnail","hentry","category-destaques-site","category-economia","category-geral","category-todas","tag-destaqueprincipal"],"acf":[],"yoast_head":"<!-- This site is optimized with the Yoast SEO Premium plugin v19.2 (Yoast SEO v26.9) - https:\/\/yoast.com\/product\/yoast-seo-premium-wordpress\/ -->\n<title>Piau\u00ed avan\u00e7a no ranking de competitividade e Rafael Fonteles destaca aumento dos investimentos - Portal Not\u00edcia em Pauta<\/title>\n<meta name=\"robots\" content=\"index, follow, max-snippet:-1, max-image-preview:large, max-video-preview:-1\" \/>\n<link rel=\"canonical\" href=\"https:\/\/noticiaempauta.com\/portal\/piaui-avanca-no-ranking-de-competitividade-e-rafael-fonteles-destaca-aumento-dos-investimentos\/\" \/>\n<meta property=\"og:locale\" content=\"pt_BR\" \/>\n<meta property=\"og:type\" content=\"article\" \/>\n<meta property=\"og:title\" content=\"Piau\u00ed avan\u00e7a no ranking de competitividade e Rafael Fonteles destaca aumento dos investimentos\" \/>\n<meta property=\"og:description\" content=\"Governador Rafael Fonteles foi um dos painelistas do lan\u00e7amento do Ranking de Competitividade dos Estados e dos Munic\u00edpios 2024.\" \/>\n<meta property=\"og:url\" content=\"https:\/\/noticiaempauta.com\/portal\/piaui-avanca-no-ranking-de-competitividade-e-rafael-fonteles-destaca-aumento-dos-investimentos\/\" \/>\n<meta property=\"og:site_name\" content=\"Portal Not\u00edcia em Pauta\" \/>\n<meta property=\"article:publisher\" content=\"https:\/\/www.facebook.com\/Portal-Notcia-Em-Pauta-102292869264820\/\" \/>\n<meta property=\"article:published_time\" content=\"2024-08-22T12:45:39+00:00\" \/>\n<meta property=\"article:modified_time\" content=\"2024-08-22T12:45:40+00:00\" \/>\n<meta property=\"og:image\" content=\"https:\/\/noticiaempauta.com\/portal\/wp-content\/uploads\/2024\/08\/large_rafaelfonteles_dfe2f16282.jpg\" \/>\n\t<meta property=\"og:image:width\" content=\"1000\" \/>\n\t<meta property=\"og:image:height\" content=\"668\" \/>\n\t<meta property=\"og:image:type\" content=\"image\/jpeg\" \/>\n<meta name=\"author\" content=\"Reda\u00e7\u00e3o\" \/>\n<meta name=\"twitter:card\" content=\"summary_large_image\" \/>\n<meta name=\"twitter:label1\" content=\"Escrito por\" \/>\n\t<meta name=\"twitter:data1\" content=\"Reda\u00e7\u00e3o\" \/>\n\t<meta name=\"twitter:label2\" content=\"Est. tempo de leitura\" \/>\n\t<meta name=\"twitter:data2\" content=\"4 minutos\" \/>\n<script type=\"application\/ld+json\" class=\"yoast-schema-graph\">{\"@context\":\"https:\/\/schema.org\",\"@graph\":[{\"@type\":\"Article\",\"@id\":\"https:\/\/noticiaempauta.com\/portal\/piaui-avanca-no-ranking-de-competitividade-e-rafael-fonteles-destaca-aumento-dos-investimentos\/#article\",\"isPartOf\":{\"@id\":\"https:\/\/noticiaempauta.com\/portal\/piaui-avanca-no-ranking-de-competitividade-e-rafael-fonteles-destaca-aumento-dos-investimentos\/\"},\"author\":{\"name\":\"Reda\u00e7\u00e3o\",\"@id\":\"https:\/\/noticiaempauta.com\/portal\/#\/schema\/person\/a74af43dd1ab3deca45f988c717d57ac\"},\"headline\":\"Piau\u00ed avan\u00e7a no ranking de competitividade e Rafael Fonteles destaca aumento dos investimentos\",\"datePublished\":\"2024-08-22T12:45:39+00:00\",\"dateModified\":\"2024-08-22T12:45:40+00:00\",\"mainEntityOfPage\":{\"@id\":\"https:\/\/noticiaempauta.com\/portal\/piaui-avanca-no-ranking-de-competitividade-e-rafael-fonteles-destaca-aumento-dos-investimentos\/\"},\"wordCount\":570,\"commentCount\":0,\"publisher\":{\"@id\":\"https:\/\/noticiaempauta.com\/portal\/#organization\"},\"image\":{\"@id\":\"https:\/\/noticiaempauta.com\/portal\/piaui-avanca-no-ranking-de-competitividade-e-rafael-fonteles-destaca-aumento-dos-investimentos\/#primaryimage\"},\"thumbnailUrl\":\"https:\/\/noticiaempauta.com\/portal\/wp-content\/uploads\/2024\/08\/large_rafaelfonteles_dfe2f16282.jpg\",\"keywords\":[\"destaqueprincipal\"],\"articleSection\":[\"Destaques\",\"Economia\",\"Geral\",\"Todas as Not\u00edcias\"],\"inLanguage\":\"pt-BR\",\"potentialAction\":[{\"@type\":\"CommentAction\",\"name\":\"Comment\",\"target\":[\"https:\/\/noticiaempauta.com\/portal\/piaui-avanca-no-ranking-de-competitividade-e-rafael-fonteles-destaca-aumento-dos-investimentos\/#respond\"]}]},{\"@type\":\"WebPage\",\"@id\":\"https:\/\/noticiaempauta.com\/portal\/piaui-avanca-no-ranking-de-competitividade-e-rafael-fonteles-destaca-aumento-dos-investimentos\/\",\"url\":\"https:\/\/noticiaempauta.com\/portal\/piaui-avanca-no-ranking-de-competitividade-e-rafael-fonteles-destaca-aumento-dos-investimentos\/\",\"name\":\"Piau\u00ed avan\u00e7a no ranking de competitividade e Rafael Fonteles destaca aumento dos investimentos - Portal Not\u00edcia em Pauta\",\"isPartOf\":{\"@id\":\"https:\/\/noticiaempauta.com\/portal\/#website\"},\"primaryImageOfPage\":{\"@id\":\"https:\/\/noticiaempauta.com\/portal\/piaui-avanca-no-ranking-de-competitividade-e-rafael-fonteles-destaca-aumento-dos-investimentos\/#primaryimage\"},\"image\":{\"@id\":\"https:\/\/noticiaempauta.com\/portal\/piaui-avanca-no-ranking-de-competitividade-e-rafael-fonteles-destaca-aumento-dos-investimentos\/#primaryimage\"},\"thumbnailUrl\":\"https:\/\/noticiaempauta.com\/portal\/wp-content\/uploads\/2024\/08\/large_rafaelfonteles_dfe2f16282.jpg\",\"datePublished\":\"2024-08-22T12:45:39+00:00\",\"dateModified\":\"2024-08-22T12:45:40+00:00\",\"breadcrumb\":{\"@id\":\"https:\/\/noticiaempauta.com\/portal\/piaui-avanca-no-ranking-de-competitividade-e-rafael-fonteles-destaca-aumento-dos-investimentos\/#breadcrumb\"},\"inLanguage\":\"pt-BR\",\"potentialAction\":[{\"@type\":\"ReadAction\",\"target\":[\"https:\/\/noticiaempauta.com\/portal\/piaui-avanca-no-ranking-de-competitividade-e-rafael-fonteles-destaca-aumento-dos-investimentos\/\"]}]},{\"@type\":\"ImageObject\",\"inLanguage\":\"pt-BR\",\"@id\":\"https:\/\/noticiaempauta.com\/portal\/piaui-avanca-no-ranking-de-competitividade-e-rafael-fonteles-destaca-aumento-dos-investimentos\/#primaryimage\",\"url\":\"https:\/\/noticiaempauta.com\/portal\/wp-content\/uploads\/2024\/08\/large_rafaelfonteles_dfe2f16282.jpg\",\"contentUrl\":\"https:\/\/noticiaempauta.com\/portal\/wp-content\/uploads\/2024\/08\/large_rafaelfonteles_dfe2f16282.jpg\",\"width\":1000,\"height\":668},{\"@type\":\"BreadcrumbList\",\"@id\":\"https:\/\/noticiaempauta.com\/portal\/piaui-avanca-no-ranking-de-competitividade-e-rafael-fonteles-destaca-aumento-dos-investimentos\/#breadcrumb\",\"itemListElement\":[{\"@type\":\"ListItem\",\"position\":1,\"name\":\"P\u00e1gina Inicial\",\"item\":\"https:\/\/noticiaempauta.com\/portal\/\"},{\"@type\":\"ListItem\",\"position\":2,\"name\":\"Destaques\",\"item\":\"https:\/\/noticiaempauta.com\/portal\/destaques-site\/\"},{\"@type\":\"ListItem\",\"position\":3,\"name\":\"Piau\u00ed avan\u00e7a no ranking de competitividade e Rafael Fonteles destaca aumento dos investimentos\"}]},{\"@type\":\"WebSite\",\"@id\":\"https:\/\/noticiaempauta.com\/portal\/#website\",\"url\":\"https:\/\/noticiaempauta.com\/portal\/\",\"name\":\"Portal Not\u00edcia em Pauta\",\"description\":\"Voc\u00ea bem informado\",\"publisher\":{\"@id\":\"https:\/\/noticiaempauta.com\/portal\/#organization\"},\"potentialAction\":[{\"@type\":\"SearchAction\",\"target\":{\"@type\":\"EntryPoint\",\"urlTemplate\":\"https:\/\/noticiaempauta.com\/portal\/?s={search_term_string}\"},\"query-input\":{\"@type\":\"PropertyValueSpecification\",\"valueRequired\":true,\"valueName\":\"search_term_string\"}}],\"inLanguage\":\"pt-BR\"},{\"@type\":\"Organization\",\"@id\":\"https:\/\/noticiaempauta.com\/portal\/#organization\",\"name\":\"Portal Not\u00edcia em Pauta\",\"url\":\"https:\/\/noticiaempauta.com\/portal\/\",\"logo\":{\"@type\":\"ImageObject\",\"inLanguage\":\"pt-BR\",\"@id\":\"https:\/\/noticiaempauta.com\/portal\/#\/schema\/logo\/image\/\",\"url\":\"https:\/\/noticiaempauta.com\/portal\/wp-content\/uploads\/2022\/08\/logomarca_tema.fw_.png\",\"contentUrl\":\"https:\/\/noticiaempauta.com\/portal\/wp-content\/uploads\/2022\/08\/logomarca_tema.fw_.png\",\"width\":400,\"height\":232,\"caption\":\"Portal Not\u00edcia em Pauta\"},\"image\":{\"@id\":\"https:\/\/noticiaempauta.com\/portal\/#\/schema\/logo\/image\/\"},\"sameAs\":[\"https:\/\/www.facebook.com\/Portal-Notcia-Em-Pauta-102292869264820\/\",\"https:\/\/www.instagram.com\/portalnoticiaempauta\/\"]},{\"@type\":\"Person\",\"@id\":\"https:\/\/noticiaempauta.com\/portal\/#\/schema\/person\/a74af43dd1ab3deca45f988c717d57ac\",\"name\":\"Reda\u00e7\u00e3o\",\"image\":{\"@type\":\"ImageObject\",\"inLanguage\":\"pt-BR\",\"@id\":\"https:\/\/noticiaempauta.com\/portal\/#\/schema\/person\/image\/\",\"url\":\"https:\/\/secure.gravatar.com\/avatar\/03179346ecce6cdfc13361603e8f54242a90e5cde8618fa23c5c00aa2b0aadf3?s=96&d=mm&r=g\",\"contentUrl\":\"https:\/\/secure.gravatar.com\/avatar\/03179346ecce6cdfc13361603e8f54242a90e5cde8618fa23c5c00aa2b0aadf3?s=96&d=mm&r=g\",\"caption\":\"Reda\u00e7\u00e3o\"},\"sameAs\":[\"https:\/\/noticiaempauta.com\/portal\/\"],\"url\":\"https:\/\/noticiaempauta.com\/portal\/author\/fernando\/\"}]}<\/script>\n<!-- \/ Yoast SEO Premium plugin. -->","yoast_head_json":{"title":"Piau\u00ed avan\u00e7a no ranking de competitividade e Rafael Fonteles destaca aumento dos investimentos - Portal Not\u00edcia em Pauta","robots":{"index":"index","follow":"follow","max-snippet":"max-snippet:-1","max-image-preview":"max-image-preview:large","max-video-preview":"max-video-preview:-1"},"canonical":"https:\/\/noticiaempauta.com\/portal\/piaui-avanca-no-ranking-de-competitividade-e-rafael-fonteles-destaca-aumento-dos-investimentos\/","og_locale":"pt_BR","og_type":"article","og_title":"Piau\u00ed avan\u00e7a no ranking de competitividade e Rafael Fonteles destaca aumento dos investimentos","og_description":"Governador Rafael Fonteles foi um dos painelistas do lan\u00e7amento do Ranking de Competitividade dos Estados e dos Munic\u00edpios 2024.","og_url":"https:\/\/noticiaempauta.com\/portal\/piaui-avanca-no-ranking-de-competitividade-e-rafael-fonteles-destaca-aumento-dos-investimentos\/","og_site_name":"Portal Not\u00edcia em Pauta","article_publisher":"https:\/\/www.facebook.com\/Portal-Notcia-Em-Pauta-102292869264820\/","article_published_time":"2024-08-22T12:45:39+00:00","article_modified_time":"2024-08-22T12:45:40+00:00","og_image":[{"width":1000,"height":668,"url":"https:\/\/noticiaempauta.com\/portal\/wp-content\/uploads\/2024\/08\/large_rafaelfonteles_dfe2f16282.jpg","type":"image\/jpeg"}],"author":"Reda\u00e7\u00e3o","twitter_card":"summary_large_image","twitter_misc":{"Escrito por":"Reda\u00e7\u00e3o","Est. tempo de leitura":"4 minutos"},"schema":{"@context":"https:\/\/schema.org","@graph":[{"@type":"Article","@id":"https:\/\/noticiaempauta.com\/portal\/piaui-avanca-no-ranking-de-competitividade-e-rafael-fonteles-destaca-aumento-dos-investimentos\/#article","isPartOf":{"@id":"https:\/\/noticiaempauta.com\/portal\/piaui-avanca-no-ranking-de-competitividade-e-rafael-fonteles-destaca-aumento-dos-investimentos\/"},"author":{"name":"Reda\u00e7\u00e3o","@id":"https:\/\/noticiaempauta.com\/portal\/#\/schema\/person\/a74af43dd1ab3deca45f988c717d57ac"},"headline":"Piau\u00ed avan\u00e7a no ranking de competitividade e Rafael Fonteles destaca aumento dos investimentos","datePublished":"2024-08-22T12:45:39+00:00","dateModified":"2024-08-22T12:45:40+00:00","mainEntityOfPage":{"@id":"https:\/\/noticiaempauta.com\/portal\/piaui-avanca-no-ranking-de-competitividade-e-rafael-fonteles-destaca-aumento-dos-investimentos\/"},"wordCount":570,"commentCount":0,"publisher":{"@id":"https:\/\/noticiaempauta.com\/portal\/#organization"},"image":{"@id":"https:\/\/noticiaempauta.com\/portal\/piaui-avanca-no-ranking-de-competitividade-e-rafael-fonteles-destaca-aumento-dos-investimentos\/#primaryimage"},"thumbnailUrl":"https:\/\/noticiaempauta.com\/portal\/wp-content\/uploads\/2024\/08\/large_rafaelfonteles_dfe2f16282.jpg","keywords":["destaqueprincipal"],"articleSection":["Destaques","Economia","Geral","Todas as Not\u00edcias"],"inLanguage":"pt-BR","potentialAction":[{"@type":"CommentAction","name":"Comment","target":["https:\/\/noticiaempauta.com\/portal\/piaui-avanca-no-ranking-de-competitividade-e-rafael-fonteles-destaca-aumento-dos-investimentos\/#respond"]}]},{"@type":"WebPage","@id":"https:\/\/noticiaempauta.com\/portal\/piaui-avanca-no-ranking-de-competitividade-e-rafael-fonteles-destaca-aumento-dos-investimentos\/","url":"https:\/\/noticiaempauta.com\/portal\/piaui-avanca-no-ranking-de-competitividade-e-rafael-fonteles-destaca-aumento-dos-investimentos\/","name":"Piau\u00ed avan\u00e7a no ranking de competitividade e Rafael Fonteles destaca aumento dos investimentos - Portal Not\u00edcia em Pauta","isPartOf":{"@id":"https:\/\/noticiaempauta.com\/portal\/#website"},"primaryImageOfPage":{"@id":"https:\/\/noticiaempauta.com\/portal\/piaui-avanca-no-ranking-de-competitividade-e-rafael-fonteles-destaca-aumento-dos-investimentos\/#primaryimage"},"image":{"@id":"https:\/\/noticiaempauta.com\/portal\/piaui-avanca-no-ranking-de-competitividade-e-rafael-fonteles-destaca-aumento-dos-investimentos\/#primaryimage"},"thumbnailUrl":"https:\/\/noticiaempauta.com\/portal\/wp-content\/uploads\/2024\/08\/large_rafaelfonteles_dfe2f16282.jpg","datePublished":"2024-08-22T12:45:39+00:00","dateModified":"2024-08-22T12:45:40+00:00","breadcrumb":{"@id":"https:\/\/noticiaempauta.com\/portal\/piaui-avanca-no-ranking-de-competitividade-e-rafael-fonteles-destaca-aumento-dos-investimentos\/#breadcrumb"},"inLanguage":"pt-BR","potentialAction":[{"@type":"ReadAction","target":["https:\/\/noticiaempauta.com\/portal\/piaui-avanca-no-ranking-de-competitividade-e-rafael-fonteles-destaca-aumento-dos-investimentos\/"]}]},{"@type":"ImageObject","inLanguage":"pt-BR","@id":"https:\/\/noticiaempauta.com\/portal\/piaui-avanca-no-ranking-de-competitividade-e-rafael-fonteles-destaca-aumento-dos-investimentos\/#primaryimage","url":"https:\/\/noticiaempauta.com\/portal\/wp-content\/uploads\/2024\/08\/large_rafaelfonteles_dfe2f16282.jpg","contentUrl":"https:\/\/noticiaempauta.com\/portal\/wp-content\/uploads\/2024\/08\/large_rafaelfonteles_dfe2f16282.jpg","width":1000,"height":668},{"@type":"BreadcrumbList","@id":"https:\/\/noticiaempauta.com\/portal\/piaui-avanca-no-ranking-de-competitividade-e-rafael-fonteles-destaca-aumento-dos-investimentos\/#breadcrumb","itemListElement":[{"@type":"ListItem","position":1,"name":"P\u00e1gina Inicial","item":"https:\/\/noticiaempauta.com\/portal\/"},{"@type":"ListItem","position":2,"name":"Destaques","item":"https:\/\/noticiaempauta.com\/portal\/destaques-site\/"},{"@type":"ListItem","position":3,"name":"Piau\u00ed avan\u00e7a no ranking de competitividade e Rafael Fonteles destaca aumento dos investimentos"}]},{"@type":"WebSite","@id":"https:\/\/noticiaempauta.com\/portal\/#website","url":"https:\/\/noticiaempauta.com\/portal\/","name":"Portal Not\u00edcia em Pauta","description":"Voc\u00ea bem informado","publisher":{"@id":"https:\/\/noticiaempauta.com\/portal\/#organization"},"potentialAction":[{"@type":"SearchAction","target":{"@type":"EntryPoint","urlTemplate":"https:\/\/noticiaempauta.com\/portal\/?s={search_term_string}"},"query-input":{"@type":"PropertyValueSpecification","valueRequired":true,"valueName":"search_term_string"}}],"inLanguage":"pt-BR"},{"@type":"Organization","@id":"https:\/\/noticiaempauta.com\/portal\/#organization","name":"Portal Not\u00edcia em Pauta","url":"https:\/\/noticiaempauta.com\/portal\/","logo":{"@type":"ImageObject","inLanguage":"pt-BR","@id":"https:\/\/noticiaempauta.com\/portal\/#\/schema\/logo\/image\/","url":"https:\/\/noticiaempauta.com\/portal\/wp-content\/uploads\/2022\/08\/logomarca_tema.fw_.png","contentUrl":"https:\/\/noticiaempauta.com\/portal\/wp-content\/uploads\/2022\/08\/logomarca_tema.fw_.png","width":400,"height":232,"caption":"Portal Not\u00edcia em Pauta"},"image":{"@id":"https:\/\/noticiaempauta.com\/portal\/#\/schema\/logo\/image\/"},"sameAs":["https:\/\/www.facebook.com\/Portal-Notcia-Em-Pauta-102292869264820\/","https:\/\/www.instagram.com\/portalnoticiaempauta\/"]},{"@type":"Person","@id":"https:\/\/noticiaempauta.com\/portal\/#\/schema\/person\/a74af43dd1ab3deca45f988c717d57ac","name":"Reda\u00e7\u00e3o","image":{"@type":"ImageObject","inLanguage":"pt-BR","@id":"https:\/\/noticiaempauta.com\/portal\/#\/schema\/person\/image\/","url":"https:\/\/secure.gravatar.com\/avatar\/03179346ecce6cdfc13361603e8f54242a90e5cde8618fa23c5c00aa2b0aadf3?s=96&d=mm&r=g","contentUrl":"https:\/\/secure.gravatar.com\/avatar\/03179346ecce6cdfc13361603e8f54242a90e5cde8618fa23c5c00aa2b0aadf3?s=96&d=mm&r=g","caption":"Reda\u00e7\u00e3o"},"sameAs":["https:\/\/noticiaempauta.com\/portal\/"],"url":"https:\/\/noticiaempauta.com\/portal\/author\/fernando\/"}]}},"_links":{"self":[{"href":"https:\/\/noticiaempauta.com\/portal\/wp-json\/wp\/v2\/posts\/261411","targetHints":{"allow":["GET"]}}],"collection":[{"href":"https:\/\/noticiaempauta.com\/portal\/wp-json\/wp\/v2\/posts"}],"about":[{"href":"https:\/\/noticiaempauta.com\/portal\/wp-json\/wp\/v2\/types\/post"}],"author":[{"embeddable":true,"href":"https:\/\/noticiaempauta.com\/portal\/wp-json\/wp\/v2\/users\/2"}],"replies":[{"embeddable":true,"href":"https:\/\/noticiaempauta.com\/portal\/wp-json\/wp\/v2\/comments?post=261411"}],"version-history":[{"count":2,"href":"https:\/\/noticiaempauta.com\/portal\/wp-json\/wp\/v2\/posts\/261411\/revisions"}],"predecessor-version":[{"id":261415,"href":"https:\/\/noticiaempauta.com\/portal\/wp-json\/wp\/v2\/posts\/261411\/revisions\/261415"}],"wp:featuredmedia":[{"embeddable":true,"href":"https:\/\/noticiaempauta.com\/portal\/wp-json\/wp\/v2\/media\/261413"}],"wp:attachment":[{"href":"https:\/\/noticiaempauta.com\/portal\/wp-json\/wp\/v2\/media?parent=261411"}],"wp:term":[{"taxonomy":"category","embeddable":true,"href":"https:\/\/noticiaempauta.com\/portal\/wp-json\/wp\/v2\/categories?post=261411"},{"taxonomy":"post_tag","embeddable":true,"href":"https:\/\/noticiaempauta.com\/portal\/wp-json\/wp\/v2\/tags?post=261411"}],"curies":[{"name":"wp","href":"https:\/\/api.w.org\/{rel}","templated":true}]}}