{"id":261416,"date":"2024-08-22T09:49:43","date_gmt":"2024-08-22T12:49:43","guid":{"rendered":"https:\/\/noticiaempauta.com\/portal\/?p=261416"},"modified":"2024-08-22T09:51:14","modified_gmt":"2024-08-22T12:51:14","slug":"eleicoes-2024-progressistas-diminui-pela-metade-candidatos-a-prefeito-piaui","status":"publish","type":"post","link":"https:\/\/noticiaempauta.com\/portal\/eleicoes-2024-progressistas-diminui-pela-metade-candidatos-a-prefeito-piaui\/","title":{"rendered":"Elei\u00e7\u00f5es 2024: Progressistas diminui pela metade candidatos a prefeito Piau\u00ed"},"content":{"rendered":"\n<p>O Partido Progressistas (PP) vai para a disputa das elei\u00e7\u00f5es de 2024, no Piau\u00ed, menor, quando comparado \u00e0s elei\u00e7\u00f5es de 2020. A queda no n\u00famero de candidatos a prefeito no estado representa um total de 58,9% de candidatos.<\/p>\n\n\n\n<figure class=\"wp-block-image size-full\"><img fetchpriority=\"high\" decoding=\"async\" width=\"660\" height=\"372\" src=\"https:\/\/noticiaempauta.com\/portal\/wp-content\/uploads\/2024\/08\/WhatsApp-Image-2024-08-22-at-09.45.54.jpeg\" alt=\"\" class=\"wp-image-261418\" srcset=\"https:\/\/noticiaempauta.com\/portal\/wp-content\/uploads\/2024\/08\/WhatsApp-Image-2024-08-22-at-09.45.54.jpeg 660w, https:\/\/noticiaempauta.com\/portal\/wp-content\/uploads\/2024\/08\/WhatsApp-Image-2024-08-22-at-09.45.54-300x169.jpeg 300w\" sizes=\"(max-width: 660px) 100vw, 660px\" \/><figcaption class=\"wp-element-caption\">Senador piauiense, Ciro Nogueira, presidente nacional do Progressistas. (Foto:Reprodu\u00e7\u00e3o)<\/figcaption><\/figure>\n\n\n\n<p>Os dados do Tribunal Superior Eleitoral (TSE) apontam que nestas elei\u00e7\u00f5es municipais, o PP conseguiu registrar apenas 53 candidatos a prefeito, sendo que nas elei\u00e7\u00f5es de 2020, o n\u00famero foi bem superior, quando registrou 129 candidatos.<\/p>\n\n\n\n<p>Diferentemente do Partido dos Trabalhadores (PT), que apresentou um aumento consider\u00e1vel, nas elei\u00e7\u00f5es de 2024, 136 candidaturas foram registradas, sendo que nas elei\u00e7\u00f5es de 2020, 81 candidatos a prefeito.<\/p>\n\n\n\n<p>De acordo com o deputado estadual, Wilson Brand\u00e3o (PP), apesar do Progressistas n\u00e3o ter logrado \u00eaxito nas elei\u00e7\u00f5es de 2022 na chapa majorit\u00e1ria, a sigla continua forte no Brasil e no Piau\u00ed.<\/p>\n\n\n\n<figure class=\"wp-block-image size-full\"><img decoding=\"async\" width=\"800\" height=\"534\" src=\"https:\/\/noticiaempauta.com\/portal\/wp-content\/uploads\/2024\/08\/DivIlwPG2P1uS4huWihrXQ2bXUmEL8HcrIDA5ZI0.webp\" alt=\"\" class=\"wp-image-261417\" srcset=\"https:\/\/noticiaempauta.com\/portal\/wp-content\/uploads\/2024\/08\/DivIlwPG2P1uS4huWihrXQ2bXUmEL8HcrIDA5ZI0.webp 800w, https:\/\/noticiaempauta.com\/portal\/wp-content\/uploads\/2024\/08\/DivIlwPG2P1uS4huWihrXQ2bXUmEL8HcrIDA5ZI0-300x200.webp 300w, https:\/\/noticiaempauta.com\/portal\/wp-content\/uploads\/2024\/08\/DivIlwPG2P1uS4huWihrXQ2bXUmEL8HcrIDA5ZI0-768x513.webp 768w\" sizes=\"(max-width: 800px) 100vw, 800px\" \/><figcaption class=\"wp-element-caption\">(Foto: Reprodu\u00e7\u00e3o\/Assis Fernandes\/ O DIA)<\/figcaption><\/figure>\n\n\n\n<p>\u201cN\u00f3s temos dezenas de candidatos a prefeito, dezenas de vice-prefeito e outras centenas de candidatos a vereador. Eu acredito que ele vai ser o partido forte e importante no processo sucess\u00f3rio de 2026\u201d, ressaltou.<\/p>\n\n\n\n<p>Para o deputado Wilson Brand\u00e3o, ainda \u00e9 muito cedo para falar de esvaziamento da oposi\u00e7\u00e3o do Governo do Estado e que acredita que apenas no ano eleitoral de 2026 que os grupos ser\u00e3o definidos.<\/p>\n\n\n\n<p>\u201cEu vejo que \u00e9 tudo muito precoce, quando se fala em uma oposi\u00e7\u00e3o pequena, sendo que n\u00f3s estamos ainda a dois anos e meio de uma elei\u00e7\u00e3o para Governo do Estado, presidente da rep\u00fablica e para senador. Acredito que somente no ano eleitoral \u00e9 que os grupos se definem. Ningu\u00e9m sabe at\u00e9 onde o grupo do governo estar\u00e1 compacto para as elei\u00e7\u00f5es 2026. Cabe a n\u00f3s fazer o nosso trabalho de oposi\u00e7\u00e3o, para que a gente possa contribuir para os projetos do Governo\u201d, analisou.<\/p>\n\n\n\n<p><strong>Desist\u00eancia da reelei\u00e7\u00e3o<\/strong><\/p>\n\n\n\n<p>Diante das incertezas, a \u00fanica certeza \u00e9 que o deputado estadual Wilson Brand\u00e3o (PP) n\u00e3o ir\u00e1 buscar a reelei\u00e7\u00e3o nas elei\u00e7\u00f5es de 2026. Para ele, sua miss\u00e3o como parlamentar j\u00e1 foi cumprida ao longo dos seus 36 anos como parlamentar, em nove mandatos.<\/p>\n\n\n\n<p>\u201cEu j\u00e1 comuniquei publicamente que essa foi minha \u00faltima elei\u00e7\u00e3o de 2022 e que em 2026 n\u00e3o serei mais candidato. Acho que cumpri a minha miss\u00e3o, s\u00e3o 9 mandatos, efetivamente trabalhados na Assembleia, nas comiss\u00f5es, em plen\u00e1rios, nas audi\u00eancias p\u00fablicas, nos munic\u00edpios pelos quais eu represento e que fui votado. Eu me considero um pol\u00edtico vitorioso por tudo que eu fiz\u201d, finalizou.<\/p>\n\n\n\n<p><em><strong>Fonte: Portal O Dia<\/strong><\/em><\/p>\n","protected":false},"excerpt":{"rendered":"<p>Nestas elei\u00e7\u00f5es municipais, o PP conseguiu registrar apenas 53 candidatos a prefeito, sendo que nas elei\u00e7\u00f5es de 2020, registrou 129 candidatos.<\/p>\n","protected":false},"author":2,"featured_media":261418,"comment_status":"open","ping_status":"open","sticky":false,"template":"","format":"standard","meta":{"_mi_skip_tracking":false,"footnotes":""},"categories":[25,1,3,16],"tags":[],"class_list":["post-261416","post","type-post","status-publish","format-standard","has-post-thumbnail","hentry","category-destaques-site","category-geral","category-politica","category-todas"],"acf":[],"yoast_head":"<!-- This site is optimized with the Yoast SEO Premium plugin v19.2 (Yoast SEO v26.9) - https:\/\/yoast.com\/product\/yoast-seo-premium-wordpress\/ -->\n<title>Elei\u00e7\u00f5es 2024: Progressistas diminui pela metade candidatos a prefeito Piau\u00ed - Portal Not\u00edcia em Pauta<\/title>\n<meta name=\"robots\" content=\"index, follow, max-snippet:-1, max-image-preview:large, max-video-preview:-1\" \/>\n<link rel=\"canonical\" href=\"https:\/\/noticiaempauta.com\/portal\/eleicoes-2024-progressistas-diminui-pela-metade-candidatos-a-prefeito-piaui\/\" \/>\n<meta property=\"og:locale\" content=\"pt_BR\" \/>\n<meta property=\"og:type\" content=\"article\" \/>\n<meta property=\"og:title\" content=\"Elei\u00e7\u00f5es 2024: Progressistas diminui pela metade candidatos a prefeito Piau\u00ed\" \/>\n<meta property=\"og:description\" content=\"Nestas elei\u00e7\u00f5es municipais, o PP conseguiu registrar apenas 53 candidatos a prefeito, sendo que nas elei\u00e7\u00f5es de 2020, registrou 129 candidatos.\" \/>\n<meta property=\"og:url\" content=\"https:\/\/noticiaempauta.com\/portal\/eleicoes-2024-progressistas-diminui-pela-metade-candidatos-a-prefeito-piaui\/\" \/>\n<meta property=\"og:site_name\" content=\"Portal Not\u00edcia em Pauta\" \/>\n<meta property=\"article:publisher\" content=\"https:\/\/www.facebook.com\/Portal-Notcia-Em-Pauta-102292869264820\/\" \/>\n<meta property=\"article:published_time\" content=\"2024-08-22T12:49:43+00:00\" \/>\n<meta property=\"article:modified_time\" content=\"2024-08-22T12:51:14+00:00\" \/>\n<meta property=\"og:image\" content=\"https:\/\/noticiaempauta.com\/portal\/wp-content\/uploads\/2024\/08\/WhatsApp-Image-2024-08-22-at-09.45.54.jpeg\" \/>\n\t<meta property=\"og:image:width\" content=\"660\" \/>\n\t<meta property=\"og:image:height\" content=\"372\" \/>\n\t<meta property=\"og:image:type\" content=\"image\/jpeg\" \/>\n<meta name=\"author\" content=\"Reda\u00e7\u00e3o\" \/>\n<meta name=\"twitter:card\" content=\"summary_large_image\" \/>\n<meta name=\"twitter:label1\" content=\"Escrito por\" \/>\n\t<meta name=\"twitter:data1\" content=\"Reda\u00e7\u00e3o\" \/>\n\t<meta name=\"twitter:label2\" content=\"Est. tempo de leitura\" \/>\n\t<meta name=\"twitter:data2\" content=\"3 minutos\" \/>\n<script type=\"application\/ld+json\" class=\"yoast-schema-graph\">{\"@context\":\"https:\/\/schema.org\",\"@graph\":[{\"@type\":\"Article\",\"@id\":\"https:\/\/noticiaempauta.com\/portal\/eleicoes-2024-progressistas-diminui-pela-metade-candidatos-a-prefeito-piaui\/#article\",\"isPartOf\":{\"@id\":\"https:\/\/noticiaempauta.com\/portal\/eleicoes-2024-progressistas-diminui-pela-metade-candidatos-a-prefeito-piaui\/\"},\"author\":{\"name\":\"Reda\u00e7\u00e3o\",\"@id\":\"https:\/\/noticiaempauta.com\/portal\/#\/schema\/person\/a74af43dd1ab3deca45f988c717d57ac\"},\"headline\":\"Elei\u00e7\u00f5es 2024: Progressistas diminui pela metade candidatos a prefeito Piau\u00ed\",\"datePublished\":\"2024-08-22T12:49:43+00:00\",\"dateModified\":\"2024-08-22T12:51:14+00:00\",\"mainEntityOfPage\":{\"@id\":\"https:\/\/noticiaempauta.com\/portal\/eleicoes-2024-progressistas-diminui-pela-metade-candidatos-a-prefeito-piaui\/\"},\"wordCount\":447,\"commentCount\":0,\"publisher\":{\"@id\":\"https:\/\/noticiaempauta.com\/portal\/#organization\"},\"image\":{\"@id\":\"https:\/\/noticiaempauta.com\/portal\/eleicoes-2024-progressistas-diminui-pela-metade-candidatos-a-prefeito-piaui\/#primaryimage\"},\"thumbnailUrl\":\"https:\/\/noticiaempauta.com\/portal\/wp-content\/uploads\/2024\/08\/WhatsApp-Image-2024-08-22-at-09.45.54.jpeg\",\"articleSection\":[\"Destaques\",\"Geral\",\"Pol\u00edtica\",\"Todas as Not\u00edcias\"],\"inLanguage\":\"pt-BR\",\"potentialAction\":[{\"@type\":\"CommentAction\",\"name\":\"Comment\",\"target\":[\"https:\/\/noticiaempauta.com\/portal\/eleicoes-2024-progressistas-diminui-pela-metade-candidatos-a-prefeito-piaui\/#respond\"]}]},{\"@type\":\"WebPage\",\"@id\":\"https:\/\/noticiaempauta.com\/portal\/eleicoes-2024-progressistas-diminui-pela-metade-candidatos-a-prefeito-piaui\/\",\"url\":\"https:\/\/noticiaempauta.com\/portal\/eleicoes-2024-progressistas-diminui-pela-metade-candidatos-a-prefeito-piaui\/\",\"name\":\"Elei\u00e7\u00f5es 2024: Progressistas diminui pela metade candidatos a prefeito Piau\u00ed - Portal Not\u00edcia em Pauta\",\"isPartOf\":{\"@id\":\"https:\/\/noticiaempauta.com\/portal\/#website\"},\"primaryImageOfPage\":{\"@id\":\"https:\/\/noticiaempauta.com\/portal\/eleicoes-2024-progressistas-diminui-pela-metade-candidatos-a-prefeito-piaui\/#primaryimage\"},\"image\":{\"@id\":\"https:\/\/noticiaempauta.com\/portal\/eleicoes-2024-progressistas-diminui-pela-metade-candidatos-a-prefeito-piaui\/#primaryimage\"},\"thumbnailUrl\":\"https:\/\/noticiaempauta.com\/portal\/wp-content\/uploads\/2024\/08\/WhatsApp-Image-2024-08-22-at-09.45.54.jpeg\",\"datePublished\":\"2024-08-22T12:49:43+00:00\",\"dateModified\":\"2024-08-22T12:51:14+00:00\",\"breadcrumb\":{\"@id\":\"https:\/\/noticiaempauta.com\/portal\/eleicoes-2024-progressistas-diminui-pela-metade-candidatos-a-prefeito-piaui\/#breadcrumb\"},\"inLanguage\":\"pt-BR\",\"potentialAction\":[{\"@type\":\"ReadAction\",\"target\":[\"https:\/\/noticiaempauta.com\/portal\/eleicoes-2024-progressistas-diminui-pela-metade-candidatos-a-prefeito-piaui\/\"]}]},{\"@type\":\"ImageObject\",\"inLanguage\":\"pt-BR\",\"@id\":\"https:\/\/noticiaempauta.com\/portal\/eleicoes-2024-progressistas-diminui-pela-metade-candidatos-a-prefeito-piaui\/#primaryimage\",\"url\":\"https:\/\/noticiaempauta.com\/portal\/wp-content\/uploads\/2024\/08\/WhatsApp-Image-2024-08-22-at-09.45.54.jpeg\",\"contentUrl\":\"https:\/\/noticiaempauta.com\/portal\/wp-content\/uploads\/2024\/08\/WhatsApp-Image-2024-08-22-at-09.45.54.jpeg\",\"width\":660,\"height\":372,\"caption\":\"(Foto: Reprodu\u00e7\u00e3o)\"},{\"@type\":\"BreadcrumbList\",\"@id\":\"https:\/\/noticiaempauta.com\/portal\/eleicoes-2024-progressistas-diminui-pela-metade-candidatos-a-prefeito-piaui\/#breadcrumb\",\"itemListElement\":[{\"@type\":\"ListItem\",\"position\":1,\"name\":\"P\u00e1gina Inicial\",\"item\":\"https:\/\/noticiaempauta.com\/portal\/\"},{\"@type\":\"ListItem\",\"position\":2,\"name\":\"Destaques\",\"item\":\"https:\/\/noticiaempauta.com\/portal\/destaques-site\/\"},{\"@type\":\"ListItem\",\"position\":3,\"name\":\"Elei\u00e7\u00f5es 2024: Progressistas diminui pela metade candidatos a prefeito Piau\u00ed\"}]},{\"@type\":\"WebSite\",\"@id\":\"https:\/\/noticiaempauta.com\/portal\/#website\",\"url\":\"https:\/\/noticiaempauta.com\/portal\/\",\"name\":\"Portal Not\u00edcia em Pauta\",\"description\":\"Voc\u00ea bem informado\",\"publisher\":{\"@id\":\"https:\/\/noticiaempauta.com\/portal\/#organization\"},\"potentialAction\":[{\"@type\":\"SearchAction\",\"target\":{\"@type\":\"EntryPoint\",\"urlTemplate\":\"https:\/\/noticiaempauta.com\/portal\/?s={search_term_string}\"},\"query-input\":{\"@type\":\"PropertyValueSpecification\",\"valueRequired\":true,\"valueName\":\"search_term_string\"}}],\"inLanguage\":\"pt-BR\"},{\"@type\":\"Organization\",\"@id\":\"https:\/\/noticiaempauta.com\/portal\/#organization\",\"name\":\"Portal Not\u00edcia em Pauta\",\"url\":\"https:\/\/noticiaempauta.com\/portal\/\",\"logo\":{\"@type\":\"ImageObject\",\"inLanguage\":\"pt-BR\",\"@id\":\"https:\/\/noticiaempauta.com\/portal\/#\/schema\/logo\/image\/\",\"url\":\"https:\/\/noticiaempauta.com\/portal\/wp-content\/uploads\/2022\/08\/logomarca_tema.fw_.png\",\"contentUrl\":\"https:\/\/noticiaempauta.com\/portal\/wp-content\/uploads\/2022\/08\/logomarca_tema.fw_.png\",\"width\":400,\"height\":232,\"caption\":\"Portal Not\u00edcia em Pauta\"},\"image\":{\"@id\":\"https:\/\/noticiaempauta.com\/portal\/#\/schema\/logo\/image\/\"},\"sameAs\":[\"https:\/\/www.facebook.com\/Portal-Notcia-Em-Pauta-102292869264820\/\",\"https:\/\/www.instagram.com\/portalnoticiaempauta\/\"]},{\"@type\":\"Person\",\"@id\":\"https:\/\/noticiaempauta.com\/portal\/#\/schema\/person\/a74af43dd1ab3deca45f988c717d57ac\",\"name\":\"Reda\u00e7\u00e3o\",\"image\":{\"@type\":\"ImageObject\",\"inLanguage\":\"pt-BR\",\"@id\":\"https:\/\/noticiaempauta.com\/portal\/#\/schema\/person\/image\/\",\"url\":\"https:\/\/secure.gravatar.com\/avatar\/03179346ecce6cdfc13361603e8f54242a90e5cde8618fa23c5c00aa2b0aadf3?s=96&d=mm&r=g\",\"contentUrl\":\"https:\/\/secure.gravatar.com\/avatar\/03179346ecce6cdfc13361603e8f54242a90e5cde8618fa23c5c00aa2b0aadf3?s=96&d=mm&r=g\",\"caption\":\"Reda\u00e7\u00e3o\"},\"sameAs\":[\"https:\/\/noticiaempauta.com\/portal\/\"],\"url\":\"https:\/\/noticiaempauta.com\/portal\/author\/fernando\/\"}]}<\/script>\n<!-- \/ Yoast SEO Premium plugin. -->","yoast_head_json":{"title":"Elei\u00e7\u00f5es 2024: Progressistas diminui pela metade candidatos a prefeito Piau\u00ed - Portal Not\u00edcia em Pauta","robots":{"index":"index","follow":"follow","max-snippet":"max-snippet:-1","max-image-preview":"max-image-preview:large","max-video-preview":"max-video-preview:-1"},"canonical":"https:\/\/noticiaempauta.com\/portal\/eleicoes-2024-progressistas-diminui-pela-metade-candidatos-a-prefeito-piaui\/","og_locale":"pt_BR","og_type":"article","og_title":"Elei\u00e7\u00f5es 2024: Progressistas diminui pela metade candidatos a prefeito Piau\u00ed","og_description":"Nestas elei\u00e7\u00f5es municipais, o PP conseguiu registrar apenas 53 candidatos a prefeito, sendo que nas elei\u00e7\u00f5es de 2020, registrou 129 candidatos.","og_url":"https:\/\/noticiaempauta.com\/portal\/eleicoes-2024-progressistas-diminui-pela-metade-candidatos-a-prefeito-piaui\/","og_site_name":"Portal Not\u00edcia em Pauta","article_publisher":"https:\/\/www.facebook.com\/Portal-Notcia-Em-Pauta-102292869264820\/","article_published_time":"2024-08-22T12:49:43+00:00","article_modified_time":"2024-08-22T12:51:14+00:00","og_image":[{"width":660,"height":372,"url":"https:\/\/noticiaempauta.com\/portal\/wp-content\/uploads\/2024\/08\/WhatsApp-Image-2024-08-22-at-09.45.54.jpeg","type":"image\/jpeg"}],"author":"Reda\u00e7\u00e3o","twitter_card":"summary_large_image","twitter_misc":{"Escrito por":"Reda\u00e7\u00e3o","Est. tempo de leitura":"3 minutos"},"schema":{"@context":"https:\/\/schema.org","@graph":[{"@type":"Article","@id":"https:\/\/noticiaempauta.com\/portal\/eleicoes-2024-progressistas-diminui-pela-metade-candidatos-a-prefeito-piaui\/#article","isPartOf":{"@id":"https:\/\/noticiaempauta.com\/portal\/eleicoes-2024-progressistas-diminui-pela-metade-candidatos-a-prefeito-piaui\/"},"author":{"name":"Reda\u00e7\u00e3o","@id":"https:\/\/noticiaempauta.com\/portal\/#\/schema\/person\/a74af43dd1ab3deca45f988c717d57ac"},"headline":"Elei\u00e7\u00f5es 2024: Progressistas diminui pela metade candidatos a prefeito Piau\u00ed","datePublished":"2024-08-22T12:49:43+00:00","dateModified":"2024-08-22T12:51:14+00:00","mainEntityOfPage":{"@id":"https:\/\/noticiaempauta.com\/portal\/eleicoes-2024-progressistas-diminui-pela-metade-candidatos-a-prefeito-piaui\/"},"wordCount":447,"commentCount":0,"publisher":{"@id":"https:\/\/noticiaempauta.com\/portal\/#organization"},"image":{"@id":"https:\/\/noticiaempauta.com\/portal\/eleicoes-2024-progressistas-diminui-pela-metade-candidatos-a-prefeito-piaui\/#primaryimage"},"thumbnailUrl":"https:\/\/noticiaempauta.com\/portal\/wp-content\/uploads\/2024\/08\/WhatsApp-Image-2024-08-22-at-09.45.54.jpeg","articleSection":["Destaques","Geral","Pol\u00edtica","Todas as Not\u00edcias"],"inLanguage":"pt-BR","potentialAction":[{"@type":"CommentAction","name":"Comment","target":["https:\/\/noticiaempauta.com\/portal\/eleicoes-2024-progressistas-diminui-pela-metade-candidatos-a-prefeito-piaui\/#respond"]}]},{"@type":"WebPage","@id":"https:\/\/noticiaempauta.com\/portal\/eleicoes-2024-progressistas-diminui-pela-metade-candidatos-a-prefeito-piaui\/","url":"https:\/\/noticiaempauta.com\/portal\/eleicoes-2024-progressistas-diminui-pela-metade-candidatos-a-prefeito-piaui\/","name":"Elei\u00e7\u00f5es 2024: Progressistas diminui pela metade candidatos a prefeito Piau\u00ed - Portal Not\u00edcia em Pauta","isPartOf":{"@id":"https:\/\/noticiaempauta.com\/portal\/#website"},"primaryImageOfPage":{"@id":"https:\/\/noticiaempauta.com\/portal\/eleicoes-2024-progressistas-diminui-pela-metade-candidatos-a-prefeito-piaui\/#primaryimage"},"image":{"@id":"https:\/\/noticiaempauta.com\/portal\/eleicoes-2024-progressistas-diminui-pela-metade-candidatos-a-prefeito-piaui\/#primaryimage"},"thumbnailUrl":"https:\/\/noticiaempauta.com\/portal\/wp-content\/uploads\/2024\/08\/WhatsApp-Image-2024-08-22-at-09.45.54.jpeg","datePublished":"2024-08-22T12:49:43+00:00","dateModified":"2024-08-22T12:51:14+00:00","breadcrumb":{"@id":"https:\/\/noticiaempauta.com\/portal\/eleicoes-2024-progressistas-diminui-pela-metade-candidatos-a-prefeito-piaui\/#breadcrumb"},"inLanguage":"pt-BR","potentialAction":[{"@type":"ReadAction","target":["https:\/\/noticiaempauta.com\/portal\/eleicoes-2024-progressistas-diminui-pela-metade-candidatos-a-prefeito-piaui\/"]}]},{"@type":"ImageObject","inLanguage":"pt-BR","@id":"https:\/\/noticiaempauta.com\/portal\/eleicoes-2024-progressistas-diminui-pela-metade-candidatos-a-prefeito-piaui\/#primaryimage","url":"https:\/\/noticiaempauta.com\/portal\/wp-content\/uploads\/2024\/08\/WhatsApp-Image-2024-08-22-at-09.45.54.jpeg","contentUrl":"https:\/\/noticiaempauta.com\/portal\/wp-content\/uploads\/2024\/08\/WhatsApp-Image-2024-08-22-at-09.45.54.jpeg","width":660,"height":372,"caption":"(Foto: Reprodu\u00e7\u00e3o)"},{"@type":"BreadcrumbList","@id":"https:\/\/noticiaempauta.com\/portal\/eleicoes-2024-progressistas-diminui-pela-metade-candidatos-a-prefeito-piaui\/#breadcrumb","itemListElement":[{"@type":"ListItem","position":1,"name":"P\u00e1gina Inicial","item":"https:\/\/noticiaempauta.com\/portal\/"},{"@type":"ListItem","position":2,"name":"Destaques","item":"https:\/\/noticiaempauta.com\/portal\/destaques-site\/"},{"@type":"ListItem","position":3,"name":"Elei\u00e7\u00f5es 2024: Progressistas diminui pela metade candidatos a prefeito Piau\u00ed"}]},{"@type":"WebSite","@id":"https:\/\/noticiaempauta.com\/portal\/#website","url":"https:\/\/noticiaempauta.com\/portal\/","name":"Portal Not\u00edcia em Pauta","description":"Voc\u00ea bem informado","publisher":{"@id":"https:\/\/noticiaempauta.com\/portal\/#organization"},"potentialAction":[{"@type":"SearchAction","target":{"@type":"EntryPoint","urlTemplate":"https:\/\/noticiaempauta.com\/portal\/?s={search_term_string}"},"query-input":{"@type":"PropertyValueSpecification","valueRequired":true,"valueName":"search_term_string"}}],"inLanguage":"pt-BR"},{"@type":"Organization","@id":"https:\/\/noticiaempauta.com\/portal\/#organization","name":"Portal Not\u00edcia em Pauta","url":"https:\/\/noticiaempauta.com\/portal\/","logo":{"@type":"ImageObject","inLanguage":"pt-BR","@id":"https:\/\/noticiaempauta.com\/portal\/#\/schema\/logo\/image\/","url":"https:\/\/noticiaempauta.com\/portal\/wp-content\/uploads\/2022\/08\/logomarca_tema.fw_.png","contentUrl":"https:\/\/noticiaempauta.com\/portal\/wp-content\/uploads\/2022\/08\/logomarca_tema.fw_.png","width":400,"height":232,"caption":"Portal Not\u00edcia em Pauta"},"image":{"@id":"https:\/\/noticiaempauta.com\/portal\/#\/schema\/logo\/image\/"},"sameAs":["https:\/\/www.facebook.com\/Portal-Notcia-Em-Pauta-102292869264820\/","https:\/\/www.instagram.com\/portalnoticiaempauta\/"]},{"@type":"Person","@id":"https:\/\/noticiaempauta.com\/portal\/#\/schema\/person\/a74af43dd1ab3deca45f988c717d57ac","name":"Reda\u00e7\u00e3o","image":{"@type":"ImageObject","inLanguage":"pt-BR","@id":"https:\/\/noticiaempauta.com\/portal\/#\/schema\/person\/image\/","url":"https:\/\/secure.gravatar.com\/avatar\/03179346ecce6cdfc13361603e8f54242a90e5cde8618fa23c5c00aa2b0aadf3?s=96&d=mm&r=g","contentUrl":"https:\/\/secure.gravatar.com\/avatar\/03179346ecce6cdfc13361603e8f54242a90e5cde8618fa23c5c00aa2b0aadf3?s=96&d=mm&r=g","caption":"Reda\u00e7\u00e3o"},"sameAs":["https:\/\/noticiaempauta.com\/portal\/"],"url":"https:\/\/noticiaempauta.com\/portal\/author\/fernando\/"}]}},"_links":{"self":[{"href":"https:\/\/noticiaempauta.com\/portal\/wp-json\/wp\/v2\/posts\/261416","targetHints":{"allow":["GET"]}}],"collection":[{"href":"https:\/\/noticiaempauta.com\/portal\/wp-json\/wp\/v2\/posts"}],"about":[{"href":"https:\/\/noticiaempauta.com\/portal\/wp-json\/wp\/v2\/types\/post"}],"author":[{"embeddable":true,"href":"https:\/\/noticiaempauta.com\/portal\/wp-json\/wp\/v2\/users\/2"}],"replies":[{"embeddable":true,"href":"https:\/\/noticiaempauta.com\/portal\/wp-json\/wp\/v2\/comments?post=261416"}],"version-history":[{"count":2,"href":"https:\/\/noticiaempauta.com\/portal\/wp-json\/wp\/v2\/posts\/261416\/revisions"}],"predecessor-version":[{"id":261420,"href":"https:\/\/noticiaempauta.com\/portal\/wp-json\/wp\/v2\/posts\/261416\/revisions\/261420"}],"wp:featuredmedia":[{"embeddable":true,"href":"https:\/\/noticiaempauta.com\/portal\/wp-json\/wp\/v2\/media\/261418"}],"wp:attachment":[{"href":"https:\/\/noticiaempauta.com\/portal\/wp-json\/wp\/v2\/media?parent=261416"}],"wp:term":[{"taxonomy":"category","embeddable":true,"href":"https:\/\/noticiaempauta.com\/portal\/wp-json\/wp\/v2\/categories?post=261416"},{"taxonomy":"post_tag","embeddable":true,"href":"https:\/\/noticiaempauta.com\/portal\/wp-json\/wp\/v2\/tags?post=261416"}],"curies":[{"name":"wp","href":"https:\/\/api.w.org\/{rel}","templated":true}]}}