{"id":261432,"date":"2024-08-23T09:02:50","date_gmt":"2024-08-23T12:02:50","guid":{"rendered":"https:\/\/noticiaempauta.com\/portal\/?p=261432"},"modified":"2024-08-23T09:16:02","modified_gmt":"2024-08-23T12:16:02","slug":"fies-abre-inscricoes-um-mes-apos-o-inicio-das-aulas-veja-datas-e-perfil","status":"publish","type":"post","link":"https:\/\/noticiaempauta.com\/portal\/fies-abre-inscricoes-um-mes-apos-o-inicio-das-aulas-veja-datas-e-perfil\/","title":{"rendered":"Fies abre inscri\u00e7\u00f5es um m\u00eas ap\u00f3s o in\u00edcio das aulas; veja datas e perfil"},"content":{"rendered":"\n<p>As\u00a0inscri\u00e7\u00f5es para o Fundo de Financiamento Estudantil (Fies)\u00a0do\u00a02\u00ba semestre\u00a0come\u00e7aram nesta quinta-feira (22) e v\u00e3o at\u00e9 27 de agosto,\u00a0no site oficial. O Fies oferece financiamento para estudantes de faculdades privadas, que\u00a0dever\u00e3o pagar as parcelas financiadas ap\u00f3s a formatura.<\/p>\n\n\n\n<p>Como os\u00a0resultados s\u00f3 ser\u00e3o divulgados em 9 de setembro, os aprovados ter\u00e3o perdido mais de um m\u00eas de aula, j\u00e1 que a maioria das institui\u00e7\u00f5es privadas retomou as aulas no in\u00edcio de agosto.\u00a0<\/p>\n\n\n\n<p>Esse\u00a0atraso na divulga\u00e7\u00e3o dos resultados \u00e9 uma queixa comum\u00a0entre os candidatos, que se sentem prejudicados pelo cronograma do programa. Nesta edi\u00e7\u00e3o, pela 1\u00aa vez, haver\u00e1\u00a0reserva de vagas a candidatos com defici\u00eancia e\/ou autodeclarados pretos, pardos, ind\u00edgenas e quilombolas.\u00a0<\/p>\n\n\n\n<h2 class=\"wp-block-heading\">TIRE SUAS D\u00daVIDAS<\/h2>\n\n\n\n<p>Qual \u00e9 o per\u00edodo de inscri\u00e7\u00e3o?\u00a0De 22 a 27 de agosto, como afirmado no in\u00edcio da reportagem.<\/p>\n\n\n\n<p><strong>Quem pode se inscrever no Fies?<\/strong>&nbsp;\u00c9 preciso ter:<\/p>\n\n\n\n<ul class=\"wp-block-list\">\n<li>renda familiar mensal bruta per capita de at\u00e9 3 sal\u00e1rios m\u00ednimos (R$ 4.236);<\/li>\n\n\n\n<li>participado do Exame Nacional do Ensino M\u00e9dio (Enem) a partir de 2010, com m\u00e9dia aritm\u00e9tica das provas igual ou superior a 450. A reda\u00e7\u00e3o n\u00e3o pode ter recebido nota zero.<\/li>\n<\/ul>\n\n\n\n<h2 class=\"wp-block-heading\">QUEM PODE PARTICIPAR DO FIES SOCIAL?<\/h2>\n\n\n\n<p>Metade das vagas do Fies ser\u00e1 destinada ao Fies Social, para candidatos com renda familiar per capita de at\u00e9 meio sal\u00e1rio m\u00ednimo e inscritos no Cad\u00danico. Nessa modalidade, \u00e9 poss\u00edvel financiar 100% da mensalidade, dentro dos limites de R$ 42,9 mil por semestre (ou R$ 60 mil para medicina).\u00a0<\/p>\n\n\n\n<p>No Fies comum, o financiamento depender\u00e1 da renda, cobrindo, por exemplo, 70% da mensalidade,\u00a0com o restante pago mensalmente pelo aluno. Cotas para pessoas com defici\u00eancia, pretos, pardos, ind\u00edgenas e quilombolas ser\u00e3o aplicadas em ambas as modalidades.<\/p>\n\n\n\n<h2 class=\"wp-block-heading\">COMO FAZER A INSCRI\u00c7\u00c3O?<\/h2>\n\n\n\n<p>Para se inscrever no Fies, acesse&nbsp;<a href=\"https:\/\/acessounico.mec.gov.br\/fies\"><strong>https:\/\/acessounico.mec.gov.br\/fies<\/strong><\/a>, fa\u00e7a login com os dados da conta &#8220;gov.br&#8221;, informe seu perfil socioecon\u00f4mico e selecione at\u00e9&nbsp;<strong>tr\u00eas op\u00e7\u00f5es de curso, turno e institui\u00e7\u00e3o<\/strong>, em ordem de prioridade.&nbsp;<\/p>\n\n\n\n<p>As escolhas podem ser editadas durante o per\u00edodo de inscri\u00e7\u00e3o, sendo consideradas as op\u00e7\u00f5es selecionadas at\u00e9 as 23h59 de 27 de agosto. Tamb\u00e9m \u00e9 necess\u00e1rio informar os dados de todos os membros do grupo familiar, incluindo CPF, data de nascimento e renda mensal, se houver.<\/p>\n\n\n\n<h2 class=\"wp-block-heading\">COMO \u00c9 FEITA A SELE\u00c7\u00c3O?<\/h2>\n\n\n\n<p>Os&nbsp;<strong>candidatos ser\u00e3o selecionados com base na m\u00e9dia obtida no Enem<\/strong>, considerando o melhor desempenho desde 2010, para aqueles que participaram de mais de uma edi\u00e7\u00e3o. A prioridade seguir\u00e1 a seguinte ordem:&nbsp;<\/p>\n\n\n\n<ol class=\"wp-block-list\">\n<li>candidatos que n\u00e3o tenham conclu\u00eddo o ensino superior e n\u00e3o tenham sido beneficiados pelo financiamento estudantil;<\/li>\n\n\n\n<li>candidatos que n\u00e3o tenham conclu\u00eddo o ensino superior e tenham sido beneficiados pelo financiamento estudantil e o tenham quitado;<\/li>\n\n\n\n<li>candidatos que j\u00e1 tenham conclu\u00eddo o ensino superior e n\u00e3o tenham sido beneficiados pelo financiamento estudantil; e<\/li>\n\n\n\n<li>candidatos que j\u00e1 tenham conclu\u00eddo o ensino superior, tenham sido beneficiados pelo financiamento estudantil e o tenham quitado.<\/li>\n<\/ol>\n\n\n\n<p><strong><em>Fonte: Meio News<\/em><\/strong><\/p>\n","protected":false},"excerpt":{"rendered":"<p>A partir da nota do Enem, programa seleciona alunos e concede um empr\u00e9stimo para cobrir uma parcela de cada mensalidade em cursos superiores privados.<\/p>\n","protected":false},"author":2,"featured_media":261433,"comment_status":"open","ping_status":"open","sticky":false,"template":"","format":"standard","meta":{"_mi_skip_tracking":false,"footnotes":""},"categories":[25,1,16],"tags":[192],"class_list":["post-261432","post","type-post","status-publish","format-standard","has-post-thumbnail","hentry","category-destaques-site","category-geral","category-todas","tag-destaqueprincipal"],"acf":[],"yoast_head":"<!-- This site is optimized with the Yoast SEO Premium plugin v19.2 (Yoast SEO v26.9) - https:\/\/yoast.com\/product\/yoast-seo-premium-wordpress\/ -->\n<title>Fies abre inscri\u00e7\u00f5es um m\u00eas ap\u00f3s o in\u00edcio das aulas; veja datas e perfil - Portal Not\u00edcia em Pauta<\/title>\n<meta name=\"robots\" content=\"index, follow, max-snippet:-1, max-image-preview:large, max-video-preview:-1\" \/>\n<link rel=\"canonical\" href=\"https:\/\/noticiaempauta.com\/portal\/fies-abre-inscricoes-um-mes-apos-o-inicio-das-aulas-veja-datas-e-perfil\/\" \/>\n<meta property=\"og:locale\" content=\"pt_BR\" \/>\n<meta property=\"og:type\" content=\"article\" \/>\n<meta property=\"og:title\" content=\"Fies abre inscri\u00e7\u00f5es um m\u00eas ap\u00f3s o in\u00edcio das aulas; veja datas e perfil\" \/>\n<meta property=\"og:description\" content=\"A partir da nota do Enem, programa seleciona alunos e concede um empr\u00e9stimo para cobrir uma parcela de cada mensalidade em cursos superiores privados.\" \/>\n<meta property=\"og:url\" content=\"https:\/\/noticiaempauta.com\/portal\/fies-abre-inscricoes-um-mes-apos-o-inicio-das-aulas-veja-datas-e-perfil\/\" \/>\n<meta property=\"og:site_name\" content=\"Portal Not\u00edcia em Pauta\" \/>\n<meta property=\"article:publisher\" content=\"https:\/\/www.facebook.com\/Portal-Notcia-Em-Pauta-102292869264820\/\" \/>\n<meta property=\"article:published_time\" content=\"2024-08-23T12:02:50+00:00\" \/>\n<meta property=\"article:modified_time\" content=\"2024-08-23T12:16:02+00:00\" \/>\n<meta property=\"og:image\" content=\"https:\/\/noticiaempauta.com\/portal\/wp-content\/uploads\/2024\/08\/fies-abre-inscricoes-um-mes-apos-o-inicio-das-aulas-veja-datas-e-perfil-15396c47-4bdf-4177-8b33-cce4e26be1e9.jpg.webp\" \/>\n\t<meta property=\"og:image:width\" content=\"1170\" \/>\n\t<meta property=\"og:image:height\" content=\"700\" \/>\n\t<meta property=\"og:image:type\" content=\"image\/webp\" \/>\n<meta name=\"author\" content=\"Reda\u00e7\u00e3o\" \/>\n<meta name=\"twitter:card\" content=\"summary_large_image\" \/>\n<meta name=\"twitter:label1\" content=\"Escrito por\" \/>\n\t<meta name=\"twitter:data1\" content=\"Reda\u00e7\u00e3o\" \/>\n\t<meta name=\"twitter:label2\" content=\"Est. tempo de leitura\" \/>\n\t<meta name=\"twitter:data2\" content=\"3 minutos\" \/>\n<script type=\"application\/ld+json\" class=\"yoast-schema-graph\">{\"@context\":\"https:\/\/schema.org\",\"@graph\":[{\"@type\":\"Article\",\"@id\":\"https:\/\/noticiaempauta.com\/portal\/fies-abre-inscricoes-um-mes-apos-o-inicio-das-aulas-veja-datas-e-perfil\/#article\",\"isPartOf\":{\"@id\":\"https:\/\/noticiaempauta.com\/portal\/fies-abre-inscricoes-um-mes-apos-o-inicio-das-aulas-veja-datas-e-perfil\/\"},\"author\":{\"name\":\"Reda\u00e7\u00e3o\",\"@id\":\"https:\/\/noticiaempauta.com\/portal\/#\/schema\/person\/a74af43dd1ab3deca45f988c717d57ac\"},\"headline\":\"Fies abre inscri\u00e7\u00f5es um m\u00eas ap\u00f3s o in\u00edcio das aulas; veja datas e perfil\",\"datePublished\":\"2024-08-23T12:02:50+00:00\",\"dateModified\":\"2024-08-23T12:16:02+00:00\",\"mainEntityOfPage\":{\"@id\":\"https:\/\/noticiaempauta.com\/portal\/fies-abre-inscricoes-um-mes-apos-o-inicio-das-aulas-veja-datas-e-perfil\/\"},\"wordCount\":538,\"commentCount\":0,\"publisher\":{\"@id\":\"https:\/\/noticiaempauta.com\/portal\/#organization\"},\"image\":{\"@id\":\"https:\/\/noticiaempauta.com\/portal\/fies-abre-inscricoes-um-mes-apos-o-inicio-das-aulas-veja-datas-e-perfil\/#primaryimage\"},\"thumbnailUrl\":\"https:\/\/noticiaempauta.com\/portal\/wp-content\/uploads\/2024\/08\/fies-abre-inscricoes-um-mes-apos-o-inicio-das-aulas-veja-datas-e-perfil-15396c47-4bdf-4177-8b33-cce4e26be1e9.jpg.webp\",\"keywords\":[\"destaqueprincipal\"],\"articleSection\":[\"Destaques\",\"Geral\",\"Todas as Not\u00edcias\"],\"inLanguage\":\"pt-BR\",\"potentialAction\":[{\"@type\":\"CommentAction\",\"name\":\"Comment\",\"target\":[\"https:\/\/noticiaempauta.com\/portal\/fies-abre-inscricoes-um-mes-apos-o-inicio-das-aulas-veja-datas-e-perfil\/#respond\"]}]},{\"@type\":\"WebPage\",\"@id\":\"https:\/\/noticiaempauta.com\/portal\/fies-abre-inscricoes-um-mes-apos-o-inicio-das-aulas-veja-datas-e-perfil\/\",\"url\":\"https:\/\/noticiaempauta.com\/portal\/fies-abre-inscricoes-um-mes-apos-o-inicio-das-aulas-veja-datas-e-perfil\/\",\"name\":\"Fies abre inscri\u00e7\u00f5es um m\u00eas ap\u00f3s o in\u00edcio das aulas; veja datas e perfil - Portal Not\u00edcia em Pauta\",\"isPartOf\":{\"@id\":\"https:\/\/noticiaempauta.com\/portal\/#website\"},\"primaryImageOfPage\":{\"@id\":\"https:\/\/noticiaempauta.com\/portal\/fies-abre-inscricoes-um-mes-apos-o-inicio-das-aulas-veja-datas-e-perfil\/#primaryimage\"},\"image\":{\"@id\":\"https:\/\/noticiaempauta.com\/portal\/fies-abre-inscricoes-um-mes-apos-o-inicio-das-aulas-veja-datas-e-perfil\/#primaryimage\"},\"thumbnailUrl\":\"https:\/\/noticiaempauta.com\/portal\/wp-content\/uploads\/2024\/08\/fies-abre-inscricoes-um-mes-apos-o-inicio-das-aulas-veja-datas-e-perfil-15396c47-4bdf-4177-8b33-cce4e26be1e9.jpg.webp\",\"datePublished\":\"2024-08-23T12:02:50+00:00\",\"dateModified\":\"2024-08-23T12:16:02+00:00\",\"breadcrumb\":{\"@id\":\"https:\/\/noticiaempauta.com\/portal\/fies-abre-inscricoes-um-mes-apos-o-inicio-das-aulas-veja-datas-e-perfil\/#breadcrumb\"},\"inLanguage\":\"pt-BR\",\"potentialAction\":[{\"@type\":\"ReadAction\",\"target\":[\"https:\/\/noticiaempauta.com\/portal\/fies-abre-inscricoes-um-mes-apos-o-inicio-das-aulas-veja-datas-e-perfil\/\"]}]},{\"@type\":\"ImageObject\",\"inLanguage\":\"pt-BR\",\"@id\":\"https:\/\/noticiaempauta.com\/portal\/fies-abre-inscricoes-um-mes-apos-o-inicio-das-aulas-veja-datas-e-perfil\/#primaryimage\",\"url\":\"https:\/\/noticiaempauta.com\/portal\/wp-content\/uploads\/2024\/08\/fies-abre-inscricoes-um-mes-apos-o-inicio-das-aulas-veja-datas-e-perfil-15396c47-4bdf-4177-8b33-cce4e26be1e9.jpg.webp\",\"contentUrl\":\"https:\/\/noticiaempauta.com\/portal\/wp-content\/uploads\/2024\/08\/fies-abre-inscricoes-um-mes-apos-o-inicio-das-aulas-veja-datas-e-perfil-15396c47-4bdf-4177-8b33-cce4e26be1e9.jpg.webp\",\"width\":1170,\"height\":700,\"caption\":\"(Foto: Reprodu\u00e7\u00e3o)\"},{\"@type\":\"BreadcrumbList\",\"@id\":\"https:\/\/noticiaempauta.com\/portal\/fies-abre-inscricoes-um-mes-apos-o-inicio-das-aulas-veja-datas-e-perfil\/#breadcrumb\",\"itemListElement\":[{\"@type\":\"ListItem\",\"position\":1,\"name\":\"P\u00e1gina Inicial\",\"item\":\"https:\/\/noticiaempauta.com\/portal\/\"},{\"@type\":\"ListItem\",\"position\":2,\"name\":\"Geral\",\"item\":\"https:\/\/noticiaempauta.com\/portal\/geral\/\"},{\"@type\":\"ListItem\",\"position\":3,\"name\":\"Fies abre inscri\u00e7\u00f5es um m\u00eas ap\u00f3s o in\u00edcio das aulas; veja datas e perfil\"}]},{\"@type\":\"WebSite\",\"@id\":\"https:\/\/noticiaempauta.com\/portal\/#website\",\"url\":\"https:\/\/noticiaempauta.com\/portal\/\",\"name\":\"Portal Not\u00edcia em Pauta\",\"description\":\"Voc\u00ea bem informado\",\"publisher\":{\"@id\":\"https:\/\/noticiaempauta.com\/portal\/#organization\"},\"potentialAction\":[{\"@type\":\"SearchAction\",\"target\":{\"@type\":\"EntryPoint\",\"urlTemplate\":\"https:\/\/noticiaempauta.com\/portal\/?s={search_term_string}\"},\"query-input\":{\"@type\":\"PropertyValueSpecification\",\"valueRequired\":true,\"valueName\":\"search_term_string\"}}],\"inLanguage\":\"pt-BR\"},{\"@type\":\"Organization\",\"@id\":\"https:\/\/noticiaempauta.com\/portal\/#organization\",\"name\":\"Portal Not\u00edcia em Pauta\",\"url\":\"https:\/\/noticiaempauta.com\/portal\/\",\"logo\":{\"@type\":\"ImageObject\",\"inLanguage\":\"pt-BR\",\"@id\":\"https:\/\/noticiaempauta.com\/portal\/#\/schema\/logo\/image\/\",\"url\":\"https:\/\/noticiaempauta.com\/portal\/wp-content\/uploads\/2022\/08\/logomarca_tema.fw_.png\",\"contentUrl\":\"https:\/\/noticiaempauta.com\/portal\/wp-content\/uploads\/2022\/08\/logomarca_tema.fw_.png\",\"width\":400,\"height\":232,\"caption\":\"Portal Not\u00edcia em Pauta\"},\"image\":{\"@id\":\"https:\/\/noticiaempauta.com\/portal\/#\/schema\/logo\/image\/\"},\"sameAs\":[\"https:\/\/www.facebook.com\/Portal-Notcia-Em-Pauta-102292869264820\/\",\"https:\/\/www.instagram.com\/portalnoticiaempauta\/\"]},{\"@type\":\"Person\",\"@id\":\"https:\/\/noticiaempauta.com\/portal\/#\/schema\/person\/a74af43dd1ab3deca45f988c717d57ac\",\"name\":\"Reda\u00e7\u00e3o\",\"image\":{\"@type\":\"ImageObject\",\"inLanguage\":\"pt-BR\",\"@id\":\"https:\/\/noticiaempauta.com\/portal\/#\/schema\/person\/image\/\",\"url\":\"https:\/\/secure.gravatar.com\/avatar\/03179346ecce6cdfc13361603e8f54242a90e5cde8618fa23c5c00aa2b0aadf3?s=96&d=mm&r=g\",\"contentUrl\":\"https:\/\/secure.gravatar.com\/avatar\/03179346ecce6cdfc13361603e8f54242a90e5cde8618fa23c5c00aa2b0aadf3?s=96&d=mm&r=g\",\"caption\":\"Reda\u00e7\u00e3o\"},\"sameAs\":[\"https:\/\/noticiaempauta.com\/portal\/\"],\"url\":\"https:\/\/noticiaempauta.com\/portal\/author\/fernando\/\"}]}<\/script>\n<!-- \/ Yoast SEO Premium plugin. -->","yoast_head_json":{"title":"Fies abre inscri\u00e7\u00f5es um m\u00eas ap\u00f3s o in\u00edcio das aulas; veja datas e perfil - Portal Not\u00edcia em Pauta","robots":{"index":"index","follow":"follow","max-snippet":"max-snippet:-1","max-image-preview":"max-image-preview:large","max-video-preview":"max-video-preview:-1"},"canonical":"https:\/\/noticiaempauta.com\/portal\/fies-abre-inscricoes-um-mes-apos-o-inicio-das-aulas-veja-datas-e-perfil\/","og_locale":"pt_BR","og_type":"article","og_title":"Fies abre inscri\u00e7\u00f5es um m\u00eas ap\u00f3s o in\u00edcio das aulas; veja datas e perfil","og_description":"A partir da nota do Enem, programa seleciona alunos e concede um empr\u00e9stimo para cobrir uma parcela de cada mensalidade em cursos superiores privados.","og_url":"https:\/\/noticiaempauta.com\/portal\/fies-abre-inscricoes-um-mes-apos-o-inicio-das-aulas-veja-datas-e-perfil\/","og_site_name":"Portal Not\u00edcia em Pauta","article_publisher":"https:\/\/www.facebook.com\/Portal-Notcia-Em-Pauta-102292869264820\/","article_published_time":"2024-08-23T12:02:50+00:00","article_modified_time":"2024-08-23T12:16:02+00:00","og_image":[{"width":1170,"height":700,"url":"https:\/\/noticiaempauta.com\/portal\/wp-content\/uploads\/2024\/08\/fies-abre-inscricoes-um-mes-apos-o-inicio-das-aulas-veja-datas-e-perfil-15396c47-4bdf-4177-8b33-cce4e26be1e9.jpg.webp","type":"image\/webp"}],"author":"Reda\u00e7\u00e3o","twitter_card":"summary_large_image","twitter_misc":{"Escrito por":"Reda\u00e7\u00e3o","Est. tempo de leitura":"3 minutos"},"schema":{"@context":"https:\/\/schema.org","@graph":[{"@type":"Article","@id":"https:\/\/noticiaempauta.com\/portal\/fies-abre-inscricoes-um-mes-apos-o-inicio-das-aulas-veja-datas-e-perfil\/#article","isPartOf":{"@id":"https:\/\/noticiaempauta.com\/portal\/fies-abre-inscricoes-um-mes-apos-o-inicio-das-aulas-veja-datas-e-perfil\/"},"author":{"name":"Reda\u00e7\u00e3o","@id":"https:\/\/noticiaempauta.com\/portal\/#\/schema\/person\/a74af43dd1ab3deca45f988c717d57ac"},"headline":"Fies abre inscri\u00e7\u00f5es um m\u00eas ap\u00f3s o in\u00edcio das aulas; veja datas e perfil","datePublished":"2024-08-23T12:02:50+00:00","dateModified":"2024-08-23T12:16:02+00:00","mainEntityOfPage":{"@id":"https:\/\/noticiaempauta.com\/portal\/fies-abre-inscricoes-um-mes-apos-o-inicio-das-aulas-veja-datas-e-perfil\/"},"wordCount":538,"commentCount":0,"publisher":{"@id":"https:\/\/noticiaempauta.com\/portal\/#organization"},"image":{"@id":"https:\/\/noticiaempauta.com\/portal\/fies-abre-inscricoes-um-mes-apos-o-inicio-das-aulas-veja-datas-e-perfil\/#primaryimage"},"thumbnailUrl":"https:\/\/noticiaempauta.com\/portal\/wp-content\/uploads\/2024\/08\/fies-abre-inscricoes-um-mes-apos-o-inicio-das-aulas-veja-datas-e-perfil-15396c47-4bdf-4177-8b33-cce4e26be1e9.jpg.webp","keywords":["destaqueprincipal"],"articleSection":["Destaques","Geral","Todas as Not\u00edcias"],"inLanguage":"pt-BR","potentialAction":[{"@type":"CommentAction","name":"Comment","target":["https:\/\/noticiaempauta.com\/portal\/fies-abre-inscricoes-um-mes-apos-o-inicio-das-aulas-veja-datas-e-perfil\/#respond"]}]},{"@type":"WebPage","@id":"https:\/\/noticiaempauta.com\/portal\/fies-abre-inscricoes-um-mes-apos-o-inicio-das-aulas-veja-datas-e-perfil\/","url":"https:\/\/noticiaempauta.com\/portal\/fies-abre-inscricoes-um-mes-apos-o-inicio-das-aulas-veja-datas-e-perfil\/","name":"Fies abre inscri\u00e7\u00f5es um m\u00eas ap\u00f3s o in\u00edcio das aulas; veja datas e perfil - Portal Not\u00edcia em Pauta","isPartOf":{"@id":"https:\/\/noticiaempauta.com\/portal\/#website"},"primaryImageOfPage":{"@id":"https:\/\/noticiaempauta.com\/portal\/fies-abre-inscricoes-um-mes-apos-o-inicio-das-aulas-veja-datas-e-perfil\/#primaryimage"},"image":{"@id":"https:\/\/noticiaempauta.com\/portal\/fies-abre-inscricoes-um-mes-apos-o-inicio-das-aulas-veja-datas-e-perfil\/#primaryimage"},"thumbnailUrl":"https:\/\/noticiaempauta.com\/portal\/wp-content\/uploads\/2024\/08\/fies-abre-inscricoes-um-mes-apos-o-inicio-das-aulas-veja-datas-e-perfil-15396c47-4bdf-4177-8b33-cce4e26be1e9.jpg.webp","datePublished":"2024-08-23T12:02:50+00:00","dateModified":"2024-08-23T12:16:02+00:00","breadcrumb":{"@id":"https:\/\/noticiaempauta.com\/portal\/fies-abre-inscricoes-um-mes-apos-o-inicio-das-aulas-veja-datas-e-perfil\/#breadcrumb"},"inLanguage":"pt-BR","potentialAction":[{"@type":"ReadAction","target":["https:\/\/noticiaempauta.com\/portal\/fies-abre-inscricoes-um-mes-apos-o-inicio-das-aulas-veja-datas-e-perfil\/"]}]},{"@type":"ImageObject","inLanguage":"pt-BR","@id":"https:\/\/noticiaempauta.com\/portal\/fies-abre-inscricoes-um-mes-apos-o-inicio-das-aulas-veja-datas-e-perfil\/#primaryimage","url":"https:\/\/noticiaempauta.com\/portal\/wp-content\/uploads\/2024\/08\/fies-abre-inscricoes-um-mes-apos-o-inicio-das-aulas-veja-datas-e-perfil-15396c47-4bdf-4177-8b33-cce4e26be1e9.jpg.webp","contentUrl":"https:\/\/noticiaempauta.com\/portal\/wp-content\/uploads\/2024\/08\/fies-abre-inscricoes-um-mes-apos-o-inicio-das-aulas-veja-datas-e-perfil-15396c47-4bdf-4177-8b33-cce4e26be1e9.jpg.webp","width":1170,"height":700,"caption":"(Foto: Reprodu\u00e7\u00e3o)"},{"@type":"BreadcrumbList","@id":"https:\/\/noticiaempauta.com\/portal\/fies-abre-inscricoes-um-mes-apos-o-inicio-das-aulas-veja-datas-e-perfil\/#breadcrumb","itemListElement":[{"@type":"ListItem","position":1,"name":"P\u00e1gina Inicial","item":"https:\/\/noticiaempauta.com\/portal\/"},{"@type":"ListItem","position":2,"name":"Geral","item":"https:\/\/noticiaempauta.com\/portal\/geral\/"},{"@type":"ListItem","position":3,"name":"Fies abre inscri\u00e7\u00f5es um m\u00eas ap\u00f3s o in\u00edcio das aulas; veja datas e perfil"}]},{"@type":"WebSite","@id":"https:\/\/noticiaempauta.com\/portal\/#website","url":"https:\/\/noticiaempauta.com\/portal\/","name":"Portal Not\u00edcia em Pauta","description":"Voc\u00ea bem informado","publisher":{"@id":"https:\/\/noticiaempauta.com\/portal\/#organization"},"potentialAction":[{"@type":"SearchAction","target":{"@type":"EntryPoint","urlTemplate":"https:\/\/noticiaempauta.com\/portal\/?s={search_term_string}"},"query-input":{"@type":"PropertyValueSpecification","valueRequired":true,"valueName":"search_term_string"}}],"inLanguage":"pt-BR"},{"@type":"Organization","@id":"https:\/\/noticiaempauta.com\/portal\/#organization","name":"Portal Not\u00edcia em Pauta","url":"https:\/\/noticiaempauta.com\/portal\/","logo":{"@type":"ImageObject","inLanguage":"pt-BR","@id":"https:\/\/noticiaempauta.com\/portal\/#\/schema\/logo\/image\/","url":"https:\/\/noticiaempauta.com\/portal\/wp-content\/uploads\/2022\/08\/logomarca_tema.fw_.png","contentUrl":"https:\/\/noticiaempauta.com\/portal\/wp-content\/uploads\/2022\/08\/logomarca_tema.fw_.png","width":400,"height":232,"caption":"Portal Not\u00edcia em Pauta"},"image":{"@id":"https:\/\/noticiaempauta.com\/portal\/#\/schema\/logo\/image\/"},"sameAs":["https:\/\/www.facebook.com\/Portal-Notcia-Em-Pauta-102292869264820\/","https:\/\/www.instagram.com\/portalnoticiaempauta\/"]},{"@type":"Person","@id":"https:\/\/noticiaempauta.com\/portal\/#\/schema\/person\/a74af43dd1ab3deca45f988c717d57ac","name":"Reda\u00e7\u00e3o","image":{"@type":"ImageObject","inLanguage":"pt-BR","@id":"https:\/\/noticiaempauta.com\/portal\/#\/schema\/person\/image\/","url":"https:\/\/secure.gravatar.com\/avatar\/03179346ecce6cdfc13361603e8f54242a90e5cde8618fa23c5c00aa2b0aadf3?s=96&d=mm&r=g","contentUrl":"https:\/\/secure.gravatar.com\/avatar\/03179346ecce6cdfc13361603e8f54242a90e5cde8618fa23c5c00aa2b0aadf3?s=96&d=mm&r=g","caption":"Reda\u00e7\u00e3o"},"sameAs":["https:\/\/noticiaempauta.com\/portal\/"],"url":"https:\/\/noticiaempauta.com\/portal\/author\/fernando\/"}]}},"_links":{"self":[{"href":"https:\/\/noticiaempauta.com\/portal\/wp-json\/wp\/v2\/posts\/261432","targetHints":{"allow":["GET"]}}],"collection":[{"href":"https:\/\/noticiaempauta.com\/portal\/wp-json\/wp\/v2\/posts"}],"about":[{"href":"https:\/\/noticiaempauta.com\/portal\/wp-json\/wp\/v2\/types\/post"}],"author":[{"embeddable":true,"href":"https:\/\/noticiaempauta.com\/portal\/wp-json\/wp\/v2\/users\/2"}],"replies":[{"embeddable":true,"href":"https:\/\/noticiaempauta.com\/portal\/wp-json\/wp\/v2\/comments?post=261432"}],"version-history":[{"count":2,"href":"https:\/\/noticiaempauta.com\/portal\/wp-json\/wp\/v2\/posts\/261432\/revisions"}],"predecessor-version":[{"id":261435,"href":"https:\/\/noticiaempauta.com\/portal\/wp-json\/wp\/v2\/posts\/261432\/revisions\/261435"}],"wp:featuredmedia":[{"embeddable":true,"href":"https:\/\/noticiaempauta.com\/portal\/wp-json\/wp\/v2\/media\/261433"}],"wp:attachment":[{"href":"https:\/\/noticiaempauta.com\/portal\/wp-json\/wp\/v2\/media?parent=261432"}],"wp:term":[{"taxonomy":"category","embeddable":true,"href":"https:\/\/noticiaempauta.com\/portal\/wp-json\/wp\/v2\/categories?post=261432"},{"taxonomy":"post_tag","embeddable":true,"href":"https:\/\/noticiaempauta.com\/portal\/wp-json\/wp\/v2\/tags?post=261432"}],"curies":[{"name":"wp","href":"https:\/\/api.w.org\/{rel}","templated":true}]}}