{"id":261436,"date":"2024-08-23T09:07:43","date_gmt":"2024-08-23T12:07:43","guid":{"rendered":"https:\/\/noticiaempauta.com\/portal\/?p=261436"},"modified":"2024-08-23T09:07:44","modified_gmt":"2024-08-23T12:07:44","slug":"teresinense-morre-ao-entrar-por-engano-em-area-dominada-por-faccao-em-fortaleza","status":"publish","type":"post","link":"https:\/\/noticiaempauta.com\/portal\/teresinense-morre-ao-entrar-por-engano-em-area-dominada-por-faccao-em-fortaleza\/","title":{"rendered":"Teresinense morre ao entrar por engano em \u00e1rea dominada por fac\u00e7\u00e3o em Fortaleza"},"content":{"rendered":"\n<p>Aldete Rob\u00e9rio Saldanha, um teresinense de 58 anos, foi morto a\u00a0tiros na madrugada desta quinta-feira (22) ao entrar, junto com dois amigos, na Comunidade do Oit\u00e3o Preto,\u00a0no Bairro Moura Brasil, em Fortaleza, uma \u00e1rea conhecida por ser dominada por uma fac\u00e7\u00e3o criminosa.\u00a0As v\u00edtimas que estavam dentro de um carro\u00a0seguiram uma rota indicada pelo GPS e acabaram entrando na comunidade.<\/p>\n\n\n\n<figure class=\"wp-block-image size-full\"><img fetchpriority=\"high\" decoding=\"async\" width=\"900\" height=\"600\" src=\"https:\/\/noticiaempauta.com\/portal\/wp-content\/uploads\/2024\/08\/teresinense-morre-ao-entrar-por-engano-em-area-dominada-por-faccao-em-fortaleza-10626203-1a73-4dd2-8633-e0df46e626cb.jpg.webp\" alt=\"\" class=\"wp-image-261437\" srcset=\"https:\/\/noticiaempauta.com\/portal\/wp-content\/uploads\/2024\/08\/teresinense-morre-ao-entrar-por-engano-em-area-dominada-por-faccao-em-fortaleza-10626203-1a73-4dd2-8633-e0df46e626cb.jpg.webp 900w, https:\/\/noticiaempauta.com\/portal\/wp-content\/uploads\/2024\/08\/teresinense-morre-ao-entrar-por-engano-em-area-dominada-por-faccao-em-fortaleza-10626203-1a73-4dd2-8633-e0df46e626cb.jpg-300x200.webp 300w, https:\/\/noticiaempauta.com\/portal\/wp-content\/uploads\/2024\/08\/teresinense-morre-ao-entrar-por-engano-em-area-dominada-por-faccao-em-fortaleza-10626203-1a73-4dd2-8633-e0df46e626cb.jpg-768x512.webp 768w\" sizes=\"(max-width: 900px) 100vw, 900px\" \/><figcaption class=\"wp-element-caption\">(Foto: Reprodu\u00e7\u00e3o)<\/figcaption><\/figure>\n\n\n\n<h3 class=\"wp-block-heading\"><strong>3 pessoas estavam no carro<\/strong><\/h3>\n\n\n\n<p>Aldete Rob\u00e9rio estava\u00a0no carro com outras duas pessoas, Ant\u00f4nio Damilton Rodrigues da Silva e Jo\u00e3o Paulo Henrique de Freitas,\u00a0quando foi atingido com um tiro no rosto. O trio havia sa\u00eddo de Teresina na tarde de quarta-feira (21) com destino a\u00a0Fortaleza para participar de um evento automotivo.<\/p>\n\n\n\n<figure class=\"wp-block-image size-full\"><img decoding=\"async\" width=\"900\" height=\"600\" src=\"https:\/\/noticiaempauta.com\/portal\/wp-content\/uploads\/2024\/08\/teresinense-morre-ao-entrar-por-engano-em-area-dominada-por-faccao-em-fortaleza-ee05ff7c-41f1-4bd0-a5a2-ecd2a7706506.jpg.webp\" alt=\"\" class=\"wp-image-261438\" srcset=\"https:\/\/noticiaempauta.com\/portal\/wp-content\/uploads\/2024\/08\/teresinense-morre-ao-entrar-por-engano-em-area-dominada-por-faccao-em-fortaleza-ee05ff7c-41f1-4bd0-a5a2-ecd2a7706506.jpg.webp 900w, https:\/\/noticiaempauta.com\/portal\/wp-content\/uploads\/2024\/08\/teresinense-morre-ao-entrar-por-engano-em-area-dominada-por-faccao-em-fortaleza-ee05ff7c-41f1-4bd0-a5a2-ecd2a7706506.jpg-300x200.webp 300w, https:\/\/noticiaempauta.com\/portal\/wp-content\/uploads\/2024\/08\/teresinense-morre-ao-entrar-por-engano-em-area-dominada-por-faccao-em-fortaleza-ee05ff7c-41f1-4bd0-a5a2-ecd2a7706506.jpg-768x512.webp 768w\" sizes=\"(max-width: 900px) 100vw, 900px\" \/><figcaption class=\"wp-element-caption\">(Foto: Reprodu\u00e7\u00e3o)<\/figcaption><\/figure>\n\n\n\n<h3 class=\"wp-block-heading\"><strong>Ataque<\/strong><\/h3>\n\n\n\n<p>Segundo Ant\u00f4nio Damilton, em entrevista ao portal\u00a0Somos Not\u00edcia, eles seguiam a rota indicada pelo GPS\u00a0quando entraram por engano na regi\u00e3o.\u00a0Ao perceberem o erro,\u00a0foram recebidos com pedradas e, desesperados, tentaram acelerar para sair do local.\u00a0<\/p>\n\n\n\n<p>No entanto, ap\u00f3s passarem por uma barricada,\u00a0acabaram em uma rua sem sa\u00edda, onde os criminosos dispararam cerca de 20 vezes contra o ve\u00edculo, atingindo Aldete no rosto, que morreu na hora.\u00a0Ant\u00f4nio foi ferido de rasp\u00e3o na perna, mas ele e Jo\u00e3o Paulo conseguiram fugir. Os criminosos, ap\u00f3s o ataque, ainda roubaram cerca de R$8 mil que estavam no carro.<\/p>\n\n\n\n<p>Em nota, a Secretaria da Seguran\u00e7a P\u00fablica do Cear\u00e1 afirma que a Pol\u00edcia Civil est\u00e1 investigando o caso e realizando buscas com o objetivo de prender os criminosos.<\/p>\n\n\n\n<h3 class=\"wp-block-heading\"><strong><u>Leia a nota na \u00edntegra:&nbsp;<\/u><\/strong><\/h3>\n\n\n\n<p><em>A Secretaria da Seguran\u00e7a P\u00fablica e Defesa Social (SSPDS) informa que a Pol\u00edcia Civil do Estado do Cear\u00e1 (PCCE), por meio do Departamento de Homic\u00eddios e Prote\u00e7\u00e3o \u00e0 Pessoa (DHPP), realiza dilig\u00eancias no intuito de identificar e capturar os suspeitos de envolvimento em um homic\u00eddio registrado na noite dessa quarta-feira (21), no bairro Moura Brasil &#8211; \u00c1rea Integrada de Seguran\u00e7a 4 (AIS 4) de Fortaleza. Conforme as primeiras informa\u00e7\u00f5es, a v\u00edtima, de 58 anos e natural do Piau\u00ed, foi baleada quando trafegava em um ve\u00edculo na regi\u00e3o. Outras duas pessoas que estavam no carro n\u00e3o se feriram. Equipes da Pol\u00edcia Militar do Cear\u00e1 (PMCE) e da Per\u00edcia Forense do Estado do Cear\u00e1 (Pefoce) foram acionadas e realizaram os primeiros levantamentos no local. O caso est\u00e1 a cargo da 4\u00aa Delegacia do DHPP, unidade que realiza oitivas para elucidar o fato.<\/em><\/p>\n\n\n\n<p><strong><em>Fonte: Meio News<\/em><\/strong><\/p>\n","protected":false},"excerpt":{"rendered":"<p>Outras duas pessoas que estavam no carro, tamb\u00e9m de Teresina, sobreviveram ao ataque.<\/p>\n","protected":false},"author":2,"featured_media":261437,"comment_status":"open","ping_status":"open","sticky":false,"template":"","format":"standard","meta":{"_mi_skip_tracking":false,"footnotes":""},"categories":[25,1,137,16],"tags":[192],"class_list":["post-261436","post","type-post","status-publish","format-standard","has-post-thumbnail","hentry","category-destaques-site","category-geral","category-policia","category-todas","tag-destaqueprincipal"],"acf":[],"yoast_head":"<!-- This site is optimized with the Yoast SEO Premium plugin v19.2 (Yoast SEO v26.9) - https:\/\/yoast.com\/product\/yoast-seo-premium-wordpress\/ -->\n<title>Teresinense morre ao entrar por engano em \u00e1rea dominada por fac\u00e7\u00e3o em Fortaleza - Portal Not\u00edcia em Pauta<\/title>\n<meta name=\"robots\" content=\"index, follow, max-snippet:-1, max-image-preview:large, max-video-preview:-1\" \/>\n<link rel=\"canonical\" href=\"https:\/\/noticiaempauta.com\/portal\/teresinense-morre-ao-entrar-por-engano-em-area-dominada-por-faccao-em-fortaleza\/\" \/>\n<meta property=\"og:locale\" content=\"pt_BR\" \/>\n<meta property=\"og:type\" content=\"article\" \/>\n<meta property=\"og:title\" content=\"Teresinense morre ao entrar por engano em \u00e1rea dominada por fac\u00e7\u00e3o em Fortaleza\" \/>\n<meta property=\"og:description\" content=\"Outras duas pessoas que estavam no carro, tamb\u00e9m de Teresina, sobreviveram ao ataque.\" \/>\n<meta property=\"og:url\" content=\"https:\/\/noticiaempauta.com\/portal\/teresinense-morre-ao-entrar-por-engano-em-area-dominada-por-faccao-em-fortaleza\/\" \/>\n<meta property=\"og:site_name\" content=\"Portal Not\u00edcia em Pauta\" \/>\n<meta property=\"article:publisher\" content=\"https:\/\/www.facebook.com\/Portal-Notcia-Em-Pauta-102292869264820\/\" \/>\n<meta property=\"article:published_time\" content=\"2024-08-23T12:07:43+00:00\" \/>\n<meta property=\"article:modified_time\" content=\"2024-08-23T12:07:44+00:00\" \/>\n<meta property=\"og:image\" content=\"https:\/\/noticiaempauta.com\/portal\/wp-content\/uploads\/2024\/08\/teresinense-morre-ao-entrar-por-engano-em-area-dominada-por-faccao-em-fortaleza-10626203-1a73-4dd2-8633-e0df46e626cb.jpg.webp\" \/>\n\t<meta property=\"og:image:width\" content=\"900\" \/>\n\t<meta property=\"og:image:height\" content=\"600\" \/>\n\t<meta property=\"og:image:type\" content=\"image\/webp\" \/>\n<meta name=\"author\" content=\"Reda\u00e7\u00e3o\" \/>\n<meta name=\"twitter:card\" content=\"summary_large_image\" \/>\n<meta name=\"twitter:label1\" content=\"Escrito por\" \/>\n\t<meta name=\"twitter:data1\" content=\"Reda\u00e7\u00e3o\" \/>\n\t<meta name=\"twitter:label2\" content=\"Est. tempo de leitura\" \/>\n\t<meta name=\"twitter:data2\" content=\"3 minutos\" \/>\n<script type=\"application\/ld+json\" class=\"yoast-schema-graph\">{\"@context\":\"https:\/\/schema.org\",\"@graph\":[{\"@type\":\"Article\",\"@id\":\"https:\/\/noticiaempauta.com\/portal\/teresinense-morre-ao-entrar-por-engano-em-area-dominada-por-faccao-em-fortaleza\/#article\",\"isPartOf\":{\"@id\":\"https:\/\/noticiaempauta.com\/portal\/teresinense-morre-ao-entrar-por-engano-em-area-dominada-por-faccao-em-fortaleza\/\"},\"author\":{\"name\":\"Reda\u00e7\u00e3o\",\"@id\":\"https:\/\/noticiaempauta.com\/portal\/#\/schema\/person\/a74af43dd1ab3deca45f988c717d57ac\"},\"headline\":\"Teresinense morre ao entrar por engano em \u00e1rea dominada por fac\u00e7\u00e3o em Fortaleza\",\"datePublished\":\"2024-08-23T12:07:43+00:00\",\"dateModified\":\"2024-08-23T12:07:44+00:00\",\"mainEntityOfPage\":{\"@id\":\"https:\/\/noticiaempauta.com\/portal\/teresinense-morre-ao-entrar-por-engano-em-area-dominada-por-faccao-em-fortaleza\/\"},\"wordCount\":439,\"commentCount\":0,\"publisher\":{\"@id\":\"https:\/\/noticiaempauta.com\/portal\/#organization\"},\"image\":{\"@id\":\"https:\/\/noticiaempauta.com\/portal\/teresinense-morre-ao-entrar-por-engano-em-area-dominada-por-faccao-em-fortaleza\/#primaryimage\"},\"thumbnailUrl\":\"https:\/\/noticiaempauta.com\/portal\/wp-content\/uploads\/2024\/08\/teresinense-morre-ao-entrar-por-engano-em-area-dominada-por-faccao-em-fortaleza-10626203-1a73-4dd2-8633-e0df46e626cb.jpg.webp\",\"keywords\":[\"destaqueprincipal\"],\"articleSection\":[\"Destaques\",\"Geral\",\"Pol\u00edcia\",\"Todas as Not\u00edcias\"],\"inLanguage\":\"pt-BR\",\"potentialAction\":[{\"@type\":\"CommentAction\",\"name\":\"Comment\",\"target\":[\"https:\/\/noticiaempauta.com\/portal\/teresinense-morre-ao-entrar-por-engano-em-area-dominada-por-faccao-em-fortaleza\/#respond\"]}]},{\"@type\":\"WebPage\",\"@id\":\"https:\/\/noticiaempauta.com\/portal\/teresinense-morre-ao-entrar-por-engano-em-area-dominada-por-faccao-em-fortaleza\/\",\"url\":\"https:\/\/noticiaempauta.com\/portal\/teresinense-morre-ao-entrar-por-engano-em-area-dominada-por-faccao-em-fortaleza\/\",\"name\":\"Teresinense morre ao entrar por engano em \u00e1rea dominada por fac\u00e7\u00e3o em Fortaleza - Portal Not\u00edcia em Pauta\",\"isPartOf\":{\"@id\":\"https:\/\/noticiaempauta.com\/portal\/#website\"},\"primaryImageOfPage\":{\"@id\":\"https:\/\/noticiaempauta.com\/portal\/teresinense-morre-ao-entrar-por-engano-em-area-dominada-por-faccao-em-fortaleza\/#primaryimage\"},\"image\":{\"@id\":\"https:\/\/noticiaempauta.com\/portal\/teresinense-morre-ao-entrar-por-engano-em-area-dominada-por-faccao-em-fortaleza\/#primaryimage\"},\"thumbnailUrl\":\"https:\/\/noticiaempauta.com\/portal\/wp-content\/uploads\/2024\/08\/teresinense-morre-ao-entrar-por-engano-em-area-dominada-por-faccao-em-fortaleza-10626203-1a73-4dd2-8633-e0df46e626cb.jpg.webp\",\"datePublished\":\"2024-08-23T12:07:43+00:00\",\"dateModified\":\"2024-08-23T12:07:44+00:00\",\"breadcrumb\":{\"@id\":\"https:\/\/noticiaempauta.com\/portal\/teresinense-morre-ao-entrar-por-engano-em-area-dominada-por-faccao-em-fortaleza\/#breadcrumb\"},\"inLanguage\":\"pt-BR\",\"potentialAction\":[{\"@type\":\"ReadAction\",\"target\":[\"https:\/\/noticiaempauta.com\/portal\/teresinense-morre-ao-entrar-por-engano-em-area-dominada-por-faccao-em-fortaleza\/\"]}]},{\"@type\":\"ImageObject\",\"inLanguage\":\"pt-BR\",\"@id\":\"https:\/\/noticiaempauta.com\/portal\/teresinense-morre-ao-entrar-por-engano-em-area-dominada-por-faccao-em-fortaleza\/#primaryimage\",\"url\":\"https:\/\/noticiaempauta.com\/portal\/wp-content\/uploads\/2024\/08\/teresinense-morre-ao-entrar-por-engano-em-area-dominada-por-faccao-em-fortaleza-10626203-1a73-4dd2-8633-e0df46e626cb.jpg.webp\",\"contentUrl\":\"https:\/\/noticiaempauta.com\/portal\/wp-content\/uploads\/2024\/08\/teresinense-morre-ao-entrar-por-engano-em-area-dominada-por-faccao-em-fortaleza-10626203-1a73-4dd2-8633-e0df46e626cb.jpg.webp\",\"width\":900,\"height\":600},{\"@type\":\"BreadcrumbList\",\"@id\":\"https:\/\/noticiaempauta.com\/portal\/teresinense-morre-ao-entrar-por-engano-em-area-dominada-por-faccao-em-fortaleza\/#breadcrumb\",\"itemListElement\":[{\"@type\":\"ListItem\",\"position\":1,\"name\":\"P\u00e1gina Inicial\",\"item\":\"https:\/\/noticiaempauta.com\/portal\/\"},{\"@type\":\"ListItem\",\"position\":2,\"name\":\"Destaques\",\"item\":\"https:\/\/noticiaempauta.com\/portal\/destaques-site\/\"},{\"@type\":\"ListItem\",\"position\":3,\"name\":\"Teresinense morre ao entrar por engano em \u00e1rea dominada por fac\u00e7\u00e3o em Fortaleza\"}]},{\"@type\":\"WebSite\",\"@id\":\"https:\/\/noticiaempauta.com\/portal\/#website\",\"url\":\"https:\/\/noticiaempauta.com\/portal\/\",\"name\":\"Portal Not\u00edcia em Pauta\",\"description\":\"Voc\u00ea bem informado\",\"publisher\":{\"@id\":\"https:\/\/noticiaempauta.com\/portal\/#organization\"},\"potentialAction\":[{\"@type\":\"SearchAction\",\"target\":{\"@type\":\"EntryPoint\",\"urlTemplate\":\"https:\/\/noticiaempauta.com\/portal\/?s={search_term_string}\"},\"query-input\":{\"@type\":\"PropertyValueSpecification\",\"valueRequired\":true,\"valueName\":\"search_term_string\"}}],\"inLanguage\":\"pt-BR\"},{\"@type\":\"Organization\",\"@id\":\"https:\/\/noticiaempauta.com\/portal\/#organization\",\"name\":\"Portal Not\u00edcia em Pauta\",\"url\":\"https:\/\/noticiaempauta.com\/portal\/\",\"logo\":{\"@type\":\"ImageObject\",\"inLanguage\":\"pt-BR\",\"@id\":\"https:\/\/noticiaempauta.com\/portal\/#\/schema\/logo\/image\/\",\"url\":\"https:\/\/noticiaempauta.com\/portal\/wp-content\/uploads\/2022\/08\/logomarca_tema.fw_.png\",\"contentUrl\":\"https:\/\/noticiaempauta.com\/portal\/wp-content\/uploads\/2022\/08\/logomarca_tema.fw_.png\",\"width\":400,\"height\":232,\"caption\":\"Portal Not\u00edcia em Pauta\"},\"image\":{\"@id\":\"https:\/\/noticiaempauta.com\/portal\/#\/schema\/logo\/image\/\"},\"sameAs\":[\"https:\/\/www.facebook.com\/Portal-Notcia-Em-Pauta-102292869264820\/\",\"https:\/\/www.instagram.com\/portalnoticiaempauta\/\"]},{\"@type\":\"Person\",\"@id\":\"https:\/\/noticiaempauta.com\/portal\/#\/schema\/person\/a74af43dd1ab3deca45f988c717d57ac\",\"name\":\"Reda\u00e7\u00e3o\",\"image\":{\"@type\":\"ImageObject\",\"inLanguage\":\"pt-BR\",\"@id\":\"https:\/\/noticiaempauta.com\/portal\/#\/schema\/person\/image\/\",\"url\":\"https:\/\/secure.gravatar.com\/avatar\/03179346ecce6cdfc13361603e8f54242a90e5cde8618fa23c5c00aa2b0aadf3?s=96&d=mm&r=g\",\"contentUrl\":\"https:\/\/secure.gravatar.com\/avatar\/03179346ecce6cdfc13361603e8f54242a90e5cde8618fa23c5c00aa2b0aadf3?s=96&d=mm&r=g\",\"caption\":\"Reda\u00e7\u00e3o\"},\"sameAs\":[\"https:\/\/noticiaempauta.com\/portal\/\"],\"url\":\"https:\/\/noticiaempauta.com\/portal\/author\/fernando\/\"}]}<\/script>\n<!-- \/ Yoast SEO Premium plugin. -->","yoast_head_json":{"title":"Teresinense morre ao entrar por engano em \u00e1rea dominada por fac\u00e7\u00e3o em Fortaleza - Portal Not\u00edcia em Pauta","robots":{"index":"index","follow":"follow","max-snippet":"max-snippet:-1","max-image-preview":"max-image-preview:large","max-video-preview":"max-video-preview:-1"},"canonical":"https:\/\/noticiaempauta.com\/portal\/teresinense-morre-ao-entrar-por-engano-em-area-dominada-por-faccao-em-fortaleza\/","og_locale":"pt_BR","og_type":"article","og_title":"Teresinense morre ao entrar por engano em \u00e1rea dominada por fac\u00e7\u00e3o em Fortaleza","og_description":"Outras duas pessoas que estavam no carro, tamb\u00e9m de Teresina, sobreviveram ao ataque.","og_url":"https:\/\/noticiaempauta.com\/portal\/teresinense-morre-ao-entrar-por-engano-em-area-dominada-por-faccao-em-fortaleza\/","og_site_name":"Portal Not\u00edcia em Pauta","article_publisher":"https:\/\/www.facebook.com\/Portal-Notcia-Em-Pauta-102292869264820\/","article_published_time":"2024-08-23T12:07:43+00:00","article_modified_time":"2024-08-23T12:07:44+00:00","og_image":[{"width":900,"height":600,"url":"https:\/\/noticiaempauta.com\/portal\/wp-content\/uploads\/2024\/08\/teresinense-morre-ao-entrar-por-engano-em-area-dominada-por-faccao-em-fortaleza-10626203-1a73-4dd2-8633-e0df46e626cb.jpg.webp","type":"image\/webp"}],"author":"Reda\u00e7\u00e3o","twitter_card":"summary_large_image","twitter_misc":{"Escrito por":"Reda\u00e7\u00e3o","Est. tempo de leitura":"3 minutos"},"schema":{"@context":"https:\/\/schema.org","@graph":[{"@type":"Article","@id":"https:\/\/noticiaempauta.com\/portal\/teresinense-morre-ao-entrar-por-engano-em-area-dominada-por-faccao-em-fortaleza\/#article","isPartOf":{"@id":"https:\/\/noticiaempauta.com\/portal\/teresinense-morre-ao-entrar-por-engano-em-area-dominada-por-faccao-em-fortaleza\/"},"author":{"name":"Reda\u00e7\u00e3o","@id":"https:\/\/noticiaempauta.com\/portal\/#\/schema\/person\/a74af43dd1ab3deca45f988c717d57ac"},"headline":"Teresinense morre ao entrar por engano em \u00e1rea dominada por fac\u00e7\u00e3o em Fortaleza","datePublished":"2024-08-23T12:07:43+00:00","dateModified":"2024-08-23T12:07:44+00:00","mainEntityOfPage":{"@id":"https:\/\/noticiaempauta.com\/portal\/teresinense-morre-ao-entrar-por-engano-em-area-dominada-por-faccao-em-fortaleza\/"},"wordCount":439,"commentCount":0,"publisher":{"@id":"https:\/\/noticiaempauta.com\/portal\/#organization"},"image":{"@id":"https:\/\/noticiaempauta.com\/portal\/teresinense-morre-ao-entrar-por-engano-em-area-dominada-por-faccao-em-fortaleza\/#primaryimage"},"thumbnailUrl":"https:\/\/noticiaempauta.com\/portal\/wp-content\/uploads\/2024\/08\/teresinense-morre-ao-entrar-por-engano-em-area-dominada-por-faccao-em-fortaleza-10626203-1a73-4dd2-8633-e0df46e626cb.jpg.webp","keywords":["destaqueprincipal"],"articleSection":["Destaques","Geral","Pol\u00edcia","Todas as Not\u00edcias"],"inLanguage":"pt-BR","potentialAction":[{"@type":"CommentAction","name":"Comment","target":["https:\/\/noticiaempauta.com\/portal\/teresinense-morre-ao-entrar-por-engano-em-area-dominada-por-faccao-em-fortaleza\/#respond"]}]},{"@type":"WebPage","@id":"https:\/\/noticiaempauta.com\/portal\/teresinense-morre-ao-entrar-por-engano-em-area-dominada-por-faccao-em-fortaleza\/","url":"https:\/\/noticiaempauta.com\/portal\/teresinense-morre-ao-entrar-por-engano-em-area-dominada-por-faccao-em-fortaleza\/","name":"Teresinense morre ao entrar por engano em \u00e1rea dominada por fac\u00e7\u00e3o em Fortaleza - Portal Not\u00edcia em Pauta","isPartOf":{"@id":"https:\/\/noticiaempauta.com\/portal\/#website"},"primaryImageOfPage":{"@id":"https:\/\/noticiaempauta.com\/portal\/teresinense-morre-ao-entrar-por-engano-em-area-dominada-por-faccao-em-fortaleza\/#primaryimage"},"image":{"@id":"https:\/\/noticiaempauta.com\/portal\/teresinense-morre-ao-entrar-por-engano-em-area-dominada-por-faccao-em-fortaleza\/#primaryimage"},"thumbnailUrl":"https:\/\/noticiaempauta.com\/portal\/wp-content\/uploads\/2024\/08\/teresinense-morre-ao-entrar-por-engano-em-area-dominada-por-faccao-em-fortaleza-10626203-1a73-4dd2-8633-e0df46e626cb.jpg.webp","datePublished":"2024-08-23T12:07:43+00:00","dateModified":"2024-08-23T12:07:44+00:00","breadcrumb":{"@id":"https:\/\/noticiaempauta.com\/portal\/teresinense-morre-ao-entrar-por-engano-em-area-dominada-por-faccao-em-fortaleza\/#breadcrumb"},"inLanguage":"pt-BR","potentialAction":[{"@type":"ReadAction","target":["https:\/\/noticiaempauta.com\/portal\/teresinense-morre-ao-entrar-por-engano-em-area-dominada-por-faccao-em-fortaleza\/"]}]},{"@type":"ImageObject","inLanguage":"pt-BR","@id":"https:\/\/noticiaempauta.com\/portal\/teresinense-morre-ao-entrar-por-engano-em-area-dominada-por-faccao-em-fortaleza\/#primaryimage","url":"https:\/\/noticiaempauta.com\/portal\/wp-content\/uploads\/2024\/08\/teresinense-morre-ao-entrar-por-engano-em-area-dominada-por-faccao-em-fortaleza-10626203-1a73-4dd2-8633-e0df46e626cb.jpg.webp","contentUrl":"https:\/\/noticiaempauta.com\/portal\/wp-content\/uploads\/2024\/08\/teresinense-morre-ao-entrar-por-engano-em-area-dominada-por-faccao-em-fortaleza-10626203-1a73-4dd2-8633-e0df46e626cb.jpg.webp","width":900,"height":600},{"@type":"BreadcrumbList","@id":"https:\/\/noticiaempauta.com\/portal\/teresinense-morre-ao-entrar-por-engano-em-area-dominada-por-faccao-em-fortaleza\/#breadcrumb","itemListElement":[{"@type":"ListItem","position":1,"name":"P\u00e1gina Inicial","item":"https:\/\/noticiaempauta.com\/portal\/"},{"@type":"ListItem","position":2,"name":"Destaques","item":"https:\/\/noticiaempauta.com\/portal\/destaques-site\/"},{"@type":"ListItem","position":3,"name":"Teresinense morre ao entrar por engano em \u00e1rea dominada por fac\u00e7\u00e3o em Fortaleza"}]},{"@type":"WebSite","@id":"https:\/\/noticiaempauta.com\/portal\/#website","url":"https:\/\/noticiaempauta.com\/portal\/","name":"Portal Not\u00edcia em Pauta","description":"Voc\u00ea bem informado","publisher":{"@id":"https:\/\/noticiaempauta.com\/portal\/#organization"},"potentialAction":[{"@type":"SearchAction","target":{"@type":"EntryPoint","urlTemplate":"https:\/\/noticiaempauta.com\/portal\/?s={search_term_string}"},"query-input":{"@type":"PropertyValueSpecification","valueRequired":true,"valueName":"search_term_string"}}],"inLanguage":"pt-BR"},{"@type":"Organization","@id":"https:\/\/noticiaempauta.com\/portal\/#organization","name":"Portal Not\u00edcia em Pauta","url":"https:\/\/noticiaempauta.com\/portal\/","logo":{"@type":"ImageObject","inLanguage":"pt-BR","@id":"https:\/\/noticiaempauta.com\/portal\/#\/schema\/logo\/image\/","url":"https:\/\/noticiaempauta.com\/portal\/wp-content\/uploads\/2022\/08\/logomarca_tema.fw_.png","contentUrl":"https:\/\/noticiaempauta.com\/portal\/wp-content\/uploads\/2022\/08\/logomarca_tema.fw_.png","width":400,"height":232,"caption":"Portal Not\u00edcia em Pauta"},"image":{"@id":"https:\/\/noticiaempauta.com\/portal\/#\/schema\/logo\/image\/"},"sameAs":["https:\/\/www.facebook.com\/Portal-Notcia-Em-Pauta-102292869264820\/","https:\/\/www.instagram.com\/portalnoticiaempauta\/"]},{"@type":"Person","@id":"https:\/\/noticiaempauta.com\/portal\/#\/schema\/person\/a74af43dd1ab3deca45f988c717d57ac","name":"Reda\u00e7\u00e3o","image":{"@type":"ImageObject","inLanguage":"pt-BR","@id":"https:\/\/noticiaempauta.com\/portal\/#\/schema\/person\/image\/","url":"https:\/\/secure.gravatar.com\/avatar\/03179346ecce6cdfc13361603e8f54242a90e5cde8618fa23c5c00aa2b0aadf3?s=96&d=mm&r=g","contentUrl":"https:\/\/secure.gravatar.com\/avatar\/03179346ecce6cdfc13361603e8f54242a90e5cde8618fa23c5c00aa2b0aadf3?s=96&d=mm&r=g","caption":"Reda\u00e7\u00e3o"},"sameAs":["https:\/\/noticiaempauta.com\/portal\/"],"url":"https:\/\/noticiaempauta.com\/portal\/author\/fernando\/"}]}},"_links":{"self":[{"href":"https:\/\/noticiaempauta.com\/portal\/wp-json\/wp\/v2\/posts\/261436","targetHints":{"allow":["GET"]}}],"collection":[{"href":"https:\/\/noticiaempauta.com\/portal\/wp-json\/wp\/v2\/posts"}],"about":[{"href":"https:\/\/noticiaempauta.com\/portal\/wp-json\/wp\/v2\/types\/post"}],"author":[{"embeddable":true,"href":"https:\/\/noticiaempauta.com\/portal\/wp-json\/wp\/v2\/users\/2"}],"replies":[{"embeddable":true,"href":"https:\/\/noticiaempauta.com\/portal\/wp-json\/wp\/v2\/comments?post=261436"}],"version-history":[{"count":2,"href":"https:\/\/noticiaempauta.com\/portal\/wp-json\/wp\/v2\/posts\/261436\/revisions"}],"predecessor-version":[{"id":261440,"href":"https:\/\/noticiaempauta.com\/portal\/wp-json\/wp\/v2\/posts\/261436\/revisions\/261440"}],"wp:featuredmedia":[{"embeddable":true,"href":"https:\/\/noticiaempauta.com\/portal\/wp-json\/wp\/v2\/media\/261437"}],"wp:attachment":[{"href":"https:\/\/noticiaempauta.com\/portal\/wp-json\/wp\/v2\/media?parent=261436"}],"wp:term":[{"taxonomy":"category","embeddable":true,"href":"https:\/\/noticiaempauta.com\/portal\/wp-json\/wp\/v2\/categories?post=261436"},{"taxonomy":"post_tag","embeddable":true,"href":"https:\/\/noticiaempauta.com\/portal\/wp-json\/wp\/v2\/tags?post=261436"}],"curies":[{"name":"wp","href":"https:\/\/api.w.org\/{rel}","templated":true}]}}