{"id":261468,"date":"2024-08-24T11:54:11","date_gmt":"2024-08-24T14:54:11","guid":{"rendered":"https:\/\/noticiaempauta.com\/portal\/?p=261468"},"modified":"2024-08-24T11:54:12","modified_gmt":"2024-08-24T14:54:12","slug":"com-grande-publico-presente-pablo-santos-e-xandu-neri-inauguram-comite-no-centro-de-picos","status":"publish","type":"post","link":"https:\/\/noticiaempauta.com\/portal\/com-grande-publico-presente-pablo-santos-e-xandu-neri-inauguram-comite-no-centro-de-picos\/","title":{"rendered":"Com grande p\u00fablico presente Pablo Santos e Xand\u00fa N\u00e9ri inauguram comit\u00ea no centro de Picos"},"content":{"rendered":"\n<p>A chapa majorit\u00e1ria de oposi\u00e7\u00e3o em Picos, formada pelo Dr. Pablo Santos e Xand\u00fa Neri, candidatos a prefeito e vice, respectivamente, inaugurou seu comit\u00ea na noite desta sexta-feira, 23 de agosto. A coliga\u00e7\u00e3o reuniu uma multid\u00e3o na Pra\u00e7a Josino Ferreira que de maneira empolgada e festiva receberam o espa\u00e7o que servir\u00e1 para receber os apoiadores da campanha.<\/p>\n\n\n\n<figure class=\"wp-block-image size-large\"><img fetchpriority=\"high\" decoding=\"async\" width=\"1024\" height=\"506\" src=\"https:\/\/noticiaempauta.com\/portal\/wp-content\/uploads\/2024\/08\/c3bad0fc-1aed-4ed9-8044-d45579fd877d-1024x506.jpeg\" alt=\"\" class=\"wp-image-261470\" srcset=\"https:\/\/noticiaempauta.com\/portal\/wp-content\/uploads\/2024\/08\/c3bad0fc-1aed-4ed9-8044-d45579fd877d-1024x506.jpeg 1024w, https:\/\/noticiaempauta.com\/portal\/wp-content\/uploads\/2024\/08\/c3bad0fc-1aed-4ed9-8044-d45579fd877d-300x148.jpeg 300w, https:\/\/noticiaempauta.com\/portal\/wp-content\/uploads\/2024\/08\/c3bad0fc-1aed-4ed9-8044-d45579fd877d-768x379.jpeg 768w, https:\/\/noticiaempauta.com\/portal\/wp-content\/uploads\/2024\/08\/c3bad0fc-1aed-4ed9-8044-d45579fd877d-1536x759.jpeg 1536w, https:\/\/noticiaempauta.com\/portal\/wp-content\/uploads\/2024\/08\/c3bad0fc-1aed-4ed9-8044-d45579fd877d-2048x1012.jpeg 2048w\" sizes=\"(max-width: 1024px) 100vw, 1024px\" \/><\/figure>\n\n\n\n<p>Al\u00e9m da popula\u00e7\u00e3o estiveram presentes autoridades locais e estaduais\u00a0como os deputados estaduais\u00a0Thales Coelho e Nerinho; vereadores\u00a0de Picos e candidatos a vereador\u00a0pela coliga\u00e7\u00e3o.<\/p>\n\n\n\n<figure class=\"wp-block-image size-full\"><img decoding=\"async\" width=\"899\" height=\"727\" src=\"https:\/\/noticiaempauta.com\/portal\/wp-content\/uploads\/2024\/08\/3fb318d4-6a5e-43ae-912b-30c1dc29cf71-1.jpeg\" alt=\"\" class=\"wp-image-261471\" srcset=\"https:\/\/noticiaempauta.com\/portal\/wp-content\/uploads\/2024\/08\/3fb318d4-6a5e-43ae-912b-30c1dc29cf71-1.jpeg 899w, https:\/\/noticiaempauta.com\/portal\/wp-content\/uploads\/2024\/08\/3fb318d4-6a5e-43ae-912b-30c1dc29cf71-1-300x243.jpeg 300w, https:\/\/noticiaempauta.com\/portal\/wp-content\/uploads\/2024\/08\/3fb318d4-6a5e-43ae-912b-30c1dc29cf71-1-768x621.jpeg 768w\" sizes=\"(max-width: 899px) 100vw, 899px\" \/><\/figure>\n\n\n\n<p>O &#8220;Comit\u00ea do 15&#8221; como foi batizado, fica localizado em frente \u00e0 Pra\u00e7a Josino Ferreira, ao lado dos Correios, no centro de Picos.<\/p>\n\n\n\n<figure class=\"wp-block-image size-large\"><img decoding=\"async\" width=\"1024\" height=\"685\" src=\"https:\/\/noticiaempauta.com\/portal\/wp-content\/uploads\/2024\/08\/ca19f876-cfa3-4640-b0d7-af4551542805-1024x685.jpeg\" alt=\"\" class=\"wp-image-261472\" srcset=\"https:\/\/noticiaempauta.com\/portal\/wp-content\/uploads\/2024\/08\/ca19f876-cfa3-4640-b0d7-af4551542805-1024x685.jpeg 1024w, https:\/\/noticiaempauta.com\/portal\/wp-content\/uploads\/2024\/08\/ca19f876-cfa3-4640-b0d7-af4551542805-300x201.jpeg 300w, https:\/\/noticiaempauta.com\/portal\/wp-content\/uploads\/2024\/08\/ca19f876-cfa3-4640-b0d7-af4551542805-768x514.jpeg 768w, https:\/\/noticiaempauta.com\/portal\/wp-content\/uploads\/2024\/08\/ca19f876-cfa3-4640-b0d7-af4551542805-1536x1027.jpeg 1536w, https:\/\/noticiaempauta.com\/portal\/wp-content\/uploads\/2024\/08\/ca19f876-cfa3-4640-b0d7-af4551542805.jpeg 1600w\" sizes=\"(max-width: 1024px) 100vw, 1024px\" \/><\/figure>\n\n\n\n<p>O candidato a prefeito pelo MDB, Dr. Pablo Santos e a candidata e atual vice-prefeita de Picos, Xand\u00fa Neri (PT), comentaram a respeito da inaugura\u00e7\u00e3o do Comit\u00ea e expressaram sua alegria na festividade do povo.<\/p>\n\n\n\n<figure class=\"wp-block-image size-large\"><img loading=\"lazy\" decoding=\"async\" width=\"1024\" height=\"685\" src=\"https:\/\/noticiaempauta.com\/portal\/wp-content\/uploads\/2024\/08\/81770bb3-f16e-4dff-b96f-7cb670a18ddc-1024x685.jpeg\" alt=\"\" class=\"wp-image-261473\" srcset=\"https:\/\/noticiaempauta.com\/portal\/wp-content\/uploads\/2024\/08\/81770bb3-f16e-4dff-b96f-7cb670a18ddc-1024x685.jpeg 1024w, https:\/\/noticiaempauta.com\/portal\/wp-content\/uploads\/2024\/08\/81770bb3-f16e-4dff-b96f-7cb670a18ddc-300x201.jpeg 300w, https:\/\/noticiaempauta.com\/portal\/wp-content\/uploads\/2024\/08\/81770bb3-f16e-4dff-b96f-7cb670a18ddc-768x514.jpeg 768w, https:\/\/noticiaempauta.com\/portal\/wp-content\/uploads\/2024\/08\/81770bb3-f16e-4dff-b96f-7cb670a18ddc-1536x1027.jpeg 1536w, https:\/\/noticiaempauta.com\/portal\/wp-content\/uploads\/2024\/08\/81770bb3-f16e-4dff-b96f-7cb670a18ddc.jpeg 1600w\" sizes=\"(max-width: 1024px) 100vw, 1024px\" \/><\/figure>\n\n\n\n<p>\u00a0\u201cA presen\u00e7a do povo mostrou a for\u00e7a da nossa caminhada. Estamos cada vez mais unidos e prontos para seguir em frente. Muito feliz em ver tanta gente acreditando em uma nova Picos!\u201d, frisou Pablo Santos.<\/p>\n\n\n\n<figure class=\"wp-block-image size-large\"><img loading=\"lazy\" decoding=\"async\" width=\"1024\" height=\"685\" src=\"https:\/\/noticiaempauta.com\/portal\/wp-content\/uploads\/2024\/08\/efa022f2-e30d-4995-bcf7-359df155badf-1024x685.jpeg\" alt=\"\" class=\"wp-image-261474\" srcset=\"https:\/\/noticiaempauta.com\/portal\/wp-content\/uploads\/2024\/08\/efa022f2-e30d-4995-bcf7-359df155badf-1024x685.jpeg 1024w, https:\/\/noticiaempauta.com\/portal\/wp-content\/uploads\/2024\/08\/efa022f2-e30d-4995-bcf7-359df155badf-300x201.jpeg 300w, https:\/\/noticiaempauta.com\/portal\/wp-content\/uploads\/2024\/08\/efa022f2-e30d-4995-bcf7-359df155badf-768x514.jpeg 768w, https:\/\/noticiaempauta.com\/portal\/wp-content\/uploads\/2024\/08\/efa022f2-e30d-4995-bcf7-359df155badf-1536x1027.jpeg 1536w, https:\/\/noticiaempauta.com\/portal\/wp-content\/uploads\/2024\/08\/efa022f2-e30d-4995-bcf7-359df155badf.jpeg 1600w\" sizes=\"(max-width: 1024px) 100vw, 1024px\" \/><\/figure>\n\n\n\n<p><\/p>\n\n\n\n<figure class=\"wp-block-image size-full\"><img loading=\"lazy\" decoding=\"async\" width=\"640\" height=\"427\" src=\"https:\/\/noticiaempauta.com\/portal\/wp-content\/uploads\/2024\/08\/IMG_4417.jpeg\" alt=\"\" class=\"wp-image-261475\" srcset=\"https:\/\/noticiaempauta.com\/portal\/wp-content\/uploads\/2024\/08\/IMG_4417.jpeg 640w, https:\/\/noticiaempauta.com\/portal\/wp-content\/uploads\/2024\/08\/IMG_4417-300x200.jpeg 300w\" sizes=\"(max-width: 640px) 100vw, 640px\" \/><\/figure>\n\n\n\n<p><\/p>\n\n\n\n<p>A os discursos, Pablo Santos, Xand\u00fa Neri e o deputado Thales Coelho foram para o meio do povo em um ato de festa e uni\u00e3o com a popula\u00e7\u00e3o. Os candidatos a prefeito e vice cumprimentaram os simpatizantes da campanha e tiraram fotos no meio da multid\u00e3o.\u00a0<\/p>\n\n\n\n<figure class=\"wp-block-image size-large\"><img loading=\"lazy\" decoding=\"async\" width=\"1024\" height=\"685\" src=\"https:\/\/noticiaempauta.com\/portal\/wp-content\/uploads\/2024\/08\/2e383b9d-522c-4944-b442-2748bc74497e-1024x685.jpeg\" alt=\"\" class=\"wp-image-261476\" srcset=\"https:\/\/noticiaempauta.com\/portal\/wp-content\/uploads\/2024\/08\/2e383b9d-522c-4944-b442-2748bc74497e-1024x685.jpeg 1024w, https:\/\/noticiaempauta.com\/portal\/wp-content\/uploads\/2024\/08\/2e383b9d-522c-4944-b442-2748bc74497e-300x201.jpeg 300w, https:\/\/noticiaempauta.com\/portal\/wp-content\/uploads\/2024\/08\/2e383b9d-522c-4944-b442-2748bc74497e-768x514.jpeg 768w, https:\/\/noticiaempauta.com\/portal\/wp-content\/uploads\/2024\/08\/2e383b9d-522c-4944-b442-2748bc74497e-1536x1027.jpeg 1536w, https:\/\/noticiaempauta.com\/portal\/wp-content\/uploads\/2024\/08\/2e383b9d-522c-4944-b442-2748bc74497e.jpeg 1600w\" sizes=\"(max-width: 1024px) 100vw, 1024px\" \/><\/figure>\n\n\n\n<p><br><\/p>\n\n\n\n<figure class=\"wp-block-image size-large\"><img loading=\"lazy\" decoding=\"async\" width=\"1024\" height=\"768\" src=\"https:\/\/noticiaempauta.com\/portal\/wp-content\/uploads\/2024\/08\/45c75c28-7640-4dce-ae21-e09636e35bd6-1024x768.jpeg\" alt=\"\" class=\"wp-image-261477\" srcset=\"https:\/\/noticiaempauta.com\/portal\/wp-content\/uploads\/2024\/08\/45c75c28-7640-4dce-ae21-e09636e35bd6-1024x768.jpeg 1024w, https:\/\/noticiaempauta.com\/portal\/wp-content\/uploads\/2024\/08\/45c75c28-7640-4dce-ae21-e09636e35bd6-300x225.jpeg 300w, https:\/\/noticiaempauta.com\/portal\/wp-content\/uploads\/2024\/08\/45c75c28-7640-4dce-ae21-e09636e35bd6-768x576.jpeg 768w, https:\/\/noticiaempauta.com\/portal\/wp-content\/uploads\/2024\/08\/45c75c28-7640-4dce-ae21-e09636e35bd6-1536x1152.jpeg 1536w, https:\/\/noticiaempauta.com\/portal\/wp-content\/uploads\/2024\/08\/45c75c28-7640-4dce-ae21-e09636e35bd6.jpeg 1600w\" sizes=\"(max-width: 1024px) 100vw, 1024px\" \/><\/figure>\n\n\n\n<p><br>Com informa\u00e7\u00f5es do Folha Atual<br><br><br><\/p>\n\n\n\n<p><br><br><\/p>\n\n\n\n<p><\/p>\n\n\n\n<p><\/p>\n","protected":false},"excerpt":{"rendered":"<p>A chapa majorit\u00e1ria de oposi\u00e7\u00e3o em Picos, formada pelo Dr. Pablo Santos e Xand\u00fa Neri, candidatos a prefeito e vice, respectivamente, inaugurou seu comit\u00ea na noite desta sexta-feira, 23 de agosto. A coliga\u00e7\u00e3o reuniu uma multid\u00e3o na Pra\u00e7a Josino Ferreira que de maneira empolgada e festiva receberam o espa\u00e7o que servir\u00e1 para receber os apoiadores [&hellip;]<\/p>\n","protected":false},"author":2,"featured_media":261469,"comment_status":"open","ping_status":"open","sticky":false,"template":"","format":"standard","meta":{"_mi_skip_tracking":false,"footnotes":""},"categories":[25,1,3,16],"tags":[192],"class_list":["post-261468","post","type-post","status-publish","format-standard","has-post-thumbnail","hentry","category-destaques-site","category-geral","category-politica","category-todas","tag-destaqueprincipal"],"acf":[],"yoast_head":"<!-- This site is optimized with the Yoast SEO Premium plugin v19.2 (Yoast SEO v26.9) - https:\/\/yoast.com\/product\/yoast-seo-premium-wordpress\/ -->\n<title>Com grande p\u00fablico presente Pablo Santos e Xand\u00fa N\u00e9ri inauguram comit\u00ea no centro de Picos - Portal Not\u00edcia em Pauta<\/title>\n<meta name=\"robots\" content=\"index, follow, max-snippet:-1, max-image-preview:large, max-video-preview:-1\" \/>\n<link rel=\"canonical\" href=\"https:\/\/noticiaempauta.com\/portal\/com-grande-publico-presente-pablo-santos-e-xandu-neri-inauguram-comite-no-centro-de-picos\/\" \/>\n<meta property=\"og:locale\" content=\"pt_BR\" \/>\n<meta property=\"og:type\" content=\"article\" \/>\n<meta property=\"og:title\" content=\"Com grande p\u00fablico presente Pablo Santos e Xand\u00fa N\u00e9ri inauguram comit\u00ea no centro de Picos\" \/>\n<meta property=\"og:description\" content=\"A chapa majorit\u00e1ria de oposi\u00e7\u00e3o em Picos, formada pelo Dr. Pablo Santos e Xand\u00fa Neri, candidatos a prefeito e vice, respectivamente, inaugurou seu comit\u00ea na noite desta sexta-feira, 23 de agosto. A coliga\u00e7\u00e3o reuniu uma multid\u00e3o na Pra\u00e7a Josino Ferreira que de maneira empolgada e festiva receberam o espa\u00e7o que servir\u00e1 para receber os apoiadores [&hellip;]\" \/>\n<meta property=\"og:url\" content=\"https:\/\/noticiaempauta.com\/portal\/com-grande-publico-presente-pablo-santos-e-xandu-neri-inauguram-comite-no-centro-de-picos\/\" \/>\n<meta property=\"og:site_name\" content=\"Portal Not\u00edcia em Pauta\" \/>\n<meta property=\"article:publisher\" content=\"https:\/\/www.facebook.com\/Portal-Notcia-Em-Pauta-102292869264820\/\" \/>\n<meta property=\"article:published_time\" content=\"2024-08-24T14:54:11+00:00\" \/>\n<meta property=\"article:modified_time\" content=\"2024-08-24T14:54:12+00:00\" \/>\n<meta property=\"og:image\" content=\"https:\/\/noticiaempauta.com\/portal\/wp-content\/uploads\/2024\/08\/3fb318d4-6a5e-43ae-912b-30c1dc29cf71.jpeg\" \/>\n\t<meta property=\"og:image:width\" content=\"899\" \/>\n\t<meta property=\"og:image:height\" content=\"727\" \/>\n\t<meta property=\"og:image:type\" content=\"image\/jpeg\" \/>\n<meta name=\"author\" content=\"Reda\u00e7\u00e3o\" \/>\n<meta name=\"twitter:card\" content=\"summary_large_image\" \/>\n<meta name=\"twitter:label1\" content=\"Escrito por\" \/>\n\t<meta name=\"twitter:data1\" content=\"Reda\u00e7\u00e3o\" \/>\n\t<meta name=\"twitter:label2\" content=\"Est. tempo de leitura\" \/>\n\t<meta name=\"twitter:data2\" content=\"4 minutos\" \/>\n<script type=\"application\/ld+json\" class=\"yoast-schema-graph\">{\"@context\":\"https:\/\/schema.org\",\"@graph\":[{\"@type\":\"Article\",\"@id\":\"https:\/\/noticiaempauta.com\/portal\/com-grande-publico-presente-pablo-santos-e-xandu-neri-inauguram-comite-no-centro-de-picos\/#article\",\"isPartOf\":{\"@id\":\"https:\/\/noticiaempauta.com\/portal\/com-grande-publico-presente-pablo-santos-e-xandu-neri-inauguram-comite-no-centro-de-picos\/\"},\"author\":{\"name\":\"Reda\u00e7\u00e3o\",\"@id\":\"https:\/\/noticiaempauta.com\/portal\/#\/schema\/person\/a74af43dd1ab3deca45f988c717d57ac\"},\"headline\":\"Com grande p\u00fablico presente Pablo Santos e Xand\u00fa N\u00e9ri inauguram comit\u00ea no centro de Picos\",\"datePublished\":\"2024-08-24T14:54:11+00:00\",\"dateModified\":\"2024-08-24T14:54:12+00:00\",\"mainEntityOfPage\":{\"@id\":\"https:\/\/noticiaempauta.com\/portal\/com-grande-publico-presente-pablo-santos-e-xandu-neri-inauguram-comite-no-centro-de-picos\/\"},\"wordCount\":258,\"commentCount\":0,\"publisher\":{\"@id\":\"https:\/\/noticiaempauta.com\/portal\/#organization\"},\"image\":{\"@id\":\"https:\/\/noticiaempauta.com\/portal\/com-grande-publico-presente-pablo-santos-e-xandu-neri-inauguram-comite-no-centro-de-picos\/#primaryimage\"},\"thumbnailUrl\":\"https:\/\/noticiaempauta.com\/portal\/wp-content\/uploads\/2024\/08\/3fb318d4-6a5e-43ae-912b-30c1dc29cf71.jpeg\",\"keywords\":[\"destaqueprincipal\"],\"articleSection\":[\"Destaques\",\"Geral\",\"Pol\u00edtica\",\"Todas as Not\u00edcias\"],\"inLanguage\":\"pt-BR\",\"potentialAction\":[{\"@type\":\"CommentAction\",\"name\":\"Comment\",\"target\":[\"https:\/\/noticiaempauta.com\/portal\/com-grande-publico-presente-pablo-santos-e-xandu-neri-inauguram-comite-no-centro-de-picos\/#respond\"]}]},{\"@type\":\"WebPage\",\"@id\":\"https:\/\/noticiaempauta.com\/portal\/com-grande-publico-presente-pablo-santos-e-xandu-neri-inauguram-comite-no-centro-de-picos\/\",\"url\":\"https:\/\/noticiaempauta.com\/portal\/com-grande-publico-presente-pablo-santos-e-xandu-neri-inauguram-comite-no-centro-de-picos\/\",\"name\":\"Com grande p\u00fablico presente Pablo Santos e Xand\u00fa N\u00e9ri inauguram comit\u00ea no centro de Picos - Portal Not\u00edcia em Pauta\",\"isPartOf\":{\"@id\":\"https:\/\/noticiaempauta.com\/portal\/#website\"},\"primaryImageOfPage\":{\"@id\":\"https:\/\/noticiaempauta.com\/portal\/com-grande-publico-presente-pablo-santos-e-xandu-neri-inauguram-comite-no-centro-de-picos\/#primaryimage\"},\"image\":{\"@id\":\"https:\/\/noticiaempauta.com\/portal\/com-grande-publico-presente-pablo-santos-e-xandu-neri-inauguram-comite-no-centro-de-picos\/#primaryimage\"},\"thumbnailUrl\":\"https:\/\/noticiaempauta.com\/portal\/wp-content\/uploads\/2024\/08\/3fb318d4-6a5e-43ae-912b-30c1dc29cf71.jpeg\",\"datePublished\":\"2024-08-24T14:54:11+00:00\",\"dateModified\":\"2024-08-24T14:54:12+00:00\",\"breadcrumb\":{\"@id\":\"https:\/\/noticiaempauta.com\/portal\/com-grande-publico-presente-pablo-santos-e-xandu-neri-inauguram-comite-no-centro-de-picos\/#breadcrumb\"},\"inLanguage\":\"pt-BR\",\"potentialAction\":[{\"@type\":\"ReadAction\",\"target\":[\"https:\/\/noticiaempauta.com\/portal\/com-grande-publico-presente-pablo-santos-e-xandu-neri-inauguram-comite-no-centro-de-picos\/\"]}]},{\"@type\":\"ImageObject\",\"inLanguage\":\"pt-BR\",\"@id\":\"https:\/\/noticiaempauta.com\/portal\/com-grande-publico-presente-pablo-santos-e-xandu-neri-inauguram-comite-no-centro-de-picos\/#primaryimage\",\"url\":\"https:\/\/noticiaempauta.com\/portal\/wp-content\/uploads\/2024\/08\/3fb318d4-6a5e-43ae-912b-30c1dc29cf71.jpeg\",\"contentUrl\":\"https:\/\/noticiaempauta.com\/portal\/wp-content\/uploads\/2024\/08\/3fb318d4-6a5e-43ae-912b-30c1dc29cf71.jpeg\",\"width\":899,\"height\":727},{\"@type\":\"BreadcrumbList\",\"@id\":\"https:\/\/noticiaempauta.com\/portal\/com-grande-publico-presente-pablo-santos-e-xandu-neri-inauguram-comite-no-centro-de-picos\/#breadcrumb\",\"itemListElement\":[{\"@type\":\"ListItem\",\"position\":1,\"name\":\"P\u00e1gina Inicial\",\"item\":\"https:\/\/noticiaempauta.com\/portal\/\"},{\"@type\":\"ListItem\",\"position\":2,\"name\":\"Destaques\",\"item\":\"https:\/\/noticiaempauta.com\/portal\/destaques-site\/\"},{\"@type\":\"ListItem\",\"position\":3,\"name\":\"Com grande p\u00fablico presente Pablo Santos e Xand\u00fa N\u00e9ri inauguram comit\u00ea no centro de Picos\"}]},{\"@type\":\"WebSite\",\"@id\":\"https:\/\/noticiaempauta.com\/portal\/#website\",\"url\":\"https:\/\/noticiaempauta.com\/portal\/\",\"name\":\"Portal Not\u00edcia em Pauta\",\"description\":\"Voc\u00ea bem informado\",\"publisher\":{\"@id\":\"https:\/\/noticiaempauta.com\/portal\/#organization\"},\"potentialAction\":[{\"@type\":\"SearchAction\",\"target\":{\"@type\":\"EntryPoint\",\"urlTemplate\":\"https:\/\/noticiaempauta.com\/portal\/?s={search_term_string}\"},\"query-input\":{\"@type\":\"PropertyValueSpecification\",\"valueRequired\":true,\"valueName\":\"search_term_string\"}}],\"inLanguage\":\"pt-BR\"},{\"@type\":\"Organization\",\"@id\":\"https:\/\/noticiaempauta.com\/portal\/#organization\",\"name\":\"Portal Not\u00edcia em Pauta\",\"url\":\"https:\/\/noticiaempauta.com\/portal\/\",\"logo\":{\"@type\":\"ImageObject\",\"inLanguage\":\"pt-BR\",\"@id\":\"https:\/\/noticiaempauta.com\/portal\/#\/schema\/logo\/image\/\",\"url\":\"https:\/\/noticiaempauta.com\/portal\/wp-content\/uploads\/2022\/08\/logomarca_tema.fw_.png\",\"contentUrl\":\"https:\/\/noticiaempauta.com\/portal\/wp-content\/uploads\/2022\/08\/logomarca_tema.fw_.png\",\"width\":400,\"height\":232,\"caption\":\"Portal Not\u00edcia em Pauta\"},\"image\":{\"@id\":\"https:\/\/noticiaempauta.com\/portal\/#\/schema\/logo\/image\/\"},\"sameAs\":[\"https:\/\/www.facebook.com\/Portal-Notcia-Em-Pauta-102292869264820\/\",\"https:\/\/www.instagram.com\/portalnoticiaempauta\/\"]},{\"@type\":\"Person\",\"@id\":\"https:\/\/noticiaempauta.com\/portal\/#\/schema\/person\/a74af43dd1ab3deca45f988c717d57ac\",\"name\":\"Reda\u00e7\u00e3o\",\"image\":{\"@type\":\"ImageObject\",\"inLanguage\":\"pt-BR\",\"@id\":\"https:\/\/noticiaempauta.com\/portal\/#\/schema\/person\/image\/\",\"url\":\"https:\/\/secure.gravatar.com\/avatar\/03179346ecce6cdfc13361603e8f54242a90e5cde8618fa23c5c00aa2b0aadf3?s=96&d=mm&r=g\",\"contentUrl\":\"https:\/\/secure.gravatar.com\/avatar\/03179346ecce6cdfc13361603e8f54242a90e5cde8618fa23c5c00aa2b0aadf3?s=96&d=mm&r=g\",\"caption\":\"Reda\u00e7\u00e3o\"},\"sameAs\":[\"https:\/\/noticiaempauta.com\/portal\/\"],\"url\":\"https:\/\/noticiaempauta.com\/portal\/author\/fernando\/\"}]}<\/script>\n<!-- \/ Yoast SEO Premium plugin. -->","yoast_head_json":{"title":"Com grande p\u00fablico presente Pablo Santos e Xand\u00fa N\u00e9ri inauguram comit\u00ea no centro de Picos - Portal Not\u00edcia em Pauta","robots":{"index":"index","follow":"follow","max-snippet":"max-snippet:-1","max-image-preview":"max-image-preview:large","max-video-preview":"max-video-preview:-1"},"canonical":"https:\/\/noticiaempauta.com\/portal\/com-grande-publico-presente-pablo-santos-e-xandu-neri-inauguram-comite-no-centro-de-picos\/","og_locale":"pt_BR","og_type":"article","og_title":"Com grande p\u00fablico presente Pablo Santos e Xand\u00fa N\u00e9ri inauguram comit\u00ea no centro de Picos","og_description":"A chapa majorit\u00e1ria de oposi\u00e7\u00e3o em Picos, formada pelo Dr. Pablo Santos e Xand\u00fa Neri, candidatos a prefeito e vice, respectivamente, inaugurou seu comit\u00ea na noite desta sexta-feira, 23 de agosto. A coliga\u00e7\u00e3o reuniu uma multid\u00e3o na Pra\u00e7a Josino Ferreira que de maneira empolgada e festiva receberam o espa\u00e7o que servir\u00e1 para receber os apoiadores [&hellip;]","og_url":"https:\/\/noticiaempauta.com\/portal\/com-grande-publico-presente-pablo-santos-e-xandu-neri-inauguram-comite-no-centro-de-picos\/","og_site_name":"Portal Not\u00edcia em Pauta","article_publisher":"https:\/\/www.facebook.com\/Portal-Notcia-Em-Pauta-102292869264820\/","article_published_time":"2024-08-24T14:54:11+00:00","article_modified_time":"2024-08-24T14:54:12+00:00","og_image":[{"width":899,"height":727,"url":"https:\/\/noticiaempauta.com\/portal\/wp-content\/uploads\/2024\/08\/3fb318d4-6a5e-43ae-912b-30c1dc29cf71.jpeg","type":"image\/jpeg"}],"author":"Reda\u00e7\u00e3o","twitter_card":"summary_large_image","twitter_misc":{"Escrito por":"Reda\u00e7\u00e3o","Est. tempo de leitura":"4 minutos"},"schema":{"@context":"https:\/\/schema.org","@graph":[{"@type":"Article","@id":"https:\/\/noticiaempauta.com\/portal\/com-grande-publico-presente-pablo-santos-e-xandu-neri-inauguram-comite-no-centro-de-picos\/#article","isPartOf":{"@id":"https:\/\/noticiaempauta.com\/portal\/com-grande-publico-presente-pablo-santos-e-xandu-neri-inauguram-comite-no-centro-de-picos\/"},"author":{"name":"Reda\u00e7\u00e3o","@id":"https:\/\/noticiaempauta.com\/portal\/#\/schema\/person\/a74af43dd1ab3deca45f988c717d57ac"},"headline":"Com grande p\u00fablico presente Pablo Santos e Xand\u00fa N\u00e9ri inauguram comit\u00ea no centro de Picos","datePublished":"2024-08-24T14:54:11+00:00","dateModified":"2024-08-24T14:54:12+00:00","mainEntityOfPage":{"@id":"https:\/\/noticiaempauta.com\/portal\/com-grande-publico-presente-pablo-santos-e-xandu-neri-inauguram-comite-no-centro-de-picos\/"},"wordCount":258,"commentCount":0,"publisher":{"@id":"https:\/\/noticiaempauta.com\/portal\/#organization"},"image":{"@id":"https:\/\/noticiaempauta.com\/portal\/com-grande-publico-presente-pablo-santos-e-xandu-neri-inauguram-comite-no-centro-de-picos\/#primaryimage"},"thumbnailUrl":"https:\/\/noticiaempauta.com\/portal\/wp-content\/uploads\/2024\/08\/3fb318d4-6a5e-43ae-912b-30c1dc29cf71.jpeg","keywords":["destaqueprincipal"],"articleSection":["Destaques","Geral","Pol\u00edtica","Todas as Not\u00edcias"],"inLanguage":"pt-BR","potentialAction":[{"@type":"CommentAction","name":"Comment","target":["https:\/\/noticiaempauta.com\/portal\/com-grande-publico-presente-pablo-santos-e-xandu-neri-inauguram-comite-no-centro-de-picos\/#respond"]}]},{"@type":"WebPage","@id":"https:\/\/noticiaempauta.com\/portal\/com-grande-publico-presente-pablo-santos-e-xandu-neri-inauguram-comite-no-centro-de-picos\/","url":"https:\/\/noticiaempauta.com\/portal\/com-grande-publico-presente-pablo-santos-e-xandu-neri-inauguram-comite-no-centro-de-picos\/","name":"Com grande p\u00fablico presente Pablo Santos e Xand\u00fa N\u00e9ri inauguram comit\u00ea no centro de Picos - Portal Not\u00edcia em Pauta","isPartOf":{"@id":"https:\/\/noticiaempauta.com\/portal\/#website"},"primaryImageOfPage":{"@id":"https:\/\/noticiaempauta.com\/portal\/com-grande-publico-presente-pablo-santos-e-xandu-neri-inauguram-comite-no-centro-de-picos\/#primaryimage"},"image":{"@id":"https:\/\/noticiaempauta.com\/portal\/com-grande-publico-presente-pablo-santos-e-xandu-neri-inauguram-comite-no-centro-de-picos\/#primaryimage"},"thumbnailUrl":"https:\/\/noticiaempauta.com\/portal\/wp-content\/uploads\/2024\/08\/3fb318d4-6a5e-43ae-912b-30c1dc29cf71.jpeg","datePublished":"2024-08-24T14:54:11+00:00","dateModified":"2024-08-24T14:54:12+00:00","breadcrumb":{"@id":"https:\/\/noticiaempauta.com\/portal\/com-grande-publico-presente-pablo-santos-e-xandu-neri-inauguram-comite-no-centro-de-picos\/#breadcrumb"},"inLanguage":"pt-BR","potentialAction":[{"@type":"ReadAction","target":["https:\/\/noticiaempauta.com\/portal\/com-grande-publico-presente-pablo-santos-e-xandu-neri-inauguram-comite-no-centro-de-picos\/"]}]},{"@type":"ImageObject","inLanguage":"pt-BR","@id":"https:\/\/noticiaempauta.com\/portal\/com-grande-publico-presente-pablo-santos-e-xandu-neri-inauguram-comite-no-centro-de-picos\/#primaryimage","url":"https:\/\/noticiaempauta.com\/portal\/wp-content\/uploads\/2024\/08\/3fb318d4-6a5e-43ae-912b-30c1dc29cf71.jpeg","contentUrl":"https:\/\/noticiaempauta.com\/portal\/wp-content\/uploads\/2024\/08\/3fb318d4-6a5e-43ae-912b-30c1dc29cf71.jpeg","width":899,"height":727},{"@type":"BreadcrumbList","@id":"https:\/\/noticiaempauta.com\/portal\/com-grande-publico-presente-pablo-santos-e-xandu-neri-inauguram-comite-no-centro-de-picos\/#breadcrumb","itemListElement":[{"@type":"ListItem","position":1,"name":"P\u00e1gina Inicial","item":"https:\/\/noticiaempauta.com\/portal\/"},{"@type":"ListItem","position":2,"name":"Destaques","item":"https:\/\/noticiaempauta.com\/portal\/destaques-site\/"},{"@type":"ListItem","position":3,"name":"Com grande p\u00fablico presente Pablo Santos e Xand\u00fa N\u00e9ri inauguram comit\u00ea no centro de Picos"}]},{"@type":"WebSite","@id":"https:\/\/noticiaempauta.com\/portal\/#website","url":"https:\/\/noticiaempauta.com\/portal\/","name":"Portal Not\u00edcia em Pauta","description":"Voc\u00ea bem informado","publisher":{"@id":"https:\/\/noticiaempauta.com\/portal\/#organization"},"potentialAction":[{"@type":"SearchAction","target":{"@type":"EntryPoint","urlTemplate":"https:\/\/noticiaempauta.com\/portal\/?s={search_term_string}"},"query-input":{"@type":"PropertyValueSpecification","valueRequired":true,"valueName":"search_term_string"}}],"inLanguage":"pt-BR"},{"@type":"Organization","@id":"https:\/\/noticiaempauta.com\/portal\/#organization","name":"Portal Not\u00edcia em Pauta","url":"https:\/\/noticiaempauta.com\/portal\/","logo":{"@type":"ImageObject","inLanguage":"pt-BR","@id":"https:\/\/noticiaempauta.com\/portal\/#\/schema\/logo\/image\/","url":"https:\/\/noticiaempauta.com\/portal\/wp-content\/uploads\/2022\/08\/logomarca_tema.fw_.png","contentUrl":"https:\/\/noticiaempauta.com\/portal\/wp-content\/uploads\/2022\/08\/logomarca_tema.fw_.png","width":400,"height":232,"caption":"Portal Not\u00edcia em Pauta"},"image":{"@id":"https:\/\/noticiaempauta.com\/portal\/#\/schema\/logo\/image\/"},"sameAs":["https:\/\/www.facebook.com\/Portal-Notcia-Em-Pauta-102292869264820\/","https:\/\/www.instagram.com\/portalnoticiaempauta\/"]},{"@type":"Person","@id":"https:\/\/noticiaempauta.com\/portal\/#\/schema\/person\/a74af43dd1ab3deca45f988c717d57ac","name":"Reda\u00e7\u00e3o","image":{"@type":"ImageObject","inLanguage":"pt-BR","@id":"https:\/\/noticiaempauta.com\/portal\/#\/schema\/person\/image\/","url":"https:\/\/secure.gravatar.com\/avatar\/03179346ecce6cdfc13361603e8f54242a90e5cde8618fa23c5c00aa2b0aadf3?s=96&d=mm&r=g","contentUrl":"https:\/\/secure.gravatar.com\/avatar\/03179346ecce6cdfc13361603e8f54242a90e5cde8618fa23c5c00aa2b0aadf3?s=96&d=mm&r=g","caption":"Reda\u00e7\u00e3o"},"sameAs":["https:\/\/noticiaempauta.com\/portal\/"],"url":"https:\/\/noticiaempauta.com\/portal\/author\/fernando\/"}]}},"_links":{"self":[{"href":"https:\/\/noticiaempauta.com\/portal\/wp-json\/wp\/v2\/posts\/261468","targetHints":{"allow":["GET"]}}],"collection":[{"href":"https:\/\/noticiaempauta.com\/portal\/wp-json\/wp\/v2\/posts"}],"about":[{"href":"https:\/\/noticiaempauta.com\/portal\/wp-json\/wp\/v2\/types\/post"}],"author":[{"embeddable":true,"href":"https:\/\/noticiaempauta.com\/portal\/wp-json\/wp\/v2\/users\/2"}],"replies":[{"embeddable":true,"href":"https:\/\/noticiaempauta.com\/portal\/wp-json\/wp\/v2\/comments?post=261468"}],"version-history":[{"count":2,"href":"https:\/\/noticiaempauta.com\/portal\/wp-json\/wp\/v2\/posts\/261468\/revisions"}],"predecessor-version":[{"id":261479,"href":"https:\/\/noticiaempauta.com\/portal\/wp-json\/wp\/v2\/posts\/261468\/revisions\/261479"}],"wp:featuredmedia":[{"embeddable":true,"href":"https:\/\/noticiaempauta.com\/portal\/wp-json\/wp\/v2\/media\/261469"}],"wp:attachment":[{"href":"https:\/\/noticiaempauta.com\/portal\/wp-json\/wp\/v2\/media?parent=261468"}],"wp:term":[{"taxonomy":"category","embeddable":true,"href":"https:\/\/noticiaempauta.com\/portal\/wp-json\/wp\/v2\/categories?post=261468"},{"taxonomy":"post_tag","embeddable":true,"href":"https:\/\/noticiaempauta.com\/portal\/wp-json\/wp\/v2\/tags?post=261468"}],"curies":[{"name":"wp","href":"https:\/\/api.w.org\/{rel}","templated":true}]}}