{"id":261527,"date":"2024-08-25T06:55:15","date_gmt":"2024-08-25T09:55:15","guid":{"rendered":"https:\/\/noticiaempauta.com\/portal\/?p=261527"},"modified":"2024-08-25T06:55:15","modified_gmt":"2024-08-25T09:55:15","slug":"wellington-dias-entrega-45-tratores-para-fortalecimento-da-agricultura-familiar-nos-municipios","status":"publish","type":"post","link":"https:\/\/noticiaempauta.com\/portal\/wellington-dias-entrega-45-tratores-para-fortalecimento-da-agricultura-familiar-nos-municipios\/","title":{"rendered":"Wellington Dias entrega 45 tratores para fortalecimento da agricultura familiar nos munic\u00edpios"},"content":{"rendered":"\n<p>Neste s\u00e1bado (24), o Piau\u00ed recebeu 45 novos tratores e mais implementos agr\u00edcolas, como grades aradoras e carretas agr\u00edcolas. Os equipamentos foram entreges no Parque de Exposi\u00e7\u00f5es Dirceu Arcoverde, em Teresina, pelo ministro do Desenvolvimento Social e Combate \u00e0 Fome, Wellington Dias. Foram contempladas com o maquin\u00e1rio, associa\u00e7\u00f5es de agricultores familiares que passam a contar com instrumentos mecanizados para impulsionar esse setor. A ideia \u00e9 que as m\u00e1quinas possam contribuir para o abastecimento alimentar do piauiense.<\/p>\n\n\n\n<figure class=\"wp-block-image size-full\"><img fetchpriority=\"high\" decoding=\"async\" width=\"800\" height=\"532\" src=\"https:\/\/noticiaempauta.com\/portal\/wp-content\/uploads\/2024\/08\/6dQVLpZMKZool8jEFWHYiFxnOx9hmZmL6xFlFDvl.webp\" alt=\"\" class=\"wp-image-261530\" srcset=\"https:\/\/noticiaempauta.com\/portal\/wp-content\/uploads\/2024\/08\/6dQVLpZMKZool8jEFWHYiFxnOx9hmZmL6xFlFDvl.webp 800w, https:\/\/noticiaempauta.com\/portal\/wp-content\/uploads\/2024\/08\/6dQVLpZMKZool8jEFWHYiFxnOx9hmZmL6xFlFDvl-300x200.webp 300w, https:\/\/noticiaempauta.com\/portal\/wp-content\/uploads\/2024\/08\/6dQVLpZMKZool8jEFWHYiFxnOx9hmZmL6xFlFDvl-768x511.webp 768w\" sizes=\"(max-width: 800px) 100vw, 800px\" \/><\/figure>\n\n\n\n<p>Os equipamentos foram obtidos por meio do Minist\u00e9rio da Integra\u00e7\u00e3o Nacional\/Codevasf (Companhia de Desenvolvimento dos Vales S\u00e3o Francisco e do Parna\u00edba) com o apoio da bancada federal do Piau\u00ed e entregues por meio da Secretaria da Agricultura Familiar (SAF) e da Secretaria de Assist\u00eancia T\u00e9cnica e Defesa Agropecu\u00e1ria (SADA) \u00e0s entidades para fortalecer e desenvolver a agricultura familiar no Piau\u00ed, o que representa investimento total de mais de R$ 6.7 milh\u00f5es de reais.&nbsp;<\/p>\n\n\n\n<figure class=\"wp-block-image size-full\"><img decoding=\"async\" width=\"800\" height=\"533\" src=\"https:\/\/noticiaempauta.com\/portal\/wp-content\/uploads\/2024\/08\/xn80lNfqQRPnCV4AWB1uPt98MXgOYrQ8bk1bmGCe.webp\" alt=\"\" class=\"wp-image-261529\" srcset=\"https:\/\/noticiaempauta.com\/portal\/wp-content\/uploads\/2024\/08\/xn80lNfqQRPnCV4AWB1uPt98MXgOYrQ8bk1bmGCe.webp 800w, https:\/\/noticiaempauta.com\/portal\/wp-content\/uploads\/2024\/08\/xn80lNfqQRPnCV4AWB1uPt98MXgOYrQ8bk1bmGCe-300x200.webp 300w, https:\/\/noticiaempauta.com\/portal\/wp-content\/uploads\/2024\/08\/xn80lNfqQRPnCV4AWB1uPt98MXgOYrQ8bk1bmGCe-768x512.webp 768w\" sizes=\"(max-width: 800px) 100vw, 800px\" \/><\/figure>\n\n\n\n<p>Os munic\u00edpios contemplados com os novos equipamentos s\u00e3o: Alagoinha, Alto Long\u00e1, Altos, An\u00edsio de Abreu, Baixa Grande do Ribeiro, Bel\u00e9m do Piau\u00ed, Bertol\u00ednia, Bet\u00e2nia, Boa Hora, Cabeceiras, Caridade, Cocal, Coivaras, Col\u00f4nia do Gurgueia, Corrente, Cristal\u00e2ndia, Dirceu Arcoverde, Elesb\u00e3o Veloso, Francisco Ayres, Fronteiras, Gilbu\u00e9s, Luzil\u00e2ndia, Madeiro, Manoel Em\u00eddio, Marcos Parente, Matias Ol\u00edmpio, Miguel Alves, Nazar\u00e9 do Piau\u00ed, Paes Landim, Parnagu\u00e1, Picos, Pio IX, Regenera\u00e7\u00e3o, S\u00e3o Miguel do Fidalgo, Sigefredo Pacheco, Sim\u00f5es, Teresina, Uru\u00e7u\u00ed, V\u00e1rzea Grande e Vila Nova do Piau\u00ed.<\/p>\n\n\n\n<figure class=\"wp-block-image size-full\"><img decoding=\"async\" width=\"800\" height=\"533\" src=\"https:\/\/noticiaempauta.com\/portal\/wp-content\/uploads\/2024\/08\/sGOk4lzV00pVaZ8gVvuVA8fFLmsCeA9onzruMIjj.webp\" alt=\"\" class=\"wp-image-261528\" srcset=\"https:\/\/noticiaempauta.com\/portal\/wp-content\/uploads\/2024\/08\/sGOk4lzV00pVaZ8gVvuVA8fFLmsCeA9onzruMIjj.webp 800w, https:\/\/noticiaempauta.com\/portal\/wp-content\/uploads\/2024\/08\/sGOk4lzV00pVaZ8gVvuVA8fFLmsCeA9onzruMIjj-300x200.webp 300w, https:\/\/noticiaempauta.com\/portal\/wp-content\/uploads\/2024\/08\/sGOk4lzV00pVaZ8gVvuVA8fFLmsCeA9onzruMIjj-768x512.webp 768w\" sizes=\"(max-width: 800px) 100vw, 800px\" \/><figcaption class=\"wp-element-caption\">(Fotos: Ascom \/ MDS)<\/figcaption><\/figure>\n\n\n\n<p>Para o ministro Wellington Dias, na pol\u00edtica de combate \u00e0 fome e \u00e0 pobreza \u00e9 essencial o apoio \u00e0 produ\u00e7\u00e3o de alimentos pelos produtores rurais, especialmente, os agricultores familiares. \u201cAssim vamos trabalhar cada vez mais com tecnologias para melhor produ\u00e7\u00e3o na agricultora familiar. Os tratores equipados significam, para os pequenos agricultores, mais produ\u00e7\u00e3o de alimentos e mais renda e com a mesma terra. Isso ajuda no combate \u00e0 fome e redu\u00e7\u00e3o da pobreza\u201d, destacou Dias.<\/p>\n\n\n\n<p>O secret\u00e1rio da Assist\u00eancia T\u00e9cnica e Defesa Agropecu\u00e1ria (SADA) F\u00e1bio Abreu destacou que a entrega dos equipamentos faz parte de uma a\u00e7\u00e3o nacional de amplia\u00e7\u00e3o da oferta de alimentos para reduzir a fome e a pobreza no Brasil. &#8220;O maior objetivo \u00e9 exatamente a tecnifica\u00e7\u00e3o da agricultura familiar, o fortalecimento da agricultura familiar e esse fortalecimento ele consiste em proporcionar ao nosso agricultor familiar condi\u00e7\u00f5es de aumentar a sua produ\u00e7\u00e3o e quando ele recebe um equipamento desses equipamentos fica claro e evidente o aumento na sua capacidade de produ\u00e7\u00e3o, a diminui\u00e7\u00e3o do seu esfor\u00e7o f\u00edsico e sem d\u00favida nenhuma que \u00e9 dentro de um cen\u00e1rio maior que \u00e9 o grande objetivo, que \u00e9 tirar o Brasil do mapa da fome, pois n\u00f3s teremos uma maior oferta de alimentos&#8221;, afirmou.<\/p>\n\n\n\n<p>O Superintendente da Codevasf no Piau\u00ed, Marcelo Vaz da Costa e Castro, destacou a import\u00e2ncia dessa pol\u00edtica p\u00fablica no desenvolvimento da agricultura fam\u00edlia. \u201cPromove renda, desenvolvimento, aumenta e melhora a produ\u00e7\u00e3o e a produtividade desses agricultores familiares, trazendo maior conforto na execu\u00e7\u00e3o das tarefas. E consequentemente melhorando a qualidade de vida dessas pessoas\u201d, finaliza.<\/p>\n\n\n\n<p><strong><em>Fonte: Portal O Dia<\/em><\/strong><\/p>\n","protected":false},"excerpt":{"rendered":"<p>Neste s\u00e1bado (24), o Piau\u00ed recebeu 45 novos tratores e mais implementos agr\u00edcolas, como grades aradoras e carretas agr\u00edcolas. Os equipamentos foram entreges no Parque de Exposi\u00e7\u00f5es Dirceu Arcoverde, em Teresina, pelo ministro do Desenvolvimento Social e Combate \u00e0 Fome, Wellington Dias. Foram contempladas com o maquin\u00e1rio, associa\u00e7\u00f5es de agricultores familiares que passam a contar [&hellip;]<\/p>\n","protected":false},"author":2,"featured_media":261530,"comment_status":"open","ping_status":"open","sticky":false,"template":"","format":"standard","meta":{"_mi_skip_tracking":false,"footnotes":""},"categories":[25,1,9,16],"tags":[192],"class_list":["post-261527","post","type-post","status-publish","format-standard","has-post-thumbnail","hentry","category-destaques-site","category-geral","category-municipios","category-todas","tag-destaqueprincipal"],"acf":[],"yoast_head":"<!-- This site is optimized with the Yoast SEO Premium plugin v19.2 (Yoast SEO v26.9) - https:\/\/yoast.com\/product\/yoast-seo-premium-wordpress\/ -->\n<title>Wellington Dias entrega 45 tratores para fortalecimento da agricultura familiar nos munic\u00edpios - Portal Not\u00edcia em Pauta<\/title>\n<meta name=\"robots\" content=\"index, follow, max-snippet:-1, max-image-preview:large, max-video-preview:-1\" \/>\n<link rel=\"canonical\" href=\"https:\/\/noticiaempauta.com\/portal\/wellington-dias-entrega-45-tratores-para-fortalecimento-da-agricultura-familiar-nos-municipios\/\" \/>\n<meta property=\"og:locale\" content=\"pt_BR\" \/>\n<meta property=\"og:type\" content=\"article\" \/>\n<meta property=\"og:title\" content=\"Wellington Dias entrega 45 tratores para fortalecimento da agricultura familiar nos munic\u00edpios\" \/>\n<meta property=\"og:description\" content=\"Neste s\u00e1bado (24), o Piau\u00ed recebeu 45 novos tratores e mais implementos agr\u00edcolas, como grades aradoras e carretas agr\u00edcolas. Os equipamentos foram entreges no Parque de Exposi\u00e7\u00f5es Dirceu Arcoverde, em Teresina, pelo ministro do Desenvolvimento Social e Combate \u00e0 Fome, Wellington Dias. Foram contempladas com o maquin\u00e1rio, associa\u00e7\u00f5es de agricultores familiares que passam a contar [&hellip;]\" \/>\n<meta property=\"og:url\" content=\"https:\/\/noticiaempauta.com\/portal\/wellington-dias-entrega-45-tratores-para-fortalecimento-da-agricultura-familiar-nos-municipios\/\" \/>\n<meta property=\"og:site_name\" content=\"Portal Not\u00edcia em Pauta\" \/>\n<meta property=\"article:publisher\" content=\"https:\/\/www.facebook.com\/Portal-Notcia-Em-Pauta-102292869264820\/\" \/>\n<meta property=\"article:published_time\" content=\"2024-08-25T09:55:15+00:00\" \/>\n<meta property=\"og:image\" content=\"https:\/\/noticiaempauta.com\/portal\/wp-content\/uploads\/2024\/08\/6dQVLpZMKZool8jEFWHYiFxnOx9hmZmL6xFlFDvl.webp\" \/>\n\t<meta property=\"og:image:width\" content=\"800\" \/>\n\t<meta property=\"og:image:height\" content=\"532\" \/>\n\t<meta property=\"og:image:type\" content=\"image\/webp\" \/>\n<meta name=\"author\" content=\"Reda\u00e7\u00e3o\" \/>\n<meta name=\"twitter:card\" content=\"summary_large_image\" \/>\n<meta name=\"twitter:label1\" content=\"Escrito por\" \/>\n\t<meta name=\"twitter:data1\" content=\"Reda\u00e7\u00e3o\" \/>\n\t<meta name=\"twitter:label2\" content=\"Est. tempo de leitura\" \/>\n\t<meta name=\"twitter:data2\" content=\"4 minutos\" \/>\n<script type=\"application\/ld+json\" class=\"yoast-schema-graph\">{\"@context\":\"https:\/\/schema.org\",\"@graph\":[{\"@type\":\"Article\",\"@id\":\"https:\/\/noticiaempauta.com\/portal\/wellington-dias-entrega-45-tratores-para-fortalecimento-da-agricultura-familiar-nos-municipios\/#article\",\"isPartOf\":{\"@id\":\"https:\/\/noticiaempauta.com\/portal\/wellington-dias-entrega-45-tratores-para-fortalecimento-da-agricultura-familiar-nos-municipios\/\"},\"author\":{\"name\":\"Reda\u00e7\u00e3o\",\"@id\":\"https:\/\/noticiaempauta.com\/portal\/#\/schema\/person\/a74af43dd1ab3deca45f988c717d57ac\"},\"headline\":\"Wellington Dias entrega 45 tratores para fortalecimento da agricultura familiar nos munic\u00edpios\",\"datePublished\":\"2024-08-25T09:55:15+00:00\",\"mainEntityOfPage\":{\"@id\":\"https:\/\/noticiaempauta.com\/portal\/wellington-dias-entrega-45-tratores-para-fortalecimento-da-agricultura-familiar-nos-municipios\/\"},\"wordCount\":554,\"commentCount\":0,\"publisher\":{\"@id\":\"https:\/\/noticiaempauta.com\/portal\/#organization\"},\"image\":{\"@id\":\"https:\/\/noticiaempauta.com\/portal\/wellington-dias-entrega-45-tratores-para-fortalecimento-da-agricultura-familiar-nos-municipios\/#primaryimage\"},\"thumbnailUrl\":\"https:\/\/noticiaempauta.com\/portal\/wp-content\/uploads\/2024\/08\/6dQVLpZMKZool8jEFWHYiFxnOx9hmZmL6xFlFDvl.webp\",\"keywords\":[\"destaqueprincipal\"],\"articleSection\":[\"Destaques\",\"Geral\",\"Munic\u00edpios\",\"Todas as Not\u00edcias\"],\"inLanguage\":\"pt-BR\",\"potentialAction\":[{\"@type\":\"CommentAction\",\"name\":\"Comment\",\"target\":[\"https:\/\/noticiaempauta.com\/portal\/wellington-dias-entrega-45-tratores-para-fortalecimento-da-agricultura-familiar-nos-municipios\/#respond\"]}]},{\"@type\":\"WebPage\",\"@id\":\"https:\/\/noticiaempauta.com\/portal\/wellington-dias-entrega-45-tratores-para-fortalecimento-da-agricultura-familiar-nos-municipios\/\",\"url\":\"https:\/\/noticiaempauta.com\/portal\/wellington-dias-entrega-45-tratores-para-fortalecimento-da-agricultura-familiar-nos-municipios\/\",\"name\":\"Wellington Dias entrega 45 tratores para fortalecimento da agricultura familiar nos munic\u00edpios - Portal Not\u00edcia em Pauta\",\"isPartOf\":{\"@id\":\"https:\/\/noticiaempauta.com\/portal\/#website\"},\"primaryImageOfPage\":{\"@id\":\"https:\/\/noticiaempauta.com\/portal\/wellington-dias-entrega-45-tratores-para-fortalecimento-da-agricultura-familiar-nos-municipios\/#primaryimage\"},\"image\":{\"@id\":\"https:\/\/noticiaempauta.com\/portal\/wellington-dias-entrega-45-tratores-para-fortalecimento-da-agricultura-familiar-nos-municipios\/#primaryimage\"},\"thumbnailUrl\":\"https:\/\/noticiaempauta.com\/portal\/wp-content\/uploads\/2024\/08\/6dQVLpZMKZool8jEFWHYiFxnOx9hmZmL6xFlFDvl.webp\",\"datePublished\":\"2024-08-25T09:55:15+00:00\",\"breadcrumb\":{\"@id\":\"https:\/\/noticiaempauta.com\/portal\/wellington-dias-entrega-45-tratores-para-fortalecimento-da-agricultura-familiar-nos-municipios\/#breadcrumb\"},\"inLanguage\":\"pt-BR\",\"potentialAction\":[{\"@type\":\"ReadAction\",\"target\":[\"https:\/\/noticiaempauta.com\/portal\/wellington-dias-entrega-45-tratores-para-fortalecimento-da-agricultura-familiar-nos-municipios\/\"]}]},{\"@type\":\"ImageObject\",\"inLanguage\":\"pt-BR\",\"@id\":\"https:\/\/noticiaempauta.com\/portal\/wellington-dias-entrega-45-tratores-para-fortalecimento-da-agricultura-familiar-nos-municipios\/#primaryimage\",\"url\":\"https:\/\/noticiaempauta.com\/portal\/wp-content\/uploads\/2024\/08\/6dQVLpZMKZool8jEFWHYiFxnOx9hmZmL6xFlFDvl.webp\",\"contentUrl\":\"https:\/\/noticiaempauta.com\/portal\/wp-content\/uploads\/2024\/08\/6dQVLpZMKZool8jEFWHYiFxnOx9hmZmL6xFlFDvl.webp\",\"width\":800,\"height\":532},{\"@type\":\"BreadcrumbList\",\"@id\":\"https:\/\/noticiaempauta.com\/portal\/wellington-dias-entrega-45-tratores-para-fortalecimento-da-agricultura-familiar-nos-municipios\/#breadcrumb\",\"itemListElement\":[{\"@type\":\"ListItem\",\"position\":1,\"name\":\"P\u00e1gina Inicial\",\"item\":\"https:\/\/noticiaempauta.com\/portal\/\"},{\"@type\":\"ListItem\",\"position\":2,\"name\":\"Destaques\",\"item\":\"https:\/\/noticiaempauta.com\/portal\/destaques-site\/\"},{\"@type\":\"ListItem\",\"position\":3,\"name\":\"Wellington Dias entrega 45 tratores para fortalecimento da agricultura familiar nos munic\u00edpios\"}]},{\"@type\":\"WebSite\",\"@id\":\"https:\/\/noticiaempauta.com\/portal\/#website\",\"url\":\"https:\/\/noticiaempauta.com\/portal\/\",\"name\":\"Portal Not\u00edcia em Pauta\",\"description\":\"Voc\u00ea bem informado\",\"publisher\":{\"@id\":\"https:\/\/noticiaempauta.com\/portal\/#organization\"},\"potentialAction\":[{\"@type\":\"SearchAction\",\"target\":{\"@type\":\"EntryPoint\",\"urlTemplate\":\"https:\/\/noticiaempauta.com\/portal\/?s={search_term_string}\"},\"query-input\":{\"@type\":\"PropertyValueSpecification\",\"valueRequired\":true,\"valueName\":\"search_term_string\"}}],\"inLanguage\":\"pt-BR\"},{\"@type\":\"Organization\",\"@id\":\"https:\/\/noticiaempauta.com\/portal\/#organization\",\"name\":\"Portal Not\u00edcia em Pauta\",\"url\":\"https:\/\/noticiaempauta.com\/portal\/\",\"logo\":{\"@type\":\"ImageObject\",\"inLanguage\":\"pt-BR\",\"@id\":\"https:\/\/noticiaempauta.com\/portal\/#\/schema\/logo\/image\/\",\"url\":\"https:\/\/noticiaempauta.com\/portal\/wp-content\/uploads\/2022\/08\/logomarca_tema.fw_.png\",\"contentUrl\":\"https:\/\/noticiaempauta.com\/portal\/wp-content\/uploads\/2022\/08\/logomarca_tema.fw_.png\",\"width\":400,\"height\":232,\"caption\":\"Portal Not\u00edcia em Pauta\"},\"image\":{\"@id\":\"https:\/\/noticiaempauta.com\/portal\/#\/schema\/logo\/image\/\"},\"sameAs\":[\"https:\/\/www.facebook.com\/Portal-Notcia-Em-Pauta-102292869264820\/\",\"https:\/\/www.instagram.com\/portalnoticiaempauta\/\"]},{\"@type\":\"Person\",\"@id\":\"https:\/\/noticiaempauta.com\/portal\/#\/schema\/person\/a74af43dd1ab3deca45f988c717d57ac\",\"name\":\"Reda\u00e7\u00e3o\",\"image\":{\"@type\":\"ImageObject\",\"inLanguage\":\"pt-BR\",\"@id\":\"https:\/\/noticiaempauta.com\/portal\/#\/schema\/person\/image\/\",\"url\":\"https:\/\/secure.gravatar.com\/avatar\/03179346ecce6cdfc13361603e8f54242a90e5cde8618fa23c5c00aa2b0aadf3?s=96&d=mm&r=g\",\"contentUrl\":\"https:\/\/secure.gravatar.com\/avatar\/03179346ecce6cdfc13361603e8f54242a90e5cde8618fa23c5c00aa2b0aadf3?s=96&d=mm&r=g\",\"caption\":\"Reda\u00e7\u00e3o\"},\"sameAs\":[\"https:\/\/noticiaempauta.com\/portal\/\"],\"url\":\"https:\/\/noticiaempauta.com\/portal\/author\/fernando\/\"}]}<\/script>\n<!-- \/ Yoast SEO Premium plugin. -->","yoast_head_json":{"title":"Wellington Dias entrega 45 tratores para fortalecimento da agricultura familiar nos munic\u00edpios - Portal Not\u00edcia em Pauta","robots":{"index":"index","follow":"follow","max-snippet":"max-snippet:-1","max-image-preview":"max-image-preview:large","max-video-preview":"max-video-preview:-1"},"canonical":"https:\/\/noticiaempauta.com\/portal\/wellington-dias-entrega-45-tratores-para-fortalecimento-da-agricultura-familiar-nos-municipios\/","og_locale":"pt_BR","og_type":"article","og_title":"Wellington Dias entrega 45 tratores para fortalecimento da agricultura familiar nos munic\u00edpios","og_description":"Neste s\u00e1bado (24), o Piau\u00ed recebeu 45 novos tratores e mais implementos agr\u00edcolas, como grades aradoras e carretas agr\u00edcolas. Os equipamentos foram entreges no Parque de Exposi\u00e7\u00f5es Dirceu Arcoverde, em Teresina, pelo ministro do Desenvolvimento Social e Combate \u00e0 Fome, Wellington Dias. Foram contempladas com o maquin\u00e1rio, associa\u00e7\u00f5es de agricultores familiares que passam a contar [&hellip;]","og_url":"https:\/\/noticiaempauta.com\/portal\/wellington-dias-entrega-45-tratores-para-fortalecimento-da-agricultura-familiar-nos-municipios\/","og_site_name":"Portal Not\u00edcia em Pauta","article_publisher":"https:\/\/www.facebook.com\/Portal-Notcia-Em-Pauta-102292869264820\/","article_published_time":"2024-08-25T09:55:15+00:00","og_image":[{"width":800,"height":532,"url":"https:\/\/noticiaempauta.com\/portal\/wp-content\/uploads\/2024\/08\/6dQVLpZMKZool8jEFWHYiFxnOx9hmZmL6xFlFDvl.webp","type":"image\/webp"}],"author":"Reda\u00e7\u00e3o","twitter_card":"summary_large_image","twitter_misc":{"Escrito por":"Reda\u00e7\u00e3o","Est. tempo de leitura":"4 minutos"},"schema":{"@context":"https:\/\/schema.org","@graph":[{"@type":"Article","@id":"https:\/\/noticiaempauta.com\/portal\/wellington-dias-entrega-45-tratores-para-fortalecimento-da-agricultura-familiar-nos-municipios\/#article","isPartOf":{"@id":"https:\/\/noticiaempauta.com\/portal\/wellington-dias-entrega-45-tratores-para-fortalecimento-da-agricultura-familiar-nos-municipios\/"},"author":{"name":"Reda\u00e7\u00e3o","@id":"https:\/\/noticiaempauta.com\/portal\/#\/schema\/person\/a74af43dd1ab3deca45f988c717d57ac"},"headline":"Wellington Dias entrega 45 tratores para fortalecimento da agricultura familiar nos munic\u00edpios","datePublished":"2024-08-25T09:55:15+00:00","mainEntityOfPage":{"@id":"https:\/\/noticiaempauta.com\/portal\/wellington-dias-entrega-45-tratores-para-fortalecimento-da-agricultura-familiar-nos-municipios\/"},"wordCount":554,"commentCount":0,"publisher":{"@id":"https:\/\/noticiaempauta.com\/portal\/#organization"},"image":{"@id":"https:\/\/noticiaempauta.com\/portal\/wellington-dias-entrega-45-tratores-para-fortalecimento-da-agricultura-familiar-nos-municipios\/#primaryimage"},"thumbnailUrl":"https:\/\/noticiaempauta.com\/portal\/wp-content\/uploads\/2024\/08\/6dQVLpZMKZool8jEFWHYiFxnOx9hmZmL6xFlFDvl.webp","keywords":["destaqueprincipal"],"articleSection":["Destaques","Geral","Munic\u00edpios","Todas as Not\u00edcias"],"inLanguage":"pt-BR","potentialAction":[{"@type":"CommentAction","name":"Comment","target":["https:\/\/noticiaempauta.com\/portal\/wellington-dias-entrega-45-tratores-para-fortalecimento-da-agricultura-familiar-nos-municipios\/#respond"]}]},{"@type":"WebPage","@id":"https:\/\/noticiaempauta.com\/portal\/wellington-dias-entrega-45-tratores-para-fortalecimento-da-agricultura-familiar-nos-municipios\/","url":"https:\/\/noticiaempauta.com\/portal\/wellington-dias-entrega-45-tratores-para-fortalecimento-da-agricultura-familiar-nos-municipios\/","name":"Wellington Dias entrega 45 tratores para fortalecimento da agricultura familiar nos munic\u00edpios - Portal Not\u00edcia em Pauta","isPartOf":{"@id":"https:\/\/noticiaempauta.com\/portal\/#website"},"primaryImageOfPage":{"@id":"https:\/\/noticiaempauta.com\/portal\/wellington-dias-entrega-45-tratores-para-fortalecimento-da-agricultura-familiar-nos-municipios\/#primaryimage"},"image":{"@id":"https:\/\/noticiaempauta.com\/portal\/wellington-dias-entrega-45-tratores-para-fortalecimento-da-agricultura-familiar-nos-municipios\/#primaryimage"},"thumbnailUrl":"https:\/\/noticiaempauta.com\/portal\/wp-content\/uploads\/2024\/08\/6dQVLpZMKZool8jEFWHYiFxnOx9hmZmL6xFlFDvl.webp","datePublished":"2024-08-25T09:55:15+00:00","breadcrumb":{"@id":"https:\/\/noticiaempauta.com\/portal\/wellington-dias-entrega-45-tratores-para-fortalecimento-da-agricultura-familiar-nos-municipios\/#breadcrumb"},"inLanguage":"pt-BR","potentialAction":[{"@type":"ReadAction","target":["https:\/\/noticiaempauta.com\/portal\/wellington-dias-entrega-45-tratores-para-fortalecimento-da-agricultura-familiar-nos-municipios\/"]}]},{"@type":"ImageObject","inLanguage":"pt-BR","@id":"https:\/\/noticiaempauta.com\/portal\/wellington-dias-entrega-45-tratores-para-fortalecimento-da-agricultura-familiar-nos-municipios\/#primaryimage","url":"https:\/\/noticiaempauta.com\/portal\/wp-content\/uploads\/2024\/08\/6dQVLpZMKZool8jEFWHYiFxnOx9hmZmL6xFlFDvl.webp","contentUrl":"https:\/\/noticiaempauta.com\/portal\/wp-content\/uploads\/2024\/08\/6dQVLpZMKZool8jEFWHYiFxnOx9hmZmL6xFlFDvl.webp","width":800,"height":532},{"@type":"BreadcrumbList","@id":"https:\/\/noticiaempauta.com\/portal\/wellington-dias-entrega-45-tratores-para-fortalecimento-da-agricultura-familiar-nos-municipios\/#breadcrumb","itemListElement":[{"@type":"ListItem","position":1,"name":"P\u00e1gina Inicial","item":"https:\/\/noticiaempauta.com\/portal\/"},{"@type":"ListItem","position":2,"name":"Destaques","item":"https:\/\/noticiaempauta.com\/portal\/destaques-site\/"},{"@type":"ListItem","position":3,"name":"Wellington Dias entrega 45 tratores para fortalecimento da agricultura familiar nos munic\u00edpios"}]},{"@type":"WebSite","@id":"https:\/\/noticiaempauta.com\/portal\/#website","url":"https:\/\/noticiaempauta.com\/portal\/","name":"Portal Not\u00edcia em Pauta","description":"Voc\u00ea bem informado","publisher":{"@id":"https:\/\/noticiaempauta.com\/portal\/#organization"},"potentialAction":[{"@type":"SearchAction","target":{"@type":"EntryPoint","urlTemplate":"https:\/\/noticiaempauta.com\/portal\/?s={search_term_string}"},"query-input":{"@type":"PropertyValueSpecification","valueRequired":true,"valueName":"search_term_string"}}],"inLanguage":"pt-BR"},{"@type":"Organization","@id":"https:\/\/noticiaempauta.com\/portal\/#organization","name":"Portal Not\u00edcia em Pauta","url":"https:\/\/noticiaempauta.com\/portal\/","logo":{"@type":"ImageObject","inLanguage":"pt-BR","@id":"https:\/\/noticiaempauta.com\/portal\/#\/schema\/logo\/image\/","url":"https:\/\/noticiaempauta.com\/portal\/wp-content\/uploads\/2022\/08\/logomarca_tema.fw_.png","contentUrl":"https:\/\/noticiaempauta.com\/portal\/wp-content\/uploads\/2022\/08\/logomarca_tema.fw_.png","width":400,"height":232,"caption":"Portal Not\u00edcia em Pauta"},"image":{"@id":"https:\/\/noticiaempauta.com\/portal\/#\/schema\/logo\/image\/"},"sameAs":["https:\/\/www.facebook.com\/Portal-Notcia-Em-Pauta-102292869264820\/","https:\/\/www.instagram.com\/portalnoticiaempauta\/"]},{"@type":"Person","@id":"https:\/\/noticiaempauta.com\/portal\/#\/schema\/person\/a74af43dd1ab3deca45f988c717d57ac","name":"Reda\u00e7\u00e3o","image":{"@type":"ImageObject","inLanguage":"pt-BR","@id":"https:\/\/noticiaempauta.com\/portal\/#\/schema\/person\/image\/","url":"https:\/\/secure.gravatar.com\/avatar\/03179346ecce6cdfc13361603e8f54242a90e5cde8618fa23c5c00aa2b0aadf3?s=96&d=mm&r=g","contentUrl":"https:\/\/secure.gravatar.com\/avatar\/03179346ecce6cdfc13361603e8f54242a90e5cde8618fa23c5c00aa2b0aadf3?s=96&d=mm&r=g","caption":"Reda\u00e7\u00e3o"},"sameAs":["https:\/\/noticiaempauta.com\/portal\/"],"url":"https:\/\/noticiaempauta.com\/portal\/author\/fernando\/"}]}},"_links":{"self":[{"href":"https:\/\/noticiaempauta.com\/portal\/wp-json\/wp\/v2\/posts\/261527","targetHints":{"allow":["GET"]}}],"collection":[{"href":"https:\/\/noticiaempauta.com\/portal\/wp-json\/wp\/v2\/posts"}],"about":[{"href":"https:\/\/noticiaempauta.com\/portal\/wp-json\/wp\/v2\/types\/post"}],"author":[{"embeddable":true,"href":"https:\/\/noticiaempauta.com\/portal\/wp-json\/wp\/v2\/users\/2"}],"replies":[{"embeddable":true,"href":"https:\/\/noticiaempauta.com\/portal\/wp-json\/wp\/v2\/comments?post=261527"}],"version-history":[{"count":2,"href":"https:\/\/noticiaempauta.com\/portal\/wp-json\/wp\/v2\/posts\/261527\/revisions"}],"predecessor-version":[{"id":261532,"href":"https:\/\/noticiaempauta.com\/portal\/wp-json\/wp\/v2\/posts\/261527\/revisions\/261532"}],"wp:featuredmedia":[{"embeddable":true,"href":"https:\/\/noticiaempauta.com\/portal\/wp-json\/wp\/v2\/media\/261530"}],"wp:attachment":[{"href":"https:\/\/noticiaempauta.com\/portal\/wp-json\/wp\/v2\/media?parent=261527"}],"wp:term":[{"taxonomy":"category","embeddable":true,"href":"https:\/\/noticiaempauta.com\/portal\/wp-json\/wp\/v2\/categories?post=261527"},{"taxonomy":"post_tag","embeddable":true,"href":"https:\/\/noticiaempauta.com\/portal\/wp-json\/wp\/v2\/tags?post=261527"}],"curies":[{"name":"wp","href":"https:\/\/api.w.org\/{rel}","templated":true}]}}