{"id":261537,"date":"2024-08-26T05:48:55","date_gmt":"2024-08-26T08:48:55","guid":{"rendered":"https:\/\/noticiaempauta.com\/portal\/?p=261537"},"modified":"2024-08-26T05:48:55","modified_gmt":"2024-08-26T08:48:55","slug":"tre-suspende-divulgacao-de-pesquisa-do-instituto-opinar-em-picos","status":"publish","type":"post","link":"https:\/\/noticiaempauta.com\/portal\/tre-suspende-divulgacao-de-pesquisa-do-instituto-opinar-em-picos\/","title":{"rendered":"TRE suspende divulga\u00e7\u00e3o de pesquisa do Instituto Opinar em Picos"},"content":{"rendered":"\n<p>O Tribunal Regional Eleitoral do Piau\u00ed (TRE-PI) acaba de suspender a divulga\u00e7\u00e3o de pesquisa eleitoral realizada em Picos pelo Instituto Opinar Ltda, prevista para ser divulgada nesta segunda-feira (26). A decis\u00e3o foi dada pelo juiz Jos\u00e9 Maria de Ara\u00fajo Costa.<\/p>\n\n\n\n<p>A decis\u00e3o do magistrado atende mandado de seguran\u00e7a impetrado pela Coliga\u00e7\u00e3o \u201cUma Nova Picos Est\u00e1 para Nascer\u201d, formada pelos partidos MDB, PT, PC do B, PV, PDT, PSB, PSD, contra decis\u00e3o do juiz eleitoral da 10\u00aa Zona Eleitoral de Picos.<\/p>\n\n\n\n<p>A coliga\u00e7\u00e3o alega que a pesquisa foi feita de maneira irregular, pois a empresa cometeu grave erro ao consignar o nome do candidato \u00e0 prefeito apenas como Pablo Santos e n\u00e3o Dr. Pablo Santos, como \u00e9 conhecido desde o in\u00edcio de sua trajet\u00f3ria pol\u00edtica. Aponta que a utiliza\u00e7\u00e3o de um nome diferente no question\u00e1rio pode induzir os eleitores a erro, comprometendo a veracidade dos resultados e, consequentemente, a lisura do processo eleitoral.<\/p>\n\n\n\n<p>A coliga\u00e7\u00e3o ajuizou representa\u00e7\u00e3o junto ao Ju\u00edzo da 10\u00aa Zona Eleitoral em Picos-PI, requerendo, em car\u00e1ter liminar, a n\u00e3o divulga\u00e7\u00e3o da pesquisa, argumentando que a mesma estava viciada e n\u00e3o trazia a real identifica\u00e7\u00e3o do candidato que lidera a corrida eleitoral. O magistrado de primeiro grau negou o pedido de liminar, sob o argumento de que a pesquisa n\u00e3o violava a Resolu\u00e7\u00e3o 23.600\/2019 do TSE, que regulamenta as pesquisas eleitorais.<\/p>\n\n\n\n<p>O juiz do TRE-PI ressaltou que a correta identifica\u00e7\u00e3o do nome dos candidatos \u00e9 fundamental para que os eleitores possam fazer escolhas conscientes. \u201c\u00c9 fato que o candidato \u201cDr. Pablo\u201d \/ \u201cDr. Pablo Santos\u201d \u00e9 reconhecido como doutor, por ser m\u00e9dico, cujo t\u00edtulo \u00e9 uma forma de respeito e reconhecimento do profissional em sua \u00e1rea de atua\u00e7\u00e3o. O uso do t\u00edtulo de doutor por m\u00e9dicos \u00e9 uma pr\u00e1tica comum em algumas culturas, como a brasileira e que se intensifica mais ainda nos munic\u00edpios do interior\u201d, diz.<\/p>\n\n\n\n<p>Para o magistrado, o nome do candidato emedebista \u00e9 reconhecido pela alcunha \u201cDr. Pablo\u201d desde o in\u00edcio de sua trajet\u00f3ria pol\u00edtica, de modo que a utiliza\u00e7\u00e3o do nome \u201cPablo Santos\u201d na pesquisa eleitoral pode induzir os eleitores a erro, viciando assim o resultado da pesquisa e, consequentemente, a percep\u00e7\u00e3o p\u00fablica sobre a real inten\u00e7\u00e3o de voto. \u201cConsequentemente, a utiliza\u00e7\u00e3o na pesquisa eleitoral do nome pelo qual o candidato \u00e9 amplamente conhecido no munic\u00edpio deve prevalecer. Isso n\u00e3o apenas garante que as pesquisas sejam um reflexo preciso das inten\u00e7\u00f5es e opini\u00f5es dos eleitores, mas tamb\u00e9m protege contra a dissemina\u00e7\u00e3o de informa\u00e7\u00f5es que possam ser enganosas ou irrelevantes para o eleitorado\u201d, diz a decis\u00e3o.<\/p>\n\n\n\n<p>O juiz determinou a imediata suspens\u00e3o da divulga\u00e7\u00e3o da pesquisa eleitoral do Instituto Opinar, sob pena de multa de R$ 10 mil em caso de descumprimento.<\/p>\n\n\n\n<p><em><strong>Fonte: GP1<\/strong><\/em><\/p>\n\n\n\n<p><\/p>\n","protected":false},"excerpt":{"rendered":"<p>O Tribunal Regional Eleitoral do Piau\u00ed (TRE-PI) acaba de suspender a divulga\u00e7\u00e3o de pesquisa eleitoral realizada em Picos pelo Instituto Opinar Ltda, prevista para ser divulgada nesta segunda-feira (26). A decis\u00e3o foi dada pelo juiz Jos\u00e9 Maria de Ara\u00fajo Costa. A decis\u00e3o do magistrado atende mandado de seguran\u00e7a impetrado pela Coliga\u00e7\u00e3o \u201cUma Nova Picos Est\u00e1 [&hellip;]<\/p>\n","protected":false},"author":2,"featured_media":251866,"comment_status":"open","ping_status":"open","sticky":false,"template":"","format":"standard","meta":{"_mi_skip_tracking":false,"footnotes":""},"categories":[25,1,3,16],"tags":[192],"class_list":["post-261537","post","type-post","status-publish","format-standard","has-post-thumbnail","hentry","category-destaques-site","category-geral","category-politica","category-todas","tag-destaqueprincipal"],"acf":[],"yoast_head":"<!-- This site is optimized with the Yoast SEO Premium plugin v19.2 (Yoast SEO v26.9) - https:\/\/yoast.com\/product\/yoast-seo-premium-wordpress\/ -->\n<title>TRE suspende divulga\u00e7\u00e3o de pesquisa do Instituto Opinar em Picos - Portal Not\u00edcia em Pauta<\/title>\n<meta name=\"robots\" content=\"index, follow, max-snippet:-1, max-image-preview:large, max-video-preview:-1\" \/>\n<link rel=\"canonical\" href=\"https:\/\/noticiaempauta.com\/portal\/tre-suspende-divulgacao-de-pesquisa-do-instituto-opinar-em-picos\/\" \/>\n<meta property=\"og:locale\" content=\"pt_BR\" \/>\n<meta property=\"og:type\" content=\"article\" \/>\n<meta property=\"og:title\" content=\"TRE suspende divulga\u00e7\u00e3o de pesquisa do Instituto Opinar em Picos\" \/>\n<meta property=\"og:description\" content=\"O Tribunal Regional Eleitoral do Piau\u00ed (TRE-PI) acaba de suspender a divulga\u00e7\u00e3o de pesquisa eleitoral realizada em Picos pelo Instituto Opinar Ltda, prevista para ser divulgada nesta segunda-feira (26). A decis\u00e3o foi dada pelo juiz Jos\u00e9 Maria de Ara\u00fajo Costa. A decis\u00e3o do magistrado atende mandado de seguran\u00e7a impetrado pela Coliga\u00e7\u00e3o \u201cUma Nova Picos Est\u00e1 [&hellip;]\" \/>\n<meta property=\"og:url\" content=\"https:\/\/noticiaempauta.com\/portal\/tre-suspende-divulgacao-de-pesquisa-do-instituto-opinar-em-picos\/\" \/>\n<meta property=\"og:site_name\" content=\"Portal Not\u00edcia em Pauta\" \/>\n<meta property=\"article:publisher\" content=\"https:\/\/www.facebook.com\/Portal-Notcia-Em-Pauta-102292869264820\/\" \/>\n<meta property=\"article:published_time\" content=\"2024-08-26T08:48:55+00:00\" \/>\n<meta property=\"og:image\" content=\"https:\/\/noticiaempauta.com\/portal\/wp-content\/uploads\/2023\/11\/tre-pi-imagem-predio.jpg\" \/>\n\t<meta property=\"og:image:width\" content=\"630\" \/>\n\t<meta property=\"og:image:height\" content=\"300\" \/>\n\t<meta property=\"og:image:type\" content=\"image\/jpeg\" \/>\n<meta name=\"author\" content=\"Reda\u00e7\u00e3o\" \/>\n<meta name=\"twitter:card\" content=\"summary_large_image\" \/>\n<meta name=\"twitter:label1\" content=\"Escrito por\" \/>\n\t<meta name=\"twitter:data1\" content=\"Reda\u00e7\u00e3o\" \/>\n\t<meta name=\"twitter:label2\" content=\"Est. tempo de leitura\" \/>\n\t<meta name=\"twitter:data2\" content=\"3 minutos\" \/>\n<script type=\"application\/ld+json\" class=\"yoast-schema-graph\">{\"@context\":\"https:\/\/schema.org\",\"@graph\":[{\"@type\":\"Article\",\"@id\":\"https:\/\/noticiaempauta.com\/portal\/tre-suspende-divulgacao-de-pesquisa-do-instituto-opinar-em-picos\/#article\",\"isPartOf\":{\"@id\":\"https:\/\/noticiaempauta.com\/portal\/tre-suspende-divulgacao-de-pesquisa-do-instituto-opinar-em-picos\/\"},\"author\":{\"name\":\"Reda\u00e7\u00e3o\",\"@id\":\"https:\/\/noticiaempauta.com\/portal\/#\/schema\/person\/a74af43dd1ab3deca45f988c717d57ac\"},\"headline\":\"TRE suspende divulga\u00e7\u00e3o de pesquisa do Instituto Opinar em Picos\",\"datePublished\":\"2024-08-26T08:48:55+00:00\",\"mainEntityOfPage\":{\"@id\":\"https:\/\/noticiaempauta.com\/portal\/tre-suspende-divulgacao-de-pesquisa-do-instituto-opinar-em-picos\/\"},\"wordCount\":494,\"commentCount\":0,\"publisher\":{\"@id\":\"https:\/\/noticiaempauta.com\/portal\/#organization\"},\"image\":{\"@id\":\"https:\/\/noticiaempauta.com\/portal\/tre-suspende-divulgacao-de-pesquisa-do-instituto-opinar-em-picos\/#primaryimage\"},\"thumbnailUrl\":\"https:\/\/noticiaempauta.com\/portal\/wp-content\/uploads\/2023\/11\/tre-pi-imagem-predio.jpg\",\"keywords\":[\"destaqueprincipal\"],\"articleSection\":[\"Destaques\",\"Geral\",\"Pol\u00edtica\",\"Todas as Not\u00edcias\"],\"inLanguage\":\"pt-BR\",\"potentialAction\":[{\"@type\":\"CommentAction\",\"name\":\"Comment\",\"target\":[\"https:\/\/noticiaempauta.com\/portal\/tre-suspende-divulgacao-de-pesquisa-do-instituto-opinar-em-picos\/#respond\"]}]},{\"@type\":\"WebPage\",\"@id\":\"https:\/\/noticiaempauta.com\/portal\/tre-suspende-divulgacao-de-pesquisa-do-instituto-opinar-em-picos\/\",\"url\":\"https:\/\/noticiaempauta.com\/portal\/tre-suspende-divulgacao-de-pesquisa-do-instituto-opinar-em-picos\/\",\"name\":\"TRE suspende divulga\u00e7\u00e3o de pesquisa do Instituto Opinar em Picos - Portal Not\u00edcia em Pauta\",\"isPartOf\":{\"@id\":\"https:\/\/noticiaempauta.com\/portal\/#website\"},\"primaryImageOfPage\":{\"@id\":\"https:\/\/noticiaempauta.com\/portal\/tre-suspende-divulgacao-de-pesquisa-do-instituto-opinar-em-picos\/#primaryimage\"},\"image\":{\"@id\":\"https:\/\/noticiaempauta.com\/portal\/tre-suspende-divulgacao-de-pesquisa-do-instituto-opinar-em-picos\/#primaryimage\"},\"thumbnailUrl\":\"https:\/\/noticiaempauta.com\/portal\/wp-content\/uploads\/2023\/11\/tre-pi-imagem-predio.jpg\",\"datePublished\":\"2024-08-26T08:48:55+00:00\",\"breadcrumb\":{\"@id\":\"https:\/\/noticiaempauta.com\/portal\/tre-suspende-divulgacao-de-pesquisa-do-instituto-opinar-em-picos\/#breadcrumb\"},\"inLanguage\":\"pt-BR\",\"potentialAction\":[{\"@type\":\"ReadAction\",\"target\":[\"https:\/\/noticiaempauta.com\/portal\/tre-suspende-divulgacao-de-pesquisa-do-instituto-opinar-em-picos\/\"]}]},{\"@type\":\"ImageObject\",\"inLanguage\":\"pt-BR\",\"@id\":\"https:\/\/noticiaempauta.com\/portal\/tre-suspende-divulgacao-de-pesquisa-do-instituto-opinar-em-picos\/#primaryimage\",\"url\":\"https:\/\/noticiaempauta.com\/portal\/wp-content\/uploads\/2023\/11\/tre-pi-imagem-predio.jpg\",\"contentUrl\":\"https:\/\/noticiaempauta.com\/portal\/wp-content\/uploads\/2023\/11\/tre-pi-imagem-predio.jpg\",\"width\":630,\"height\":300},{\"@type\":\"BreadcrumbList\",\"@id\":\"https:\/\/noticiaempauta.com\/portal\/tre-suspende-divulgacao-de-pesquisa-do-instituto-opinar-em-picos\/#breadcrumb\",\"itemListElement\":[{\"@type\":\"ListItem\",\"position\":1,\"name\":\"P\u00e1gina Inicial\",\"item\":\"https:\/\/noticiaempauta.com\/portal\/\"},{\"@type\":\"ListItem\",\"position\":2,\"name\":\"Destaques\",\"item\":\"https:\/\/noticiaempauta.com\/portal\/destaques-site\/\"},{\"@type\":\"ListItem\",\"position\":3,\"name\":\"TRE suspende divulga\u00e7\u00e3o de pesquisa do Instituto Opinar em Picos\"}]},{\"@type\":\"WebSite\",\"@id\":\"https:\/\/noticiaempauta.com\/portal\/#website\",\"url\":\"https:\/\/noticiaempauta.com\/portal\/\",\"name\":\"Portal Not\u00edcia em Pauta\",\"description\":\"Voc\u00ea bem informado\",\"publisher\":{\"@id\":\"https:\/\/noticiaempauta.com\/portal\/#organization\"},\"potentialAction\":[{\"@type\":\"SearchAction\",\"target\":{\"@type\":\"EntryPoint\",\"urlTemplate\":\"https:\/\/noticiaempauta.com\/portal\/?s={search_term_string}\"},\"query-input\":{\"@type\":\"PropertyValueSpecification\",\"valueRequired\":true,\"valueName\":\"search_term_string\"}}],\"inLanguage\":\"pt-BR\"},{\"@type\":\"Organization\",\"@id\":\"https:\/\/noticiaempauta.com\/portal\/#organization\",\"name\":\"Portal Not\u00edcia em Pauta\",\"url\":\"https:\/\/noticiaempauta.com\/portal\/\",\"logo\":{\"@type\":\"ImageObject\",\"inLanguage\":\"pt-BR\",\"@id\":\"https:\/\/noticiaempauta.com\/portal\/#\/schema\/logo\/image\/\",\"url\":\"https:\/\/noticiaempauta.com\/portal\/wp-content\/uploads\/2022\/08\/logomarca_tema.fw_.png\",\"contentUrl\":\"https:\/\/noticiaempauta.com\/portal\/wp-content\/uploads\/2022\/08\/logomarca_tema.fw_.png\",\"width\":400,\"height\":232,\"caption\":\"Portal Not\u00edcia em Pauta\"},\"image\":{\"@id\":\"https:\/\/noticiaempauta.com\/portal\/#\/schema\/logo\/image\/\"},\"sameAs\":[\"https:\/\/www.facebook.com\/Portal-Notcia-Em-Pauta-102292869264820\/\",\"https:\/\/www.instagram.com\/portalnoticiaempauta\/\"]},{\"@type\":\"Person\",\"@id\":\"https:\/\/noticiaempauta.com\/portal\/#\/schema\/person\/a74af43dd1ab3deca45f988c717d57ac\",\"name\":\"Reda\u00e7\u00e3o\",\"image\":{\"@type\":\"ImageObject\",\"inLanguage\":\"pt-BR\",\"@id\":\"https:\/\/noticiaempauta.com\/portal\/#\/schema\/person\/image\/\",\"url\":\"https:\/\/secure.gravatar.com\/avatar\/03179346ecce6cdfc13361603e8f54242a90e5cde8618fa23c5c00aa2b0aadf3?s=96&d=mm&r=g\",\"contentUrl\":\"https:\/\/secure.gravatar.com\/avatar\/03179346ecce6cdfc13361603e8f54242a90e5cde8618fa23c5c00aa2b0aadf3?s=96&d=mm&r=g\",\"caption\":\"Reda\u00e7\u00e3o\"},\"sameAs\":[\"https:\/\/noticiaempauta.com\/portal\/\"],\"url\":\"https:\/\/noticiaempauta.com\/portal\/author\/fernando\/\"}]}<\/script>\n<!-- \/ Yoast SEO Premium plugin. -->","yoast_head_json":{"title":"TRE suspende divulga\u00e7\u00e3o de pesquisa do Instituto Opinar em Picos - Portal Not\u00edcia em Pauta","robots":{"index":"index","follow":"follow","max-snippet":"max-snippet:-1","max-image-preview":"max-image-preview:large","max-video-preview":"max-video-preview:-1"},"canonical":"https:\/\/noticiaempauta.com\/portal\/tre-suspende-divulgacao-de-pesquisa-do-instituto-opinar-em-picos\/","og_locale":"pt_BR","og_type":"article","og_title":"TRE suspende divulga\u00e7\u00e3o de pesquisa do Instituto Opinar em Picos","og_description":"O Tribunal Regional Eleitoral do Piau\u00ed (TRE-PI) acaba de suspender a divulga\u00e7\u00e3o de pesquisa eleitoral realizada em Picos pelo Instituto Opinar Ltda, prevista para ser divulgada nesta segunda-feira (26). A decis\u00e3o foi dada pelo juiz Jos\u00e9 Maria de Ara\u00fajo Costa. A decis\u00e3o do magistrado atende mandado de seguran\u00e7a impetrado pela Coliga\u00e7\u00e3o \u201cUma Nova Picos Est\u00e1 [&hellip;]","og_url":"https:\/\/noticiaempauta.com\/portal\/tre-suspende-divulgacao-de-pesquisa-do-instituto-opinar-em-picos\/","og_site_name":"Portal Not\u00edcia em Pauta","article_publisher":"https:\/\/www.facebook.com\/Portal-Notcia-Em-Pauta-102292869264820\/","article_published_time":"2024-08-26T08:48:55+00:00","og_image":[{"width":630,"height":300,"url":"https:\/\/noticiaempauta.com\/portal\/wp-content\/uploads\/2023\/11\/tre-pi-imagem-predio.jpg","type":"image\/jpeg"}],"author":"Reda\u00e7\u00e3o","twitter_card":"summary_large_image","twitter_misc":{"Escrito por":"Reda\u00e7\u00e3o","Est. tempo de leitura":"3 minutos"},"schema":{"@context":"https:\/\/schema.org","@graph":[{"@type":"Article","@id":"https:\/\/noticiaempauta.com\/portal\/tre-suspende-divulgacao-de-pesquisa-do-instituto-opinar-em-picos\/#article","isPartOf":{"@id":"https:\/\/noticiaempauta.com\/portal\/tre-suspende-divulgacao-de-pesquisa-do-instituto-opinar-em-picos\/"},"author":{"name":"Reda\u00e7\u00e3o","@id":"https:\/\/noticiaempauta.com\/portal\/#\/schema\/person\/a74af43dd1ab3deca45f988c717d57ac"},"headline":"TRE suspende divulga\u00e7\u00e3o de pesquisa do Instituto Opinar em Picos","datePublished":"2024-08-26T08:48:55+00:00","mainEntityOfPage":{"@id":"https:\/\/noticiaempauta.com\/portal\/tre-suspende-divulgacao-de-pesquisa-do-instituto-opinar-em-picos\/"},"wordCount":494,"commentCount":0,"publisher":{"@id":"https:\/\/noticiaempauta.com\/portal\/#organization"},"image":{"@id":"https:\/\/noticiaempauta.com\/portal\/tre-suspende-divulgacao-de-pesquisa-do-instituto-opinar-em-picos\/#primaryimage"},"thumbnailUrl":"https:\/\/noticiaempauta.com\/portal\/wp-content\/uploads\/2023\/11\/tre-pi-imagem-predio.jpg","keywords":["destaqueprincipal"],"articleSection":["Destaques","Geral","Pol\u00edtica","Todas as Not\u00edcias"],"inLanguage":"pt-BR","potentialAction":[{"@type":"CommentAction","name":"Comment","target":["https:\/\/noticiaempauta.com\/portal\/tre-suspende-divulgacao-de-pesquisa-do-instituto-opinar-em-picos\/#respond"]}]},{"@type":"WebPage","@id":"https:\/\/noticiaempauta.com\/portal\/tre-suspende-divulgacao-de-pesquisa-do-instituto-opinar-em-picos\/","url":"https:\/\/noticiaempauta.com\/portal\/tre-suspende-divulgacao-de-pesquisa-do-instituto-opinar-em-picos\/","name":"TRE suspende divulga\u00e7\u00e3o de pesquisa do Instituto Opinar em Picos - Portal Not\u00edcia em Pauta","isPartOf":{"@id":"https:\/\/noticiaempauta.com\/portal\/#website"},"primaryImageOfPage":{"@id":"https:\/\/noticiaempauta.com\/portal\/tre-suspende-divulgacao-de-pesquisa-do-instituto-opinar-em-picos\/#primaryimage"},"image":{"@id":"https:\/\/noticiaempauta.com\/portal\/tre-suspende-divulgacao-de-pesquisa-do-instituto-opinar-em-picos\/#primaryimage"},"thumbnailUrl":"https:\/\/noticiaempauta.com\/portal\/wp-content\/uploads\/2023\/11\/tre-pi-imagem-predio.jpg","datePublished":"2024-08-26T08:48:55+00:00","breadcrumb":{"@id":"https:\/\/noticiaempauta.com\/portal\/tre-suspende-divulgacao-de-pesquisa-do-instituto-opinar-em-picos\/#breadcrumb"},"inLanguage":"pt-BR","potentialAction":[{"@type":"ReadAction","target":["https:\/\/noticiaempauta.com\/portal\/tre-suspende-divulgacao-de-pesquisa-do-instituto-opinar-em-picos\/"]}]},{"@type":"ImageObject","inLanguage":"pt-BR","@id":"https:\/\/noticiaempauta.com\/portal\/tre-suspende-divulgacao-de-pesquisa-do-instituto-opinar-em-picos\/#primaryimage","url":"https:\/\/noticiaempauta.com\/portal\/wp-content\/uploads\/2023\/11\/tre-pi-imagem-predio.jpg","contentUrl":"https:\/\/noticiaempauta.com\/portal\/wp-content\/uploads\/2023\/11\/tre-pi-imagem-predio.jpg","width":630,"height":300},{"@type":"BreadcrumbList","@id":"https:\/\/noticiaempauta.com\/portal\/tre-suspende-divulgacao-de-pesquisa-do-instituto-opinar-em-picos\/#breadcrumb","itemListElement":[{"@type":"ListItem","position":1,"name":"P\u00e1gina Inicial","item":"https:\/\/noticiaempauta.com\/portal\/"},{"@type":"ListItem","position":2,"name":"Destaques","item":"https:\/\/noticiaempauta.com\/portal\/destaques-site\/"},{"@type":"ListItem","position":3,"name":"TRE suspende divulga\u00e7\u00e3o de pesquisa do Instituto Opinar em Picos"}]},{"@type":"WebSite","@id":"https:\/\/noticiaempauta.com\/portal\/#website","url":"https:\/\/noticiaempauta.com\/portal\/","name":"Portal Not\u00edcia em Pauta","description":"Voc\u00ea bem informado","publisher":{"@id":"https:\/\/noticiaempauta.com\/portal\/#organization"},"potentialAction":[{"@type":"SearchAction","target":{"@type":"EntryPoint","urlTemplate":"https:\/\/noticiaempauta.com\/portal\/?s={search_term_string}"},"query-input":{"@type":"PropertyValueSpecification","valueRequired":true,"valueName":"search_term_string"}}],"inLanguage":"pt-BR"},{"@type":"Organization","@id":"https:\/\/noticiaempauta.com\/portal\/#organization","name":"Portal Not\u00edcia em Pauta","url":"https:\/\/noticiaempauta.com\/portal\/","logo":{"@type":"ImageObject","inLanguage":"pt-BR","@id":"https:\/\/noticiaempauta.com\/portal\/#\/schema\/logo\/image\/","url":"https:\/\/noticiaempauta.com\/portal\/wp-content\/uploads\/2022\/08\/logomarca_tema.fw_.png","contentUrl":"https:\/\/noticiaempauta.com\/portal\/wp-content\/uploads\/2022\/08\/logomarca_tema.fw_.png","width":400,"height":232,"caption":"Portal Not\u00edcia em Pauta"},"image":{"@id":"https:\/\/noticiaempauta.com\/portal\/#\/schema\/logo\/image\/"},"sameAs":["https:\/\/www.facebook.com\/Portal-Notcia-Em-Pauta-102292869264820\/","https:\/\/www.instagram.com\/portalnoticiaempauta\/"]},{"@type":"Person","@id":"https:\/\/noticiaempauta.com\/portal\/#\/schema\/person\/a74af43dd1ab3deca45f988c717d57ac","name":"Reda\u00e7\u00e3o","image":{"@type":"ImageObject","inLanguage":"pt-BR","@id":"https:\/\/noticiaempauta.com\/portal\/#\/schema\/person\/image\/","url":"https:\/\/secure.gravatar.com\/avatar\/03179346ecce6cdfc13361603e8f54242a90e5cde8618fa23c5c00aa2b0aadf3?s=96&d=mm&r=g","contentUrl":"https:\/\/secure.gravatar.com\/avatar\/03179346ecce6cdfc13361603e8f54242a90e5cde8618fa23c5c00aa2b0aadf3?s=96&d=mm&r=g","caption":"Reda\u00e7\u00e3o"},"sameAs":["https:\/\/noticiaempauta.com\/portal\/"],"url":"https:\/\/noticiaempauta.com\/portal\/author\/fernando\/"}]}},"_links":{"self":[{"href":"https:\/\/noticiaempauta.com\/portal\/wp-json\/wp\/v2\/posts\/261537","targetHints":{"allow":["GET"]}}],"collection":[{"href":"https:\/\/noticiaempauta.com\/portal\/wp-json\/wp\/v2\/posts"}],"about":[{"href":"https:\/\/noticiaempauta.com\/portal\/wp-json\/wp\/v2\/types\/post"}],"author":[{"embeddable":true,"href":"https:\/\/noticiaempauta.com\/portal\/wp-json\/wp\/v2\/users\/2"}],"replies":[{"embeddable":true,"href":"https:\/\/noticiaempauta.com\/portal\/wp-json\/wp\/v2\/comments?post=261537"}],"version-history":[{"count":2,"href":"https:\/\/noticiaempauta.com\/portal\/wp-json\/wp\/v2\/posts\/261537\/revisions"}],"predecessor-version":[{"id":261539,"href":"https:\/\/noticiaempauta.com\/portal\/wp-json\/wp\/v2\/posts\/261537\/revisions\/261539"}],"wp:featuredmedia":[{"embeddable":true,"href":"https:\/\/noticiaempauta.com\/portal\/wp-json\/wp\/v2\/media\/251866"}],"wp:attachment":[{"href":"https:\/\/noticiaempauta.com\/portal\/wp-json\/wp\/v2\/media?parent=261537"}],"wp:term":[{"taxonomy":"category","embeddable":true,"href":"https:\/\/noticiaempauta.com\/portal\/wp-json\/wp\/v2\/categories?post=261537"},{"taxonomy":"post_tag","embeddable":true,"href":"https:\/\/noticiaempauta.com\/portal\/wp-json\/wp\/v2\/tags?post=261537"}],"curies":[{"name":"wp","href":"https:\/\/api.w.org\/{rel}","templated":true}]}}