{"id":261540,"date":"2024-08-26T05:53:19","date_gmt":"2024-08-26T08:53:19","guid":{"rendered":"https:\/\/noticiaempauta.com\/portal\/?p=261540"},"modified":"2024-08-26T05:53:20","modified_gmt":"2024-08-26T08:53:20","slug":"programa-mais-medicos-convoca-70-profissionais-para-preencher-vagas-em-50-municipios-no-piaui","status":"publish","type":"post","link":"https:\/\/noticiaempauta.com\/portal\/programa-mais-medicos-convoca-70-profissionais-para-preencher-vagas-em-50-municipios-no-piaui\/","title":{"rendered":"Programa Mais M\u00e9dicos convoca 70 profissionais para preencher vagas em 50 munic\u00edpios no Piau\u00ed"},"content":{"rendered":"\n<p>O Minist\u00e9rio da Sa\u00fade divulgou, nessa quinta-feira (22), o resultado da chamada do 38\u00ba ciclo do programa Mais M\u00e9dicos. Para o Piau\u00ed, foram chamados 70 novos profissionais para preencher as vagas de m\u00e9dicos em 50 munic\u00edpios.<\/p>\n\n\n\n<p>Esses profissionais t\u00eam at\u00e9 ter\u00e7a-feira (27) para se apresentarem nos munic\u00edpios, entregarem as documenta\u00e7\u00f5es necess\u00e1rias, validarem o processo e iniciarem as atividades de atendimento \u00e0 popula\u00e7\u00e3o.<\/p>\n\n\n\n<p>\u201cAt\u00e9 essa data, os m\u00e9dicos devem apresentar as documenta\u00e7\u00f5es aos gestores municipais, que far\u00e3o a homologa\u00e7\u00e3o e, assim, os mesmos poder\u00e3o iniciar as atividades\u201d, disse a coordenadora do Programa Mais M\u00e9dicos na Secretaria da Sa\u00fade, Idvani Braga.<\/p>\n\n\n\n<p>Em \u00e2mbito nacional, foram mais de 33 mil inscri\u00e7\u00f5es para essa etapa do programa, que ofertou 3.177 vagas para m\u00e9dicos. Ao todo, na regi\u00e3o Nordeste, ser\u00e3o alocados 1.104 profissionais. Desse n\u00famero, 70 atuar\u00e3o no Piau\u00ed em munic\u00edpios de todas as regi\u00f5es do estado.<\/p>\n\n\n\n<p>\u201cOs m\u00e9dicos convocados devem acessar o Sistema de Gest\u00e3o de Programas (SGP), por meio do site do programa, e confirmar o interesse na vaga em que foram habilitados\u201d, lembra a coordenadora.<\/p>\n\n\n\n<p>O governo federal retomou o Mais M\u00e9dicos em 2023 para garantir atendimento m\u00e9dico, principalmente em regi\u00f5es de vazios assistenciais, al\u00e9m de oferecer aos profissionais oportunidade de qualifica\u00e7\u00e3o e aperfei\u00e7oamento em sa\u00fade da fam\u00edlia e comunidade, com incentivos e benef\u00edcios para atua\u00e7\u00e3o em \u00e1reas mais vulner\u00e1veis.<\/p>\n\n\n\n<p>CCOM-PI<\/p>\n","protected":false},"excerpt":{"rendered":"<p>O Minist\u00e9rio da Sa\u00fade divulgou, nessa quinta-feira (22), o resultado da chamada do 38\u00ba ciclo do programa Mais M\u00e9dicos. Para o Piau\u00ed, foram chamados 70 novos profissionais para preencher as vagas de m\u00e9dicos em 50 munic\u00edpios. Esses profissionais t\u00eam at\u00e9 ter\u00e7a-feira (27) para se apresentarem nos munic\u00edpios, entregarem as documenta\u00e7\u00f5es necess\u00e1rias, validarem o processo e [&hellip;]<\/p>\n","protected":false},"author":2,"featured_media":261541,"comment_status":"open","ping_status":"open","sticky":false,"template":"","format":"standard","meta":{"_mi_skip_tracking":false,"footnotes":""},"categories":[25,1,9,5,16],"tags":[192],"class_list":["post-261540","post","type-post","status-publish","format-standard","has-post-thumbnail","hentry","category-destaques-site","category-geral","category-municipios","category-saude","category-todas","tag-destaqueprincipal"],"acf":[],"yoast_head":"<!-- This site is optimized with the Yoast SEO Premium plugin v19.2 (Yoast SEO v26.9) - https:\/\/yoast.com\/product\/yoast-seo-premium-wordpress\/ -->\n<title>Programa Mais M\u00e9dicos convoca 70 profissionais para preencher vagas em 50 munic\u00edpios no Piau\u00ed - Portal Not\u00edcia em Pauta<\/title>\n<meta name=\"robots\" content=\"index, follow, max-snippet:-1, max-image-preview:large, max-video-preview:-1\" \/>\n<link rel=\"canonical\" href=\"https:\/\/noticiaempauta.com\/portal\/programa-mais-medicos-convoca-70-profissionais-para-preencher-vagas-em-50-municipios-no-piaui\/\" \/>\n<meta property=\"og:locale\" content=\"pt_BR\" \/>\n<meta property=\"og:type\" content=\"article\" \/>\n<meta property=\"og:title\" content=\"Programa Mais M\u00e9dicos convoca 70 profissionais para preencher vagas em 50 munic\u00edpios no Piau\u00ed\" \/>\n<meta property=\"og:description\" content=\"O Minist\u00e9rio da Sa\u00fade divulgou, nessa quinta-feira (22), o resultado da chamada do 38\u00ba ciclo do programa Mais M\u00e9dicos. Para o Piau\u00ed, foram chamados 70 novos profissionais para preencher as vagas de m\u00e9dicos em 50 munic\u00edpios. Esses profissionais t\u00eam at\u00e9 ter\u00e7a-feira (27) para se apresentarem nos munic\u00edpios, entregarem as documenta\u00e7\u00f5es necess\u00e1rias, validarem o processo e [&hellip;]\" \/>\n<meta property=\"og:url\" content=\"https:\/\/noticiaempauta.com\/portal\/programa-mais-medicos-convoca-70-profissionais-para-preencher-vagas-em-50-municipios-no-piaui\/\" \/>\n<meta property=\"og:site_name\" content=\"Portal Not\u00edcia em Pauta\" \/>\n<meta property=\"article:publisher\" content=\"https:\/\/www.facebook.com\/Portal-Notcia-Em-Pauta-102292869264820\/\" \/>\n<meta property=\"article:published_time\" content=\"2024-08-26T08:53:19+00:00\" \/>\n<meta property=\"article:modified_time\" content=\"2024-08-26T08:53:20+00:00\" \/>\n<meta property=\"og:image\" content=\"https:\/\/noticiaempauta.com\/portal\/wp-content\/uploads\/2024\/08\/IMG_4467.jpeg\" \/>\n\t<meta property=\"og:image:width\" content=\"1200\" \/>\n\t<meta property=\"og:image:height\" content=\"713\" \/>\n\t<meta property=\"og:image:type\" content=\"image\/jpeg\" \/>\n<meta name=\"author\" content=\"Reda\u00e7\u00e3o\" \/>\n<meta name=\"twitter:card\" content=\"summary_large_image\" \/>\n<meta name=\"twitter:label1\" content=\"Escrito por\" \/>\n\t<meta name=\"twitter:data1\" content=\"Reda\u00e7\u00e3o\" \/>\n\t<meta name=\"twitter:label2\" content=\"Est. tempo de leitura\" \/>\n\t<meta name=\"twitter:data2\" content=\"2 minutos\" \/>\n<script type=\"application\/ld+json\" class=\"yoast-schema-graph\">{\"@context\":\"https:\/\/schema.org\",\"@graph\":[{\"@type\":\"Article\",\"@id\":\"https:\/\/noticiaempauta.com\/portal\/programa-mais-medicos-convoca-70-profissionais-para-preencher-vagas-em-50-municipios-no-piaui\/#article\",\"isPartOf\":{\"@id\":\"https:\/\/noticiaempauta.com\/portal\/programa-mais-medicos-convoca-70-profissionais-para-preencher-vagas-em-50-municipios-no-piaui\/\"},\"author\":{\"name\":\"Reda\u00e7\u00e3o\",\"@id\":\"https:\/\/noticiaempauta.com\/portal\/#\/schema\/person\/a74af43dd1ab3deca45f988c717d57ac\"},\"headline\":\"Programa Mais M\u00e9dicos convoca 70 profissionais para preencher vagas em 50 munic\u00edpios no Piau\u00ed\",\"datePublished\":\"2024-08-26T08:53:19+00:00\",\"dateModified\":\"2024-08-26T08:53:20+00:00\",\"mainEntityOfPage\":{\"@id\":\"https:\/\/noticiaempauta.com\/portal\/programa-mais-medicos-convoca-70-profissionais-para-preencher-vagas-em-50-municipios-no-piaui\/\"},\"wordCount\":261,\"commentCount\":0,\"publisher\":{\"@id\":\"https:\/\/noticiaempauta.com\/portal\/#organization\"},\"image\":{\"@id\":\"https:\/\/noticiaempauta.com\/portal\/programa-mais-medicos-convoca-70-profissionais-para-preencher-vagas-em-50-municipios-no-piaui\/#primaryimage\"},\"thumbnailUrl\":\"https:\/\/noticiaempauta.com\/portal\/wp-content\/uploads\/2024\/08\/IMG_4467.jpeg\",\"keywords\":[\"destaqueprincipal\"],\"articleSection\":[\"Destaques\",\"Geral\",\"Munic\u00edpios\",\"Sa\u00fade\",\"Todas as Not\u00edcias\"],\"inLanguage\":\"pt-BR\",\"potentialAction\":[{\"@type\":\"CommentAction\",\"name\":\"Comment\",\"target\":[\"https:\/\/noticiaempauta.com\/portal\/programa-mais-medicos-convoca-70-profissionais-para-preencher-vagas-em-50-municipios-no-piaui\/#respond\"]}]},{\"@type\":\"WebPage\",\"@id\":\"https:\/\/noticiaempauta.com\/portal\/programa-mais-medicos-convoca-70-profissionais-para-preencher-vagas-em-50-municipios-no-piaui\/\",\"url\":\"https:\/\/noticiaempauta.com\/portal\/programa-mais-medicos-convoca-70-profissionais-para-preencher-vagas-em-50-municipios-no-piaui\/\",\"name\":\"Programa Mais M\u00e9dicos convoca 70 profissionais para preencher vagas em 50 munic\u00edpios no Piau\u00ed - Portal Not\u00edcia em Pauta\",\"isPartOf\":{\"@id\":\"https:\/\/noticiaempauta.com\/portal\/#website\"},\"primaryImageOfPage\":{\"@id\":\"https:\/\/noticiaempauta.com\/portal\/programa-mais-medicos-convoca-70-profissionais-para-preencher-vagas-em-50-municipios-no-piaui\/#primaryimage\"},\"image\":{\"@id\":\"https:\/\/noticiaempauta.com\/portal\/programa-mais-medicos-convoca-70-profissionais-para-preencher-vagas-em-50-municipios-no-piaui\/#primaryimage\"},\"thumbnailUrl\":\"https:\/\/noticiaempauta.com\/portal\/wp-content\/uploads\/2024\/08\/IMG_4467.jpeg\",\"datePublished\":\"2024-08-26T08:53:19+00:00\",\"dateModified\":\"2024-08-26T08:53:20+00:00\",\"breadcrumb\":{\"@id\":\"https:\/\/noticiaempauta.com\/portal\/programa-mais-medicos-convoca-70-profissionais-para-preencher-vagas-em-50-municipios-no-piaui\/#breadcrumb\"},\"inLanguage\":\"pt-BR\",\"potentialAction\":[{\"@type\":\"ReadAction\",\"target\":[\"https:\/\/noticiaempauta.com\/portal\/programa-mais-medicos-convoca-70-profissionais-para-preencher-vagas-em-50-municipios-no-piaui\/\"]}]},{\"@type\":\"ImageObject\",\"inLanguage\":\"pt-BR\",\"@id\":\"https:\/\/noticiaempauta.com\/portal\/programa-mais-medicos-convoca-70-profissionais-para-preencher-vagas-em-50-municipios-no-piaui\/#primaryimage\",\"url\":\"https:\/\/noticiaempauta.com\/portal\/wp-content\/uploads\/2024\/08\/IMG_4467.jpeg\",\"contentUrl\":\"https:\/\/noticiaempauta.com\/portal\/wp-content\/uploads\/2024\/08\/IMG_4467.jpeg\",\"width\":1200,\"height\":713},{\"@type\":\"BreadcrumbList\",\"@id\":\"https:\/\/noticiaempauta.com\/portal\/programa-mais-medicos-convoca-70-profissionais-para-preencher-vagas-em-50-municipios-no-piaui\/#breadcrumb\",\"itemListElement\":[{\"@type\":\"ListItem\",\"position\":1,\"name\":\"P\u00e1gina Inicial\",\"item\":\"https:\/\/noticiaempauta.com\/portal\/\"},{\"@type\":\"ListItem\",\"position\":2,\"name\":\"Destaques\",\"item\":\"https:\/\/noticiaempauta.com\/portal\/destaques-site\/\"},{\"@type\":\"ListItem\",\"position\":3,\"name\":\"Programa Mais M\u00e9dicos convoca 70 profissionais para preencher vagas em 50 munic\u00edpios no Piau\u00ed\"}]},{\"@type\":\"WebSite\",\"@id\":\"https:\/\/noticiaempauta.com\/portal\/#website\",\"url\":\"https:\/\/noticiaempauta.com\/portal\/\",\"name\":\"Portal Not\u00edcia em Pauta\",\"description\":\"Voc\u00ea bem informado\",\"publisher\":{\"@id\":\"https:\/\/noticiaempauta.com\/portal\/#organization\"},\"potentialAction\":[{\"@type\":\"SearchAction\",\"target\":{\"@type\":\"EntryPoint\",\"urlTemplate\":\"https:\/\/noticiaempauta.com\/portal\/?s={search_term_string}\"},\"query-input\":{\"@type\":\"PropertyValueSpecification\",\"valueRequired\":true,\"valueName\":\"search_term_string\"}}],\"inLanguage\":\"pt-BR\"},{\"@type\":\"Organization\",\"@id\":\"https:\/\/noticiaempauta.com\/portal\/#organization\",\"name\":\"Portal Not\u00edcia em Pauta\",\"url\":\"https:\/\/noticiaempauta.com\/portal\/\",\"logo\":{\"@type\":\"ImageObject\",\"inLanguage\":\"pt-BR\",\"@id\":\"https:\/\/noticiaempauta.com\/portal\/#\/schema\/logo\/image\/\",\"url\":\"https:\/\/noticiaempauta.com\/portal\/wp-content\/uploads\/2022\/08\/logomarca_tema.fw_.png\",\"contentUrl\":\"https:\/\/noticiaempauta.com\/portal\/wp-content\/uploads\/2022\/08\/logomarca_tema.fw_.png\",\"width\":400,\"height\":232,\"caption\":\"Portal Not\u00edcia em Pauta\"},\"image\":{\"@id\":\"https:\/\/noticiaempauta.com\/portal\/#\/schema\/logo\/image\/\"},\"sameAs\":[\"https:\/\/www.facebook.com\/Portal-Notcia-Em-Pauta-102292869264820\/\",\"https:\/\/www.instagram.com\/portalnoticiaempauta\/\"]},{\"@type\":\"Person\",\"@id\":\"https:\/\/noticiaempauta.com\/portal\/#\/schema\/person\/a74af43dd1ab3deca45f988c717d57ac\",\"name\":\"Reda\u00e7\u00e3o\",\"image\":{\"@type\":\"ImageObject\",\"inLanguage\":\"pt-BR\",\"@id\":\"https:\/\/noticiaempauta.com\/portal\/#\/schema\/person\/image\/\",\"url\":\"https:\/\/secure.gravatar.com\/avatar\/03179346ecce6cdfc13361603e8f54242a90e5cde8618fa23c5c00aa2b0aadf3?s=96&d=mm&r=g\",\"contentUrl\":\"https:\/\/secure.gravatar.com\/avatar\/03179346ecce6cdfc13361603e8f54242a90e5cde8618fa23c5c00aa2b0aadf3?s=96&d=mm&r=g\",\"caption\":\"Reda\u00e7\u00e3o\"},\"sameAs\":[\"https:\/\/noticiaempauta.com\/portal\/\"],\"url\":\"https:\/\/noticiaempauta.com\/portal\/author\/fernando\/\"}]}<\/script>\n<!-- \/ Yoast SEO Premium plugin. -->","yoast_head_json":{"title":"Programa Mais M\u00e9dicos convoca 70 profissionais para preencher vagas em 50 munic\u00edpios no Piau\u00ed - Portal Not\u00edcia em Pauta","robots":{"index":"index","follow":"follow","max-snippet":"max-snippet:-1","max-image-preview":"max-image-preview:large","max-video-preview":"max-video-preview:-1"},"canonical":"https:\/\/noticiaempauta.com\/portal\/programa-mais-medicos-convoca-70-profissionais-para-preencher-vagas-em-50-municipios-no-piaui\/","og_locale":"pt_BR","og_type":"article","og_title":"Programa Mais M\u00e9dicos convoca 70 profissionais para preencher vagas em 50 munic\u00edpios no Piau\u00ed","og_description":"O Minist\u00e9rio da Sa\u00fade divulgou, nessa quinta-feira (22), o resultado da chamada do 38\u00ba ciclo do programa Mais M\u00e9dicos. Para o Piau\u00ed, foram chamados 70 novos profissionais para preencher as vagas de m\u00e9dicos em 50 munic\u00edpios. Esses profissionais t\u00eam at\u00e9 ter\u00e7a-feira (27) para se apresentarem nos munic\u00edpios, entregarem as documenta\u00e7\u00f5es necess\u00e1rias, validarem o processo e [&hellip;]","og_url":"https:\/\/noticiaempauta.com\/portal\/programa-mais-medicos-convoca-70-profissionais-para-preencher-vagas-em-50-municipios-no-piaui\/","og_site_name":"Portal Not\u00edcia em Pauta","article_publisher":"https:\/\/www.facebook.com\/Portal-Notcia-Em-Pauta-102292869264820\/","article_published_time":"2024-08-26T08:53:19+00:00","article_modified_time":"2024-08-26T08:53:20+00:00","og_image":[{"width":1200,"height":713,"url":"https:\/\/noticiaempauta.com\/portal\/wp-content\/uploads\/2024\/08\/IMG_4467.jpeg","type":"image\/jpeg"}],"author":"Reda\u00e7\u00e3o","twitter_card":"summary_large_image","twitter_misc":{"Escrito por":"Reda\u00e7\u00e3o","Est. tempo de leitura":"2 minutos"},"schema":{"@context":"https:\/\/schema.org","@graph":[{"@type":"Article","@id":"https:\/\/noticiaempauta.com\/portal\/programa-mais-medicos-convoca-70-profissionais-para-preencher-vagas-em-50-municipios-no-piaui\/#article","isPartOf":{"@id":"https:\/\/noticiaempauta.com\/portal\/programa-mais-medicos-convoca-70-profissionais-para-preencher-vagas-em-50-municipios-no-piaui\/"},"author":{"name":"Reda\u00e7\u00e3o","@id":"https:\/\/noticiaempauta.com\/portal\/#\/schema\/person\/a74af43dd1ab3deca45f988c717d57ac"},"headline":"Programa Mais M\u00e9dicos convoca 70 profissionais para preencher vagas em 50 munic\u00edpios no Piau\u00ed","datePublished":"2024-08-26T08:53:19+00:00","dateModified":"2024-08-26T08:53:20+00:00","mainEntityOfPage":{"@id":"https:\/\/noticiaempauta.com\/portal\/programa-mais-medicos-convoca-70-profissionais-para-preencher-vagas-em-50-municipios-no-piaui\/"},"wordCount":261,"commentCount":0,"publisher":{"@id":"https:\/\/noticiaempauta.com\/portal\/#organization"},"image":{"@id":"https:\/\/noticiaempauta.com\/portal\/programa-mais-medicos-convoca-70-profissionais-para-preencher-vagas-em-50-municipios-no-piaui\/#primaryimage"},"thumbnailUrl":"https:\/\/noticiaempauta.com\/portal\/wp-content\/uploads\/2024\/08\/IMG_4467.jpeg","keywords":["destaqueprincipal"],"articleSection":["Destaques","Geral","Munic\u00edpios","Sa\u00fade","Todas as Not\u00edcias"],"inLanguage":"pt-BR","potentialAction":[{"@type":"CommentAction","name":"Comment","target":["https:\/\/noticiaempauta.com\/portal\/programa-mais-medicos-convoca-70-profissionais-para-preencher-vagas-em-50-municipios-no-piaui\/#respond"]}]},{"@type":"WebPage","@id":"https:\/\/noticiaempauta.com\/portal\/programa-mais-medicos-convoca-70-profissionais-para-preencher-vagas-em-50-municipios-no-piaui\/","url":"https:\/\/noticiaempauta.com\/portal\/programa-mais-medicos-convoca-70-profissionais-para-preencher-vagas-em-50-municipios-no-piaui\/","name":"Programa Mais M\u00e9dicos convoca 70 profissionais para preencher vagas em 50 munic\u00edpios no Piau\u00ed - Portal Not\u00edcia em Pauta","isPartOf":{"@id":"https:\/\/noticiaempauta.com\/portal\/#website"},"primaryImageOfPage":{"@id":"https:\/\/noticiaempauta.com\/portal\/programa-mais-medicos-convoca-70-profissionais-para-preencher-vagas-em-50-municipios-no-piaui\/#primaryimage"},"image":{"@id":"https:\/\/noticiaempauta.com\/portal\/programa-mais-medicos-convoca-70-profissionais-para-preencher-vagas-em-50-municipios-no-piaui\/#primaryimage"},"thumbnailUrl":"https:\/\/noticiaempauta.com\/portal\/wp-content\/uploads\/2024\/08\/IMG_4467.jpeg","datePublished":"2024-08-26T08:53:19+00:00","dateModified":"2024-08-26T08:53:20+00:00","breadcrumb":{"@id":"https:\/\/noticiaempauta.com\/portal\/programa-mais-medicos-convoca-70-profissionais-para-preencher-vagas-em-50-municipios-no-piaui\/#breadcrumb"},"inLanguage":"pt-BR","potentialAction":[{"@type":"ReadAction","target":["https:\/\/noticiaempauta.com\/portal\/programa-mais-medicos-convoca-70-profissionais-para-preencher-vagas-em-50-municipios-no-piaui\/"]}]},{"@type":"ImageObject","inLanguage":"pt-BR","@id":"https:\/\/noticiaempauta.com\/portal\/programa-mais-medicos-convoca-70-profissionais-para-preencher-vagas-em-50-municipios-no-piaui\/#primaryimage","url":"https:\/\/noticiaempauta.com\/portal\/wp-content\/uploads\/2024\/08\/IMG_4467.jpeg","contentUrl":"https:\/\/noticiaempauta.com\/portal\/wp-content\/uploads\/2024\/08\/IMG_4467.jpeg","width":1200,"height":713},{"@type":"BreadcrumbList","@id":"https:\/\/noticiaempauta.com\/portal\/programa-mais-medicos-convoca-70-profissionais-para-preencher-vagas-em-50-municipios-no-piaui\/#breadcrumb","itemListElement":[{"@type":"ListItem","position":1,"name":"P\u00e1gina Inicial","item":"https:\/\/noticiaempauta.com\/portal\/"},{"@type":"ListItem","position":2,"name":"Destaques","item":"https:\/\/noticiaempauta.com\/portal\/destaques-site\/"},{"@type":"ListItem","position":3,"name":"Programa Mais M\u00e9dicos convoca 70 profissionais para preencher vagas em 50 munic\u00edpios no Piau\u00ed"}]},{"@type":"WebSite","@id":"https:\/\/noticiaempauta.com\/portal\/#website","url":"https:\/\/noticiaempauta.com\/portal\/","name":"Portal Not\u00edcia em Pauta","description":"Voc\u00ea bem informado","publisher":{"@id":"https:\/\/noticiaempauta.com\/portal\/#organization"},"potentialAction":[{"@type":"SearchAction","target":{"@type":"EntryPoint","urlTemplate":"https:\/\/noticiaempauta.com\/portal\/?s={search_term_string}"},"query-input":{"@type":"PropertyValueSpecification","valueRequired":true,"valueName":"search_term_string"}}],"inLanguage":"pt-BR"},{"@type":"Organization","@id":"https:\/\/noticiaempauta.com\/portal\/#organization","name":"Portal Not\u00edcia em Pauta","url":"https:\/\/noticiaempauta.com\/portal\/","logo":{"@type":"ImageObject","inLanguage":"pt-BR","@id":"https:\/\/noticiaempauta.com\/portal\/#\/schema\/logo\/image\/","url":"https:\/\/noticiaempauta.com\/portal\/wp-content\/uploads\/2022\/08\/logomarca_tema.fw_.png","contentUrl":"https:\/\/noticiaempauta.com\/portal\/wp-content\/uploads\/2022\/08\/logomarca_tema.fw_.png","width":400,"height":232,"caption":"Portal Not\u00edcia em Pauta"},"image":{"@id":"https:\/\/noticiaempauta.com\/portal\/#\/schema\/logo\/image\/"},"sameAs":["https:\/\/www.facebook.com\/Portal-Notcia-Em-Pauta-102292869264820\/","https:\/\/www.instagram.com\/portalnoticiaempauta\/"]},{"@type":"Person","@id":"https:\/\/noticiaempauta.com\/portal\/#\/schema\/person\/a74af43dd1ab3deca45f988c717d57ac","name":"Reda\u00e7\u00e3o","image":{"@type":"ImageObject","inLanguage":"pt-BR","@id":"https:\/\/noticiaempauta.com\/portal\/#\/schema\/person\/image\/","url":"https:\/\/secure.gravatar.com\/avatar\/03179346ecce6cdfc13361603e8f54242a90e5cde8618fa23c5c00aa2b0aadf3?s=96&d=mm&r=g","contentUrl":"https:\/\/secure.gravatar.com\/avatar\/03179346ecce6cdfc13361603e8f54242a90e5cde8618fa23c5c00aa2b0aadf3?s=96&d=mm&r=g","caption":"Reda\u00e7\u00e3o"},"sameAs":["https:\/\/noticiaempauta.com\/portal\/"],"url":"https:\/\/noticiaempauta.com\/portal\/author\/fernando\/"}]}},"_links":{"self":[{"href":"https:\/\/noticiaempauta.com\/portal\/wp-json\/wp\/v2\/posts\/261540","targetHints":{"allow":["GET"]}}],"collection":[{"href":"https:\/\/noticiaempauta.com\/portal\/wp-json\/wp\/v2\/posts"}],"about":[{"href":"https:\/\/noticiaempauta.com\/portal\/wp-json\/wp\/v2\/types\/post"}],"author":[{"embeddable":true,"href":"https:\/\/noticiaempauta.com\/portal\/wp-json\/wp\/v2\/users\/2"}],"replies":[{"embeddable":true,"href":"https:\/\/noticiaempauta.com\/portal\/wp-json\/wp\/v2\/comments?post=261540"}],"version-history":[{"count":2,"href":"https:\/\/noticiaempauta.com\/portal\/wp-json\/wp\/v2\/posts\/261540\/revisions"}],"predecessor-version":[{"id":261543,"href":"https:\/\/noticiaempauta.com\/portal\/wp-json\/wp\/v2\/posts\/261540\/revisions\/261543"}],"wp:featuredmedia":[{"embeddable":true,"href":"https:\/\/noticiaempauta.com\/portal\/wp-json\/wp\/v2\/media\/261541"}],"wp:attachment":[{"href":"https:\/\/noticiaempauta.com\/portal\/wp-json\/wp\/v2\/media?parent=261540"}],"wp:term":[{"taxonomy":"category","embeddable":true,"href":"https:\/\/noticiaempauta.com\/portal\/wp-json\/wp\/v2\/categories?post=261540"},{"taxonomy":"post_tag","embeddable":true,"href":"https:\/\/noticiaempauta.com\/portal\/wp-json\/wp\/v2\/tags?post=261540"}],"curies":[{"name":"wp","href":"https:\/\/api.w.org\/{rel}","templated":true}]}}