{"id":261546,"date":"2024-08-26T14:55:22","date_gmt":"2024-08-26T17:55:22","guid":{"rendered":"https:\/\/noticiaempauta.com\/portal\/?p=261546"},"modified":"2024-08-26T14:55:23","modified_gmt":"2024-08-26T17:55:23","slug":"jogos-paralimpicos-2024-em-paris-contam-com-a-participacao-de-tres-atletas-piauienses","status":"publish","type":"post","link":"https:\/\/noticiaempauta.com\/portal\/jogos-paralimpicos-2024-em-paris-contam-com-a-participacao-de-tres-atletas-piauienses\/","title":{"rendered":"Jogos Paral\u00edmpicos 2024 em Paris contam com a participa\u00e7\u00e3o de tr\u00eas atletas piauienses"},"content":{"rendered":"\n<p>O estado do Piau\u00ed ser\u00e1 representado nos Jogos Paral\u00edmpicos de Paris, no per\u00edodo de 28 de agosto a 11 de setembro, por tr\u00eas atletas. O trio, formado por atleta-guia, cano\u00edsta e esgrimista, \u00e9 benefici\u00e1rio do programa Bolsa Atleta do Minist\u00e9rio do Esporte nas categorias p\u00f3dio e nacional. O Brasil estar\u00e1 de olho nos atletas que h\u00e1 quatro anos lutam pela disputa de uma vaga nas Paralimp\u00edadas de Paris.<\/p>\n\n\n\n<figure class=\"wp-block-image size-full\"><img fetchpriority=\"high\" decoding=\"async\" width=\"800\" height=\"450\" src=\"https:\/\/noticiaempauta.com\/portal\/wp-content\/uploads\/2024\/08\/HK43G2SGL91M6iuOVAOfczNga5jrfIISVwZ6AMTJ.webp\" alt=\"\" class=\"wp-image-261547\" srcset=\"https:\/\/noticiaempauta.com\/portal\/wp-content\/uploads\/2024\/08\/HK43G2SGL91M6iuOVAOfczNga5jrfIISVwZ6AMTJ.webp 800w, https:\/\/noticiaempauta.com\/portal\/wp-content\/uploads\/2024\/08\/HK43G2SGL91M6iuOVAOfczNga5jrfIISVwZ6AMTJ-300x169.webp 300w, https:\/\/noticiaempauta.com\/portal\/wp-content\/uploads\/2024\/08\/HK43G2SGL91M6iuOVAOfczNga5jrfIISVwZ6AMTJ-768x432.webp 768w\" sizes=\"(max-width: 800px) 100vw, 800px\" \/><\/figure>\n\n\n\n<p>A 17\u00aa edi\u00e7\u00e3o dos Jogos Paral\u00edmpicos contar\u00e1 com a maior quantidade de atletas brasileiros em competi\u00e7\u00f5es internacionais: 280 no total, dos quais 274 fazem parte do programa Bolsa Atleta, ou seja, 97,86% dos convocados. Entre os bolsistas, mais de 63% s\u00e3o beneficiados com a mais alta categoria do programa, a Bolsa Atleta P\u00f3dio. Somente no ano de 2023, o valor investido nos atletas das modalidades paral\u00edmpicas, referente aos editais de dezembro de 2022 (Bolsa P\u00f3dio) e janeiro de 2023 (Bolsa Atleta), foi de mais de R$57 milh\u00f5es.<\/p>\n\n\n\n<p>Comp\u00f5em o trio&nbsp;<strong>Ant\u00f4nia<\/strong>&nbsp;<strong>Keyla da Silva Barros<\/strong>&nbsp;que foi atleta-guia da maratonista baiana Edneusa Santos, que representou o Brasil na modalidade em mundiais e nos Jogos de T\u00f3quio 2020<strong>.<\/strong>&nbsp;Em 2019, foi diagnosticada com defici\u00eancia intelectual. Participou de competi\u00e7\u00f5es como os Meetings e Circuito Nacional Loterias Caixa, realizadas pelo Comit\u00ea Paral\u00edmpico Brasileiro (CPB) em todo o territ\u00f3rio do pa\u00eds. Principais conquistas: Prata nos 1.500m no Mundial de Kobe 2024; prata nos 1.500m no Mundial Paris 2023; prata nos 1.500m no Global Games Fran\u00e7a 2023 (Virtus) e prata nos 800m no Grand Prix Chile 2021.<\/p>\n\n\n\n<p>Natural de Picos<strong>, Lu\u00eds Carlos Cardoso da Silva<\/strong>, ex-dan\u00e7arino profissional, que integrava o grupo do cantor Frank Aguiar, perdeu os movimentos das pernas, em 2009, devido a uma infec\u00e7\u00e3o na medula. Pouco tempo depois, descobriu a canoagem, modalidade pela qual conquistou v\u00e1rias medalhas: prata no caiaque no Campeonato Mundial em Halifax 2022, prata no caiaque nos Jogos Paral\u00edmpicos de T\u00f3quio 2020, prata no caiaque no Mundial em Copenhague 2021, entre muitas outras conquistas.<\/p>\n\n\n\n<p><strong>Rayssa Virg\u00ednia Carvalho Veras\u00a0<\/strong>come\u00e7ou na modalidade em 2016 em um projeto de extens\u00e3o da Unicamp, no interior de S\u00e3o Paulo, depois de percebida por um professor. Uma cirurgia malsucedida, na tentativa de corrigir um problema no p\u00e9 terminou resultando em uma amputa\u00e7\u00e3o, o que n\u00e3o a afastou da pr\u00e1tica esportiva. Principais conquistas: campe\u00e3 brasileira na espada, bicampe\u00e3 brasileira no sabre, tricampe\u00e3 brasileira no florete, ouro no florete e na espada no Campeonato Regional das Am\u00e9ricas 2022, e campe\u00e3 da Am\u00e9rica no sabre em 2024.<\/p>\n\n\n\n<h2 class=\"wp-block-heading\">Bolsa Atleta<\/h2>\n\n\n\n<p>O Bolsa Atleta \u00e9 um dos maiores programas de patroc\u00ednio individual de atletas no mundo. Desde sua cria\u00e7\u00e3o em 2005 at\u00e9 junho de 2024, j\u00e1 foram investidos R$ 1,77 bilh\u00e3o em seus benefici\u00e1rios. At\u00e9 hoje, 37.595 atletas foram contemplados, e 105 mil bolsas foram concedidas.<\/p>\n\n\n\n<p>O programa garante condi\u00e7\u00f5es m\u00ednimas para que atletas de alto desempenho \u2014 que obt\u00eam bons resultados em competi\u00e7\u00f5es nacionais e internacionais \u2014 possam se dedicar, com exclusividade e tranquilidade, ao treinamento e \u00e0s competi\u00e7\u00f5es locais, sul-americanas, pan-americanas, mundiais, ol\u00edmpicas e paral\u00edmpicas.<\/p>\n\n\n\n<p>A categoria Bolsa P\u00f3dio, a mais alta do programa, come\u00e7ou a ser paga a partir de 2013. Ela prev\u00ea repasses de at\u00e9 R$ 16.629,00 mensais e \u00e9 destinada a atletas com grandes chances de conquistar medalhas em eventos internacionais, posicionados entre os 20 melhores do ranking mundial em suas modalidades.<\/p>\n\n\n\n<p><strong><em>Fonte: Assessoria de Comunica\u00e7\u00e3o \u2013 Minist\u00e9rio do Esporte<\/em><\/strong><\/p>\n","protected":false},"excerpt":{"rendered":"<p>Canoagem, esgrima e atletismo s\u00e3o as tr\u00eas modalidades praticadas pelo trio que vai representar o estado do Piau\u00ed.<\/p>\n","protected":false},"author":2,"featured_media":261547,"comment_status":"open","ping_status":"open","sticky":false,"template":"","format":"standard","meta":{"_mi_skip_tracking":false,"footnotes":""},"categories":[25,26,1,16],"tags":[192],"class_list":["post-261546","post","type-post","status-publish","format-standard","has-post-thumbnail","hentry","category-destaques-site","category-esporte","category-geral","category-todas","tag-destaqueprincipal"],"acf":[],"yoast_head":"<!-- This site is optimized with the Yoast SEO Premium plugin v19.2 (Yoast SEO v26.9) - https:\/\/yoast.com\/product\/yoast-seo-premium-wordpress\/ -->\n<title>Jogos Paral\u00edmpicos 2024 em Paris contam com a participa\u00e7\u00e3o de tr\u00eas atletas piauienses - Portal Not\u00edcia em Pauta<\/title>\n<meta name=\"robots\" content=\"index, follow, max-snippet:-1, max-image-preview:large, max-video-preview:-1\" \/>\n<link rel=\"canonical\" href=\"https:\/\/noticiaempauta.com\/portal\/jogos-paralimpicos-2024-em-paris-contam-com-a-participacao-de-tres-atletas-piauienses\/\" \/>\n<meta property=\"og:locale\" content=\"pt_BR\" \/>\n<meta property=\"og:type\" content=\"article\" \/>\n<meta property=\"og:title\" content=\"Jogos Paral\u00edmpicos 2024 em Paris contam com a participa\u00e7\u00e3o de tr\u00eas atletas piauienses\" \/>\n<meta property=\"og:description\" content=\"Canoagem, esgrima e atletismo s\u00e3o as tr\u00eas modalidades praticadas pelo trio que vai representar o estado do Piau\u00ed.\" \/>\n<meta property=\"og:url\" content=\"https:\/\/noticiaempauta.com\/portal\/jogos-paralimpicos-2024-em-paris-contam-com-a-participacao-de-tres-atletas-piauienses\/\" \/>\n<meta property=\"og:site_name\" content=\"Portal Not\u00edcia em Pauta\" \/>\n<meta property=\"article:publisher\" content=\"https:\/\/www.facebook.com\/Portal-Notcia-Em-Pauta-102292869264820\/\" \/>\n<meta property=\"article:published_time\" content=\"2024-08-26T17:55:22+00:00\" \/>\n<meta property=\"article:modified_time\" content=\"2024-08-26T17:55:23+00:00\" \/>\n<meta property=\"og:image\" content=\"https:\/\/noticiaempauta.com\/portal\/wp-content\/uploads\/2024\/08\/HK43G2SGL91M6iuOVAOfczNga5jrfIISVwZ6AMTJ.webp\" \/>\n\t<meta property=\"og:image:width\" content=\"800\" \/>\n\t<meta property=\"og:image:height\" content=\"450\" \/>\n\t<meta property=\"og:image:type\" content=\"image\/webp\" \/>\n<meta name=\"author\" content=\"Reda\u00e7\u00e3o\" \/>\n<meta name=\"twitter:card\" content=\"summary_large_image\" \/>\n<meta name=\"twitter:label1\" content=\"Escrito por\" \/>\n\t<meta name=\"twitter:data1\" content=\"Reda\u00e7\u00e3o\" \/>\n\t<meta name=\"twitter:label2\" content=\"Est. tempo de leitura\" \/>\n\t<meta name=\"twitter:data2\" content=\"4 minutos\" \/>\n<script type=\"application\/ld+json\" class=\"yoast-schema-graph\">{\"@context\":\"https:\/\/schema.org\",\"@graph\":[{\"@type\":\"Article\",\"@id\":\"https:\/\/noticiaempauta.com\/portal\/jogos-paralimpicos-2024-em-paris-contam-com-a-participacao-de-tres-atletas-piauienses\/#article\",\"isPartOf\":{\"@id\":\"https:\/\/noticiaempauta.com\/portal\/jogos-paralimpicos-2024-em-paris-contam-com-a-participacao-de-tres-atletas-piauienses\/\"},\"author\":{\"name\":\"Reda\u00e7\u00e3o\",\"@id\":\"https:\/\/noticiaempauta.com\/portal\/#\/schema\/person\/a74af43dd1ab3deca45f988c717d57ac\"},\"headline\":\"Jogos Paral\u00edmpicos 2024 em Paris contam com a participa\u00e7\u00e3o de tr\u00eas atletas piauienses\",\"datePublished\":\"2024-08-26T17:55:22+00:00\",\"dateModified\":\"2024-08-26T17:55:23+00:00\",\"mainEntityOfPage\":{\"@id\":\"https:\/\/noticiaempauta.com\/portal\/jogos-paralimpicos-2024-em-paris-contam-com-a-participacao-de-tres-atletas-piauienses\/\"},\"wordCount\":591,\"commentCount\":0,\"publisher\":{\"@id\":\"https:\/\/noticiaempauta.com\/portal\/#organization\"},\"image\":{\"@id\":\"https:\/\/noticiaempauta.com\/portal\/jogos-paralimpicos-2024-em-paris-contam-com-a-participacao-de-tres-atletas-piauienses\/#primaryimage\"},\"thumbnailUrl\":\"https:\/\/noticiaempauta.com\/portal\/wp-content\/uploads\/2024\/08\/HK43G2SGL91M6iuOVAOfczNga5jrfIISVwZ6AMTJ.webp\",\"keywords\":[\"destaqueprincipal\"],\"articleSection\":[\"Destaques\",\"Esporte\",\"Geral\",\"Todas as Not\u00edcias\"],\"inLanguage\":\"pt-BR\",\"potentialAction\":[{\"@type\":\"CommentAction\",\"name\":\"Comment\",\"target\":[\"https:\/\/noticiaempauta.com\/portal\/jogos-paralimpicos-2024-em-paris-contam-com-a-participacao-de-tres-atletas-piauienses\/#respond\"]}]},{\"@type\":\"WebPage\",\"@id\":\"https:\/\/noticiaempauta.com\/portal\/jogos-paralimpicos-2024-em-paris-contam-com-a-participacao-de-tres-atletas-piauienses\/\",\"url\":\"https:\/\/noticiaempauta.com\/portal\/jogos-paralimpicos-2024-em-paris-contam-com-a-participacao-de-tres-atletas-piauienses\/\",\"name\":\"Jogos Paral\u00edmpicos 2024 em Paris contam com a participa\u00e7\u00e3o de tr\u00eas atletas piauienses - Portal Not\u00edcia em Pauta\",\"isPartOf\":{\"@id\":\"https:\/\/noticiaempauta.com\/portal\/#website\"},\"primaryImageOfPage\":{\"@id\":\"https:\/\/noticiaempauta.com\/portal\/jogos-paralimpicos-2024-em-paris-contam-com-a-participacao-de-tres-atletas-piauienses\/#primaryimage\"},\"image\":{\"@id\":\"https:\/\/noticiaempauta.com\/portal\/jogos-paralimpicos-2024-em-paris-contam-com-a-participacao-de-tres-atletas-piauienses\/#primaryimage\"},\"thumbnailUrl\":\"https:\/\/noticiaempauta.com\/portal\/wp-content\/uploads\/2024\/08\/HK43G2SGL91M6iuOVAOfczNga5jrfIISVwZ6AMTJ.webp\",\"datePublished\":\"2024-08-26T17:55:22+00:00\",\"dateModified\":\"2024-08-26T17:55:23+00:00\",\"breadcrumb\":{\"@id\":\"https:\/\/noticiaempauta.com\/portal\/jogos-paralimpicos-2024-em-paris-contam-com-a-participacao-de-tres-atletas-piauienses\/#breadcrumb\"},\"inLanguage\":\"pt-BR\",\"potentialAction\":[{\"@type\":\"ReadAction\",\"target\":[\"https:\/\/noticiaempauta.com\/portal\/jogos-paralimpicos-2024-em-paris-contam-com-a-participacao-de-tres-atletas-piauienses\/\"]}]},{\"@type\":\"ImageObject\",\"inLanguage\":\"pt-BR\",\"@id\":\"https:\/\/noticiaempauta.com\/portal\/jogos-paralimpicos-2024-em-paris-contam-com-a-participacao-de-tres-atletas-piauienses\/#primaryimage\",\"url\":\"https:\/\/noticiaempauta.com\/portal\/wp-content\/uploads\/2024\/08\/HK43G2SGL91M6iuOVAOfczNga5jrfIISVwZ6AMTJ.webp\",\"contentUrl\":\"https:\/\/noticiaempauta.com\/portal\/wp-content\/uploads\/2024\/08\/HK43G2SGL91M6iuOVAOfczNga5jrfIISVwZ6AMTJ.webp\",\"width\":800,\"height\":450},{\"@type\":\"BreadcrumbList\",\"@id\":\"https:\/\/noticiaempauta.com\/portal\/jogos-paralimpicos-2024-em-paris-contam-com-a-participacao-de-tres-atletas-piauienses\/#breadcrumb\",\"itemListElement\":[{\"@type\":\"ListItem\",\"position\":1,\"name\":\"P\u00e1gina Inicial\",\"item\":\"https:\/\/noticiaempauta.com\/portal\/\"},{\"@type\":\"ListItem\",\"position\":2,\"name\":\"Destaques\",\"item\":\"https:\/\/noticiaempauta.com\/portal\/destaques-site\/\"},{\"@type\":\"ListItem\",\"position\":3,\"name\":\"Jogos Paral\u00edmpicos 2024 em Paris contam com a participa\u00e7\u00e3o de tr\u00eas atletas piauienses\"}]},{\"@type\":\"WebSite\",\"@id\":\"https:\/\/noticiaempauta.com\/portal\/#website\",\"url\":\"https:\/\/noticiaempauta.com\/portal\/\",\"name\":\"Portal Not\u00edcia em Pauta\",\"description\":\"Voc\u00ea bem informado\",\"publisher\":{\"@id\":\"https:\/\/noticiaempauta.com\/portal\/#organization\"},\"potentialAction\":[{\"@type\":\"SearchAction\",\"target\":{\"@type\":\"EntryPoint\",\"urlTemplate\":\"https:\/\/noticiaempauta.com\/portal\/?s={search_term_string}\"},\"query-input\":{\"@type\":\"PropertyValueSpecification\",\"valueRequired\":true,\"valueName\":\"search_term_string\"}}],\"inLanguage\":\"pt-BR\"},{\"@type\":\"Organization\",\"@id\":\"https:\/\/noticiaempauta.com\/portal\/#organization\",\"name\":\"Portal Not\u00edcia em Pauta\",\"url\":\"https:\/\/noticiaempauta.com\/portal\/\",\"logo\":{\"@type\":\"ImageObject\",\"inLanguage\":\"pt-BR\",\"@id\":\"https:\/\/noticiaempauta.com\/portal\/#\/schema\/logo\/image\/\",\"url\":\"https:\/\/noticiaempauta.com\/portal\/wp-content\/uploads\/2022\/08\/logomarca_tema.fw_.png\",\"contentUrl\":\"https:\/\/noticiaempauta.com\/portal\/wp-content\/uploads\/2022\/08\/logomarca_tema.fw_.png\",\"width\":400,\"height\":232,\"caption\":\"Portal Not\u00edcia em Pauta\"},\"image\":{\"@id\":\"https:\/\/noticiaempauta.com\/portal\/#\/schema\/logo\/image\/\"},\"sameAs\":[\"https:\/\/www.facebook.com\/Portal-Notcia-Em-Pauta-102292869264820\/\",\"https:\/\/www.instagram.com\/portalnoticiaempauta\/\"]},{\"@type\":\"Person\",\"@id\":\"https:\/\/noticiaempauta.com\/portal\/#\/schema\/person\/a74af43dd1ab3deca45f988c717d57ac\",\"name\":\"Reda\u00e7\u00e3o\",\"image\":{\"@type\":\"ImageObject\",\"inLanguage\":\"pt-BR\",\"@id\":\"https:\/\/noticiaempauta.com\/portal\/#\/schema\/person\/image\/\",\"url\":\"https:\/\/secure.gravatar.com\/avatar\/03179346ecce6cdfc13361603e8f54242a90e5cde8618fa23c5c00aa2b0aadf3?s=96&d=mm&r=g\",\"contentUrl\":\"https:\/\/secure.gravatar.com\/avatar\/03179346ecce6cdfc13361603e8f54242a90e5cde8618fa23c5c00aa2b0aadf3?s=96&d=mm&r=g\",\"caption\":\"Reda\u00e7\u00e3o\"},\"sameAs\":[\"https:\/\/noticiaempauta.com\/portal\/\"],\"url\":\"https:\/\/noticiaempauta.com\/portal\/author\/fernando\/\"}]}<\/script>\n<!-- \/ Yoast SEO Premium plugin. -->","yoast_head_json":{"title":"Jogos Paral\u00edmpicos 2024 em Paris contam com a participa\u00e7\u00e3o de tr\u00eas atletas piauienses - Portal Not\u00edcia em Pauta","robots":{"index":"index","follow":"follow","max-snippet":"max-snippet:-1","max-image-preview":"max-image-preview:large","max-video-preview":"max-video-preview:-1"},"canonical":"https:\/\/noticiaempauta.com\/portal\/jogos-paralimpicos-2024-em-paris-contam-com-a-participacao-de-tres-atletas-piauienses\/","og_locale":"pt_BR","og_type":"article","og_title":"Jogos Paral\u00edmpicos 2024 em Paris contam com a participa\u00e7\u00e3o de tr\u00eas atletas piauienses","og_description":"Canoagem, esgrima e atletismo s\u00e3o as tr\u00eas modalidades praticadas pelo trio que vai representar o estado do Piau\u00ed.","og_url":"https:\/\/noticiaempauta.com\/portal\/jogos-paralimpicos-2024-em-paris-contam-com-a-participacao-de-tres-atletas-piauienses\/","og_site_name":"Portal Not\u00edcia em Pauta","article_publisher":"https:\/\/www.facebook.com\/Portal-Notcia-Em-Pauta-102292869264820\/","article_published_time":"2024-08-26T17:55:22+00:00","article_modified_time":"2024-08-26T17:55:23+00:00","og_image":[{"width":800,"height":450,"url":"https:\/\/noticiaempauta.com\/portal\/wp-content\/uploads\/2024\/08\/HK43G2SGL91M6iuOVAOfczNga5jrfIISVwZ6AMTJ.webp","type":"image\/webp"}],"author":"Reda\u00e7\u00e3o","twitter_card":"summary_large_image","twitter_misc":{"Escrito por":"Reda\u00e7\u00e3o","Est. tempo de leitura":"4 minutos"},"schema":{"@context":"https:\/\/schema.org","@graph":[{"@type":"Article","@id":"https:\/\/noticiaempauta.com\/portal\/jogos-paralimpicos-2024-em-paris-contam-com-a-participacao-de-tres-atletas-piauienses\/#article","isPartOf":{"@id":"https:\/\/noticiaempauta.com\/portal\/jogos-paralimpicos-2024-em-paris-contam-com-a-participacao-de-tres-atletas-piauienses\/"},"author":{"name":"Reda\u00e7\u00e3o","@id":"https:\/\/noticiaempauta.com\/portal\/#\/schema\/person\/a74af43dd1ab3deca45f988c717d57ac"},"headline":"Jogos Paral\u00edmpicos 2024 em Paris contam com a participa\u00e7\u00e3o de tr\u00eas atletas piauienses","datePublished":"2024-08-26T17:55:22+00:00","dateModified":"2024-08-26T17:55:23+00:00","mainEntityOfPage":{"@id":"https:\/\/noticiaempauta.com\/portal\/jogos-paralimpicos-2024-em-paris-contam-com-a-participacao-de-tres-atletas-piauienses\/"},"wordCount":591,"commentCount":0,"publisher":{"@id":"https:\/\/noticiaempauta.com\/portal\/#organization"},"image":{"@id":"https:\/\/noticiaempauta.com\/portal\/jogos-paralimpicos-2024-em-paris-contam-com-a-participacao-de-tres-atletas-piauienses\/#primaryimage"},"thumbnailUrl":"https:\/\/noticiaempauta.com\/portal\/wp-content\/uploads\/2024\/08\/HK43G2SGL91M6iuOVAOfczNga5jrfIISVwZ6AMTJ.webp","keywords":["destaqueprincipal"],"articleSection":["Destaques","Esporte","Geral","Todas as Not\u00edcias"],"inLanguage":"pt-BR","potentialAction":[{"@type":"CommentAction","name":"Comment","target":["https:\/\/noticiaempauta.com\/portal\/jogos-paralimpicos-2024-em-paris-contam-com-a-participacao-de-tres-atletas-piauienses\/#respond"]}]},{"@type":"WebPage","@id":"https:\/\/noticiaempauta.com\/portal\/jogos-paralimpicos-2024-em-paris-contam-com-a-participacao-de-tres-atletas-piauienses\/","url":"https:\/\/noticiaempauta.com\/portal\/jogos-paralimpicos-2024-em-paris-contam-com-a-participacao-de-tres-atletas-piauienses\/","name":"Jogos Paral\u00edmpicos 2024 em Paris contam com a participa\u00e7\u00e3o de tr\u00eas atletas piauienses - Portal Not\u00edcia em Pauta","isPartOf":{"@id":"https:\/\/noticiaempauta.com\/portal\/#website"},"primaryImageOfPage":{"@id":"https:\/\/noticiaempauta.com\/portal\/jogos-paralimpicos-2024-em-paris-contam-com-a-participacao-de-tres-atletas-piauienses\/#primaryimage"},"image":{"@id":"https:\/\/noticiaempauta.com\/portal\/jogos-paralimpicos-2024-em-paris-contam-com-a-participacao-de-tres-atletas-piauienses\/#primaryimage"},"thumbnailUrl":"https:\/\/noticiaempauta.com\/portal\/wp-content\/uploads\/2024\/08\/HK43G2SGL91M6iuOVAOfczNga5jrfIISVwZ6AMTJ.webp","datePublished":"2024-08-26T17:55:22+00:00","dateModified":"2024-08-26T17:55:23+00:00","breadcrumb":{"@id":"https:\/\/noticiaempauta.com\/portal\/jogos-paralimpicos-2024-em-paris-contam-com-a-participacao-de-tres-atletas-piauienses\/#breadcrumb"},"inLanguage":"pt-BR","potentialAction":[{"@type":"ReadAction","target":["https:\/\/noticiaempauta.com\/portal\/jogos-paralimpicos-2024-em-paris-contam-com-a-participacao-de-tres-atletas-piauienses\/"]}]},{"@type":"ImageObject","inLanguage":"pt-BR","@id":"https:\/\/noticiaempauta.com\/portal\/jogos-paralimpicos-2024-em-paris-contam-com-a-participacao-de-tres-atletas-piauienses\/#primaryimage","url":"https:\/\/noticiaempauta.com\/portal\/wp-content\/uploads\/2024\/08\/HK43G2SGL91M6iuOVAOfczNga5jrfIISVwZ6AMTJ.webp","contentUrl":"https:\/\/noticiaempauta.com\/portal\/wp-content\/uploads\/2024\/08\/HK43G2SGL91M6iuOVAOfczNga5jrfIISVwZ6AMTJ.webp","width":800,"height":450},{"@type":"BreadcrumbList","@id":"https:\/\/noticiaempauta.com\/portal\/jogos-paralimpicos-2024-em-paris-contam-com-a-participacao-de-tres-atletas-piauienses\/#breadcrumb","itemListElement":[{"@type":"ListItem","position":1,"name":"P\u00e1gina Inicial","item":"https:\/\/noticiaempauta.com\/portal\/"},{"@type":"ListItem","position":2,"name":"Destaques","item":"https:\/\/noticiaempauta.com\/portal\/destaques-site\/"},{"@type":"ListItem","position":3,"name":"Jogos Paral\u00edmpicos 2024 em Paris contam com a participa\u00e7\u00e3o de tr\u00eas atletas piauienses"}]},{"@type":"WebSite","@id":"https:\/\/noticiaempauta.com\/portal\/#website","url":"https:\/\/noticiaempauta.com\/portal\/","name":"Portal Not\u00edcia em Pauta","description":"Voc\u00ea bem informado","publisher":{"@id":"https:\/\/noticiaempauta.com\/portal\/#organization"},"potentialAction":[{"@type":"SearchAction","target":{"@type":"EntryPoint","urlTemplate":"https:\/\/noticiaempauta.com\/portal\/?s={search_term_string}"},"query-input":{"@type":"PropertyValueSpecification","valueRequired":true,"valueName":"search_term_string"}}],"inLanguage":"pt-BR"},{"@type":"Organization","@id":"https:\/\/noticiaempauta.com\/portal\/#organization","name":"Portal Not\u00edcia em Pauta","url":"https:\/\/noticiaempauta.com\/portal\/","logo":{"@type":"ImageObject","inLanguage":"pt-BR","@id":"https:\/\/noticiaempauta.com\/portal\/#\/schema\/logo\/image\/","url":"https:\/\/noticiaempauta.com\/portal\/wp-content\/uploads\/2022\/08\/logomarca_tema.fw_.png","contentUrl":"https:\/\/noticiaempauta.com\/portal\/wp-content\/uploads\/2022\/08\/logomarca_tema.fw_.png","width":400,"height":232,"caption":"Portal Not\u00edcia em Pauta"},"image":{"@id":"https:\/\/noticiaempauta.com\/portal\/#\/schema\/logo\/image\/"},"sameAs":["https:\/\/www.facebook.com\/Portal-Notcia-Em-Pauta-102292869264820\/","https:\/\/www.instagram.com\/portalnoticiaempauta\/"]},{"@type":"Person","@id":"https:\/\/noticiaempauta.com\/portal\/#\/schema\/person\/a74af43dd1ab3deca45f988c717d57ac","name":"Reda\u00e7\u00e3o","image":{"@type":"ImageObject","inLanguage":"pt-BR","@id":"https:\/\/noticiaempauta.com\/portal\/#\/schema\/person\/image\/","url":"https:\/\/secure.gravatar.com\/avatar\/03179346ecce6cdfc13361603e8f54242a90e5cde8618fa23c5c00aa2b0aadf3?s=96&d=mm&r=g","contentUrl":"https:\/\/secure.gravatar.com\/avatar\/03179346ecce6cdfc13361603e8f54242a90e5cde8618fa23c5c00aa2b0aadf3?s=96&d=mm&r=g","caption":"Reda\u00e7\u00e3o"},"sameAs":["https:\/\/noticiaempauta.com\/portal\/"],"url":"https:\/\/noticiaempauta.com\/portal\/author\/fernando\/"}]}},"_links":{"self":[{"href":"https:\/\/noticiaempauta.com\/portal\/wp-json\/wp\/v2\/posts\/261546","targetHints":{"allow":["GET"]}}],"collection":[{"href":"https:\/\/noticiaempauta.com\/portal\/wp-json\/wp\/v2\/posts"}],"about":[{"href":"https:\/\/noticiaempauta.com\/portal\/wp-json\/wp\/v2\/types\/post"}],"author":[{"embeddable":true,"href":"https:\/\/noticiaempauta.com\/portal\/wp-json\/wp\/v2\/users\/2"}],"replies":[{"embeddable":true,"href":"https:\/\/noticiaempauta.com\/portal\/wp-json\/wp\/v2\/comments?post=261546"}],"version-history":[{"count":2,"href":"https:\/\/noticiaempauta.com\/portal\/wp-json\/wp\/v2\/posts\/261546\/revisions"}],"predecessor-version":[{"id":261549,"href":"https:\/\/noticiaempauta.com\/portal\/wp-json\/wp\/v2\/posts\/261546\/revisions\/261549"}],"wp:featuredmedia":[{"embeddable":true,"href":"https:\/\/noticiaempauta.com\/portal\/wp-json\/wp\/v2\/media\/261547"}],"wp:attachment":[{"href":"https:\/\/noticiaempauta.com\/portal\/wp-json\/wp\/v2\/media?parent=261546"}],"wp:term":[{"taxonomy":"category","embeddable":true,"href":"https:\/\/noticiaempauta.com\/portal\/wp-json\/wp\/v2\/categories?post=261546"},{"taxonomy":"post_tag","embeddable":true,"href":"https:\/\/noticiaempauta.com\/portal\/wp-json\/wp\/v2\/tags?post=261546"}],"curies":[{"name":"wp","href":"https:\/\/api.w.org\/{rel}","templated":true}]}}