{"id":261550,"date":"2024-08-26T15:00:07","date_gmt":"2024-08-26T18:00:07","guid":{"rendered":"https:\/\/noticiaempauta.com\/portal\/?p=261550"},"modified":"2024-08-26T15:00:07","modified_gmt":"2024-08-26T18:00:07","slug":"governador-participa-de-evento-no-tce-e-trata-sobre-temas-como-a-divisao-de-recursos-para-estados-e-municipios","status":"publish","type":"post","link":"https:\/\/noticiaempauta.com\/portal\/governador-participa-de-evento-no-tce-e-trata-sobre-temas-como-a-divisao-de-recursos-para-estados-e-municipios\/","title":{"rendered":"Governador participa de evento no TCE e trata sobre temas como a divis\u00e3o de recursos para estados e munic\u00edpios"},"content":{"rendered":"\n<p>O governador Rafael Fonteles participou, nesta segunda-feira (26), da abertura da II Confer\u00eancia Di\u00e1logos com o Futuro, evento em comemora\u00e7\u00e3o aos 125 anos da funda\u00e7\u00e3o do Tribunal de Contas do Estado (TCE-PI).\u00a0Na ocasi\u00e3o, com a presen\u00e7a de Gabriel Gal\u00edpolo, diretor de Pol\u00edtica Monet\u00e1ria do Banco Central, Rafael questionou temas como taxa de juros, infla\u00e7\u00e3o e quest\u00f5es econ\u00f4micas sobre a divis\u00e3o de recursos com os estados e munic\u00edpios.<\/p>\n\n\n\n<figure class=\"wp-block-image size-full\"><img fetchpriority=\"high\" decoding=\"async\" width=\"1000\" height=\"667\" src=\"https:\/\/noticiaempauta.com\/portal\/wp-content\/uploads\/2024\/08\/large-whats-app-image-2024-08-26-at-10-36-34-1-9034a4bfdd-1724685420.jpeg\" alt=\"\" class=\"wp-image-261552\" srcset=\"https:\/\/noticiaempauta.com\/portal\/wp-content\/uploads\/2024\/08\/large-whats-app-image-2024-08-26-at-10-36-34-1-9034a4bfdd-1724685420.jpeg 1000w, https:\/\/noticiaempauta.com\/portal\/wp-content\/uploads\/2024\/08\/large-whats-app-image-2024-08-26-at-10-36-34-1-9034a4bfdd-1724685420-300x200.jpeg 300w, https:\/\/noticiaempauta.com\/portal\/wp-content\/uploads\/2024\/08\/large-whats-app-image-2024-08-26-at-10-36-34-1-9034a4bfdd-1724685420-768x512.jpeg 768w\" sizes=\"(max-width: 1000px) 100vw, 1000px\" \/><\/figure>\n\n\n\n<p>O governador destacou a import\u00e2ncia do TCE e do evento, que permite a qualifica\u00e7\u00e3o dos servidores. &#8220;Aqui, temos palestrantes renomados para engrandecer ainda mais a sociedade piauiense e qualificar os servidores, para melhor acompanhamento das pol\u00edticas p\u00fablicas. Eu tive a oportunidade de tratar aqui com o Gabriel Gal\u00edpolo, diretor de Pol\u00edtica Monet\u00e1ria do Banco Central, sobre esse tema t\u00e3o importante que afeta todos n\u00f3s, que \u00e9 a taxa de juros, a infla\u00e7\u00e3o e o c\u00e2mbio&#8221;, aponta Fonteles.<\/p>\n\n\n\n<figure class=\"wp-block-image size-full\"><img decoding=\"async\" width=\"1000\" height=\"667\" src=\"https:\/\/noticiaempauta.com\/portal\/wp-content\/uploads\/2024\/08\/large-whats-app-image-2024-08-26-at-10-36-29-2-ba626bfb14-1724685477.jpeg\" alt=\"\" class=\"wp-image-261551\" srcset=\"https:\/\/noticiaempauta.com\/portal\/wp-content\/uploads\/2024\/08\/large-whats-app-image-2024-08-26-at-10-36-29-2-ba626bfb14-1724685477.jpeg 1000w, https:\/\/noticiaempauta.com\/portal\/wp-content\/uploads\/2024\/08\/large-whats-app-image-2024-08-26-at-10-36-29-2-ba626bfb14-1724685477-300x200.jpeg 300w, https:\/\/noticiaempauta.com\/portal\/wp-content\/uploads\/2024\/08\/large-whats-app-image-2024-08-26-at-10-36-29-2-ba626bfb14-1724685477-768x512.jpeg 768w\" sizes=\"(max-width: 1000px) 100vw, 1000px\" \/><\/figure>\n\n\n\n<p>Para Kennedy Barros, presidente do TCE-PI, a II Confer\u00eancia Di\u00e1logos com o Futuro oferece um evento com a discuss\u00e3o dos grandes temas do Brasil.\u00a0&#8220;Na \u00e1rea de economia, sa\u00fade, na \u00e1rea do direito, das parcerias p\u00fablico-privadas. Ou seja, o que o tribunal quer \u00e9 integrar a popula\u00e7\u00e3o, os t\u00e9cnicos e o mundo acad\u00eamico do Piau\u00ed em busca da resolu\u00e7\u00e3o dos grandes problemas da na\u00e7\u00e3o por meio de boas pol\u00edticas p\u00fablicas. Tudo nesta linha de dar \u00e0 popula\u00e7\u00e3o, aos t\u00e9cnicos do tribunal, conhecimento sobre um tema t\u00e3o importante. E o governador, com o n\u00edvel de conhecimento que tem na \u00e1rea de economia, na \u00e1rea de matem\u00e1tica, seguramente \u00e9 um parceiro ideal para um debate&#8221;, acrescenta o \u00a0conselheiro.<\/p>\n\n\n\n<h2 class=\"wp-block-heading\"><strong>Confer\u00eancia Di\u00e1logos com o Futuro<\/strong><\/h2>\n\n\n\n<p>A programa\u00e7\u00e3o da II Confer\u00eancia Di\u00e1logos com o Futuro vai at\u00e9 o dia 30 de agosto, com acesso gratuito.\u00a0O evento marca a comemora\u00e7\u00e3o do anivers\u00e1rio do TCE-PI. Ao todo, ser\u00e3o discutidos diversos temas em seis mesas, que contam com a presen\u00e7a de personalidades de diferentes \u00e1reas.<\/p>\n\n\n\n<p>A programa\u00e7\u00e3o tamb\u00e9m prev\u00ea a participa\u00e7\u00e3o do procurador do MPC-PI, Leandro Maciel, doutor em Direito pela USP; dra. Ludhmila Hajjar, que \u00e9 professora da Faculdade de Medicina da USP; Camila Pintarelli, diretora do Fundo Nacional de Seguran\u00e7a P\u00fablica; Francisco Lucas, secret\u00e1rio de Estado da Seguran\u00e7a P\u00fablico; Luiz Henrique Lima, conselheiro substituto do TCE-MT; e o professor Jonatas Nunes, ex-reitor da Uespi.<\/p>\n\n\n\n<p><em>Fonte: Governo do Estado do Piau\u00ed<\/em><\/p>\n\n\n\n<p><\/p>\n","protected":false},"excerpt":{"rendered":"<p>O governador Rafael Fonteles participou, nesta segunda-feira (26), da abertura da II Confer\u00eancia Di\u00e1logos com o Futuro, evento em comemora\u00e7\u00e3o aos 125 anos da funda\u00e7\u00e3o do Tribunal de Contas do Estado (TCE-PI).\u00a0Na ocasi\u00e3o, com a presen\u00e7a de Gabriel Gal\u00edpolo, diretor de Pol\u00edtica Monet\u00e1ria do Banco Central, Rafael questionou temas como taxa de juros, infla\u00e7\u00e3o e [&hellip;]<\/p>\n","protected":false},"author":2,"featured_media":261552,"comment_status":"open","ping_status":"open","sticky":false,"template":"","format":"standard","meta":{"_mi_skip_tracking":false,"footnotes":""},"categories":[25,1,16],"tags":[192],"class_list":["post-261550","post","type-post","status-publish","format-standard","has-post-thumbnail","hentry","category-destaques-site","category-geral","category-todas","tag-destaqueprincipal"],"acf":[],"yoast_head":"<!-- This site is optimized with the Yoast SEO Premium plugin v19.2 (Yoast SEO v26.9) - https:\/\/yoast.com\/product\/yoast-seo-premium-wordpress\/ -->\n<title>Governador participa de evento no TCE e trata sobre temas como a divis\u00e3o de recursos para estados e munic\u00edpios - Portal Not\u00edcia em Pauta<\/title>\n<meta name=\"robots\" content=\"index, follow, max-snippet:-1, max-image-preview:large, max-video-preview:-1\" \/>\n<link rel=\"canonical\" href=\"https:\/\/noticiaempauta.com\/portal\/governador-participa-de-evento-no-tce-e-trata-sobre-temas-como-a-divisao-de-recursos-para-estados-e-municipios\/\" \/>\n<meta property=\"og:locale\" content=\"pt_BR\" \/>\n<meta property=\"og:type\" content=\"article\" \/>\n<meta property=\"og:title\" content=\"Governador participa de evento no TCE e trata sobre temas como a divis\u00e3o de recursos para estados e munic\u00edpios\" \/>\n<meta property=\"og:description\" content=\"O governador Rafael Fonteles participou, nesta segunda-feira (26), da abertura da II Confer\u00eancia Di\u00e1logos com o Futuro, evento em comemora\u00e7\u00e3o aos 125 anos da funda\u00e7\u00e3o do Tribunal de Contas do Estado (TCE-PI).\u00a0Na ocasi\u00e3o, com a presen\u00e7a de Gabriel Gal\u00edpolo, diretor de Pol\u00edtica Monet\u00e1ria do Banco Central, Rafael questionou temas como taxa de juros, infla\u00e7\u00e3o e [&hellip;]\" \/>\n<meta property=\"og:url\" content=\"https:\/\/noticiaempauta.com\/portal\/governador-participa-de-evento-no-tce-e-trata-sobre-temas-como-a-divisao-de-recursos-para-estados-e-municipios\/\" \/>\n<meta property=\"og:site_name\" content=\"Portal Not\u00edcia em Pauta\" \/>\n<meta property=\"article:publisher\" content=\"https:\/\/www.facebook.com\/Portal-Notcia-Em-Pauta-102292869264820\/\" \/>\n<meta property=\"article:published_time\" content=\"2024-08-26T18:00:07+00:00\" \/>\n<meta property=\"og:image\" content=\"https:\/\/noticiaempauta.com\/portal\/wp-content\/uploads\/2024\/08\/large-whats-app-image-2024-08-26-at-10-36-34-1-9034a4bfdd-1724685420.jpeg\" \/>\n\t<meta property=\"og:image:width\" content=\"1000\" \/>\n\t<meta property=\"og:image:height\" content=\"667\" \/>\n\t<meta property=\"og:image:type\" content=\"image\/jpeg\" \/>\n<meta name=\"author\" content=\"Reda\u00e7\u00e3o\" \/>\n<meta name=\"twitter:card\" content=\"summary_large_image\" \/>\n<meta name=\"twitter:label1\" content=\"Escrito por\" \/>\n\t<meta name=\"twitter:data1\" content=\"Reda\u00e7\u00e3o\" \/>\n\t<meta name=\"twitter:label2\" content=\"Est. tempo de leitura\" \/>\n\t<meta name=\"twitter:data2\" content=\"3 minutos\" \/>\n<script type=\"application\/ld+json\" class=\"yoast-schema-graph\">{\"@context\":\"https:\/\/schema.org\",\"@graph\":[{\"@type\":\"Article\",\"@id\":\"https:\/\/noticiaempauta.com\/portal\/governador-participa-de-evento-no-tce-e-trata-sobre-temas-como-a-divisao-de-recursos-para-estados-e-municipios\/#article\",\"isPartOf\":{\"@id\":\"https:\/\/noticiaempauta.com\/portal\/governador-participa-de-evento-no-tce-e-trata-sobre-temas-como-a-divisao-de-recursos-para-estados-e-municipios\/\"},\"author\":{\"name\":\"Reda\u00e7\u00e3o\",\"@id\":\"https:\/\/noticiaempauta.com\/portal\/#\/schema\/person\/a74af43dd1ab3deca45f988c717d57ac\"},\"headline\":\"Governador participa de evento no TCE e trata sobre temas como a divis\u00e3o de recursos para estados e munic\u00edpios\",\"datePublished\":\"2024-08-26T18:00:07+00:00\",\"mainEntityOfPage\":{\"@id\":\"https:\/\/noticiaempauta.com\/portal\/governador-participa-de-evento-no-tce-e-trata-sobre-temas-como-a-divisao-de-recursos-para-estados-e-municipios\/\"},\"wordCount\":452,\"commentCount\":0,\"publisher\":{\"@id\":\"https:\/\/noticiaempauta.com\/portal\/#organization\"},\"image\":{\"@id\":\"https:\/\/noticiaempauta.com\/portal\/governador-participa-de-evento-no-tce-e-trata-sobre-temas-como-a-divisao-de-recursos-para-estados-e-municipios\/#primaryimage\"},\"thumbnailUrl\":\"https:\/\/noticiaempauta.com\/portal\/wp-content\/uploads\/2024\/08\/large-whats-app-image-2024-08-26-at-10-36-34-1-9034a4bfdd-1724685420.jpeg\",\"keywords\":[\"destaqueprincipal\"],\"articleSection\":[\"Destaques\",\"Geral\",\"Todas as Not\u00edcias\"],\"inLanguage\":\"pt-BR\",\"potentialAction\":[{\"@type\":\"CommentAction\",\"name\":\"Comment\",\"target\":[\"https:\/\/noticiaempauta.com\/portal\/governador-participa-de-evento-no-tce-e-trata-sobre-temas-como-a-divisao-de-recursos-para-estados-e-municipios\/#respond\"]}]},{\"@type\":\"WebPage\",\"@id\":\"https:\/\/noticiaempauta.com\/portal\/governador-participa-de-evento-no-tce-e-trata-sobre-temas-como-a-divisao-de-recursos-para-estados-e-municipios\/\",\"url\":\"https:\/\/noticiaempauta.com\/portal\/governador-participa-de-evento-no-tce-e-trata-sobre-temas-como-a-divisao-de-recursos-para-estados-e-municipios\/\",\"name\":\"Governador participa de evento no TCE e trata sobre temas como a divis\u00e3o de recursos para estados e munic\u00edpios - Portal Not\u00edcia em Pauta\",\"isPartOf\":{\"@id\":\"https:\/\/noticiaempauta.com\/portal\/#website\"},\"primaryImageOfPage\":{\"@id\":\"https:\/\/noticiaempauta.com\/portal\/governador-participa-de-evento-no-tce-e-trata-sobre-temas-como-a-divisao-de-recursos-para-estados-e-municipios\/#primaryimage\"},\"image\":{\"@id\":\"https:\/\/noticiaempauta.com\/portal\/governador-participa-de-evento-no-tce-e-trata-sobre-temas-como-a-divisao-de-recursos-para-estados-e-municipios\/#primaryimage\"},\"thumbnailUrl\":\"https:\/\/noticiaempauta.com\/portal\/wp-content\/uploads\/2024\/08\/large-whats-app-image-2024-08-26-at-10-36-34-1-9034a4bfdd-1724685420.jpeg\",\"datePublished\":\"2024-08-26T18:00:07+00:00\",\"breadcrumb\":{\"@id\":\"https:\/\/noticiaempauta.com\/portal\/governador-participa-de-evento-no-tce-e-trata-sobre-temas-como-a-divisao-de-recursos-para-estados-e-municipios\/#breadcrumb\"},\"inLanguage\":\"pt-BR\",\"potentialAction\":[{\"@type\":\"ReadAction\",\"target\":[\"https:\/\/noticiaempauta.com\/portal\/governador-participa-de-evento-no-tce-e-trata-sobre-temas-como-a-divisao-de-recursos-para-estados-e-municipios\/\"]}]},{\"@type\":\"ImageObject\",\"inLanguage\":\"pt-BR\",\"@id\":\"https:\/\/noticiaempauta.com\/portal\/governador-participa-de-evento-no-tce-e-trata-sobre-temas-como-a-divisao-de-recursos-para-estados-e-municipios\/#primaryimage\",\"url\":\"https:\/\/noticiaempauta.com\/portal\/wp-content\/uploads\/2024\/08\/large-whats-app-image-2024-08-26-at-10-36-34-1-9034a4bfdd-1724685420.jpeg\",\"contentUrl\":\"https:\/\/noticiaempauta.com\/portal\/wp-content\/uploads\/2024\/08\/large-whats-app-image-2024-08-26-at-10-36-34-1-9034a4bfdd-1724685420.jpeg\",\"width\":1000,\"height\":667},{\"@type\":\"BreadcrumbList\",\"@id\":\"https:\/\/noticiaempauta.com\/portal\/governador-participa-de-evento-no-tce-e-trata-sobre-temas-como-a-divisao-de-recursos-para-estados-e-municipios\/#breadcrumb\",\"itemListElement\":[{\"@type\":\"ListItem\",\"position\":1,\"name\":\"P\u00e1gina Inicial\",\"item\":\"https:\/\/noticiaempauta.com\/portal\/\"},{\"@type\":\"ListItem\",\"position\":2,\"name\":\"Destaques\",\"item\":\"https:\/\/noticiaempauta.com\/portal\/destaques-site\/\"},{\"@type\":\"ListItem\",\"position\":3,\"name\":\"Governador participa de evento no TCE e trata sobre temas como a divis\u00e3o de recursos para estados e munic\u00edpios\"}]},{\"@type\":\"WebSite\",\"@id\":\"https:\/\/noticiaempauta.com\/portal\/#website\",\"url\":\"https:\/\/noticiaempauta.com\/portal\/\",\"name\":\"Portal Not\u00edcia em Pauta\",\"description\":\"Voc\u00ea bem informado\",\"publisher\":{\"@id\":\"https:\/\/noticiaempauta.com\/portal\/#organization\"},\"potentialAction\":[{\"@type\":\"SearchAction\",\"target\":{\"@type\":\"EntryPoint\",\"urlTemplate\":\"https:\/\/noticiaempauta.com\/portal\/?s={search_term_string}\"},\"query-input\":{\"@type\":\"PropertyValueSpecification\",\"valueRequired\":true,\"valueName\":\"search_term_string\"}}],\"inLanguage\":\"pt-BR\"},{\"@type\":\"Organization\",\"@id\":\"https:\/\/noticiaempauta.com\/portal\/#organization\",\"name\":\"Portal Not\u00edcia em Pauta\",\"url\":\"https:\/\/noticiaempauta.com\/portal\/\",\"logo\":{\"@type\":\"ImageObject\",\"inLanguage\":\"pt-BR\",\"@id\":\"https:\/\/noticiaempauta.com\/portal\/#\/schema\/logo\/image\/\",\"url\":\"https:\/\/noticiaempauta.com\/portal\/wp-content\/uploads\/2022\/08\/logomarca_tema.fw_.png\",\"contentUrl\":\"https:\/\/noticiaempauta.com\/portal\/wp-content\/uploads\/2022\/08\/logomarca_tema.fw_.png\",\"width\":400,\"height\":232,\"caption\":\"Portal Not\u00edcia em Pauta\"},\"image\":{\"@id\":\"https:\/\/noticiaempauta.com\/portal\/#\/schema\/logo\/image\/\"},\"sameAs\":[\"https:\/\/www.facebook.com\/Portal-Notcia-Em-Pauta-102292869264820\/\",\"https:\/\/www.instagram.com\/portalnoticiaempauta\/\"]},{\"@type\":\"Person\",\"@id\":\"https:\/\/noticiaempauta.com\/portal\/#\/schema\/person\/a74af43dd1ab3deca45f988c717d57ac\",\"name\":\"Reda\u00e7\u00e3o\",\"image\":{\"@type\":\"ImageObject\",\"inLanguage\":\"pt-BR\",\"@id\":\"https:\/\/noticiaempauta.com\/portal\/#\/schema\/person\/image\/\",\"url\":\"https:\/\/secure.gravatar.com\/avatar\/03179346ecce6cdfc13361603e8f54242a90e5cde8618fa23c5c00aa2b0aadf3?s=96&d=mm&r=g\",\"contentUrl\":\"https:\/\/secure.gravatar.com\/avatar\/03179346ecce6cdfc13361603e8f54242a90e5cde8618fa23c5c00aa2b0aadf3?s=96&d=mm&r=g\",\"caption\":\"Reda\u00e7\u00e3o\"},\"sameAs\":[\"https:\/\/noticiaempauta.com\/portal\/\"],\"url\":\"https:\/\/noticiaempauta.com\/portal\/author\/fernando\/\"}]}<\/script>\n<!-- \/ Yoast SEO Premium plugin. -->","yoast_head_json":{"title":"Governador participa de evento no TCE e trata sobre temas como a divis\u00e3o de recursos para estados e munic\u00edpios - Portal Not\u00edcia em Pauta","robots":{"index":"index","follow":"follow","max-snippet":"max-snippet:-1","max-image-preview":"max-image-preview:large","max-video-preview":"max-video-preview:-1"},"canonical":"https:\/\/noticiaempauta.com\/portal\/governador-participa-de-evento-no-tce-e-trata-sobre-temas-como-a-divisao-de-recursos-para-estados-e-municipios\/","og_locale":"pt_BR","og_type":"article","og_title":"Governador participa de evento no TCE e trata sobre temas como a divis\u00e3o de recursos para estados e munic\u00edpios","og_description":"O governador Rafael Fonteles participou, nesta segunda-feira (26), da abertura da II Confer\u00eancia Di\u00e1logos com o Futuro, evento em comemora\u00e7\u00e3o aos 125 anos da funda\u00e7\u00e3o do Tribunal de Contas do Estado (TCE-PI).\u00a0Na ocasi\u00e3o, com a presen\u00e7a de Gabriel Gal\u00edpolo, diretor de Pol\u00edtica Monet\u00e1ria do Banco Central, Rafael questionou temas como taxa de juros, infla\u00e7\u00e3o e [&hellip;]","og_url":"https:\/\/noticiaempauta.com\/portal\/governador-participa-de-evento-no-tce-e-trata-sobre-temas-como-a-divisao-de-recursos-para-estados-e-municipios\/","og_site_name":"Portal Not\u00edcia em Pauta","article_publisher":"https:\/\/www.facebook.com\/Portal-Notcia-Em-Pauta-102292869264820\/","article_published_time":"2024-08-26T18:00:07+00:00","og_image":[{"width":1000,"height":667,"url":"https:\/\/noticiaempauta.com\/portal\/wp-content\/uploads\/2024\/08\/large-whats-app-image-2024-08-26-at-10-36-34-1-9034a4bfdd-1724685420.jpeg","type":"image\/jpeg"}],"author":"Reda\u00e7\u00e3o","twitter_card":"summary_large_image","twitter_misc":{"Escrito por":"Reda\u00e7\u00e3o","Est. tempo de leitura":"3 minutos"},"schema":{"@context":"https:\/\/schema.org","@graph":[{"@type":"Article","@id":"https:\/\/noticiaempauta.com\/portal\/governador-participa-de-evento-no-tce-e-trata-sobre-temas-como-a-divisao-de-recursos-para-estados-e-municipios\/#article","isPartOf":{"@id":"https:\/\/noticiaempauta.com\/portal\/governador-participa-de-evento-no-tce-e-trata-sobre-temas-como-a-divisao-de-recursos-para-estados-e-municipios\/"},"author":{"name":"Reda\u00e7\u00e3o","@id":"https:\/\/noticiaempauta.com\/portal\/#\/schema\/person\/a74af43dd1ab3deca45f988c717d57ac"},"headline":"Governador participa de evento no TCE e trata sobre temas como a divis\u00e3o de recursos para estados e munic\u00edpios","datePublished":"2024-08-26T18:00:07+00:00","mainEntityOfPage":{"@id":"https:\/\/noticiaempauta.com\/portal\/governador-participa-de-evento-no-tce-e-trata-sobre-temas-como-a-divisao-de-recursos-para-estados-e-municipios\/"},"wordCount":452,"commentCount":0,"publisher":{"@id":"https:\/\/noticiaempauta.com\/portal\/#organization"},"image":{"@id":"https:\/\/noticiaempauta.com\/portal\/governador-participa-de-evento-no-tce-e-trata-sobre-temas-como-a-divisao-de-recursos-para-estados-e-municipios\/#primaryimage"},"thumbnailUrl":"https:\/\/noticiaempauta.com\/portal\/wp-content\/uploads\/2024\/08\/large-whats-app-image-2024-08-26-at-10-36-34-1-9034a4bfdd-1724685420.jpeg","keywords":["destaqueprincipal"],"articleSection":["Destaques","Geral","Todas as Not\u00edcias"],"inLanguage":"pt-BR","potentialAction":[{"@type":"CommentAction","name":"Comment","target":["https:\/\/noticiaempauta.com\/portal\/governador-participa-de-evento-no-tce-e-trata-sobre-temas-como-a-divisao-de-recursos-para-estados-e-municipios\/#respond"]}]},{"@type":"WebPage","@id":"https:\/\/noticiaempauta.com\/portal\/governador-participa-de-evento-no-tce-e-trata-sobre-temas-como-a-divisao-de-recursos-para-estados-e-municipios\/","url":"https:\/\/noticiaempauta.com\/portal\/governador-participa-de-evento-no-tce-e-trata-sobre-temas-como-a-divisao-de-recursos-para-estados-e-municipios\/","name":"Governador participa de evento no TCE e trata sobre temas como a divis\u00e3o de recursos para estados e munic\u00edpios - Portal Not\u00edcia em Pauta","isPartOf":{"@id":"https:\/\/noticiaempauta.com\/portal\/#website"},"primaryImageOfPage":{"@id":"https:\/\/noticiaempauta.com\/portal\/governador-participa-de-evento-no-tce-e-trata-sobre-temas-como-a-divisao-de-recursos-para-estados-e-municipios\/#primaryimage"},"image":{"@id":"https:\/\/noticiaempauta.com\/portal\/governador-participa-de-evento-no-tce-e-trata-sobre-temas-como-a-divisao-de-recursos-para-estados-e-municipios\/#primaryimage"},"thumbnailUrl":"https:\/\/noticiaempauta.com\/portal\/wp-content\/uploads\/2024\/08\/large-whats-app-image-2024-08-26-at-10-36-34-1-9034a4bfdd-1724685420.jpeg","datePublished":"2024-08-26T18:00:07+00:00","breadcrumb":{"@id":"https:\/\/noticiaempauta.com\/portal\/governador-participa-de-evento-no-tce-e-trata-sobre-temas-como-a-divisao-de-recursos-para-estados-e-municipios\/#breadcrumb"},"inLanguage":"pt-BR","potentialAction":[{"@type":"ReadAction","target":["https:\/\/noticiaempauta.com\/portal\/governador-participa-de-evento-no-tce-e-trata-sobre-temas-como-a-divisao-de-recursos-para-estados-e-municipios\/"]}]},{"@type":"ImageObject","inLanguage":"pt-BR","@id":"https:\/\/noticiaempauta.com\/portal\/governador-participa-de-evento-no-tce-e-trata-sobre-temas-como-a-divisao-de-recursos-para-estados-e-municipios\/#primaryimage","url":"https:\/\/noticiaempauta.com\/portal\/wp-content\/uploads\/2024\/08\/large-whats-app-image-2024-08-26-at-10-36-34-1-9034a4bfdd-1724685420.jpeg","contentUrl":"https:\/\/noticiaempauta.com\/portal\/wp-content\/uploads\/2024\/08\/large-whats-app-image-2024-08-26-at-10-36-34-1-9034a4bfdd-1724685420.jpeg","width":1000,"height":667},{"@type":"BreadcrumbList","@id":"https:\/\/noticiaempauta.com\/portal\/governador-participa-de-evento-no-tce-e-trata-sobre-temas-como-a-divisao-de-recursos-para-estados-e-municipios\/#breadcrumb","itemListElement":[{"@type":"ListItem","position":1,"name":"P\u00e1gina Inicial","item":"https:\/\/noticiaempauta.com\/portal\/"},{"@type":"ListItem","position":2,"name":"Destaques","item":"https:\/\/noticiaempauta.com\/portal\/destaques-site\/"},{"@type":"ListItem","position":3,"name":"Governador participa de evento no TCE e trata sobre temas como a divis\u00e3o de recursos para estados e munic\u00edpios"}]},{"@type":"WebSite","@id":"https:\/\/noticiaempauta.com\/portal\/#website","url":"https:\/\/noticiaempauta.com\/portal\/","name":"Portal Not\u00edcia em Pauta","description":"Voc\u00ea bem informado","publisher":{"@id":"https:\/\/noticiaempauta.com\/portal\/#organization"},"potentialAction":[{"@type":"SearchAction","target":{"@type":"EntryPoint","urlTemplate":"https:\/\/noticiaempauta.com\/portal\/?s={search_term_string}"},"query-input":{"@type":"PropertyValueSpecification","valueRequired":true,"valueName":"search_term_string"}}],"inLanguage":"pt-BR"},{"@type":"Organization","@id":"https:\/\/noticiaempauta.com\/portal\/#organization","name":"Portal Not\u00edcia em Pauta","url":"https:\/\/noticiaempauta.com\/portal\/","logo":{"@type":"ImageObject","inLanguage":"pt-BR","@id":"https:\/\/noticiaempauta.com\/portal\/#\/schema\/logo\/image\/","url":"https:\/\/noticiaempauta.com\/portal\/wp-content\/uploads\/2022\/08\/logomarca_tema.fw_.png","contentUrl":"https:\/\/noticiaempauta.com\/portal\/wp-content\/uploads\/2022\/08\/logomarca_tema.fw_.png","width":400,"height":232,"caption":"Portal Not\u00edcia em Pauta"},"image":{"@id":"https:\/\/noticiaempauta.com\/portal\/#\/schema\/logo\/image\/"},"sameAs":["https:\/\/www.facebook.com\/Portal-Notcia-Em-Pauta-102292869264820\/","https:\/\/www.instagram.com\/portalnoticiaempauta\/"]},{"@type":"Person","@id":"https:\/\/noticiaempauta.com\/portal\/#\/schema\/person\/a74af43dd1ab3deca45f988c717d57ac","name":"Reda\u00e7\u00e3o","image":{"@type":"ImageObject","inLanguage":"pt-BR","@id":"https:\/\/noticiaempauta.com\/portal\/#\/schema\/person\/image\/","url":"https:\/\/secure.gravatar.com\/avatar\/03179346ecce6cdfc13361603e8f54242a90e5cde8618fa23c5c00aa2b0aadf3?s=96&d=mm&r=g","contentUrl":"https:\/\/secure.gravatar.com\/avatar\/03179346ecce6cdfc13361603e8f54242a90e5cde8618fa23c5c00aa2b0aadf3?s=96&d=mm&r=g","caption":"Reda\u00e7\u00e3o"},"sameAs":["https:\/\/noticiaempauta.com\/portal\/"],"url":"https:\/\/noticiaempauta.com\/portal\/author\/fernando\/"}]}},"_links":{"self":[{"href":"https:\/\/noticiaempauta.com\/portal\/wp-json\/wp\/v2\/posts\/261550","targetHints":{"allow":["GET"]}}],"collection":[{"href":"https:\/\/noticiaempauta.com\/portal\/wp-json\/wp\/v2\/posts"}],"about":[{"href":"https:\/\/noticiaempauta.com\/portal\/wp-json\/wp\/v2\/types\/post"}],"author":[{"embeddable":true,"href":"https:\/\/noticiaempauta.com\/portal\/wp-json\/wp\/v2\/users\/2"}],"replies":[{"embeddable":true,"href":"https:\/\/noticiaempauta.com\/portal\/wp-json\/wp\/v2\/comments?post=261550"}],"version-history":[{"count":2,"href":"https:\/\/noticiaempauta.com\/portal\/wp-json\/wp\/v2\/posts\/261550\/revisions"}],"predecessor-version":[{"id":261554,"href":"https:\/\/noticiaempauta.com\/portal\/wp-json\/wp\/v2\/posts\/261550\/revisions\/261554"}],"wp:featuredmedia":[{"embeddable":true,"href":"https:\/\/noticiaempauta.com\/portal\/wp-json\/wp\/v2\/media\/261552"}],"wp:attachment":[{"href":"https:\/\/noticiaempauta.com\/portal\/wp-json\/wp\/v2\/media?parent=261550"}],"wp:term":[{"taxonomy":"category","embeddable":true,"href":"https:\/\/noticiaempauta.com\/portal\/wp-json\/wp\/v2\/categories?post=261550"},{"taxonomy":"post_tag","embeddable":true,"href":"https:\/\/noticiaempauta.com\/portal\/wp-json\/wp\/v2\/tags?post=261550"}],"curies":[{"name":"wp","href":"https:\/\/api.w.org\/{rel}","templated":true}]}}