{"id":261557,"date":"2024-08-26T19:40:48","date_gmt":"2024-08-26T22:40:48","guid":{"rendered":"https:\/\/noticiaempauta.com\/portal\/?p=261557"},"modified":"2024-08-26T19:42:23","modified_gmt":"2024-08-26T22:42:23","slug":"dissidencia-na-oab-de-picos-raimundo-junior-conquista-apoios-importantes","status":"publish","type":"post","link":"https:\/\/noticiaempauta.com\/portal\/dissidencia-na-oab-de-picos-raimundo-junior-conquista-apoios-importantes\/","title":{"rendered":"Dissid\u00eancia na OAB de Picos: Raimundo J\u00fanior conquista apoios importantes"},"content":{"rendered":"\n<p>O advogado Raimundo J\u00fanior, candidato \u00e0 presid\u00eancia da OAB pela oposi\u00e7\u00e3o, recebeu na \u00faltima semana, um apoio decisivo ao seu projeto de unir um grupo forte na luta para resgatar a transpar\u00eancia e altivez da seccional do Piau\u00ed.<\/p>\n\n\n\n<figure class=\"wp-block-image size-large\"><img fetchpriority=\"high\" decoding=\"async\" width=\"1024\" height=\"406\" src=\"https:\/\/noticiaempauta.com\/portal\/wp-content\/uploads\/2024\/08\/306d3179-3752-4345-83f0-80e8b5529840-1024x406.jpeg\" alt=\"\" class=\"wp-image-261559\" srcset=\"https:\/\/noticiaempauta.com\/portal\/wp-content\/uploads\/2024\/08\/306d3179-3752-4345-83f0-80e8b5529840-1024x406.jpeg 1024w, https:\/\/noticiaempauta.com\/portal\/wp-content\/uploads\/2024\/08\/306d3179-3752-4345-83f0-80e8b5529840-300x119.jpeg 300w, https:\/\/noticiaempauta.com\/portal\/wp-content\/uploads\/2024\/08\/306d3179-3752-4345-83f0-80e8b5529840-768x305.jpeg 768w, https:\/\/noticiaempauta.com\/portal\/wp-content\/uploads\/2024\/08\/306d3179-3752-4345-83f0-80e8b5529840-1536x610.jpeg 1536w, https:\/\/noticiaempauta.com\/portal\/wp-content\/uploads\/2024\/08\/306d3179-3752-4345-83f0-80e8b5529840.jpeg 1600w\" sizes=\"(max-width: 1024px) 100vw, 1024px\" \/><\/figure>\n\n\n\n<p>O grupo de gest\u00e3o da Subse\u00e7\u00e3o de Picos, passa a fazer parte da oposi\u00e7\u00e3o. As advogadas Alice Lu\u00edsa, que \u00e9 presidente da Comiss\u00e3o da Jovem Advocacia e Yana Moura, atual vice-presidente da OAB de Picos, e candidata a presidente nas elei\u00e7\u00f5es de novembro, agora defendem o mesmo projeto de mudan\u00e7a do advogado Raimundo Junior.<\/p>\n\n\n\n<figure class=\"wp-block-image size-large\"><img decoding=\"async\" width=\"1024\" height=\"605\" src=\"https:\/\/noticiaempauta.com\/portal\/wp-content\/uploads\/2024\/08\/9ecd2ee3-01f3-4f88-ae15-98146dd4a36a-1024x605.jpeg\" alt=\"\" class=\"wp-image-261560\" srcset=\"https:\/\/noticiaempauta.com\/portal\/wp-content\/uploads\/2024\/08\/9ecd2ee3-01f3-4f88-ae15-98146dd4a36a-1024x605.jpeg 1024w, https:\/\/noticiaempauta.com\/portal\/wp-content\/uploads\/2024\/08\/9ecd2ee3-01f3-4f88-ae15-98146dd4a36a-300x177.jpeg 300w, https:\/\/noticiaempauta.com\/portal\/wp-content\/uploads\/2024\/08\/9ecd2ee3-01f3-4f88-ae15-98146dd4a36a-768x453.jpeg 768w, https:\/\/noticiaempauta.com\/portal\/wp-content\/uploads\/2024\/08\/9ecd2ee3-01f3-4f88-ae15-98146dd4a36a.jpeg 1338w\" sizes=\"(max-width: 1024px) 100vw, 1024px\" \/><\/figure>\n\n\n\n<p>O ex-presidente da subse\u00e7\u00e3o de Picos, Kleber Curica, em nome da unidade, e num gesto de boa vontade e desprendimento, abdicou da sua candidatura e se uniu ao novo grupo de apoio \u00e0 candidatura da oposi\u00e7\u00e3o, agora maior e mais forte, capaz de atrair novos nomes na regi\u00e3o.<\/p>\n\n\n\n<figure class=\"wp-block-image size-large\"><img decoding=\"async\" width=\"1024\" height=\"983\" src=\"https:\/\/noticiaempauta.com\/portal\/wp-content\/uploads\/2024\/08\/IMG_4486-1024x983.jpeg\" alt=\"\" class=\"wp-image-261561\" srcset=\"https:\/\/noticiaempauta.com\/portal\/wp-content\/uploads\/2024\/08\/IMG_4486-1024x983.jpeg 1024w, https:\/\/noticiaempauta.com\/portal\/wp-content\/uploads\/2024\/08\/IMG_4486-300x288.jpeg 300w, https:\/\/noticiaempauta.com\/portal\/wp-content\/uploads\/2024\/08\/IMG_4486-768x737.jpeg 768w, https:\/\/noticiaempauta.com\/portal\/wp-content\/uploads\/2024\/08\/IMG_4486.jpeg 1170w\" sizes=\"(max-width: 1024px) 100vw, 1024px\" \/><\/figure>\n\n\n\n<p>Raimundo J\u00fanior descreveu a reuni\u00e3o que definiu o alinhamento do grupo como um grito de liberdade para todos os profissionais que trabalham no dia a dia e precisam de uma institui\u00e7\u00e3o forte. Para ele, a chegada de figuras importantes e qualificadas da advocacia de Picos ao projeto de politica de classe que expressa o sentimento de esperan\u00e7a, transformou esta sexta-feira em um dos dias mais felizes de sua vida.<\/p>\n\n\n\n<figure class=\"wp-block-image size-large\"><img loading=\"lazy\" decoding=\"async\" width=\"1024\" height=\"605\" src=\"https:\/\/noticiaempauta.com\/portal\/wp-content\/uploads\/2024\/08\/e23ee7ed-b120-45cd-9cd3-7fbd95fe9d75-1024x605.jpeg\" alt=\"\" class=\"wp-image-261558\" srcset=\"https:\/\/noticiaempauta.com\/portal\/wp-content\/uploads\/2024\/08\/e23ee7ed-b120-45cd-9cd3-7fbd95fe9d75-1024x605.jpeg 1024w, https:\/\/noticiaempauta.com\/portal\/wp-content\/uploads\/2024\/08\/e23ee7ed-b120-45cd-9cd3-7fbd95fe9d75-300x177.jpeg 300w, https:\/\/noticiaempauta.com\/portal\/wp-content\/uploads\/2024\/08\/e23ee7ed-b120-45cd-9cd3-7fbd95fe9d75-768x453.jpeg 768w, https:\/\/noticiaempauta.com\/portal\/wp-content\/uploads\/2024\/08\/e23ee7ed-b120-45cd-9cd3-7fbd95fe9d75.jpeg 1338w\" sizes=\"(max-width: 1024px) 100vw, 1024px\" \/><\/figure>\n\n\n\n<p>\u201c Estamos nos unindo para algo bem maior do que todos n\u00f3s, porque vamos fazer o que \u00e9 importante para a advocacia. Aquilo que \u00e9 resolutivo para a advocacia\u201d, disse. Segundo ele, \u00e9 a oportunidade de se construir uma institui\u00e7\u00e3o realmente representativa, com compromisso com a verdade, com a palavra, com a uni\u00e3o e, sobretudo, com a classe de advogados e advogadas.<\/p>\n\n\n\n<p>Para Kleber Curica, ex-presidente da Ordem dos Advogados do Brasil (OAB), Subse\u00e7\u00e3o de Picos, este \u00e9 um marco na advocacia pol\u00edtica de Picos e regi\u00e3o. E refor\u00e7a que a proposta do grupo \u00e9 buscar um trabalho sem esquecer ningu\u00e9m, na advocacia.<\/p>\n\n\n\n<p>\u201cAgrade\u00e7o demais todo o carinho do grupo, que sempre foram atenciosos com a gente. Quero deixar registrado o apoio Incondicional, dos meus irm\u00e3os, n\u00e3o s\u00f3 de Ordem, mas de vida. Fico muito feliz, quando se fala que a gente sempre busca a uni\u00e3o. Temos sempre essa preocupa\u00e7\u00e3o com a uni\u00e3o da advocacia. E eles e elas que hoje est\u00e3o aqui, pois eu n\u00e3o sou o cara, eles s\u00e3o. Estou \u00e0 inteira disposi\u00e7\u00e3o de todos os advogados e advogadas\u201d, completou.<\/p>\n\n\n\n<p>A advogada Ravenia Oliveira, presidente da Caixa de Assist\u00eancia dos Advogados do Piau\u00ed(CAAPI), lembrou do trabalho realizado por Kleber Curica, como um grande l\u00edder,que fez hist\u00f3ria na subesta\u00e7\u00e3o de Picos.<\/p>\n\n\n\n<p>\u201cEle sempre disp\u00f4s com muita resili\u00eancia para dialogar e trabalhar por essa que \u00e9 a maior subse\u00e7\u00e3o do nosso estado. A gente tem coragem quando temos prop\u00f3sito, quando sabemos da nossa luta pela liberdade. Parab\u00e9ns \u00e0s duas! E quero dizer a voc\u00eas que estou aqui para fortalecer nosso trabalho. E esse encontro de trabalho, projetos, que ir\u00e1 fortalecer a advocacia de Picos e regi\u00e3o\u201d, destacou.<\/p>\n\n\n\n<p>Outra nova aliada de Raimundo J\u00fanior, a advogada Alice Lu\u00edza, presidente da Comiss\u00e3o da Jovem Advocacia, exaltou a grande constru\u00e7\u00e3o que o grupo far\u00e1, para somar e colocar a advocacia como protagonista.<\/p>\n\n\n\n<p>\u201cEssa \u00e9 uma constru\u00e7\u00e3o necess\u00e1ria, que mostra que podemos conversar, construir para fazermos uma OAB de verdade.Estamos aqui para somar e trazer a advocacia para o protagonismo, respeitando a individualidade de cada um. Vamos trabalhar juntos numa somat\u00f3ria de interesses da advocacia\u201d pontuou.<\/p>\n\n\n\n<p>A vice-presidente da Subse\u00e7\u00e3o da OAB de Picos, Yana Moura, ressalta que a sua hist\u00f3ria profissional se confunde com a sua trajet\u00f3ria na OAB. E que neste momento de tomada de decis\u00e3o, ela chegou a conclus\u00e3o de que \u00e9 preciso ousar e quebrar barreiras, por acreditar que o que modifica a advocacia n\u00e3o s\u00e3o obras, mas o relacionamento entre os profissionais , s\u00e3o as prerrogativas e a labuta do dia a dia.<\/p>\n\n\n\n<p>\u201cSou uma pessoa de grupo e acredito que Raimundo J\u00fanior vai conduzir os pr\u00f3ximos passos com o objetivo de unir a categoria, respeitar o jovem advogado e o protagonismo das mulheres\u201d, falou Yana Moura, candidata a presidente na Subse\u00e7\u00e3o da Ordem de Picos.<\/p>\n\n\n\n<p>Ascom<\/p>\n\n\n\n<p><\/p>\n","protected":false},"excerpt":{"rendered":"<p>O advogado Raimundo J\u00fanior, candidato \u00e0 presid\u00eancia da OAB pela oposi\u00e7\u00e3o, recebeu na \u00faltima semana, um apoio decisivo ao seu projeto de unir um grupo forte na luta para resgatar a transpar\u00eancia e altivez da seccional do Piau\u00ed. O grupo de gest\u00e3o da Subse\u00e7\u00e3o de Picos, passa a fazer parte da oposi\u00e7\u00e3o. As advogadas Alice [&hellip;]<\/p>\n","protected":false},"author":2,"featured_media":261558,"comment_status":"open","ping_status":"open","sticky":false,"template":"","format":"standard","meta":{"_mi_skip_tracking":false,"footnotes":""},"categories":[25,1,16],"tags":[],"class_list":["post-261557","post","type-post","status-publish","format-standard","has-post-thumbnail","hentry","category-destaques-site","category-geral","category-todas"],"acf":[],"yoast_head":"<!-- This site is optimized with the Yoast SEO Premium plugin v19.2 (Yoast SEO v26.9) - https:\/\/yoast.com\/product\/yoast-seo-premium-wordpress\/ -->\n<title>Dissid\u00eancia na OAB de Picos: Raimundo J\u00fanior conquista apoios importantes - Portal Not\u00edcia em Pauta<\/title>\n<meta name=\"robots\" content=\"index, follow, max-snippet:-1, max-image-preview:large, max-video-preview:-1\" \/>\n<link rel=\"canonical\" href=\"https:\/\/noticiaempauta.com\/portal\/dissidencia-na-oab-de-picos-raimundo-junior-conquista-apoios-importantes\/\" \/>\n<meta property=\"og:locale\" content=\"pt_BR\" \/>\n<meta property=\"og:type\" content=\"article\" \/>\n<meta property=\"og:title\" content=\"Dissid\u00eancia na OAB de Picos: Raimundo J\u00fanior conquista apoios importantes\" \/>\n<meta property=\"og:description\" content=\"O advogado Raimundo J\u00fanior, candidato \u00e0 presid\u00eancia da OAB pela oposi\u00e7\u00e3o, recebeu na \u00faltima semana, um apoio decisivo ao seu projeto de unir um grupo forte na luta para resgatar a transpar\u00eancia e altivez da seccional do Piau\u00ed. O grupo de gest\u00e3o da Subse\u00e7\u00e3o de Picos, passa a fazer parte da oposi\u00e7\u00e3o. As advogadas Alice [&hellip;]\" \/>\n<meta property=\"og:url\" content=\"https:\/\/noticiaempauta.com\/portal\/dissidencia-na-oab-de-picos-raimundo-junior-conquista-apoios-importantes\/\" \/>\n<meta property=\"og:site_name\" content=\"Portal Not\u00edcia em Pauta\" \/>\n<meta property=\"article:publisher\" content=\"https:\/\/www.facebook.com\/Portal-Notcia-Em-Pauta-102292869264820\/\" \/>\n<meta property=\"article:published_time\" content=\"2024-08-26T22:40:48+00:00\" \/>\n<meta property=\"article:modified_time\" content=\"2024-08-26T22:42:23+00:00\" \/>\n<meta property=\"og:image\" content=\"https:\/\/noticiaempauta.com\/portal\/wp-content\/uploads\/2024\/08\/e23ee7ed-b120-45cd-9cd3-7fbd95fe9d75.jpeg\" \/>\n\t<meta property=\"og:image:width\" content=\"1338\" \/>\n\t<meta property=\"og:image:height\" content=\"790\" \/>\n\t<meta property=\"og:image:type\" content=\"image\/jpeg\" \/>\n<meta name=\"author\" content=\"Reda\u00e7\u00e3o\" \/>\n<meta name=\"twitter:card\" content=\"summary_large_image\" \/>\n<meta name=\"twitter:label1\" content=\"Escrito por\" \/>\n\t<meta name=\"twitter:data1\" content=\"Reda\u00e7\u00e3o\" \/>\n\t<meta name=\"twitter:label2\" content=\"Est. tempo de leitura\" \/>\n\t<meta name=\"twitter:data2\" content=\"5 minutos\" \/>\n<script type=\"application\/ld+json\" class=\"yoast-schema-graph\">{\"@context\":\"https:\/\/schema.org\",\"@graph\":[{\"@type\":\"Article\",\"@id\":\"https:\/\/noticiaempauta.com\/portal\/dissidencia-na-oab-de-picos-raimundo-junior-conquista-apoios-importantes\/#article\",\"isPartOf\":{\"@id\":\"https:\/\/noticiaempauta.com\/portal\/dissidencia-na-oab-de-picos-raimundo-junior-conquista-apoios-importantes\/\"},\"author\":{\"name\":\"Reda\u00e7\u00e3o\",\"@id\":\"https:\/\/noticiaempauta.com\/portal\/#\/schema\/person\/a74af43dd1ab3deca45f988c717d57ac\"},\"headline\":\"Dissid\u00eancia na OAB de Picos: Raimundo J\u00fanior conquista apoios importantes\",\"datePublished\":\"2024-08-26T22:40:48+00:00\",\"dateModified\":\"2024-08-26T22:42:23+00:00\",\"mainEntityOfPage\":{\"@id\":\"https:\/\/noticiaempauta.com\/portal\/dissidencia-na-oab-de-picos-raimundo-junior-conquista-apoios-importantes\/\"},\"wordCount\":743,\"commentCount\":0,\"publisher\":{\"@id\":\"https:\/\/noticiaempauta.com\/portal\/#organization\"},\"image\":{\"@id\":\"https:\/\/noticiaempauta.com\/portal\/dissidencia-na-oab-de-picos-raimundo-junior-conquista-apoios-importantes\/#primaryimage\"},\"thumbnailUrl\":\"https:\/\/noticiaempauta.com\/portal\/wp-content\/uploads\/2024\/08\/e23ee7ed-b120-45cd-9cd3-7fbd95fe9d75.jpeg\",\"articleSection\":[\"Destaques\",\"Geral\",\"Todas as Not\u00edcias\"],\"inLanguage\":\"pt-BR\",\"potentialAction\":[{\"@type\":\"CommentAction\",\"name\":\"Comment\",\"target\":[\"https:\/\/noticiaempauta.com\/portal\/dissidencia-na-oab-de-picos-raimundo-junior-conquista-apoios-importantes\/#respond\"]}]},{\"@type\":\"WebPage\",\"@id\":\"https:\/\/noticiaempauta.com\/portal\/dissidencia-na-oab-de-picos-raimundo-junior-conquista-apoios-importantes\/\",\"url\":\"https:\/\/noticiaempauta.com\/portal\/dissidencia-na-oab-de-picos-raimundo-junior-conquista-apoios-importantes\/\",\"name\":\"Dissid\u00eancia na OAB de Picos: Raimundo J\u00fanior conquista apoios importantes - Portal Not\u00edcia em Pauta\",\"isPartOf\":{\"@id\":\"https:\/\/noticiaempauta.com\/portal\/#website\"},\"primaryImageOfPage\":{\"@id\":\"https:\/\/noticiaempauta.com\/portal\/dissidencia-na-oab-de-picos-raimundo-junior-conquista-apoios-importantes\/#primaryimage\"},\"image\":{\"@id\":\"https:\/\/noticiaempauta.com\/portal\/dissidencia-na-oab-de-picos-raimundo-junior-conquista-apoios-importantes\/#primaryimage\"},\"thumbnailUrl\":\"https:\/\/noticiaempauta.com\/portal\/wp-content\/uploads\/2024\/08\/e23ee7ed-b120-45cd-9cd3-7fbd95fe9d75.jpeg\",\"datePublished\":\"2024-08-26T22:40:48+00:00\",\"dateModified\":\"2024-08-26T22:42:23+00:00\",\"breadcrumb\":{\"@id\":\"https:\/\/noticiaempauta.com\/portal\/dissidencia-na-oab-de-picos-raimundo-junior-conquista-apoios-importantes\/#breadcrumb\"},\"inLanguage\":\"pt-BR\",\"potentialAction\":[{\"@type\":\"ReadAction\",\"target\":[\"https:\/\/noticiaempauta.com\/portal\/dissidencia-na-oab-de-picos-raimundo-junior-conquista-apoios-importantes\/\"]}]},{\"@type\":\"ImageObject\",\"inLanguage\":\"pt-BR\",\"@id\":\"https:\/\/noticiaempauta.com\/portal\/dissidencia-na-oab-de-picos-raimundo-junior-conquista-apoios-importantes\/#primaryimage\",\"url\":\"https:\/\/noticiaempauta.com\/portal\/wp-content\/uploads\/2024\/08\/e23ee7ed-b120-45cd-9cd3-7fbd95fe9d75.jpeg\",\"contentUrl\":\"https:\/\/noticiaempauta.com\/portal\/wp-content\/uploads\/2024\/08\/e23ee7ed-b120-45cd-9cd3-7fbd95fe9d75.jpeg\",\"width\":1338,\"height\":790},{\"@type\":\"BreadcrumbList\",\"@id\":\"https:\/\/noticiaempauta.com\/portal\/dissidencia-na-oab-de-picos-raimundo-junior-conquista-apoios-importantes\/#breadcrumb\",\"itemListElement\":[{\"@type\":\"ListItem\",\"position\":1,\"name\":\"P\u00e1gina Inicial\",\"item\":\"https:\/\/noticiaempauta.com\/portal\/\"},{\"@type\":\"ListItem\",\"position\":2,\"name\":\"Destaques\",\"item\":\"https:\/\/noticiaempauta.com\/portal\/destaques-site\/\"},{\"@type\":\"ListItem\",\"position\":3,\"name\":\"Dissid\u00eancia na OAB de Picos: Raimundo J\u00fanior conquista apoios importantes\"}]},{\"@type\":\"WebSite\",\"@id\":\"https:\/\/noticiaempauta.com\/portal\/#website\",\"url\":\"https:\/\/noticiaempauta.com\/portal\/\",\"name\":\"Portal Not\u00edcia em Pauta\",\"description\":\"Voc\u00ea bem informado\",\"publisher\":{\"@id\":\"https:\/\/noticiaempauta.com\/portal\/#organization\"},\"potentialAction\":[{\"@type\":\"SearchAction\",\"target\":{\"@type\":\"EntryPoint\",\"urlTemplate\":\"https:\/\/noticiaempauta.com\/portal\/?s={search_term_string}\"},\"query-input\":{\"@type\":\"PropertyValueSpecification\",\"valueRequired\":true,\"valueName\":\"search_term_string\"}}],\"inLanguage\":\"pt-BR\"},{\"@type\":\"Organization\",\"@id\":\"https:\/\/noticiaempauta.com\/portal\/#organization\",\"name\":\"Portal Not\u00edcia em Pauta\",\"url\":\"https:\/\/noticiaempauta.com\/portal\/\",\"logo\":{\"@type\":\"ImageObject\",\"inLanguage\":\"pt-BR\",\"@id\":\"https:\/\/noticiaempauta.com\/portal\/#\/schema\/logo\/image\/\",\"url\":\"https:\/\/noticiaempauta.com\/portal\/wp-content\/uploads\/2022\/08\/logomarca_tema.fw_.png\",\"contentUrl\":\"https:\/\/noticiaempauta.com\/portal\/wp-content\/uploads\/2022\/08\/logomarca_tema.fw_.png\",\"width\":400,\"height\":232,\"caption\":\"Portal Not\u00edcia em Pauta\"},\"image\":{\"@id\":\"https:\/\/noticiaempauta.com\/portal\/#\/schema\/logo\/image\/\"},\"sameAs\":[\"https:\/\/www.facebook.com\/Portal-Notcia-Em-Pauta-102292869264820\/\",\"https:\/\/www.instagram.com\/portalnoticiaempauta\/\"]},{\"@type\":\"Person\",\"@id\":\"https:\/\/noticiaempauta.com\/portal\/#\/schema\/person\/a74af43dd1ab3deca45f988c717d57ac\",\"name\":\"Reda\u00e7\u00e3o\",\"image\":{\"@type\":\"ImageObject\",\"inLanguage\":\"pt-BR\",\"@id\":\"https:\/\/noticiaempauta.com\/portal\/#\/schema\/person\/image\/\",\"url\":\"https:\/\/secure.gravatar.com\/avatar\/03179346ecce6cdfc13361603e8f54242a90e5cde8618fa23c5c00aa2b0aadf3?s=96&d=mm&r=g\",\"contentUrl\":\"https:\/\/secure.gravatar.com\/avatar\/03179346ecce6cdfc13361603e8f54242a90e5cde8618fa23c5c00aa2b0aadf3?s=96&d=mm&r=g\",\"caption\":\"Reda\u00e7\u00e3o\"},\"sameAs\":[\"https:\/\/noticiaempauta.com\/portal\/\"],\"url\":\"https:\/\/noticiaempauta.com\/portal\/author\/fernando\/\"}]}<\/script>\n<!-- \/ Yoast SEO Premium plugin. -->","yoast_head_json":{"title":"Dissid\u00eancia na OAB de Picos: Raimundo J\u00fanior conquista apoios importantes - Portal Not\u00edcia em Pauta","robots":{"index":"index","follow":"follow","max-snippet":"max-snippet:-1","max-image-preview":"max-image-preview:large","max-video-preview":"max-video-preview:-1"},"canonical":"https:\/\/noticiaempauta.com\/portal\/dissidencia-na-oab-de-picos-raimundo-junior-conquista-apoios-importantes\/","og_locale":"pt_BR","og_type":"article","og_title":"Dissid\u00eancia na OAB de Picos: Raimundo J\u00fanior conquista apoios importantes","og_description":"O advogado Raimundo J\u00fanior, candidato \u00e0 presid\u00eancia da OAB pela oposi\u00e7\u00e3o, recebeu na \u00faltima semana, um apoio decisivo ao seu projeto de unir um grupo forte na luta para resgatar a transpar\u00eancia e altivez da seccional do Piau\u00ed. O grupo de gest\u00e3o da Subse\u00e7\u00e3o de Picos, passa a fazer parte da oposi\u00e7\u00e3o. As advogadas Alice [&hellip;]","og_url":"https:\/\/noticiaempauta.com\/portal\/dissidencia-na-oab-de-picos-raimundo-junior-conquista-apoios-importantes\/","og_site_name":"Portal Not\u00edcia em Pauta","article_publisher":"https:\/\/www.facebook.com\/Portal-Notcia-Em-Pauta-102292869264820\/","article_published_time":"2024-08-26T22:40:48+00:00","article_modified_time":"2024-08-26T22:42:23+00:00","og_image":[{"width":1338,"height":790,"url":"https:\/\/noticiaempauta.com\/portal\/wp-content\/uploads\/2024\/08\/e23ee7ed-b120-45cd-9cd3-7fbd95fe9d75.jpeg","type":"image\/jpeg"}],"author":"Reda\u00e7\u00e3o","twitter_card":"summary_large_image","twitter_misc":{"Escrito por":"Reda\u00e7\u00e3o","Est. tempo de leitura":"5 minutos"},"schema":{"@context":"https:\/\/schema.org","@graph":[{"@type":"Article","@id":"https:\/\/noticiaempauta.com\/portal\/dissidencia-na-oab-de-picos-raimundo-junior-conquista-apoios-importantes\/#article","isPartOf":{"@id":"https:\/\/noticiaempauta.com\/portal\/dissidencia-na-oab-de-picos-raimundo-junior-conquista-apoios-importantes\/"},"author":{"name":"Reda\u00e7\u00e3o","@id":"https:\/\/noticiaempauta.com\/portal\/#\/schema\/person\/a74af43dd1ab3deca45f988c717d57ac"},"headline":"Dissid\u00eancia na OAB de Picos: Raimundo J\u00fanior conquista apoios importantes","datePublished":"2024-08-26T22:40:48+00:00","dateModified":"2024-08-26T22:42:23+00:00","mainEntityOfPage":{"@id":"https:\/\/noticiaempauta.com\/portal\/dissidencia-na-oab-de-picos-raimundo-junior-conquista-apoios-importantes\/"},"wordCount":743,"commentCount":0,"publisher":{"@id":"https:\/\/noticiaempauta.com\/portal\/#organization"},"image":{"@id":"https:\/\/noticiaempauta.com\/portal\/dissidencia-na-oab-de-picos-raimundo-junior-conquista-apoios-importantes\/#primaryimage"},"thumbnailUrl":"https:\/\/noticiaempauta.com\/portal\/wp-content\/uploads\/2024\/08\/e23ee7ed-b120-45cd-9cd3-7fbd95fe9d75.jpeg","articleSection":["Destaques","Geral","Todas as Not\u00edcias"],"inLanguage":"pt-BR","potentialAction":[{"@type":"CommentAction","name":"Comment","target":["https:\/\/noticiaempauta.com\/portal\/dissidencia-na-oab-de-picos-raimundo-junior-conquista-apoios-importantes\/#respond"]}]},{"@type":"WebPage","@id":"https:\/\/noticiaempauta.com\/portal\/dissidencia-na-oab-de-picos-raimundo-junior-conquista-apoios-importantes\/","url":"https:\/\/noticiaempauta.com\/portal\/dissidencia-na-oab-de-picos-raimundo-junior-conquista-apoios-importantes\/","name":"Dissid\u00eancia na OAB de Picos: Raimundo J\u00fanior conquista apoios importantes - Portal Not\u00edcia em Pauta","isPartOf":{"@id":"https:\/\/noticiaempauta.com\/portal\/#website"},"primaryImageOfPage":{"@id":"https:\/\/noticiaempauta.com\/portal\/dissidencia-na-oab-de-picos-raimundo-junior-conquista-apoios-importantes\/#primaryimage"},"image":{"@id":"https:\/\/noticiaempauta.com\/portal\/dissidencia-na-oab-de-picos-raimundo-junior-conquista-apoios-importantes\/#primaryimage"},"thumbnailUrl":"https:\/\/noticiaempauta.com\/portal\/wp-content\/uploads\/2024\/08\/e23ee7ed-b120-45cd-9cd3-7fbd95fe9d75.jpeg","datePublished":"2024-08-26T22:40:48+00:00","dateModified":"2024-08-26T22:42:23+00:00","breadcrumb":{"@id":"https:\/\/noticiaempauta.com\/portal\/dissidencia-na-oab-de-picos-raimundo-junior-conquista-apoios-importantes\/#breadcrumb"},"inLanguage":"pt-BR","potentialAction":[{"@type":"ReadAction","target":["https:\/\/noticiaempauta.com\/portal\/dissidencia-na-oab-de-picos-raimundo-junior-conquista-apoios-importantes\/"]}]},{"@type":"ImageObject","inLanguage":"pt-BR","@id":"https:\/\/noticiaempauta.com\/portal\/dissidencia-na-oab-de-picos-raimundo-junior-conquista-apoios-importantes\/#primaryimage","url":"https:\/\/noticiaempauta.com\/portal\/wp-content\/uploads\/2024\/08\/e23ee7ed-b120-45cd-9cd3-7fbd95fe9d75.jpeg","contentUrl":"https:\/\/noticiaempauta.com\/portal\/wp-content\/uploads\/2024\/08\/e23ee7ed-b120-45cd-9cd3-7fbd95fe9d75.jpeg","width":1338,"height":790},{"@type":"BreadcrumbList","@id":"https:\/\/noticiaempauta.com\/portal\/dissidencia-na-oab-de-picos-raimundo-junior-conquista-apoios-importantes\/#breadcrumb","itemListElement":[{"@type":"ListItem","position":1,"name":"P\u00e1gina Inicial","item":"https:\/\/noticiaempauta.com\/portal\/"},{"@type":"ListItem","position":2,"name":"Destaques","item":"https:\/\/noticiaempauta.com\/portal\/destaques-site\/"},{"@type":"ListItem","position":3,"name":"Dissid\u00eancia na OAB de Picos: Raimundo J\u00fanior conquista apoios importantes"}]},{"@type":"WebSite","@id":"https:\/\/noticiaempauta.com\/portal\/#website","url":"https:\/\/noticiaempauta.com\/portal\/","name":"Portal Not\u00edcia em Pauta","description":"Voc\u00ea bem informado","publisher":{"@id":"https:\/\/noticiaempauta.com\/portal\/#organization"},"potentialAction":[{"@type":"SearchAction","target":{"@type":"EntryPoint","urlTemplate":"https:\/\/noticiaempauta.com\/portal\/?s={search_term_string}"},"query-input":{"@type":"PropertyValueSpecification","valueRequired":true,"valueName":"search_term_string"}}],"inLanguage":"pt-BR"},{"@type":"Organization","@id":"https:\/\/noticiaempauta.com\/portal\/#organization","name":"Portal Not\u00edcia em Pauta","url":"https:\/\/noticiaempauta.com\/portal\/","logo":{"@type":"ImageObject","inLanguage":"pt-BR","@id":"https:\/\/noticiaempauta.com\/portal\/#\/schema\/logo\/image\/","url":"https:\/\/noticiaempauta.com\/portal\/wp-content\/uploads\/2022\/08\/logomarca_tema.fw_.png","contentUrl":"https:\/\/noticiaempauta.com\/portal\/wp-content\/uploads\/2022\/08\/logomarca_tema.fw_.png","width":400,"height":232,"caption":"Portal Not\u00edcia em Pauta"},"image":{"@id":"https:\/\/noticiaempauta.com\/portal\/#\/schema\/logo\/image\/"},"sameAs":["https:\/\/www.facebook.com\/Portal-Notcia-Em-Pauta-102292869264820\/","https:\/\/www.instagram.com\/portalnoticiaempauta\/"]},{"@type":"Person","@id":"https:\/\/noticiaempauta.com\/portal\/#\/schema\/person\/a74af43dd1ab3deca45f988c717d57ac","name":"Reda\u00e7\u00e3o","image":{"@type":"ImageObject","inLanguage":"pt-BR","@id":"https:\/\/noticiaempauta.com\/portal\/#\/schema\/person\/image\/","url":"https:\/\/secure.gravatar.com\/avatar\/03179346ecce6cdfc13361603e8f54242a90e5cde8618fa23c5c00aa2b0aadf3?s=96&d=mm&r=g","contentUrl":"https:\/\/secure.gravatar.com\/avatar\/03179346ecce6cdfc13361603e8f54242a90e5cde8618fa23c5c00aa2b0aadf3?s=96&d=mm&r=g","caption":"Reda\u00e7\u00e3o"},"sameAs":["https:\/\/noticiaempauta.com\/portal\/"],"url":"https:\/\/noticiaempauta.com\/portal\/author\/fernando\/"}]}},"_links":{"self":[{"href":"https:\/\/noticiaempauta.com\/portal\/wp-json\/wp\/v2\/posts\/261557","targetHints":{"allow":["GET"]}}],"collection":[{"href":"https:\/\/noticiaempauta.com\/portal\/wp-json\/wp\/v2\/posts"}],"about":[{"href":"https:\/\/noticiaempauta.com\/portal\/wp-json\/wp\/v2\/types\/post"}],"author":[{"embeddable":true,"href":"https:\/\/noticiaempauta.com\/portal\/wp-json\/wp\/v2\/users\/2"}],"replies":[{"embeddable":true,"href":"https:\/\/noticiaempauta.com\/portal\/wp-json\/wp\/v2\/comments?post=261557"}],"version-history":[{"count":2,"href":"https:\/\/noticiaempauta.com\/portal\/wp-json\/wp\/v2\/posts\/261557\/revisions"}],"predecessor-version":[{"id":261564,"href":"https:\/\/noticiaempauta.com\/portal\/wp-json\/wp\/v2\/posts\/261557\/revisions\/261564"}],"wp:featuredmedia":[{"embeddable":true,"href":"https:\/\/noticiaempauta.com\/portal\/wp-json\/wp\/v2\/media\/261558"}],"wp:attachment":[{"href":"https:\/\/noticiaempauta.com\/portal\/wp-json\/wp\/v2\/media?parent=261557"}],"wp:term":[{"taxonomy":"category","embeddable":true,"href":"https:\/\/noticiaempauta.com\/portal\/wp-json\/wp\/v2\/categories?post=261557"},{"taxonomy":"post_tag","embeddable":true,"href":"https:\/\/noticiaempauta.com\/portal\/wp-json\/wp\/v2\/tags?post=261557"}],"curies":[{"name":"wp","href":"https:\/\/api.w.org\/{rel}","templated":true}]}}