{"id":261566,"date":"2024-08-27T08:58:21","date_gmt":"2024-08-27T11:58:21","guid":{"rendered":"https:\/\/noticiaempauta.com\/portal\/?p=261566"},"modified":"2024-08-27T08:58:22","modified_gmt":"2024-08-27T11:58:22","slug":"ceara-anuncia-concurso-com-2-600-vagas-na-area-da-seguranca-publica","status":"publish","type":"post","link":"https:\/\/noticiaempauta.com\/portal\/ceara-anuncia-concurso-com-2-600-vagas-na-area-da-seguranca-publica\/","title":{"rendered":"Cear\u00e1 anuncia concurso com 2.600 vagas na \u00e1rea da seguran\u00e7a p\u00fablica"},"content":{"rendered":"\n<p>O governador do Cear\u00e1,\u00a0Elmano de Freitas\u00a0(PT), anunciou nesta segunda-feira (26), a realiza\u00e7\u00e3o de um concurso p\u00fablico na \u00e1rea da seguran\u00e7a p\u00fablica, que disponibilizar\u00e1\u00a02.600 novas vagas. O an\u00fancio ocorreu durante a terceira reuni\u00e3o do Comit\u00ea Estrat\u00e9gico de Seguran\u00e7a Integrada do Cear\u00e1 (Coesi), realizada no Centro Integrado de Seguran\u00e7a P\u00fablica (Cisp), em Fortaleza.<\/p>\n\n\n\n<figure class=\"wp-block-image size-full\"><img fetchpriority=\"high\" decoding=\"async\" width=\"800\" height=\"438\" src=\"https:\/\/noticiaempauta.com\/portal\/wp-content\/uploads\/2024\/04\/concursoss.webp\" alt=\"\" class=\"wp-image-257334\" srcset=\"https:\/\/noticiaempauta.com\/portal\/wp-content\/uploads\/2024\/04\/concursoss.webp 800w, https:\/\/noticiaempauta.com\/portal\/wp-content\/uploads\/2024\/04\/concursoss-300x164.webp 300w, https:\/\/noticiaempauta.com\/portal\/wp-content\/uploads\/2024\/04\/concursoss-768x420.webp 768w\" sizes=\"(max-width: 800px) 100vw, 800px\" \/><\/figure>\n\n\n\n<p>O concurso p\u00fablico oferecer\u00e1 mil vagas para a\u00a0Pol\u00edcia Militar, 500 para a\u00a0Pol\u00edcia Civil,\u00a0500 para o\u00a0Corpo de Bombeiros Militar\u00a0e 600 para a\u00a0Pol\u00edcia Penal. Com essa nova oferta, o n\u00famero total de novos profissionais nas for\u00e7as de seguran\u00e7a do estado alcan\u00e7ar\u00e1 6.730, considerando as recentes incorpora\u00e7\u00f5es de servidores.<\/p>\n\n\n\n<p>Al\u00e9m da amplia\u00e7\u00e3o do quadro de pessoal, o governador tamb\u00e9m anunciou a aquisi\u00e7\u00e3o de 1.515 novas viaturas para refor\u00e7ar a frota das for\u00e7as de seguran\u00e7a. Essas viaturas ser\u00e3o distribu\u00eddas de acordo com as necessidades operacionais e estrat\u00e9gicas das corpora\u00e7\u00f5es envolvidas.<\/p>\n\n\n\n<p>Outro ponto abordado durante o evento foi a instala\u00e7\u00e3o de 17 novas bases do Comando de Policiamento de Rondas de A\u00e7\u00f5es Intensivas e Ostensivas (CPRaio) em diferentes localidades do estado. O CPRaio \u00e9 uma unidade especializada em policiamento ostensivo e a\u00e7\u00f5es intensivas, focada em reduzir a criminalidade em \u00e1reas de maior vulnerabilidade.<\/p>\n\n\n\n<p>Ainda no \u00e2mbito das melhorias na infraestrutura de seguran\u00e7a, Elmano de Freitas confirmou a constru\u00e7\u00e3o de 12 novas delegacias em munic\u00edpios que apresentam maiores \u00edndices de criminalidade. A implementa\u00e7\u00e3o dessas delegacias faz parte de um plano,<strong>&nbsp;Cear\u00e1 contra o Crime,&nbsp;<\/strong>que visa a reestrutura\u00e7\u00e3o da seguran\u00e7a p\u00fablica, inclui a amplia\u00e7\u00e3o da presen\u00e7a policial em \u00e1reas estrat\u00e9gicas do estado, com o objetivo de garantir maior seguran\u00e7a para a popula\u00e7\u00e3o.<\/p>\n\n\n\n<p>A realiza\u00e7\u00e3o do concurso p\u00fablico e os investimentos anunciados dever\u00e3o ser detalhados em editais e comunicados oficiais do governo, nos quais constar\u00e3o as informa\u00e7\u00f5es sobre o cronograma, requisitos e processo seletivo para os candidatos interessados.<\/p>\n\n\n\n<p>Fonte: O Dia<\/p>\n","protected":false},"excerpt":{"rendered":"<p>O governador do Cear\u00e1,\u00a0Elmano de Freitas\u00a0(PT), anunciou nesta segunda-feira (26), a realiza\u00e7\u00e3o de um concurso p\u00fablico na \u00e1rea da seguran\u00e7a p\u00fablica, que disponibilizar\u00e1\u00a02.600 novas vagas. O an\u00fancio ocorreu durante a terceira reuni\u00e3o do Comit\u00ea Estrat\u00e9gico de Seguran\u00e7a Integrada do Cear\u00e1 (Coesi), realizada no Centro Integrado de Seguran\u00e7a P\u00fablica (Cisp), em Fortaleza. O concurso p\u00fablico oferecer\u00e1 [&hellip;]<\/p>\n","protected":false},"author":2,"featured_media":257334,"comment_status":"open","ping_status":"open","sticky":false,"template":"","format":"standard","meta":{"_mi_skip_tracking":false,"footnotes":""},"categories":[25,1,16],"tags":[192],"class_list":["post-261566","post","type-post","status-publish","format-standard","has-post-thumbnail","hentry","category-destaques-site","category-geral","category-todas","tag-destaqueprincipal"],"acf":[],"yoast_head":"<!-- This site is optimized with the Yoast SEO Premium plugin v19.2 (Yoast SEO v26.9) - https:\/\/yoast.com\/product\/yoast-seo-premium-wordpress\/ -->\n<title>Cear\u00e1 anuncia concurso com 2.600 vagas na \u00e1rea da seguran\u00e7a p\u00fablica - Portal Not\u00edcia em Pauta<\/title>\n<meta name=\"robots\" content=\"index, follow, max-snippet:-1, max-image-preview:large, max-video-preview:-1\" \/>\n<link rel=\"canonical\" href=\"https:\/\/noticiaempauta.com\/portal\/ceara-anuncia-concurso-com-2-600-vagas-na-area-da-seguranca-publica\/\" \/>\n<meta property=\"og:locale\" content=\"pt_BR\" \/>\n<meta property=\"og:type\" content=\"article\" \/>\n<meta property=\"og:title\" content=\"Cear\u00e1 anuncia concurso com 2.600 vagas na \u00e1rea da seguran\u00e7a p\u00fablica\" \/>\n<meta property=\"og:description\" content=\"O governador do Cear\u00e1,\u00a0Elmano de Freitas\u00a0(PT), anunciou nesta segunda-feira (26), a realiza\u00e7\u00e3o de um concurso p\u00fablico na \u00e1rea da seguran\u00e7a p\u00fablica, que disponibilizar\u00e1\u00a02.600 novas vagas. O an\u00fancio ocorreu durante a terceira reuni\u00e3o do Comit\u00ea Estrat\u00e9gico de Seguran\u00e7a Integrada do Cear\u00e1 (Coesi), realizada no Centro Integrado de Seguran\u00e7a P\u00fablica (Cisp), em Fortaleza. O concurso p\u00fablico oferecer\u00e1 [&hellip;]\" \/>\n<meta property=\"og:url\" content=\"https:\/\/noticiaempauta.com\/portal\/ceara-anuncia-concurso-com-2-600-vagas-na-area-da-seguranca-publica\/\" \/>\n<meta property=\"og:site_name\" content=\"Portal Not\u00edcia em Pauta\" \/>\n<meta property=\"article:publisher\" content=\"https:\/\/www.facebook.com\/Portal-Notcia-Em-Pauta-102292869264820\/\" \/>\n<meta property=\"article:published_time\" content=\"2024-08-27T11:58:21+00:00\" \/>\n<meta property=\"article:modified_time\" content=\"2024-08-27T11:58:22+00:00\" \/>\n<meta property=\"og:image\" content=\"https:\/\/noticiaempauta.com\/portal\/wp-content\/uploads\/2024\/04\/concursoss.webp\" \/>\n\t<meta property=\"og:image:width\" content=\"800\" \/>\n\t<meta property=\"og:image:height\" content=\"438\" \/>\n\t<meta property=\"og:image:type\" content=\"image\/webp\" \/>\n<meta name=\"author\" content=\"Reda\u00e7\u00e3o\" \/>\n<meta name=\"twitter:card\" content=\"summary_large_image\" \/>\n<meta name=\"twitter:label1\" content=\"Escrito por\" \/>\n\t<meta name=\"twitter:data1\" content=\"Reda\u00e7\u00e3o\" \/>\n\t<meta name=\"twitter:label2\" content=\"Est. tempo de leitura\" \/>\n\t<meta name=\"twitter:data2\" content=\"3 minutos\" \/>\n<script type=\"application\/ld+json\" class=\"yoast-schema-graph\">{\"@context\":\"https:\/\/schema.org\",\"@graph\":[{\"@type\":\"Article\",\"@id\":\"https:\/\/noticiaempauta.com\/portal\/ceara-anuncia-concurso-com-2-600-vagas-na-area-da-seguranca-publica\/#article\",\"isPartOf\":{\"@id\":\"https:\/\/noticiaempauta.com\/portal\/ceara-anuncia-concurso-com-2-600-vagas-na-area-da-seguranca-publica\/\"},\"author\":{\"name\":\"Reda\u00e7\u00e3o\",\"@id\":\"https:\/\/noticiaempauta.com\/portal\/#\/schema\/person\/a74af43dd1ab3deca45f988c717d57ac\"},\"headline\":\"Cear\u00e1 anuncia concurso com 2.600 vagas na \u00e1rea da seguran\u00e7a p\u00fablica\",\"datePublished\":\"2024-08-27T11:58:21+00:00\",\"dateModified\":\"2024-08-27T11:58:22+00:00\",\"mainEntityOfPage\":{\"@id\":\"https:\/\/noticiaempauta.com\/portal\/ceara-anuncia-concurso-com-2-600-vagas-na-area-da-seguranca-publica\/\"},\"wordCount\":358,\"commentCount\":0,\"publisher\":{\"@id\":\"https:\/\/noticiaempauta.com\/portal\/#organization\"},\"image\":{\"@id\":\"https:\/\/noticiaempauta.com\/portal\/ceara-anuncia-concurso-com-2-600-vagas-na-area-da-seguranca-publica\/#primaryimage\"},\"thumbnailUrl\":\"https:\/\/noticiaempauta.com\/portal\/wp-content\/uploads\/2024\/04\/concursoss.webp\",\"keywords\":[\"destaqueprincipal\"],\"articleSection\":[\"Destaques\",\"Geral\",\"Todas as Not\u00edcias\"],\"inLanguage\":\"pt-BR\",\"potentialAction\":[{\"@type\":\"CommentAction\",\"name\":\"Comment\",\"target\":[\"https:\/\/noticiaempauta.com\/portal\/ceara-anuncia-concurso-com-2-600-vagas-na-area-da-seguranca-publica\/#respond\"]}]},{\"@type\":\"WebPage\",\"@id\":\"https:\/\/noticiaempauta.com\/portal\/ceara-anuncia-concurso-com-2-600-vagas-na-area-da-seguranca-publica\/\",\"url\":\"https:\/\/noticiaempauta.com\/portal\/ceara-anuncia-concurso-com-2-600-vagas-na-area-da-seguranca-publica\/\",\"name\":\"Cear\u00e1 anuncia concurso com 2.600 vagas na \u00e1rea da seguran\u00e7a p\u00fablica - Portal Not\u00edcia em Pauta\",\"isPartOf\":{\"@id\":\"https:\/\/noticiaempauta.com\/portal\/#website\"},\"primaryImageOfPage\":{\"@id\":\"https:\/\/noticiaempauta.com\/portal\/ceara-anuncia-concurso-com-2-600-vagas-na-area-da-seguranca-publica\/#primaryimage\"},\"image\":{\"@id\":\"https:\/\/noticiaempauta.com\/portal\/ceara-anuncia-concurso-com-2-600-vagas-na-area-da-seguranca-publica\/#primaryimage\"},\"thumbnailUrl\":\"https:\/\/noticiaempauta.com\/portal\/wp-content\/uploads\/2024\/04\/concursoss.webp\",\"datePublished\":\"2024-08-27T11:58:21+00:00\",\"dateModified\":\"2024-08-27T11:58:22+00:00\",\"breadcrumb\":{\"@id\":\"https:\/\/noticiaempauta.com\/portal\/ceara-anuncia-concurso-com-2-600-vagas-na-area-da-seguranca-publica\/#breadcrumb\"},\"inLanguage\":\"pt-BR\",\"potentialAction\":[{\"@type\":\"ReadAction\",\"target\":[\"https:\/\/noticiaempauta.com\/portal\/ceara-anuncia-concurso-com-2-600-vagas-na-area-da-seguranca-publica\/\"]}]},{\"@type\":\"ImageObject\",\"inLanguage\":\"pt-BR\",\"@id\":\"https:\/\/noticiaempauta.com\/portal\/ceara-anuncia-concurso-com-2-600-vagas-na-area-da-seguranca-publica\/#primaryimage\",\"url\":\"https:\/\/noticiaempauta.com\/portal\/wp-content\/uploads\/2024\/04\/concursoss.webp\",\"contentUrl\":\"https:\/\/noticiaempauta.com\/portal\/wp-content\/uploads\/2024\/04\/concursoss.webp\",\"width\":800,\"height\":438},{\"@type\":\"BreadcrumbList\",\"@id\":\"https:\/\/noticiaempauta.com\/portal\/ceara-anuncia-concurso-com-2-600-vagas-na-area-da-seguranca-publica\/#breadcrumb\",\"itemListElement\":[{\"@type\":\"ListItem\",\"position\":1,\"name\":\"P\u00e1gina Inicial\",\"item\":\"https:\/\/noticiaempauta.com\/portal\/\"},{\"@type\":\"ListItem\",\"position\":2,\"name\":\"Destaques\",\"item\":\"https:\/\/noticiaempauta.com\/portal\/destaques-site\/\"},{\"@type\":\"ListItem\",\"position\":3,\"name\":\"Cear\u00e1 anuncia concurso com 2.600 vagas na \u00e1rea da seguran\u00e7a p\u00fablica\"}]},{\"@type\":\"WebSite\",\"@id\":\"https:\/\/noticiaempauta.com\/portal\/#website\",\"url\":\"https:\/\/noticiaempauta.com\/portal\/\",\"name\":\"Portal Not\u00edcia em Pauta\",\"description\":\"Voc\u00ea bem informado\",\"publisher\":{\"@id\":\"https:\/\/noticiaempauta.com\/portal\/#organization\"},\"potentialAction\":[{\"@type\":\"SearchAction\",\"target\":{\"@type\":\"EntryPoint\",\"urlTemplate\":\"https:\/\/noticiaempauta.com\/portal\/?s={search_term_string}\"},\"query-input\":{\"@type\":\"PropertyValueSpecification\",\"valueRequired\":true,\"valueName\":\"search_term_string\"}}],\"inLanguage\":\"pt-BR\"},{\"@type\":\"Organization\",\"@id\":\"https:\/\/noticiaempauta.com\/portal\/#organization\",\"name\":\"Portal Not\u00edcia em Pauta\",\"url\":\"https:\/\/noticiaempauta.com\/portal\/\",\"logo\":{\"@type\":\"ImageObject\",\"inLanguage\":\"pt-BR\",\"@id\":\"https:\/\/noticiaempauta.com\/portal\/#\/schema\/logo\/image\/\",\"url\":\"https:\/\/noticiaempauta.com\/portal\/wp-content\/uploads\/2022\/08\/logomarca_tema.fw_.png\",\"contentUrl\":\"https:\/\/noticiaempauta.com\/portal\/wp-content\/uploads\/2022\/08\/logomarca_tema.fw_.png\",\"width\":400,\"height\":232,\"caption\":\"Portal Not\u00edcia em Pauta\"},\"image\":{\"@id\":\"https:\/\/noticiaempauta.com\/portal\/#\/schema\/logo\/image\/\"},\"sameAs\":[\"https:\/\/www.facebook.com\/Portal-Notcia-Em-Pauta-102292869264820\/\",\"https:\/\/www.instagram.com\/portalnoticiaempauta\/\"]},{\"@type\":\"Person\",\"@id\":\"https:\/\/noticiaempauta.com\/portal\/#\/schema\/person\/a74af43dd1ab3deca45f988c717d57ac\",\"name\":\"Reda\u00e7\u00e3o\",\"image\":{\"@type\":\"ImageObject\",\"inLanguage\":\"pt-BR\",\"@id\":\"https:\/\/noticiaempauta.com\/portal\/#\/schema\/person\/image\/\",\"url\":\"https:\/\/secure.gravatar.com\/avatar\/03179346ecce6cdfc13361603e8f54242a90e5cde8618fa23c5c00aa2b0aadf3?s=96&d=mm&r=g\",\"contentUrl\":\"https:\/\/secure.gravatar.com\/avatar\/03179346ecce6cdfc13361603e8f54242a90e5cde8618fa23c5c00aa2b0aadf3?s=96&d=mm&r=g\",\"caption\":\"Reda\u00e7\u00e3o\"},\"sameAs\":[\"https:\/\/noticiaempauta.com\/portal\/\"],\"url\":\"https:\/\/noticiaempauta.com\/portal\/author\/fernando\/\"}]}<\/script>\n<!-- \/ Yoast SEO Premium plugin. -->","yoast_head_json":{"title":"Cear\u00e1 anuncia concurso com 2.600 vagas na \u00e1rea da seguran\u00e7a p\u00fablica - Portal Not\u00edcia em Pauta","robots":{"index":"index","follow":"follow","max-snippet":"max-snippet:-1","max-image-preview":"max-image-preview:large","max-video-preview":"max-video-preview:-1"},"canonical":"https:\/\/noticiaempauta.com\/portal\/ceara-anuncia-concurso-com-2-600-vagas-na-area-da-seguranca-publica\/","og_locale":"pt_BR","og_type":"article","og_title":"Cear\u00e1 anuncia concurso com 2.600 vagas na \u00e1rea da seguran\u00e7a p\u00fablica","og_description":"O governador do Cear\u00e1,\u00a0Elmano de Freitas\u00a0(PT), anunciou nesta segunda-feira (26), a realiza\u00e7\u00e3o de um concurso p\u00fablico na \u00e1rea da seguran\u00e7a p\u00fablica, que disponibilizar\u00e1\u00a02.600 novas vagas. O an\u00fancio ocorreu durante a terceira reuni\u00e3o do Comit\u00ea Estrat\u00e9gico de Seguran\u00e7a Integrada do Cear\u00e1 (Coesi), realizada no Centro Integrado de Seguran\u00e7a P\u00fablica (Cisp), em Fortaleza. O concurso p\u00fablico oferecer\u00e1 [&hellip;]","og_url":"https:\/\/noticiaempauta.com\/portal\/ceara-anuncia-concurso-com-2-600-vagas-na-area-da-seguranca-publica\/","og_site_name":"Portal Not\u00edcia em Pauta","article_publisher":"https:\/\/www.facebook.com\/Portal-Notcia-Em-Pauta-102292869264820\/","article_published_time":"2024-08-27T11:58:21+00:00","article_modified_time":"2024-08-27T11:58:22+00:00","og_image":[{"width":800,"height":438,"url":"https:\/\/noticiaempauta.com\/portal\/wp-content\/uploads\/2024\/04\/concursoss.webp","type":"image\/webp"}],"author":"Reda\u00e7\u00e3o","twitter_card":"summary_large_image","twitter_misc":{"Escrito por":"Reda\u00e7\u00e3o","Est. tempo de leitura":"3 minutos"},"schema":{"@context":"https:\/\/schema.org","@graph":[{"@type":"Article","@id":"https:\/\/noticiaempauta.com\/portal\/ceara-anuncia-concurso-com-2-600-vagas-na-area-da-seguranca-publica\/#article","isPartOf":{"@id":"https:\/\/noticiaempauta.com\/portal\/ceara-anuncia-concurso-com-2-600-vagas-na-area-da-seguranca-publica\/"},"author":{"name":"Reda\u00e7\u00e3o","@id":"https:\/\/noticiaempauta.com\/portal\/#\/schema\/person\/a74af43dd1ab3deca45f988c717d57ac"},"headline":"Cear\u00e1 anuncia concurso com 2.600 vagas na \u00e1rea da seguran\u00e7a p\u00fablica","datePublished":"2024-08-27T11:58:21+00:00","dateModified":"2024-08-27T11:58:22+00:00","mainEntityOfPage":{"@id":"https:\/\/noticiaempauta.com\/portal\/ceara-anuncia-concurso-com-2-600-vagas-na-area-da-seguranca-publica\/"},"wordCount":358,"commentCount":0,"publisher":{"@id":"https:\/\/noticiaempauta.com\/portal\/#organization"},"image":{"@id":"https:\/\/noticiaempauta.com\/portal\/ceara-anuncia-concurso-com-2-600-vagas-na-area-da-seguranca-publica\/#primaryimage"},"thumbnailUrl":"https:\/\/noticiaempauta.com\/portal\/wp-content\/uploads\/2024\/04\/concursoss.webp","keywords":["destaqueprincipal"],"articleSection":["Destaques","Geral","Todas as Not\u00edcias"],"inLanguage":"pt-BR","potentialAction":[{"@type":"CommentAction","name":"Comment","target":["https:\/\/noticiaempauta.com\/portal\/ceara-anuncia-concurso-com-2-600-vagas-na-area-da-seguranca-publica\/#respond"]}]},{"@type":"WebPage","@id":"https:\/\/noticiaempauta.com\/portal\/ceara-anuncia-concurso-com-2-600-vagas-na-area-da-seguranca-publica\/","url":"https:\/\/noticiaempauta.com\/portal\/ceara-anuncia-concurso-com-2-600-vagas-na-area-da-seguranca-publica\/","name":"Cear\u00e1 anuncia concurso com 2.600 vagas na \u00e1rea da seguran\u00e7a p\u00fablica - Portal Not\u00edcia em Pauta","isPartOf":{"@id":"https:\/\/noticiaempauta.com\/portal\/#website"},"primaryImageOfPage":{"@id":"https:\/\/noticiaempauta.com\/portal\/ceara-anuncia-concurso-com-2-600-vagas-na-area-da-seguranca-publica\/#primaryimage"},"image":{"@id":"https:\/\/noticiaempauta.com\/portal\/ceara-anuncia-concurso-com-2-600-vagas-na-area-da-seguranca-publica\/#primaryimage"},"thumbnailUrl":"https:\/\/noticiaempauta.com\/portal\/wp-content\/uploads\/2024\/04\/concursoss.webp","datePublished":"2024-08-27T11:58:21+00:00","dateModified":"2024-08-27T11:58:22+00:00","breadcrumb":{"@id":"https:\/\/noticiaempauta.com\/portal\/ceara-anuncia-concurso-com-2-600-vagas-na-area-da-seguranca-publica\/#breadcrumb"},"inLanguage":"pt-BR","potentialAction":[{"@type":"ReadAction","target":["https:\/\/noticiaempauta.com\/portal\/ceara-anuncia-concurso-com-2-600-vagas-na-area-da-seguranca-publica\/"]}]},{"@type":"ImageObject","inLanguage":"pt-BR","@id":"https:\/\/noticiaempauta.com\/portal\/ceara-anuncia-concurso-com-2-600-vagas-na-area-da-seguranca-publica\/#primaryimage","url":"https:\/\/noticiaempauta.com\/portal\/wp-content\/uploads\/2024\/04\/concursoss.webp","contentUrl":"https:\/\/noticiaempauta.com\/portal\/wp-content\/uploads\/2024\/04\/concursoss.webp","width":800,"height":438},{"@type":"BreadcrumbList","@id":"https:\/\/noticiaempauta.com\/portal\/ceara-anuncia-concurso-com-2-600-vagas-na-area-da-seguranca-publica\/#breadcrumb","itemListElement":[{"@type":"ListItem","position":1,"name":"P\u00e1gina Inicial","item":"https:\/\/noticiaempauta.com\/portal\/"},{"@type":"ListItem","position":2,"name":"Destaques","item":"https:\/\/noticiaempauta.com\/portal\/destaques-site\/"},{"@type":"ListItem","position":3,"name":"Cear\u00e1 anuncia concurso com 2.600 vagas na \u00e1rea da seguran\u00e7a p\u00fablica"}]},{"@type":"WebSite","@id":"https:\/\/noticiaempauta.com\/portal\/#website","url":"https:\/\/noticiaempauta.com\/portal\/","name":"Portal Not\u00edcia em Pauta","description":"Voc\u00ea bem informado","publisher":{"@id":"https:\/\/noticiaempauta.com\/portal\/#organization"},"potentialAction":[{"@type":"SearchAction","target":{"@type":"EntryPoint","urlTemplate":"https:\/\/noticiaempauta.com\/portal\/?s={search_term_string}"},"query-input":{"@type":"PropertyValueSpecification","valueRequired":true,"valueName":"search_term_string"}}],"inLanguage":"pt-BR"},{"@type":"Organization","@id":"https:\/\/noticiaempauta.com\/portal\/#organization","name":"Portal Not\u00edcia em Pauta","url":"https:\/\/noticiaempauta.com\/portal\/","logo":{"@type":"ImageObject","inLanguage":"pt-BR","@id":"https:\/\/noticiaempauta.com\/portal\/#\/schema\/logo\/image\/","url":"https:\/\/noticiaempauta.com\/portal\/wp-content\/uploads\/2022\/08\/logomarca_tema.fw_.png","contentUrl":"https:\/\/noticiaempauta.com\/portal\/wp-content\/uploads\/2022\/08\/logomarca_tema.fw_.png","width":400,"height":232,"caption":"Portal Not\u00edcia em Pauta"},"image":{"@id":"https:\/\/noticiaempauta.com\/portal\/#\/schema\/logo\/image\/"},"sameAs":["https:\/\/www.facebook.com\/Portal-Notcia-Em-Pauta-102292869264820\/","https:\/\/www.instagram.com\/portalnoticiaempauta\/"]},{"@type":"Person","@id":"https:\/\/noticiaempauta.com\/portal\/#\/schema\/person\/a74af43dd1ab3deca45f988c717d57ac","name":"Reda\u00e7\u00e3o","image":{"@type":"ImageObject","inLanguage":"pt-BR","@id":"https:\/\/noticiaempauta.com\/portal\/#\/schema\/person\/image\/","url":"https:\/\/secure.gravatar.com\/avatar\/03179346ecce6cdfc13361603e8f54242a90e5cde8618fa23c5c00aa2b0aadf3?s=96&d=mm&r=g","contentUrl":"https:\/\/secure.gravatar.com\/avatar\/03179346ecce6cdfc13361603e8f54242a90e5cde8618fa23c5c00aa2b0aadf3?s=96&d=mm&r=g","caption":"Reda\u00e7\u00e3o"},"sameAs":["https:\/\/noticiaempauta.com\/portal\/"],"url":"https:\/\/noticiaempauta.com\/portal\/author\/fernando\/"}]}},"_links":{"self":[{"href":"https:\/\/noticiaempauta.com\/portal\/wp-json\/wp\/v2\/posts\/261566","targetHints":{"allow":["GET"]}}],"collection":[{"href":"https:\/\/noticiaempauta.com\/portal\/wp-json\/wp\/v2\/posts"}],"about":[{"href":"https:\/\/noticiaempauta.com\/portal\/wp-json\/wp\/v2\/types\/post"}],"author":[{"embeddable":true,"href":"https:\/\/noticiaempauta.com\/portal\/wp-json\/wp\/v2\/users\/2"}],"replies":[{"embeddable":true,"href":"https:\/\/noticiaempauta.com\/portal\/wp-json\/wp\/v2\/comments?post=261566"}],"version-history":[{"count":2,"href":"https:\/\/noticiaempauta.com\/portal\/wp-json\/wp\/v2\/posts\/261566\/revisions"}],"predecessor-version":[{"id":261568,"href":"https:\/\/noticiaempauta.com\/portal\/wp-json\/wp\/v2\/posts\/261566\/revisions\/261568"}],"wp:featuredmedia":[{"embeddable":true,"href":"https:\/\/noticiaempauta.com\/portal\/wp-json\/wp\/v2\/media\/257334"}],"wp:attachment":[{"href":"https:\/\/noticiaempauta.com\/portal\/wp-json\/wp\/v2\/media?parent=261566"}],"wp:term":[{"taxonomy":"category","embeddable":true,"href":"https:\/\/noticiaempauta.com\/portal\/wp-json\/wp\/v2\/categories?post=261566"},{"taxonomy":"post_tag","embeddable":true,"href":"https:\/\/noticiaempauta.com\/portal\/wp-json\/wp\/v2\/tags?post=261566"}],"curies":[{"name":"wp","href":"https:\/\/api.w.org\/{rel}","templated":true}]}}