{"id":261582,"date":"2024-08-28T08:46:08","date_gmt":"2024-08-28T11:46:08","guid":{"rendered":"https:\/\/noticiaempauta.com\/portal\/?p=261582"},"modified":"2024-08-28T08:46:09","modified_gmt":"2024-08-28T11:46:09","slug":"concurso-da-alepi-aprovados-sao-nomeados-nesta-quarta-28-veja-lista","status":"publish","type":"post","link":"https:\/\/noticiaempauta.com\/portal\/concurso-da-alepi-aprovados-sao-nomeados-nesta-quarta-28-veja-lista\/","title":{"rendered":"Concurso da Alepi: aprovados s\u00e3o nomeados nesta quarta (28); veja lista"},"content":{"rendered":"\n<p>Os aprovados na primeira turma do\u00a0concurso da Assembleia Legislativa do Piau\u00ed (Alepi)\u00a0ser\u00e3o nomeados nesta quarta-feira (28). J\u00e1 a segunda turma, composta por 32 aprovados, ter\u00e1 sua nomea\u00e7\u00e3o em novembro. Todos os nomeados dever\u00e3o apresentar a documenta\u00e7\u00e3o necess\u00e1ria para a posse em at\u00e9 30 dias. A lota\u00e7\u00e3o ser\u00e1 definida pelo setor de Recursos Humanos, conforme as necessidades das diretorias.<\/p>\n\n\n\n<figure class=\"wp-block-image size-full\"><img fetchpriority=\"high\" decoding=\"async\" width=\"984\" height=\"656\" src=\"https:\/\/noticiaempauta.com\/portal\/wp-content\/uploads\/2023\/02\/alepi-1644353959-1675266702.jpg\" alt=\"\" class=\"wp-image-244237\" srcset=\"https:\/\/noticiaempauta.com\/portal\/wp-content\/uploads\/2023\/02\/alepi-1644353959-1675266702.jpg 984w, https:\/\/noticiaempauta.com\/portal\/wp-content\/uploads\/2023\/02\/alepi-1644353959-1675266702-300x200.jpg 300w, https:\/\/noticiaempauta.com\/portal\/wp-content\/uploads\/2023\/02\/alepi-1644353959-1675266702-768x512.jpg 768w\" sizes=\"(max-width: 984px) 100vw, 984px\" \/><figcaption class=\"wp-element-caption\">Foto: Divulga\u00e7\u00e3o<\/figcaption><\/figure>\n\n\n\n<p>Est\u00e3o sendo convocados tanto os aprovados da ampla concorr\u00eancia quanto os das vagas destinadas aos cotistas. O n\u00famero de convocados atende \u00e0s necessidades imediatas da Casa e \u00e0 adequa\u00e7\u00e3o do ambiente para receber os novos servidores, em raz\u00e3o do trabalho de requalifica\u00e7\u00e3o do pr\u00e9dio da Assembleia, o Pal\u00e1cio Petr\u00f4nio Portela.<\/p>\n\n\n\n<p>&#8220;Como estamos passando por essa reforma, os espa\u00e7os de trabalho est\u00e3o comprometidos e fica invi\u00e1vel a instala\u00e7\u00e3o de todos os servidores. Por isso, estamos convocando, agora, as demandas mais urgentes da Casa que foram apontadas por nossa equipe t\u00e9cnica\u201d, explica o presidente Franz\u00e9 Silva (PT).&nbsp;<strong>Os nomeados j\u00e1 poder\u00e3o apresentar a documenta\u00e7\u00e3o a partir desta quinta-feira (29).<\/strong><\/p>\n\n\n\n<h2 class=\"wp-block-heading\">Confira a lista de aprovados:<\/h2>\n\n\n\n<p>1. BRENDO LUCAS OLIVEIRA BORGES<\/p>\n\n\n\n<p>2. MARIELLY IBIAPINA MASCARENHAS<\/p>\n\n\n\n<p>3. IGOR LIMA DOS SANTOS<\/p>\n\n\n\n<p>4. D\u00c9LYS DE S\u00c1 VIANA<\/p>\n\n\n\n<p>5. JOSE LUCAS DE CARVALHO DE SOUZA<\/p>\n\n\n\n<p>6. GIDELSON FERREIRA AMORIM<\/p>\n\n\n\n<p>7. PEDRO VICTOR ALEXANDRE MONTEIRO<\/p>\n\n\n\n<p>8. ANDERSON LEAL MOURA<\/p>\n\n\n\n<p>9. J\u00c9SSICA GABRIELA DE SOUZA ABREU<\/p>\n\n\n\n<p>10. JO\u00c3O HENRIQUE SILVA<\/p>\n\n\n\n<p>11. INGRID MENESES DE VASCONCELOS<\/p>\n\n\n\n<p>12. MATHEUS FRAN\u00c7OIS VIANA CAVALCANTE<\/p>\n\n\n\n<p>13. CARLOS EDUARDO XAVIER TEIXEIRA<\/p>\n\n\n\n<p>14. LUCAS AGUIAR SANTOS SILVA<\/p>\n\n\n\n<p>15. LUANA OLIVEIRA CAMPOS<\/p>\n\n\n\n<p>16. PAULO ANDRE CAMPOS FREITAS<\/p>\n\n\n\n<p>17. MARIA ANA GUEDES CONDE FALC\u00c3O<\/p>\n\n\n\n<p>18. CARLA RAQUEL LIMA PEREIRA<\/p>\n\n\n\n<p>19. FRANCISCO DAS CHAGAS DA PAZ SOARES<\/p>\n\n\n\n<p>20. MAYARA STEPHANE DE LACERDA VALEN\u00c7A<\/p>\n\n\n\n<p>21. GISELA SOUSA NOGUEIRA<\/p>\n\n\n\n<p>22. WALTER RUAN DA CONCEI\u00c7\u00c3O SANTOS<\/p>\n\n\n\n<p>23. ANDRE VICTOR PEREIRA DA SILVA<\/p>\n\n\n\n<p>24. VIVIANE MARIA BARBOSA DOS SANTOS MIRANDA<\/p>\n\n\n\n<p>25. JOS\u00c9 MANOEL DE SOUSA BEZERRA<\/p>\n\n\n\n<p>26. REGIS DE AR\u00caA LE\u00c3O FALC\u00c3O FILHO<\/p>\n\n\n\n<p>27. LUIS JOS\u00c9 DOS SANTOS NETO<\/p>\n\n\n\n<p>28. VICTOR BRENNER OLIVEIRA CARDOSO<\/p>\n\n\n\n<p>29. MATHEUS CRISPIM MARQUES DA SILVA<\/p>\n\n\n\n<p>30. TIAGO NUNES DOS SANTOS<\/p>\n\n\n\n<p><strong><em>Fonte: Portal O Dia<\/em><\/strong><\/p>\n","protected":false},"excerpt":{"rendered":"<p>Os nomeados j\u00e1 poder\u00e3o apresentar a documenta\u00e7\u00e3o a partir desta quinta-feira (29).<\/p>\n","protected":false},"author":2,"featured_media":244237,"comment_status":"open","ping_status":"open","sticky":false,"template":"","format":"standard","meta":{"_mi_skip_tracking":false,"footnotes":""},"categories":[25,1,16],"tags":[192],"class_list":["post-261582","post","type-post","status-publish","format-standard","has-post-thumbnail","hentry","category-destaques-site","category-geral","category-todas","tag-destaqueprincipal"],"acf":[],"yoast_head":"<!-- This site is optimized with the Yoast SEO Premium plugin v19.2 (Yoast SEO v26.9) - https:\/\/yoast.com\/product\/yoast-seo-premium-wordpress\/ -->\n<title>Concurso da Alepi: aprovados s\u00e3o nomeados nesta quarta (28); veja lista - Portal Not\u00edcia em Pauta<\/title>\n<meta name=\"robots\" content=\"index, follow, max-snippet:-1, max-image-preview:large, max-video-preview:-1\" \/>\n<link rel=\"canonical\" href=\"https:\/\/noticiaempauta.com\/portal\/concurso-da-alepi-aprovados-sao-nomeados-nesta-quarta-28-veja-lista\/\" \/>\n<meta property=\"og:locale\" content=\"pt_BR\" \/>\n<meta property=\"og:type\" content=\"article\" \/>\n<meta property=\"og:title\" content=\"Concurso da Alepi: aprovados s\u00e3o nomeados nesta quarta (28); veja lista\" \/>\n<meta property=\"og:description\" content=\"Os nomeados j\u00e1 poder\u00e3o apresentar a documenta\u00e7\u00e3o a partir desta quinta-feira (29).\" \/>\n<meta property=\"og:url\" content=\"https:\/\/noticiaempauta.com\/portal\/concurso-da-alepi-aprovados-sao-nomeados-nesta-quarta-28-veja-lista\/\" \/>\n<meta property=\"og:site_name\" content=\"Portal Not\u00edcia em Pauta\" \/>\n<meta property=\"article:publisher\" content=\"https:\/\/www.facebook.com\/Portal-Notcia-Em-Pauta-102292869264820\/\" \/>\n<meta property=\"article:published_time\" content=\"2024-08-28T11:46:08+00:00\" \/>\n<meta property=\"article:modified_time\" content=\"2024-08-28T11:46:09+00:00\" \/>\n<meta property=\"og:image\" content=\"https:\/\/noticiaempauta.com\/portal\/wp-content\/uploads\/2023\/02\/alepi-1644353959-1675266702.jpg\" \/>\n\t<meta property=\"og:image:width\" content=\"984\" \/>\n\t<meta property=\"og:image:height\" content=\"656\" \/>\n\t<meta property=\"og:image:type\" content=\"image\/jpeg\" \/>\n<meta name=\"author\" content=\"Reda\u00e7\u00e3o\" \/>\n<meta name=\"twitter:card\" content=\"summary_large_image\" \/>\n<meta name=\"twitter:label1\" content=\"Escrito por\" \/>\n\t<meta name=\"twitter:data1\" content=\"Reda\u00e7\u00e3o\" \/>\n\t<meta name=\"twitter:label2\" content=\"Est. tempo de leitura\" \/>\n\t<meta name=\"twitter:data2\" content=\"3 minutos\" \/>\n<script type=\"application\/ld+json\" class=\"yoast-schema-graph\">{\"@context\":\"https:\/\/schema.org\",\"@graph\":[{\"@type\":\"Article\",\"@id\":\"https:\/\/noticiaempauta.com\/portal\/concurso-da-alepi-aprovados-sao-nomeados-nesta-quarta-28-veja-lista\/#article\",\"isPartOf\":{\"@id\":\"https:\/\/noticiaempauta.com\/portal\/concurso-da-alepi-aprovados-sao-nomeados-nesta-quarta-28-veja-lista\/\"},\"author\":{\"name\":\"Reda\u00e7\u00e3o\",\"@id\":\"https:\/\/noticiaempauta.com\/portal\/#\/schema\/person\/a74af43dd1ab3deca45f988c717d57ac\"},\"headline\":\"Concurso da Alepi: aprovados s\u00e3o nomeados nesta quarta (28); veja lista\",\"datePublished\":\"2024-08-28T11:46:08+00:00\",\"dateModified\":\"2024-08-28T11:46:09+00:00\",\"mainEntityOfPage\":{\"@id\":\"https:\/\/noticiaempauta.com\/portal\/concurso-da-alepi-aprovados-sao-nomeados-nesta-quarta-28-veja-lista\/\"},\"wordCount\":348,\"commentCount\":0,\"publisher\":{\"@id\":\"https:\/\/noticiaempauta.com\/portal\/#organization\"},\"image\":{\"@id\":\"https:\/\/noticiaempauta.com\/portal\/concurso-da-alepi-aprovados-sao-nomeados-nesta-quarta-28-veja-lista\/#primaryimage\"},\"thumbnailUrl\":\"https:\/\/noticiaempauta.com\/portal\/wp-content\/uploads\/2023\/02\/alepi-1644353959-1675266702.jpg\",\"keywords\":[\"destaqueprincipal\"],\"articleSection\":[\"Destaques\",\"Geral\",\"Todas as Not\u00edcias\"],\"inLanguage\":\"pt-BR\",\"potentialAction\":[{\"@type\":\"CommentAction\",\"name\":\"Comment\",\"target\":[\"https:\/\/noticiaempauta.com\/portal\/concurso-da-alepi-aprovados-sao-nomeados-nesta-quarta-28-veja-lista\/#respond\"]}]},{\"@type\":\"WebPage\",\"@id\":\"https:\/\/noticiaempauta.com\/portal\/concurso-da-alepi-aprovados-sao-nomeados-nesta-quarta-28-veja-lista\/\",\"url\":\"https:\/\/noticiaempauta.com\/portal\/concurso-da-alepi-aprovados-sao-nomeados-nesta-quarta-28-veja-lista\/\",\"name\":\"Concurso da Alepi: aprovados s\u00e3o nomeados nesta quarta (28); veja lista - Portal Not\u00edcia em Pauta\",\"isPartOf\":{\"@id\":\"https:\/\/noticiaempauta.com\/portal\/#website\"},\"primaryImageOfPage\":{\"@id\":\"https:\/\/noticiaempauta.com\/portal\/concurso-da-alepi-aprovados-sao-nomeados-nesta-quarta-28-veja-lista\/#primaryimage\"},\"image\":{\"@id\":\"https:\/\/noticiaempauta.com\/portal\/concurso-da-alepi-aprovados-sao-nomeados-nesta-quarta-28-veja-lista\/#primaryimage\"},\"thumbnailUrl\":\"https:\/\/noticiaempauta.com\/portal\/wp-content\/uploads\/2023\/02\/alepi-1644353959-1675266702.jpg\",\"datePublished\":\"2024-08-28T11:46:08+00:00\",\"dateModified\":\"2024-08-28T11:46:09+00:00\",\"breadcrumb\":{\"@id\":\"https:\/\/noticiaempauta.com\/portal\/concurso-da-alepi-aprovados-sao-nomeados-nesta-quarta-28-veja-lista\/#breadcrumb\"},\"inLanguage\":\"pt-BR\",\"potentialAction\":[{\"@type\":\"ReadAction\",\"target\":[\"https:\/\/noticiaempauta.com\/portal\/concurso-da-alepi-aprovados-sao-nomeados-nesta-quarta-28-veja-lista\/\"]}]},{\"@type\":\"ImageObject\",\"inLanguage\":\"pt-BR\",\"@id\":\"https:\/\/noticiaempauta.com\/portal\/concurso-da-alepi-aprovados-sao-nomeados-nesta-quarta-28-veja-lista\/#primaryimage\",\"url\":\"https:\/\/noticiaempauta.com\/portal\/wp-content\/uploads\/2023\/02\/alepi-1644353959-1675266702.jpg\",\"contentUrl\":\"https:\/\/noticiaempauta.com\/portal\/wp-content\/uploads\/2023\/02\/alepi-1644353959-1675266702.jpg\",\"width\":984,\"height\":656,\"caption\":\"Foto: Divulga\u00e7\u00e3o\"},{\"@type\":\"BreadcrumbList\",\"@id\":\"https:\/\/noticiaempauta.com\/portal\/concurso-da-alepi-aprovados-sao-nomeados-nesta-quarta-28-veja-lista\/#breadcrumb\",\"itemListElement\":[{\"@type\":\"ListItem\",\"position\":1,\"name\":\"P\u00e1gina Inicial\",\"item\":\"https:\/\/noticiaempauta.com\/portal\/\"},{\"@type\":\"ListItem\",\"position\":2,\"name\":\"Destaques\",\"item\":\"https:\/\/noticiaempauta.com\/portal\/destaques-site\/\"},{\"@type\":\"ListItem\",\"position\":3,\"name\":\"Concurso da Alepi: aprovados s\u00e3o nomeados nesta quarta (28); veja lista\"}]},{\"@type\":\"WebSite\",\"@id\":\"https:\/\/noticiaempauta.com\/portal\/#website\",\"url\":\"https:\/\/noticiaempauta.com\/portal\/\",\"name\":\"Portal Not\u00edcia em Pauta\",\"description\":\"Voc\u00ea bem informado\",\"publisher\":{\"@id\":\"https:\/\/noticiaempauta.com\/portal\/#organization\"},\"potentialAction\":[{\"@type\":\"SearchAction\",\"target\":{\"@type\":\"EntryPoint\",\"urlTemplate\":\"https:\/\/noticiaempauta.com\/portal\/?s={search_term_string}\"},\"query-input\":{\"@type\":\"PropertyValueSpecification\",\"valueRequired\":true,\"valueName\":\"search_term_string\"}}],\"inLanguage\":\"pt-BR\"},{\"@type\":\"Organization\",\"@id\":\"https:\/\/noticiaempauta.com\/portal\/#organization\",\"name\":\"Portal Not\u00edcia em Pauta\",\"url\":\"https:\/\/noticiaempauta.com\/portal\/\",\"logo\":{\"@type\":\"ImageObject\",\"inLanguage\":\"pt-BR\",\"@id\":\"https:\/\/noticiaempauta.com\/portal\/#\/schema\/logo\/image\/\",\"url\":\"https:\/\/noticiaempauta.com\/portal\/wp-content\/uploads\/2022\/08\/logomarca_tema.fw_.png\",\"contentUrl\":\"https:\/\/noticiaempauta.com\/portal\/wp-content\/uploads\/2022\/08\/logomarca_tema.fw_.png\",\"width\":400,\"height\":232,\"caption\":\"Portal Not\u00edcia em Pauta\"},\"image\":{\"@id\":\"https:\/\/noticiaempauta.com\/portal\/#\/schema\/logo\/image\/\"},\"sameAs\":[\"https:\/\/www.facebook.com\/Portal-Notcia-Em-Pauta-102292869264820\/\",\"https:\/\/www.instagram.com\/portalnoticiaempauta\/\"]},{\"@type\":\"Person\",\"@id\":\"https:\/\/noticiaempauta.com\/portal\/#\/schema\/person\/a74af43dd1ab3deca45f988c717d57ac\",\"name\":\"Reda\u00e7\u00e3o\",\"image\":{\"@type\":\"ImageObject\",\"inLanguage\":\"pt-BR\",\"@id\":\"https:\/\/noticiaempauta.com\/portal\/#\/schema\/person\/image\/\",\"url\":\"https:\/\/secure.gravatar.com\/avatar\/03179346ecce6cdfc13361603e8f54242a90e5cde8618fa23c5c00aa2b0aadf3?s=96&d=mm&r=g\",\"contentUrl\":\"https:\/\/secure.gravatar.com\/avatar\/03179346ecce6cdfc13361603e8f54242a90e5cde8618fa23c5c00aa2b0aadf3?s=96&d=mm&r=g\",\"caption\":\"Reda\u00e7\u00e3o\"},\"sameAs\":[\"https:\/\/noticiaempauta.com\/portal\/\"],\"url\":\"https:\/\/noticiaempauta.com\/portal\/author\/fernando\/\"}]}<\/script>\n<!-- \/ Yoast SEO Premium plugin. -->","yoast_head_json":{"title":"Concurso da Alepi: aprovados s\u00e3o nomeados nesta quarta (28); veja lista - Portal Not\u00edcia em Pauta","robots":{"index":"index","follow":"follow","max-snippet":"max-snippet:-1","max-image-preview":"max-image-preview:large","max-video-preview":"max-video-preview:-1"},"canonical":"https:\/\/noticiaempauta.com\/portal\/concurso-da-alepi-aprovados-sao-nomeados-nesta-quarta-28-veja-lista\/","og_locale":"pt_BR","og_type":"article","og_title":"Concurso da Alepi: aprovados s\u00e3o nomeados nesta quarta (28); veja lista","og_description":"Os nomeados j\u00e1 poder\u00e3o apresentar a documenta\u00e7\u00e3o a partir desta quinta-feira (29).","og_url":"https:\/\/noticiaempauta.com\/portal\/concurso-da-alepi-aprovados-sao-nomeados-nesta-quarta-28-veja-lista\/","og_site_name":"Portal Not\u00edcia em Pauta","article_publisher":"https:\/\/www.facebook.com\/Portal-Notcia-Em-Pauta-102292869264820\/","article_published_time":"2024-08-28T11:46:08+00:00","article_modified_time":"2024-08-28T11:46:09+00:00","og_image":[{"width":984,"height":656,"url":"https:\/\/noticiaempauta.com\/portal\/wp-content\/uploads\/2023\/02\/alepi-1644353959-1675266702.jpg","type":"image\/jpeg"}],"author":"Reda\u00e7\u00e3o","twitter_card":"summary_large_image","twitter_misc":{"Escrito por":"Reda\u00e7\u00e3o","Est. tempo de leitura":"3 minutos"},"schema":{"@context":"https:\/\/schema.org","@graph":[{"@type":"Article","@id":"https:\/\/noticiaempauta.com\/portal\/concurso-da-alepi-aprovados-sao-nomeados-nesta-quarta-28-veja-lista\/#article","isPartOf":{"@id":"https:\/\/noticiaempauta.com\/portal\/concurso-da-alepi-aprovados-sao-nomeados-nesta-quarta-28-veja-lista\/"},"author":{"name":"Reda\u00e7\u00e3o","@id":"https:\/\/noticiaempauta.com\/portal\/#\/schema\/person\/a74af43dd1ab3deca45f988c717d57ac"},"headline":"Concurso da Alepi: aprovados s\u00e3o nomeados nesta quarta (28); veja lista","datePublished":"2024-08-28T11:46:08+00:00","dateModified":"2024-08-28T11:46:09+00:00","mainEntityOfPage":{"@id":"https:\/\/noticiaempauta.com\/portal\/concurso-da-alepi-aprovados-sao-nomeados-nesta-quarta-28-veja-lista\/"},"wordCount":348,"commentCount":0,"publisher":{"@id":"https:\/\/noticiaempauta.com\/portal\/#organization"},"image":{"@id":"https:\/\/noticiaempauta.com\/portal\/concurso-da-alepi-aprovados-sao-nomeados-nesta-quarta-28-veja-lista\/#primaryimage"},"thumbnailUrl":"https:\/\/noticiaempauta.com\/portal\/wp-content\/uploads\/2023\/02\/alepi-1644353959-1675266702.jpg","keywords":["destaqueprincipal"],"articleSection":["Destaques","Geral","Todas as Not\u00edcias"],"inLanguage":"pt-BR","potentialAction":[{"@type":"CommentAction","name":"Comment","target":["https:\/\/noticiaempauta.com\/portal\/concurso-da-alepi-aprovados-sao-nomeados-nesta-quarta-28-veja-lista\/#respond"]}]},{"@type":"WebPage","@id":"https:\/\/noticiaempauta.com\/portal\/concurso-da-alepi-aprovados-sao-nomeados-nesta-quarta-28-veja-lista\/","url":"https:\/\/noticiaempauta.com\/portal\/concurso-da-alepi-aprovados-sao-nomeados-nesta-quarta-28-veja-lista\/","name":"Concurso da Alepi: aprovados s\u00e3o nomeados nesta quarta (28); veja lista - Portal Not\u00edcia em Pauta","isPartOf":{"@id":"https:\/\/noticiaempauta.com\/portal\/#website"},"primaryImageOfPage":{"@id":"https:\/\/noticiaempauta.com\/portal\/concurso-da-alepi-aprovados-sao-nomeados-nesta-quarta-28-veja-lista\/#primaryimage"},"image":{"@id":"https:\/\/noticiaempauta.com\/portal\/concurso-da-alepi-aprovados-sao-nomeados-nesta-quarta-28-veja-lista\/#primaryimage"},"thumbnailUrl":"https:\/\/noticiaempauta.com\/portal\/wp-content\/uploads\/2023\/02\/alepi-1644353959-1675266702.jpg","datePublished":"2024-08-28T11:46:08+00:00","dateModified":"2024-08-28T11:46:09+00:00","breadcrumb":{"@id":"https:\/\/noticiaempauta.com\/portal\/concurso-da-alepi-aprovados-sao-nomeados-nesta-quarta-28-veja-lista\/#breadcrumb"},"inLanguage":"pt-BR","potentialAction":[{"@type":"ReadAction","target":["https:\/\/noticiaempauta.com\/portal\/concurso-da-alepi-aprovados-sao-nomeados-nesta-quarta-28-veja-lista\/"]}]},{"@type":"ImageObject","inLanguage":"pt-BR","@id":"https:\/\/noticiaempauta.com\/portal\/concurso-da-alepi-aprovados-sao-nomeados-nesta-quarta-28-veja-lista\/#primaryimage","url":"https:\/\/noticiaempauta.com\/portal\/wp-content\/uploads\/2023\/02\/alepi-1644353959-1675266702.jpg","contentUrl":"https:\/\/noticiaempauta.com\/portal\/wp-content\/uploads\/2023\/02\/alepi-1644353959-1675266702.jpg","width":984,"height":656,"caption":"Foto: Divulga\u00e7\u00e3o"},{"@type":"BreadcrumbList","@id":"https:\/\/noticiaempauta.com\/portal\/concurso-da-alepi-aprovados-sao-nomeados-nesta-quarta-28-veja-lista\/#breadcrumb","itemListElement":[{"@type":"ListItem","position":1,"name":"P\u00e1gina Inicial","item":"https:\/\/noticiaempauta.com\/portal\/"},{"@type":"ListItem","position":2,"name":"Destaques","item":"https:\/\/noticiaempauta.com\/portal\/destaques-site\/"},{"@type":"ListItem","position":3,"name":"Concurso da Alepi: aprovados s\u00e3o nomeados nesta quarta (28); veja lista"}]},{"@type":"WebSite","@id":"https:\/\/noticiaempauta.com\/portal\/#website","url":"https:\/\/noticiaempauta.com\/portal\/","name":"Portal Not\u00edcia em Pauta","description":"Voc\u00ea bem informado","publisher":{"@id":"https:\/\/noticiaempauta.com\/portal\/#organization"},"potentialAction":[{"@type":"SearchAction","target":{"@type":"EntryPoint","urlTemplate":"https:\/\/noticiaempauta.com\/portal\/?s={search_term_string}"},"query-input":{"@type":"PropertyValueSpecification","valueRequired":true,"valueName":"search_term_string"}}],"inLanguage":"pt-BR"},{"@type":"Organization","@id":"https:\/\/noticiaempauta.com\/portal\/#organization","name":"Portal Not\u00edcia em Pauta","url":"https:\/\/noticiaempauta.com\/portal\/","logo":{"@type":"ImageObject","inLanguage":"pt-BR","@id":"https:\/\/noticiaempauta.com\/portal\/#\/schema\/logo\/image\/","url":"https:\/\/noticiaempauta.com\/portal\/wp-content\/uploads\/2022\/08\/logomarca_tema.fw_.png","contentUrl":"https:\/\/noticiaempauta.com\/portal\/wp-content\/uploads\/2022\/08\/logomarca_tema.fw_.png","width":400,"height":232,"caption":"Portal Not\u00edcia em Pauta"},"image":{"@id":"https:\/\/noticiaempauta.com\/portal\/#\/schema\/logo\/image\/"},"sameAs":["https:\/\/www.facebook.com\/Portal-Notcia-Em-Pauta-102292869264820\/","https:\/\/www.instagram.com\/portalnoticiaempauta\/"]},{"@type":"Person","@id":"https:\/\/noticiaempauta.com\/portal\/#\/schema\/person\/a74af43dd1ab3deca45f988c717d57ac","name":"Reda\u00e7\u00e3o","image":{"@type":"ImageObject","inLanguage":"pt-BR","@id":"https:\/\/noticiaempauta.com\/portal\/#\/schema\/person\/image\/","url":"https:\/\/secure.gravatar.com\/avatar\/03179346ecce6cdfc13361603e8f54242a90e5cde8618fa23c5c00aa2b0aadf3?s=96&d=mm&r=g","contentUrl":"https:\/\/secure.gravatar.com\/avatar\/03179346ecce6cdfc13361603e8f54242a90e5cde8618fa23c5c00aa2b0aadf3?s=96&d=mm&r=g","caption":"Reda\u00e7\u00e3o"},"sameAs":["https:\/\/noticiaempauta.com\/portal\/"],"url":"https:\/\/noticiaempauta.com\/portal\/author\/fernando\/"}]}},"_links":{"self":[{"href":"https:\/\/noticiaempauta.com\/portal\/wp-json\/wp\/v2\/posts\/261582","targetHints":{"allow":["GET"]}}],"collection":[{"href":"https:\/\/noticiaempauta.com\/portal\/wp-json\/wp\/v2\/posts"}],"about":[{"href":"https:\/\/noticiaempauta.com\/portal\/wp-json\/wp\/v2\/types\/post"}],"author":[{"embeddable":true,"href":"https:\/\/noticiaempauta.com\/portal\/wp-json\/wp\/v2\/users\/2"}],"replies":[{"embeddable":true,"href":"https:\/\/noticiaempauta.com\/portal\/wp-json\/wp\/v2\/comments?post=261582"}],"version-history":[{"count":2,"href":"https:\/\/noticiaempauta.com\/portal\/wp-json\/wp\/v2\/posts\/261582\/revisions"}],"predecessor-version":[{"id":261584,"href":"https:\/\/noticiaempauta.com\/portal\/wp-json\/wp\/v2\/posts\/261582\/revisions\/261584"}],"wp:featuredmedia":[{"embeddable":true,"href":"https:\/\/noticiaempauta.com\/portal\/wp-json\/wp\/v2\/media\/244237"}],"wp:attachment":[{"href":"https:\/\/noticiaempauta.com\/portal\/wp-json\/wp\/v2\/media?parent=261582"}],"wp:term":[{"taxonomy":"category","embeddable":true,"href":"https:\/\/noticiaempauta.com\/portal\/wp-json\/wp\/v2\/categories?post=261582"},{"taxonomy":"post_tag","embeddable":true,"href":"https:\/\/noticiaempauta.com\/portal\/wp-json\/wp\/v2\/tags?post=261582"}],"curies":[{"name":"wp","href":"https:\/\/api.w.org\/{rel}","templated":true}]}}