{"id":261585,"date":"2024-08-28T08:51:39","date_gmt":"2024-08-28T11:51:39","guid":{"rendered":"https:\/\/noticiaempauta.com\/portal\/?p=261585"},"modified":"2024-08-28T08:51:40","modified_gmt":"2024-08-28T11:51:40","slug":"cacadores-sao-presos-dentro-do-parque-nacional-da-serra-da-capivara-no-piaui-com-animais-silvestres-e-armas","status":"publish","type":"post","link":"https:\/\/noticiaempauta.com\/portal\/cacadores-sao-presos-dentro-do-parque-nacional-da-serra-da-capivara-no-piaui-com-animais-silvestres-e-armas\/","title":{"rendered":"Ca\u00e7adores s\u00e3o presos dentro do Parque Nacional da Serra da Capivara, no Piau\u00ed, com animais silvestres e armas"},"content":{"rendered":"\n<p>Dois ca\u00e7adores ilegais foram presos dentro do Parque Nacional da Serra da Capivara, em S\u00e3o Raimundo Nonato, no interior do Piau\u00ed, no \u00faltimo s\u00e1bado (24).\u00a0Com os indiv\u00edduos fora apreendidos armas e animais silvestres.\u00a0<\/p>\n\n\n\n<figure class=\"wp-block-image size-large\"><img fetchpriority=\"high\" decoding=\"async\" width=\"1024\" height=\"591\" src=\"https:\/\/noticiaempauta.com\/portal\/wp-content\/uploads\/2024\/08\/whatsapp-image-2024-08-27-at-10-35-04-1724765727-1024x591.jpeg\" alt=\"\" class=\"wp-image-261586\" srcset=\"https:\/\/noticiaempauta.com\/portal\/wp-content\/uploads\/2024\/08\/whatsapp-image-2024-08-27-at-10-35-04-1724765727-1024x591.jpeg 1024w, https:\/\/noticiaempauta.com\/portal\/wp-content\/uploads\/2024\/08\/whatsapp-image-2024-08-27-at-10-35-04-1724765727-300x173.jpeg 300w, https:\/\/noticiaempauta.com\/portal\/wp-content\/uploads\/2024\/08\/whatsapp-image-2024-08-27-at-10-35-04-1724765727-768x443.jpeg 768w, https:\/\/noticiaempauta.com\/portal\/wp-content\/uploads\/2024\/08\/whatsapp-image-2024-08-27-at-10-35-04-1724765727.jpeg 1080w\" sizes=\"(max-width: 1024px) 100vw, 1024px\" \/><figcaption class=\"wp-element-caption\">(Foto: Reprodu\u00e7\u00e3o)<\/figcaption><\/figure>\n\n\n\n<p>Um agente do ICMBio acionou a 1\u00aa CIPA relatando a presen\u00e7a de ca\u00e7adores ilegais dentro do parque.\u00a0Os policiais se deslocaram em conjunto com Agentes do ICMBio e realizaram um mapeamento da \u00e1rea, identificando rastros dos ca\u00e7adores e o in\u00edcio das buscas nos entornos da Guarita Zabel\u00ea.<\/p>\n\n\n\n<p>No dia seguinte, no s\u00e1bado (24), os policias avistaram dois indiv\u00edduos na mata, que tentaram fugir aos avistar os militares. Eles foram alcan\u00e7ados e capturados.\u00a0Em posse dos indiv\u00edduos foram encontrados quatro Espingardas de tatu; dois c\u00e3es-de-ca\u00e7a vivos; tr\u00eas tatus-verdadeiros abatidos; um Tatu-bola vivo; dois fac\u00f5es; um cavador e tr\u00eas lanternas.<\/p>\n\n\n\n<figure class=\"wp-block-image size-large\"><img decoding=\"async\" width=\"1024\" height=\"1024\" src=\"https:\/\/noticiaempauta.com\/portal\/wp-content\/uploads\/2024\/08\/snapinsta-app-456584945-1530300901696773-3092387172407055704-n-1080-1724765782-1024x1024.jpg\" alt=\"\" class=\"wp-image-261587\" srcset=\"https:\/\/noticiaempauta.com\/portal\/wp-content\/uploads\/2024\/08\/snapinsta-app-456584945-1530300901696773-3092387172407055704-n-1080-1724765782-1024x1024.jpg 1024w, https:\/\/noticiaempauta.com\/portal\/wp-content\/uploads\/2024\/08\/snapinsta-app-456584945-1530300901696773-3092387172407055704-n-1080-1724765782-300x300.jpg 300w, https:\/\/noticiaempauta.com\/portal\/wp-content\/uploads\/2024\/08\/snapinsta-app-456584945-1530300901696773-3092387172407055704-n-1080-1724765782-150x150.jpg 150w, https:\/\/noticiaempauta.com\/portal\/wp-content\/uploads\/2024\/08\/snapinsta-app-456584945-1530300901696773-3092387172407055704-n-1080-1724765782-768x768.jpg 768w, https:\/\/noticiaempauta.com\/portal\/wp-content\/uploads\/2024\/08\/snapinsta-app-456584945-1530300901696773-3092387172407055704-n-1080-1724765782.jpg 1080w\" sizes=\"(max-width: 1024px) 100vw, 1024px\" \/><\/figure>\n\n\n\n<p>Os ca\u00e7adores foram encaminhados para a delegacia para os procedimentos cab\u00edveis. Os animais abatidos foram incinerados, os c\u00e3es de caca ficaram sob os cuidados da CIPA at\u00e9 serem adotados de forma legal e o tatu-bola foi reinserido ao seu habitat natural.<\/p>\n\n\n\n<p><em>Fonte: Portal A10+<\/em><\/p>\n","protected":false},"excerpt":{"rendered":"<p>Os policias avistaram dois indiv\u00edduos na mata, eles tentaram fugir, mas foram alcan\u00e7ados e presos.<\/p>\n","protected":false},"author":2,"featured_media":261586,"comment_status":"open","ping_status":"open","sticky":false,"template":"","format":"standard","meta":{"_mi_skip_tracking":false,"footnotes":""},"categories":[25,1,9,137,16],"tags":[192],"class_list":["post-261585","post","type-post","status-publish","format-standard","has-post-thumbnail","hentry","category-destaques-site","category-geral","category-municipios","category-policia","category-todas","tag-destaqueprincipal"],"acf":[],"yoast_head":"<!-- This site is optimized with the Yoast SEO Premium plugin v19.2 (Yoast SEO v26.9) - https:\/\/yoast.com\/product\/yoast-seo-premium-wordpress\/ -->\n<title>Ca\u00e7adores s\u00e3o presos dentro do Parque Nacional da Serra da Capivara, no Piau\u00ed, com animais silvestres e armas - Portal Not\u00edcia em Pauta<\/title>\n<meta name=\"robots\" content=\"index, follow, max-snippet:-1, max-image-preview:large, max-video-preview:-1\" \/>\n<link rel=\"canonical\" href=\"https:\/\/noticiaempauta.com\/portal\/cacadores-sao-presos-dentro-do-parque-nacional-da-serra-da-capivara-no-piaui-com-animais-silvestres-e-armas\/\" \/>\n<meta property=\"og:locale\" content=\"pt_BR\" \/>\n<meta property=\"og:type\" content=\"article\" \/>\n<meta property=\"og:title\" content=\"Ca\u00e7adores s\u00e3o presos dentro do Parque Nacional da Serra da Capivara, no Piau\u00ed, com animais silvestres e armas\" \/>\n<meta property=\"og:description\" content=\"Os policias avistaram dois indiv\u00edduos na mata, eles tentaram fugir, mas foram alcan\u00e7ados e presos.\" \/>\n<meta property=\"og:url\" content=\"https:\/\/noticiaempauta.com\/portal\/cacadores-sao-presos-dentro-do-parque-nacional-da-serra-da-capivara-no-piaui-com-animais-silvestres-e-armas\/\" \/>\n<meta property=\"og:site_name\" content=\"Portal Not\u00edcia em Pauta\" \/>\n<meta property=\"article:publisher\" content=\"https:\/\/www.facebook.com\/Portal-Notcia-Em-Pauta-102292869264820\/\" \/>\n<meta property=\"article:published_time\" content=\"2024-08-28T11:51:39+00:00\" \/>\n<meta property=\"article:modified_time\" content=\"2024-08-28T11:51:40+00:00\" \/>\n<meta property=\"og:image\" content=\"https:\/\/noticiaempauta.com\/portal\/wp-content\/uploads\/2024\/08\/whatsapp-image-2024-08-27-at-10-35-04-1724765727.jpeg\" \/>\n\t<meta property=\"og:image:width\" content=\"1080\" \/>\n\t<meta property=\"og:image:height\" content=\"623\" \/>\n\t<meta property=\"og:image:type\" content=\"image\/jpeg\" \/>\n<meta name=\"author\" content=\"Reda\u00e7\u00e3o\" \/>\n<meta name=\"twitter:card\" content=\"summary_large_image\" \/>\n<meta name=\"twitter:label1\" content=\"Escrito por\" \/>\n\t<meta name=\"twitter:data1\" content=\"Reda\u00e7\u00e3o\" \/>\n\t<meta name=\"twitter:label2\" content=\"Est. tempo de leitura\" \/>\n\t<meta name=\"twitter:data2\" content=\"2 minutos\" \/>\n<script type=\"application\/ld+json\" class=\"yoast-schema-graph\">{\"@context\":\"https:\/\/schema.org\",\"@graph\":[{\"@type\":\"Article\",\"@id\":\"https:\/\/noticiaempauta.com\/portal\/cacadores-sao-presos-dentro-do-parque-nacional-da-serra-da-capivara-no-piaui-com-animais-silvestres-e-armas\/#article\",\"isPartOf\":{\"@id\":\"https:\/\/noticiaempauta.com\/portal\/cacadores-sao-presos-dentro-do-parque-nacional-da-serra-da-capivara-no-piaui-com-animais-silvestres-e-armas\/\"},\"author\":{\"name\":\"Reda\u00e7\u00e3o\",\"@id\":\"https:\/\/noticiaempauta.com\/portal\/#\/schema\/person\/a74af43dd1ab3deca45f988c717d57ac\"},\"headline\":\"Ca\u00e7adores s\u00e3o presos dentro do Parque Nacional da Serra da Capivara, no Piau\u00ed, com animais silvestres e armas\",\"datePublished\":\"2024-08-28T11:51:39+00:00\",\"dateModified\":\"2024-08-28T11:51:40+00:00\",\"mainEntityOfPage\":{\"@id\":\"https:\/\/noticiaempauta.com\/portal\/cacadores-sao-presos-dentro-do-parque-nacional-da-serra-da-capivara-no-piaui-com-animais-silvestres-e-armas\/\"},\"wordCount\":216,\"commentCount\":0,\"publisher\":{\"@id\":\"https:\/\/noticiaempauta.com\/portal\/#organization\"},\"image\":{\"@id\":\"https:\/\/noticiaempauta.com\/portal\/cacadores-sao-presos-dentro-do-parque-nacional-da-serra-da-capivara-no-piaui-com-animais-silvestres-e-armas\/#primaryimage\"},\"thumbnailUrl\":\"https:\/\/noticiaempauta.com\/portal\/wp-content\/uploads\/2024\/08\/whatsapp-image-2024-08-27-at-10-35-04-1724765727.jpeg\",\"keywords\":[\"destaqueprincipal\"],\"articleSection\":[\"Destaques\",\"Geral\",\"Munic\u00edpios\",\"Pol\u00edcia\",\"Todas as Not\u00edcias\"],\"inLanguage\":\"pt-BR\",\"potentialAction\":[{\"@type\":\"CommentAction\",\"name\":\"Comment\",\"target\":[\"https:\/\/noticiaempauta.com\/portal\/cacadores-sao-presos-dentro-do-parque-nacional-da-serra-da-capivara-no-piaui-com-animais-silvestres-e-armas\/#respond\"]}]},{\"@type\":\"WebPage\",\"@id\":\"https:\/\/noticiaempauta.com\/portal\/cacadores-sao-presos-dentro-do-parque-nacional-da-serra-da-capivara-no-piaui-com-animais-silvestres-e-armas\/\",\"url\":\"https:\/\/noticiaempauta.com\/portal\/cacadores-sao-presos-dentro-do-parque-nacional-da-serra-da-capivara-no-piaui-com-animais-silvestres-e-armas\/\",\"name\":\"Ca\u00e7adores s\u00e3o presos dentro do Parque Nacional da Serra da Capivara, no Piau\u00ed, com animais silvestres e armas - Portal Not\u00edcia em Pauta\",\"isPartOf\":{\"@id\":\"https:\/\/noticiaempauta.com\/portal\/#website\"},\"primaryImageOfPage\":{\"@id\":\"https:\/\/noticiaempauta.com\/portal\/cacadores-sao-presos-dentro-do-parque-nacional-da-serra-da-capivara-no-piaui-com-animais-silvestres-e-armas\/#primaryimage\"},\"image\":{\"@id\":\"https:\/\/noticiaempauta.com\/portal\/cacadores-sao-presos-dentro-do-parque-nacional-da-serra-da-capivara-no-piaui-com-animais-silvestres-e-armas\/#primaryimage\"},\"thumbnailUrl\":\"https:\/\/noticiaempauta.com\/portal\/wp-content\/uploads\/2024\/08\/whatsapp-image-2024-08-27-at-10-35-04-1724765727.jpeg\",\"datePublished\":\"2024-08-28T11:51:39+00:00\",\"dateModified\":\"2024-08-28T11:51:40+00:00\",\"breadcrumb\":{\"@id\":\"https:\/\/noticiaempauta.com\/portal\/cacadores-sao-presos-dentro-do-parque-nacional-da-serra-da-capivara-no-piaui-com-animais-silvestres-e-armas\/#breadcrumb\"},\"inLanguage\":\"pt-BR\",\"potentialAction\":[{\"@type\":\"ReadAction\",\"target\":[\"https:\/\/noticiaempauta.com\/portal\/cacadores-sao-presos-dentro-do-parque-nacional-da-serra-da-capivara-no-piaui-com-animais-silvestres-e-armas\/\"]}]},{\"@type\":\"ImageObject\",\"inLanguage\":\"pt-BR\",\"@id\":\"https:\/\/noticiaempauta.com\/portal\/cacadores-sao-presos-dentro-do-parque-nacional-da-serra-da-capivara-no-piaui-com-animais-silvestres-e-armas\/#primaryimage\",\"url\":\"https:\/\/noticiaempauta.com\/portal\/wp-content\/uploads\/2024\/08\/whatsapp-image-2024-08-27-at-10-35-04-1724765727.jpeg\",\"contentUrl\":\"https:\/\/noticiaempauta.com\/portal\/wp-content\/uploads\/2024\/08\/whatsapp-image-2024-08-27-at-10-35-04-1724765727.jpeg\",\"width\":1080,\"height\":623},{\"@type\":\"BreadcrumbList\",\"@id\":\"https:\/\/noticiaempauta.com\/portal\/cacadores-sao-presos-dentro-do-parque-nacional-da-serra-da-capivara-no-piaui-com-animais-silvestres-e-armas\/#breadcrumb\",\"itemListElement\":[{\"@type\":\"ListItem\",\"position\":1,\"name\":\"P\u00e1gina Inicial\",\"item\":\"https:\/\/noticiaempauta.com\/portal\/\"},{\"@type\":\"ListItem\",\"position\":2,\"name\":\"Destaques\",\"item\":\"https:\/\/noticiaempauta.com\/portal\/destaques-site\/\"},{\"@type\":\"ListItem\",\"position\":3,\"name\":\"Ca\u00e7adores s\u00e3o presos dentro do Parque Nacional da Serra da Capivara, no Piau\u00ed, com animais silvestres e armas\"}]},{\"@type\":\"WebSite\",\"@id\":\"https:\/\/noticiaempauta.com\/portal\/#website\",\"url\":\"https:\/\/noticiaempauta.com\/portal\/\",\"name\":\"Portal Not\u00edcia em Pauta\",\"description\":\"Voc\u00ea bem informado\",\"publisher\":{\"@id\":\"https:\/\/noticiaempauta.com\/portal\/#organization\"},\"potentialAction\":[{\"@type\":\"SearchAction\",\"target\":{\"@type\":\"EntryPoint\",\"urlTemplate\":\"https:\/\/noticiaempauta.com\/portal\/?s={search_term_string}\"},\"query-input\":{\"@type\":\"PropertyValueSpecification\",\"valueRequired\":true,\"valueName\":\"search_term_string\"}}],\"inLanguage\":\"pt-BR\"},{\"@type\":\"Organization\",\"@id\":\"https:\/\/noticiaempauta.com\/portal\/#organization\",\"name\":\"Portal Not\u00edcia em Pauta\",\"url\":\"https:\/\/noticiaempauta.com\/portal\/\",\"logo\":{\"@type\":\"ImageObject\",\"inLanguage\":\"pt-BR\",\"@id\":\"https:\/\/noticiaempauta.com\/portal\/#\/schema\/logo\/image\/\",\"url\":\"https:\/\/noticiaempauta.com\/portal\/wp-content\/uploads\/2022\/08\/logomarca_tema.fw_.png\",\"contentUrl\":\"https:\/\/noticiaempauta.com\/portal\/wp-content\/uploads\/2022\/08\/logomarca_tema.fw_.png\",\"width\":400,\"height\":232,\"caption\":\"Portal Not\u00edcia em Pauta\"},\"image\":{\"@id\":\"https:\/\/noticiaempauta.com\/portal\/#\/schema\/logo\/image\/\"},\"sameAs\":[\"https:\/\/www.facebook.com\/Portal-Notcia-Em-Pauta-102292869264820\/\",\"https:\/\/www.instagram.com\/portalnoticiaempauta\/\"]},{\"@type\":\"Person\",\"@id\":\"https:\/\/noticiaempauta.com\/portal\/#\/schema\/person\/a74af43dd1ab3deca45f988c717d57ac\",\"name\":\"Reda\u00e7\u00e3o\",\"image\":{\"@type\":\"ImageObject\",\"inLanguage\":\"pt-BR\",\"@id\":\"https:\/\/noticiaempauta.com\/portal\/#\/schema\/person\/image\/\",\"url\":\"https:\/\/secure.gravatar.com\/avatar\/03179346ecce6cdfc13361603e8f54242a90e5cde8618fa23c5c00aa2b0aadf3?s=96&d=mm&r=g\",\"contentUrl\":\"https:\/\/secure.gravatar.com\/avatar\/03179346ecce6cdfc13361603e8f54242a90e5cde8618fa23c5c00aa2b0aadf3?s=96&d=mm&r=g\",\"caption\":\"Reda\u00e7\u00e3o\"},\"sameAs\":[\"https:\/\/noticiaempauta.com\/portal\/\"],\"url\":\"https:\/\/noticiaempauta.com\/portal\/author\/fernando\/\"}]}<\/script>\n<!-- \/ Yoast SEO Premium plugin. -->","yoast_head_json":{"title":"Ca\u00e7adores s\u00e3o presos dentro do Parque Nacional da Serra da Capivara, no Piau\u00ed, com animais silvestres e armas - Portal Not\u00edcia em Pauta","robots":{"index":"index","follow":"follow","max-snippet":"max-snippet:-1","max-image-preview":"max-image-preview:large","max-video-preview":"max-video-preview:-1"},"canonical":"https:\/\/noticiaempauta.com\/portal\/cacadores-sao-presos-dentro-do-parque-nacional-da-serra-da-capivara-no-piaui-com-animais-silvestres-e-armas\/","og_locale":"pt_BR","og_type":"article","og_title":"Ca\u00e7adores s\u00e3o presos dentro do Parque Nacional da Serra da Capivara, no Piau\u00ed, com animais silvestres e armas","og_description":"Os policias avistaram dois indiv\u00edduos na mata, eles tentaram fugir, mas foram alcan\u00e7ados e presos.","og_url":"https:\/\/noticiaempauta.com\/portal\/cacadores-sao-presos-dentro-do-parque-nacional-da-serra-da-capivara-no-piaui-com-animais-silvestres-e-armas\/","og_site_name":"Portal Not\u00edcia em Pauta","article_publisher":"https:\/\/www.facebook.com\/Portal-Notcia-Em-Pauta-102292869264820\/","article_published_time":"2024-08-28T11:51:39+00:00","article_modified_time":"2024-08-28T11:51:40+00:00","og_image":[{"width":1080,"height":623,"url":"https:\/\/noticiaempauta.com\/portal\/wp-content\/uploads\/2024\/08\/whatsapp-image-2024-08-27-at-10-35-04-1724765727.jpeg","type":"image\/jpeg"}],"author":"Reda\u00e7\u00e3o","twitter_card":"summary_large_image","twitter_misc":{"Escrito por":"Reda\u00e7\u00e3o","Est. tempo de leitura":"2 minutos"},"schema":{"@context":"https:\/\/schema.org","@graph":[{"@type":"Article","@id":"https:\/\/noticiaempauta.com\/portal\/cacadores-sao-presos-dentro-do-parque-nacional-da-serra-da-capivara-no-piaui-com-animais-silvestres-e-armas\/#article","isPartOf":{"@id":"https:\/\/noticiaempauta.com\/portal\/cacadores-sao-presos-dentro-do-parque-nacional-da-serra-da-capivara-no-piaui-com-animais-silvestres-e-armas\/"},"author":{"name":"Reda\u00e7\u00e3o","@id":"https:\/\/noticiaempauta.com\/portal\/#\/schema\/person\/a74af43dd1ab3deca45f988c717d57ac"},"headline":"Ca\u00e7adores s\u00e3o presos dentro do Parque Nacional da Serra da Capivara, no Piau\u00ed, com animais silvestres e armas","datePublished":"2024-08-28T11:51:39+00:00","dateModified":"2024-08-28T11:51:40+00:00","mainEntityOfPage":{"@id":"https:\/\/noticiaempauta.com\/portal\/cacadores-sao-presos-dentro-do-parque-nacional-da-serra-da-capivara-no-piaui-com-animais-silvestres-e-armas\/"},"wordCount":216,"commentCount":0,"publisher":{"@id":"https:\/\/noticiaempauta.com\/portal\/#organization"},"image":{"@id":"https:\/\/noticiaempauta.com\/portal\/cacadores-sao-presos-dentro-do-parque-nacional-da-serra-da-capivara-no-piaui-com-animais-silvestres-e-armas\/#primaryimage"},"thumbnailUrl":"https:\/\/noticiaempauta.com\/portal\/wp-content\/uploads\/2024\/08\/whatsapp-image-2024-08-27-at-10-35-04-1724765727.jpeg","keywords":["destaqueprincipal"],"articleSection":["Destaques","Geral","Munic\u00edpios","Pol\u00edcia","Todas as Not\u00edcias"],"inLanguage":"pt-BR","potentialAction":[{"@type":"CommentAction","name":"Comment","target":["https:\/\/noticiaempauta.com\/portal\/cacadores-sao-presos-dentro-do-parque-nacional-da-serra-da-capivara-no-piaui-com-animais-silvestres-e-armas\/#respond"]}]},{"@type":"WebPage","@id":"https:\/\/noticiaempauta.com\/portal\/cacadores-sao-presos-dentro-do-parque-nacional-da-serra-da-capivara-no-piaui-com-animais-silvestres-e-armas\/","url":"https:\/\/noticiaempauta.com\/portal\/cacadores-sao-presos-dentro-do-parque-nacional-da-serra-da-capivara-no-piaui-com-animais-silvestres-e-armas\/","name":"Ca\u00e7adores s\u00e3o presos dentro do Parque Nacional da Serra da Capivara, no Piau\u00ed, com animais silvestres e armas - Portal Not\u00edcia em Pauta","isPartOf":{"@id":"https:\/\/noticiaempauta.com\/portal\/#website"},"primaryImageOfPage":{"@id":"https:\/\/noticiaempauta.com\/portal\/cacadores-sao-presos-dentro-do-parque-nacional-da-serra-da-capivara-no-piaui-com-animais-silvestres-e-armas\/#primaryimage"},"image":{"@id":"https:\/\/noticiaempauta.com\/portal\/cacadores-sao-presos-dentro-do-parque-nacional-da-serra-da-capivara-no-piaui-com-animais-silvestres-e-armas\/#primaryimage"},"thumbnailUrl":"https:\/\/noticiaempauta.com\/portal\/wp-content\/uploads\/2024\/08\/whatsapp-image-2024-08-27-at-10-35-04-1724765727.jpeg","datePublished":"2024-08-28T11:51:39+00:00","dateModified":"2024-08-28T11:51:40+00:00","breadcrumb":{"@id":"https:\/\/noticiaempauta.com\/portal\/cacadores-sao-presos-dentro-do-parque-nacional-da-serra-da-capivara-no-piaui-com-animais-silvestres-e-armas\/#breadcrumb"},"inLanguage":"pt-BR","potentialAction":[{"@type":"ReadAction","target":["https:\/\/noticiaempauta.com\/portal\/cacadores-sao-presos-dentro-do-parque-nacional-da-serra-da-capivara-no-piaui-com-animais-silvestres-e-armas\/"]}]},{"@type":"ImageObject","inLanguage":"pt-BR","@id":"https:\/\/noticiaempauta.com\/portal\/cacadores-sao-presos-dentro-do-parque-nacional-da-serra-da-capivara-no-piaui-com-animais-silvestres-e-armas\/#primaryimage","url":"https:\/\/noticiaempauta.com\/portal\/wp-content\/uploads\/2024\/08\/whatsapp-image-2024-08-27-at-10-35-04-1724765727.jpeg","contentUrl":"https:\/\/noticiaempauta.com\/portal\/wp-content\/uploads\/2024\/08\/whatsapp-image-2024-08-27-at-10-35-04-1724765727.jpeg","width":1080,"height":623},{"@type":"BreadcrumbList","@id":"https:\/\/noticiaempauta.com\/portal\/cacadores-sao-presos-dentro-do-parque-nacional-da-serra-da-capivara-no-piaui-com-animais-silvestres-e-armas\/#breadcrumb","itemListElement":[{"@type":"ListItem","position":1,"name":"P\u00e1gina Inicial","item":"https:\/\/noticiaempauta.com\/portal\/"},{"@type":"ListItem","position":2,"name":"Destaques","item":"https:\/\/noticiaempauta.com\/portal\/destaques-site\/"},{"@type":"ListItem","position":3,"name":"Ca\u00e7adores s\u00e3o presos dentro do Parque Nacional da Serra da Capivara, no Piau\u00ed, com animais silvestres e armas"}]},{"@type":"WebSite","@id":"https:\/\/noticiaempauta.com\/portal\/#website","url":"https:\/\/noticiaempauta.com\/portal\/","name":"Portal Not\u00edcia em Pauta","description":"Voc\u00ea bem informado","publisher":{"@id":"https:\/\/noticiaempauta.com\/portal\/#organization"},"potentialAction":[{"@type":"SearchAction","target":{"@type":"EntryPoint","urlTemplate":"https:\/\/noticiaempauta.com\/portal\/?s={search_term_string}"},"query-input":{"@type":"PropertyValueSpecification","valueRequired":true,"valueName":"search_term_string"}}],"inLanguage":"pt-BR"},{"@type":"Organization","@id":"https:\/\/noticiaempauta.com\/portal\/#organization","name":"Portal Not\u00edcia em Pauta","url":"https:\/\/noticiaempauta.com\/portal\/","logo":{"@type":"ImageObject","inLanguage":"pt-BR","@id":"https:\/\/noticiaempauta.com\/portal\/#\/schema\/logo\/image\/","url":"https:\/\/noticiaempauta.com\/portal\/wp-content\/uploads\/2022\/08\/logomarca_tema.fw_.png","contentUrl":"https:\/\/noticiaempauta.com\/portal\/wp-content\/uploads\/2022\/08\/logomarca_tema.fw_.png","width":400,"height":232,"caption":"Portal Not\u00edcia em Pauta"},"image":{"@id":"https:\/\/noticiaempauta.com\/portal\/#\/schema\/logo\/image\/"},"sameAs":["https:\/\/www.facebook.com\/Portal-Notcia-Em-Pauta-102292869264820\/","https:\/\/www.instagram.com\/portalnoticiaempauta\/"]},{"@type":"Person","@id":"https:\/\/noticiaempauta.com\/portal\/#\/schema\/person\/a74af43dd1ab3deca45f988c717d57ac","name":"Reda\u00e7\u00e3o","image":{"@type":"ImageObject","inLanguage":"pt-BR","@id":"https:\/\/noticiaempauta.com\/portal\/#\/schema\/person\/image\/","url":"https:\/\/secure.gravatar.com\/avatar\/03179346ecce6cdfc13361603e8f54242a90e5cde8618fa23c5c00aa2b0aadf3?s=96&d=mm&r=g","contentUrl":"https:\/\/secure.gravatar.com\/avatar\/03179346ecce6cdfc13361603e8f54242a90e5cde8618fa23c5c00aa2b0aadf3?s=96&d=mm&r=g","caption":"Reda\u00e7\u00e3o"},"sameAs":["https:\/\/noticiaempauta.com\/portal\/"],"url":"https:\/\/noticiaempauta.com\/portal\/author\/fernando\/"}]}},"_links":{"self":[{"href":"https:\/\/noticiaempauta.com\/portal\/wp-json\/wp\/v2\/posts\/261585","targetHints":{"allow":["GET"]}}],"collection":[{"href":"https:\/\/noticiaempauta.com\/portal\/wp-json\/wp\/v2\/posts"}],"about":[{"href":"https:\/\/noticiaempauta.com\/portal\/wp-json\/wp\/v2\/types\/post"}],"author":[{"embeddable":true,"href":"https:\/\/noticiaempauta.com\/portal\/wp-json\/wp\/v2\/users\/2"}],"replies":[{"embeddable":true,"href":"https:\/\/noticiaempauta.com\/portal\/wp-json\/wp\/v2\/comments?post=261585"}],"version-history":[{"count":2,"href":"https:\/\/noticiaempauta.com\/portal\/wp-json\/wp\/v2\/posts\/261585\/revisions"}],"predecessor-version":[{"id":261589,"href":"https:\/\/noticiaempauta.com\/portal\/wp-json\/wp\/v2\/posts\/261585\/revisions\/261589"}],"wp:featuredmedia":[{"embeddable":true,"href":"https:\/\/noticiaempauta.com\/portal\/wp-json\/wp\/v2\/media\/261586"}],"wp:attachment":[{"href":"https:\/\/noticiaempauta.com\/portal\/wp-json\/wp\/v2\/media?parent=261585"}],"wp:term":[{"taxonomy":"category","embeddable":true,"href":"https:\/\/noticiaempauta.com\/portal\/wp-json\/wp\/v2\/categories?post=261585"},{"taxonomy":"post_tag","embeddable":true,"href":"https:\/\/noticiaempauta.com\/portal\/wp-json\/wp\/v2\/tags?post=261585"}],"curies":[{"name":"wp","href":"https:\/\/api.w.org\/{rel}","templated":true}]}}