{"id":261593,"date":"2024-08-28T09:12:38","date_gmt":"2024-08-28T12:12:38","guid":{"rendered":"https:\/\/noticiaempauta.com\/portal\/?p=261593"},"modified":"2024-08-28T09:12:38","modified_gmt":"2024-08-28T12:12:38","slug":"medica-picoense-e-acompanhante-morrem-em-capotamento-de-ambulancia-na-br-174-em-boa-vista-ro","status":"publish","type":"post","link":"https:\/\/noticiaempauta.com\/portal\/medica-picoense-e-acompanhante-morrem-em-capotamento-de-ambulancia-na-br-174-em-boa-vista-ro\/","title":{"rendered":"M\u00e9dica picoense e acompanhante morrem em capotamento de ambul\u00e2ncia na BR-174 em Boa Vista-RO"},"content":{"rendered":"\n<p>Uma ambul\u00e2ncia capotou na manh\u00e3 desta ter\u00e7a-feira (27), na BR-174, na altura do O\u00e1sis, na zona rural de Boa Vista &#8211; Roraima, enquanto se deslocava de Pacaraima para a maternidade em Boa Vista. O acidente teve duas mortes e tr\u00eas feridos.<\/p>\n\n\n\n<figure class=\"wp-block-image size-full\"><img fetchpriority=\"high\" decoding=\"async\" width=\"1024\" height=\"768\" src=\"https:\/\/noticiaempauta.com\/portal\/wp-content\/uploads\/2024\/08\/bpJIA8PV-WhatsApp-Image-2024-08-27-at-13.13.14-1024x768-1.webp\" alt=\"\" class=\"wp-image-261594\" srcset=\"https:\/\/noticiaempauta.com\/portal\/wp-content\/uploads\/2024\/08\/bpJIA8PV-WhatsApp-Image-2024-08-27-at-13.13.14-1024x768-1.webp 1024w, https:\/\/noticiaempauta.com\/portal\/wp-content\/uploads\/2024\/08\/bpJIA8PV-WhatsApp-Image-2024-08-27-at-13.13.14-1024x768-1-300x225.webp 300w, https:\/\/noticiaempauta.com\/portal\/wp-content\/uploads\/2024\/08\/bpJIA8PV-WhatsApp-Image-2024-08-27-at-13.13.14-1024x768-1-768x576.webp 768w\" sizes=\"(max-width: 1024px) 100vw, 1024px\" \/><figcaption class=\"wp-element-caption\">(Foto: Reprodu\u00e7\u00e3o)<\/figcaption><\/figure>\n\n\n\n<p>Segundo a Sesau (Secretaria de Sa\u00fade), o ve\u00edculo transportava uma gr\u00e1vida de nacionalidade venezuelana, sua acompanhante, uma m\u00e9dica, uma enfermeira e o motorista.<\/p>\n\n\n\n<p>A acompanhante da paciente n\u00e3o resistiu aos ferimentos e veio a \u00f3bito no local. A m\u00e9dica, identificada como Aline Portela, que atuava no Hospital D\u00e9lio Tupinamb\u00e1, morreu no pronto socorro do HGR (Hospital de Roraima), conforme a Sesau.<\/p>\n\n\n\n<p>Tamb\u00e9m de acordo com a Sesau, o motorista e a enfermeira est\u00e3o recebendo atendimento m\u00e9dico no HGR e a gestante foi encaminhada \u00e0 maternidade, onde se encontra no Centro Cir\u00fargico para realiza\u00e7\u00e3o de parto ces\u00e1rio.<\/p>\n\n\n\n<figure class=\"wp-block-image size-large\"><img decoding=\"async\" width=\"676\" height=\"1024\" src=\"https:\/\/noticiaempauta.com\/portal\/wp-content\/uploads\/2024\/08\/005ecf1d31ebb26468529d98af03de23-676x1024.webp\" alt=\"\" class=\"wp-image-261595\" srcset=\"https:\/\/noticiaempauta.com\/portal\/wp-content\/uploads\/2024\/08\/005ecf1d31ebb26468529d98af03de23-676x1024.webp 676w, https:\/\/noticiaempauta.com\/portal\/wp-content\/uploads\/2024\/08\/005ecf1d31ebb26468529d98af03de23-198x300.webp 198w, https:\/\/noticiaempauta.com\/portal\/wp-content\/uploads\/2024\/08\/005ecf1d31ebb26468529d98af03de23-768x1164.webp 768w, https:\/\/noticiaempauta.com\/portal\/wp-content\/uploads\/2024\/08\/005ecf1d31ebb26468529d98af03de23.webp 790w\" sizes=\"(max-width: 676px) 100vw, 676px\" \/><\/figure>\n\n\n\n<p>Aline Portela Barros era m\u00e9dica cl\u00ednica geral em Boa Vista, e atuava na Estrat\u00e9gia de Sa\u00fade da Fam\u00edlia. A mesma saiu de Picos para morar em Roraima para cursar Medicina na Universidade Federal de Roraima. Ap\u00f3s concluir os estudos, continuou a morar em Boa Vista, onde passou a trabalhar. A fam\u00edlia de Aline, em Picos, reside no bairro Umari. Ainda n\u00e3o se tem informa\u00e7\u00f5es sobre o vel\u00f3rio.<\/p>\n\n\n\n<p><strong><em>Fonte: Cidade Verde e FolhaBV<\/em><\/strong><\/p>\n","protected":false},"excerpt":{"rendered":"<p>Uma ambul\u00e2ncia capotou na manh\u00e3 desta ter\u00e7a-feira (27), na BR-174, na altura do O\u00e1sis, na zona rural de Boa Vista &#8211; Roraima, enquanto se deslocava de Pacaraima para a maternidade em Boa Vista. O acidente teve duas mortes e tr\u00eas feridos. Segundo a Sesau (Secretaria de Sa\u00fade), o ve\u00edculo transportava uma gr\u00e1vida de nacionalidade venezuelana, [&hellip;]<\/p>\n","protected":false},"author":2,"featured_media":261594,"comment_status":"open","ping_status":"open","sticky":false,"template":"","format":"standard","meta":{"_mi_skip_tracking":false,"footnotes":""},"categories":[25,1,16],"tags":[192],"class_list":["post-261593","post","type-post","status-publish","format-standard","has-post-thumbnail","hentry","category-destaques-site","category-geral","category-todas","tag-destaqueprincipal"],"acf":[],"yoast_head":"<!-- This site is optimized with the Yoast SEO Premium plugin v19.2 (Yoast SEO v26.9) - https:\/\/yoast.com\/product\/yoast-seo-premium-wordpress\/ -->\n<title>M\u00e9dica picoense e acompanhante morrem em capotamento de ambul\u00e2ncia na BR-174 em Boa Vista-RO - Portal Not\u00edcia em Pauta<\/title>\n<meta name=\"robots\" content=\"index, follow, max-snippet:-1, max-image-preview:large, max-video-preview:-1\" \/>\n<link rel=\"canonical\" href=\"https:\/\/noticiaempauta.com\/portal\/medica-picoense-e-acompanhante-morrem-em-capotamento-de-ambulancia-na-br-174-em-boa-vista-ro\/\" \/>\n<meta property=\"og:locale\" content=\"pt_BR\" \/>\n<meta property=\"og:type\" content=\"article\" \/>\n<meta property=\"og:title\" content=\"M\u00e9dica picoense e acompanhante morrem em capotamento de ambul\u00e2ncia na BR-174 em Boa Vista-RO\" \/>\n<meta property=\"og:description\" content=\"Uma ambul\u00e2ncia capotou na manh\u00e3 desta ter\u00e7a-feira (27), na BR-174, na altura do O\u00e1sis, na zona rural de Boa Vista &#8211; Roraima, enquanto se deslocava de Pacaraima para a maternidade em Boa Vista. O acidente teve duas mortes e tr\u00eas feridos. Segundo a Sesau (Secretaria de Sa\u00fade), o ve\u00edculo transportava uma gr\u00e1vida de nacionalidade venezuelana, [&hellip;]\" \/>\n<meta property=\"og:url\" content=\"https:\/\/noticiaempauta.com\/portal\/medica-picoense-e-acompanhante-morrem-em-capotamento-de-ambulancia-na-br-174-em-boa-vista-ro\/\" \/>\n<meta property=\"og:site_name\" content=\"Portal Not\u00edcia em Pauta\" \/>\n<meta property=\"article:publisher\" content=\"https:\/\/www.facebook.com\/Portal-Notcia-Em-Pauta-102292869264820\/\" \/>\n<meta property=\"article:published_time\" content=\"2024-08-28T12:12:38+00:00\" \/>\n<meta property=\"og:image\" content=\"https:\/\/noticiaempauta.com\/portal\/wp-content\/uploads\/2024\/08\/bpJIA8PV-WhatsApp-Image-2024-08-27-at-13.13.14-1024x768-1.webp\" \/>\n\t<meta property=\"og:image:width\" content=\"1024\" \/>\n\t<meta property=\"og:image:height\" content=\"768\" \/>\n\t<meta property=\"og:image:type\" content=\"image\/webp\" \/>\n<meta name=\"author\" content=\"Reda\u00e7\u00e3o\" \/>\n<meta name=\"twitter:card\" content=\"summary_large_image\" \/>\n<meta name=\"twitter:label1\" content=\"Escrito por\" \/>\n\t<meta name=\"twitter:data1\" content=\"Reda\u00e7\u00e3o\" \/>\n\t<meta name=\"twitter:label2\" content=\"Est. tempo de leitura\" \/>\n\t<meta name=\"twitter:data2\" content=\"2 minutos\" \/>\n<script type=\"application\/ld+json\" class=\"yoast-schema-graph\">{\"@context\":\"https:\/\/schema.org\",\"@graph\":[{\"@type\":\"Article\",\"@id\":\"https:\/\/noticiaempauta.com\/portal\/medica-picoense-e-acompanhante-morrem-em-capotamento-de-ambulancia-na-br-174-em-boa-vista-ro\/#article\",\"isPartOf\":{\"@id\":\"https:\/\/noticiaempauta.com\/portal\/medica-picoense-e-acompanhante-morrem-em-capotamento-de-ambulancia-na-br-174-em-boa-vista-ro\/\"},\"author\":{\"name\":\"Reda\u00e7\u00e3o\",\"@id\":\"https:\/\/noticiaempauta.com\/portal\/#\/schema\/person\/a74af43dd1ab3deca45f988c717d57ac\"},\"headline\":\"M\u00e9dica picoense e acompanhante morrem em capotamento de ambul\u00e2ncia na BR-174 em Boa Vista-RO\",\"datePublished\":\"2024-08-28T12:12:38+00:00\",\"mainEntityOfPage\":{\"@id\":\"https:\/\/noticiaempauta.com\/portal\/medica-picoense-e-acompanhante-morrem-em-capotamento-de-ambulancia-na-br-174-em-boa-vista-ro\/\"},\"wordCount\":253,\"commentCount\":0,\"publisher\":{\"@id\":\"https:\/\/noticiaempauta.com\/portal\/#organization\"},\"image\":{\"@id\":\"https:\/\/noticiaempauta.com\/portal\/medica-picoense-e-acompanhante-morrem-em-capotamento-de-ambulancia-na-br-174-em-boa-vista-ro\/#primaryimage\"},\"thumbnailUrl\":\"https:\/\/noticiaempauta.com\/portal\/wp-content\/uploads\/2024\/08\/bpJIA8PV-WhatsApp-Image-2024-08-27-at-13.13.14-1024x768-1.webp\",\"keywords\":[\"destaqueprincipal\"],\"articleSection\":[\"Destaques\",\"Geral\",\"Todas as Not\u00edcias\"],\"inLanguage\":\"pt-BR\",\"potentialAction\":[{\"@type\":\"CommentAction\",\"name\":\"Comment\",\"target\":[\"https:\/\/noticiaempauta.com\/portal\/medica-picoense-e-acompanhante-morrem-em-capotamento-de-ambulancia-na-br-174-em-boa-vista-ro\/#respond\"]}]},{\"@type\":\"WebPage\",\"@id\":\"https:\/\/noticiaempauta.com\/portal\/medica-picoense-e-acompanhante-morrem-em-capotamento-de-ambulancia-na-br-174-em-boa-vista-ro\/\",\"url\":\"https:\/\/noticiaempauta.com\/portal\/medica-picoense-e-acompanhante-morrem-em-capotamento-de-ambulancia-na-br-174-em-boa-vista-ro\/\",\"name\":\"M\u00e9dica picoense e acompanhante morrem em capotamento de ambul\u00e2ncia na BR-174 em Boa Vista-RO - Portal Not\u00edcia em Pauta\",\"isPartOf\":{\"@id\":\"https:\/\/noticiaempauta.com\/portal\/#website\"},\"primaryImageOfPage\":{\"@id\":\"https:\/\/noticiaempauta.com\/portal\/medica-picoense-e-acompanhante-morrem-em-capotamento-de-ambulancia-na-br-174-em-boa-vista-ro\/#primaryimage\"},\"image\":{\"@id\":\"https:\/\/noticiaempauta.com\/portal\/medica-picoense-e-acompanhante-morrem-em-capotamento-de-ambulancia-na-br-174-em-boa-vista-ro\/#primaryimage\"},\"thumbnailUrl\":\"https:\/\/noticiaempauta.com\/portal\/wp-content\/uploads\/2024\/08\/bpJIA8PV-WhatsApp-Image-2024-08-27-at-13.13.14-1024x768-1.webp\",\"datePublished\":\"2024-08-28T12:12:38+00:00\",\"breadcrumb\":{\"@id\":\"https:\/\/noticiaempauta.com\/portal\/medica-picoense-e-acompanhante-morrem-em-capotamento-de-ambulancia-na-br-174-em-boa-vista-ro\/#breadcrumb\"},\"inLanguage\":\"pt-BR\",\"potentialAction\":[{\"@type\":\"ReadAction\",\"target\":[\"https:\/\/noticiaempauta.com\/portal\/medica-picoense-e-acompanhante-morrem-em-capotamento-de-ambulancia-na-br-174-em-boa-vista-ro\/\"]}]},{\"@type\":\"ImageObject\",\"inLanguage\":\"pt-BR\",\"@id\":\"https:\/\/noticiaempauta.com\/portal\/medica-picoense-e-acompanhante-morrem-em-capotamento-de-ambulancia-na-br-174-em-boa-vista-ro\/#primaryimage\",\"url\":\"https:\/\/noticiaempauta.com\/portal\/wp-content\/uploads\/2024\/08\/bpJIA8PV-WhatsApp-Image-2024-08-27-at-13.13.14-1024x768-1.webp\",\"contentUrl\":\"https:\/\/noticiaempauta.com\/portal\/wp-content\/uploads\/2024\/08\/bpJIA8PV-WhatsApp-Image-2024-08-27-at-13.13.14-1024x768-1.webp\",\"width\":1024,\"height\":768},{\"@type\":\"BreadcrumbList\",\"@id\":\"https:\/\/noticiaempauta.com\/portal\/medica-picoense-e-acompanhante-morrem-em-capotamento-de-ambulancia-na-br-174-em-boa-vista-ro\/#breadcrumb\",\"itemListElement\":[{\"@type\":\"ListItem\",\"position\":1,\"name\":\"P\u00e1gina Inicial\",\"item\":\"https:\/\/noticiaempauta.com\/portal\/\"},{\"@type\":\"ListItem\",\"position\":2,\"name\":\"Destaques\",\"item\":\"https:\/\/noticiaempauta.com\/portal\/destaques-site\/\"},{\"@type\":\"ListItem\",\"position\":3,\"name\":\"M\u00e9dica picoense e acompanhante morrem em capotamento de ambul\u00e2ncia na BR-174 em Boa Vista-RO\"}]},{\"@type\":\"WebSite\",\"@id\":\"https:\/\/noticiaempauta.com\/portal\/#website\",\"url\":\"https:\/\/noticiaempauta.com\/portal\/\",\"name\":\"Portal Not\u00edcia em Pauta\",\"description\":\"Voc\u00ea bem informado\",\"publisher\":{\"@id\":\"https:\/\/noticiaempauta.com\/portal\/#organization\"},\"potentialAction\":[{\"@type\":\"SearchAction\",\"target\":{\"@type\":\"EntryPoint\",\"urlTemplate\":\"https:\/\/noticiaempauta.com\/portal\/?s={search_term_string}\"},\"query-input\":{\"@type\":\"PropertyValueSpecification\",\"valueRequired\":true,\"valueName\":\"search_term_string\"}}],\"inLanguage\":\"pt-BR\"},{\"@type\":\"Organization\",\"@id\":\"https:\/\/noticiaempauta.com\/portal\/#organization\",\"name\":\"Portal Not\u00edcia em Pauta\",\"url\":\"https:\/\/noticiaempauta.com\/portal\/\",\"logo\":{\"@type\":\"ImageObject\",\"inLanguage\":\"pt-BR\",\"@id\":\"https:\/\/noticiaempauta.com\/portal\/#\/schema\/logo\/image\/\",\"url\":\"https:\/\/noticiaempauta.com\/portal\/wp-content\/uploads\/2022\/08\/logomarca_tema.fw_.png\",\"contentUrl\":\"https:\/\/noticiaempauta.com\/portal\/wp-content\/uploads\/2022\/08\/logomarca_tema.fw_.png\",\"width\":400,\"height\":232,\"caption\":\"Portal Not\u00edcia em Pauta\"},\"image\":{\"@id\":\"https:\/\/noticiaempauta.com\/portal\/#\/schema\/logo\/image\/\"},\"sameAs\":[\"https:\/\/www.facebook.com\/Portal-Notcia-Em-Pauta-102292869264820\/\",\"https:\/\/www.instagram.com\/portalnoticiaempauta\/\"]},{\"@type\":\"Person\",\"@id\":\"https:\/\/noticiaempauta.com\/portal\/#\/schema\/person\/a74af43dd1ab3deca45f988c717d57ac\",\"name\":\"Reda\u00e7\u00e3o\",\"image\":{\"@type\":\"ImageObject\",\"inLanguage\":\"pt-BR\",\"@id\":\"https:\/\/noticiaempauta.com\/portal\/#\/schema\/person\/image\/\",\"url\":\"https:\/\/secure.gravatar.com\/avatar\/03179346ecce6cdfc13361603e8f54242a90e5cde8618fa23c5c00aa2b0aadf3?s=96&d=mm&r=g\",\"contentUrl\":\"https:\/\/secure.gravatar.com\/avatar\/03179346ecce6cdfc13361603e8f54242a90e5cde8618fa23c5c00aa2b0aadf3?s=96&d=mm&r=g\",\"caption\":\"Reda\u00e7\u00e3o\"},\"sameAs\":[\"https:\/\/noticiaempauta.com\/portal\/\"],\"url\":\"https:\/\/noticiaempauta.com\/portal\/author\/fernando\/\"}]}<\/script>\n<!-- \/ Yoast SEO Premium plugin. -->","yoast_head_json":{"title":"M\u00e9dica picoense e acompanhante morrem em capotamento de ambul\u00e2ncia na BR-174 em Boa Vista-RO - Portal Not\u00edcia em Pauta","robots":{"index":"index","follow":"follow","max-snippet":"max-snippet:-1","max-image-preview":"max-image-preview:large","max-video-preview":"max-video-preview:-1"},"canonical":"https:\/\/noticiaempauta.com\/portal\/medica-picoense-e-acompanhante-morrem-em-capotamento-de-ambulancia-na-br-174-em-boa-vista-ro\/","og_locale":"pt_BR","og_type":"article","og_title":"M\u00e9dica picoense e acompanhante morrem em capotamento de ambul\u00e2ncia na BR-174 em Boa Vista-RO","og_description":"Uma ambul\u00e2ncia capotou na manh\u00e3 desta ter\u00e7a-feira (27), na BR-174, na altura do O\u00e1sis, na zona rural de Boa Vista &#8211; Roraima, enquanto se deslocava de Pacaraima para a maternidade em Boa Vista. O acidente teve duas mortes e tr\u00eas feridos. Segundo a Sesau (Secretaria de Sa\u00fade), o ve\u00edculo transportava uma gr\u00e1vida de nacionalidade venezuelana, [&hellip;]","og_url":"https:\/\/noticiaempauta.com\/portal\/medica-picoense-e-acompanhante-morrem-em-capotamento-de-ambulancia-na-br-174-em-boa-vista-ro\/","og_site_name":"Portal Not\u00edcia em Pauta","article_publisher":"https:\/\/www.facebook.com\/Portal-Notcia-Em-Pauta-102292869264820\/","article_published_time":"2024-08-28T12:12:38+00:00","og_image":[{"width":1024,"height":768,"url":"https:\/\/noticiaempauta.com\/portal\/wp-content\/uploads\/2024\/08\/bpJIA8PV-WhatsApp-Image-2024-08-27-at-13.13.14-1024x768-1.webp","type":"image\/webp"}],"author":"Reda\u00e7\u00e3o","twitter_card":"summary_large_image","twitter_misc":{"Escrito por":"Reda\u00e7\u00e3o","Est. tempo de leitura":"2 minutos"},"schema":{"@context":"https:\/\/schema.org","@graph":[{"@type":"Article","@id":"https:\/\/noticiaempauta.com\/portal\/medica-picoense-e-acompanhante-morrem-em-capotamento-de-ambulancia-na-br-174-em-boa-vista-ro\/#article","isPartOf":{"@id":"https:\/\/noticiaempauta.com\/portal\/medica-picoense-e-acompanhante-morrem-em-capotamento-de-ambulancia-na-br-174-em-boa-vista-ro\/"},"author":{"name":"Reda\u00e7\u00e3o","@id":"https:\/\/noticiaempauta.com\/portal\/#\/schema\/person\/a74af43dd1ab3deca45f988c717d57ac"},"headline":"M\u00e9dica picoense e acompanhante morrem em capotamento de ambul\u00e2ncia na BR-174 em Boa Vista-RO","datePublished":"2024-08-28T12:12:38+00:00","mainEntityOfPage":{"@id":"https:\/\/noticiaempauta.com\/portal\/medica-picoense-e-acompanhante-morrem-em-capotamento-de-ambulancia-na-br-174-em-boa-vista-ro\/"},"wordCount":253,"commentCount":0,"publisher":{"@id":"https:\/\/noticiaempauta.com\/portal\/#organization"},"image":{"@id":"https:\/\/noticiaempauta.com\/portal\/medica-picoense-e-acompanhante-morrem-em-capotamento-de-ambulancia-na-br-174-em-boa-vista-ro\/#primaryimage"},"thumbnailUrl":"https:\/\/noticiaempauta.com\/portal\/wp-content\/uploads\/2024\/08\/bpJIA8PV-WhatsApp-Image-2024-08-27-at-13.13.14-1024x768-1.webp","keywords":["destaqueprincipal"],"articleSection":["Destaques","Geral","Todas as Not\u00edcias"],"inLanguage":"pt-BR","potentialAction":[{"@type":"CommentAction","name":"Comment","target":["https:\/\/noticiaempauta.com\/portal\/medica-picoense-e-acompanhante-morrem-em-capotamento-de-ambulancia-na-br-174-em-boa-vista-ro\/#respond"]}]},{"@type":"WebPage","@id":"https:\/\/noticiaempauta.com\/portal\/medica-picoense-e-acompanhante-morrem-em-capotamento-de-ambulancia-na-br-174-em-boa-vista-ro\/","url":"https:\/\/noticiaempauta.com\/portal\/medica-picoense-e-acompanhante-morrem-em-capotamento-de-ambulancia-na-br-174-em-boa-vista-ro\/","name":"M\u00e9dica picoense e acompanhante morrem em capotamento de ambul\u00e2ncia na BR-174 em Boa Vista-RO - Portal Not\u00edcia em Pauta","isPartOf":{"@id":"https:\/\/noticiaempauta.com\/portal\/#website"},"primaryImageOfPage":{"@id":"https:\/\/noticiaempauta.com\/portal\/medica-picoense-e-acompanhante-morrem-em-capotamento-de-ambulancia-na-br-174-em-boa-vista-ro\/#primaryimage"},"image":{"@id":"https:\/\/noticiaempauta.com\/portal\/medica-picoense-e-acompanhante-morrem-em-capotamento-de-ambulancia-na-br-174-em-boa-vista-ro\/#primaryimage"},"thumbnailUrl":"https:\/\/noticiaempauta.com\/portal\/wp-content\/uploads\/2024\/08\/bpJIA8PV-WhatsApp-Image-2024-08-27-at-13.13.14-1024x768-1.webp","datePublished":"2024-08-28T12:12:38+00:00","breadcrumb":{"@id":"https:\/\/noticiaempauta.com\/portal\/medica-picoense-e-acompanhante-morrem-em-capotamento-de-ambulancia-na-br-174-em-boa-vista-ro\/#breadcrumb"},"inLanguage":"pt-BR","potentialAction":[{"@type":"ReadAction","target":["https:\/\/noticiaempauta.com\/portal\/medica-picoense-e-acompanhante-morrem-em-capotamento-de-ambulancia-na-br-174-em-boa-vista-ro\/"]}]},{"@type":"ImageObject","inLanguage":"pt-BR","@id":"https:\/\/noticiaempauta.com\/portal\/medica-picoense-e-acompanhante-morrem-em-capotamento-de-ambulancia-na-br-174-em-boa-vista-ro\/#primaryimage","url":"https:\/\/noticiaempauta.com\/portal\/wp-content\/uploads\/2024\/08\/bpJIA8PV-WhatsApp-Image-2024-08-27-at-13.13.14-1024x768-1.webp","contentUrl":"https:\/\/noticiaempauta.com\/portal\/wp-content\/uploads\/2024\/08\/bpJIA8PV-WhatsApp-Image-2024-08-27-at-13.13.14-1024x768-1.webp","width":1024,"height":768},{"@type":"BreadcrumbList","@id":"https:\/\/noticiaempauta.com\/portal\/medica-picoense-e-acompanhante-morrem-em-capotamento-de-ambulancia-na-br-174-em-boa-vista-ro\/#breadcrumb","itemListElement":[{"@type":"ListItem","position":1,"name":"P\u00e1gina Inicial","item":"https:\/\/noticiaempauta.com\/portal\/"},{"@type":"ListItem","position":2,"name":"Destaques","item":"https:\/\/noticiaempauta.com\/portal\/destaques-site\/"},{"@type":"ListItem","position":3,"name":"M\u00e9dica picoense e acompanhante morrem em capotamento de ambul\u00e2ncia na BR-174 em Boa Vista-RO"}]},{"@type":"WebSite","@id":"https:\/\/noticiaempauta.com\/portal\/#website","url":"https:\/\/noticiaempauta.com\/portal\/","name":"Portal Not\u00edcia em Pauta","description":"Voc\u00ea bem informado","publisher":{"@id":"https:\/\/noticiaempauta.com\/portal\/#organization"},"potentialAction":[{"@type":"SearchAction","target":{"@type":"EntryPoint","urlTemplate":"https:\/\/noticiaempauta.com\/portal\/?s={search_term_string}"},"query-input":{"@type":"PropertyValueSpecification","valueRequired":true,"valueName":"search_term_string"}}],"inLanguage":"pt-BR"},{"@type":"Organization","@id":"https:\/\/noticiaempauta.com\/portal\/#organization","name":"Portal Not\u00edcia em Pauta","url":"https:\/\/noticiaempauta.com\/portal\/","logo":{"@type":"ImageObject","inLanguage":"pt-BR","@id":"https:\/\/noticiaempauta.com\/portal\/#\/schema\/logo\/image\/","url":"https:\/\/noticiaempauta.com\/portal\/wp-content\/uploads\/2022\/08\/logomarca_tema.fw_.png","contentUrl":"https:\/\/noticiaempauta.com\/portal\/wp-content\/uploads\/2022\/08\/logomarca_tema.fw_.png","width":400,"height":232,"caption":"Portal Not\u00edcia em Pauta"},"image":{"@id":"https:\/\/noticiaempauta.com\/portal\/#\/schema\/logo\/image\/"},"sameAs":["https:\/\/www.facebook.com\/Portal-Notcia-Em-Pauta-102292869264820\/","https:\/\/www.instagram.com\/portalnoticiaempauta\/"]},{"@type":"Person","@id":"https:\/\/noticiaempauta.com\/portal\/#\/schema\/person\/a74af43dd1ab3deca45f988c717d57ac","name":"Reda\u00e7\u00e3o","image":{"@type":"ImageObject","inLanguage":"pt-BR","@id":"https:\/\/noticiaempauta.com\/portal\/#\/schema\/person\/image\/","url":"https:\/\/secure.gravatar.com\/avatar\/03179346ecce6cdfc13361603e8f54242a90e5cde8618fa23c5c00aa2b0aadf3?s=96&d=mm&r=g","contentUrl":"https:\/\/secure.gravatar.com\/avatar\/03179346ecce6cdfc13361603e8f54242a90e5cde8618fa23c5c00aa2b0aadf3?s=96&d=mm&r=g","caption":"Reda\u00e7\u00e3o"},"sameAs":["https:\/\/noticiaempauta.com\/portal\/"],"url":"https:\/\/noticiaempauta.com\/portal\/author\/fernando\/"}]}},"_links":{"self":[{"href":"https:\/\/noticiaempauta.com\/portal\/wp-json\/wp\/v2\/posts\/261593","targetHints":{"allow":["GET"]}}],"collection":[{"href":"https:\/\/noticiaempauta.com\/portal\/wp-json\/wp\/v2\/posts"}],"about":[{"href":"https:\/\/noticiaempauta.com\/portal\/wp-json\/wp\/v2\/types\/post"}],"author":[{"embeddable":true,"href":"https:\/\/noticiaempauta.com\/portal\/wp-json\/wp\/v2\/users\/2"}],"replies":[{"embeddable":true,"href":"https:\/\/noticiaempauta.com\/portal\/wp-json\/wp\/v2\/comments?post=261593"}],"version-history":[{"count":2,"href":"https:\/\/noticiaempauta.com\/portal\/wp-json\/wp\/v2\/posts\/261593\/revisions"}],"predecessor-version":[{"id":261597,"href":"https:\/\/noticiaempauta.com\/portal\/wp-json\/wp\/v2\/posts\/261593\/revisions\/261597"}],"wp:featuredmedia":[{"embeddable":true,"href":"https:\/\/noticiaempauta.com\/portal\/wp-json\/wp\/v2\/media\/261594"}],"wp:attachment":[{"href":"https:\/\/noticiaempauta.com\/portal\/wp-json\/wp\/v2\/media?parent=261593"}],"wp:term":[{"taxonomy":"category","embeddable":true,"href":"https:\/\/noticiaempauta.com\/portal\/wp-json\/wp\/v2\/categories?post=261593"},{"taxonomy":"post_tag","embeddable":true,"href":"https:\/\/noticiaempauta.com\/portal\/wp-json\/wp\/v2\/tags?post=261593"}],"curies":[{"name":"wp","href":"https:\/\/api.w.org\/{rel}","templated":true}]}}