{"id":261601,"date":"2024-08-28T17:46:04","date_gmt":"2024-08-28T20:46:04","guid":{"rendered":"https:\/\/noticiaempauta.com\/portal\/?p=261601"},"modified":"2024-08-28T18:21:36","modified_gmt":"2024-08-28T21:21:36","slug":"dr-eriberto-barros-promove-encontro-com-liderancas-e-simpatizantes-neste-sabado-31","status":"publish","type":"post","link":"https:\/\/noticiaempauta.com\/portal\/dr-eriberto-barros-promove-encontro-com-liderancas-e-simpatizantes-neste-sabado-31\/","title":{"rendered":"Dr. Eriberto Barros promove encontro com lideran\u00e7as e simpatizantes neste s\u00e1bado (31)"},"content":{"rendered":"\n<p>O vereador e atual presidente da C\u00e2mara Municipal de Picos, Dr. Eriberto Barros (PSD), candidato a reelei\u00e7\u00e3o, ir\u00e1 reunir no pr\u00f3ximo s\u00e1bado, 31 de agosto, \u00e0s 18h no Espa\u00e7o Versalhes, bairro Ema\u00fas, familiares, lideran\u00e7as pol\u00edticas locais e estaduais al\u00e9m de amigos e simpatizantes no evento que tem como tema <strong>\u201c<\/strong> <strong>Encontro da Vit\u00f3ria \u201c,<\/strong> que visa amplo di\u00e1logo com a popula\u00e7\u00e3o al\u00e9m da apresenta\u00e7\u00e3o de propostas e fortalecimento da campanha eleitoral.<\/p>\n\n\n\n<figure class=\"wp-block-image size-full\"><img fetchpriority=\"high\" decoding=\"async\" width=\"719\" height=\"945\" src=\"https:\/\/noticiaempauta.com\/portal\/wp-content\/uploads\/2024\/08\/0c27a41c-6767-4310-b8b7-06cf34188dd9.jpeg\" alt=\"\" class=\"wp-image-261602\" srcset=\"https:\/\/noticiaempauta.com\/portal\/wp-content\/uploads\/2024\/08\/0c27a41c-6767-4310-b8b7-06cf34188dd9.jpeg 719w, https:\/\/noticiaempauta.com\/portal\/wp-content\/uploads\/2024\/08\/0c27a41c-6767-4310-b8b7-06cf34188dd9-228x300.jpeg 228w\" sizes=\"(max-width: 719px) 100vw, 719px\" \/><\/figure>\n\n\n\n<p>Na oportunidade devem marcar presen\u00e7a o candidato a prefeito Dr. Pablo Santos (MDB) e a vice, Xand\u00fa Neri (PSB), os deputados estaduais Thales Coelho e Georgiano Neto, os prefeitos, Erivelto Barros (Bocaina) e Clayton Barros (Paquet\u00e1), os empres\u00e1rios Rs\u00e1 Filho e Araujinho e demais lideran\u00e7as aguardadas para o mega evento.<\/p>\n\n\n\n<p><\/p>\n","protected":false},"excerpt":{"rendered":"<p>O vereador e atual presidente da C\u00e2mara Municipal de Picos, Dr. Eriberto Barros (PSD), candidato a reelei\u00e7\u00e3o, ir\u00e1 reunir no pr\u00f3ximo s\u00e1bado, 31 de agosto, \u00e0s 18h no Espa\u00e7o Versalhes, bairro Ema\u00fas, familiares, lideran\u00e7as pol\u00edticas locais e estaduais al\u00e9m de amigos e simpatizantes no evento que tem como tema \u201c Encontro da Vit\u00f3ria \u201c, que [&hellip;]<\/p>\n","protected":false},"author":2,"featured_media":261603,"comment_status":"open","ping_status":"open","sticky":false,"template":"","format":"standard","meta":{"_mi_skip_tracking":false,"footnotes":""},"categories":[25,1,3,16],"tags":[],"class_list":["post-261601","post","type-post","status-publish","format-standard","has-post-thumbnail","hentry","category-destaques-site","category-geral","category-politica","category-todas"],"acf":[],"yoast_head":"<!-- This site is optimized with the Yoast SEO Premium plugin v19.2 (Yoast SEO v26.9) - https:\/\/yoast.com\/product\/yoast-seo-premium-wordpress\/ -->\n<title>Dr. Eriberto Barros promove encontro com lideran\u00e7as e simpatizantes neste s\u00e1bado (31) - Portal Not\u00edcia em Pauta<\/title>\n<meta name=\"robots\" content=\"index, follow, max-snippet:-1, max-image-preview:large, max-video-preview:-1\" \/>\n<link rel=\"canonical\" href=\"https:\/\/noticiaempauta.com\/portal\/dr-eriberto-barros-promove-encontro-com-liderancas-e-simpatizantes-neste-sabado-31\/\" \/>\n<meta property=\"og:locale\" content=\"pt_BR\" \/>\n<meta property=\"og:type\" content=\"article\" \/>\n<meta property=\"og:title\" content=\"Dr. Eriberto Barros promove encontro com lideran\u00e7as e simpatizantes neste s\u00e1bado (31)\" \/>\n<meta property=\"og:description\" content=\"O vereador e atual presidente da C\u00e2mara Municipal de Picos, Dr. Eriberto Barros (PSD), candidato a reelei\u00e7\u00e3o, ir\u00e1 reunir no pr\u00f3ximo s\u00e1bado, 31 de agosto, \u00e0s 18h no Espa\u00e7o Versalhes, bairro Ema\u00fas, familiares, lideran\u00e7as pol\u00edticas locais e estaduais al\u00e9m de amigos e simpatizantes no evento que tem como tema \u201c Encontro da Vit\u00f3ria \u201c, que [&hellip;]\" \/>\n<meta property=\"og:url\" content=\"https:\/\/noticiaempauta.com\/portal\/dr-eriberto-barros-promove-encontro-com-liderancas-e-simpatizantes-neste-sabado-31\/\" \/>\n<meta property=\"og:site_name\" content=\"Portal Not\u00edcia em Pauta\" \/>\n<meta property=\"article:publisher\" content=\"https:\/\/www.facebook.com\/Portal-Notcia-Em-Pauta-102292869264820\/\" \/>\n<meta property=\"article:published_time\" content=\"2024-08-28T20:46:04+00:00\" \/>\n<meta property=\"article:modified_time\" content=\"2024-08-28T21:21:36+00:00\" \/>\n<meta property=\"og:image\" content=\"https:\/\/noticiaempauta.com\/portal\/wp-content\/uploads\/2024\/08\/IMG_4510.jpeg\" \/>\n\t<meta property=\"og:image:width\" content=\"1062\" \/>\n\t<meta property=\"og:image:height\" content=\"837\" \/>\n\t<meta property=\"og:image:type\" content=\"image\/jpeg\" \/>\n<meta name=\"author\" content=\"Reda\u00e7\u00e3o\" \/>\n<meta name=\"twitter:card\" content=\"summary_large_image\" \/>\n<meta name=\"twitter:label1\" content=\"Escrito por\" \/>\n\t<meta name=\"twitter:data1\" content=\"Reda\u00e7\u00e3o\" \/>\n\t<meta name=\"twitter:label2\" content=\"Est. tempo de leitura\" \/>\n\t<meta name=\"twitter:data2\" content=\"2 minutos\" \/>\n<script type=\"application\/ld+json\" class=\"yoast-schema-graph\">{\"@context\":\"https:\/\/schema.org\",\"@graph\":[{\"@type\":\"Article\",\"@id\":\"https:\/\/noticiaempauta.com\/portal\/dr-eriberto-barros-promove-encontro-com-liderancas-e-simpatizantes-neste-sabado-31\/#article\",\"isPartOf\":{\"@id\":\"https:\/\/noticiaempauta.com\/portal\/dr-eriberto-barros-promove-encontro-com-liderancas-e-simpatizantes-neste-sabado-31\/\"},\"author\":{\"name\":\"Reda\u00e7\u00e3o\",\"@id\":\"https:\/\/noticiaempauta.com\/portal\/#\/schema\/person\/a74af43dd1ab3deca45f988c717d57ac\"},\"headline\":\"Dr. Eriberto Barros promove encontro com lideran\u00e7as e simpatizantes neste s\u00e1bado (31)\",\"datePublished\":\"2024-08-28T20:46:04+00:00\",\"dateModified\":\"2024-08-28T21:21:36+00:00\",\"mainEntityOfPage\":{\"@id\":\"https:\/\/noticiaempauta.com\/portal\/dr-eriberto-barros-promove-encontro-com-liderancas-e-simpatizantes-neste-sabado-31\/\"},\"wordCount\":148,\"commentCount\":0,\"publisher\":{\"@id\":\"https:\/\/noticiaempauta.com\/portal\/#organization\"},\"image\":{\"@id\":\"https:\/\/noticiaempauta.com\/portal\/dr-eriberto-barros-promove-encontro-com-liderancas-e-simpatizantes-neste-sabado-31\/#primaryimage\"},\"thumbnailUrl\":\"https:\/\/noticiaempauta.com\/portal\/wp-content\/uploads\/2024\/08\/IMG_4510.jpeg\",\"articleSection\":[\"Destaques\",\"Geral\",\"Pol\u00edtica\",\"Todas as Not\u00edcias\"],\"inLanguage\":\"pt-BR\",\"potentialAction\":[{\"@type\":\"CommentAction\",\"name\":\"Comment\",\"target\":[\"https:\/\/noticiaempauta.com\/portal\/dr-eriberto-barros-promove-encontro-com-liderancas-e-simpatizantes-neste-sabado-31\/#respond\"]}]},{\"@type\":\"WebPage\",\"@id\":\"https:\/\/noticiaempauta.com\/portal\/dr-eriberto-barros-promove-encontro-com-liderancas-e-simpatizantes-neste-sabado-31\/\",\"url\":\"https:\/\/noticiaempauta.com\/portal\/dr-eriberto-barros-promove-encontro-com-liderancas-e-simpatizantes-neste-sabado-31\/\",\"name\":\"Dr. Eriberto Barros promove encontro com lideran\u00e7as e simpatizantes neste s\u00e1bado (31) - Portal Not\u00edcia em Pauta\",\"isPartOf\":{\"@id\":\"https:\/\/noticiaempauta.com\/portal\/#website\"},\"primaryImageOfPage\":{\"@id\":\"https:\/\/noticiaempauta.com\/portal\/dr-eriberto-barros-promove-encontro-com-liderancas-e-simpatizantes-neste-sabado-31\/#primaryimage\"},\"image\":{\"@id\":\"https:\/\/noticiaempauta.com\/portal\/dr-eriberto-barros-promove-encontro-com-liderancas-e-simpatizantes-neste-sabado-31\/#primaryimage\"},\"thumbnailUrl\":\"https:\/\/noticiaempauta.com\/portal\/wp-content\/uploads\/2024\/08\/IMG_4510.jpeg\",\"datePublished\":\"2024-08-28T20:46:04+00:00\",\"dateModified\":\"2024-08-28T21:21:36+00:00\",\"breadcrumb\":{\"@id\":\"https:\/\/noticiaempauta.com\/portal\/dr-eriberto-barros-promove-encontro-com-liderancas-e-simpatizantes-neste-sabado-31\/#breadcrumb\"},\"inLanguage\":\"pt-BR\",\"potentialAction\":[{\"@type\":\"ReadAction\",\"target\":[\"https:\/\/noticiaempauta.com\/portal\/dr-eriberto-barros-promove-encontro-com-liderancas-e-simpatizantes-neste-sabado-31\/\"]}]},{\"@type\":\"ImageObject\",\"inLanguage\":\"pt-BR\",\"@id\":\"https:\/\/noticiaempauta.com\/portal\/dr-eriberto-barros-promove-encontro-com-liderancas-e-simpatizantes-neste-sabado-31\/#primaryimage\",\"url\":\"https:\/\/noticiaempauta.com\/portal\/wp-content\/uploads\/2024\/08\/IMG_4510.jpeg\",\"contentUrl\":\"https:\/\/noticiaempauta.com\/portal\/wp-content\/uploads\/2024\/08\/IMG_4510.jpeg\",\"width\":1062,\"height\":837},{\"@type\":\"BreadcrumbList\",\"@id\":\"https:\/\/noticiaempauta.com\/portal\/dr-eriberto-barros-promove-encontro-com-liderancas-e-simpatizantes-neste-sabado-31\/#breadcrumb\",\"itemListElement\":[{\"@type\":\"ListItem\",\"position\":1,\"name\":\"P\u00e1gina Inicial\",\"item\":\"https:\/\/noticiaempauta.com\/portal\/\"},{\"@type\":\"ListItem\",\"position\":2,\"name\":\"Destaques\",\"item\":\"https:\/\/noticiaempauta.com\/portal\/destaques-site\/\"},{\"@type\":\"ListItem\",\"position\":3,\"name\":\"Dr. Eriberto Barros promove encontro com lideran\u00e7as e simpatizantes neste s\u00e1bado (31)\"}]},{\"@type\":\"WebSite\",\"@id\":\"https:\/\/noticiaempauta.com\/portal\/#website\",\"url\":\"https:\/\/noticiaempauta.com\/portal\/\",\"name\":\"Portal Not\u00edcia em Pauta\",\"description\":\"Voc\u00ea bem informado\",\"publisher\":{\"@id\":\"https:\/\/noticiaempauta.com\/portal\/#organization\"},\"potentialAction\":[{\"@type\":\"SearchAction\",\"target\":{\"@type\":\"EntryPoint\",\"urlTemplate\":\"https:\/\/noticiaempauta.com\/portal\/?s={search_term_string}\"},\"query-input\":{\"@type\":\"PropertyValueSpecification\",\"valueRequired\":true,\"valueName\":\"search_term_string\"}}],\"inLanguage\":\"pt-BR\"},{\"@type\":\"Organization\",\"@id\":\"https:\/\/noticiaempauta.com\/portal\/#organization\",\"name\":\"Portal Not\u00edcia em Pauta\",\"url\":\"https:\/\/noticiaempauta.com\/portal\/\",\"logo\":{\"@type\":\"ImageObject\",\"inLanguage\":\"pt-BR\",\"@id\":\"https:\/\/noticiaempauta.com\/portal\/#\/schema\/logo\/image\/\",\"url\":\"https:\/\/noticiaempauta.com\/portal\/wp-content\/uploads\/2022\/08\/logomarca_tema.fw_.png\",\"contentUrl\":\"https:\/\/noticiaempauta.com\/portal\/wp-content\/uploads\/2022\/08\/logomarca_tema.fw_.png\",\"width\":400,\"height\":232,\"caption\":\"Portal Not\u00edcia em Pauta\"},\"image\":{\"@id\":\"https:\/\/noticiaempauta.com\/portal\/#\/schema\/logo\/image\/\"},\"sameAs\":[\"https:\/\/www.facebook.com\/Portal-Notcia-Em-Pauta-102292869264820\/\",\"https:\/\/www.instagram.com\/portalnoticiaempauta\/\"]},{\"@type\":\"Person\",\"@id\":\"https:\/\/noticiaempauta.com\/portal\/#\/schema\/person\/a74af43dd1ab3deca45f988c717d57ac\",\"name\":\"Reda\u00e7\u00e3o\",\"image\":{\"@type\":\"ImageObject\",\"inLanguage\":\"pt-BR\",\"@id\":\"https:\/\/noticiaempauta.com\/portal\/#\/schema\/person\/image\/\",\"url\":\"https:\/\/secure.gravatar.com\/avatar\/03179346ecce6cdfc13361603e8f54242a90e5cde8618fa23c5c00aa2b0aadf3?s=96&d=mm&r=g\",\"contentUrl\":\"https:\/\/secure.gravatar.com\/avatar\/03179346ecce6cdfc13361603e8f54242a90e5cde8618fa23c5c00aa2b0aadf3?s=96&d=mm&r=g\",\"caption\":\"Reda\u00e7\u00e3o\"},\"sameAs\":[\"https:\/\/noticiaempauta.com\/portal\/\"],\"url\":\"https:\/\/noticiaempauta.com\/portal\/author\/fernando\/\"}]}<\/script>\n<!-- \/ Yoast SEO Premium plugin. -->","yoast_head_json":{"title":"Dr. Eriberto Barros promove encontro com lideran\u00e7as e simpatizantes neste s\u00e1bado (31) - Portal Not\u00edcia em Pauta","robots":{"index":"index","follow":"follow","max-snippet":"max-snippet:-1","max-image-preview":"max-image-preview:large","max-video-preview":"max-video-preview:-1"},"canonical":"https:\/\/noticiaempauta.com\/portal\/dr-eriberto-barros-promove-encontro-com-liderancas-e-simpatizantes-neste-sabado-31\/","og_locale":"pt_BR","og_type":"article","og_title":"Dr. Eriberto Barros promove encontro com lideran\u00e7as e simpatizantes neste s\u00e1bado (31)","og_description":"O vereador e atual presidente da C\u00e2mara Municipal de Picos, Dr. Eriberto Barros (PSD), candidato a reelei\u00e7\u00e3o, ir\u00e1 reunir no pr\u00f3ximo s\u00e1bado, 31 de agosto, \u00e0s 18h no Espa\u00e7o Versalhes, bairro Ema\u00fas, familiares, lideran\u00e7as pol\u00edticas locais e estaduais al\u00e9m de amigos e simpatizantes no evento que tem como tema \u201c Encontro da Vit\u00f3ria \u201c, que [&hellip;]","og_url":"https:\/\/noticiaempauta.com\/portal\/dr-eriberto-barros-promove-encontro-com-liderancas-e-simpatizantes-neste-sabado-31\/","og_site_name":"Portal Not\u00edcia em Pauta","article_publisher":"https:\/\/www.facebook.com\/Portal-Notcia-Em-Pauta-102292869264820\/","article_published_time":"2024-08-28T20:46:04+00:00","article_modified_time":"2024-08-28T21:21:36+00:00","og_image":[{"width":1062,"height":837,"url":"https:\/\/noticiaempauta.com\/portal\/wp-content\/uploads\/2024\/08\/IMG_4510.jpeg","type":"image\/jpeg"}],"author":"Reda\u00e7\u00e3o","twitter_card":"summary_large_image","twitter_misc":{"Escrito por":"Reda\u00e7\u00e3o","Est. tempo de leitura":"2 minutos"},"schema":{"@context":"https:\/\/schema.org","@graph":[{"@type":"Article","@id":"https:\/\/noticiaempauta.com\/portal\/dr-eriberto-barros-promove-encontro-com-liderancas-e-simpatizantes-neste-sabado-31\/#article","isPartOf":{"@id":"https:\/\/noticiaempauta.com\/portal\/dr-eriberto-barros-promove-encontro-com-liderancas-e-simpatizantes-neste-sabado-31\/"},"author":{"name":"Reda\u00e7\u00e3o","@id":"https:\/\/noticiaempauta.com\/portal\/#\/schema\/person\/a74af43dd1ab3deca45f988c717d57ac"},"headline":"Dr. Eriberto Barros promove encontro com lideran\u00e7as e simpatizantes neste s\u00e1bado (31)","datePublished":"2024-08-28T20:46:04+00:00","dateModified":"2024-08-28T21:21:36+00:00","mainEntityOfPage":{"@id":"https:\/\/noticiaempauta.com\/portal\/dr-eriberto-barros-promove-encontro-com-liderancas-e-simpatizantes-neste-sabado-31\/"},"wordCount":148,"commentCount":0,"publisher":{"@id":"https:\/\/noticiaempauta.com\/portal\/#organization"},"image":{"@id":"https:\/\/noticiaempauta.com\/portal\/dr-eriberto-barros-promove-encontro-com-liderancas-e-simpatizantes-neste-sabado-31\/#primaryimage"},"thumbnailUrl":"https:\/\/noticiaempauta.com\/portal\/wp-content\/uploads\/2024\/08\/IMG_4510.jpeg","articleSection":["Destaques","Geral","Pol\u00edtica","Todas as Not\u00edcias"],"inLanguage":"pt-BR","potentialAction":[{"@type":"CommentAction","name":"Comment","target":["https:\/\/noticiaempauta.com\/portal\/dr-eriberto-barros-promove-encontro-com-liderancas-e-simpatizantes-neste-sabado-31\/#respond"]}]},{"@type":"WebPage","@id":"https:\/\/noticiaempauta.com\/portal\/dr-eriberto-barros-promove-encontro-com-liderancas-e-simpatizantes-neste-sabado-31\/","url":"https:\/\/noticiaempauta.com\/portal\/dr-eriberto-barros-promove-encontro-com-liderancas-e-simpatizantes-neste-sabado-31\/","name":"Dr. Eriberto Barros promove encontro com lideran\u00e7as e simpatizantes neste s\u00e1bado (31) - Portal Not\u00edcia em Pauta","isPartOf":{"@id":"https:\/\/noticiaempauta.com\/portal\/#website"},"primaryImageOfPage":{"@id":"https:\/\/noticiaempauta.com\/portal\/dr-eriberto-barros-promove-encontro-com-liderancas-e-simpatizantes-neste-sabado-31\/#primaryimage"},"image":{"@id":"https:\/\/noticiaempauta.com\/portal\/dr-eriberto-barros-promove-encontro-com-liderancas-e-simpatizantes-neste-sabado-31\/#primaryimage"},"thumbnailUrl":"https:\/\/noticiaempauta.com\/portal\/wp-content\/uploads\/2024\/08\/IMG_4510.jpeg","datePublished":"2024-08-28T20:46:04+00:00","dateModified":"2024-08-28T21:21:36+00:00","breadcrumb":{"@id":"https:\/\/noticiaempauta.com\/portal\/dr-eriberto-barros-promove-encontro-com-liderancas-e-simpatizantes-neste-sabado-31\/#breadcrumb"},"inLanguage":"pt-BR","potentialAction":[{"@type":"ReadAction","target":["https:\/\/noticiaempauta.com\/portal\/dr-eriberto-barros-promove-encontro-com-liderancas-e-simpatizantes-neste-sabado-31\/"]}]},{"@type":"ImageObject","inLanguage":"pt-BR","@id":"https:\/\/noticiaempauta.com\/portal\/dr-eriberto-barros-promove-encontro-com-liderancas-e-simpatizantes-neste-sabado-31\/#primaryimage","url":"https:\/\/noticiaempauta.com\/portal\/wp-content\/uploads\/2024\/08\/IMG_4510.jpeg","contentUrl":"https:\/\/noticiaempauta.com\/portal\/wp-content\/uploads\/2024\/08\/IMG_4510.jpeg","width":1062,"height":837},{"@type":"BreadcrumbList","@id":"https:\/\/noticiaempauta.com\/portal\/dr-eriberto-barros-promove-encontro-com-liderancas-e-simpatizantes-neste-sabado-31\/#breadcrumb","itemListElement":[{"@type":"ListItem","position":1,"name":"P\u00e1gina Inicial","item":"https:\/\/noticiaempauta.com\/portal\/"},{"@type":"ListItem","position":2,"name":"Destaques","item":"https:\/\/noticiaempauta.com\/portal\/destaques-site\/"},{"@type":"ListItem","position":3,"name":"Dr. Eriberto Barros promove encontro com lideran\u00e7as e simpatizantes neste s\u00e1bado (31)"}]},{"@type":"WebSite","@id":"https:\/\/noticiaempauta.com\/portal\/#website","url":"https:\/\/noticiaempauta.com\/portal\/","name":"Portal Not\u00edcia em Pauta","description":"Voc\u00ea bem informado","publisher":{"@id":"https:\/\/noticiaempauta.com\/portal\/#organization"},"potentialAction":[{"@type":"SearchAction","target":{"@type":"EntryPoint","urlTemplate":"https:\/\/noticiaempauta.com\/portal\/?s={search_term_string}"},"query-input":{"@type":"PropertyValueSpecification","valueRequired":true,"valueName":"search_term_string"}}],"inLanguage":"pt-BR"},{"@type":"Organization","@id":"https:\/\/noticiaempauta.com\/portal\/#organization","name":"Portal Not\u00edcia em Pauta","url":"https:\/\/noticiaempauta.com\/portal\/","logo":{"@type":"ImageObject","inLanguage":"pt-BR","@id":"https:\/\/noticiaempauta.com\/portal\/#\/schema\/logo\/image\/","url":"https:\/\/noticiaempauta.com\/portal\/wp-content\/uploads\/2022\/08\/logomarca_tema.fw_.png","contentUrl":"https:\/\/noticiaempauta.com\/portal\/wp-content\/uploads\/2022\/08\/logomarca_tema.fw_.png","width":400,"height":232,"caption":"Portal Not\u00edcia em Pauta"},"image":{"@id":"https:\/\/noticiaempauta.com\/portal\/#\/schema\/logo\/image\/"},"sameAs":["https:\/\/www.facebook.com\/Portal-Notcia-Em-Pauta-102292869264820\/","https:\/\/www.instagram.com\/portalnoticiaempauta\/"]},{"@type":"Person","@id":"https:\/\/noticiaempauta.com\/portal\/#\/schema\/person\/a74af43dd1ab3deca45f988c717d57ac","name":"Reda\u00e7\u00e3o","image":{"@type":"ImageObject","inLanguage":"pt-BR","@id":"https:\/\/noticiaempauta.com\/portal\/#\/schema\/person\/image\/","url":"https:\/\/secure.gravatar.com\/avatar\/03179346ecce6cdfc13361603e8f54242a90e5cde8618fa23c5c00aa2b0aadf3?s=96&d=mm&r=g","contentUrl":"https:\/\/secure.gravatar.com\/avatar\/03179346ecce6cdfc13361603e8f54242a90e5cde8618fa23c5c00aa2b0aadf3?s=96&d=mm&r=g","caption":"Reda\u00e7\u00e3o"},"sameAs":["https:\/\/noticiaempauta.com\/portal\/"],"url":"https:\/\/noticiaempauta.com\/portal\/author\/fernando\/"}]}},"_links":{"self":[{"href":"https:\/\/noticiaempauta.com\/portal\/wp-json\/wp\/v2\/posts\/261601","targetHints":{"allow":["GET"]}}],"collection":[{"href":"https:\/\/noticiaempauta.com\/portal\/wp-json\/wp\/v2\/posts"}],"about":[{"href":"https:\/\/noticiaempauta.com\/portal\/wp-json\/wp\/v2\/types\/post"}],"author":[{"embeddable":true,"href":"https:\/\/noticiaempauta.com\/portal\/wp-json\/wp\/v2\/users\/2"}],"replies":[{"embeddable":true,"href":"https:\/\/noticiaempauta.com\/portal\/wp-json\/wp\/v2\/comments?post=261601"}],"version-history":[{"count":2,"href":"https:\/\/noticiaempauta.com\/portal\/wp-json\/wp\/v2\/posts\/261601\/revisions"}],"predecessor-version":[{"id":261606,"href":"https:\/\/noticiaempauta.com\/portal\/wp-json\/wp\/v2\/posts\/261601\/revisions\/261606"}],"wp:featuredmedia":[{"embeddable":true,"href":"https:\/\/noticiaempauta.com\/portal\/wp-json\/wp\/v2\/media\/261603"}],"wp:attachment":[{"href":"https:\/\/noticiaempauta.com\/portal\/wp-json\/wp\/v2\/media?parent=261601"}],"wp:term":[{"taxonomy":"category","embeddable":true,"href":"https:\/\/noticiaempauta.com\/portal\/wp-json\/wp\/v2\/categories?post=261601"},{"taxonomy":"post_tag","embeddable":true,"href":"https:\/\/noticiaempauta.com\/portal\/wp-json\/wp\/v2\/tags?post=261601"}],"curies":[{"name":"wp","href":"https:\/\/api.w.org\/{rel}","templated":true}]}}