{"id":261626,"date":"2024-08-29T11:10:46","date_gmt":"2024-08-29T14:10:46","guid":{"rendered":"https:\/\/noticiaempauta.com\/portal\/?p=261626"},"modified":"2024-08-29T11:10:47","modified_gmt":"2024-08-29T14:10:47","slug":"confira-a-agenda-dos-candidatos-a-prefeito-de-picos-nesta-quinta-feira","status":"publish","type":"post","link":"https:\/\/noticiaempauta.com\/portal\/confira-a-agenda-dos-candidatos-a-prefeito-de-picos-nesta-quinta-feira\/","title":{"rendered":"Confira a agenda dos candidatos a Prefeito de Picos nesta quinta-feira"},"content":{"rendered":"\n<p>Confira aqui a agenda dos candidatos a Prefeitura de Picos. Tr\u00eas nomes est\u00e3o na disputa do Pal\u00e1cio Coelho Rodrigues: o prefeito Gil Paraibano (Progressistas), o deputado estadual Pablo Santos (MDB), e o empres\u00e1rio Cacique (Cidadania).<\/p>\n\n\n\n<figure class=\"wp-block-image size-full\"><img fetchpriority=\"high\" decoding=\"async\" width=\"720\" height=\"489\" src=\"https:\/\/noticiaempauta.com\/portal\/wp-content\/uploads\/2024\/08\/batch_candidatos.jpg\" alt=\"\" class=\"wp-image-261627\" srcset=\"https:\/\/noticiaempauta.com\/portal\/wp-content\/uploads\/2024\/08\/batch_candidatos.jpg 720w, https:\/\/noticiaempauta.com\/portal\/wp-content\/uploads\/2024\/08\/batch_candidatos-300x204.jpg 300w\" sizes=\"(max-width: 720px) 100vw, 720px\" \/><figcaption class=\"wp-element-caption\">(Foto: Reprodu\u00e7\u00e3o)<\/figcaption><\/figure>\n\n\n\n<p><em><strong>AGENDA DESTA QUINTA-FEIRA 29\/08<\/strong><\/em><\/p>\n\n\n\n<p><strong>Gil Paraibano (Progressistas)<\/strong><\/p>\n\n\n\n<p><em>Manh\u00e3<\/em><\/p>\n\n\n\n<p>7:30h \u2013 Recebe lideran\u00e7as e apoiadores em casa<\/p>\n\n\n\n<p>10:00h \u2013 Agenda Administrativa (Prefeitura)<\/p>\n\n\n\n<p><em>Noite<\/em><\/p>\n\n\n\n<p>19:00h \u2013 Mes\u00e1rio 11 beb\u00ea Th\u00e9o na Cohab, cuja fam\u00edlia escolheu o tema da campanha para celebrar a data<\/p>\n\n\n\n<p>19:30h \u2013&nbsp; Reuni\u00e3o no Morro da Mariana (Org. No\u00eamia)<\/p>\n\n\n\n<p><strong>Pablo Santos (MDB)<\/strong><\/p>\n\n\n\n<p><em>Tarde<\/em><\/p>\n\n\n\n<p>16:00h \u2013 reuni\u00e3o com lideran\u00e7as<\/p>\n\n\n\n<p>17:00h \u2013 caminhada no Bairro Candur\u00fa<\/p>\n\n\n\n<p><em>Noite<\/em><\/p>\n\n\n\n<p>19:00h \u2013 Caminhada no Bairro Pantanal<\/p>\n\n\n\n<p><strong>Cacique (Cidadania)<\/strong><\/p>\n\n\n\n<p>\u2013 Aguardando agenda<\/p>\n\n\n\n<p><\/p>\n\n\n\n<p><strong><em>Fonte: Portal T\u00f4 de Olho<\/em><\/strong><\/p>\n","protected":false},"excerpt":{"rendered":"<p>Confira aqui a agenda dos candidatos a Prefeitura de Picos. Tr\u00eas nomes est\u00e3o na disputa do Pal\u00e1cio Coelho Rodrigues: o prefeito Gil Paraibano (Progressistas), o deputado estadual Pablo Santos (MDB), e o empres\u00e1rio Cacique (Cidadania). AGENDA DESTA QUINTA-FEIRA 29\/08 Gil Paraibano (Progressistas) Manh\u00e3 7:30h \u2013 Recebe lideran\u00e7as e apoiadores em casa 10:00h \u2013 Agenda Administrativa [&hellip;]<\/p>\n","protected":false},"author":2,"featured_media":261627,"comment_status":"open","ping_status":"open","sticky":false,"template":"","format":"standard","meta":{"_mi_skip_tracking":false,"footnotes":""},"categories":[25,1,9,16],"tags":[192],"class_list":["post-261626","post","type-post","status-publish","format-standard","has-post-thumbnail","hentry","category-destaques-site","category-geral","category-municipios","category-todas","tag-destaqueprincipal"],"acf":[],"yoast_head":"<!-- This site is optimized with the Yoast SEO Premium plugin v19.2 (Yoast SEO v26.9) - https:\/\/yoast.com\/product\/yoast-seo-premium-wordpress\/ -->\n<title>Confira a agenda dos candidatos a Prefeito de Picos nesta quinta-feira - Portal Not\u00edcia em Pauta<\/title>\n<meta name=\"robots\" content=\"index, follow, max-snippet:-1, max-image-preview:large, max-video-preview:-1\" \/>\n<link rel=\"canonical\" href=\"https:\/\/noticiaempauta.com\/portal\/confira-a-agenda-dos-candidatos-a-prefeito-de-picos-nesta-quinta-feira\/\" \/>\n<meta property=\"og:locale\" content=\"pt_BR\" \/>\n<meta property=\"og:type\" content=\"article\" \/>\n<meta property=\"og:title\" content=\"Confira a agenda dos candidatos a Prefeito de Picos nesta quinta-feira\" \/>\n<meta property=\"og:description\" content=\"Confira aqui a agenda dos candidatos a Prefeitura de Picos. Tr\u00eas nomes est\u00e3o na disputa do Pal\u00e1cio Coelho Rodrigues: o prefeito Gil Paraibano (Progressistas), o deputado estadual Pablo Santos (MDB), e o empres\u00e1rio Cacique (Cidadania). AGENDA DESTA QUINTA-FEIRA 29\/08 Gil Paraibano (Progressistas) Manh\u00e3 7:30h \u2013 Recebe lideran\u00e7as e apoiadores em casa 10:00h \u2013 Agenda Administrativa [&hellip;]\" \/>\n<meta property=\"og:url\" content=\"https:\/\/noticiaempauta.com\/portal\/confira-a-agenda-dos-candidatos-a-prefeito-de-picos-nesta-quinta-feira\/\" \/>\n<meta property=\"og:site_name\" content=\"Portal Not\u00edcia em Pauta\" \/>\n<meta property=\"article:publisher\" content=\"https:\/\/www.facebook.com\/Portal-Notcia-Em-Pauta-102292869264820\/\" \/>\n<meta property=\"article:published_time\" content=\"2024-08-29T14:10:46+00:00\" \/>\n<meta property=\"article:modified_time\" content=\"2024-08-29T14:10:47+00:00\" \/>\n<meta property=\"og:image\" content=\"https:\/\/noticiaempauta.com\/portal\/wp-content\/uploads\/2024\/08\/batch_candidatos.jpg\" \/>\n\t<meta property=\"og:image:width\" content=\"720\" \/>\n\t<meta property=\"og:image:height\" content=\"489\" \/>\n\t<meta property=\"og:image:type\" content=\"image\/jpeg\" \/>\n<meta name=\"author\" content=\"Reda\u00e7\u00e3o\" \/>\n<meta name=\"twitter:card\" content=\"summary_large_image\" \/>\n<meta name=\"twitter:label1\" content=\"Escrito por\" \/>\n\t<meta name=\"twitter:data1\" content=\"Reda\u00e7\u00e3o\" \/>\n\t<meta name=\"twitter:label2\" content=\"Est. tempo de leitura\" \/>\n\t<meta name=\"twitter:data2\" content=\"2 minutos\" \/>\n<script type=\"application\/ld+json\" class=\"yoast-schema-graph\">{\"@context\":\"https:\/\/schema.org\",\"@graph\":[{\"@type\":\"Article\",\"@id\":\"https:\/\/noticiaempauta.com\/portal\/confira-a-agenda-dos-candidatos-a-prefeito-de-picos-nesta-quinta-feira\/#article\",\"isPartOf\":{\"@id\":\"https:\/\/noticiaempauta.com\/portal\/confira-a-agenda-dos-candidatos-a-prefeito-de-picos-nesta-quinta-feira\/\"},\"author\":{\"name\":\"Reda\u00e7\u00e3o\",\"@id\":\"https:\/\/noticiaempauta.com\/portal\/#\/schema\/person\/a74af43dd1ab3deca45f988c717d57ac\"},\"headline\":\"Confira a agenda dos candidatos a Prefeito de Picos nesta quinta-feira\",\"datePublished\":\"2024-08-29T14:10:46+00:00\",\"dateModified\":\"2024-08-29T14:10:47+00:00\",\"mainEntityOfPage\":{\"@id\":\"https:\/\/noticiaempauta.com\/portal\/confira-a-agenda-dos-candidatos-a-prefeito-de-picos-nesta-quinta-feira\/\"},\"wordCount\":134,\"commentCount\":0,\"publisher\":{\"@id\":\"https:\/\/noticiaempauta.com\/portal\/#organization\"},\"image\":{\"@id\":\"https:\/\/noticiaempauta.com\/portal\/confira-a-agenda-dos-candidatos-a-prefeito-de-picos-nesta-quinta-feira\/#primaryimage\"},\"thumbnailUrl\":\"https:\/\/noticiaempauta.com\/portal\/wp-content\/uploads\/2024\/08\/batch_candidatos.jpg\",\"keywords\":[\"destaqueprincipal\"],\"articleSection\":[\"Destaques\",\"Geral\",\"Munic\u00edpios\",\"Todas as Not\u00edcias\"],\"inLanguage\":\"pt-BR\",\"potentialAction\":[{\"@type\":\"CommentAction\",\"name\":\"Comment\",\"target\":[\"https:\/\/noticiaempauta.com\/portal\/confira-a-agenda-dos-candidatos-a-prefeito-de-picos-nesta-quinta-feira\/#respond\"]}]},{\"@type\":\"WebPage\",\"@id\":\"https:\/\/noticiaempauta.com\/portal\/confira-a-agenda-dos-candidatos-a-prefeito-de-picos-nesta-quinta-feira\/\",\"url\":\"https:\/\/noticiaempauta.com\/portal\/confira-a-agenda-dos-candidatos-a-prefeito-de-picos-nesta-quinta-feira\/\",\"name\":\"Confira a agenda dos candidatos a Prefeito de Picos nesta quinta-feira - Portal Not\u00edcia em Pauta\",\"isPartOf\":{\"@id\":\"https:\/\/noticiaempauta.com\/portal\/#website\"},\"primaryImageOfPage\":{\"@id\":\"https:\/\/noticiaempauta.com\/portal\/confira-a-agenda-dos-candidatos-a-prefeito-de-picos-nesta-quinta-feira\/#primaryimage\"},\"image\":{\"@id\":\"https:\/\/noticiaempauta.com\/portal\/confira-a-agenda-dos-candidatos-a-prefeito-de-picos-nesta-quinta-feira\/#primaryimage\"},\"thumbnailUrl\":\"https:\/\/noticiaempauta.com\/portal\/wp-content\/uploads\/2024\/08\/batch_candidatos.jpg\",\"datePublished\":\"2024-08-29T14:10:46+00:00\",\"dateModified\":\"2024-08-29T14:10:47+00:00\",\"breadcrumb\":{\"@id\":\"https:\/\/noticiaempauta.com\/portal\/confira-a-agenda-dos-candidatos-a-prefeito-de-picos-nesta-quinta-feira\/#breadcrumb\"},\"inLanguage\":\"pt-BR\",\"potentialAction\":[{\"@type\":\"ReadAction\",\"target\":[\"https:\/\/noticiaempauta.com\/portal\/confira-a-agenda-dos-candidatos-a-prefeito-de-picos-nesta-quinta-feira\/\"]}]},{\"@type\":\"ImageObject\",\"inLanguage\":\"pt-BR\",\"@id\":\"https:\/\/noticiaempauta.com\/portal\/confira-a-agenda-dos-candidatos-a-prefeito-de-picos-nesta-quinta-feira\/#primaryimage\",\"url\":\"https:\/\/noticiaempauta.com\/portal\/wp-content\/uploads\/2024\/08\/batch_candidatos.jpg\",\"contentUrl\":\"https:\/\/noticiaempauta.com\/portal\/wp-content\/uploads\/2024\/08\/batch_candidatos.jpg\",\"width\":720,\"height\":489},{\"@type\":\"BreadcrumbList\",\"@id\":\"https:\/\/noticiaempauta.com\/portal\/confira-a-agenda-dos-candidatos-a-prefeito-de-picos-nesta-quinta-feira\/#breadcrumb\",\"itemListElement\":[{\"@type\":\"ListItem\",\"position\":1,\"name\":\"P\u00e1gina Inicial\",\"item\":\"https:\/\/noticiaempauta.com\/portal\/\"},{\"@type\":\"ListItem\",\"position\":2,\"name\":\"Destaques\",\"item\":\"https:\/\/noticiaempauta.com\/portal\/destaques-site\/\"},{\"@type\":\"ListItem\",\"position\":3,\"name\":\"Confira a agenda dos candidatos a Prefeito de Picos nesta quinta-feira\"}]},{\"@type\":\"WebSite\",\"@id\":\"https:\/\/noticiaempauta.com\/portal\/#website\",\"url\":\"https:\/\/noticiaempauta.com\/portal\/\",\"name\":\"Portal Not\u00edcia em Pauta\",\"description\":\"Voc\u00ea bem informado\",\"publisher\":{\"@id\":\"https:\/\/noticiaempauta.com\/portal\/#organization\"},\"potentialAction\":[{\"@type\":\"SearchAction\",\"target\":{\"@type\":\"EntryPoint\",\"urlTemplate\":\"https:\/\/noticiaempauta.com\/portal\/?s={search_term_string}\"},\"query-input\":{\"@type\":\"PropertyValueSpecification\",\"valueRequired\":true,\"valueName\":\"search_term_string\"}}],\"inLanguage\":\"pt-BR\"},{\"@type\":\"Organization\",\"@id\":\"https:\/\/noticiaempauta.com\/portal\/#organization\",\"name\":\"Portal Not\u00edcia em Pauta\",\"url\":\"https:\/\/noticiaempauta.com\/portal\/\",\"logo\":{\"@type\":\"ImageObject\",\"inLanguage\":\"pt-BR\",\"@id\":\"https:\/\/noticiaempauta.com\/portal\/#\/schema\/logo\/image\/\",\"url\":\"https:\/\/noticiaempauta.com\/portal\/wp-content\/uploads\/2022\/08\/logomarca_tema.fw_.png\",\"contentUrl\":\"https:\/\/noticiaempauta.com\/portal\/wp-content\/uploads\/2022\/08\/logomarca_tema.fw_.png\",\"width\":400,\"height\":232,\"caption\":\"Portal Not\u00edcia em Pauta\"},\"image\":{\"@id\":\"https:\/\/noticiaempauta.com\/portal\/#\/schema\/logo\/image\/\"},\"sameAs\":[\"https:\/\/www.facebook.com\/Portal-Notcia-Em-Pauta-102292869264820\/\",\"https:\/\/www.instagram.com\/portalnoticiaempauta\/\"]},{\"@type\":\"Person\",\"@id\":\"https:\/\/noticiaempauta.com\/portal\/#\/schema\/person\/a74af43dd1ab3deca45f988c717d57ac\",\"name\":\"Reda\u00e7\u00e3o\",\"image\":{\"@type\":\"ImageObject\",\"inLanguage\":\"pt-BR\",\"@id\":\"https:\/\/noticiaempauta.com\/portal\/#\/schema\/person\/image\/\",\"url\":\"https:\/\/secure.gravatar.com\/avatar\/03179346ecce6cdfc13361603e8f54242a90e5cde8618fa23c5c00aa2b0aadf3?s=96&d=mm&r=g\",\"contentUrl\":\"https:\/\/secure.gravatar.com\/avatar\/03179346ecce6cdfc13361603e8f54242a90e5cde8618fa23c5c00aa2b0aadf3?s=96&d=mm&r=g\",\"caption\":\"Reda\u00e7\u00e3o\"},\"sameAs\":[\"https:\/\/noticiaempauta.com\/portal\/\"],\"url\":\"https:\/\/noticiaempauta.com\/portal\/author\/fernando\/\"}]}<\/script>\n<!-- \/ Yoast SEO Premium plugin. -->","yoast_head_json":{"title":"Confira a agenda dos candidatos a Prefeito de Picos nesta quinta-feira - Portal Not\u00edcia em Pauta","robots":{"index":"index","follow":"follow","max-snippet":"max-snippet:-1","max-image-preview":"max-image-preview:large","max-video-preview":"max-video-preview:-1"},"canonical":"https:\/\/noticiaempauta.com\/portal\/confira-a-agenda-dos-candidatos-a-prefeito-de-picos-nesta-quinta-feira\/","og_locale":"pt_BR","og_type":"article","og_title":"Confira a agenda dos candidatos a Prefeito de Picos nesta quinta-feira","og_description":"Confira aqui a agenda dos candidatos a Prefeitura de Picos. Tr\u00eas nomes est\u00e3o na disputa do Pal\u00e1cio Coelho Rodrigues: o prefeito Gil Paraibano (Progressistas), o deputado estadual Pablo Santos (MDB), e o empres\u00e1rio Cacique (Cidadania). AGENDA DESTA QUINTA-FEIRA 29\/08 Gil Paraibano (Progressistas) Manh\u00e3 7:30h \u2013 Recebe lideran\u00e7as e apoiadores em casa 10:00h \u2013 Agenda Administrativa [&hellip;]","og_url":"https:\/\/noticiaempauta.com\/portal\/confira-a-agenda-dos-candidatos-a-prefeito-de-picos-nesta-quinta-feira\/","og_site_name":"Portal Not\u00edcia em Pauta","article_publisher":"https:\/\/www.facebook.com\/Portal-Notcia-Em-Pauta-102292869264820\/","article_published_time":"2024-08-29T14:10:46+00:00","article_modified_time":"2024-08-29T14:10:47+00:00","og_image":[{"width":720,"height":489,"url":"https:\/\/noticiaempauta.com\/portal\/wp-content\/uploads\/2024\/08\/batch_candidatos.jpg","type":"image\/jpeg"}],"author":"Reda\u00e7\u00e3o","twitter_card":"summary_large_image","twitter_misc":{"Escrito por":"Reda\u00e7\u00e3o","Est. tempo de leitura":"2 minutos"},"schema":{"@context":"https:\/\/schema.org","@graph":[{"@type":"Article","@id":"https:\/\/noticiaempauta.com\/portal\/confira-a-agenda-dos-candidatos-a-prefeito-de-picos-nesta-quinta-feira\/#article","isPartOf":{"@id":"https:\/\/noticiaempauta.com\/portal\/confira-a-agenda-dos-candidatos-a-prefeito-de-picos-nesta-quinta-feira\/"},"author":{"name":"Reda\u00e7\u00e3o","@id":"https:\/\/noticiaempauta.com\/portal\/#\/schema\/person\/a74af43dd1ab3deca45f988c717d57ac"},"headline":"Confira a agenda dos candidatos a Prefeito de Picos nesta quinta-feira","datePublished":"2024-08-29T14:10:46+00:00","dateModified":"2024-08-29T14:10:47+00:00","mainEntityOfPage":{"@id":"https:\/\/noticiaempauta.com\/portal\/confira-a-agenda-dos-candidatos-a-prefeito-de-picos-nesta-quinta-feira\/"},"wordCount":134,"commentCount":0,"publisher":{"@id":"https:\/\/noticiaempauta.com\/portal\/#organization"},"image":{"@id":"https:\/\/noticiaempauta.com\/portal\/confira-a-agenda-dos-candidatos-a-prefeito-de-picos-nesta-quinta-feira\/#primaryimage"},"thumbnailUrl":"https:\/\/noticiaempauta.com\/portal\/wp-content\/uploads\/2024\/08\/batch_candidatos.jpg","keywords":["destaqueprincipal"],"articleSection":["Destaques","Geral","Munic\u00edpios","Todas as Not\u00edcias"],"inLanguage":"pt-BR","potentialAction":[{"@type":"CommentAction","name":"Comment","target":["https:\/\/noticiaempauta.com\/portal\/confira-a-agenda-dos-candidatos-a-prefeito-de-picos-nesta-quinta-feira\/#respond"]}]},{"@type":"WebPage","@id":"https:\/\/noticiaempauta.com\/portal\/confira-a-agenda-dos-candidatos-a-prefeito-de-picos-nesta-quinta-feira\/","url":"https:\/\/noticiaempauta.com\/portal\/confira-a-agenda-dos-candidatos-a-prefeito-de-picos-nesta-quinta-feira\/","name":"Confira a agenda dos candidatos a Prefeito de Picos nesta quinta-feira - Portal Not\u00edcia em Pauta","isPartOf":{"@id":"https:\/\/noticiaempauta.com\/portal\/#website"},"primaryImageOfPage":{"@id":"https:\/\/noticiaempauta.com\/portal\/confira-a-agenda-dos-candidatos-a-prefeito-de-picos-nesta-quinta-feira\/#primaryimage"},"image":{"@id":"https:\/\/noticiaempauta.com\/portal\/confira-a-agenda-dos-candidatos-a-prefeito-de-picos-nesta-quinta-feira\/#primaryimage"},"thumbnailUrl":"https:\/\/noticiaempauta.com\/portal\/wp-content\/uploads\/2024\/08\/batch_candidatos.jpg","datePublished":"2024-08-29T14:10:46+00:00","dateModified":"2024-08-29T14:10:47+00:00","breadcrumb":{"@id":"https:\/\/noticiaempauta.com\/portal\/confira-a-agenda-dos-candidatos-a-prefeito-de-picos-nesta-quinta-feira\/#breadcrumb"},"inLanguage":"pt-BR","potentialAction":[{"@type":"ReadAction","target":["https:\/\/noticiaempauta.com\/portal\/confira-a-agenda-dos-candidatos-a-prefeito-de-picos-nesta-quinta-feira\/"]}]},{"@type":"ImageObject","inLanguage":"pt-BR","@id":"https:\/\/noticiaempauta.com\/portal\/confira-a-agenda-dos-candidatos-a-prefeito-de-picos-nesta-quinta-feira\/#primaryimage","url":"https:\/\/noticiaempauta.com\/portal\/wp-content\/uploads\/2024\/08\/batch_candidatos.jpg","contentUrl":"https:\/\/noticiaempauta.com\/portal\/wp-content\/uploads\/2024\/08\/batch_candidatos.jpg","width":720,"height":489},{"@type":"BreadcrumbList","@id":"https:\/\/noticiaempauta.com\/portal\/confira-a-agenda-dos-candidatos-a-prefeito-de-picos-nesta-quinta-feira\/#breadcrumb","itemListElement":[{"@type":"ListItem","position":1,"name":"P\u00e1gina Inicial","item":"https:\/\/noticiaempauta.com\/portal\/"},{"@type":"ListItem","position":2,"name":"Destaques","item":"https:\/\/noticiaempauta.com\/portal\/destaques-site\/"},{"@type":"ListItem","position":3,"name":"Confira a agenda dos candidatos a Prefeito de Picos nesta quinta-feira"}]},{"@type":"WebSite","@id":"https:\/\/noticiaempauta.com\/portal\/#website","url":"https:\/\/noticiaempauta.com\/portal\/","name":"Portal Not\u00edcia em Pauta","description":"Voc\u00ea bem informado","publisher":{"@id":"https:\/\/noticiaempauta.com\/portal\/#organization"},"potentialAction":[{"@type":"SearchAction","target":{"@type":"EntryPoint","urlTemplate":"https:\/\/noticiaempauta.com\/portal\/?s={search_term_string}"},"query-input":{"@type":"PropertyValueSpecification","valueRequired":true,"valueName":"search_term_string"}}],"inLanguage":"pt-BR"},{"@type":"Organization","@id":"https:\/\/noticiaempauta.com\/portal\/#organization","name":"Portal Not\u00edcia em Pauta","url":"https:\/\/noticiaempauta.com\/portal\/","logo":{"@type":"ImageObject","inLanguage":"pt-BR","@id":"https:\/\/noticiaempauta.com\/portal\/#\/schema\/logo\/image\/","url":"https:\/\/noticiaempauta.com\/portal\/wp-content\/uploads\/2022\/08\/logomarca_tema.fw_.png","contentUrl":"https:\/\/noticiaempauta.com\/portal\/wp-content\/uploads\/2022\/08\/logomarca_tema.fw_.png","width":400,"height":232,"caption":"Portal Not\u00edcia em Pauta"},"image":{"@id":"https:\/\/noticiaempauta.com\/portal\/#\/schema\/logo\/image\/"},"sameAs":["https:\/\/www.facebook.com\/Portal-Notcia-Em-Pauta-102292869264820\/","https:\/\/www.instagram.com\/portalnoticiaempauta\/"]},{"@type":"Person","@id":"https:\/\/noticiaempauta.com\/portal\/#\/schema\/person\/a74af43dd1ab3deca45f988c717d57ac","name":"Reda\u00e7\u00e3o","image":{"@type":"ImageObject","inLanguage":"pt-BR","@id":"https:\/\/noticiaempauta.com\/portal\/#\/schema\/person\/image\/","url":"https:\/\/secure.gravatar.com\/avatar\/03179346ecce6cdfc13361603e8f54242a90e5cde8618fa23c5c00aa2b0aadf3?s=96&d=mm&r=g","contentUrl":"https:\/\/secure.gravatar.com\/avatar\/03179346ecce6cdfc13361603e8f54242a90e5cde8618fa23c5c00aa2b0aadf3?s=96&d=mm&r=g","caption":"Reda\u00e7\u00e3o"},"sameAs":["https:\/\/noticiaempauta.com\/portal\/"],"url":"https:\/\/noticiaempauta.com\/portal\/author\/fernando\/"}]}},"_links":{"self":[{"href":"https:\/\/noticiaempauta.com\/portal\/wp-json\/wp\/v2\/posts\/261626","targetHints":{"allow":["GET"]}}],"collection":[{"href":"https:\/\/noticiaempauta.com\/portal\/wp-json\/wp\/v2\/posts"}],"about":[{"href":"https:\/\/noticiaempauta.com\/portal\/wp-json\/wp\/v2\/types\/post"}],"author":[{"embeddable":true,"href":"https:\/\/noticiaempauta.com\/portal\/wp-json\/wp\/v2\/users\/2"}],"replies":[{"embeddable":true,"href":"https:\/\/noticiaempauta.com\/portal\/wp-json\/wp\/v2\/comments?post=261626"}],"version-history":[{"count":2,"href":"https:\/\/noticiaempauta.com\/portal\/wp-json\/wp\/v2\/posts\/261626\/revisions"}],"predecessor-version":[{"id":261629,"href":"https:\/\/noticiaempauta.com\/portal\/wp-json\/wp\/v2\/posts\/261626\/revisions\/261629"}],"wp:featuredmedia":[{"embeddable":true,"href":"https:\/\/noticiaempauta.com\/portal\/wp-json\/wp\/v2\/media\/261627"}],"wp:attachment":[{"href":"https:\/\/noticiaempauta.com\/portal\/wp-json\/wp\/v2\/media?parent=261626"}],"wp:term":[{"taxonomy":"category","embeddable":true,"href":"https:\/\/noticiaempauta.com\/portal\/wp-json\/wp\/v2\/categories?post=261626"},{"taxonomy":"post_tag","embeddable":true,"href":"https:\/\/noticiaempauta.com\/portal\/wp-json\/wp\/v2\/tags?post=261626"}],"curies":[{"name":"wp","href":"https:\/\/api.w.org\/{rel}","templated":true}]}}