{"id":261630,"date":"2024-08-29T11:17:20","date_gmt":"2024-08-29T14:17:20","guid":{"rendered":"https:\/\/noticiaempauta.com\/portal\/?p=261630"},"modified":"2024-08-29T11:17:21","modified_gmt":"2024-08-29T14:17:21","slug":"governador-assina-contrato-com-banco-mundial-para-investir-r-340-milhoes-em-assistencia-social-saude-e-qualificacao","status":"publish","type":"post","link":"https:\/\/noticiaempauta.com\/portal\/governador-assina-contrato-com-banco-mundial-para-investir-r-340-milhoes-em-assistencia-social-saude-e-qualificacao\/","title":{"rendered":"Governador assina contrato com Banco Mundial para investir R$ 340 milh\u00f5es em assist\u00eancia social, sa\u00fade e qualifica\u00e7\u00e3o"},"content":{"rendered":"\n<p>O governador Rafael Fonteles assinou contrato, nesta quarta-feira (28), com o Banco Mundial para investimento nas \u00e1reas de sa\u00fade, assist\u00eancia social e qualifica\u00e7\u00e3o profissional, setores que foram bastante afetados pela pandemia da Covid-19. O empr\u00e9stimo do Banco Mundial ser\u00e1 de US$ 50 milh\u00f5es (R$ 270 milh\u00f5es), mais a contrapartida de US$ 12,5 milh\u00f5es do Governo do Piau\u00ed, totalizando US$ 62,5 milh\u00f5es em investimentos, cerca de R$ 340 milh\u00f5es.<\/p>\n\n\n\n<figure class=\"wp-block-image size-full\"><img fetchpriority=\"high\" decoding=\"async\" width=\"1000\" height=\"667\" src=\"https:\/\/noticiaempauta.com\/portal\/wp-content\/uploads\/2024\/08\/large_Whats_App_Image_2024_08_28_at_11_17_21_7659ae52ad.jpeg\" alt=\"\" class=\"wp-image-261631\" srcset=\"https:\/\/noticiaempauta.com\/portal\/wp-content\/uploads\/2024\/08\/large_Whats_App_Image_2024_08_28_at_11_17_21_7659ae52ad.jpeg 1000w, https:\/\/noticiaempauta.com\/portal\/wp-content\/uploads\/2024\/08\/large_Whats_App_Image_2024_08_28_at_11_17_21_7659ae52ad-300x200.jpeg 300w, https:\/\/noticiaempauta.com\/portal\/wp-content\/uploads\/2024\/08\/large_Whats_App_Image_2024_08_28_at_11_17_21_7659ae52ad-768x512.jpeg 768w\" sizes=\"(max-width: 1000px) 100vw, 1000px\" \/><\/figure>\n\n\n\n<p>Participaram da assinatura, ocorrida no Pal\u00e1cio de Karnak, o diretor do Banco Mundial para o Brasil, Johannes Zutt; os secret\u00e1rios do Planejamento, Washington Bonfim; da Fazenda, Em\u00edlio J\u00fanior; da Sa\u00fade, Antonio Luiz Soares; e a superintendente da Secretaria da Assist\u00eancia Social e Cidadania (Sasc), Jana\u00edna Mapurunga.<\/p>\n\n\n\n<figure class=\"wp-block-image size-full\"><img decoding=\"async\" width=\"1000\" height=\"667\" src=\"https:\/\/noticiaempauta.com\/portal\/wp-content\/uploads\/2024\/08\/large_governador_rafael_fonteles_4_46812564d0.jpeg\" alt=\"\" class=\"wp-image-261632\" srcset=\"https:\/\/noticiaempauta.com\/portal\/wp-content\/uploads\/2024\/08\/large_governador_rafael_fonteles_4_46812564d0.jpeg 1000w, https:\/\/noticiaempauta.com\/portal\/wp-content\/uploads\/2024\/08\/large_governador_rafael_fonteles_4_46812564d0-300x200.jpeg 300w, https:\/\/noticiaempauta.com\/portal\/wp-content\/uploads\/2024\/08\/large_governador_rafael_fonteles_4_46812564d0-768x512.jpeg 768w\" sizes=\"(max-width: 1000px) 100vw, 1000px\" \/><\/figure>\n\n\n\n<p>Rafael Fonteles frisou que o Banco Mundial \u00e9 focado em liberar recursos para o desenvolvimento humano e em condi\u00e7\u00f5es especiais [de financiamento]. \u201cO objetivo desse contrato \u00e9 para recuperar o desenvolvimento humano dessas comunidades depois do impacto da pandemia da Covid-19. O Banco Mundial \u00e9 um parceiro que, al\u00e9m de nos conceder o financiamento em condi\u00e7\u00f5es muito especiais, traz toda a expertise da experi\u00eancia global que o banco tem em v\u00e1rias regi\u00f5es do mundo\u201d, disse o governador.<\/p>\n\n\n\n<figure class=\"wp-block-image size-large\"><img decoding=\"async\" width=\"1024\" height=\"683\" src=\"https:\/\/noticiaempauta.com\/portal\/wp-content\/uploads\/2024\/08\/WhatsApp-Image-2024-08-28-at-11.17.15-1024x683.jpeg\" alt=\"\" class=\"wp-image-261633\" srcset=\"https:\/\/noticiaempauta.com\/portal\/wp-content\/uploads\/2024\/08\/WhatsApp-Image-2024-08-28-at-11.17.15-1024x683.jpeg 1024w, https:\/\/noticiaempauta.com\/portal\/wp-content\/uploads\/2024\/08\/WhatsApp-Image-2024-08-28-at-11.17.15-300x200.jpeg 300w, https:\/\/noticiaempauta.com\/portal\/wp-content\/uploads\/2024\/08\/WhatsApp-Image-2024-08-28-at-11.17.15-768x512.jpeg 768w, https:\/\/noticiaempauta.com\/portal\/wp-content\/uploads\/2024\/08\/WhatsApp-Image-2024-08-28-at-11.17.15-1536x1024.jpeg 1536w, https:\/\/noticiaempauta.com\/portal\/wp-content\/uploads\/2024\/08\/WhatsApp-Image-2024-08-28-at-11.17.15-2048x1366.jpeg 2048w\" sizes=\"(max-width: 1024px) 100vw, 1024px\" \/><\/figure>\n\n\n\n<p><strong>Sa\u00fade<\/strong><\/p>\n\n\n\n<p>A \u00e1rea de vigil\u00e2ncia em sa\u00fade ter\u00e1 &nbsp;US$ 25 milh\u00f5es, cerca de R$ 135 milh\u00f5es. Os recursos ser\u00e3o usados para melhoria dos servi\u00e7os de verifica\u00e7\u00e3o de obitu\u00e1rio, a descentraliza\u00e7\u00e3o do Laborat\u00f3rio Central (Lacen) para as macrorregi\u00f5es de sa\u00fade do Piau\u00ed, aquisi\u00e7\u00e3o de ve\u00edculos para transportar pacientes entre munic\u00edpios, al\u00e9m de capacita\u00e7\u00e3o e consultorias para ajudar os munic\u00edpios na preven\u00e7\u00e3o de doen\u00e7as.<\/p>\n\n\n\n<p>\u201c\u00c9 um investimento muito importante, pois permitir\u00e1 ao Estado dar apoio aos munic\u00edpios e reduzir as doen\u00e7as mais graves que chegam aos hospitais\u201d, explicou Antonio Luiz Soares.<\/p>\n\n\n\n<p><strong>Assist\u00eancia social e qualifica\u00e7\u00e3o profissional<\/strong><\/p>\n\n\n\n<p>J\u00e1 a assist\u00eancia social receber\u00e1 US$ 26 milh\u00f5es, o que equivale a R$ 140,4 milh\u00f5es. O investimento ser\u00e1 na transfer\u00eancia de renda, cursos de qualifica\u00e7\u00e3o profissional para a popula\u00e7\u00e3o mais vulner\u00e1vel, moderniza\u00e7\u00e3o administrativa da Sasc, compra de equipamentos e de ve\u00edculos, al\u00e9m de forma\u00e7\u00e3o de t\u00e9cnicos e gestores.<\/p>\n\n\n\n<p>\u201cS\u00e3o cinco anos de execu\u00e7\u00e3o do projeto e a gente acredita que isso vai contribuir muito para a assist\u00eancia social do nosso estado\u201d, frisou a superintendente da Assist\u00eancia Social, Jana\u00edna Mapurunga.<\/p>\n\n\n\n<p>Johannes Zutt destacou que o Banco Mundial tem uma parceria antiga com o Piau\u00ed e falou sobre a import\u00e2ncia de ter\u00a0um bom sistema de<strong>\u00a0<\/strong>sa\u00fade e de prote\u00e7\u00e3o social para a popula\u00e7\u00e3o.\u00a0<\/p>\n\n\n\n<p><strong>Assist\u00eancia e sa\u00fade mais fortalecidas<\/strong><\/p>\n\n\n\n<p>Washington Bonfim explicou que os recursos ser\u00e3o importantes para fortalecer a sa\u00fade e vigil\u00e2ncia sanit\u00e1ria do Piau\u00ed, que estar\u00e3o mais preparadas para futuras pandemias. \u201cA Secretaria da Sa\u00fade estar\u00e1 mais bem aparelhada, em termos dos investimentos, para enfrentar, digamos assim, essas novas pandemias ou novas doen\u00e7as que possam ter um alastramento muito r\u00e1pido\u201d, afirmou o secret\u00e1rio.<\/p>\n\n\n\n<p>Em\u00edlio J\u00fanior ressaltou que o Banco Mundial tem v\u00e1rios empr\u00e9stimos com o Piau\u00ed, com recursos destinados para a melhoria da qualidade de vida da popula\u00e7\u00e3o, em \u00e1reas distintas. Os recursos s\u00e3o oferecidos para melhorar a qualidade de vida da popula\u00e7\u00e3o. \u201c\u00c9 um banco muito comprometido com o social, que \u00e9 mais ou menos aquilo que \u00e9 a pol\u00edtica do que o nosso governo trabalha. Temos v\u00e1rias opera\u00e7\u00f5es de cr\u00e9dito com o banco voltadas para pessoas do campo, \u00e1rea fiscal, econ\u00f4mica, etc\u201d, frisou o gestor.<\/p>\n\n\n\n<p>CCOM-PI<\/p>\n","protected":false},"excerpt":{"rendered":"<p>Os recursos v\u00e3o contribuir para melhorar a qualidade de vida da popula\u00e7\u00e3o do Piau\u00ed.<\/p>\n","protected":false},"author":2,"featured_media":261631,"comment_status":"open","ping_status":"open","sticky":false,"template":"","format":"standard","meta":{"_mi_skip_tracking":false,"footnotes":""},"categories":[25,6,1,16],"tags":[192],"class_list":["post-261630","post","type-post","status-publish","format-standard","has-post-thumbnail","hentry","category-destaques-site","category-economia","category-geral","category-todas","tag-destaqueprincipal"],"acf":[],"yoast_head":"<!-- This site is optimized with the Yoast SEO Premium plugin v19.2 (Yoast SEO v26.9) - https:\/\/yoast.com\/product\/yoast-seo-premium-wordpress\/ -->\n<title>Governador assina contrato com Banco Mundial para investir R$ 340 milh\u00f5es em assist\u00eancia social, sa\u00fade e qualifica\u00e7\u00e3o - Portal Not\u00edcia em Pauta<\/title>\n<meta name=\"robots\" content=\"index, follow, max-snippet:-1, max-image-preview:large, max-video-preview:-1\" \/>\n<link rel=\"canonical\" href=\"https:\/\/noticiaempauta.com\/portal\/governador-assina-contrato-com-banco-mundial-para-investir-r-340-milhoes-em-assistencia-social-saude-e-qualificacao\/\" \/>\n<meta property=\"og:locale\" content=\"pt_BR\" \/>\n<meta property=\"og:type\" content=\"article\" \/>\n<meta property=\"og:title\" content=\"Governador assina contrato com Banco Mundial para investir R$ 340 milh\u00f5es em assist\u00eancia social, sa\u00fade e qualifica\u00e7\u00e3o\" \/>\n<meta property=\"og:description\" content=\"Os recursos v\u00e3o contribuir para melhorar a qualidade de vida da popula\u00e7\u00e3o do Piau\u00ed.\" \/>\n<meta property=\"og:url\" content=\"https:\/\/noticiaempauta.com\/portal\/governador-assina-contrato-com-banco-mundial-para-investir-r-340-milhoes-em-assistencia-social-saude-e-qualificacao\/\" \/>\n<meta property=\"og:site_name\" content=\"Portal Not\u00edcia em Pauta\" \/>\n<meta property=\"article:publisher\" content=\"https:\/\/www.facebook.com\/Portal-Notcia-Em-Pauta-102292869264820\/\" \/>\n<meta property=\"article:published_time\" content=\"2024-08-29T14:17:20+00:00\" \/>\n<meta property=\"article:modified_time\" content=\"2024-08-29T14:17:21+00:00\" \/>\n<meta property=\"og:image\" content=\"https:\/\/noticiaempauta.com\/portal\/wp-content\/uploads\/2024\/08\/large_Whats_App_Image_2024_08_28_at_11_17_21_7659ae52ad.jpeg\" \/>\n\t<meta property=\"og:image:width\" content=\"1000\" \/>\n\t<meta property=\"og:image:height\" content=\"667\" \/>\n\t<meta property=\"og:image:type\" content=\"image\/jpeg\" \/>\n<meta name=\"author\" content=\"Reda\u00e7\u00e3o\" \/>\n<meta name=\"twitter:card\" content=\"summary_large_image\" \/>\n<meta name=\"twitter:label1\" content=\"Escrito por\" \/>\n\t<meta name=\"twitter:data1\" content=\"Reda\u00e7\u00e3o\" \/>\n\t<meta name=\"twitter:label2\" content=\"Est. tempo de leitura\" \/>\n\t<meta name=\"twitter:data2\" content=\"4 minutos\" \/>\n<script type=\"application\/ld+json\" class=\"yoast-schema-graph\">{\"@context\":\"https:\/\/schema.org\",\"@graph\":[{\"@type\":\"Article\",\"@id\":\"https:\/\/noticiaempauta.com\/portal\/governador-assina-contrato-com-banco-mundial-para-investir-r-340-milhoes-em-assistencia-social-saude-e-qualificacao\/#article\",\"isPartOf\":{\"@id\":\"https:\/\/noticiaempauta.com\/portal\/governador-assina-contrato-com-banco-mundial-para-investir-r-340-milhoes-em-assistencia-social-saude-e-qualificacao\/\"},\"author\":{\"name\":\"Reda\u00e7\u00e3o\",\"@id\":\"https:\/\/noticiaempauta.com\/portal\/#\/schema\/person\/a74af43dd1ab3deca45f988c717d57ac\"},\"headline\":\"Governador assina contrato com Banco Mundial para investir R$ 340 milh\u00f5es em assist\u00eancia social, sa\u00fade e qualifica\u00e7\u00e3o\",\"datePublished\":\"2024-08-29T14:17:20+00:00\",\"dateModified\":\"2024-08-29T14:17:21+00:00\",\"mainEntityOfPage\":{\"@id\":\"https:\/\/noticiaempauta.com\/portal\/governador-assina-contrato-com-banco-mundial-para-investir-r-340-milhoes-em-assistencia-social-saude-e-qualificacao\/\"},\"wordCount\":638,\"commentCount\":0,\"publisher\":{\"@id\":\"https:\/\/noticiaempauta.com\/portal\/#organization\"},\"image\":{\"@id\":\"https:\/\/noticiaempauta.com\/portal\/governador-assina-contrato-com-banco-mundial-para-investir-r-340-milhoes-em-assistencia-social-saude-e-qualificacao\/#primaryimage\"},\"thumbnailUrl\":\"https:\/\/noticiaempauta.com\/portal\/wp-content\/uploads\/2024\/08\/large_Whats_App_Image_2024_08_28_at_11_17_21_7659ae52ad.jpeg\",\"keywords\":[\"destaqueprincipal\"],\"articleSection\":[\"Destaques\",\"Economia\",\"Geral\",\"Todas as Not\u00edcias\"],\"inLanguage\":\"pt-BR\",\"potentialAction\":[{\"@type\":\"CommentAction\",\"name\":\"Comment\",\"target\":[\"https:\/\/noticiaempauta.com\/portal\/governador-assina-contrato-com-banco-mundial-para-investir-r-340-milhoes-em-assistencia-social-saude-e-qualificacao\/#respond\"]}]},{\"@type\":\"WebPage\",\"@id\":\"https:\/\/noticiaempauta.com\/portal\/governador-assina-contrato-com-banco-mundial-para-investir-r-340-milhoes-em-assistencia-social-saude-e-qualificacao\/\",\"url\":\"https:\/\/noticiaempauta.com\/portal\/governador-assina-contrato-com-banco-mundial-para-investir-r-340-milhoes-em-assistencia-social-saude-e-qualificacao\/\",\"name\":\"Governador assina contrato com Banco Mundial para investir R$ 340 milh\u00f5es em assist\u00eancia social, sa\u00fade e qualifica\u00e7\u00e3o - Portal Not\u00edcia em Pauta\",\"isPartOf\":{\"@id\":\"https:\/\/noticiaempauta.com\/portal\/#website\"},\"primaryImageOfPage\":{\"@id\":\"https:\/\/noticiaempauta.com\/portal\/governador-assina-contrato-com-banco-mundial-para-investir-r-340-milhoes-em-assistencia-social-saude-e-qualificacao\/#primaryimage\"},\"image\":{\"@id\":\"https:\/\/noticiaempauta.com\/portal\/governador-assina-contrato-com-banco-mundial-para-investir-r-340-milhoes-em-assistencia-social-saude-e-qualificacao\/#primaryimage\"},\"thumbnailUrl\":\"https:\/\/noticiaempauta.com\/portal\/wp-content\/uploads\/2024\/08\/large_Whats_App_Image_2024_08_28_at_11_17_21_7659ae52ad.jpeg\",\"datePublished\":\"2024-08-29T14:17:20+00:00\",\"dateModified\":\"2024-08-29T14:17:21+00:00\",\"breadcrumb\":{\"@id\":\"https:\/\/noticiaempauta.com\/portal\/governador-assina-contrato-com-banco-mundial-para-investir-r-340-milhoes-em-assistencia-social-saude-e-qualificacao\/#breadcrumb\"},\"inLanguage\":\"pt-BR\",\"potentialAction\":[{\"@type\":\"ReadAction\",\"target\":[\"https:\/\/noticiaempauta.com\/portal\/governador-assina-contrato-com-banco-mundial-para-investir-r-340-milhoes-em-assistencia-social-saude-e-qualificacao\/\"]}]},{\"@type\":\"ImageObject\",\"inLanguage\":\"pt-BR\",\"@id\":\"https:\/\/noticiaempauta.com\/portal\/governador-assina-contrato-com-banco-mundial-para-investir-r-340-milhoes-em-assistencia-social-saude-e-qualificacao\/#primaryimage\",\"url\":\"https:\/\/noticiaempauta.com\/portal\/wp-content\/uploads\/2024\/08\/large_Whats_App_Image_2024_08_28_at_11_17_21_7659ae52ad.jpeg\",\"contentUrl\":\"https:\/\/noticiaempauta.com\/portal\/wp-content\/uploads\/2024\/08\/large_Whats_App_Image_2024_08_28_at_11_17_21_7659ae52ad.jpeg\",\"width\":1000,\"height\":667},{\"@type\":\"BreadcrumbList\",\"@id\":\"https:\/\/noticiaempauta.com\/portal\/governador-assina-contrato-com-banco-mundial-para-investir-r-340-milhoes-em-assistencia-social-saude-e-qualificacao\/#breadcrumb\",\"itemListElement\":[{\"@type\":\"ListItem\",\"position\":1,\"name\":\"P\u00e1gina Inicial\",\"item\":\"https:\/\/noticiaempauta.com\/portal\/\"},{\"@type\":\"ListItem\",\"position\":2,\"name\":\"Destaques\",\"item\":\"https:\/\/noticiaempauta.com\/portal\/destaques-site\/\"},{\"@type\":\"ListItem\",\"position\":3,\"name\":\"Governador assina contrato com Banco Mundial para investir R$ 340 milh\u00f5es em assist\u00eancia social, sa\u00fade e qualifica\u00e7\u00e3o\"}]},{\"@type\":\"WebSite\",\"@id\":\"https:\/\/noticiaempauta.com\/portal\/#website\",\"url\":\"https:\/\/noticiaempauta.com\/portal\/\",\"name\":\"Portal Not\u00edcia em Pauta\",\"description\":\"Voc\u00ea bem informado\",\"publisher\":{\"@id\":\"https:\/\/noticiaempauta.com\/portal\/#organization\"},\"potentialAction\":[{\"@type\":\"SearchAction\",\"target\":{\"@type\":\"EntryPoint\",\"urlTemplate\":\"https:\/\/noticiaempauta.com\/portal\/?s={search_term_string}\"},\"query-input\":{\"@type\":\"PropertyValueSpecification\",\"valueRequired\":true,\"valueName\":\"search_term_string\"}}],\"inLanguage\":\"pt-BR\"},{\"@type\":\"Organization\",\"@id\":\"https:\/\/noticiaempauta.com\/portal\/#organization\",\"name\":\"Portal Not\u00edcia em Pauta\",\"url\":\"https:\/\/noticiaempauta.com\/portal\/\",\"logo\":{\"@type\":\"ImageObject\",\"inLanguage\":\"pt-BR\",\"@id\":\"https:\/\/noticiaempauta.com\/portal\/#\/schema\/logo\/image\/\",\"url\":\"https:\/\/noticiaempauta.com\/portal\/wp-content\/uploads\/2022\/08\/logomarca_tema.fw_.png\",\"contentUrl\":\"https:\/\/noticiaempauta.com\/portal\/wp-content\/uploads\/2022\/08\/logomarca_tema.fw_.png\",\"width\":400,\"height\":232,\"caption\":\"Portal Not\u00edcia em Pauta\"},\"image\":{\"@id\":\"https:\/\/noticiaempauta.com\/portal\/#\/schema\/logo\/image\/\"},\"sameAs\":[\"https:\/\/www.facebook.com\/Portal-Notcia-Em-Pauta-102292869264820\/\",\"https:\/\/www.instagram.com\/portalnoticiaempauta\/\"]},{\"@type\":\"Person\",\"@id\":\"https:\/\/noticiaempauta.com\/portal\/#\/schema\/person\/a74af43dd1ab3deca45f988c717d57ac\",\"name\":\"Reda\u00e7\u00e3o\",\"image\":{\"@type\":\"ImageObject\",\"inLanguage\":\"pt-BR\",\"@id\":\"https:\/\/noticiaempauta.com\/portal\/#\/schema\/person\/image\/\",\"url\":\"https:\/\/secure.gravatar.com\/avatar\/03179346ecce6cdfc13361603e8f54242a90e5cde8618fa23c5c00aa2b0aadf3?s=96&d=mm&r=g\",\"contentUrl\":\"https:\/\/secure.gravatar.com\/avatar\/03179346ecce6cdfc13361603e8f54242a90e5cde8618fa23c5c00aa2b0aadf3?s=96&d=mm&r=g\",\"caption\":\"Reda\u00e7\u00e3o\"},\"sameAs\":[\"https:\/\/noticiaempauta.com\/portal\/\"],\"url\":\"https:\/\/noticiaempauta.com\/portal\/author\/fernando\/\"}]}<\/script>\n<!-- \/ Yoast SEO Premium plugin. -->","yoast_head_json":{"title":"Governador assina contrato com Banco Mundial para investir R$ 340 milh\u00f5es em assist\u00eancia social, sa\u00fade e qualifica\u00e7\u00e3o - Portal Not\u00edcia em Pauta","robots":{"index":"index","follow":"follow","max-snippet":"max-snippet:-1","max-image-preview":"max-image-preview:large","max-video-preview":"max-video-preview:-1"},"canonical":"https:\/\/noticiaempauta.com\/portal\/governador-assina-contrato-com-banco-mundial-para-investir-r-340-milhoes-em-assistencia-social-saude-e-qualificacao\/","og_locale":"pt_BR","og_type":"article","og_title":"Governador assina contrato com Banco Mundial para investir R$ 340 milh\u00f5es em assist\u00eancia social, sa\u00fade e qualifica\u00e7\u00e3o","og_description":"Os recursos v\u00e3o contribuir para melhorar a qualidade de vida da popula\u00e7\u00e3o do Piau\u00ed.","og_url":"https:\/\/noticiaempauta.com\/portal\/governador-assina-contrato-com-banco-mundial-para-investir-r-340-milhoes-em-assistencia-social-saude-e-qualificacao\/","og_site_name":"Portal Not\u00edcia em Pauta","article_publisher":"https:\/\/www.facebook.com\/Portal-Notcia-Em-Pauta-102292869264820\/","article_published_time":"2024-08-29T14:17:20+00:00","article_modified_time":"2024-08-29T14:17:21+00:00","og_image":[{"width":1000,"height":667,"url":"https:\/\/noticiaempauta.com\/portal\/wp-content\/uploads\/2024\/08\/large_Whats_App_Image_2024_08_28_at_11_17_21_7659ae52ad.jpeg","type":"image\/jpeg"}],"author":"Reda\u00e7\u00e3o","twitter_card":"summary_large_image","twitter_misc":{"Escrito por":"Reda\u00e7\u00e3o","Est. tempo de leitura":"4 minutos"},"schema":{"@context":"https:\/\/schema.org","@graph":[{"@type":"Article","@id":"https:\/\/noticiaempauta.com\/portal\/governador-assina-contrato-com-banco-mundial-para-investir-r-340-milhoes-em-assistencia-social-saude-e-qualificacao\/#article","isPartOf":{"@id":"https:\/\/noticiaempauta.com\/portal\/governador-assina-contrato-com-banco-mundial-para-investir-r-340-milhoes-em-assistencia-social-saude-e-qualificacao\/"},"author":{"name":"Reda\u00e7\u00e3o","@id":"https:\/\/noticiaempauta.com\/portal\/#\/schema\/person\/a74af43dd1ab3deca45f988c717d57ac"},"headline":"Governador assina contrato com Banco Mundial para investir R$ 340 milh\u00f5es em assist\u00eancia social, sa\u00fade e qualifica\u00e7\u00e3o","datePublished":"2024-08-29T14:17:20+00:00","dateModified":"2024-08-29T14:17:21+00:00","mainEntityOfPage":{"@id":"https:\/\/noticiaempauta.com\/portal\/governador-assina-contrato-com-banco-mundial-para-investir-r-340-milhoes-em-assistencia-social-saude-e-qualificacao\/"},"wordCount":638,"commentCount":0,"publisher":{"@id":"https:\/\/noticiaempauta.com\/portal\/#organization"},"image":{"@id":"https:\/\/noticiaempauta.com\/portal\/governador-assina-contrato-com-banco-mundial-para-investir-r-340-milhoes-em-assistencia-social-saude-e-qualificacao\/#primaryimage"},"thumbnailUrl":"https:\/\/noticiaempauta.com\/portal\/wp-content\/uploads\/2024\/08\/large_Whats_App_Image_2024_08_28_at_11_17_21_7659ae52ad.jpeg","keywords":["destaqueprincipal"],"articleSection":["Destaques","Economia","Geral","Todas as Not\u00edcias"],"inLanguage":"pt-BR","potentialAction":[{"@type":"CommentAction","name":"Comment","target":["https:\/\/noticiaempauta.com\/portal\/governador-assina-contrato-com-banco-mundial-para-investir-r-340-milhoes-em-assistencia-social-saude-e-qualificacao\/#respond"]}]},{"@type":"WebPage","@id":"https:\/\/noticiaempauta.com\/portal\/governador-assina-contrato-com-banco-mundial-para-investir-r-340-milhoes-em-assistencia-social-saude-e-qualificacao\/","url":"https:\/\/noticiaempauta.com\/portal\/governador-assina-contrato-com-banco-mundial-para-investir-r-340-milhoes-em-assistencia-social-saude-e-qualificacao\/","name":"Governador assina contrato com Banco Mundial para investir R$ 340 milh\u00f5es em assist\u00eancia social, sa\u00fade e qualifica\u00e7\u00e3o - Portal Not\u00edcia em Pauta","isPartOf":{"@id":"https:\/\/noticiaempauta.com\/portal\/#website"},"primaryImageOfPage":{"@id":"https:\/\/noticiaempauta.com\/portal\/governador-assina-contrato-com-banco-mundial-para-investir-r-340-milhoes-em-assistencia-social-saude-e-qualificacao\/#primaryimage"},"image":{"@id":"https:\/\/noticiaempauta.com\/portal\/governador-assina-contrato-com-banco-mundial-para-investir-r-340-milhoes-em-assistencia-social-saude-e-qualificacao\/#primaryimage"},"thumbnailUrl":"https:\/\/noticiaempauta.com\/portal\/wp-content\/uploads\/2024\/08\/large_Whats_App_Image_2024_08_28_at_11_17_21_7659ae52ad.jpeg","datePublished":"2024-08-29T14:17:20+00:00","dateModified":"2024-08-29T14:17:21+00:00","breadcrumb":{"@id":"https:\/\/noticiaempauta.com\/portal\/governador-assina-contrato-com-banco-mundial-para-investir-r-340-milhoes-em-assistencia-social-saude-e-qualificacao\/#breadcrumb"},"inLanguage":"pt-BR","potentialAction":[{"@type":"ReadAction","target":["https:\/\/noticiaempauta.com\/portal\/governador-assina-contrato-com-banco-mundial-para-investir-r-340-milhoes-em-assistencia-social-saude-e-qualificacao\/"]}]},{"@type":"ImageObject","inLanguage":"pt-BR","@id":"https:\/\/noticiaempauta.com\/portal\/governador-assina-contrato-com-banco-mundial-para-investir-r-340-milhoes-em-assistencia-social-saude-e-qualificacao\/#primaryimage","url":"https:\/\/noticiaempauta.com\/portal\/wp-content\/uploads\/2024\/08\/large_Whats_App_Image_2024_08_28_at_11_17_21_7659ae52ad.jpeg","contentUrl":"https:\/\/noticiaempauta.com\/portal\/wp-content\/uploads\/2024\/08\/large_Whats_App_Image_2024_08_28_at_11_17_21_7659ae52ad.jpeg","width":1000,"height":667},{"@type":"BreadcrumbList","@id":"https:\/\/noticiaempauta.com\/portal\/governador-assina-contrato-com-banco-mundial-para-investir-r-340-milhoes-em-assistencia-social-saude-e-qualificacao\/#breadcrumb","itemListElement":[{"@type":"ListItem","position":1,"name":"P\u00e1gina Inicial","item":"https:\/\/noticiaempauta.com\/portal\/"},{"@type":"ListItem","position":2,"name":"Destaques","item":"https:\/\/noticiaempauta.com\/portal\/destaques-site\/"},{"@type":"ListItem","position":3,"name":"Governador assina contrato com Banco Mundial para investir R$ 340 milh\u00f5es em assist\u00eancia social, sa\u00fade e qualifica\u00e7\u00e3o"}]},{"@type":"WebSite","@id":"https:\/\/noticiaempauta.com\/portal\/#website","url":"https:\/\/noticiaempauta.com\/portal\/","name":"Portal Not\u00edcia em Pauta","description":"Voc\u00ea bem informado","publisher":{"@id":"https:\/\/noticiaempauta.com\/portal\/#organization"},"potentialAction":[{"@type":"SearchAction","target":{"@type":"EntryPoint","urlTemplate":"https:\/\/noticiaempauta.com\/portal\/?s={search_term_string}"},"query-input":{"@type":"PropertyValueSpecification","valueRequired":true,"valueName":"search_term_string"}}],"inLanguage":"pt-BR"},{"@type":"Organization","@id":"https:\/\/noticiaempauta.com\/portal\/#organization","name":"Portal Not\u00edcia em Pauta","url":"https:\/\/noticiaempauta.com\/portal\/","logo":{"@type":"ImageObject","inLanguage":"pt-BR","@id":"https:\/\/noticiaempauta.com\/portal\/#\/schema\/logo\/image\/","url":"https:\/\/noticiaempauta.com\/portal\/wp-content\/uploads\/2022\/08\/logomarca_tema.fw_.png","contentUrl":"https:\/\/noticiaempauta.com\/portal\/wp-content\/uploads\/2022\/08\/logomarca_tema.fw_.png","width":400,"height":232,"caption":"Portal Not\u00edcia em Pauta"},"image":{"@id":"https:\/\/noticiaempauta.com\/portal\/#\/schema\/logo\/image\/"},"sameAs":["https:\/\/www.facebook.com\/Portal-Notcia-Em-Pauta-102292869264820\/","https:\/\/www.instagram.com\/portalnoticiaempauta\/"]},{"@type":"Person","@id":"https:\/\/noticiaempauta.com\/portal\/#\/schema\/person\/a74af43dd1ab3deca45f988c717d57ac","name":"Reda\u00e7\u00e3o","image":{"@type":"ImageObject","inLanguage":"pt-BR","@id":"https:\/\/noticiaempauta.com\/portal\/#\/schema\/person\/image\/","url":"https:\/\/secure.gravatar.com\/avatar\/03179346ecce6cdfc13361603e8f54242a90e5cde8618fa23c5c00aa2b0aadf3?s=96&d=mm&r=g","contentUrl":"https:\/\/secure.gravatar.com\/avatar\/03179346ecce6cdfc13361603e8f54242a90e5cde8618fa23c5c00aa2b0aadf3?s=96&d=mm&r=g","caption":"Reda\u00e7\u00e3o"},"sameAs":["https:\/\/noticiaempauta.com\/portal\/"],"url":"https:\/\/noticiaempauta.com\/portal\/author\/fernando\/"}]}},"_links":{"self":[{"href":"https:\/\/noticiaempauta.com\/portal\/wp-json\/wp\/v2\/posts\/261630","targetHints":{"allow":["GET"]}}],"collection":[{"href":"https:\/\/noticiaempauta.com\/portal\/wp-json\/wp\/v2\/posts"}],"about":[{"href":"https:\/\/noticiaempauta.com\/portal\/wp-json\/wp\/v2\/types\/post"}],"author":[{"embeddable":true,"href":"https:\/\/noticiaempauta.com\/portal\/wp-json\/wp\/v2\/users\/2"}],"replies":[{"embeddable":true,"href":"https:\/\/noticiaempauta.com\/portal\/wp-json\/wp\/v2\/comments?post=261630"}],"version-history":[{"count":2,"href":"https:\/\/noticiaempauta.com\/portal\/wp-json\/wp\/v2\/posts\/261630\/revisions"}],"predecessor-version":[{"id":261635,"href":"https:\/\/noticiaempauta.com\/portal\/wp-json\/wp\/v2\/posts\/261630\/revisions\/261635"}],"wp:featuredmedia":[{"embeddable":true,"href":"https:\/\/noticiaempauta.com\/portal\/wp-json\/wp\/v2\/media\/261631"}],"wp:attachment":[{"href":"https:\/\/noticiaempauta.com\/portal\/wp-json\/wp\/v2\/media?parent=261630"}],"wp:term":[{"taxonomy":"category","embeddable":true,"href":"https:\/\/noticiaempauta.com\/portal\/wp-json\/wp\/v2\/categories?post=261630"},{"taxonomy":"post_tag","embeddable":true,"href":"https:\/\/noticiaempauta.com\/portal\/wp-json\/wp\/v2\/tags?post=261630"}],"curies":[{"name":"wp","href":"https:\/\/api.w.org\/{rel}","templated":true}]}}