{"id":261636,"date":"2024-08-29T11:33:34","date_gmt":"2024-08-29T14:33:34","guid":{"rendered":"https:\/\/noticiaempauta.com\/portal\/?p=261636"},"modified":"2024-08-29T11:33:35","modified_gmt":"2024-08-29T14:33:35","slug":"ministerio-publico-eleitoral-pede-cassacao-da-chapa-do-prefeito-de-massape-rivaldo-carvalho-e-do-vice-jose-carlos","status":"publish","type":"post","link":"https:\/\/noticiaempauta.com\/portal\/ministerio-publico-eleitoral-pede-cassacao-da-chapa-do-prefeito-de-massape-rivaldo-carvalho-e-do-vice-jose-carlos\/","title":{"rendered":"Minist\u00e9rio P\u00fablico Eleitoral pede cassa\u00e7\u00e3o da chapa do prefeito de Massap\u00ea, Rivaldo Carvalho e do vice Jos\u00e9 Carlos"},"content":{"rendered":"\n<p>A campanha de reelei\u00e7\u00e3o do atual prefeito de Massap\u00ea, Rivaldo Carvalho, e seu vice, Jos\u00e9 Carlos, ambos da coliga\u00e7\u00e3o &#8220;Para Seguir Cuidando da Nossa Gente&#8221; (PSD, PP), enfrenta um s\u00e9rio rev\u00e9s jur\u00eddico. O Minist\u00e9rio P\u00fablico Eleitoral se posicionou favoravelmente \u00e0 cassa\u00e7\u00e3o da chapa, devido a irregularidades no preenchimento de documentos obrigat\u00f3rios junto \u00e0 Justi\u00e7a Eleitoral, especificamente no que diz respeito ao registro de candidatura.<\/p>\n\n\n\n<figure class=\"wp-block-image size-full\"><img fetchpriority=\"high\" decoding=\"async\" width=\"1024\" height=\"591\" src=\"https:\/\/noticiaempauta.com\/portal\/wp-content\/uploads\/2024\/08\/convencao-massape-1.jpg\" alt=\"\" class=\"wp-image-261638\" srcset=\"https:\/\/noticiaempauta.com\/portal\/wp-content\/uploads\/2024\/08\/convencao-massape-1.jpg 1024w, https:\/\/noticiaempauta.com\/portal\/wp-content\/uploads\/2024\/08\/convencao-massape-1-300x173.jpg 300w, https:\/\/noticiaempauta.com\/portal\/wp-content\/uploads\/2024\/08\/convencao-massape-1-768x443.jpg 768w\" sizes=\"(max-width: 1024px) 100vw, 1024px\" \/><figcaption class=\"wp-element-caption\">Rivaldo Carvalho e Z\u00e9 Carlos (Foto: Reprodu\u00e7\u00e3o)<\/figcaption><\/figure>\n\n\n\n<p>Segundo o Minist\u00e9rio P\u00fablico, o senhor Francisco La\u00e9rcio de Carvalho Costa, respons\u00e1vel pelo preenchimento do Documento de Regularidade de Atos Partid\u00e1rios (DRAP), n\u00e3o possu\u00eda legitimidade perante a lei eleitoral para desempenhar tal fun\u00e7\u00e3o. Em decorr\u00eancia dessa irregularidade, a chapa foi notificada e teve um prazo de cinco dias para corrigir o erro. No entanto, o prazo n\u00e3o foi cumprido, o que levou o Minist\u00e9rio P\u00fablico a solicitar a cassa\u00e7\u00e3o do registro de candidatura.<\/p>\n\n\n\n<p>Agora, a decis\u00e3o final est\u00e1 nas m\u00e3os do Juiz Eleitoral, Dr. Ant\u00f4nio Genival, respons\u00e1vel pela 19\u00aa Zona Eleitoral de Jaic\u00f3s, que decidir\u00e1 se segue a recomenda\u00e7\u00e3o do Minist\u00e9rio P\u00fablico, o que resultaria na cassa\u00e7\u00e3o da chapa de Rivaldo Carvalho e Jos\u00e9 Carlos, colocando fim a possibilidade de reelei\u00e7\u00e3o do grupo pol\u00edtico que atualmente governa Massap\u00ea. Caso contr\u00e1rio, o juiz poder\u00e1 optar por uma decis\u00e3o contr\u00e1ria, o que manteria a candidatura em curso, apesar da recomenda\u00e7\u00e3o contr\u00e1ria do Minist\u00e9rio P\u00fablico.<\/p>\n\n\n\n<p><strong>Veja decis\u00e3o<\/strong> <strong>do MPE<\/strong><\/p>\n\n\n\n<div data-wp-interactive=\"core\/file\" class=\"wp-block-file\"><object data-wp-bind--hidden=\"!state.hasPdfPreview\" hidden class=\"wp-block-file__embed\" data=\"https:\/\/noticiaempauta.com\/portal\/wp-content\/uploads\/2024\/08\/0600181-45.2024.6.18.0019.pdf\" type=\"application\/pdf\" style=\"width:100%;height:600px\" aria-label=\"Incorporado de 0600181-45.2024.6.18.0019.\"><\/object><a id=\"wp-block-file--media-870e32b4-6a09-4829-aa76-11ba25b6a8c3\" href=\"https:\/\/noticiaempauta.com\/portal\/wp-content\/uploads\/2024\/08\/0600181-45.2024.6.18.0019.pdf\">0600181-45.2024.6.18.0019<\/a><a href=\"https:\/\/noticiaempauta.com\/portal\/wp-content\/uploads\/2024\/08\/0600181-45.2024.6.18.0019.pdf\" class=\"wp-block-file__button wp-element-button\" download aria-describedby=\"wp-block-file--media-870e32b4-6a09-4829-aa76-11ba25b6a8c3\">Baixar<\/a><\/div>\n\n\n\n<p>O caso gerou grande repercuss\u00e3o na cidade, cidad\u00e3os e apoiadores aguardam ansiosamente a decis\u00e3o judicial que pode mudar os rumos da pol\u00edtica local.<\/p>\n\n\n\n<p>O espa\u00e7o segue aberto para maiores esclarecimentos.<\/p>\n","protected":false},"excerpt":{"rendered":"<p>A campanha de reelei\u00e7\u00e3o do atual prefeito de Massap\u00ea, Rivaldo Carvalho, e seu vice, Jos\u00e9 Carlos, ambos da coliga\u00e7\u00e3o &#8220;Para Seguir Cuidando da Nossa Gente&#8221; (PSD, PP), enfrenta um s\u00e9rio rev\u00e9s jur\u00eddico. O Minist\u00e9rio P\u00fablico Eleitoral se posicionou favoravelmente \u00e0 cassa\u00e7\u00e3o da chapa, devido a irregularidades no preenchimento de documentos obrigat\u00f3rios junto \u00e0 Justi\u00e7a Eleitoral, [&hellip;]<\/p>\n","protected":false},"author":2,"featured_media":261637,"comment_status":"open","ping_status":"open","sticky":false,"template":"","format":"standard","meta":{"_mi_skip_tracking":false,"footnotes":""},"categories":[25,1,9,16],"tags":[],"class_list":["post-261636","post","type-post","status-publish","format-standard","has-post-thumbnail","hentry","category-destaques-site","category-geral","category-municipios","category-todas"],"acf":[],"yoast_head":"<!-- This site is optimized with the Yoast SEO Premium plugin v19.2 (Yoast SEO v26.9) - https:\/\/yoast.com\/product\/yoast-seo-premium-wordpress\/ -->\n<title>Minist\u00e9rio P\u00fablico Eleitoral pede cassa\u00e7\u00e3o da chapa do prefeito de Massap\u00ea, Rivaldo Carvalho e do vice Jos\u00e9 Carlos - Portal Not\u00edcia em Pauta<\/title>\n<meta name=\"robots\" content=\"index, follow, max-snippet:-1, max-image-preview:large, max-video-preview:-1\" \/>\n<link rel=\"canonical\" href=\"https:\/\/noticiaempauta.com\/portal\/ministerio-publico-eleitoral-pede-cassacao-da-chapa-do-prefeito-de-massape-rivaldo-carvalho-e-do-vice-jose-carlos\/\" \/>\n<meta property=\"og:locale\" content=\"pt_BR\" \/>\n<meta property=\"og:type\" content=\"article\" \/>\n<meta property=\"og:title\" content=\"Minist\u00e9rio P\u00fablico Eleitoral pede cassa\u00e7\u00e3o da chapa do prefeito de Massap\u00ea, Rivaldo Carvalho e do vice Jos\u00e9 Carlos\" \/>\n<meta property=\"og:description\" content=\"A campanha de reelei\u00e7\u00e3o do atual prefeito de Massap\u00ea, Rivaldo Carvalho, e seu vice, Jos\u00e9 Carlos, ambos da coliga\u00e7\u00e3o &#8220;Para Seguir Cuidando da Nossa Gente&#8221; (PSD, PP), enfrenta um s\u00e9rio rev\u00e9s jur\u00eddico. O Minist\u00e9rio P\u00fablico Eleitoral se posicionou favoravelmente \u00e0 cassa\u00e7\u00e3o da chapa, devido a irregularidades no preenchimento de documentos obrigat\u00f3rios junto \u00e0 Justi\u00e7a Eleitoral, [&hellip;]\" \/>\n<meta property=\"og:url\" content=\"https:\/\/noticiaempauta.com\/portal\/ministerio-publico-eleitoral-pede-cassacao-da-chapa-do-prefeito-de-massape-rivaldo-carvalho-e-do-vice-jose-carlos\/\" \/>\n<meta property=\"og:site_name\" content=\"Portal Not\u00edcia em Pauta\" \/>\n<meta property=\"article:publisher\" content=\"https:\/\/www.facebook.com\/Portal-Notcia-Em-Pauta-102292869264820\/\" \/>\n<meta property=\"article:published_time\" content=\"2024-08-29T14:33:34+00:00\" \/>\n<meta property=\"article:modified_time\" content=\"2024-08-29T14:33:35+00:00\" \/>\n<meta property=\"og:image\" content=\"https:\/\/noticiaempauta.com\/portal\/wp-content\/uploads\/2024\/08\/5bdc0c6b-7fe8-4acd-b96d-b49f94521c6f-8.jpg\" \/>\n\t<meta property=\"og:image:width\" content=\"700\" \/>\n\t<meta property=\"og:image:height\" content=\"394\" \/>\n\t<meta property=\"og:image:type\" content=\"image\/jpeg\" \/>\n<meta name=\"author\" content=\"Reda\u00e7\u00e3o\" \/>\n<meta name=\"twitter:card\" content=\"summary_large_image\" \/>\n<meta name=\"twitter:label1\" content=\"Escrito por\" \/>\n\t<meta name=\"twitter:data1\" content=\"Reda\u00e7\u00e3o\" \/>\n\t<meta name=\"twitter:label2\" content=\"Est. tempo de leitura\" \/>\n\t<meta name=\"twitter:data2\" content=\"2 minutos\" \/>\n<script type=\"application\/ld+json\" class=\"yoast-schema-graph\">{\"@context\":\"https:\/\/schema.org\",\"@graph\":[{\"@type\":\"Article\",\"@id\":\"https:\/\/noticiaempauta.com\/portal\/ministerio-publico-eleitoral-pede-cassacao-da-chapa-do-prefeito-de-massape-rivaldo-carvalho-e-do-vice-jose-carlos\/#article\",\"isPartOf\":{\"@id\":\"https:\/\/noticiaempauta.com\/portal\/ministerio-publico-eleitoral-pede-cassacao-da-chapa-do-prefeito-de-massape-rivaldo-carvalho-e-do-vice-jose-carlos\/\"},\"author\":{\"name\":\"Reda\u00e7\u00e3o\",\"@id\":\"https:\/\/noticiaempauta.com\/portal\/#\/schema\/person\/a74af43dd1ab3deca45f988c717d57ac\"},\"headline\":\"Minist\u00e9rio P\u00fablico Eleitoral pede cassa\u00e7\u00e3o da chapa do prefeito de Massap\u00ea, Rivaldo Carvalho e do vice Jos\u00e9 Carlos\",\"datePublished\":\"2024-08-29T14:33:34+00:00\",\"dateModified\":\"2024-08-29T14:33:35+00:00\",\"mainEntityOfPage\":{\"@id\":\"https:\/\/noticiaempauta.com\/portal\/ministerio-publico-eleitoral-pede-cassacao-da-chapa-do-prefeito-de-massape-rivaldo-carvalho-e-do-vice-jose-carlos\/\"},\"wordCount\":325,\"commentCount\":0,\"publisher\":{\"@id\":\"https:\/\/noticiaempauta.com\/portal\/#organization\"},\"image\":{\"@id\":\"https:\/\/noticiaempauta.com\/portal\/ministerio-publico-eleitoral-pede-cassacao-da-chapa-do-prefeito-de-massape-rivaldo-carvalho-e-do-vice-jose-carlos\/#primaryimage\"},\"thumbnailUrl\":\"https:\/\/noticiaempauta.com\/portal\/wp-content\/uploads\/2024\/08\/5bdc0c6b-7fe8-4acd-b96d-b49f94521c6f-8.jpg\",\"articleSection\":[\"Destaques\",\"Geral\",\"Munic\u00edpios\",\"Todas as Not\u00edcias\"],\"inLanguage\":\"pt-BR\",\"potentialAction\":[{\"@type\":\"CommentAction\",\"name\":\"Comment\",\"target\":[\"https:\/\/noticiaempauta.com\/portal\/ministerio-publico-eleitoral-pede-cassacao-da-chapa-do-prefeito-de-massape-rivaldo-carvalho-e-do-vice-jose-carlos\/#respond\"]}]},{\"@type\":\"WebPage\",\"@id\":\"https:\/\/noticiaempauta.com\/portal\/ministerio-publico-eleitoral-pede-cassacao-da-chapa-do-prefeito-de-massape-rivaldo-carvalho-e-do-vice-jose-carlos\/\",\"url\":\"https:\/\/noticiaempauta.com\/portal\/ministerio-publico-eleitoral-pede-cassacao-da-chapa-do-prefeito-de-massape-rivaldo-carvalho-e-do-vice-jose-carlos\/\",\"name\":\"Minist\u00e9rio P\u00fablico Eleitoral pede cassa\u00e7\u00e3o da chapa do prefeito de Massap\u00ea, Rivaldo Carvalho e do vice Jos\u00e9 Carlos - Portal Not\u00edcia em Pauta\",\"isPartOf\":{\"@id\":\"https:\/\/noticiaempauta.com\/portal\/#website\"},\"primaryImageOfPage\":{\"@id\":\"https:\/\/noticiaempauta.com\/portal\/ministerio-publico-eleitoral-pede-cassacao-da-chapa-do-prefeito-de-massape-rivaldo-carvalho-e-do-vice-jose-carlos\/#primaryimage\"},\"image\":{\"@id\":\"https:\/\/noticiaempauta.com\/portal\/ministerio-publico-eleitoral-pede-cassacao-da-chapa-do-prefeito-de-massape-rivaldo-carvalho-e-do-vice-jose-carlos\/#primaryimage\"},\"thumbnailUrl\":\"https:\/\/noticiaempauta.com\/portal\/wp-content\/uploads\/2024\/08\/5bdc0c6b-7fe8-4acd-b96d-b49f94521c6f-8.jpg\",\"datePublished\":\"2024-08-29T14:33:34+00:00\",\"dateModified\":\"2024-08-29T14:33:35+00:00\",\"breadcrumb\":{\"@id\":\"https:\/\/noticiaempauta.com\/portal\/ministerio-publico-eleitoral-pede-cassacao-da-chapa-do-prefeito-de-massape-rivaldo-carvalho-e-do-vice-jose-carlos\/#breadcrumb\"},\"inLanguage\":\"pt-BR\",\"potentialAction\":[{\"@type\":\"ReadAction\",\"target\":[\"https:\/\/noticiaempauta.com\/portal\/ministerio-publico-eleitoral-pede-cassacao-da-chapa-do-prefeito-de-massape-rivaldo-carvalho-e-do-vice-jose-carlos\/\"]}]},{\"@type\":\"ImageObject\",\"inLanguage\":\"pt-BR\",\"@id\":\"https:\/\/noticiaempauta.com\/portal\/ministerio-publico-eleitoral-pede-cassacao-da-chapa-do-prefeito-de-massape-rivaldo-carvalho-e-do-vice-jose-carlos\/#primaryimage\",\"url\":\"https:\/\/noticiaempauta.com\/portal\/wp-content\/uploads\/2024\/08\/5bdc0c6b-7fe8-4acd-b96d-b49f94521c6f-8.jpg\",\"contentUrl\":\"https:\/\/noticiaempauta.com\/portal\/wp-content\/uploads\/2024\/08\/5bdc0c6b-7fe8-4acd-b96d-b49f94521c6f-8.jpg\",\"width\":700,\"height\":394,\"caption\":\"Foto: divulga\u00e7\u00e3o\/MPPI\"},{\"@type\":\"BreadcrumbList\",\"@id\":\"https:\/\/noticiaempauta.com\/portal\/ministerio-publico-eleitoral-pede-cassacao-da-chapa-do-prefeito-de-massape-rivaldo-carvalho-e-do-vice-jose-carlos\/#breadcrumb\",\"itemListElement\":[{\"@type\":\"ListItem\",\"position\":1,\"name\":\"P\u00e1gina Inicial\",\"item\":\"https:\/\/noticiaempauta.com\/portal\/\"},{\"@type\":\"ListItem\",\"position\":2,\"name\":\"Destaques\",\"item\":\"https:\/\/noticiaempauta.com\/portal\/destaques-site\/\"},{\"@type\":\"ListItem\",\"position\":3,\"name\":\"Minist\u00e9rio P\u00fablico Eleitoral pede cassa\u00e7\u00e3o da chapa do prefeito de Massap\u00ea, Rivaldo Carvalho e do vice Jos\u00e9 Carlos\"}]},{\"@type\":\"WebSite\",\"@id\":\"https:\/\/noticiaempauta.com\/portal\/#website\",\"url\":\"https:\/\/noticiaempauta.com\/portal\/\",\"name\":\"Portal Not\u00edcia em Pauta\",\"description\":\"Voc\u00ea bem informado\",\"publisher\":{\"@id\":\"https:\/\/noticiaempauta.com\/portal\/#organization\"},\"potentialAction\":[{\"@type\":\"SearchAction\",\"target\":{\"@type\":\"EntryPoint\",\"urlTemplate\":\"https:\/\/noticiaempauta.com\/portal\/?s={search_term_string}\"},\"query-input\":{\"@type\":\"PropertyValueSpecification\",\"valueRequired\":true,\"valueName\":\"search_term_string\"}}],\"inLanguage\":\"pt-BR\"},{\"@type\":\"Organization\",\"@id\":\"https:\/\/noticiaempauta.com\/portal\/#organization\",\"name\":\"Portal Not\u00edcia em Pauta\",\"url\":\"https:\/\/noticiaempauta.com\/portal\/\",\"logo\":{\"@type\":\"ImageObject\",\"inLanguage\":\"pt-BR\",\"@id\":\"https:\/\/noticiaempauta.com\/portal\/#\/schema\/logo\/image\/\",\"url\":\"https:\/\/noticiaempauta.com\/portal\/wp-content\/uploads\/2022\/08\/logomarca_tema.fw_.png\",\"contentUrl\":\"https:\/\/noticiaempauta.com\/portal\/wp-content\/uploads\/2022\/08\/logomarca_tema.fw_.png\",\"width\":400,\"height\":232,\"caption\":\"Portal Not\u00edcia em Pauta\"},\"image\":{\"@id\":\"https:\/\/noticiaempauta.com\/portal\/#\/schema\/logo\/image\/\"},\"sameAs\":[\"https:\/\/www.facebook.com\/Portal-Notcia-Em-Pauta-102292869264820\/\",\"https:\/\/www.instagram.com\/portalnoticiaempauta\/\"]},{\"@type\":\"Person\",\"@id\":\"https:\/\/noticiaempauta.com\/portal\/#\/schema\/person\/a74af43dd1ab3deca45f988c717d57ac\",\"name\":\"Reda\u00e7\u00e3o\",\"image\":{\"@type\":\"ImageObject\",\"inLanguage\":\"pt-BR\",\"@id\":\"https:\/\/noticiaempauta.com\/portal\/#\/schema\/person\/image\/\",\"url\":\"https:\/\/secure.gravatar.com\/avatar\/03179346ecce6cdfc13361603e8f54242a90e5cde8618fa23c5c00aa2b0aadf3?s=96&d=mm&r=g\",\"contentUrl\":\"https:\/\/secure.gravatar.com\/avatar\/03179346ecce6cdfc13361603e8f54242a90e5cde8618fa23c5c00aa2b0aadf3?s=96&d=mm&r=g\",\"caption\":\"Reda\u00e7\u00e3o\"},\"sameAs\":[\"https:\/\/noticiaempauta.com\/portal\/\"],\"url\":\"https:\/\/noticiaempauta.com\/portal\/author\/fernando\/\"}]}<\/script>\n<!-- \/ Yoast SEO Premium plugin. -->","yoast_head_json":{"title":"Minist\u00e9rio P\u00fablico Eleitoral pede cassa\u00e7\u00e3o da chapa do prefeito de Massap\u00ea, Rivaldo Carvalho e do vice Jos\u00e9 Carlos - Portal Not\u00edcia em Pauta","robots":{"index":"index","follow":"follow","max-snippet":"max-snippet:-1","max-image-preview":"max-image-preview:large","max-video-preview":"max-video-preview:-1"},"canonical":"https:\/\/noticiaempauta.com\/portal\/ministerio-publico-eleitoral-pede-cassacao-da-chapa-do-prefeito-de-massape-rivaldo-carvalho-e-do-vice-jose-carlos\/","og_locale":"pt_BR","og_type":"article","og_title":"Minist\u00e9rio P\u00fablico Eleitoral pede cassa\u00e7\u00e3o da chapa do prefeito de Massap\u00ea, Rivaldo Carvalho e do vice Jos\u00e9 Carlos","og_description":"A campanha de reelei\u00e7\u00e3o do atual prefeito de Massap\u00ea, Rivaldo Carvalho, e seu vice, Jos\u00e9 Carlos, ambos da coliga\u00e7\u00e3o &#8220;Para Seguir Cuidando da Nossa Gente&#8221; (PSD, PP), enfrenta um s\u00e9rio rev\u00e9s jur\u00eddico. O Minist\u00e9rio P\u00fablico Eleitoral se posicionou favoravelmente \u00e0 cassa\u00e7\u00e3o da chapa, devido a irregularidades no preenchimento de documentos obrigat\u00f3rios junto \u00e0 Justi\u00e7a Eleitoral, [&hellip;]","og_url":"https:\/\/noticiaempauta.com\/portal\/ministerio-publico-eleitoral-pede-cassacao-da-chapa-do-prefeito-de-massape-rivaldo-carvalho-e-do-vice-jose-carlos\/","og_site_name":"Portal Not\u00edcia em Pauta","article_publisher":"https:\/\/www.facebook.com\/Portal-Notcia-Em-Pauta-102292869264820\/","article_published_time":"2024-08-29T14:33:34+00:00","article_modified_time":"2024-08-29T14:33:35+00:00","og_image":[{"width":700,"height":394,"url":"https:\/\/noticiaempauta.com\/portal\/wp-content\/uploads\/2024\/08\/5bdc0c6b-7fe8-4acd-b96d-b49f94521c6f-8.jpg","type":"image\/jpeg"}],"author":"Reda\u00e7\u00e3o","twitter_card":"summary_large_image","twitter_misc":{"Escrito por":"Reda\u00e7\u00e3o","Est. tempo de leitura":"2 minutos"},"schema":{"@context":"https:\/\/schema.org","@graph":[{"@type":"Article","@id":"https:\/\/noticiaempauta.com\/portal\/ministerio-publico-eleitoral-pede-cassacao-da-chapa-do-prefeito-de-massape-rivaldo-carvalho-e-do-vice-jose-carlos\/#article","isPartOf":{"@id":"https:\/\/noticiaempauta.com\/portal\/ministerio-publico-eleitoral-pede-cassacao-da-chapa-do-prefeito-de-massape-rivaldo-carvalho-e-do-vice-jose-carlos\/"},"author":{"name":"Reda\u00e7\u00e3o","@id":"https:\/\/noticiaempauta.com\/portal\/#\/schema\/person\/a74af43dd1ab3deca45f988c717d57ac"},"headline":"Minist\u00e9rio P\u00fablico Eleitoral pede cassa\u00e7\u00e3o da chapa do prefeito de Massap\u00ea, Rivaldo Carvalho e do vice Jos\u00e9 Carlos","datePublished":"2024-08-29T14:33:34+00:00","dateModified":"2024-08-29T14:33:35+00:00","mainEntityOfPage":{"@id":"https:\/\/noticiaempauta.com\/portal\/ministerio-publico-eleitoral-pede-cassacao-da-chapa-do-prefeito-de-massape-rivaldo-carvalho-e-do-vice-jose-carlos\/"},"wordCount":325,"commentCount":0,"publisher":{"@id":"https:\/\/noticiaempauta.com\/portal\/#organization"},"image":{"@id":"https:\/\/noticiaempauta.com\/portal\/ministerio-publico-eleitoral-pede-cassacao-da-chapa-do-prefeito-de-massape-rivaldo-carvalho-e-do-vice-jose-carlos\/#primaryimage"},"thumbnailUrl":"https:\/\/noticiaempauta.com\/portal\/wp-content\/uploads\/2024\/08\/5bdc0c6b-7fe8-4acd-b96d-b49f94521c6f-8.jpg","articleSection":["Destaques","Geral","Munic\u00edpios","Todas as Not\u00edcias"],"inLanguage":"pt-BR","potentialAction":[{"@type":"CommentAction","name":"Comment","target":["https:\/\/noticiaempauta.com\/portal\/ministerio-publico-eleitoral-pede-cassacao-da-chapa-do-prefeito-de-massape-rivaldo-carvalho-e-do-vice-jose-carlos\/#respond"]}]},{"@type":"WebPage","@id":"https:\/\/noticiaempauta.com\/portal\/ministerio-publico-eleitoral-pede-cassacao-da-chapa-do-prefeito-de-massape-rivaldo-carvalho-e-do-vice-jose-carlos\/","url":"https:\/\/noticiaempauta.com\/portal\/ministerio-publico-eleitoral-pede-cassacao-da-chapa-do-prefeito-de-massape-rivaldo-carvalho-e-do-vice-jose-carlos\/","name":"Minist\u00e9rio P\u00fablico Eleitoral pede cassa\u00e7\u00e3o da chapa do prefeito de Massap\u00ea, Rivaldo Carvalho e do vice Jos\u00e9 Carlos - Portal Not\u00edcia em Pauta","isPartOf":{"@id":"https:\/\/noticiaempauta.com\/portal\/#website"},"primaryImageOfPage":{"@id":"https:\/\/noticiaempauta.com\/portal\/ministerio-publico-eleitoral-pede-cassacao-da-chapa-do-prefeito-de-massape-rivaldo-carvalho-e-do-vice-jose-carlos\/#primaryimage"},"image":{"@id":"https:\/\/noticiaempauta.com\/portal\/ministerio-publico-eleitoral-pede-cassacao-da-chapa-do-prefeito-de-massape-rivaldo-carvalho-e-do-vice-jose-carlos\/#primaryimage"},"thumbnailUrl":"https:\/\/noticiaempauta.com\/portal\/wp-content\/uploads\/2024\/08\/5bdc0c6b-7fe8-4acd-b96d-b49f94521c6f-8.jpg","datePublished":"2024-08-29T14:33:34+00:00","dateModified":"2024-08-29T14:33:35+00:00","breadcrumb":{"@id":"https:\/\/noticiaempauta.com\/portal\/ministerio-publico-eleitoral-pede-cassacao-da-chapa-do-prefeito-de-massape-rivaldo-carvalho-e-do-vice-jose-carlos\/#breadcrumb"},"inLanguage":"pt-BR","potentialAction":[{"@type":"ReadAction","target":["https:\/\/noticiaempauta.com\/portal\/ministerio-publico-eleitoral-pede-cassacao-da-chapa-do-prefeito-de-massape-rivaldo-carvalho-e-do-vice-jose-carlos\/"]}]},{"@type":"ImageObject","inLanguage":"pt-BR","@id":"https:\/\/noticiaempauta.com\/portal\/ministerio-publico-eleitoral-pede-cassacao-da-chapa-do-prefeito-de-massape-rivaldo-carvalho-e-do-vice-jose-carlos\/#primaryimage","url":"https:\/\/noticiaempauta.com\/portal\/wp-content\/uploads\/2024\/08\/5bdc0c6b-7fe8-4acd-b96d-b49f94521c6f-8.jpg","contentUrl":"https:\/\/noticiaempauta.com\/portal\/wp-content\/uploads\/2024\/08\/5bdc0c6b-7fe8-4acd-b96d-b49f94521c6f-8.jpg","width":700,"height":394,"caption":"Foto: divulga\u00e7\u00e3o\/MPPI"},{"@type":"BreadcrumbList","@id":"https:\/\/noticiaempauta.com\/portal\/ministerio-publico-eleitoral-pede-cassacao-da-chapa-do-prefeito-de-massape-rivaldo-carvalho-e-do-vice-jose-carlos\/#breadcrumb","itemListElement":[{"@type":"ListItem","position":1,"name":"P\u00e1gina Inicial","item":"https:\/\/noticiaempauta.com\/portal\/"},{"@type":"ListItem","position":2,"name":"Destaques","item":"https:\/\/noticiaempauta.com\/portal\/destaques-site\/"},{"@type":"ListItem","position":3,"name":"Minist\u00e9rio P\u00fablico Eleitoral pede cassa\u00e7\u00e3o da chapa do prefeito de Massap\u00ea, Rivaldo Carvalho e do vice Jos\u00e9 Carlos"}]},{"@type":"WebSite","@id":"https:\/\/noticiaempauta.com\/portal\/#website","url":"https:\/\/noticiaempauta.com\/portal\/","name":"Portal Not\u00edcia em Pauta","description":"Voc\u00ea bem informado","publisher":{"@id":"https:\/\/noticiaempauta.com\/portal\/#organization"},"potentialAction":[{"@type":"SearchAction","target":{"@type":"EntryPoint","urlTemplate":"https:\/\/noticiaempauta.com\/portal\/?s={search_term_string}"},"query-input":{"@type":"PropertyValueSpecification","valueRequired":true,"valueName":"search_term_string"}}],"inLanguage":"pt-BR"},{"@type":"Organization","@id":"https:\/\/noticiaempauta.com\/portal\/#organization","name":"Portal Not\u00edcia em Pauta","url":"https:\/\/noticiaempauta.com\/portal\/","logo":{"@type":"ImageObject","inLanguage":"pt-BR","@id":"https:\/\/noticiaempauta.com\/portal\/#\/schema\/logo\/image\/","url":"https:\/\/noticiaempauta.com\/portal\/wp-content\/uploads\/2022\/08\/logomarca_tema.fw_.png","contentUrl":"https:\/\/noticiaempauta.com\/portal\/wp-content\/uploads\/2022\/08\/logomarca_tema.fw_.png","width":400,"height":232,"caption":"Portal Not\u00edcia em Pauta"},"image":{"@id":"https:\/\/noticiaempauta.com\/portal\/#\/schema\/logo\/image\/"},"sameAs":["https:\/\/www.facebook.com\/Portal-Notcia-Em-Pauta-102292869264820\/","https:\/\/www.instagram.com\/portalnoticiaempauta\/"]},{"@type":"Person","@id":"https:\/\/noticiaempauta.com\/portal\/#\/schema\/person\/a74af43dd1ab3deca45f988c717d57ac","name":"Reda\u00e7\u00e3o","image":{"@type":"ImageObject","inLanguage":"pt-BR","@id":"https:\/\/noticiaempauta.com\/portal\/#\/schema\/person\/image\/","url":"https:\/\/secure.gravatar.com\/avatar\/03179346ecce6cdfc13361603e8f54242a90e5cde8618fa23c5c00aa2b0aadf3?s=96&d=mm&r=g","contentUrl":"https:\/\/secure.gravatar.com\/avatar\/03179346ecce6cdfc13361603e8f54242a90e5cde8618fa23c5c00aa2b0aadf3?s=96&d=mm&r=g","caption":"Reda\u00e7\u00e3o"},"sameAs":["https:\/\/noticiaempauta.com\/portal\/"],"url":"https:\/\/noticiaempauta.com\/portal\/author\/fernando\/"}]}},"_links":{"self":[{"href":"https:\/\/noticiaempauta.com\/portal\/wp-json\/wp\/v2\/posts\/261636","targetHints":{"allow":["GET"]}}],"collection":[{"href":"https:\/\/noticiaempauta.com\/portal\/wp-json\/wp\/v2\/posts"}],"about":[{"href":"https:\/\/noticiaempauta.com\/portal\/wp-json\/wp\/v2\/types\/post"}],"author":[{"embeddable":true,"href":"https:\/\/noticiaempauta.com\/portal\/wp-json\/wp\/v2\/users\/2"}],"replies":[{"embeddable":true,"href":"https:\/\/noticiaempauta.com\/portal\/wp-json\/wp\/v2\/comments?post=261636"}],"version-history":[{"count":1,"href":"https:\/\/noticiaempauta.com\/portal\/wp-json\/wp\/v2\/posts\/261636\/revisions"}],"predecessor-version":[{"id":261640,"href":"https:\/\/noticiaempauta.com\/portal\/wp-json\/wp\/v2\/posts\/261636\/revisions\/261640"}],"wp:featuredmedia":[{"embeddable":true,"href":"https:\/\/noticiaempauta.com\/portal\/wp-json\/wp\/v2\/media\/261637"}],"wp:attachment":[{"href":"https:\/\/noticiaempauta.com\/portal\/wp-json\/wp\/v2\/media?parent=261636"}],"wp:term":[{"taxonomy":"category","embeddable":true,"href":"https:\/\/noticiaempauta.com\/portal\/wp-json\/wp\/v2\/categories?post=261636"},{"taxonomy":"post_tag","embeddable":true,"href":"https:\/\/noticiaempauta.com\/portal\/wp-json\/wp\/v2\/tags?post=261636"}],"curies":[{"name":"wp","href":"https:\/\/api.w.org\/{rel}","templated":true}]}}