{"id":261653,"date":"2024-08-30T08:40:41","date_gmt":"2024-08-30T11:40:41","guid":{"rendered":"https:\/\/noticiaempauta.com\/portal\/?p=261653"},"modified":"2024-08-30T08:40:42","modified_gmt":"2024-08-30T11:40:42","slug":"4o-bpm-recebe-visita-do-bispo-diocesano-de-picos-e-de-membros-da-paroquia-sao-francisco-de-assis","status":"publish","type":"post","link":"https:\/\/noticiaempauta.com\/portal\/4o-bpm-recebe-visita-do-bispo-diocesano-de-picos-e-de-membros-da-paroquia-sao-francisco-de-assis\/","title":{"rendered":"4\u00ba BPM recebe visita do Bispo Diocesano de Picos e de membros da Par\u00f3quia S\u00e3o Francisco de Assis"},"content":{"rendered":"\n<p>Aconteceu nessa quinta-feira, 29 de Agosto na sede do 4\u00ba BPM em Picos, a visita Institucional do Bispo da Diocese de Picos Dom Plinio Jos\u00e9 Luz, bem como de representantes da Par\u00f3quia S\u00e3o Francisco de Assis, no Bairro Junco. <\/p>\n\n\n\n<figure class=\"wp-block-image size-large\"><img fetchpriority=\"high\" decoding=\"async\" width=\"1024\" height=\"461\" src=\"https:\/\/noticiaempauta.com\/portal\/wp-content\/uploads\/2024\/08\/WhatsApp-Image-2024-08-30-at-08.31.58-1-1024x461.jpeg\" alt=\"\" class=\"wp-image-261655\" srcset=\"https:\/\/noticiaempauta.com\/portal\/wp-content\/uploads\/2024\/08\/WhatsApp-Image-2024-08-30-at-08.31.58-1-1024x461.jpeg 1024w, https:\/\/noticiaempauta.com\/portal\/wp-content\/uploads\/2024\/08\/WhatsApp-Image-2024-08-30-at-08.31.58-1-300x135.jpeg 300w, https:\/\/noticiaempauta.com\/portal\/wp-content\/uploads\/2024\/08\/WhatsApp-Image-2024-08-30-at-08.31.58-1-768x346.jpeg 768w, https:\/\/noticiaempauta.com\/portal\/wp-content\/uploads\/2024\/08\/WhatsApp-Image-2024-08-30-at-08.31.58-1-1536x691.jpeg 1536w, https:\/\/noticiaempauta.com\/portal\/wp-content\/uploads\/2024\/08\/WhatsApp-Image-2024-08-30-at-08.31.58-1.jpeg 1600w\" sizes=\"(max-width: 1024px) 100vw, 1024px\" \/><\/figure>\n\n\n\n<p>Esse evento faz parte da agenda da visita pastoral que ocorre na referida Par\u00f3quia, na oportunidade, o Tenente Coronel Estanislau Felipe teve a oportunidade de recepcionar a comitiva e apresentar a sede do 4\u00ba BPM, bem como por meio de uma explana\u00e7\u00e3o, falar sobre a atua\u00e7\u00e3o, \u00e1rea de abrang\u00eancia, efetivo e particularidades da miss\u00e3o policial militar nessa \u00e1rea do semi\u00e1rido nordestino.<\/p>\n\n\n\n<figure class=\"wp-block-image size-large\"><img decoding=\"async\" width=\"461\" height=\"1024\" src=\"https:\/\/noticiaempauta.com\/portal\/wp-content\/uploads\/2024\/08\/WhatsApp-Image-2024-08-30-at-08.31.58-2-461x1024.jpeg\" alt=\"\" class=\"wp-image-261656\" srcset=\"https:\/\/noticiaempauta.com\/portal\/wp-content\/uploads\/2024\/08\/WhatsApp-Image-2024-08-30-at-08.31.58-2-461x1024.jpeg 461w, https:\/\/noticiaempauta.com\/portal\/wp-content\/uploads\/2024\/08\/WhatsApp-Image-2024-08-30-at-08.31.58-2-135x300.jpeg 135w, https:\/\/noticiaempauta.com\/portal\/wp-content\/uploads\/2024\/08\/WhatsApp-Image-2024-08-30-at-08.31.58-2-691x1536.jpeg 691w, https:\/\/noticiaempauta.com\/portal\/wp-content\/uploads\/2024\/08\/WhatsApp-Image-2024-08-30-at-08.31.58-2.jpeg 720w\" sizes=\"(max-width: 461px) 100vw, 461px\" \/><\/figure>\n\n\n\n<p><br>\u201c Vivemos um dia hist\u00f3rico, tivemos a primeira visita Institucional do Bispo de Picos ao Batalh\u00e3o de Picos, isso s\u00f3 refor\u00e7a a import\u00e2ncia desse momentos, mas tamb\u00e9m nos asseguramos que o trabalho desenvolvido pela nossas Institui\u00e7\u00f5es \u00e9 de suma import\u00e2ncia para consecu\u00e7\u00e3o de bem estar social. Pude apresentar um pouco da realidade que vivenciamos aqui na nossa \u00e1rea e tamb\u00e9m manifestar nosso apre\u00e7o e carinho pelo not\u00f3rio servi\u00e7o que a Diocese de Picos faz na nossa regi\u00e3o. Reafirmamos o compromisso de cada vez mais, andarmos ombreados, como Institui\u00e7\u00f5es que visam o bem estar social de todos\u201d, pontuou o Tenente Coronel.<\/p>\n\n\n\n<figure class=\"wp-block-image size-large\"><img decoding=\"async\" width=\"1024\" height=\"461\" src=\"https:\/\/noticiaempauta.com\/portal\/wp-content\/uploads\/2024\/08\/WhatsApp-Image-2024-08-30-at-08.31.58-3-1024x461.jpeg\" alt=\"\" class=\"wp-image-261657\" srcset=\"https:\/\/noticiaempauta.com\/portal\/wp-content\/uploads\/2024\/08\/WhatsApp-Image-2024-08-30-at-08.31.58-3-1024x461.jpeg 1024w, https:\/\/noticiaempauta.com\/portal\/wp-content\/uploads\/2024\/08\/WhatsApp-Image-2024-08-30-at-08.31.58-3-300x135.jpeg 300w, https:\/\/noticiaempauta.com\/portal\/wp-content\/uploads\/2024\/08\/WhatsApp-Image-2024-08-30-at-08.31.58-3-768x346.jpeg 768w, https:\/\/noticiaempauta.com\/portal\/wp-content\/uploads\/2024\/08\/WhatsApp-Image-2024-08-30-at-08.31.58-3-1536x691.jpeg 1536w, https:\/\/noticiaempauta.com\/portal\/wp-content\/uploads\/2024\/08\/WhatsApp-Image-2024-08-30-at-08.31.58-3.jpeg 1600w\" sizes=\"(max-width: 1024px) 100vw, 1024px\" \/><\/figure>\n\n\n\n<p>O Bispo Diocesano de Picos ,Dom Pl\u00ednio, que juntamente com sua comitiva faz uma visita pastoral \u00e0 Par\u00f3quia S\u00e3o Francisco de Assis, tamb\u00e9m destacou a import\u00e2ncia desse evento\u201d Para n\u00f3s \u00e9 motivo de alegria visitar e conhecer um pouco mais dessa Institui\u00e7\u00e3o que tanto faz pelo nosso povo, s\u00e3o profissionais que se doam na constru\u00e7\u00e3o de uma sociedade melhor, essa por\u00e7\u00e3o do povo de Deus que me foi confiada deve muito ao servi\u00e7o de homens e mulheres abnegados que se sacrificam pelo bem comum. Reafirmo a minha alegria e respeito pela PM-PI. \u201c<\/p>\n\n\n\n<figure class=\"wp-block-image size-large\"><img loading=\"lazy\" decoding=\"async\" width=\"1024\" height=\"461\" src=\"https:\/\/noticiaempauta.com\/portal\/wp-content\/uploads\/2024\/08\/WhatsApp-Image-2024-08-30-at-08.31.58-1024x461.jpeg\" alt=\"\" class=\"wp-image-261654\" srcset=\"https:\/\/noticiaempauta.com\/portal\/wp-content\/uploads\/2024\/08\/WhatsApp-Image-2024-08-30-at-08.31.58-1024x461.jpeg 1024w, https:\/\/noticiaempauta.com\/portal\/wp-content\/uploads\/2024\/08\/WhatsApp-Image-2024-08-30-at-08.31.58-300x135.jpeg 300w, https:\/\/noticiaempauta.com\/portal\/wp-content\/uploads\/2024\/08\/WhatsApp-Image-2024-08-30-at-08.31.58-768x346.jpeg 768w, https:\/\/noticiaempauta.com\/portal\/wp-content\/uploads\/2024\/08\/WhatsApp-Image-2024-08-30-at-08.31.58-1536x691.jpeg 1536w, https:\/\/noticiaempauta.com\/portal\/wp-content\/uploads\/2024\/08\/WhatsApp-Image-2024-08-30-at-08.31.58.jpeg 1600w\" sizes=\"(max-width: 1024px) 100vw, 1024px\" \/><\/figure>\n\n\n\n<p>A visita foi encerrada com um coffe-break e um momento e apresenta\u00e7\u00e3o das estruturas da sede do 4\u00ba BPM.<\/p>\n\n\n\n<figure class=\"wp-block-image size-large\"><img loading=\"lazy\" decoding=\"async\" width=\"1024\" height=\"461\" src=\"https:\/\/noticiaempauta.com\/portal\/wp-content\/uploads\/2024\/08\/vvd-1024x461.jpeg\" alt=\"\" class=\"wp-image-261658\" srcset=\"https:\/\/noticiaempauta.com\/portal\/wp-content\/uploads\/2024\/08\/vvd-1024x461.jpeg 1024w, https:\/\/noticiaempauta.com\/portal\/wp-content\/uploads\/2024\/08\/vvd-300x135.jpeg 300w, https:\/\/noticiaempauta.com\/portal\/wp-content\/uploads\/2024\/08\/vvd-768x346.jpeg 768w, https:\/\/noticiaempauta.com\/portal\/wp-content\/uploads\/2024\/08\/vvd-1536x691.jpeg 1536w, https:\/\/noticiaempauta.com\/portal\/wp-content\/uploads\/2024\/08\/vvd.jpeg 1600w\" sizes=\"(max-width: 1024px) 100vw, 1024px\" \/><\/figure>\n\n\n\n<p>Ascom<\/p>\n","protected":false},"excerpt":{"rendered":"<p>Aconteceu nessa quinta-feira, 29 de Agosto na sede do 4\u00ba BPM em Picos, a visita Institucional do Bispo da Diocese de Picos Dom Plinio Jos\u00e9 Luz, bem como de representantes da Par\u00f3quia S\u00e3o Francisco de Assis, no Bairro Junco. Esse evento faz parte da agenda da visita pastoral que ocorre na referida Par\u00f3quia, na oportunidade, [&hellip;]<\/p>\n","protected":false},"author":2,"featured_media":261654,"comment_status":"open","ping_status":"open","sticky":false,"template":"","format":"standard","meta":{"_mi_skip_tracking":false,"footnotes":""},"categories":[25,1,137,16],"tags":[],"class_list":["post-261653","post","type-post","status-publish","format-standard","has-post-thumbnail","hentry","category-destaques-site","category-geral","category-policia","category-todas"],"acf":[],"yoast_head":"<!-- This site is optimized with the Yoast SEO Premium plugin v19.2 (Yoast SEO v26.9) - https:\/\/yoast.com\/product\/yoast-seo-premium-wordpress\/ -->\n<title>4\u00ba BPM recebe visita do Bispo Diocesano de Picos e de membros da Par\u00f3quia S\u00e3o Francisco de Assis - Portal Not\u00edcia em Pauta<\/title>\n<meta name=\"robots\" content=\"index, follow, max-snippet:-1, max-image-preview:large, max-video-preview:-1\" \/>\n<link rel=\"canonical\" href=\"https:\/\/noticiaempauta.com\/portal\/4o-bpm-recebe-visita-do-bispo-diocesano-de-picos-e-de-membros-da-paroquia-sao-francisco-de-assis\/\" \/>\n<meta property=\"og:locale\" content=\"pt_BR\" \/>\n<meta property=\"og:type\" content=\"article\" \/>\n<meta property=\"og:title\" content=\"4\u00ba BPM recebe visita do Bispo Diocesano de Picos e de membros da Par\u00f3quia S\u00e3o Francisco de Assis\" \/>\n<meta property=\"og:description\" content=\"Aconteceu nessa quinta-feira, 29 de Agosto na sede do 4\u00ba BPM em Picos, a visita Institucional do Bispo da Diocese de Picos Dom Plinio Jos\u00e9 Luz, bem como de representantes da Par\u00f3quia S\u00e3o Francisco de Assis, no Bairro Junco. Esse evento faz parte da agenda da visita pastoral que ocorre na referida Par\u00f3quia, na oportunidade, [&hellip;]\" \/>\n<meta property=\"og:url\" content=\"https:\/\/noticiaempauta.com\/portal\/4o-bpm-recebe-visita-do-bispo-diocesano-de-picos-e-de-membros-da-paroquia-sao-francisco-de-assis\/\" \/>\n<meta property=\"og:site_name\" content=\"Portal Not\u00edcia em Pauta\" \/>\n<meta property=\"article:publisher\" content=\"https:\/\/www.facebook.com\/Portal-Notcia-Em-Pauta-102292869264820\/\" \/>\n<meta property=\"article:published_time\" content=\"2024-08-30T11:40:41+00:00\" \/>\n<meta property=\"article:modified_time\" content=\"2024-08-30T11:40:42+00:00\" \/>\n<meta property=\"og:image\" content=\"https:\/\/noticiaempauta.com\/portal\/wp-content\/uploads\/2024\/08\/WhatsApp-Image-2024-08-30-at-08.31.58-1-1024x461.jpeg\" \/>\n<meta name=\"author\" content=\"Reda\u00e7\u00e3o\" \/>\n<meta name=\"twitter:card\" content=\"summary_large_image\" \/>\n<meta name=\"twitter:label1\" content=\"Escrito por\" \/>\n\t<meta name=\"twitter:data1\" content=\"Reda\u00e7\u00e3o\" \/>\n\t<meta name=\"twitter:label2\" content=\"Est. tempo de leitura\" \/>\n\t<meta name=\"twitter:data2\" content=\"2 minutos\" \/>\n<script type=\"application\/ld+json\" class=\"yoast-schema-graph\">{\"@context\":\"https:\/\/schema.org\",\"@graph\":[{\"@type\":\"Article\",\"@id\":\"https:\/\/noticiaempauta.com\/portal\/4o-bpm-recebe-visita-do-bispo-diocesano-de-picos-e-de-membros-da-paroquia-sao-francisco-de-assis\/#article\",\"isPartOf\":{\"@id\":\"https:\/\/noticiaempauta.com\/portal\/4o-bpm-recebe-visita-do-bispo-diocesano-de-picos-e-de-membros-da-paroquia-sao-francisco-de-assis\/\"},\"author\":{\"name\":\"Reda\u00e7\u00e3o\",\"@id\":\"https:\/\/noticiaempauta.com\/portal\/#\/schema\/person\/a74af43dd1ab3deca45f988c717d57ac\"},\"headline\":\"4\u00ba BPM recebe visita do Bispo Diocesano de Picos e de membros da Par\u00f3quia S\u00e3o Francisco de Assis\",\"datePublished\":\"2024-08-30T11:40:41+00:00\",\"dateModified\":\"2024-08-30T11:40:42+00:00\",\"mainEntityOfPage\":{\"@id\":\"https:\/\/noticiaempauta.com\/portal\/4o-bpm-recebe-visita-do-bispo-diocesano-de-picos-e-de-membros-da-paroquia-sao-francisco-de-assis\/\"},\"wordCount\":357,\"commentCount\":0,\"publisher\":{\"@id\":\"https:\/\/noticiaempauta.com\/portal\/#organization\"},\"image\":{\"@id\":\"https:\/\/noticiaempauta.com\/portal\/4o-bpm-recebe-visita-do-bispo-diocesano-de-picos-e-de-membros-da-paroquia-sao-francisco-de-assis\/#primaryimage\"},\"thumbnailUrl\":\"https:\/\/noticiaempauta.com\/portal\/wp-content\/uploads\/2024\/08\/WhatsApp-Image-2024-08-30-at-08.31.58.jpeg\",\"articleSection\":[\"Destaques\",\"Geral\",\"Pol\u00edcia\",\"Todas as Not\u00edcias\"],\"inLanguage\":\"pt-BR\",\"potentialAction\":[{\"@type\":\"CommentAction\",\"name\":\"Comment\",\"target\":[\"https:\/\/noticiaempauta.com\/portal\/4o-bpm-recebe-visita-do-bispo-diocesano-de-picos-e-de-membros-da-paroquia-sao-francisco-de-assis\/#respond\"]}]},{\"@type\":\"WebPage\",\"@id\":\"https:\/\/noticiaempauta.com\/portal\/4o-bpm-recebe-visita-do-bispo-diocesano-de-picos-e-de-membros-da-paroquia-sao-francisco-de-assis\/\",\"url\":\"https:\/\/noticiaempauta.com\/portal\/4o-bpm-recebe-visita-do-bispo-diocesano-de-picos-e-de-membros-da-paroquia-sao-francisco-de-assis\/\",\"name\":\"4\u00ba BPM recebe visita do Bispo Diocesano de Picos e de membros da Par\u00f3quia S\u00e3o Francisco de Assis - Portal Not\u00edcia em Pauta\",\"isPartOf\":{\"@id\":\"https:\/\/noticiaempauta.com\/portal\/#website\"},\"primaryImageOfPage\":{\"@id\":\"https:\/\/noticiaempauta.com\/portal\/4o-bpm-recebe-visita-do-bispo-diocesano-de-picos-e-de-membros-da-paroquia-sao-francisco-de-assis\/#primaryimage\"},\"image\":{\"@id\":\"https:\/\/noticiaempauta.com\/portal\/4o-bpm-recebe-visita-do-bispo-diocesano-de-picos-e-de-membros-da-paroquia-sao-francisco-de-assis\/#primaryimage\"},\"thumbnailUrl\":\"https:\/\/noticiaempauta.com\/portal\/wp-content\/uploads\/2024\/08\/WhatsApp-Image-2024-08-30-at-08.31.58.jpeg\",\"datePublished\":\"2024-08-30T11:40:41+00:00\",\"dateModified\":\"2024-08-30T11:40:42+00:00\",\"breadcrumb\":{\"@id\":\"https:\/\/noticiaempauta.com\/portal\/4o-bpm-recebe-visita-do-bispo-diocesano-de-picos-e-de-membros-da-paroquia-sao-francisco-de-assis\/#breadcrumb\"},\"inLanguage\":\"pt-BR\",\"potentialAction\":[{\"@type\":\"ReadAction\",\"target\":[\"https:\/\/noticiaempauta.com\/portal\/4o-bpm-recebe-visita-do-bispo-diocesano-de-picos-e-de-membros-da-paroquia-sao-francisco-de-assis\/\"]}]},{\"@type\":\"ImageObject\",\"inLanguage\":\"pt-BR\",\"@id\":\"https:\/\/noticiaempauta.com\/portal\/4o-bpm-recebe-visita-do-bispo-diocesano-de-picos-e-de-membros-da-paroquia-sao-francisco-de-assis\/#primaryimage\",\"url\":\"https:\/\/noticiaempauta.com\/portal\/wp-content\/uploads\/2024\/08\/WhatsApp-Image-2024-08-30-at-08.31.58.jpeg\",\"contentUrl\":\"https:\/\/noticiaempauta.com\/portal\/wp-content\/uploads\/2024\/08\/WhatsApp-Image-2024-08-30-at-08.31.58.jpeg\",\"width\":1600,\"height\":720},{\"@type\":\"BreadcrumbList\",\"@id\":\"https:\/\/noticiaempauta.com\/portal\/4o-bpm-recebe-visita-do-bispo-diocesano-de-picos-e-de-membros-da-paroquia-sao-francisco-de-assis\/#breadcrumb\",\"itemListElement\":[{\"@type\":\"ListItem\",\"position\":1,\"name\":\"P\u00e1gina Inicial\",\"item\":\"https:\/\/noticiaempauta.com\/portal\/\"},{\"@type\":\"ListItem\",\"position\":2,\"name\":\"Geral\",\"item\":\"https:\/\/noticiaempauta.com\/portal\/geral\/\"},{\"@type\":\"ListItem\",\"position\":3,\"name\":\"4\u00ba BPM recebe visita do Bispo Diocesano de Picos e de membros da Par\u00f3quia S\u00e3o Francisco de Assis\"}]},{\"@type\":\"WebSite\",\"@id\":\"https:\/\/noticiaempauta.com\/portal\/#website\",\"url\":\"https:\/\/noticiaempauta.com\/portal\/\",\"name\":\"Portal Not\u00edcia em Pauta\",\"description\":\"Voc\u00ea bem informado\",\"publisher\":{\"@id\":\"https:\/\/noticiaempauta.com\/portal\/#organization\"},\"potentialAction\":[{\"@type\":\"SearchAction\",\"target\":{\"@type\":\"EntryPoint\",\"urlTemplate\":\"https:\/\/noticiaempauta.com\/portal\/?s={search_term_string}\"},\"query-input\":{\"@type\":\"PropertyValueSpecification\",\"valueRequired\":true,\"valueName\":\"search_term_string\"}}],\"inLanguage\":\"pt-BR\"},{\"@type\":\"Organization\",\"@id\":\"https:\/\/noticiaempauta.com\/portal\/#organization\",\"name\":\"Portal Not\u00edcia em Pauta\",\"url\":\"https:\/\/noticiaempauta.com\/portal\/\",\"logo\":{\"@type\":\"ImageObject\",\"inLanguage\":\"pt-BR\",\"@id\":\"https:\/\/noticiaempauta.com\/portal\/#\/schema\/logo\/image\/\",\"url\":\"https:\/\/noticiaempauta.com\/portal\/wp-content\/uploads\/2022\/08\/logomarca_tema.fw_.png\",\"contentUrl\":\"https:\/\/noticiaempauta.com\/portal\/wp-content\/uploads\/2022\/08\/logomarca_tema.fw_.png\",\"width\":400,\"height\":232,\"caption\":\"Portal Not\u00edcia em Pauta\"},\"image\":{\"@id\":\"https:\/\/noticiaempauta.com\/portal\/#\/schema\/logo\/image\/\"},\"sameAs\":[\"https:\/\/www.facebook.com\/Portal-Notcia-Em-Pauta-102292869264820\/\",\"https:\/\/www.instagram.com\/portalnoticiaempauta\/\"]},{\"@type\":\"Person\",\"@id\":\"https:\/\/noticiaempauta.com\/portal\/#\/schema\/person\/a74af43dd1ab3deca45f988c717d57ac\",\"name\":\"Reda\u00e7\u00e3o\",\"image\":{\"@type\":\"ImageObject\",\"inLanguage\":\"pt-BR\",\"@id\":\"https:\/\/noticiaempauta.com\/portal\/#\/schema\/person\/image\/\",\"url\":\"https:\/\/secure.gravatar.com\/avatar\/03179346ecce6cdfc13361603e8f54242a90e5cde8618fa23c5c00aa2b0aadf3?s=96&d=mm&r=g\",\"contentUrl\":\"https:\/\/secure.gravatar.com\/avatar\/03179346ecce6cdfc13361603e8f54242a90e5cde8618fa23c5c00aa2b0aadf3?s=96&d=mm&r=g\",\"caption\":\"Reda\u00e7\u00e3o\"},\"sameAs\":[\"https:\/\/noticiaempauta.com\/portal\/\"],\"url\":\"https:\/\/noticiaempauta.com\/portal\/author\/fernando\/\"}]}<\/script>\n<!-- \/ Yoast SEO Premium plugin. -->","yoast_head_json":{"title":"4\u00ba BPM recebe visita do Bispo Diocesano de Picos e de membros da Par\u00f3quia S\u00e3o Francisco de Assis - Portal Not\u00edcia em Pauta","robots":{"index":"index","follow":"follow","max-snippet":"max-snippet:-1","max-image-preview":"max-image-preview:large","max-video-preview":"max-video-preview:-1"},"canonical":"https:\/\/noticiaempauta.com\/portal\/4o-bpm-recebe-visita-do-bispo-diocesano-de-picos-e-de-membros-da-paroquia-sao-francisco-de-assis\/","og_locale":"pt_BR","og_type":"article","og_title":"4\u00ba BPM recebe visita do Bispo Diocesano de Picos e de membros da Par\u00f3quia S\u00e3o Francisco de Assis","og_description":"Aconteceu nessa quinta-feira, 29 de Agosto na sede do 4\u00ba BPM em Picos, a visita Institucional do Bispo da Diocese de Picos Dom Plinio Jos\u00e9 Luz, bem como de representantes da Par\u00f3quia S\u00e3o Francisco de Assis, no Bairro Junco. Esse evento faz parte da agenda da visita pastoral que ocorre na referida Par\u00f3quia, na oportunidade, [&hellip;]","og_url":"https:\/\/noticiaempauta.com\/portal\/4o-bpm-recebe-visita-do-bispo-diocesano-de-picos-e-de-membros-da-paroquia-sao-francisco-de-assis\/","og_site_name":"Portal Not\u00edcia em Pauta","article_publisher":"https:\/\/www.facebook.com\/Portal-Notcia-Em-Pauta-102292869264820\/","article_published_time":"2024-08-30T11:40:41+00:00","article_modified_time":"2024-08-30T11:40:42+00:00","og_image":[{"url":"https:\/\/noticiaempauta.com\/portal\/wp-content\/uploads\/2024\/08\/WhatsApp-Image-2024-08-30-at-08.31.58-1-1024x461.jpeg","type":"","width":"","height":""}],"author":"Reda\u00e7\u00e3o","twitter_card":"summary_large_image","twitter_misc":{"Escrito por":"Reda\u00e7\u00e3o","Est. tempo de leitura":"2 minutos"},"schema":{"@context":"https:\/\/schema.org","@graph":[{"@type":"Article","@id":"https:\/\/noticiaempauta.com\/portal\/4o-bpm-recebe-visita-do-bispo-diocesano-de-picos-e-de-membros-da-paroquia-sao-francisco-de-assis\/#article","isPartOf":{"@id":"https:\/\/noticiaempauta.com\/portal\/4o-bpm-recebe-visita-do-bispo-diocesano-de-picos-e-de-membros-da-paroquia-sao-francisco-de-assis\/"},"author":{"name":"Reda\u00e7\u00e3o","@id":"https:\/\/noticiaempauta.com\/portal\/#\/schema\/person\/a74af43dd1ab3deca45f988c717d57ac"},"headline":"4\u00ba BPM recebe visita do Bispo Diocesano de Picos e de membros da Par\u00f3quia S\u00e3o Francisco de Assis","datePublished":"2024-08-30T11:40:41+00:00","dateModified":"2024-08-30T11:40:42+00:00","mainEntityOfPage":{"@id":"https:\/\/noticiaempauta.com\/portal\/4o-bpm-recebe-visita-do-bispo-diocesano-de-picos-e-de-membros-da-paroquia-sao-francisco-de-assis\/"},"wordCount":357,"commentCount":0,"publisher":{"@id":"https:\/\/noticiaempauta.com\/portal\/#organization"},"image":{"@id":"https:\/\/noticiaempauta.com\/portal\/4o-bpm-recebe-visita-do-bispo-diocesano-de-picos-e-de-membros-da-paroquia-sao-francisco-de-assis\/#primaryimage"},"thumbnailUrl":"https:\/\/noticiaempauta.com\/portal\/wp-content\/uploads\/2024\/08\/WhatsApp-Image-2024-08-30-at-08.31.58.jpeg","articleSection":["Destaques","Geral","Pol\u00edcia","Todas as Not\u00edcias"],"inLanguage":"pt-BR","potentialAction":[{"@type":"CommentAction","name":"Comment","target":["https:\/\/noticiaempauta.com\/portal\/4o-bpm-recebe-visita-do-bispo-diocesano-de-picos-e-de-membros-da-paroquia-sao-francisco-de-assis\/#respond"]}]},{"@type":"WebPage","@id":"https:\/\/noticiaempauta.com\/portal\/4o-bpm-recebe-visita-do-bispo-diocesano-de-picos-e-de-membros-da-paroquia-sao-francisco-de-assis\/","url":"https:\/\/noticiaempauta.com\/portal\/4o-bpm-recebe-visita-do-bispo-diocesano-de-picos-e-de-membros-da-paroquia-sao-francisco-de-assis\/","name":"4\u00ba BPM recebe visita do Bispo Diocesano de Picos e de membros da Par\u00f3quia S\u00e3o Francisco de Assis - Portal Not\u00edcia em Pauta","isPartOf":{"@id":"https:\/\/noticiaempauta.com\/portal\/#website"},"primaryImageOfPage":{"@id":"https:\/\/noticiaempauta.com\/portal\/4o-bpm-recebe-visita-do-bispo-diocesano-de-picos-e-de-membros-da-paroquia-sao-francisco-de-assis\/#primaryimage"},"image":{"@id":"https:\/\/noticiaempauta.com\/portal\/4o-bpm-recebe-visita-do-bispo-diocesano-de-picos-e-de-membros-da-paroquia-sao-francisco-de-assis\/#primaryimage"},"thumbnailUrl":"https:\/\/noticiaempauta.com\/portal\/wp-content\/uploads\/2024\/08\/WhatsApp-Image-2024-08-30-at-08.31.58.jpeg","datePublished":"2024-08-30T11:40:41+00:00","dateModified":"2024-08-30T11:40:42+00:00","breadcrumb":{"@id":"https:\/\/noticiaempauta.com\/portal\/4o-bpm-recebe-visita-do-bispo-diocesano-de-picos-e-de-membros-da-paroquia-sao-francisco-de-assis\/#breadcrumb"},"inLanguage":"pt-BR","potentialAction":[{"@type":"ReadAction","target":["https:\/\/noticiaempauta.com\/portal\/4o-bpm-recebe-visita-do-bispo-diocesano-de-picos-e-de-membros-da-paroquia-sao-francisco-de-assis\/"]}]},{"@type":"ImageObject","inLanguage":"pt-BR","@id":"https:\/\/noticiaempauta.com\/portal\/4o-bpm-recebe-visita-do-bispo-diocesano-de-picos-e-de-membros-da-paroquia-sao-francisco-de-assis\/#primaryimage","url":"https:\/\/noticiaempauta.com\/portal\/wp-content\/uploads\/2024\/08\/WhatsApp-Image-2024-08-30-at-08.31.58.jpeg","contentUrl":"https:\/\/noticiaempauta.com\/portal\/wp-content\/uploads\/2024\/08\/WhatsApp-Image-2024-08-30-at-08.31.58.jpeg","width":1600,"height":720},{"@type":"BreadcrumbList","@id":"https:\/\/noticiaempauta.com\/portal\/4o-bpm-recebe-visita-do-bispo-diocesano-de-picos-e-de-membros-da-paroquia-sao-francisco-de-assis\/#breadcrumb","itemListElement":[{"@type":"ListItem","position":1,"name":"P\u00e1gina Inicial","item":"https:\/\/noticiaempauta.com\/portal\/"},{"@type":"ListItem","position":2,"name":"Geral","item":"https:\/\/noticiaempauta.com\/portal\/geral\/"},{"@type":"ListItem","position":3,"name":"4\u00ba BPM recebe visita do Bispo Diocesano de Picos e de membros da Par\u00f3quia S\u00e3o Francisco de Assis"}]},{"@type":"WebSite","@id":"https:\/\/noticiaempauta.com\/portal\/#website","url":"https:\/\/noticiaempauta.com\/portal\/","name":"Portal Not\u00edcia em Pauta","description":"Voc\u00ea bem informado","publisher":{"@id":"https:\/\/noticiaempauta.com\/portal\/#organization"},"potentialAction":[{"@type":"SearchAction","target":{"@type":"EntryPoint","urlTemplate":"https:\/\/noticiaempauta.com\/portal\/?s={search_term_string}"},"query-input":{"@type":"PropertyValueSpecification","valueRequired":true,"valueName":"search_term_string"}}],"inLanguage":"pt-BR"},{"@type":"Organization","@id":"https:\/\/noticiaempauta.com\/portal\/#organization","name":"Portal Not\u00edcia em Pauta","url":"https:\/\/noticiaempauta.com\/portal\/","logo":{"@type":"ImageObject","inLanguage":"pt-BR","@id":"https:\/\/noticiaempauta.com\/portal\/#\/schema\/logo\/image\/","url":"https:\/\/noticiaempauta.com\/portal\/wp-content\/uploads\/2022\/08\/logomarca_tema.fw_.png","contentUrl":"https:\/\/noticiaempauta.com\/portal\/wp-content\/uploads\/2022\/08\/logomarca_tema.fw_.png","width":400,"height":232,"caption":"Portal Not\u00edcia em Pauta"},"image":{"@id":"https:\/\/noticiaempauta.com\/portal\/#\/schema\/logo\/image\/"},"sameAs":["https:\/\/www.facebook.com\/Portal-Notcia-Em-Pauta-102292869264820\/","https:\/\/www.instagram.com\/portalnoticiaempauta\/"]},{"@type":"Person","@id":"https:\/\/noticiaempauta.com\/portal\/#\/schema\/person\/a74af43dd1ab3deca45f988c717d57ac","name":"Reda\u00e7\u00e3o","image":{"@type":"ImageObject","inLanguage":"pt-BR","@id":"https:\/\/noticiaempauta.com\/portal\/#\/schema\/person\/image\/","url":"https:\/\/secure.gravatar.com\/avatar\/03179346ecce6cdfc13361603e8f54242a90e5cde8618fa23c5c00aa2b0aadf3?s=96&d=mm&r=g","contentUrl":"https:\/\/secure.gravatar.com\/avatar\/03179346ecce6cdfc13361603e8f54242a90e5cde8618fa23c5c00aa2b0aadf3?s=96&d=mm&r=g","caption":"Reda\u00e7\u00e3o"},"sameAs":["https:\/\/noticiaempauta.com\/portal\/"],"url":"https:\/\/noticiaempauta.com\/portal\/author\/fernando\/"}]}},"_links":{"self":[{"href":"https:\/\/noticiaempauta.com\/portal\/wp-json\/wp\/v2\/posts\/261653","targetHints":{"allow":["GET"]}}],"collection":[{"href":"https:\/\/noticiaempauta.com\/portal\/wp-json\/wp\/v2\/posts"}],"about":[{"href":"https:\/\/noticiaempauta.com\/portal\/wp-json\/wp\/v2\/types\/post"}],"author":[{"embeddable":true,"href":"https:\/\/noticiaempauta.com\/portal\/wp-json\/wp\/v2\/users\/2"}],"replies":[{"embeddable":true,"href":"https:\/\/noticiaempauta.com\/portal\/wp-json\/wp\/v2\/comments?post=261653"}],"version-history":[{"count":1,"href":"https:\/\/noticiaempauta.com\/portal\/wp-json\/wp\/v2\/posts\/261653\/revisions"}],"predecessor-version":[{"id":261659,"href":"https:\/\/noticiaempauta.com\/portal\/wp-json\/wp\/v2\/posts\/261653\/revisions\/261659"}],"wp:featuredmedia":[{"embeddable":true,"href":"https:\/\/noticiaempauta.com\/portal\/wp-json\/wp\/v2\/media\/261654"}],"wp:attachment":[{"href":"https:\/\/noticiaempauta.com\/portal\/wp-json\/wp\/v2\/media?parent=261653"}],"wp:term":[{"taxonomy":"category","embeddable":true,"href":"https:\/\/noticiaempauta.com\/portal\/wp-json\/wp\/v2\/categories?post=261653"},{"taxonomy":"post_tag","embeddable":true,"href":"https:\/\/noticiaempauta.com\/portal\/wp-json\/wp\/v2\/tags?post=261653"}],"curies":[{"name":"wp","href":"https:\/\/api.w.org\/{rel}","templated":true}]}}