{"id":261660,"date":"2024-08-30T08:53:02","date_gmt":"2024-08-30T11:53:02","guid":{"rendered":"https:\/\/noticiaempauta.com\/portal\/?p=261660"},"modified":"2024-08-30T08:53:03","modified_gmt":"2024-08-30T11:53:03","slug":"adolescente-de-13-anos-e-amarrado-e-estuprado-por-vizinho-ao-sair-da-escola-acusado-e-preso","status":"publish","type":"post","link":"https:\/\/noticiaempauta.com\/portal\/adolescente-de-13-anos-e-amarrado-e-estuprado-por-vizinho-ao-sair-da-escola-acusado-e-preso\/","title":{"rendered":"Adolescente de 13 anos \u00e9 amarrado e estuprado por vizinho ao sair da escola; acusado \u00e9 preso"},"content":{"rendered":"\n<p>Um adolescente de 13 anos de idade foi amarrado e estuprado pelo vizinho da fam\u00edlia\u00a0dele, Marcos Eug\u00eanio Sousa Ferreira, na tarde desta quinta-feira (29), no bairro Parque Piau\u00ed, zona Sul de Teresina. Pouco depois do crime,\u00a0o acusado estava prestes a fugir, mas foi preso em flagrante pela Pol\u00edcia Militar.<\/p>\n\n\n\n<figure class=\"wp-block-image size-full\"><img fetchpriority=\"high\" decoding=\"async\" width=\"900\" height=\"600\" src=\"https:\/\/noticiaempauta.com\/portal\/wp-content\/uploads\/2024\/08\/adolescente-de-13-anos-e-amarrado-e-estuprado-por-vizinho-ao-sair-da-escola-acusado-e-preso-a9506975-ee94-4d86-9381-a9c4a17a39c8.jpg.webp\" alt=\"\" class=\"wp-image-261661\" srcset=\"https:\/\/noticiaempauta.com\/portal\/wp-content\/uploads\/2024\/08\/adolescente-de-13-anos-e-amarrado-e-estuprado-por-vizinho-ao-sair-da-escola-acusado-e-preso-a9506975-ee94-4d86-9381-a9c4a17a39c8.jpg.webp 900w, https:\/\/noticiaempauta.com\/portal\/wp-content\/uploads\/2024\/08\/adolescente-de-13-anos-e-amarrado-e-estuprado-por-vizinho-ao-sair-da-escola-acusado-e-preso-a9506975-ee94-4d86-9381-a9c4a17a39c8.jpg-300x200.webp 300w, https:\/\/noticiaempauta.com\/portal\/wp-content\/uploads\/2024\/08\/adolescente-de-13-anos-e-amarrado-e-estuprado-por-vizinho-ao-sair-da-escola-acusado-e-preso-a9506975-ee94-4d86-9381-a9c4a17a39c8.jpg-768x512.webp 768w\" sizes=\"(max-width: 900px) 100vw, 900px\" \/><figcaption class=\"wp-element-caption\">Imagem mostra o acusado de amarrar e estuprar um adolescente de 13 anos, que era vizinho dele, na tarde desta quinta-feira (29) na zona Sul de Teresina | FOTO: Ivan Lima\/ TV Meio<\/figcaption><\/figure>\n\n\n\n<blockquote class=\"wp-block-quote is-layout-flow wp-block-quote-is-layout-flow\">\n<p>&#8220;A crian\u00e7a estava saindo da escola, ele atraiu a crian\u00e7a para dentro da casa dele. Ele amarrou a crian\u00e7a, a crian\u00e7a est\u00e1 com marcas nos pulsos, e ent\u00e3o ele cometeu o ato libidinoso. Ele (acusado) nega, mas a crian\u00e7a foi enf\u00e1tica em detalhar como aconteceu o crime. A m\u00e3e da crian\u00e7a entrou em contato com a PM, diligenciamos l\u00e1, fomos at\u00e9 a casa do acusado, ele j\u00e1 tinha sa\u00eddo. Tinha pegado uma mochila com roupas e tava tentando empreender fuga. Conseguimos prender ele nas proximidades do Hospital do Promorar&#8221;, explicou o coronel Audivam Nunes, comandante do BPRone da PM do Piau\u00ed.<\/p>\n<\/blockquote>\n\n\n\n<h2 class=\"wp-block-heading\">RELATOS FORTES DA V\u00cdTIMA<\/h2>\n\n\n\n<p>Ainda segundo a autoridade policial,\u00a0a crian\u00e7a forneceu relatos fortes sobre os detalhes do crime.\u00a0Tanto a v\u00edtima como os pais dela\u00a0fizeram o reconhecimento do acusado.<\/p>\n\n\n\n<blockquote class=\"wp-block-quote is-layout-flow wp-block-quote-is-layout-flow\">\n<p>&#8220;A crian\u00e7a reconheceu o indiv\u00edduo, a fam\u00edlia dele tamb\u00e9m reconheceu o indiv\u00edduo. O depoimento da crian\u00e7a \u00e9 muito forte no tocante ao ato libidinoso que ele cometeu com a crian\u00e7a. O depoimento da crian\u00e7a foi muito forte, at\u00e9 mesma para a gente que \u00e9 agente de seguran\u00e7a&#8221;, relatou o comandante Audivam Nunes.<\/p>\n<\/blockquote>\n\n\n\n<p>O acusado foi encaminhado para a Central de Flagrantes de Teresin. Ele deve ser submetido a audi\u00eancia de cust\u00f3dia e ficar \u00e0 disposi\u00e7\u00e3o da Justi\u00e7a.<\/p>\n\n\n\n<p><strong><em>Fonte: Meio News<\/em><\/strong><\/p>\n","protected":false},"excerpt":{"rendered":"<p>Um adolescente de 13 anos de idade foi amarrado e estuprado pelo vizinho da fam\u00edlia\u00a0dele, Marcos Eug\u00eanio Sousa Ferreira, na tarde desta quinta-feira (29), no bairro Parque Piau\u00ed, zona Sul de Teresina. Pouco depois do crime,\u00a0o acusado estava prestes a fugir, mas foi preso em flagrante pela Pol\u00edcia Militar. &#8220;A crian\u00e7a estava saindo da escola, [&hellip;]<\/p>\n","protected":false},"author":2,"featured_media":243500,"comment_status":"open","ping_status":"open","sticky":false,"template":"","format":"standard","meta":{"_mi_skip_tracking":false,"footnotes":""},"categories":[25,1,137,16],"tags":[192],"class_list":["post-261660","post","type-post","status-publish","format-standard","has-post-thumbnail","hentry","category-destaques-site","category-geral","category-policia","category-todas","tag-destaqueprincipal"],"acf":[],"yoast_head":"<!-- This site is optimized with the Yoast SEO Premium plugin v19.2 (Yoast SEO v26.9) - https:\/\/yoast.com\/product\/yoast-seo-premium-wordpress\/ -->\n<title>Adolescente de 13 anos \u00e9 amarrado e estuprado por vizinho ao sair da escola; acusado \u00e9 preso - Portal Not\u00edcia em Pauta<\/title>\n<meta name=\"robots\" content=\"index, follow, max-snippet:-1, max-image-preview:large, max-video-preview:-1\" \/>\n<link rel=\"canonical\" href=\"https:\/\/noticiaempauta.com\/portal\/adolescente-de-13-anos-e-amarrado-e-estuprado-por-vizinho-ao-sair-da-escola-acusado-e-preso\/\" \/>\n<meta property=\"og:locale\" content=\"pt_BR\" \/>\n<meta property=\"og:type\" content=\"article\" \/>\n<meta property=\"og:title\" content=\"Adolescente de 13 anos \u00e9 amarrado e estuprado por vizinho ao sair da escola; acusado \u00e9 preso\" \/>\n<meta property=\"og:description\" content=\"Um adolescente de 13 anos de idade foi amarrado e estuprado pelo vizinho da fam\u00edlia\u00a0dele, Marcos Eug\u00eanio Sousa Ferreira, na tarde desta quinta-feira (29), no bairro Parque Piau\u00ed, zona Sul de Teresina. Pouco depois do crime,\u00a0o acusado estava prestes a fugir, mas foi preso em flagrante pela Pol\u00edcia Militar. &#8220;A crian\u00e7a estava saindo da escola, [&hellip;]\" \/>\n<meta property=\"og:url\" content=\"https:\/\/noticiaempauta.com\/portal\/adolescente-de-13-anos-e-amarrado-e-estuprado-por-vizinho-ao-sair-da-escola-acusado-e-preso\/\" \/>\n<meta property=\"og:site_name\" content=\"Portal Not\u00edcia em Pauta\" \/>\n<meta property=\"article:publisher\" content=\"https:\/\/www.facebook.com\/Portal-Notcia-Em-Pauta-102292869264820\/\" \/>\n<meta property=\"article:published_time\" content=\"2024-08-30T11:53:02+00:00\" \/>\n<meta property=\"article:modified_time\" content=\"2024-08-30T11:53:03+00:00\" \/>\n<meta property=\"og:image\" content=\"https:\/\/noticiaempauta.com\/portal\/wp-content\/uploads\/2023\/01\/acusado-de-estupro-em-alegrete.jpg\" \/>\n\t<meta property=\"og:image:width\" content=\"1000\" \/>\n\t<meta property=\"og:image:height\" content=\"675\" \/>\n\t<meta property=\"og:image:type\" content=\"image\/jpeg\" \/>\n<meta name=\"author\" content=\"Reda\u00e7\u00e3o\" \/>\n<meta name=\"twitter:card\" content=\"summary_large_image\" \/>\n<meta name=\"twitter:label1\" content=\"Escrito por\" \/>\n\t<meta name=\"twitter:data1\" content=\"Reda\u00e7\u00e3o\" \/>\n\t<meta name=\"twitter:label2\" content=\"Est. tempo de leitura\" \/>\n\t<meta name=\"twitter:data2\" content=\"2 minutos\" \/>\n<script type=\"application\/ld+json\" class=\"yoast-schema-graph\">{\"@context\":\"https:\/\/schema.org\",\"@graph\":[{\"@type\":\"Article\",\"@id\":\"https:\/\/noticiaempauta.com\/portal\/adolescente-de-13-anos-e-amarrado-e-estuprado-por-vizinho-ao-sair-da-escola-acusado-e-preso\/#article\",\"isPartOf\":{\"@id\":\"https:\/\/noticiaempauta.com\/portal\/adolescente-de-13-anos-e-amarrado-e-estuprado-por-vizinho-ao-sair-da-escola-acusado-e-preso\/\"},\"author\":{\"name\":\"Reda\u00e7\u00e3o\",\"@id\":\"https:\/\/noticiaempauta.com\/portal\/#\/schema\/person\/a74af43dd1ab3deca45f988c717d57ac\"},\"headline\":\"Adolescente de 13 anos \u00e9 amarrado e estuprado por vizinho ao sair da escola; acusado \u00e9 preso\",\"datePublished\":\"2024-08-30T11:53:02+00:00\",\"dateModified\":\"2024-08-30T11:53:03+00:00\",\"mainEntityOfPage\":{\"@id\":\"https:\/\/noticiaempauta.com\/portal\/adolescente-de-13-anos-e-amarrado-e-estuprado-por-vizinho-ao-sair-da-escola-acusado-e-preso\/\"},\"wordCount\":331,\"commentCount\":0,\"publisher\":{\"@id\":\"https:\/\/noticiaempauta.com\/portal\/#organization\"},\"image\":{\"@id\":\"https:\/\/noticiaempauta.com\/portal\/adolescente-de-13-anos-e-amarrado-e-estuprado-por-vizinho-ao-sair-da-escola-acusado-e-preso\/#primaryimage\"},\"thumbnailUrl\":\"https:\/\/noticiaempauta.com\/portal\/wp-content\/uploads\/2023\/01\/acusado-de-estupro-em-alegrete.jpg\",\"keywords\":[\"destaqueprincipal\"],\"articleSection\":[\"Destaques\",\"Geral\",\"Pol\u00edcia\",\"Todas as Not\u00edcias\"],\"inLanguage\":\"pt-BR\",\"potentialAction\":[{\"@type\":\"CommentAction\",\"name\":\"Comment\",\"target\":[\"https:\/\/noticiaempauta.com\/portal\/adolescente-de-13-anos-e-amarrado-e-estuprado-por-vizinho-ao-sair-da-escola-acusado-e-preso\/#respond\"]}]},{\"@type\":\"WebPage\",\"@id\":\"https:\/\/noticiaempauta.com\/portal\/adolescente-de-13-anos-e-amarrado-e-estuprado-por-vizinho-ao-sair-da-escola-acusado-e-preso\/\",\"url\":\"https:\/\/noticiaempauta.com\/portal\/adolescente-de-13-anos-e-amarrado-e-estuprado-por-vizinho-ao-sair-da-escola-acusado-e-preso\/\",\"name\":\"Adolescente de 13 anos \u00e9 amarrado e estuprado por vizinho ao sair da escola; acusado \u00e9 preso - Portal Not\u00edcia em Pauta\",\"isPartOf\":{\"@id\":\"https:\/\/noticiaempauta.com\/portal\/#website\"},\"primaryImageOfPage\":{\"@id\":\"https:\/\/noticiaempauta.com\/portal\/adolescente-de-13-anos-e-amarrado-e-estuprado-por-vizinho-ao-sair-da-escola-acusado-e-preso\/#primaryimage\"},\"image\":{\"@id\":\"https:\/\/noticiaempauta.com\/portal\/adolescente-de-13-anos-e-amarrado-e-estuprado-por-vizinho-ao-sair-da-escola-acusado-e-preso\/#primaryimage\"},\"thumbnailUrl\":\"https:\/\/noticiaempauta.com\/portal\/wp-content\/uploads\/2023\/01\/acusado-de-estupro-em-alegrete.jpg\",\"datePublished\":\"2024-08-30T11:53:02+00:00\",\"dateModified\":\"2024-08-30T11:53:03+00:00\",\"breadcrumb\":{\"@id\":\"https:\/\/noticiaempauta.com\/portal\/adolescente-de-13-anos-e-amarrado-e-estuprado-por-vizinho-ao-sair-da-escola-acusado-e-preso\/#breadcrumb\"},\"inLanguage\":\"pt-BR\",\"potentialAction\":[{\"@type\":\"ReadAction\",\"target\":[\"https:\/\/noticiaempauta.com\/portal\/adolescente-de-13-anos-e-amarrado-e-estuprado-por-vizinho-ao-sair-da-escola-acusado-e-preso\/\"]}]},{\"@type\":\"ImageObject\",\"inLanguage\":\"pt-BR\",\"@id\":\"https:\/\/noticiaempauta.com\/portal\/adolescente-de-13-anos-e-amarrado-e-estuprado-por-vizinho-ao-sair-da-escola-acusado-e-preso\/#primaryimage\",\"url\":\"https:\/\/noticiaempauta.com\/portal\/wp-content\/uploads\/2023\/01\/acusado-de-estupro-em-alegrete.jpg\",\"contentUrl\":\"https:\/\/noticiaempauta.com\/portal\/wp-content\/uploads\/2023\/01\/acusado-de-estupro-em-alegrete.jpg\",\"width\":1000,\"height\":675},{\"@type\":\"BreadcrumbList\",\"@id\":\"https:\/\/noticiaempauta.com\/portal\/adolescente-de-13-anos-e-amarrado-e-estuprado-por-vizinho-ao-sair-da-escola-acusado-e-preso\/#breadcrumb\",\"itemListElement\":[{\"@type\":\"ListItem\",\"position\":1,\"name\":\"P\u00e1gina Inicial\",\"item\":\"https:\/\/noticiaempauta.com\/portal\/\"},{\"@type\":\"ListItem\",\"position\":2,\"name\":\"Destaques\",\"item\":\"https:\/\/noticiaempauta.com\/portal\/destaques-site\/\"},{\"@type\":\"ListItem\",\"position\":3,\"name\":\"Adolescente de 13 anos \u00e9 amarrado e estuprado por vizinho ao sair da escola; acusado \u00e9 preso\"}]},{\"@type\":\"WebSite\",\"@id\":\"https:\/\/noticiaempauta.com\/portal\/#website\",\"url\":\"https:\/\/noticiaempauta.com\/portal\/\",\"name\":\"Portal Not\u00edcia em Pauta\",\"description\":\"Voc\u00ea bem informado\",\"publisher\":{\"@id\":\"https:\/\/noticiaempauta.com\/portal\/#organization\"},\"potentialAction\":[{\"@type\":\"SearchAction\",\"target\":{\"@type\":\"EntryPoint\",\"urlTemplate\":\"https:\/\/noticiaempauta.com\/portal\/?s={search_term_string}\"},\"query-input\":{\"@type\":\"PropertyValueSpecification\",\"valueRequired\":true,\"valueName\":\"search_term_string\"}}],\"inLanguage\":\"pt-BR\"},{\"@type\":\"Organization\",\"@id\":\"https:\/\/noticiaempauta.com\/portal\/#organization\",\"name\":\"Portal Not\u00edcia em Pauta\",\"url\":\"https:\/\/noticiaempauta.com\/portal\/\",\"logo\":{\"@type\":\"ImageObject\",\"inLanguage\":\"pt-BR\",\"@id\":\"https:\/\/noticiaempauta.com\/portal\/#\/schema\/logo\/image\/\",\"url\":\"https:\/\/noticiaempauta.com\/portal\/wp-content\/uploads\/2022\/08\/logomarca_tema.fw_.png\",\"contentUrl\":\"https:\/\/noticiaempauta.com\/portal\/wp-content\/uploads\/2022\/08\/logomarca_tema.fw_.png\",\"width\":400,\"height\":232,\"caption\":\"Portal Not\u00edcia em Pauta\"},\"image\":{\"@id\":\"https:\/\/noticiaempauta.com\/portal\/#\/schema\/logo\/image\/\"},\"sameAs\":[\"https:\/\/www.facebook.com\/Portal-Notcia-Em-Pauta-102292869264820\/\",\"https:\/\/www.instagram.com\/portalnoticiaempauta\/\"]},{\"@type\":\"Person\",\"@id\":\"https:\/\/noticiaempauta.com\/portal\/#\/schema\/person\/a74af43dd1ab3deca45f988c717d57ac\",\"name\":\"Reda\u00e7\u00e3o\",\"image\":{\"@type\":\"ImageObject\",\"inLanguage\":\"pt-BR\",\"@id\":\"https:\/\/noticiaempauta.com\/portal\/#\/schema\/person\/image\/\",\"url\":\"https:\/\/secure.gravatar.com\/avatar\/03179346ecce6cdfc13361603e8f54242a90e5cde8618fa23c5c00aa2b0aadf3?s=96&d=mm&r=g\",\"contentUrl\":\"https:\/\/secure.gravatar.com\/avatar\/03179346ecce6cdfc13361603e8f54242a90e5cde8618fa23c5c00aa2b0aadf3?s=96&d=mm&r=g\",\"caption\":\"Reda\u00e7\u00e3o\"},\"sameAs\":[\"https:\/\/noticiaempauta.com\/portal\/\"],\"url\":\"https:\/\/noticiaempauta.com\/portal\/author\/fernando\/\"}]}<\/script>\n<!-- \/ Yoast SEO Premium plugin. -->","yoast_head_json":{"title":"Adolescente de 13 anos \u00e9 amarrado e estuprado por vizinho ao sair da escola; acusado \u00e9 preso - Portal Not\u00edcia em Pauta","robots":{"index":"index","follow":"follow","max-snippet":"max-snippet:-1","max-image-preview":"max-image-preview:large","max-video-preview":"max-video-preview:-1"},"canonical":"https:\/\/noticiaempauta.com\/portal\/adolescente-de-13-anos-e-amarrado-e-estuprado-por-vizinho-ao-sair-da-escola-acusado-e-preso\/","og_locale":"pt_BR","og_type":"article","og_title":"Adolescente de 13 anos \u00e9 amarrado e estuprado por vizinho ao sair da escola; acusado \u00e9 preso","og_description":"Um adolescente de 13 anos de idade foi amarrado e estuprado pelo vizinho da fam\u00edlia\u00a0dele, Marcos Eug\u00eanio Sousa Ferreira, na tarde desta quinta-feira (29), no bairro Parque Piau\u00ed, zona Sul de Teresina. Pouco depois do crime,\u00a0o acusado estava prestes a fugir, mas foi preso em flagrante pela Pol\u00edcia Militar. &#8220;A crian\u00e7a estava saindo da escola, [&hellip;]","og_url":"https:\/\/noticiaempauta.com\/portal\/adolescente-de-13-anos-e-amarrado-e-estuprado-por-vizinho-ao-sair-da-escola-acusado-e-preso\/","og_site_name":"Portal Not\u00edcia em Pauta","article_publisher":"https:\/\/www.facebook.com\/Portal-Notcia-Em-Pauta-102292869264820\/","article_published_time":"2024-08-30T11:53:02+00:00","article_modified_time":"2024-08-30T11:53:03+00:00","og_image":[{"width":1000,"height":675,"url":"https:\/\/noticiaempauta.com\/portal\/wp-content\/uploads\/2023\/01\/acusado-de-estupro-em-alegrete.jpg","type":"image\/jpeg"}],"author":"Reda\u00e7\u00e3o","twitter_card":"summary_large_image","twitter_misc":{"Escrito por":"Reda\u00e7\u00e3o","Est. tempo de leitura":"2 minutos"},"schema":{"@context":"https:\/\/schema.org","@graph":[{"@type":"Article","@id":"https:\/\/noticiaempauta.com\/portal\/adolescente-de-13-anos-e-amarrado-e-estuprado-por-vizinho-ao-sair-da-escola-acusado-e-preso\/#article","isPartOf":{"@id":"https:\/\/noticiaempauta.com\/portal\/adolescente-de-13-anos-e-amarrado-e-estuprado-por-vizinho-ao-sair-da-escola-acusado-e-preso\/"},"author":{"name":"Reda\u00e7\u00e3o","@id":"https:\/\/noticiaempauta.com\/portal\/#\/schema\/person\/a74af43dd1ab3deca45f988c717d57ac"},"headline":"Adolescente de 13 anos \u00e9 amarrado e estuprado por vizinho ao sair da escola; acusado \u00e9 preso","datePublished":"2024-08-30T11:53:02+00:00","dateModified":"2024-08-30T11:53:03+00:00","mainEntityOfPage":{"@id":"https:\/\/noticiaempauta.com\/portal\/adolescente-de-13-anos-e-amarrado-e-estuprado-por-vizinho-ao-sair-da-escola-acusado-e-preso\/"},"wordCount":331,"commentCount":0,"publisher":{"@id":"https:\/\/noticiaempauta.com\/portal\/#organization"},"image":{"@id":"https:\/\/noticiaempauta.com\/portal\/adolescente-de-13-anos-e-amarrado-e-estuprado-por-vizinho-ao-sair-da-escola-acusado-e-preso\/#primaryimage"},"thumbnailUrl":"https:\/\/noticiaempauta.com\/portal\/wp-content\/uploads\/2023\/01\/acusado-de-estupro-em-alegrete.jpg","keywords":["destaqueprincipal"],"articleSection":["Destaques","Geral","Pol\u00edcia","Todas as Not\u00edcias"],"inLanguage":"pt-BR","potentialAction":[{"@type":"CommentAction","name":"Comment","target":["https:\/\/noticiaempauta.com\/portal\/adolescente-de-13-anos-e-amarrado-e-estuprado-por-vizinho-ao-sair-da-escola-acusado-e-preso\/#respond"]}]},{"@type":"WebPage","@id":"https:\/\/noticiaempauta.com\/portal\/adolescente-de-13-anos-e-amarrado-e-estuprado-por-vizinho-ao-sair-da-escola-acusado-e-preso\/","url":"https:\/\/noticiaempauta.com\/portal\/adolescente-de-13-anos-e-amarrado-e-estuprado-por-vizinho-ao-sair-da-escola-acusado-e-preso\/","name":"Adolescente de 13 anos \u00e9 amarrado e estuprado por vizinho ao sair da escola; acusado \u00e9 preso - Portal Not\u00edcia em Pauta","isPartOf":{"@id":"https:\/\/noticiaempauta.com\/portal\/#website"},"primaryImageOfPage":{"@id":"https:\/\/noticiaempauta.com\/portal\/adolescente-de-13-anos-e-amarrado-e-estuprado-por-vizinho-ao-sair-da-escola-acusado-e-preso\/#primaryimage"},"image":{"@id":"https:\/\/noticiaempauta.com\/portal\/adolescente-de-13-anos-e-amarrado-e-estuprado-por-vizinho-ao-sair-da-escola-acusado-e-preso\/#primaryimage"},"thumbnailUrl":"https:\/\/noticiaempauta.com\/portal\/wp-content\/uploads\/2023\/01\/acusado-de-estupro-em-alegrete.jpg","datePublished":"2024-08-30T11:53:02+00:00","dateModified":"2024-08-30T11:53:03+00:00","breadcrumb":{"@id":"https:\/\/noticiaempauta.com\/portal\/adolescente-de-13-anos-e-amarrado-e-estuprado-por-vizinho-ao-sair-da-escola-acusado-e-preso\/#breadcrumb"},"inLanguage":"pt-BR","potentialAction":[{"@type":"ReadAction","target":["https:\/\/noticiaempauta.com\/portal\/adolescente-de-13-anos-e-amarrado-e-estuprado-por-vizinho-ao-sair-da-escola-acusado-e-preso\/"]}]},{"@type":"ImageObject","inLanguage":"pt-BR","@id":"https:\/\/noticiaempauta.com\/portal\/adolescente-de-13-anos-e-amarrado-e-estuprado-por-vizinho-ao-sair-da-escola-acusado-e-preso\/#primaryimage","url":"https:\/\/noticiaempauta.com\/portal\/wp-content\/uploads\/2023\/01\/acusado-de-estupro-em-alegrete.jpg","contentUrl":"https:\/\/noticiaempauta.com\/portal\/wp-content\/uploads\/2023\/01\/acusado-de-estupro-em-alegrete.jpg","width":1000,"height":675},{"@type":"BreadcrumbList","@id":"https:\/\/noticiaempauta.com\/portal\/adolescente-de-13-anos-e-amarrado-e-estuprado-por-vizinho-ao-sair-da-escola-acusado-e-preso\/#breadcrumb","itemListElement":[{"@type":"ListItem","position":1,"name":"P\u00e1gina Inicial","item":"https:\/\/noticiaempauta.com\/portal\/"},{"@type":"ListItem","position":2,"name":"Destaques","item":"https:\/\/noticiaempauta.com\/portal\/destaques-site\/"},{"@type":"ListItem","position":3,"name":"Adolescente de 13 anos \u00e9 amarrado e estuprado por vizinho ao sair da escola; acusado \u00e9 preso"}]},{"@type":"WebSite","@id":"https:\/\/noticiaempauta.com\/portal\/#website","url":"https:\/\/noticiaempauta.com\/portal\/","name":"Portal Not\u00edcia em Pauta","description":"Voc\u00ea bem informado","publisher":{"@id":"https:\/\/noticiaempauta.com\/portal\/#organization"},"potentialAction":[{"@type":"SearchAction","target":{"@type":"EntryPoint","urlTemplate":"https:\/\/noticiaempauta.com\/portal\/?s={search_term_string}"},"query-input":{"@type":"PropertyValueSpecification","valueRequired":true,"valueName":"search_term_string"}}],"inLanguage":"pt-BR"},{"@type":"Organization","@id":"https:\/\/noticiaempauta.com\/portal\/#organization","name":"Portal Not\u00edcia em Pauta","url":"https:\/\/noticiaempauta.com\/portal\/","logo":{"@type":"ImageObject","inLanguage":"pt-BR","@id":"https:\/\/noticiaempauta.com\/portal\/#\/schema\/logo\/image\/","url":"https:\/\/noticiaempauta.com\/portal\/wp-content\/uploads\/2022\/08\/logomarca_tema.fw_.png","contentUrl":"https:\/\/noticiaempauta.com\/portal\/wp-content\/uploads\/2022\/08\/logomarca_tema.fw_.png","width":400,"height":232,"caption":"Portal Not\u00edcia em Pauta"},"image":{"@id":"https:\/\/noticiaempauta.com\/portal\/#\/schema\/logo\/image\/"},"sameAs":["https:\/\/www.facebook.com\/Portal-Notcia-Em-Pauta-102292869264820\/","https:\/\/www.instagram.com\/portalnoticiaempauta\/"]},{"@type":"Person","@id":"https:\/\/noticiaempauta.com\/portal\/#\/schema\/person\/a74af43dd1ab3deca45f988c717d57ac","name":"Reda\u00e7\u00e3o","image":{"@type":"ImageObject","inLanguage":"pt-BR","@id":"https:\/\/noticiaempauta.com\/portal\/#\/schema\/person\/image\/","url":"https:\/\/secure.gravatar.com\/avatar\/03179346ecce6cdfc13361603e8f54242a90e5cde8618fa23c5c00aa2b0aadf3?s=96&d=mm&r=g","contentUrl":"https:\/\/secure.gravatar.com\/avatar\/03179346ecce6cdfc13361603e8f54242a90e5cde8618fa23c5c00aa2b0aadf3?s=96&d=mm&r=g","caption":"Reda\u00e7\u00e3o"},"sameAs":["https:\/\/noticiaempauta.com\/portal\/"],"url":"https:\/\/noticiaempauta.com\/portal\/author\/fernando\/"}]}},"_links":{"self":[{"href":"https:\/\/noticiaempauta.com\/portal\/wp-json\/wp\/v2\/posts\/261660","targetHints":{"allow":["GET"]}}],"collection":[{"href":"https:\/\/noticiaempauta.com\/portal\/wp-json\/wp\/v2\/posts"}],"about":[{"href":"https:\/\/noticiaempauta.com\/portal\/wp-json\/wp\/v2\/types\/post"}],"author":[{"embeddable":true,"href":"https:\/\/noticiaempauta.com\/portal\/wp-json\/wp\/v2\/users\/2"}],"replies":[{"embeddable":true,"href":"https:\/\/noticiaempauta.com\/portal\/wp-json\/wp\/v2\/comments?post=261660"}],"version-history":[{"count":2,"href":"https:\/\/noticiaempauta.com\/portal\/wp-json\/wp\/v2\/posts\/261660\/revisions"}],"predecessor-version":[{"id":261663,"href":"https:\/\/noticiaempauta.com\/portal\/wp-json\/wp\/v2\/posts\/261660\/revisions\/261663"}],"wp:featuredmedia":[{"embeddable":true,"href":"https:\/\/noticiaempauta.com\/portal\/wp-json\/wp\/v2\/media\/243500"}],"wp:attachment":[{"href":"https:\/\/noticiaempauta.com\/portal\/wp-json\/wp\/v2\/media?parent=261660"}],"wp:term":[{"taxonomy":"category","embeddable":true,"href":"https:\/\/noticiaempauta.com\/portal\/wp-json\/wp\/v2\/categories?post=261660"},{"taxonomy":"post_tag","embeddable":true,"href":"https:\/\/noticiaempauta.com\/portal\/wp-json\/wp\/v2\/tags?post=261660"}],"curies":[{"name":"wp","href":"https:\/\/api.w.org\/{rel}","templated":true}]}}