{"id":261668,"date":"2024-08-31T06:12:51","date_gmt":"2024-08-31T09:12:51","guid":{"rendered":"https:\/\/noticiaempauta.com\/portal\/?p=261668"},"modified":"2024-08-31T06:12:51","modified_gmt":"2024-08-31T09:12:51","slug":"camara-de-santana-do-piaui-realiza-sessao-ordinaria","status":"publish","type":"post","link":"https:\/\/noticiaempauta.com\/portal\/camara-de-santana-do-piaui-realiza-sessao-ordinaria\/","title":{"rendered":"C\u00e2mara de Santana do Piau\u00ed realiza sess\u00e3o ordin\u00e1ria"},"content":{"rendered":"\n<p>A C\u00e2mara Municipal de Santana do Piau\u00ed, realizou na noite desta sexta-feira, 30 de agosto, duas sess\u00f5es ordin\u00e1rias, sob condu\u00e7\u00e3o da presidente da mesa diretora vereadora Clarete Rabelo.<\/p>\n\n\n\n<figure class=\"wp-block-image size-large\"><img fetchpriority=\"high\" decoding=\"async\" width=\"1024\" height=\"768\" src=\"https:\/\/noticiaempauta.com\/portal\/wp-content\/uploads\/2024\/08\/IMG_4547-1024x768.jpeg\" alt=\"\" class=\"wp-image-261669\" srcset=\"https:\/\/noticiaempauta.com\/portal\/wp-content\/uploads\/2024\/08\/IMG_4547-1024x768.jpeg 1024w, https:\/\/noticiaempauta.com\/portal\/wp-content\/uploads\/2024\/08\/IMG_4547-300x225.jpeg 300w, https:\/\/noticiaempauta.com\/portal\/wp-content\/uploads\/2024\/08\/IMG_4547-768x576.jpeg 768w, https:\/\/noticiaempauta.com\/portal\/wp-content\/uploads\/2024\/08\/IMG_4547-1536x1152.jpeg 1536w, https:\/\/noticiaempauta.com\/portal\/wp-content\/uploads\/2024\/08\/IMG_4547-2048x1536.jpeg 2048w\" sizes=\"(max-width: 1024px) 100vw, 1024px\" \/><\/figure>\n\n\n\n<p>Na oportunidade estiveram presentes os vereadores, Deuzim, Vin\u00edcios e Elenilsa Gabriel, tendo os demais vereadores justificado aus\u00eancia junto \u00e0 mesa diretora.<\/p>\n\n\n\n<figure class=\"wp-block-image size-large\"><img decoding=\"async\" width=\"1024\" height=\"768\" src=\"https:\/\/noticiaempauta.com\/portal\/wp-content\/uploads\/2024\/08\/IMG_4550-1024x768.jpeg\" alt=\"\" class=\"wp-image-261670\" srcset=\"https:\/\/noticiaempauta.com\/portal\/wp-content\/uploads\/2024\/08\/IMG_4550-1024x768.jpeg 1024w, https:\/\/noticiaempauta.com\/portal\/wp-content\/uploads\/2024\/08\/IMG_4550-300x225.jpeg 300w, https:\/\/noticiaempauta.com\/portal\/wp-content\/uploads\/2024\/08\/IMG_4550-768x576.jpeg 768w, https:\/\/noticiaempauta.com\/portal\/wp-content\/uploads\/2024\/08\/IMG_4550-1536x1152.jpeg 1536w, https:\/\/noticiaempauta.com\/portal\/wp-content\/uploads\/2024\/08\/IMG_4550-2048x1536.jpeg 2048w\" sizes=\"(max-width: 1024px) 100vw, 1024px\" \/><\/figure>\n\n\n\n<figure class=\"wp-block-image size-large\"><img decoding=\"async\" width=\"1024\" height=\"768\" src=\"https:\/\/noticiaempauta.com\/portal\/wp-content\/uploads\/2024\/08\/IMG_4552-1024x768.jpeg\" alt=\"\" class=\"wp-image-261673\" srcset=\"https:\/\/noticiaempauta.com\/portal\/wp-content\/uploads\/2024\/08\/IMG_4552-1024x768.jpeg 1024w, https:\/\/noticiaempauta.com\/portal\/wp-content\/uploads\/2024\/08\/IMG_4552-300x225.jpeg 300w, https:\/\/noticiaempauta.com\/portal\/wp-content\/uploads\/2024\/08\/IMG_4552-768x576.jpeg 768w, https:\/\/noticiaempauta.com\/portal\/wp-content\/uploads\/2024\/08\/IMG_4552-1536x1152.jpeg 1536w, https:\/\/noticiaempauta.com\/portal\/wp-content\/uploads\/2024\/08\/IMG_4552-2048x1536.jpeg 2048w\" sizes=\"(max-width: 1024px) 100vw, 1024px\" \/><\/figure>\n\n\n\n<p>N\u00e3o havendo projetos e requerimentos na pauta a serem apreciados e colocados em vota\u00e7\u00e3o,  fizeram uso da palavra as vereadoras Clarete Rabelo e Elenilsa Gabriel.<\/p>\n\n\n\n<figure class=\"wp-block-image size-large\"><img loading=\"lazy\" decoding=\"async\" width=\"1024\" height=\"768\" src=\"https:\/\/noticiaempauta.com\/portal\/wp-content\/uploads\/2024\/08\/IMG_4553-1024x768.jpeg\" alt=\"\" class=\"wp-image-261671\" srcset=\"https:\/\/noticiaempauta.com\/portal\/wp-content\/uploads\/2024\/08\/IMG_4553-1024x768.jpeg 1024w, https:\/\/noticiaempauta.com\/portal\/wp-content\/uploads\/2024\/08\/IMG_4553-300x225.jpeg 300w, https:\/\/noticiaempauta.com\/portal\/wp-content\/uploads\/2024\/08\/IMG_4553-768x576.jpeg 768w, https:\/\/noticiaempauta.com\/portal\/wp-content\/uploads\/2024\/08\/IMG_4553-1536x1152.jpeg 1536w, https:\/\/noticiaempauta.com\/portal\/wp-content\/uploads\/2024\/08\/IMG_4553-2048x1536.jpeg 2048w\" sizes=\"(max-width: 1024px) 100vw, 1024px\" \/><\/figure>\n\n\n\n<p><strong>Vereadora Elenilsa Gabriel<\/strong> &#8211; Em breve pronunciamento enviou votos de pesar as fam\u00edlias santanenses que nos \u00faltimos dias perderam entes queridos, dentre eles os familiares de Dona Teresa Rocha Gon\u00e7alves, Ant\u00f4nio Borges e Jos\u00e9 Antenor, falecidos recentemente.<br>Convidou a todos para o desfile de 07 de setembro que ser\u00e1 realizado no munic\u00edpio, ressaltando que n\u00e3o se trata de ato pol\u00edtico mas sim de tradi\u00e7\u00e3o e cidadania, onde \u00e9 de suma import\u00e2ncia a participa\u00e7\u00e3o popular.<\/p>\n\n\n\n<figure class=\"wp-block-image size-large\"><img loading=\"lazy\" decoding=\"async\" width=\"1024\" height=\"768\" src=\"https:\/\/noticiaempauta.com\/portal\/wp-content\/uploads\/2024\/08\/IMG_4556-1024x768.jpeg\" alt=\"\" class=\"wp-image-261672\" srcset=\"https:\/\/noticiaempauta.com\/portal\/wp-content\/uploads\/2024\/08\/IMG_4556-1024x768.jpeg 1024w, https:\/\/noticiaempauta.com\/portal\/wp-content\/uploads\/2024\/08\/IMG_4556-300x225.jpeg 300w, https:\/\/noticiaempauta.com\/portal\/wp-content\/uploads\/2024\/08\/IMG_4556-768x576.jpeg 768w, https:\/\/noticiaempauta.com\/portal\/wp-content\/uploads\/2024\/08\/IMG_4556-1536x1152.jpeg 1536w, https:\/\/noticiaempauta.com\/portal\/wp-content\/uploads\/2024\/08\/IMG_4556-2048x1536.jpeg 2048w\" sizes=\"(max-width: 1024px) 100vw, 1024px\" \/><\/figure>\n\n\n\n<p><strong>Vereadora Clarete Rabelo<\/strong> &#8211; Durante uso da tribuna tamb\u00e9m enviou votos de pesar as fam\u00edlias enlutadas, lamentando perdas de cidad\u00e3os santanenses que de forma precoce partiram para vida eterna, Dona In\u00eas, Z\u00e9 de Antenor, Toim de Adalia (in memoriam).<\/p>\n\n\n\n<p><\/p>\n","protected":false},"excerpt":{"rendered":"<p>A C\u00e2mara Municipal de Santana do Piau\u00ed, realizou na noite desta sexta-feira, 30 de agosto, duas sess\u00f5es ordin\u00e1rias, sob condu\u00e7\u00e3o da presidente da mesa diretora vereadora Clarete Rabelo. Na oportunidade estiveram presentes os vereadores, Deuzim, Vin\u00edcios e Elenilsa Gabriel, tendo os demais vereadores justificado aus\u00eancia junto \u00e0 mesa diretora. N\u00e3o havendo projetos e requerimentos na [&hellip;]<\/p>\n","protected":false},"author":2,"featured_media":261669,"comment_status":"open","ping_status":"open","sticky":false,"template":"","format":"standard","meta":{"_mi_skip_tracking":false,"footnotes":""},"categories":[1,9,16],"tags":[],"class_list":["post-261668","post","type-post","status-publish","format-standard","has-post-thumbnail","hentry","category-geral","category-municipios","category-todas"],"acf":[],"yoast_head":"<!-- This site is optimized with the Yoast SEO Premium plugin v19.2 (Yoast SEO v26.9) - https:\/\/yoast.com\/product\/yoast-seo-premium-wordpress\/ -->\n<title>C\u00e2mara de Santana do Piau\u00ed realiza sess\u00e3o ordin\u00e1ria - Portal Not\u00edcia em Pauta<\/title>\n<meta name=\"robots\" content=\"index, follow, max-snippet:-1, max-image-preview:large, max-video-preview:-1\" \/>\n<link rel=\"canonical\" href=\"https:\/\/noticiaempauta.com\/portal\/camara-de-santana-do-piaui-realiza-sessao-ordinaria\/\" \/>\n<meta property=\"og:locale\" content=\"pt_BR\" \/>\n<meta property=\"og:type\" content=\"article\" \/>\n<meta property=\"og:title\" content=\"C\u00e2mara de Santana do Piau\u00ed realiza sess\u00e3o ordin\u00e1ria\" \/>\n<meta property=\"og:description\" content=\"A C\u00e2mara Municipal de Santana do Piau\u00ed, realizou na noite desta sexta-feira, 30 de agosto, duas sess\u00f5es ordin\u00e1rias, sob condu\u00e7\u00e3o da presidente da mesa diretora vereadora Clarete Rabelo. Na oportunidade estiveram presentes os vereadores, Deuzim, Vin\u00edcios e Elenilsa Gabriel, tendo os demais vereadores justificado aus\u00eancia junto \u00e0 mesa diretora. N\u00e3o havendo projetos e requerimentos na [&hellip;]\" \/>\n<meta property=\"og:url\" content=\"https:\/\/noticiaempauta.com\/portal\/camara-de-santana-do-piaui-realiza-sessao-ordinaria\/\" \/>\n<meta property=\"og:site_name\" content=\"Portal Not\u00edcia em Pauta\" \/>\n<meta property=\"article:publisher\" content=\"https:\/\/www.facebook.com\/Portal-Notcia-Em-Pauta-102292869264820\/\" \/>\n<meta property=\"article:published_time\" content=\"2024-08-31T09:12:51+00:00\" \/>\n<meta property=\"og:image\" content=\"https:\/\/noticiaempauta.com\/portal\/wp-content\/uploads\/2024\/08\/IMG_4547-scaled.jpeg\" \/>\n\t<meta property=\"og:image:width\" content=\"2560\" \/>\n\t<meta property=\"og:image:height\" content=\"1920\" \/>\n\t<meta property=\"og:image:type\" content=\"image\/jpeg\" \/>\n<meta name=\"author\" content=\"Reda\u00e7\u00e3o\" \/>\n<meta name=\"twitter:card\" content=\"summary_large_image\" \/>\n<meta name=\"twitter:label1\" content=\"Escrito por\" \/>\n\t<meta name=\"twitter:data1\" content=\"Reda\u00e7\u00e3o\" \/>\n\t<meta name=\"twitter:label2\" content=\"Est. tempo de leitura\" \/>\n\t<meta name=\"twitter:data2\" content=\"3 minutos\" \/>\n<script type=\"application\/ld+json\" class=\"yoast-schema-graph\">{\"@context\":\"https:\/\/schema.org\",\"@graph\":[{\"@type\":\"Article\",\"@id\":\"https:\/\/noticiaempauta.com\/portal\/camara-de-santana-do-piaui-realiza-sessao-ordinaria\/#article\",\"isPartOf\":{\"@id\":\"https:\/\/noticiaempauta.com\/portal\/camara-de-santana-do-piaui-realiza-sessao-ordinaria\/\"},\"author\":{\"name\":\"Reda\u00e7\u00e3o\",\"@id\":\"https:\/\/noticiaempauta.com\/portal\/#\/schema\/person\/a74af43dd1ab3deca45f988c717d57ac\"},\"headline\":\"C\u00e2mara de Santana do Piau\u00ed realiza sess\u00e3o ordin\u00e1ria\",\"datePublished\":\"2024-08-31T09:12:51+00:00\",\"mainEntityOfPage\":{\"@id\":\"https:\/\/noticiaempauta.com\/portal\/camara-de-santana-do-piaui-realiza-sessao-ordinaria\/\"},\"wordCount\":215,\"commentCount\":0,\"publisher\":{\"@id\":\"https:\/\/noticiaempauta.com\/portal\/#organization\"},\"image\":{\"@id\":\"https:\/\/noticiaempauta.com\/portal\/camara-de-santana-do-piaui-realiza-sessao-ordinaria\/#primaryimage\"},\"thumbnailUrl\":\"https:\/\/noticiaempauta.com\/portal\/wp-content\/uploads\/2024\/08\/IMG_4547-scaled.jpeg\",\"articleSection\":[\"Geral\",\"Munic\u00edpios\",\"Todas as Not\u00edcias\"],\"inLanguage\":\"pt-BR\",\"potentialAction\":[{\"@type\":\"CommentAction\",\"name\":\"Comment\",\"target\":[\"https:\/\/noticiaempauta.com\/portal\/camara-de-santana-do-piaui-realiza-sessao-ordinaria\/#respond\"]}]},{\"@type\":\"WebPage\",\"@id\":\"https:\/\/noticiaempauta.com\/portal\/camara-de-santana-do-piaui-realiza-sessao-ordinaria\/\",\"url\":\"https:\/\/noticiaempauta.com\/portal\/camara-de-santana-do-piaui-realiza-sessao-ordinaria\/\",\"name\":\"C\u00e2mara de Santana do Piau\u00ed realiza sess\u00e3o ordin\u00e1ria - Portal Not\u00edcia em Pauta\",\"isPartOf\":{\"@id\":\"https:\/\/noticiaempauta.com\/portal\/#website\"},\"primaryImageOfPage\":{\"@id\":\"https:\/\/noticiaempauta.com\/portal\/camara-de-santana-do-piaui-realiza-sessao-ordinaria\/#primaryimage\"},\"image\":{\"@id\":\"https:\/\/noticiaempauta.com\/portal\/camara-de-santana-do-piaui-realiza-sessao-ordinaria\/#primaryimage\"},\"thumbnailUrl\":\"https:\/\/noticiaempauta.com\/portal\/wp-content\/uploads\/2024\/08\/IMG_4547-scaled.jpeg\",\"datePublished\":\"2024-08-31T09:12:51+00:00\",\"breadcrumb\":{\"@id\":\"https:\/\/noticiaempauta.com\/portal\/camara-de-santana-do-piaui-realiza-sessao-ordinaria\/#breadcrumb\"},\"inLanguage\":\"pt-BR\",\"potentialAction\":[{\"@type\":\"ReadAction\",\"target\":[\"https:\/\/noticiaempauta.com\/portal\/camara-de-santana-do-piaui-realiza-sessao-ordinaria\/\"]}]},{\"@type\":\"ImageObject\",\"inLanguage\":\"pt-BR\",\"@id\":\"https:\/\/noticiaempauta.com\/portal\/camara-de-santana-do-piaui-realiza-sessao-ordinaria\/#primaryimage\",\"url\":\"https:\/\/noticiaempauta.com\/portal\/wp-content\/uploads\/2024\/08\/IMG_4547-scaled.jpeg\",\"contentUrl\":\"https:\/\/noticiaempauta.com\/portal\/wp-content\/uploads\/2024\/08\/IMG_4547-scaled.jpeg\",\"width\":2560,\"height\":1920},{\"@type\":\"BreadcrumbList\",\"@id\":\"https:\/\/noticiaempauta.com\/portal\/camara-de-santana-do-piaui-realiza-sessao-ordinaria\/#breadcrumb\",\"itemListElement\":[{\"@type\":\"ListItem\",\"position\":1,\"name\":\"P\u00e1gina Inicial\",\"item\":\"https:\/\/noticiaempauta.com\/portal\/\"},{\"@type\":\"ListItem\",\"position\":2,\"name\":\"Geral\",\"item\":\"https:\/\/noticiaempauta.com\/portal\/geral\/\"},{\"@type\":\"ListItem\",\"position\":3,\"name\":\"C\u00e2mara de Santana do Piau\u00ed realiza sess\u00e3o ordin\u00e1ria\"}]},{\"@type\":\"WebSite\",\"@id\":\"https:\/\/noticiaempauta.com\/portal\/#website\",\"url\":\"https:\/\/noticiaempauta.com\/portal\/\",\"name\":\"Portal Not\u00edcia em Pauta\",\"description\":\"Voc\u00ea bem informado\",\"publisher\":{\"@id\":\"https:\/\/noticiaempauta.com\/portal\/#organization\"},\"potentialAction\":[{\"@type\":\"SearchAction\",\"target\":{\"@type\":\"EntryPoint\",\"urlTemplate\":\"https:\/\/noticiaempauta.com\/portal\/?s={search_term_string}\"},\"query-input\":{\"@type\":\"PropertyValueSpecification\",\"valueRequired\":true,\"valueName\":\"search_term_string\"}}],\"inLanguage\":\"pt-BR\"},{\"@type\":\"Organization\",\"@id\":\"https:\/\/noticiaempauta.com\/portal\/#organization\",\"name\":\"Portal Not\u00edcia em Pauta\",\"url\":\"https:\/\/noticiaempauta.com\/portal\/\",\"logo\":{\"@type\":\"ImageObject\",\"inLanguage\":\"pt-BR\",\"@id\":\"https:\/\/noticiaempauta.com\/portal\/#\/schema\/logo\/image\/\",\"url\":\"https:\/\/noticiaempauta.com\/portal\/wp-content\/uploads\/2022\/08\/logomarca_tema.fw_.png\",\"contentUrl\":\"https:\/\/noticiaempauta.com\/portal\/wp-content\/uploads\/2022\/08\/logomarca_tema.fw_.png\",\"width\":400,\"height\":232,\"caption\":\"Portal Not\u00edcia em Pauta\"},\"image\":{\"@id\":\"https:\/\/noticiaempauta.com\/portal\/#\/schema\/logo\/image\/\"},\"sameAs\":[\"https:\/\/www.facebook.com\/Portal-Notcia-Em-Pauta-102292869264820\/\",\"https:\/\/www.instagram.com\/portalnoticiaempauta\/\"]},{\"@type\":\"Person\",\"@id\":\"https:\/\/noticiaempauta.com\/portal\/#\/schema\/person\/a74af43dd1ab3deca45f988c717d57ac\",\"name\":\"Reda\u00e7\u00e3o\",\"image\":{\"@type\":\"ImageObject\",\"inLanguage\":\"pt-BR\",\"@id\":\"https:\/\/noticiaempauta.com\/portal\/#\/schema\/person\/image\/\",\"url\":\"https:\/\/secure.gravatar.com\/avatar\/03179346ecce6cdfc13361603e8f54242a90e5cde8618fa23c5c00aa2b0aadf3?s=96&d=mm&r=g\",\"contentUrl\":\"https:\/\/secure.gravatar.com\/avatar\/03179346ecce6cdfc13361603e8f54242a90e5cde8618fa23c5c00aa2b0aadf3?s=96&d=mm&r=g\",\"caption\":\"Reda\u00e7\u00e3o\"},\"sameAs\":[\"https:\/\/noticiaempauta.com\/portal\/\"],\"url\":\"https:\/\/noticiaempauta.com\/portal\/author\/fernando\/\"}]}<\/script>\n<!-- \/ Yoast SEO Premium plugin. -->","yoast_head_json":{"title":"C\u00e2mara de Santana do Piau\u00ed realiza sess\u00e3o ordin\u00e1ria - Portal Not\u00edcia em Pauta","robots":{"index":"index","follow":"follow","max-snippet":"max-snippet:-1","max-image-preview":"max-image-preview:large","max-video-preview":"max-video-preview:-1"},"canonical":"https:\/\/noticiaempauta.com\/portal\/camara-de-santana-do-piaui-realiza-sessao-ordinaria\/","og_locale":"pt_BR","og_type":"article","og_title":"C\u00e2mara de Santana do Piau\u00ed realiza sess\u00e3o ordin\u00e1ria","og_description":"A C\u00e2mara Municipal de Santana do Piau\u00ed, realizou na noite desta sexta-feira, 30 de agosto, duas sess\u00f5es ordin\u00e1rias, sob condu\u00e7\u00e3o da presidente da mesa diretora vereadora Clarete Rabelo. Na oportunidade estiveram presentes os vereadores, Deuzim, Vin\u00edcios e Elenilsa Gabriel, tendo os demais vereadores justificado aus\u00eancia junto \u00e0 mesa diretora. N\u00e3o havendo projetos e requerimentos na [&hellip;]","og_url":"https:\/\/noticiaempauta.com\/portal\/camara-de-santana-do-piaui-realiza-sessao-ordinaria\/","og_site_name":"Portal Not\u00edcia em Pauta","article_publisher":"https:\/\/www.facebook.com\/Portal-Notcia-Em-Pauta-102292869264820\/","article_published_time":"2024-08-31T09:12:51+00:00","og_image":[{"width":2560,"height":1920,"url":"https:\/\/noticiaempauta.com\/portal\/wp-content\/uploads\/2024\/08\/IMG_4547-scaled.jpeg","type":"image\/jpeg"}],"author":"Reda\u00e7\u00e3o","twitter_card":"summary_large_image","twitter_misc":{"Escrito por":"Reda\u00e7\u00e3o","Est. tempo de leitura":"3 minutos"},"schema":{"@context":"https:\/\/schema.org","@graph":[{"@type":"Article","@id":"https:\/\/noticiaempauta.com\/portal\/camara-de-santana-do-piaui-realiza-sessao-ordinaria\/#article","isPartOf":{"@id":"https:\/\/noticiaempauta.com\/portal\/camara-de-santana-do-piaui-realiza-sessao-ordinaria\/"},"author":{"name":"Reda\u00e7\u00e3o","@id":"https:\/\/noticiaempauta.com\/portal\/#\/schema\/person\/a74af43dd1ab3deca45f988c717d57ac"},"headline":"C\u00e2mara de Santana do Piau\u00ed realiza sess\u00e3o ordin\u00e1ria","datePublished":"2024-08-31T09:12:51+00:00","mainEntityOfPage":{"@id":"https:\/\/noticiaempauta.com\/portal\/camara-de-santana-do-piaui-realiza-sessao-ordinaria\/"},"wordCount":215,"commentCount":0,"publisher":{"@id":"https:\/\/noticiaempauta.com\/portal\/#organization"},"image":{"@id":"https:\/\/noticiaempauta.com\/portal\/camara-de-santana-do-piaui-realiza-sessao-ordinaria\/#primaryimage"},"thumbnailUrl":"https:\/\/noticiaempauta.com\/portal\/wp-content\/uploads\/2024\/08\/IMG_4547-scaled.jpeg","articleSection":["Geral","Munic\u00edpios","Todas as Not\u00edcias"],"inLanguage":"pt-BR","potentialAction":[{"@type":"CommentAction","name":"Comment","target":["https:\/\/noticiaempauta.com\/portal\/camara-de-santana-do-piaui-realiza-sessao-ordinaria\/#respond"]}]},{"@type":"WebPage","@id":"https:\/\/noticiaempauta.com\/portal\/camara-de-santana-do-piaui-realiza-sessao-ordinaria\/","url":"https:\/\/noticiaempauta.com\/portal\/camara-de-santana-do-piaui-realiza-sessao-ordinaria\/","name":"C\u00e2mara de Santana do Piau\u00ed realiza sess\u00e3o ordin\u00e1ria - Portal Not\u00edcia em Pauta","isPartOf":{"@id":"https:\/\/noticiaempauta.com\/portal\/#website"},"primaryImageOfPage":{"@id":"https:\/\/noticiaempauta.com\/portal\/camara-de-santana-do-piaui-realiza-sessao-ordinaria\/#primaryimage"},"image":{"@id":"https:\/\/noticiaempauta.com\/portal\/camara-de-santana-do-piaui-realiza-sessao-ordinaria\/#primaryimage"},"thumbnailUrl":"https:\/\/noticiaempauta.com\/portal\/wp-content\/uploads\/2024\/08\/IMG_4547-scaled.jpeg","datePublished":"2024-08-31T09:12:51+00:00","breadcrumb":{"@id":"https:\/\/noticiaempauta.com\/portal\/camara-de-santana-do-piaui-realiza-sessao-ordinaria\/#breadcrumb"},"inLanguage":"pt-BR","potentialAction":[{"@type":"ReadAction","target":["https:\/\/noticiaempauta.com\/portal\/camara-de-santana-do-piaui-realiza-sessao-ordinaria\/"]}]},{"@type":"ImageObject","inLanguage":"pt-BR","@id":"https:\/\/noticiaempauta.com\/portal\/camara-de-santana-do-piaui-realiza-sessao-ordinaria\/#primaryimage","url":"https:\/\/noticiaempauta.com\/portal\/wp-content\/uploads\/2024\/08\/IMG_4547-scaled.jpeg","contentUrl":"https:\/\/noticiaempauta.com\/portal\/wp-content\/uploads\/2024\/08\/IMG_4547-scaled.jpeg","width":2560,"height":1920},{"@type":"BreadcrumbList","@id":"https:\/\/noticiaempauta.com\/portal\/camara-de-santana-do-piaui-realiza-sessao-ordinaria\/#breadcrumb","itemListElement":[{"@type":"ListItem","position":1,"name":"P\u00e1gina Inicial","item":"https:\/\/noticiaempauta.com\/portal\/"},{"@type":"ListItem","position":2,"name":"Geral","item":"https:\/\/noticiaempauta.com\/portal\/geral\/"},{"@type":"ListItem","position":3,"name":"C\u00e2mara de Santana do Piau\u00ed realiza sess\u00e3o ordin\u00e1ria"}]},{"@type":"WebSite","@id":"https:\/\/noticiaempauta.com\/portal\/#website","url":"https:\/\/noticiaempauta.com\/portal\/","name":"Portal Not\u00edcia em Pauta","description":"Voc\u00ea bem informado","publisher":{"@id":"https:\/\/noticiaempauta.com\/portal\/#organization"},"potentialAction":[{"@type":"SearchAction","target":{"@type":"EntryPoint","urlTemplate":"https:\/\/noticiaempauta.com\/portal\/?s={search_term_string}"},"query-input":{"@type":"PropertyValueSpecification","valueRequired":true,"valueName":"search_term_string"}}],"inLanguage":"pt-BR"},{"@type":"Organization","@id":"https:\/\/noticiaempauta.com\/portal\/#organization","name":"Portal Not\u00edcia em Pauta","url":"https:\/\/noticiaempauta.com\/portal\/","logo":{"@type":"ImageObject","inLanguage":"pt-BR","@id":"https:\/\/noticiaempauta.com\/portal\/#\/schema\/logo\/image\/","url":"https:\/\/noticiaempauta.com\/portal\/wp-content\/uploads\/2022\/08\/logomarca_tema.fw_.png","contentUrl":"https:\/\/noticiaempauta.com\/portal\/wp-content\/uploads\/2022\/08\/logomarca_tema.fw_.png","width":400,"height":232,"caption":"Portal Not\u00edcia em Pauta"},"image":{"@id":"https:\/\/noticiaempauta.com\/portal\/#\/schema\/logo\/image\/"},"sameAs":["https:\/\/www.facebook.com\/Portal-Notcia-Em-Pauta-102292869264820\/","https:\/\/www.instagram.com\/portalnoticiaempauta\/"]},{"@type":"Person","@id":"https:\/\/noticiaempauta.com\/portal\/#\/schema\/person\/a74af43dd1ab3deca45f988c717d57ac","name":"Reda\u00e7\u00e3o","image":{"@type":"ImageObject","inLanguage":"pt-BR","@id":"https:\/\/noticiaempauta.com\/portal\/#\/schema\/person\/image\/","url":"https:\/\/secure.gravatar.com\/avatar\/03179346ecce6cdfc13361603e8f54242a90e5cde8618fa23c5c00aa2b0aadf3?s=96&d=mm&r=g","contentUrl":"https:\/\/secure.gravatar.com\/avatar\/03179346ecce6cdfc13361603e8f54242a90e5cde8618fa23c5c00aa2b0aadf3?s=96&d=mm&r=g","caption":"Reda\u00e7\u00e3o"},"sameAs":["https:\/\/noticiaempauta.com\/portal\/"],"url":"https:\/\/noticiaempauta.com\/portal\/author\/fernando\/"}]}},"_links":{"self":[{"href":"https:\/\/noticiaempauta.com\/portal\/wp-json\/wp\/v2\/posts\/261668","targetHints":{"allow":["GET"]}}],"collection":[{"href":"https:\/\/noticiaempauta.com\/portal\/wp-json\/wp\/v2\/posts"}],"about":[{"href":"https:\/\/noticiaempauta.com\/portal\/wp-json\/wp\/v2\/types\/post"}],"author":[{"embeddable":true,"href":"https:\/\/noticiaempauta.com\/portal\/wp-json\/wp\/v2\/users\/2"}],"replies":[{"embeddable":true,"href":"https:\/\/noticiaempauta.com\/portal\/wp-json\/wp\/v2\/comments?post=261668"}],"version-history":[{"count":1,"href":"https:\/\/noticiaempauta.com\/portal\/wp-json\/wp\/v2\/posts\/261668\/revisions"}],"predecessor-version":[{"id":261674,"href":"https:\/\/noticiaempauta.com\/portal\/wp-json\/wp\/v2\/posts\/261668\/revisions\/261674"}],"wp:featuredmedia":[{"embeddable":true,"href":"https:\/\/noticiaempauta.com\/portal\/wp-json\/wp\/v2\/media\/261669"}],"wp:attachment":[{"href":"https:\/\/noticiaempauta.com\/portal\/wp-json\/wp\/v2\/media?parent=261668"}],"wp:term":[{"taxonomy":"category","embeddable":true,"href":"https:\/\/noticiaempauta.com\/portal\/wp-json\/wp\/v2\/categories?post=261668"},{"taxonomy":"post_tag","embeddable":true,"href":"https:\/\/noticiaempauta.com\/portal\/wp-json\/wp\/v2\/tags?post=261668"}],"curies":[{"name":"wp","href":"https:\/\/api.w.org\/{rel}","templated":true}]}}