{"id":261675,"date":"2024-08-31T09:42:58","date_gmt":"2024-08-31T12:42:58","guid":{"rendered":"https:\/\/noticiaempauta.com\/portal\/?p=261675"},"modified":"2024-08-31T09:42:58","modified_gmt":"2024-08-31T12:42:58","slug":"seduc-convoca-mais-de-180-professores-para-atuarem-em-escolas-de-47-municipios-piauienses","status":"publish","type":"post","link":"https:\/\/noticiaempauta.com\/portal\/seduc-convoca-mais-de-180-professores-para-atuarem-em-escolas-de-47-municipios-piauienses\/","title":{"rendered":"Seduc convoca mais de 180 professores para atuarem em escolas de 47 munic\u00edpios piauienses"},"content":{"rendered":"\n<p>A Secretaria de Estado da Educa\u00e7\u00e3o (Seduc) est\u00e1 convocando 192 professores classificados no processo seletivo para a forma\u00e7\u00e3o de cadastro de reserva de professor substituto Classe SL para atuarem em 47 munic\u00edpios do estado do Piau\u00ed.<\/p>\n\n\n\n<p>A s\u00e9tima chamada, por meio do Edital SEDUC\/GSE n\u00b0 08\/2024, convoca os profissionais no \u00e2mbito de Ampla Concorr\u00eancia (AC), Pessoas com Defici\u00eancia (PcD) e PPP (Pessoa Preta ou Parda) para munic\u00edpios como Alto Long\u00e1, Barras, Bom Jesus, Campo Maior, Corrente, Fronteiras, Oeiras, Palmeirais, Picos, Uni\u00e3o e para a capital Teresina, sendo 86 professores convocados.<\/p>\n\n\n\n<p>\u201cA Seduc segue garantindo a continuidade do ensino de qualidade nas escolas com a convoca\u00e7\u00e3o de mais profissionais deste edital e investindo recursos para a transforma\u00e7\u00e3o da educa\u00e7\u00e3o do Piau\u00ed, que \u00e9 refer\u00eancia nacional\u201d, afirmou o secret\u00e1rio de Estado da Educa\u00e7\u00e3o, Washington Bandeira.<\/p>\n\n\n\n<p>Os classificados devem preencher o formul\u00e1rio e enviar a documenta\u00e7\u00e3o necess\u00e1ria para a contrata\u00e7\u00e3o no per\u00edodo de 02\/09\/2024 a 09\/09\/2024, seguindo as orienta\u00e7\u00f5es dos Editais dispon\u00edveis.<\/p>\n\n\n\n<p>Os candidatos convocados devem acompanhar o status de seu cadastro no link disponibilizado para verifica\u00e7\u00e3o da situa\u00e7\u00e3o final.<\/p>\n\n\n\n<p>Aqueles considerados aptos at\u00e9 o dia 11\/09\/2024 devem efetivar a lota\u00e7\u00e3o:<\/p>\n\n\n\n<p>&#8211; Para Teresina, na Coordena\u00e7\u00e3o de Lota\u00e7\u00e3o\/Capital, localizada na Av. Pedro Freitas, S\/N, Bairro S\u00e3o Pedro, Centro Administrativo.<\/p>\n\n\n\n<p>&#8211; Para outros munic\u00edpios, nas sedes das Ger\u00eancias Regionais de Educa\u00e7\u00e3o e\/ou Supervis\u00e3o Municipal.<\/p>\n\n\n\n<p>Para acessar o formul\u00e1rio eletr\u00f4nico e enviar a documenta\u00e7\u00e3o, os professores convocados devem utilizar o n\u00famero do CPF e o n\u00famero do Edital SEDUC\/GSE n\u00b0 08\/2024 por meio do link:&nbsp;<a target=\"_blank\" rel=\"noreferrer noopener\" href=\"https:\/\/convocacao.seduc.pi.gov.br\/\">https:\/\/convocacao.seduc.pi.gov.br\/<\/a>.<\/p>\n\n\n\n<p>CCOM-PI<\/p>\n","protected":false},"excerpt":{"rendered":"<p>A s\u00e9tima chamada \u00e9 referente aos profissionais classificados no cadastro de reserva de professor substituto Classe SL.<\/p>\n","protected":false},"author":2,"featured_media":261676,"comment_status":"open","ping_status":"open","sticky":false,"template":"","format":"standard","meta":{"_mi_skip_tracking":false,"footnotes":""},"categories":[25,1,9,16],"tags":[192],"class_list":["post-261675","post","type-post","status-publish","format-standard","has-post-thumbnail","hentry","category-destaques-site","category-geral","category-municipios","category-todas","tag-destaqueprincipal"],"acf":[],"yoast_head":"<!-- This site is optimized with the Yoast SEO Premium plugin v19.2 (Yoast SEO v26.9) - https:\/\/yoast.com\/product\/yoast-seo-premium-wordpress\/ -->\n<title>Seduc convoca mais de 180 professores para atuarem em escolas de 47 munic\u00edpios piauienses - Portal Not\u00edcia em Pauta<\/title>\n<meta name=\"robots\" content=\"index, follow, max-snippet:-1, max-image-preview:large, max-video-preview:-1\" \/>\n<link rel=\"canonical\" href=\"https:\/\/noticiaempauta.com\/portal\/seduc-convoca-mais-de-180-professores-para-atuarem-em-escolas-de-47-municipios-piauienses\/\" \/>\n<meta property=\"og:locale\" content=\"pt_BR\" \/>\n<meta property=\"og:type\" content=\"article\" \/>\n<meta property=\"og:title\" content=\"Seduc convoca mais de 180 professores para atuarem em escolas de 47 munic\u00edpios piauienses\" \/>\n<meta property=\"og:description\" content=\"A s\u00e9tima chamada \u00e9 referente aos profissionais classificados no cadastro de reserva de professor substituto Classe SL.\" \/>\n<meta property=\"og:url\" content=\"https:\/\/noticiaempauta.com\/portal\/seduc-convoca-mais-de-180-professores-para-atuarem-em-escolas-de-47-municipios-piauienses\/\" \/>\n<meta property=\"og:site_name\" content=\"Portal Not\u00edcia em Pauta\" \/>\n<meta property=\"article:publisher\" content=\"https:\/\/www.facebook.com\/Portal-Notcia-Em-Pauta-102292869264820\/\" \/>\n<meta property=\"article:published_time\" content=\"2024-08-31T12:42:58+00:00\" \/>\n<meta property=\"og:image\" content=\"https:\/\/noticiaempauta.com\/portal\/wp-content\/uploads\/2024\/08\/IMG_4563.png\" \/>\n\t<meta property=\"og:image:width\" content=\"1268\" \/>\n\t<meta property=\"og:image:height\" content=\"800\" \/>\n\t<meta property=\"og:image:type\" content=\"image\/png\" \/>\n<meta name=\"author\" content=\"Reda\u00e7\u00e3o\" \/>\n<meta name=\"twitter:card\" content=\"summary_large_image\" \/>\n<meta name=\"twitter:label1\" content=\"Escrito por\" \/>\n\t<meta name=\"twitter:data1\" content=\"Reda\u00e7\u00e3o\" \/>\n\t<meta name=\"twitter:label2\" content=\"Est. tempo de leitura\" \/>\n\t<meta name=\"twitter:data2\" content=\"2 minutos\" \/>\n<script type=\"application\/ld+json\" class=\"yoast-schema-graph\">{\"@context\":\"https:\/\/schema.org\",\"@graph\":[{\"@type\":\"Article\",\"@id\":\"https:\/\/noticiaempauta.com\/portal\/seduc-convoca-mais-de-180-professores-para-atuarem-em-escolas-de-47-municipios-piauienses\/#article\",\"isPartOf\":{\"@id\":\"https:\/\/noticiaempauta.com\/portal\/seduc-convoca-mais-de-180-professores-para-atuarem-em-escolas-de-47-municipios-piauienses\/\"},\"author\":{\"name\":\"Reda\u00e7\u00e3o\",\"@id\":\"https:\/\/noticiaempauta.com\/portal\/#\/schema\/person\/a74af43dd1ab3deca45f988c717d57ac\"},\"headline\":\"Seduc convoca mais de 180 professores para atuarem em escolas de 47 munic\u00edpios piauienses\",\"datePublished\":\"2024-08-31T12:42:58+00:00\",\"mainEntityOfPage\":{\"@id\":\"https:\/\/noticiaempauta.com\/portal\/seduc-convoca-mais-de-180-professores-para-atuarem-em-escolas-de-47-municipios-piauienses\/\"},\"wordCount\":303,\"commentCount\":0,\"publisher\":{\"@id\":\"https:\/\/noticiaempauta.com\/portal\/#organization\"},\"image\":{\"@id\":\"https:\/\/noticiaempauta.com\/portal\/seduc-convoca-mais-de-180-professores-para-atuarem-em-escolas-de-47-municipios-piauienses\/#primaryimage\"},\"thumbnailUrl\":\"https:\/\/noticiaempauta.com\/portal\/wp-content\/uploads\/2024\/08\/IMG_4563.png\",\"keywords\":[\"destaqueprincipal\"],\"articleSection\":[\"Destaques\",\"Geral\",\"Munic\u00edpios\",\"Todas as Not\u00edcias\"],\"inLanguage\":\"pt-BR\",\"potentialAction\":[{\"@type\":\"CommentAction\",\"name\":\"Comment\",\"target\":[\"https:\/\/noticiaempauta.com\/portal\/seduc-convoca-mais-de-180-professores-para-atuarem-em-escolas-de-47-municipios-piauienses\/#respond\"]}]},{\"@type\":\"WebPage\",\"@id\":\"https:\/\/noticiaempauta.com\/portal\/seduc-convoca-mais-de-180-professores-para-atuarem-em-escolas-de-47-municipios-piauienses\/\",\"url\":\"https:\/\/noticiaempauta.com\/portal\/seduc-convoca-mais-de-180-professores-para-atuarem-em-escolas-de-47-municipios-piauienses\/\",\"name\":\"Seduc convoca mais de 180 professores para atuarem em escolas de 47 munic\u00edpios piauienses - Portal Not\u00edcia em Pauta\",\"isPartOf\":{\"@id\":\"https:\/\/noticiaempauta.com\/portal\/#website\"},\"primaryImageOfPage\":{\"@id\":\"https:\/\/noticiaempauta.com\/portal\/seduc-convoca-mais-de-180-professores-para-atuarem-em-escolas-de-47-municipios-piauienses\/#primaryimage\"},\"image\":{\"@id\":\"https:\/\/noticiaempauta.com\/portal\/seduc-convoca-mais-de-180-professores-para-atuarem-em-escolas-de-47-municipios-piauienses\/#primaryimage\"},\"thumbnailUrl\":\"https:\/\/noticiaempauta.com\/portal\/wp-content\/uploads\/2024\/08\/IMG_4563.png\",\"datePublished\":\"2024-08-31T12:42:58+00:00\",\"breadcrumb\":{\"@id\":\"https:\/\/noticiaempauta.com\/portal\/seduc-convoca-mais-de-180-professores-para-atuarem-em-escolas-de-47-municipios-piauienses\/#breadcrumb\"},\"inLanguage\":\"pt-BR\",\"potentialAction\":[{\"@type\":\"ReadAction\",\"target\":[\"https:\/\/noticiaempauta.com\/portal\/seduc-convoca-mais-de-180-professores-para-atuarem-em-escolas-de-47-municipios-piauienses\/\"]}]},{\"@type\":\"ImageObject\",\"inLanguage\":\"pt-BR\",\"@id\":\"https:\/\/noticiaempauta.com\/portal\/seduc-convoca-mais-de-180-professores-para-atuarem-em-escolas-de-47-municipios-piauienses\/#primaryimage\",\"url\":\"https:\/\/noticiaempauta.com\/portal\/wp-content\/uploads\/2024\/08\/IMG_4563.png\",\"contentUrl\":\"https:\/\/noticiaempauta.com\/portal\/wp-content\/uploads\/2024\/08\/IMG_4563.png\",\"width\":1268,\"height\":800},{\"@type\":\"BreadcrumbList\",\"@id\":\"https:\/\/noticiaempauta.com\/portal\/seduc-convoca-mais-de-180-professores-para-atuarem-em-escolas-de-47-municipios-piauienses\/#breadcrumb\",\"itemListElement\":[{\"@type\":\"ListItem\",\"position\":1,\"name\":\"P\u00e1gina Inicial\",\"item\":\"https:\/\/noticiaempauta.com\/portal\/\"},{\"@type\":\"ListItem\",\"position\":2,\"name\":\"Destaques\",\"item\":\"https:\/\/noticiaempauta.com\/portal\/destaques-site\/\"},{\"@type\":\"ListItem\",\"position\":3,\"name\":\"Seduc convoca mais de 180 professores para atuarem em escolas de 47 munic\u00edpios piauienses\"}]},{\"@type\":\"WebSite\",\"@id\":\"https:\/\/noticiaempauta.com\/portal\/#website\",\"url\":\"https:\/\/noticiaempauta.com\/portal\/\",\"name\":\"Portal Not\u00edcia em Pauta\",\"description\":\"Voc\u00ea bem informado\",\"publisher\":{\"@id\":\"https:\/\/noticiaempauta.com\/portal\/#organization\"},\"potentialAction\":[{\"@type\":\"SearchAction\",\"target\":{\"@type\":\"EntryPoint\",\"urlTemplate\":\"https:\/\/noticiaempauta.com\/portal\/?s={search_term_string}\"},\"query-input\":{\"@type\":\"PropertyValueSpecification\",\"valueRequired\":true,\"valueName\":\"search_term_string\"}}],\"inLanguage\":\"pt-BR\"},{\"@type\":\"Organization\",\"@id\":\"https:\/\/noticiaempauta.com\/portal\/#organization\",\"name\":\"Portal Not\u00edcia em Pauta\",\"url\":\"https:\/\/noticiaempauta.com\/portal\/\",\"logo\":{\"@type\":\"ImageObject\",\"inLanguage\":\"pt-BR\",\"@id\":\"https:\/\/noticiaempauta.com\/portal\/#\/schema\/logo\/image\/\",\"url\":\"https:\/\/noticiaempauta.com\/portal\/wp-content\/uploads\/2022\/08\/logomarca_tema.fw_.png\",\"contentUrl\":\"https:\/\/noticiaempauta.com\/portal\/wp-content\/uploads\/2022\/08\/logomarca_tema.fw_.png\",\"width\":400,\"height\":232,\"caption\":\"Portal Not\u00edcia em Pauta\"},\"image\":{\"@id\":\"https:\/\/noticiaempauta.com\/portal\/#\/schema\/logo\/image\/\"},\"sameAs\":[\"https:\/\/www.facebook.com\/Portal-Notcia-Em-Pauta-102292869264820\/\",\"https:\/\/www.instagram.com\/portalnoticiaempauta\/\"]},{\"@type\":\"Person\",\"@id\":\"https:\/\/noticiaempauta.com\/portal\/#\/schema\/person\/a74af43dd1ab3deca45f988c717d57ac\",\"name\":\"Reda\u00e7\u00e3o\",\"image\":{\"@type\":\"ImageObject\",\"inLanguage\":\"pt-BR\",\"@id\":\"https:\/\/noticiaempauta.com\/portal\/#\/schema\/person\/image\/\",\"url\":\"https:\/\/secure.gravatar.com\/avatar\/03179346ecce6cdfc13361603e8f54242a90e5cde8618fa23c5c00aa2b0aadf3?s=96&d=mm&r=g\",\"contentUrl\":\"https:\/\/secure.gravatar.com\/avatar\/03179346ecce6cdfc13361603e8f54242a90e5cde8618fa23c5c00aa2b0aadf3?s=96&d=mm&r=g\",\"caption\":\"Reda\u00e7\u00e3o\"},\"sameAs\":[\"https:\/\/noticiaempauta.com\/portal\/\"],\"url\":\"https:\/\/noticiaempauta.com\/portal\/author\/fernando\/\"}]}<\/script>\n<!-- \/ Yoast SEO Premium plugin. -->","yoast_head_json":{"title":"Seduc convoca mais de 180 professores para atuarem em escolas de 47 munic\u00edpios piauienses - Portal Not\u00edcia em Pauta","robots":{"index":"index","follow":"follow","max-snippet":"max-snippet:-1","max-image-preview":"max-image-preview:large","max-video-preview":"max-video-preview:-1"},"canonical":"https:\/\/noticiaempauta.com\/portal\/seduc-convoca-mais-de-180-professores-para-atuarem-em-escolas-de-47-municipios-piauienses\/","og_locale":"pt_BR","og_type":"article","og_title":"Seduc convoca mais de 180 professores para atuarem em escolas de 47 munic\u00edpios piauienses","og_description":"A s\u00e9tima chamada \u00e9 referente aos profissionais classificados no cadastro de reserva de professor substituto Classe SL.","og_url":"https:\/\/noticiaempauta.com\/portal\/seduc-convoca-mais-de-180-professores-para-atuarem-em-escolas-de-47-municipios-piauienses\/","og_site_name":"Portal Not\u00edcia em Pauta","article_publisher":"https:\/\/www.facebook.com\/Portal-Notcia-Em-Pauta-102292869264820\/","article_published_time":"2024-08-31T12:42:58+00:00","og_image":[{"width":1268,"height":800,"url":"https:\/\/noticiaempauta.com\/portal\/wp-content\/uploads\/2024\/08\/IMG_4563.png","type":"image\/png"}],"author":"Reda\u00e7\u00e3o","twitter_card":"summary_large_image","twitter_misc":{"Escrito por":"Reda\u00e7\u00e3o","Est. tempo de leitura":"2 minutos"},"schema":{"@context":"https:\/\/schema.org","@graph":[{"@type":"Article","@id":"https:\/\/noticiaempauta.com\/portal\/seduc-convoca-mais-de-180-professores-para-atuarem-em-escolas-de-47-municipios-piauienses\/#article","isPartOf":{"@id":"https:\/\/noticiaempauta.com\/portal\/seduc-convoca-mais-de-180-professores-para-atuarem-em-escolas-de-47-municipios-piauienses\/"},"author":{"name":"Reda\u00e7\u00e3o","@id":"https:\/\/noticiaempauta.com\/portal\/#\/schema\/person\/a74af43dd1ab3deca45f988c717d57ac"},"headline":"Seduc convoca mais de 180 professores para atuarem em escolas de 47 munic\u00edpios piauienses","datePublished":"2024-08-31T12:42:58+00:00","mainEntityOfPage":{"@id":"https:\/\/noticiaempauta.com\/portal\/seduc-convoca-mais-de-180-professores-para-atuarem-em-escolas-de-47-municipios-piauienses\/"},"wordCount":303,"commentCount":0,"publisher":{"@id":"https:\/\/noticiaempauta.com\/portal\/#organization"},"image":{"@id":"https:\/\/noticiaempauta.com\/portal\/seduc-convoca-mais-de-180-professores-para-atuarem-em-escolas-de-47-municipios-piauienses\/#primaryimage"},"thumbnailUrl":"https:\/\/noticiaempauta.com\/portal\/wp-content\/uploads\/2024\/08\/IMG_4563.png","keywords":["destaqueprincipal"],"articleSection":["Destaques","Geral","Munic\u00edpios","Todas as Not\u00edcias"],"inLanguage":"pt-BR","potentialAction":[{"@type":"CommentAction","name":"Comment","target":["https:\/\/noticiaempauta.com\/portal\/seduc-convoca-mais-de-180-professores-para-atuarem-em-escolas-de-47-municipios-piauienses\/#respond"]}]},{"@type":"WebPage","@id":"https:\/\/noticiaempauta.com\/portal\/seduc-convoca-mais-de-180-professores-para-atuarem-em-escolas-de-47-municipios-piauienses\/","url":"https:\/\/noticiaempauta.com\/portal\/seduc-convoca-mais-de-180-professores-para-atuarem-em-escolas-de-47-municipios-piauienses\/","name":"Seduc convoca mais de 180 professores para atuarem em escolas de 47 munic\u00edpios piauienses - Portal Not\u00edcia em Pauta","isPartOf":{"@id":"https:\/\/noticiaempauta.com\/portal\/#website"},"primaryImageOfPage":{"@id":"https:\/\/noticiaempauta.com\/portal\/seduc-convoca-mais-de-180-professores-para-atuarem-em-escolas-de-47-municipios-piauienses\/#primaryimage"},"image":{"@id":"https:\/\/noticiaempauta.com\/portal\/seduc-convoca-mais-de-180-professores-para-atuarem-em-escolas-de-47-municipios-piauienses\/#primaryimage"},"thumbnailUrl":"https:\/\/noticiaempauta.com\/portal\/wp-content\/uploads\/2024\/08\/IMG_4563.png","datePublished":"2024-08-31T12:42:58+00:00","breadcrumb":{"@id":"https:\/\/noticiaempauta.com\/portal\/seduc-convoca-mais-de-180-professores-para-atuarem-em-escolas-de-47-municipios-piauienses\/#breadcrumb"},"inLanguage":"pt-BR","potentialAction":[{"@type":"ReadAction","target":["https:\/\/noticiaempauta.com\/portal\/seduc-convoca-mais-de-180-professores-para-atuarem-em-escolas-de-47-municipios-piauienses\/"]}]},{"@type":"ImageObject","inLanguage":"pt-BR","@id":"https:\/\/noticiaempauta.com\/portal\/seduc-convoca-mais-de-180-professores-para-atuarem-em-escolas-de-47-municipios-piauienses\/#primaryimage","url":"https:\/\/noticiaempauta.com\/portal\/wp-content\/uploads\/2024\/08\/IMG_4563.png","contentUrl":"https:\/\/noticiaempauta.com\/portal\/wp-content\/uploads\/2024\/08\/IMG_4563.png","width":1268,"height":800},{"@type":"BreadcrumbList","@id":"https:\/\/noticiaempauta.com\/portal\/seduc-convoca-mais-de-180-professores-para-atuarem-em-escolas-de-47-municipios-piauienses\/#breadcrumb","itemListElement":[{"@type":"ListItem","position":1,"name":"P\u00e1gina Inicial","item":"https:\/\/noticiaempauta.com\/portal\/"},{"@type":"ListItem","position":2,"name":"Destaques","item":"https:\/\/noticiaempauta.com\/portal\/destaques-site\/"},{"@type":"ListItem","position":3,"name":"Seduc convoca mais de 180 professores para atuarem em escolas de 47 munic\u00edpios piauienses"}]},{"@type":"WebSite","@id":"https:\/\/noticiaempauta.com\/portal\/#website","url":"https:\/\/noticiaempauta.com\/portal\/","name":"Portal Not\u00edcia em Pauta","description":"Voc\u00ea bem informado","publisher":{"@id":"https:\/\/noticiaempauta.com\/portal\/#organization"},"potentialAction":[{"@type":"SearchAction","target":{"@type":"EntryPoint","urlTemplate":"https:\/\/noticiaempauta.com\/portal\/?s={search_term_string}"},"query-input":{"@type":"PropertyValueSpecification","valueRequired":true,"valueName":"search_term_string"}}],"inLanguage":"pt-BR"},{"@type":"Organization","@id":"https:\/\/noticiaempauta.com\/portal\/#organization","name":"Portal Not\u00edcia em Pauta","url":"https:\/\/noticiaempauta.com\/portal\/","logo":{"@type":"ImageObject","inLanguage":"pt-BR","@id":"https:\/\/noticiaempauta.com\/portal\/#\/schema\/logo\/image\/","url":"https:\/\/noticiaempauta.com\/portal\/wp-content\/uploads\/2022\/08\/logomarca_tema.fw_.png","contentUrl":"https:\/\/noticiaempauta.com\/portal\/wp-content\/uploads\/2022\/08\/logomarca_tema.fw_.png","width":400,"height":232,"caption":"Portal Not\u00edcia em Pauta"},"image":{"@id":"https:\/\/noticiaempauta.com\/portal\/#\/schema\/logo\/image\/"},"sameAs":["https:\/\/www.facebook.com\/Portal-Notcia-Em-Pauta-102292869264820\/","https:\/\/www.instagram.com\/portalnoticiaempauta\/"]},{"@type":"Person","@id":"https:\/\/noticiaempauta.com\/portal\/#\/schema\/person\/a74af43dd1ab3deca45f988c717d57ac","name":"Reda\u00e7\u00e3o","image":{"@type":"ImageObject","inLanguage":"pt-BR","@id":"https:\/\/noticiaempauta.com\/portal\/#\/schema\/person\/image\/","url":"https:\/\/secure.gravatar.com\/avatar\/03179346ecce6cdfc13361603e8f54242a90e5cde8618fa23c5c00aa2b0aadf3?s=96&d=mm&r=g","contentUrl":"https:\/\/secure.gravatar.com\/avatar\/03179346ecce6cdfc13361603e8f54242a90e5cde8618fa23c5c00aa2b0aadf3?s=96&d=mm&r=g","caption":"Reda\u00e7\u00e3o"},"sameAs":["https:\/\/noticiaempauta.com\/portal\/"],"url":"https:\/\/noticiaempauta.com\/portal\/author\/fernando\/"}]}},"_links":{"self":[{"href":"https:\/\/noticiaempauta.com\/portal\/wp-json\/wp\/v2\/posts\/261675","targetHints":{"allow":["GET"]}}],"collection":[{"href":"https:\/\/noticiaempauta.com\/portal\/wp-json\/wp\/v2\/posts"}],"about":[{"href":"https:\/\/noticiaempauta.com\/portal\/wp-json\/wp\/v2\/types\/post"}],"author":[{"embeddable":true,"href":"https:\/\/noticiaempauta.com\/portal\/wp-json\/wp\/v2\/users\/2"}],"replies":[{"embeddable":true,"href":"https:\/\/noticiaempauta.com\/portal\/wp-json\/wp\/v2\/comments?post=261675"}],"version-history":[{"count":2,"href":"https:\/\/noticiaempauta.com\/portal\/wp-json\/wp\/v2\/posts\/261675\/revisions"}],"predecessor-version":[{"id":261678,"href":"https:\/\/noticiaempauta.com\/portal\/wp-json\/wp\/v2\/posts\/261675\/revisions\/261678"}],"wp:featuredmedia":[{"embeddable":true,"href":"https:\/\/noticiaempauta.com\/portal\/wp-json\/wp\/v2\/media\/261676"}],"wp:attachment":[{"href":"https:\/\/noticiaempauta.com\/portal\/wp-json\/wp\/v2\/media?parent=261675"}],"wp:term":[{"taxonomy":"category","embeddable":true,"href":"https:\/\/noticiaempauta.com\/portal\/wp-json\/wp\/v2\/categories?post=261675"},{"taxonomy":"post_tag","embeddable":true,"href":"https:\/\/noticiaempauta.com\/portal\/wp-json\/wp\/v2\/tags?post=261675"}],"curies":[{"name":"wp","href":"https:\/\/api.w.org\/{rel}","templated":true}]}}