{"id":261706,"date":"2024-09-02T09:19:01","date_gmt":"2024-09-02T12:19:01","guid":{"rendered":"https:\/\/noticiaempauta.com\/portal\/?p=261706"},"modified":"2024-09-02T09:19:02","modified_gmt":"2024-09-02T12:19:02","slug":"grande-carreata-e-passeata-marcam-abertura-do-comite-de-djalma-policarpo-e-mariozan-rocha-em-monsenhor-hipolito","status":"publish","type":"post","link":"https:\/\/noticiaempauta.com\/portal\/grande-carreata-e-passeata-marcam-abertura-do-comite-de-djalma-policarpo-e-mariozan-rocha-em-monsenhor-hipolito\/","title":{"rendered":"Grande carreata e passeata marcam abertura do Comit\u00ea de Djalma Policarpo e Mariozan Rocha em Monsenhor Hip\u00f3lito"},"content":{"rendered":"\n<p>Na noite deste s\u00e1bado, 31 de agosto, a coliga\u00e7\u00e3o formada pelo atual prefeito Djalma Policarpo e Mariozan Rocha, candidatos a prefeito e vice-prefeito de Monsenhor Hip\u00f3lito, respectivamente, realizou a inaugura\u00e7\u00e3o do seu comit\u00ea de campanha.<\/p>\n\n\n\n<figure class=\"wp-block-image size-large\"><img fetchpriority=\"high\" decoding=\"async\" width=\"1024\" height=\"709\" src=\"https:\/\/noticiaempauta.com\/portal\/wp-content\/uploads\/2024\/09\/IMG_8374_batch-1024x709.jpg\" alt=\"\" class=\"wp-image-261708\" srcset=\"https:\/\/noticiaempauta.com\/portal\/wp-content\/uploads\/2024\/09\/IMG_8374_batch-1024x709.jpg 1024w, https:\/\/noticiaempauta.com\/portal\/wp-content\/uploads\/2024\/09\/IMG_8374_batch-300x208.jpg 300w, https:\/\/noticiaempauta.com\/portal\/wp-content\/uploads\/2024\/09\/IMG_8374_batch-768x532.jpg 768w, https:\/\/noticiaempauta.com\/portal\/wp-content\/uploads\/2024\/09\/IMG_8374_batch.jpg 1136w\" sizes=\"(max-width: 1024px) 100vw, 1024px\" \/><\/figure>\n\n\n\n<p>O evento, que reuniu uma grande quantidade de apoiadores, foi marcado por entusiasmo e demonstra\u00e7\u00f5es de apoio da comunidade local.<\/p>\n\n\n\n<figure class=\"wp-block-image size-full\"><img decoding=\"async\" width=\"861\" height=\"707\" src=\"https:\/\/noticiaempauta.com\/portal\/wp-content\/uploads\/2024\/09\/IMG_8227_batch.jpg\" alt=\"\" class=\"wp-image-261707\" srcset=\"https:\/\/noticiaempauta.com\/portal\/wp-content\/uploads\/2024\/09\/IMG_8227_batch.jpg 861w, https:\/\/noticiaempauta.com\/portal\/wp-content\/uploads\/2024\/09\/IMG_8227_batch-300x246.jpg 300w, https:\/\/noticiaempauta.com\/portal\/wp-content\/uploads\/2024\/09\/IMG_8227_batch-768x631.jpg 768w\" sizes=\"(max-width: 861px) 100vw, 861px\" \/><figcaption class=\"wp-element-caption\">(Fotos: Reprodu\u00e7\u00e3o\/CidadesnaNet)<\/figcaption><\/figure>\n\n\n\n<p>A programa\u00e7\u00e3o teve in\u00edcio \u00e0s 15:00 horas com uma concentra\u00e7\u00e3o nas proximidades do Posto Dois Irm\u00e3os na BR 020. <\/p>\n\n\n\n<figure class=\"wp-block-image size-large\"><img decoding=\"async\" width=\"1024\" height=\"627\" src=\"https:\/\/noticiaempauta.com\/portal\/wp-content\/uploads\/2024\/09\/IMG_7835_batch-1024x627.jpg\" alt=\"\" class=\"wp-image-261709\" srcset=\"https:\/\/noticiaempauta.com\/portal\/wp-content\/uploads\/2024\/09\/IMG_7835_batch-1024x627.jpg 1024w, https:\/\/noticiaempauta.com\/portal\/wp-content\/uploads\/2024\/09\/IMG_7835_batch-300x184.jpg 300w, https:\/\/noticiaempauta.com\/portal\/wp-content\/uploads\/2024\/09\/IMG_7835_batch-768x470.jpg 768w, https:\/\/noticiaempauta.com\/portal\/wp-content\/uploads\/2024\/09\/IMG_7835_batch.jpg 1280w\" sizes=\"(max-width: 1024px) 100vw, 1024px\" \/><\/figure>\n\n\n\n<p>Logo ap\u00f3s, houve encontro das carreatas na localidade Lagoa Dantas de onde seguiu at\u00e9 o centro da cidade.<\/p>\n\n\n\n<figure class=\"wp-block-image size-large\"><img loading=\"lazy\" decoding=\"async\" width=\"1024\" height=\"710\" src=\"https:\/\/noticiaempauta.com\/portal\/wp-content\/uploads\/2024\/09\/IMG_7938_batch1-1024x710.jpg\" alt=\"\" class=\"wp-image-261710\" srcset=\"https:\/\/noticiaempauta.com\/portal\/wp-content\/uploads\/2024\/09\/IMG_7938_batch1-1024x710.jpg 1024w, https:\/\/noticiaempauta.com\/portal\/wp-content\/uploads\/2024\/09\/IMG_7938_batch1-300x208.jpg 300w, https:\/\/noticiaempauta.com\/portal\/wp-content\/uploads\/2024\/09\/IMG_7938_batch1-768x533.jpg 768w, https:\/\/noticiaempauta.com\/portal\/wp-content\/uploads\/2024\/09\/IMG_7938_batch1.jpg 1132w\" sizes=\"(max-width: 1024px) 100vw, 1024px\" \/><\/figure>\n\n\n\n<figure class=\"wp-block-image size-large\"><img loading=\"lazy\" decoding=\"async\" width=\"1024\" height=\"632\" src=\"https:\/\/noticiaempauta.com\/portal\/wp-content\/uploads\/2024\/09\/IMG_8251_batch-1024x632.jpg\" alt=\"\" class=\"wp-image-261723\" srcset=\"https:\/\/noticiaempauta.com\/portal\/wp-content\/uploads\/2024\/09\/IMG_8251_batch-1024x632.jpg 1024w, https:\/\/noticiaempauta.com\/portal\/wp-content\/uploads\/2024\/09\/IMG_8251_batch-300x185.jpg 300w, https:\/\/noticiaempauta.com\/portal\/wp-content\/uploads\/2024\/09\/IMG_8251_batch-768x474.jpg 768w, https:\/\/noticiaempauta.com\/portal\/wp-content\/uploads\/2024\/09\/IMG_8251_batch.jpg 1280w\" sizes=\"(max-width: 1024px) 100vw, 1024px\" \/><\/figure>\n\n\n\n<figure class=\"wp-block-image size-full\"><img loading=\"lazy\" decoding=\"async\" width=\"640\" height=\"427\" src=\"https:\/\/noticiaempauta.com\/portal\/wp-content\/uploads\/2024\/09\/DSC_1065.jpeg\" alt=\"\" class=\"wp-image-261711\" srcset=\"https:\/\/noticiaempauta.com\/portal\/wp-content\/uploads\/2024\/09\/DSC_1065.jpeg 640w, https:\/\/noticiaempauta.com\/portal\/wp-content\/uploads\/2024\/09\/DSC_1065-300x200.jpeg 300w\" sizes=\"(max-width: 640px) 100vw, 640px\" \/><\/figure>\n\n\n\n<figure class=\"wp-block-image size-full\"><img loading=\"lazy\" decoding=\"async\" width=\"640\" height=\"427\" src=\"https:\/\/noticiaempauta.com\/portal\/wp-content\/uploads\/2024\/09\/DSC_1071.jpeg\" alt=\"\" class=\"wp-image-261712\" srcset=\"https:\/\/noticiaempauta.com\/portal\/wp-content\/uploads\/2024\/09\/DSC_1071.jpeg 640w, https:\/\/noticiaempauta.com\/portal\/wp-content\/uploads\/2024\/09\/DSC_1071-300x200.jpeg 300w\" sizes=\"(max-width: 640px) 100vw, 640px\" \/><\/figure>\n\n\n\n<figure class=\"wp-block-image size-full\"><img loading=\"lazy\" decoding=\"async\" width=\"640\" height=\"427\" src=\"https:\/\/noticiaempauta.com\/portal\/wp-content\/uploads\/2024\/09\/DSC_101115.jpeg\" alt=\"\" class=\"wp-image-261713\" srcset=\"https:\/\/noticiaempauta.com\/portal\/wp-content\/uploads\/2024\/09\/DSC_101115.jpeg 640w, https:\/\/noticiaempauta.com\/portal\/wp-content\/uploads\/2024\/09\/DSC_101115-300x200.jpeg 300w\" sizes=\"(max-width: 640px) 100vw, 640px\" \/><\/figure>\n\n\n\n<p>Djalma Policarpo fez o trajeto da Lagoa Dantas at\u00e9 o centro da cidade caminhando e acompanhado do candidato a vice-prefeito Mariozan Rocha, familiares e apoiadores.<\/p>\n\n\n\n<figure class=\"wp-block-image size-full\"><img loading=\"lazy\" decoding=\"async\" width=\"640\" height=\"435\" src=\"https:\/\/noticiaempauta.com\/portal\/wp-content\/uploads\/2024\/09\/DSC_103715.jpeg\" alt=\"\" class=\"wp-image-261716\" srcset=\"https:\/\/noticiaempauta.com\/portal\/wp-content\/uploads\/2024\/09\/DSC_103715.jpeg 640w, https:\/\/noticiaempauta.com\/portal\/wp-content\/uploads\/2024\/09\/DSC_103715-300x204.jpeg 300w\" sizes=\"(max-width: 640px) 100vw, 640px\" \/><\/figure>\n\n\n\n<figure class=\"wp-block-image size-full\"><img loading=\"lazy\" decoding=\"async\" width=\"640\" height=\"427\" src=\"https:\/\/noticiaempauta.com\/portal\/wp-content\/uploads\/2024\/09\/DSC_104519.jpeg\" alt=\"\" class=\"wp-image-261717\" srcset=\"https:\/\/noticiaempauta.com\/portal\/wp-content\/uploads\/2024\/09\/DSC_104519.jpeg 640w, https:\/\/noticiaempauta.com\/portal\/wp-content\/uploads\/2024\/09\/DSC_104519-300x200.jpeg 300w\" sizes=\"(max-width: 640px) 100vw, 640px\" \/><\/figure>\n\n\n\n<figure class=\"wp-block-image size-full\"><img loading=\"lazy\" decoding=\"async\" width=\"640\" height=\"427\" src=\"https:\/\/noticiaempauta.com\/portal\/wp-content\/uploads\/2024\/09\/DSC_099414.jpeg\" alt=\"\" class=\"wp-image-261714\" srcset=\"https:\/\/noticiaempauta.com\/portal\/wp-content\/uploads\/2024\/09\/DSC_099414.jpeg 640w, https:\/\/noticiaempauta.com\/portal\/wp-content\/uploads\/2024\/09\/DSC_099414-300x200.jpeg 300w\" sizes=\"(max-width: 640px) 100vw, 640px\" \/><\/figure>\n\n\n\n<figure class=\"wp-block-image size-full\"><img loading=\"lazy\" decoding=\"async\" width=\"640\" height=\"427\" src=\"https:\/\/noticiaempauta.com\/portal\/wp-content\/uploads\/2024\/09\/DSC_102714.jpeg\" alt=\"\" class=\"wp-image-261715\" srcset=\"https:\/\/noticiaempauta.com\/portal\/wp-content\/uploads\/2024\/09\/DSC_102714.jpeg 640w, https:\/\/noticiaempauta.com\/portal\/wp-content\/uploads\/2024\/09\/DSC_102714-300x200.jpeg 300w\" sizes=\"(max-width: 640px) 100vw, 640px\" \/><figcaption class=\"wp-element-caption\"><strong>Sede do Comit\u00ea 11<\/strong><\/figcaption><\/figure>\n\n\n\n<p>Logo ap\u00f3s, houve a inaugura\u00e7\u00e3o do comit\u00ea com a fala do prefeito Djalma Policarpo e de Mariozan Rocha.<\/p>\n\n\n\n<figure class=\"wp-block-image size-full\"><img loading=\"lazy\" decoding=\"async\" width=\"640\" height=\"418\" src=\"https:\/\/noticiaempauta.com\/portal\/wp-content\/uploads\/2024\/09\/DSC_112015.jpeg\" alt=\"\" class=\"wp-image-261718\" srcset=\"https:\/\/noticiaempauta.com\/portal\/wp-content\/uploads\/2024\/09\/DSC_112015.jpeg 640w, https:\/\/noticiaempauta.com\/portal\/wp-content\/uploads\/2024\/09\/DSC_112015-300x196.jpeg 300w\" sizes=\"(max-width: 640px) 100vw, 640px\" \/><\/figure>\n\n\n\n<p>O prefeito<strong> Djalma Policarpo<\/strong> falou sobre a import\u00e2ncia de continuar trabalhando pelo desenvolvimento de Monsenhor Hip\u00f3lito. &#8220;Hoje iniciamos mais uma etapa em nossa caminhada, uma caminhada que sempre foi pautada pelo trabalho e pelo compromisso com o nosso povo. Vejo aqui, ao meu lado, pessoas que acreditam no futuro de nossa cidade e que, assim como eu, desejam ver Monsenhor Hip\u00f3lito crescendo e se fortalecendo. Com a for\u00e7a de todos voc\u00eas, tenho certeza de que juntos construiremos um futuro ainda melhor para nossa gente&#8221;, declarou o prefeito.<\/p>\n\n\n\n<figure class=\"wp-block-image size-full\"><img loading=\"lazy\" decoding=\"async\" width=\"640\" height=\"427\" src=\"https:\/\/noticiaempauta.com\/portal\/wp-content\/uploads\/2024\/09\/DSC_110610.jpeg\" alt=\"\" class=\"wp-image-261719\" srcset=\"https:\/\/noticiaempauta.com\/portal\/wp-content\/uploads\/2024\/09\/DSC_110610.jpeg 640w, https:\/\/noticiaempauta.com\/portal\/wp-content\/uploads\/2024\/09\/DSC_110610-300x200.jpeg 300w\" sizes=\"(max-width: 640px) 100vw, 640px\" \/><\/figure>\n\n\n\n<p>O candidato a vice-prefeito, <strong>Mariozan Rocha<\/strong> falou que a inaugura\u00e7\u00e3o \u00e9 resultado de muito trabalho. \u201cEssa \u00e9 mais uma festa que estamos realizando e a inaugura\u00e7\u00e3o desse comit\u00ea \u00e9 resultado do trabalho de Djalma e do vice Mariozan, que durante esses quatros anos tem demonstrado um grande trabalho pelo nosso mun\u00edcipio e com certeza a vit\u00f3ria vai ser do povo\u201d, disse Mariozan Rocha.<\/p>\n\n\n\n<figure class=\"wp-block-image size-large\"><img loading=\"lazy\" decoding=\"async\" width=\"990\" height=\"1024\" src=\"https:\/\/noticiaempauta.com\/portal\/wp-content\/uploads\/2024\/09\/IMG_8371_batch-990x1024.jpg\" alt=\"\" class=\"wp-image-261720\" srcset=\"https:\/\/noticiaempauta.com\/portal\/wp-content\/uploads\/2024\/09\/IMG_8371_batch-990x1024.jpg 990w, https:\/\/noticiaempauta.com\/portal\/wp-content\/uploads\/2024\/09\/IMG_8371_batch-290x300.jpg 290w, https:\/\/noticiaempauta.com\/portal\/wp-content\/uploads\/2024\/09\/IMG_8371_batch-768x794.jpg 768w, https:\/\/noticiaempauta.com\/portal\/wp-content\/uploads\/2024\/09\/IMG_8371_batch.jpg 1280w\" sizes=\"(max-width: 990px) 100vw, 990px\" \/><\/figure>\n\n\n\n<figure class=\"wp-block-image size-large\"><img loading=\"lazy\" decoding=\"async\" width=\"1024\" height=\"623\" src=\"https:\/\/noticiaempauta.com\/portal\/wp-content\/uploads\/2024\/09\/IMG_8390_batch-1024x623.jpg\" alt=\"\" class=\"wp-image-261721\" srcset=\"https:\/\/noticiaempauta.com\/portal\/wp-content\/uploads\/2024\/09\/IMG_8390_batch-1024x623.jpg 1024w, https:\/\/noticiaempauta.com\/portal\/wp-content\/uploads\/2024\/09\/IMG_8390_batch-300x183.jpg 300w, https:\/\/noticiaempauta.com\/portal\/wp-content\/uploads\/2024\/09\/IMG_8390_batch-768x467.jpg 768w, https:\/\/noticiaempauta.com\/portal\/wp-content\/uploads\/2024\/09\/IMG_8390_batch.jpg 1280w\" sizes=\"(max-width: 1024px) 100vw, 1024px\" \/><\/figure>\n\n\n\n<figure class=\"wp-block-image size-large\"><img loading=\"lazy\" decoding=\"async\" width=\"1024\" height=\"626\" src=\"https:\/\/noticiaempauta.com\/portal\/wp-content\/uploads\/2024\/09\/IMG_8481_batch-1024x626.jpg\" alt=\"\" class=\"wp-image-261722\" srcset=\"https:\/\/noticiaempauta.com\/portal\/wp-content\/uploads\/2024\/09\/IMG_8481_batch-1024x626.jpg 1024w, https:\/\/noticiaempauta.com\/portal\/wp-content\/uploads\/2024\/09\/IMG_8481_batch-300x183.jpg 300w, https:\/\/noticiaempauta.com\/portal\/wp-content\/uploads\/2024\/09\/IMG_8481_batch-768x469.jpg 768w, https:\/\/noticiaempauta.com\/portal\/wp-content\/uploads\/2024\/09\/IMG_8481_batch.jpg 1280w\" sizes=\"(max-width: 1024px) 100vw, 1024px\" \/><\/figure>\n\n\n\n<p><em>Fonte: Folha Atual<\/em><\/p>\n\n\n\n<p><em>Fotos: Cidadesna Net<\/em><\/p>\n","protected":false},"excerpt":{"rendered":"<p>Na noite deste s\u00e1bado, 31 de agosto, a coliga\u00e7\u00e3o formada pelo atual prefeito Djalma Policarpo e Mariozan Rocha, candidatos a prefeito e vice-prefeito de Monsenhor Hip\u00f3lito, respectivamente, realizou a inaugura\u00e7\u00e3o do seu comit\u00ea de campanha. O evento, que reuniu uma grande quantidade de apoiadores, foi marcado por entusiasmo e demonstra\u00e7\u00f5es de apoio da comunidade local. [&hellip;]<\/p>\n","protected":false},"author":2,"featured_media":261707,"comment_status":"open","ping_status":"open","sticky":false,"template":"","format":"standard","meta":{"_mi_skip_tracking":false,"footnotes":""},"categories":[25,1,9,3],"tags":[192],"class_list":["post-261706","post","type-post","status-publish","format-standard","has-post-thumbnail","hentry","category-destaques-site","category-geral","category-municipios","category-politica","tag-destaqueprincipal"],"acf":[],"yoast_head":"<!-- This site is optimized with the Yoast SEO Premium plugin v19.2 (Yoast SEO v26.9) - https:\/\/yoast.com\/product\/yoast-seo-premium-wordpress\/ -->\n<title>Grande carreata e passeata marcam abertura do Comit\u00ea de Djalma Policarpo e Mariozan Rocha em Monsenhor Hip\u00f3lito - Portal Not\u00edcia em Pauta<\/title>\n<meta name=\"robots\" content=\"index, follow, max-snippet:-1, max-image-preview:large, max-video-preview:-1\" \/>\n<link rel=\"canonical\" href=\"https:\/\/noticiaempauta.com\/portal\/grande-carreata-e-passeata-marcam-abertura-do-comite-de-djalma-policarpo-e-mariozan-rocha-em-monsenhor-hipolito\/\" \/>\n<meta property=\"og:locale\" content=\"pt_BR\" \/>\n<meta property=\"og:type\" content=\"article\" \/>\n<meta property=\"og:title\" content=\"Grande carreata e passeata marcam abertura do Comit\u00ea de Djalma Policarpo e Mariozan Rocha em Monsenhor Hip\u00f3lito\" \/>\n<meta property=\"og:description\" content=\"Na noite deste s\u00e1bado, 31 de agosto, a coliga\u00e7\u00e3o formada pelo atual prefeito Djalma Policarpo e Mariozan Rocha, candidatos a prefeito e vice-prefeito de Monsenhor Hip\u00f3lito, respectivamente, realizou a inaugura\u00e7\u00e3o do seu comit\u00ea de campanha. O evento, que reuniu uma grande quantidade de apoiadores, foi marcado por entusiasmo e demonstra\u00e7\u00f5es de apoio da comunidade local. [&hellip;]\" \/>\n<meta property=\"og:url\" content=\"https:\/\/noticiaempauta.com\/portal\/grande-carreata-e-passeata-marcam-abertura-do-comite-de-djalma-policarpo-e-mariozan-rocha-em-monsenhor-hipolito\/\" \/>\n<meta property=\"og:site_name\" content=\"Portal Not\u00edcia em Pauta\" \/>\n<meta property=\"article:publisher\" content=\"https:\/\/www.facebook.com\/Portal-Notcia-Em-Pauta-102292869264820\/\" \/>\n<meta property=\"article:published_time\" content=\"2024-09-02T12:19:01+00:00\" \/>\n<meta property=\"article:modified_time\" content=\"2024-09-02T12:19:02+00:00\" \/>\n<meta property=\"og:image\" content=\"https:\/\/noticiaempauta.com\/portal\/wp-content\/uploads\/2024\/09\/IMG_8227_batch.jpg\" \/>\n\t<meta property=\"og:image:width\" content=\"861\" \/>\n\t<meta property=\"og:image:height\" content=\"707\" \/>\n\t<meta property=\"og:image:type\" content=\"image\/jpeg\" \/>\n<meta name=\"author\" content=\"Reda\u00e7\u00e3o\" \/>\n<meta name=\"twitter:card\" content=\"summary_large_image\" \/>\n<meta name=\"twitter:label1\" content=\"Escrito por\" \/>\n\t<meta name=\"twitter:data1\" content=\"Reda\u00e7\u00e3o\" \/>\n\t<meta name=\"twitter:label2\" content=\"Est. tempo de leitura\" \/>\n\t<meta name=\"twitter:data2\" content=\"6 minutos\" \/>\n<script type=\"application\/ld+json\" class=\"yoast-schema-graph\">{\"@context\":\"https:\/\/schema.org\",\"@graph\":[{\"@type\":\"Article\",\"@id\":\"https:\/\/noticiaempauta.com\/portal\/grande-carreata-e-passeata-marcam-abertura-do-comite-de-djalma-policarpo-e-mariozan-rocha-em-monsenhor-hipolito\/#article\",\"isPartOf\":{\"@id\":\"https:\/\/noticiaempauta.com\/portal\/grande-carreata-e-passeata-marcam-abertura-do-comite-de-djalma-policarpo-e-mariozan-rocha-em-monsenhor-hipolito\/\"},\"author\":{\"name\":\"Reda\u00e7\u00e3o\",\"@id\":\"https:\/\/noticiaempauta.com\/portal\/#\/schema\/person\/a74af43dd1ab3deca45f988c717d57ac\"},\"headline\":\"Grande carreata e passeata marcam abertura do Comit\u00ea de Djalma Policarpo e Mariozan Rocha em Monsenhor Hip\u00f3lito\",\"datePublished\":\"2024-09-02T12:19:01+00:00\",\"dateModified\":\"2024-09-02T12:19:02+00:00\",\"mainEntityOfPage\":{\"@id\":\"https:\/\/noticiaempauta.com\/portal\/grande-carreata-e-passeata-marcam-abertura-do-comite-de-djalma-policarpo-e-mariozan-rocha-em-monsenhor-hipolito\/\"},\"wordCount\":331,\"commentCount\":0,\"publisher\":{\"@id\":\"https:\/\/noticiaempauta.com\/portal\/#organization\"},\"image\":{\"@id\":\"https:\/\/noticiaempauta.com\/portal\/grande-carreata-e-passeata-marcam-abertura-do-comite-de-djalma-policarpo-e-mariozan-rocha-em-monsenhor-hipolito\/#primaryimage\"},\"thumbnailUrl\":\"https:\/\/noticiaempauta.com\/portal\/wp-content\/uploads\/2024\/09\/IMG_8227_batch.jpg\",\"keywords\":[\"destaqueprincipal\"],\"articleSection\":[\"Destaques\",\"Geral\",\"Munic\u00edpios\",\"Pol\u00edtica\"],\"inLanguage\":\"pt-BR\",\"potentialAction\":[{\"@type\":\"CommentAction\",\"name\":\"Comment\",\"target\":[\"https:\/\/noticiaempauta.com\/portal\/grande-carreata-e-passeata-marcam-abertura-do-comite-de-djalma-policarpo-e-mariozan-rocha-em-monsenhor-hipolito\/#respond\"]}]},{\"@type\":\"WebPage\",\"@id\":\"https:\/\/noticiaempauta.com\/portal\/grande-carreata-e-passeata-marcam-abertura-do-comite-de-djalma-policarpo-e-mariozan-rocha-em-monsenhor-hipolito\/\",\"url\":\"https:\/\/noticiaempauta.com\/portal\/grande-carreata-e-passeata-marcam-abertura-do-comite-de-djalma-policarpo-e-mariozan-rocha-em-monsenhor-hipolito\/\",\"name\":\"Grande carreata e passeata marcam abertura do Comit\u00ea de Djalma Policarpo e Mariozan Rocha em Monsenhor Hip\u00f3lito - Portal Not\u00edcia em Pauta\",\"isPartOf\":{\"@id\":\"https:\/\/noticiaempauta.com\/portal\/#website\"},\"primaryImageOfPage\":{\"@id\":\"https:\/\/noticiaempauta.com\/portal\/grande-carreata-e-passeata-marcam-abertura-do-comite-de-djalma-policarpo-e-mariozan-rocha-em-monsenhor-hipolito\/#primaryimage\"},\"image\":{\"@id\":\"https:\/\/noticiaempauta.com\/portal\/grande-carreata-e-passeata-marcam-abertura-do-comite-de-djalma-policarpo-e-mariozan-rocha-em-monsenhor-hipolito\/#primaryimage\"},\"thumbnailUrl\":\"https:\/\/noticiaempauta.com\/portal\/wp-content\/uploads\/2024\/09\/IMG_8227_batch.jpg\",\"datePublished\":\"2024-09-02T12:19:01+00:00\",\"dateModified\":\"2024-09-02T12:19:02+00:00\",\"breadcrumb\":{\"@id\":\"https:\/\/noticiaempauta.com\/portal\/grande-carreata-e-passeata-marcam-abertura-do-comite-de-djalma-policarpo-e-mariozan-rocha-em-monsenhor-hipolito\/#breadcrumb\"},\"inLanguage\":\"pt-BR\",\"potentialAction\":[{\"@type\":\"ReadAction\",\"target\":[\"https:\/\/noticiaempauta.com\/portal\/grande-carreata-e-passeata-marcam-abertura-do-comite-de-djalma-policarpo-e-mariozan-rocha-em-monsenhor-hipolito\/\"]}]},{\"@type\":\"ImageObject\",\"inLanguage\":\"pt-BR\",\"@id\":\"https:\/\/noticiaempauta.com\/portal\/grande-carreata-e-passeata-marcam-abertura-do-comite-de-djalma-policarpo-e-mariozan-rocha-em-monsenhor-hipolito\/#primaryimage\",\"url\":\"https:\/\/noticiaempauta.com\/portal\/wp-content\/uploads\/2024\/09\/IMG_8227_batch.jpg\",\"contentUrl\":\"https:\/\/noticiaempauta.com\/portal\/wp-content\/uploads\/2024\/09\/IMG_8227_batch.jpg\",\"width\":861,\"height\":707,\"caption\":\"(Foto: Reprodu\u00e7\u00e3o\/CidadesnaNet)\"},{\"@type\":\"BreadcrumbList\",\"@id\":\"https:\/\/noticiaempauta.com\/portal\/grande-carreata-e-passeata-marcam-abertura-do-comite-de-djalma-policarpo-e-mariozan-rocha-em-monsenhor-hipolito\/#breadcrumb\",\"itemListElement\":[{\"@type\":\"ListItem\",\"position\":1,\"name\":\"P\u00e1gina Inicial\",\"item\":\"https:\/\/noticiaempauta.com\/portal\/\"},{\"@type\":\"ListItem\",\"position\":2,\"name\":\"Destaques\",\"item\":\"https:\/\/noticiaempauta.com\/portal\/destaques-site\/\"},{\"@type\":\"ListItem\",\"position\":3,\"name\":\"Grande carreata e passeata marcam abertura do Comit\u00ea de Djalma Policarpo e Mariozan Rocha em Monsenhor Hip\u00f3lito\"}]},{\"@type\":\"WebSite\",\"@id\":\"https:\/\/noticiaempauta.com\/portal\/#website\",\"url\":\"https:\/\/noticiaempauta.com\/portal\/\",\"name\":\"Portal Not\u00edcia em Pauta\",\"description\":\"Voc\u00ea bem informado\",\"publisher\":{\"@id\":\"https:\/\/noticiaempauta.com\/portal\/#organization\"},\"potentialAction\":[{\"@type\":\"SearchAction\",\"target\":{\"@type\":\"EntryPoint\",\"urlTemplate\":\"https:\/\/noticiaempauta.com\/portal\/?s={search_term_string}\"},\"query-input\":{\"@type\":\"PropertyValueSpecification\",\"valueRequired\":true,\"valueName\":\"search_term_string\"}}],\"inLanguage\":\"pt-BR\"},{\"@type\":\"Organization\",\"@id\":\"https:\/\/noticiaempauta.com\/portal\/#organization\",\"name\":\"Portal Not\u00edcia em Pauta\",\"url\":\"https:\/\/noticiaempauta.com\/portal\/\",\"logo\":{\"@type\":\"ImageObject\",\"inLanguage\":\"pt-BR\",\"@id\":\"https:\/\/noticiaempauta.com\/portal\/#\/schema\/logo\/image\/\",\"url\":\"https:\/\/noticiaempauta.com\/portal\/wp-content\/uploads\/2022\/08\/logomarca_tema.fw_.png\",\"contentUrl\":\"https:\/\/noticiaempauta.com\/portal\/wp-content\/uploads\/2022\/08\/logomarca_tema.fw_.png\",\"width\":400,\"height\":232,\"caption\":\"Portal Not\u00edcia em Pauta\"},\"image\":{\"@id\":\"https:\/\/noticiaempauta.com\/portal\/#\/schema\/logo\/image\/\"},\"sameAs\":[\"https:\/\/www.facebook.com\/Portal-Notcia-Em-Pauta-102292869264820\/\",\"https:\/\/www.instagram.com\/portalnoticiaempauta\/\"]},{\"@type\":\"Person\",\"@id\":\"https:\/\/noticiaempauta.com\/portal\/#\/schema\/person\/a74af43dd1ab3deca45f988c717d57ac\",\"name\":\"Reda\u00e7\u00e3o\",\"image\":{\"@type\":\"ImageObject\",\"inLanguage\":\"pt-BR\",\"@id\":\"https:\/\/noticiaempauta.com\/portal\/#\/schema\/person\/image\/\",\"url\":\"https:\/\/secure.gravatar.com\/avatar\/03179346ecce6cdfc13361603e8f54242a90e5cde8618fa23c5c00aa2b0aadf3?s=96&d=mm&r=g\",\"contentUrl\":\"https:\/\/secure.gravatar.com\/avatar\/03179346ecce6cdfc13361603e8f54242a90e5cde8618fa23c5c00aa2b0aadf3?s=96&d=mm&r=g\",\"caption\":\"Reda\u00e7\u00e3o\"},\"sameAs\":[\"https:\/\/noticiaempauta.com\/portal\/\"],\"url\":\"https:\/\/noticiaempauta.com\/portal\/author\/fernando\/\"}]}<\/script>\n<!-- \/ Yoast SEO Premium plugin. -->","yoast_head_json":{"title":"Grande carreata e passeata marcam abertura do Comit\u00ea de Djalma Policarpo e Mariozan Rocha em Monsenhor Hip\u00f3lito - Portal Not\u00edcia em Pauta","robots":{"index":"index","follow":"follow","max-snippet":"max-snippet:-1","max-image-preview":"max-image-preview:large","max-video-preview":"max-video-preview:-1"},"canonical":"https:\/\/noticiaempauta.com\/portal\/grande-carreata-e-passeata-marcam-abertura-do-comite-de-djalma-policarpo-e-mariozan-rocha-em-monsenhor-hipolito\/","og_locale":"pt_BR","og_type":"article","og_title":"Grande carreata e passeata marcam abertura do Comit\u00ea de Djalma Policarpo e Mariozan Rocha em Monsenhor Hip\u00f3lito","og_description":"Na noite deste s\u00e1bado, 31 de agosto, a coliga\u00e7\u00e3o formada pelo atual prefeito Djalma Policarpo e Mariozan Rocha, candidatos a prefeito e vice-prefeito de Monsenhor Hip\u00f3lito, respectivamente, realizou a inaugura\u00e7\u00e3o do seu comit\u00ea de campanha. O evento, que reuniu uma grande quantidade de apoiadores, foi marcado por entusiasmo e demonstra\u00e7\u00f5es de apoio da comunidade local. [&hellip;]","og_url":"https:\/\/noticiaempauta.com\/portal\/grande-carreata-e-passeata-marcam-abertura-do-comite-de-djalma-policarpo-e-mariozan-rocha-em-monsenhor-hipolito\/","og_site_name":"Portal Not\u00edcia em Pauta","article_publisher":"https:\/\/www.facebook.com\/Portal-Notcia-Em-Pauta-102292869264820\/","article_published_time":"2024-09-02T12:19:01+00:00","article_modified_time":"2024-09-02T12:19:02+00:00","og_image":[{"width":861,"height":707,"url":"https:\/\/noticiaempauta.com\/portal\/wp-content\/uploads\/2024\/09\/IMG_8227_batch.jpg","type":"image\/jpeg"}],"author":"Reda\u00e7\u00e3o","twitter_card":"summary_large_image","twitter_misc":{"Escrito por":"Reda\u00e7\u00e3o","Est. tempo de leitura":"6 minutos"},"schema":{"@context":"https:\/\/schema.org","@graph":[{"@type":"Article","@id":"https:\/\/noticiaempauta.com\/portal\/grande-carreata-e-passeata-marcam-abertura-do-comite-de-djalma-policarpo-e-mariozan-rocha-em-monsenhor-hipolito\/#article","isPartOf":{"@id":"https:\/\/noticiaempauta.com\/portal\/grande-carreata-e-passeata-marcam-abertura-do-comite-de-djalma-policarpo-e-mariozan-rocha-em-monsenhor-hipolito\/"},"author":{"name":"Reda\u00e7\u00e3o","@id":"https:\/\/noticiaempauta.com\/portal\/#\/schema\/person\/a74af43dd1ab3deca45f988c717d57ac"},"headline":"Grande carreata e passeata marcam abertura do Comit\u00ea de Djalma Policarpo e Mariozan Rocha em Monsenhor Hip\u00f3lito","datePublished":"2024-09-02T12:19:01+00:00","dateModified":"2024-09-02T12:19:02+00:00","mainEntityOfPage":{"@id":"https:\/\/noticiaempauta.com\/portal\/grande-carreata-e-passeata-marcam-abertura-do-comite-de-djalma-policarpo-e-mariozan-rocha-em-monsenhor-hipolito\/"},"wordCount":331,"commentCount":0,"publisher":{"@id":"https:\/\/noticiaempauta.com\/portal\/#organization"},"image":{"@id":"https:\/\/noticiaempauta.com\/portal\/grande-carreata-e-passeata-marcam-abertura-do-comite-de-djalma-policarpo-e-mariozan-rocha-em-monsenhor-hipolito\/#primaryimage"},"thumbnailUrl":"https:\/\/noticiaempauta.com\/portal\/wp-content\/uploads\/2024\/09\/IMG_8227_batch.jpg","keywords":["destaqueprincipal"],"articleSection":["Destaques","Geral","Munic\u00edpios","Pol\u00edtica"],"inLanguage":"pt-BR","potentialAction":[{"@type":"CommentAction","name":"Comment","target":["https:\/\/noticiaempauta.com\/portal\/grande-carreata-e-passeata-marcam-abertura-do-comite-de-djalma-policarpo-e-mariozan-rocha-em-monsenhor-hipolito\/#respond"]}]},{"@type":"WebPage","@id":"https:\/\/noticiaempauta.com\/portal\/grande-carreata-e-passeata-marcam-abertura-do-comite-de-djalma-policarpo-e-mariozan-rocha-em-monsenhor-hipolito\/","url":"https:\/\/noticiaempauta.com\/portal\/grande-carreata-e-passeata-marcam-abertura-do-comite-de-djalma-policarpo-e-mariozan-rocha-em-monsenhor-hipolito\/","name":"Grande carreata e passeata marcam abertura do Comit\u00ea de Djalma Policarpo e Mariozan Rocha em Monsenhor Hip\u00f3lito - Portal Not\u00edcia em Pauta","isPartOf":{"@id":"https:\/\/noticiaempauta.com\/portal\/#website"},"primaryImageOfPage":{"@id":"https:\/\/noticiaempauta.com\/portal\/grande-carreata-e-passeata-marcam-abertura-do-comite-de-djalma-policarpo-e-mariozan-rocha-em-monsenhor-hipolito\/#primaryimage"},"image":{"@id":"https:\/\/noticiaempauta.com\/portal\/grande-carreata-e-passeata-marcam-abertura-do-comite-de-djalma-policarpo-e-mariozan-rocha-em-monsenhor-hipolito\/#primaryimage"},"thumbnailUrl":"https:\/\/noticiaempauta.com\/portal\/wp-content\/uploads\/2024\/09\/IMG_8227_batch.jpg","datePublished":"2024-09-02T12:19:01+00:00","dateModified":"2024-09-02T12:19:02+00:00","breadcrumb":{"@id":"https:\/\/noticiaempauta.com\/portal\/grande-carreata-e-passeata-marcam-abertura-do-comite-de-djalma-policarpo-e-mariozan-rocha-em-monsenhor-hipolito\/#breadcrumb"},"inLanguage":"pt-BR","potentialAction":[{"@type":"ReadAction","target":["https:\/\/noticiaempauta.com\/portal\/grande-carreata-e-passeata-marcam-abertura-do-comite-de-djalma-policarpo-e-mariozan-rocha-em-monsenhor-hipolito\/"]}]},{"@type":"ImageObject","inLanguage":"pt-BR","@id":"https:\/\/noticiaempauta.com\/portal\/grande-carreata-e-passeata-marcam-abertura-do-comite-de-djalma-policarpo-e-mariozan-rocha-em-monsenhor-hipolito\/#primaryimage","url":"https:\/\/noticiaempauta.com\/portal\/wp-content\/uploads\/2024\/09\/IMG_8227_batch.jpg","contentUrl":"https:\/\/noticiaempauta.com\/portal\/wp-content\/uploads\/2024\/09\/IMG_8227_batch.jpg","width":861,"height":707,"caption":"(Foto: Reprodu\u00e7\u00e3o\/CidadesnaNet)"},{"@type":"BreadcrumbList","@id":"https:\/\/noticiaempauta.com\/portal\/grande-carreata-e-passeata-marcam-abertura-do-comite-de-djalma-policarpo-e-mariozan-rocha-em-monsenhor-hipolito\/#breadcrumb","itemListElement":[{"@type":"ListItem","position":1,"name":"P\u00e1gina Inicial","item":"https:\/\/noticiaempauta.com\/portal\/"},{"@type":"ListItem","position":2,"name":"Destaques","item":"https:\/\/noticiaempauta.com\/portal\/destaques-site\/"},{"@type":"ListItem","position":3,"name":"Grande carreata e passeata marcam abertura do Comit\u00ea de Djalma Policarpo e Mariozan Rocha em Monsenhor Hip\u00f3lito"}]},{"@type":"WebSite","@id":"https:\/\/noticiaempauta.com\/portal\/#website","url":"https:\/\/noticiaempauta.com\/portal\/","name":"Portal Not\u00edcia em Pauta","description":"Voc\u00ea bem informado","publisher":{"@id":"https:\/\/noticiaempauta.com\/portal\/#organization"},"potentialAction":[{"@type":"SearchAction","target":{"@type":"EntryPoint","urlTemplate":"https:\/\/noticiaempauta.com\/portal\/?s={search_term_string}"},"query-input":{"@type":"PropertyValueSpecification","valueRequired":true,"valueName":"search_term_string"}}],"inLanguage":"pt-BR"},{"@type":"Organization","@id":"https:\/\/noticiaempauta.com\/portal\/#organization","name":"Portal Not\u00edcia em Pauta","url":"https:\/\/noticiaempauta.com\/portal\/","logo":{"@type":"ImageObject","inLanguage":"pt-BR","@id":"https:\/\/noticiaempauta.com\/portal\/#\/schema\/logo\/image\/","url":"https:\/\/noticiaempauta.com\/portal\/wp-content\/uploads\/2022\/08\/logomarca_tema.fw_.png","contentUrl":"https:\/\/noticiaempauta.com\/portal\/wp-content\/uploads\/2022\/08\/logomarca_tema.fw_.png","width":400,"height":232,"caption":"Portal Not\u00edcia em Pauta"},"image":{"@id":"https:\/\/noticiaempauta.com\/portal\/#\/schema\/logo\/image\/"},"sameAs":["https:\/\/www.facebook.com\/Portal-Notcia-Em-Pauta-102292869264820\/","https:\/\/www.instagram.com\/portalnoticiaempauta\/"]},{"@type":"Person","@id":"https:\/\/noticiaempauta.com\/portal\/#\/schema\/person\/a74af43dd1ab3deca45f988c717d57ac","name":"Reda\u00e7\u00e3o","image":{"@type":"ImageObject","inLanguage":"pt-BR","@id":"https:\/\/noticiaempauta.com\/portal\/#\/schema\/person\/image\/","url":"https:\/\/secure.gravatar.com\/avatar\/03179346ecce6cdfc13361603e8f54242a90e5cde8618fa23c5c00aa2b0aadf3?s=96&d=mm&r=g","contentUrl":"https:\/\/secure.gravatar.com\/avatar\/03179346ecce6cdfc13361603e8f54242a90e5cde8618fa23c5c00aa2b0aadf3?s=96&d=mm&r=g","caption":"Reda\u00e7\u00e3o"},"sameAs":["https:\/\/noticiaempauta.com\/portal\/"],"url":"https:\/\/noticiaempauta.com\/portal\/author\/fernando\/"}]}},"_links":{"self":[{"href":"https:\/\/noticiaempauta.com\/portal\/wp-json\/wp\/v2\/posts\/261706","targetHints":{"allow":["GET"]}}],"collection":[{"href":"https:\/\/noticiaempauta.com\/portal\/wp-json\/wp\/v2\/posts"}],"about":[{"href":"https:\/\/noticiaempauta.com\/portal\/wp-json\/wp\/v2\/types\/post"}],"author":[{"embeddable":true,"href":"https:\/\/noticiaempauta.com\/portal\/wp-json\/wp\/v2\/users\/2"}],"replies":[{"embeddable":true,"href":"https:\/\/noticiaempauta.com\/portal\/wp-json\/wp\/v2\/comments?post=261706"}],"version-history":[{"count":2,"href":"https:\/\/noticiaempauta.com\/portal\/wp-json\/wp\/v2\/posts\/261706\/revisions"}],"predecessor-version":[{"id":261725,"href":"https:\/\/noticiaempauta.com\/portal\/wp-json\/wp\/v2\/posts\/261706\/revisions\/261725"}],"wp:featuredmedia":[{"embeddable":true,"href":"https:\/\/noticiaempauta.com\/portal\/wp-json\/wp\/v2\/media\/261707"}],"wp:attachment":[{"href":"https:\/\/noticiaempauta.com\/portal\/wp-json\/wp\/v2\/media?parent=261706"}],"wp:term":[{"taxonomy":"category","embeddable":true,"href":"https:\/\/noticiaempauta.com\/portal\/wp-json\/wp\/v2\/categories?post=261706"},{"taxonomy":"post_tag","embeddable":true,"href":"https:\/\/noticiaempauta.com\/portal\/wp-json\/wp\/v2\/tags?post=261706"}],"curies":[{"name":"wp","href":"https:\/\/api.w.org\/{rel}","templated":true}]}}