{"id":261753,"date":"2024-09-02T12:22:15","date_gmt":"2024-09-02T15:22:15","guid":{"rendered":"https:\/\/noticiaempauta.com\/portal\/?p=261753"},"modified":"2024-09-02T12:22:16","modified_gmt":"2024-09-02T15:22:16","slug":"em-grande-ato-politico-dr-eriberto-barros-reforca-candidatura-a-reeleicao-em-picos","status":"publish","type":"post","link":"https:\/\/noticiaempauta.com\/portal\/em-grande-ato-politico-dr-eriberto-barros-reforca-candidatura-a-reeleicao-em-picos\/","title":{"rendered":"Em grande ato pol\u00edtico Dr. Eriberto Barros refor\u00e7a candidatura \u00e0 reelei\u00e7\u00e3o em Picos"},"content":{"rendered":"\n<p>Na noite do \u00faltimo s\u00e1bado, 31 de agosto, o candidato \u00e0 reelei\u00e7\u00e3o a\u00a0vereador, Dr. Eriberto Barros (PSD), lan\u00e7ou oficialmente sua candidatura em um momento festivo, reunido com diversos apoiadores pol\u00edticos e com a presen\u00e7a massiva do povo.<\/p>\n\n\n\n<figure class=\"wp-block-image size-full\"><img fetchpriority=\"high\" decoding=\"async\" width=\"640\" height=\"427\" src=\"https:\/\/noticiaempauta.com\/portal\/wp-content\/uploads\/2024\/09\/DSC_003417.jpeg\" alt=\"\" class=\"wp-image-261755\" srcset=\"https:\/\/noticiaempauta.com\/portal\/wp-content\/uploads\/2024\/09\/DSC_003417.jpeg 640w, https:\/\/noticiaempauta.com\/portal\/wp-content\/uploads\/2024\/09\/DSC_003417-300x200.jpeg 300w\" sizes=\"(max-width: 640px) 100vw, 640px\" \/><\/figure>\n\n\n\n<figure class=\"wp-block-image size-full\"><img decoding=\"async\" width=\"640\" height=\"427\" src=\"https:\/\/noticiaempauta.com\/portal\/wp-content\/uploads\/2024\/09\/DSC_0057.jpeg\" alt=\"\" class=\"wp-image-261759\" srcset=\"https:\/\/noticiaempauta.com\/portal\/wp-content\/uploads\/2024\/09\/DSC_0057.jpeg 640w, https:\/\/noticiaempauta.com\/portal\/wp-content\/uploads\/2024\/09\/DSC_0057-300x200.jpeg 300w\" sizes=\"(max-width: 640px) 100vw, 640px\" \/><\/figure>\n\n\n\n<p>O evento foi realizado no Espa\u00e7o Versalhes, no Bairro Ema\u00fas, onde Dr. Eriberto fez quest\u00e3o de destacar sua fam\u00edlia, que j\u00e1 faz parte da hist\u00f3ria pol\u00edtica de Picos. Sua m\u00e3e, F\u00e1tima S\u00e1, foi vereadora do munic\u00edpio, e seu irm\u00e3o, Erivelto Barros, \u00e9 o atual prefeito de Bocaina.<\/p>\n\n\n\n<figure class=\"wp-block-image size-full\"><img decoding=\"async\" width=\"640\" height=\"427\" src=\"https:\/\/noticiaempauta.com\/portal\/wp-content\/uploads\/2024\/09\/FA-IMG-13830f17004db11c6cec.jpg\" alt=\"\" class=\"wp-image-261756\" srcset=\"https:\/\/noticiaempauta.com\/portal\/wp-content\/uploads\/2024\/09\/FA-IMG-13830f17004db11c6cec.jpg 640w, https:\/\/noticiaempauta.com\/portal\/wp-content\/uploads\/2024\/09\/FA-IMG-13830f17004db11c6cec-300x200.jpg 300w\" sizes=\"(max-width: 640px) 100vw, 640px\" \/><\/figure>\n\n\n\n<p>Dr. Eriberto faz parte da coliga\u00e7\u00e3o \u201cUma Nova Picos Est\u00e1 Para Nascer\u201d e, no lan\u00e7amento de sua candidatura, reuniu autoridades como o candidato a prefeito pela oposi\u00e7\u00e3o, Dr. Pablo Santos, a vice-prefeita Xand\u00fa Neri, os deputados estaduais Georgiano Neto e Dr. Thales Coelho, al\u00e9m de diversas autoridades locais.<\/p>\n\n\n\n<figure class=\"wp-block-image size-full\"><img loading=\"lazy\" decoding=\"async\" width=\"640\" height=\"427\" src=\"https:\/\/noticiaempauta.com\/portal\/wp-content\/uploads\/2024\/09\/DSC_0121.jpeg\" alt=\"\" class=\"wp-image-261761\" srcset=\"https:\/\/noticiaempauta.com\/portal\/wp-content\/uploads\/2024\/09\/DSC_0121.jpeg 640w, https:\/\/noticiaempauta.com\/portal\/wp-content\/uploads\/2024\/09\/DSC_0121-300x200.jpeg 300w\" sizes=\"(max-width: 640px) 100vw, 640px\" \/><\/figure>\n\n\n\n<p>O parlamentar \u00e9 atualmente o presidente\u00a0da C\u00e2mara de Vereadores de Picos, uma posi\u00e7\u00e3o de lideran\u00e7a que lhe permitiu realizar alguns feitos destacados pelas autoridades em seus discursos. Um deles foi a reforma da C\u00e2mara Municipal de Picos, tornando o pr\u00e9dio um dos mais modernos do Estado do Piau\u00ed.<\/p>\n\n\n\n<figure class=\"wp-block-image size-full\"><img loading=\"lazy\" decoding=\"async\" width=\"640\" height=\"427\" src=\"https:\/\/noticiaempauta.com\/portal\/wp-content\/uploads\/2024\/09\/DSC_0135.jpeg\" alt=\"\" class=\"wp-image-261760\" srcset=\"https:\/\/noticiaempauta.com\/portal\/wp-content\/uploads\/2024\/09\/DSC_0135.jpeg 640w, https:\/\/noticiaempauta.com\/portal\/wp-content\/uploads\/2024\/09\/DSC_0135-300x200.jpeg 300w\" sizes=\"(max-width: 640px) 100vw, 640px\" \/><\/figure>\n\n\n\n<p>Em destaque no evento, Dr. Eriberto falou sobre seu sentimento em mais uma candidatura a vereador de Picos e frisou a busca por projetos geradores de empregos.\u00a0\u201cMeu sentimento \u00e9 de alegria, pois vemos que o povo tem abra\u00e7ado a nossa candidatura com muito amor e dedica\u00e7\u00e3o. Isso \u00e9 prova do reconhecimento de um trabalho, mostrando que nossa campanha vem forte para mais uma vez representar o povo. Fa\u00e7o uma gest\u00e3o onde os recursos chegam \u00e0 popula\u00e7\u00e3o, com mais investimentos na sa\u00fade e na educa\u00e7\u00e3o, buscando cada vez mais projetos para a gera\u00e7\u00e3o de emprego na cidade\u201d, relatou o candidato \u00e0 reelei\u00e7\u00e3o.<\/p>\n\n\n\n<figure class=\"wp-block-image size-full\"><img loading=\"lazy\" decoding=\"async\" width=\"640\" height=\"427\" src=\"https:\/\/noticiaempauta.com\/portal\/wp-content\/uploads\/2024\/09\/DSC_009810.jpeg\" alt=\"\" class=\"wp-image-261758\" srcset=\"https:\/\/noticiaempauta.com\/portal\/wp-content\/uploads\/2024\/09\/DSC_009810.jpeg 640w, https:\/\/noticiaempauta.com\/portal\/wp-content\/uploads\/2024\/09\/DSC_009810-300x200.jpeg 300w\" sizes=\"(max-width: 640px) 100vw, 640px\" \/><\/figure>\n\n\n\n<p>Presente no evento, Dr. Pablo Santos, em discurso, destacou o trabalho do vereador Eriberto Barros \u00e0 frente da C\u00e2mara de Picos e a presen\u00e7a do povo no evento.\u00a0\u201c\u00c9 um m\u00e9dico que trabalha de forma incans\u00e1vel, junto com sua fam\u00edlia, que sempre est\u00e3o a servi\u00e7o do povo. E quero dizer mais, podem anotar o que vou dizer: pela for\u00e7a do p\u00fablico presente aqui em sua candidatura, Eriberto vai ser um dos tr\u00eas vereadores mais bem votados em Picos.\u201d<\/p>\n\n\n\n<p><strong>Veja mais imagens<\/strong><\/p>\n\n\n\n<figure class=\"wp-block-image size-full\"><img loading=\"lazy\" decoding=\"async\" width=\"640\" height=\"427\" src=\"https:\/\/noticiaempauta.com\/portal\/wp-content\/uploads\/2024\/09\/DSC_00919.jpeg\" alt=\"\" class=\"wp-image-261757\" srcset=\"https:\/\/noticiaempauta.com\/portal\/wp-content\/uploads\/2024\/09\/DSC_00919.jpeg 640w, https:\/\/noticiaempauta.com\/portal\/wp-content\/uploads\/2024\/09\/DSC_00919-300x200.jpeg 300w\" sizes=\"(max-width: 640px) 100vw, 640px\" \/><\/figure>\n\n\n\n<figure class=\"wp-block-image size-full\"><img loading=\"lazy\" decoding=\"async\" width=\"640\" height=\"427\" src=\"https:\/\/noticiaempauta.com\/portal\/wp-content\/uploads\/2024\/09\/DSC_0080.jpeg\" alt=\"\" class=\"wp-image-261762\" srcset=\"https:\/\/noticiaempauta.com\/portal\/wp-content\/uploads\/2024\/09\/DSC_0080.jpeg 640w, https:\/\/noticiaempauta.com\/portal\/wp-content\/uploads\/2024\/09\/DSC_0080-300x200.jpeg 300w\" sizes=\"(max-width: 640px) 100vw, 640px\" \/><\/figure>\n\n\n\n<figure class=\"wp-block-image size-full\"><img loading=\"lazy\" decoding=\"async\" width=\"640\" height=\"427\" src=\"https:\/\/noticiaempauta.com\/portal\/wp-content\/uploads\/2024\/09\/DSC_0030.jpeg\" alt=\"\" class=\"wp-image-261763\" srcset=\"https:\/\/noticiaempauta.com\/portal\/wp-content\/uploads\/2024\/09\/DSC_0030.jpeg 640w, https:\/\/noticiaempauta.com\/portal\/wp-content\/uploads\/2024\/09\/DSC_0030-300x200.jpeg 300w\" sizes=\"(max-width: 640px) 100vw, 640px\" \/><\/figure>\n\n\n\n<figure class=\"wp-block-image size-full\"><img loading=\"lazy\" decoding=\"async\" width=\"640\" height=\"427\" src=\"https:\/\/noticiaempauta.com\/portal\/wp-content\/uploads\/2024\/09\/DSC_0070.jpeg\" alt=\"\" class=\"wp-image-261764\" srcset=\"https:\/\/noticiaempauta.com\/portal\/wp-content\/uploads\/2024\/09\/DSC_0070.jpeg 640w, https:\/\/noticiaempauta.com\/portal\/wp-content\/uploads\/2024\/09\/DSC_0070-300x200.jpeg 300w\" sizes=\"(max-width: 640px) 100vw, 640px\" \/><\/figure>\n\n\n\n<figure class=\"wp-block-image size-full\"><img loading=\"lazy\" decoding=\"async\" width=\"640\" height=\"427\" src=\"https:\/\/noticiaempauta.com\/portal\/wp-content\/uploads\/2024\/09\/DSC_0088.jpeg\" alt=\"\" class=\"wp-image-261765\" srcset=\"https:\/\/noticiaempauta.com\/portal\/wp-content\/uploads\/2024\/09\/DSC_0088.jpeg 640w, https:\/\/noticiaempauta.com\/portal\/wp-content\/uploads\/2024\/09\/DSC_0088-300x200.jpeg 300w\" sizes=\"(max-width: 640px) 100vw, 640px\" \/><\/figure>\n\n\n\n<figure class=\"wp-block-image size-full\"><img loading=\"lazy\" decoding=\"async\" width=\"640\" height=\"427\" src=\"https:\/\/noticiaempauta.com\/portal\/wp-content\/uploads\/2024\/09\/DSC_0100.jpeg\" alt=\"\" class=\"wp-image-261766\" srcset=\"https:\/\/noticiaempauta.com\/portal\/wp-content\/uploads\/2024\/09\/DSC_0100.jpeg 640w, https:\/\/noticiaempauta.com\/portal\/wp-content\/uploads\/2024\/09\/DSC_0100-300x200.jpeg 300w\" sizes=\"(max-width: 640px) 100vw, 640px\" \/><\/figure>\n\n\n\n<figure class=\"wp-block-image size-full\"><img loading=\"lazy\" decoding=\"async\" width=\"640\" height=\"427\" src=\"https:\/\/noticiaempauta.com\/portal\/wp-content\/uploads\/2024\/09\/DSC_0110.jpeg\" alt=\"\" class=\"wp-image-261767\" srcset=\"https:\/\/noticiaempauta.com\/portal\/wp-content\/uploads\/2024\/09\/DSC_0110.jpeg 640w, https:\/\/noticiaempauta.com\/portal\/wp-content\/uploads\/2024\/09\/DSC_0110-300x200.jpeg 300w\" sizes=\"(max-width: 640px) 100vw, 640px\" \/><\/figure>\n\n\n\n<figure class=\"wp-block-image size-full\"><img loading=\"lazy\" decoding=\"async\" width=\"640\" height=\"427\" src=\"https:\/\/noticiaempauta.com\/portal\/wp-content\/uploads\/2024\/09\/DSC_0143.jpeg\" alt=\"\" class=\"wp-image-261768\" srcset=\"https:\/\/noticiaempauta.com\/portal\/wp-content\/uploads\/2024\/09\/DSC_0143.jpeg 640w, https:\/\/noticiaempauta.com\/portal\/wp-content\/uploads\/2024\/09\/DSC_0143-300x200.jpeg 300w\" sizes=\"(max-width: 640px) 100vw, 640px\" \/><\/figure>\n\n\n\n<figure class=\"wp-block-image size-full\"><img loading=\"lazy\" decoding=\"async\" width=\"640\" height=\"427\" src=\"https:\/\/noticiaempauta.com\/portal\/wp-content\/uploads\/2024\/09\/DSC_0005.jpeg\" alt=\"\" class=\"wp-image-261769\" srcset=\"https:\/\/noticiaempauta.com\/portal\/wp-content\/uploads\/2024\/09\/DSC_0005.jpeg 640w, https:\/\/noticiaempauta.com\/portal\/wp-content\/uploads\/2024\/09\/DSC_0005-300x200.jpeg 300w\" sizes=\"(max-width: 640px) 100vw, 640px\" \/><\/figure>\n\n\n\n<figure class=\"wp-block-image size-full\"><img loading=\"lazy\" decoding=\"async\" width=\"640\" height=\"427\" src=\"https:\/\/noticiaempauta.com\/portal\/wp-content\/uploads\/2024\/09\/DSC_0024.jpeg\" alt=\"\" class=\"wp-image-261770\" srcset=\"https:\/\/noticiaempauta.com\/portal\/wp-content\/uploads\/2024\/09\/DSC_0024.jpeg 640w, https:\/\/noticiaempauta.com\/portal\/wp-content\/uploads\/2024\/09\/DSC_0024-300x200.jpeg 300w\" sizes=\"(max-width: 640px) 100vw, 640px\" \/><\/figure>\n\n\n\n<figure class=\"wp-block-image size-full\"><img loading=\"lazy\" decoding=\"async\" width=\"640\" height=\"427\" src=\"https:\/\/noticiaempauta.com\/portal\/wp-content\/uploads\/2024\/09\/15.jpeg\" alt=\"\" class=\"wp-image-261771\" srcset=\"https:\/\/noticiaempauta.com\/portal\/wp-content\/uploads\/2024\/09\/15.jpeg 640w, https:\/\/noticiaempauta.com\/portal\/wp-content\/uploads\/2024\/09\/15-300x200.jpeg 300w\" sizes=\"(max-width: 640px) 100vw, 640px\" \/><\/figure>\n\n\n\n<figure class=\"wp-block-image size-full\"><img loading=\"lazy\" decoding=\"async\" width=\"640\" height=\"427\" src=\"https:\/\/noticiaempauta.com\/portal\/wp-content\/uploads\/2024\/09\/19.jpeg\" alt=\"\" class=\"wp-image-261772\" srcset=\"https:\/\/noticiaempauta.com\/portal\/wp-content\/uploads\/2024\/09\/19.jpeg 640w, https:\/\/noticiaempauta.com\/portal\/wp-content\/uploads\/2024\/09\/19-300x200.jpeg 300w\" sizes=\"(max-width: 640px) 100vw, 640px\" \/><\/figure>\n\n\n\n<p><strong><em>Fonte e Fotos: Folha Atual<\/em><\/strong><\/p>\n","protected":false},"excerpt":{"rendered":"<p>Na noite do \u00faltimo s\u00e1bado, 31 de agosto, o candidato \u00e0 reelei\u00e7\u00e3o a\u00a0vereador, Dr. Eriberto Barros (PSD), lan\u00e7ou oficialmente sua candidatura em um momento festivo, reunido com diversos apoiadores pol\u00edticos e com a presen\u00e7a massiva do povo. O evento foi realizado no Espa\u00e7o Versalhes, no Bairro Ema\u00fas, onde Dr. Eriberto fez quest\u00e3o de destacar sua [&hellip;]<\/p>\n","protected":false},"author":2,"featured_media":261754,"comment_status":"open","ping_status":"open","sticky":false,"template":"","format":"standard","meta":{"_mi_skip_tracking":false,"footnotes":""},"categories":[25,1,3,16],"tags":[192],"class_list":["post-261753","post","type-post","status-publish","format-standard","has-post-thumbnail","hentry","category-destaques-site","category-geral","category-politica","category-todas","tag-destaqueprincipal"],"acf":[],"yoast_head":"<!-- This site is optimized with the Yoast SEO Premium plugin v19.2 (Yoast SEO v26.9) - https:\/\/yoast.com\/product\/yoast-seo-premium-wordpress\/ -->\n<title>Em grande ato pol\u00edtico Dr. Eriberto Barros refor\u00e7a candidatura \u00e0 reelei\u00e7\u00e3o em Picos - Portal Not\u00edcia em Pauta<\/title>\n<meta name=\"robots\" content=\"index, follow, max-snippet:-1, max-image-preview:large, max-video-preview:-1\" \/>\n<link rel=\"canonical\" href=\"https:\/\/noticiaempauta.com\/portal\/em-grande-ato-politico-dr-eriberto-barros-reforca-candidatura-a-reeleicao-em-picos\/\" \/>\n<meta property=\"og:locale\" content=\"pt_BR\" \/>\n<meta property=\"og:type\" content=\"article\" \/>\n<meta property=\"og:title\" content=\"Em grande ato pol\u00edtico Dr. Eriberto Barros refor\u00e7a candidatura \u00e0 reelei\u00e7\u00e3o em Picos\" \/>\n<meta property=\"og:description\" content=\"Na noite do \u00faltimo s\u00e1bado, 31 de agosto, o candidato \u00e0 reelei\u00e7\u00e3o a\u00a0vereador, Dr. Eriberto Barros (PSD), lan\u00e7ou oficialmente sua candidatura em um momento festivo, reunido com diversos apoiadores pol\u00edticos e com a presen\u00e7a massiva do povo. O evento foi realizado no Espa\u00e7o Versalhes, no Bairro Ema\u00fas, onde Dr. Eriberto fez quest\u00e3o de destacar sua [&hellip;]\" \/>\n<meta property=\"og:url\" content=\"https:\/\/noticiaempauta.com\/portal\/em-grande-ato-politico-dr-eriberto-barros-reforca-candidatura-a-reeleicao-em-picos\/\" \/>\n<meta property=\"og:site_name\" content=\"Portal Not\u00edcia em Pauta\" \/>\n<meta property=\"article:publisher\" content=\"https:\/\/www.facebook.com\/Portal-Notcia-Em-Pauta-102292869264820\/\" \/>\n<meta property=\"article:published_time\" content=\"2024-09-02T15:22:15+00:00\" \/>\n<meta property=\"article:modified_time\" content=\"2024-09-02T15:22:16+00:00\" \/>\n<meta property=\"og:image\" content=\"https:\/\/noticiaempauta.com\/portal\/wp-content\/uploads\/2024\/09\/DSC_001614.jpeg\" \/>\n\t<meta property=\"og:image:width\" content=\"509\" \/>\n\t<meta property=\"og:image:height\" content=\"366\" \/>\n\t<meta property=\"og:image:type\" content=\"image\/jpeg\" \/>\n<meta name=\"author\" content=\"Reda\u00e7\u00e3o\" \/>\n<meta name=\"twitter:card\" content=\"summary_large_image\" \/>\n<meta name=\"twitter:label1\" content=\"Escrito por\" \/>\n\t<meta name=\"twitter:data1\" content=\"Reda\u00e7\u00e3o\" \/>\n\t<meta name=\"twitter:label2\" content=\"Est. tempo de leitura\" \/>\n\t<meta name=\"twitter:data2\" content=\"6 minutos\" \/>\n<script type=\"application\/ld+json\" class=\"yoast-schema-graph\">{\"@context\":\"https:\/\/schema.org\",\"@graph\":[{\"@type\":\"Article\",\"@id\":\"https:\/\/noticiaempauta.com\/portal\/em-grande-ato-politico-dr-eriberto-barros-reforca-candidatura-a-reeleicao-em-picos\/#article\",\"isPartOf\":{\"@id\":\"https:\/\/noticiaempauta.com\/portal\/em-grande-ato-politico-dr-eriberto-barros-reforca-candidatura-a-reeleicao-em-picos\/\"},\"author\":{\"name\":\"Reda\u00e7\u00e3o\",\"@id\":\"https:\/\/noticiaempauta.com\/portal\/#\/schema\/person\/a74af43dd1ab3deca45f988c717d57ac\"},\"headline\":\"Em grande ato pol\u00edtico Dr. Eriberto Barros refor\u00e7a candidatura \u00e0 reelei\u00e7\u00e3o em Picos\",\"datePublished\":\"2024-09-02T15:22:15+00:00\",\"dateModified\":\"2024-09-02T15:22:16+00:00\",\"mainEntityOfPage\":{\"@id\":\"https:\/\/noticiaempauta.com\/portal\/em-grande-ato-politico-dr-eriberto-barros-reforca-candidatura-a-reeleicao-em-picos\/\"},\"wordCount\":418,\"commentCount\":0,\"publisher\":{\"@id\":\"https:\/\/noticiaempauta.com\/portal\/#organization\"},\"image\":{\"@id\":\"https:\/\/noticiaempauta.com\/portal\/em-grande-ato-politico-dr-eriberto-barros-reforca-candidatura-a-reeleicao-em-picos\/#primaryimage\"},\"thumbnailUrl\":\"https:\/\/noticiaempauta.com\/portal\/wp-content\/uploads\/2024\/09\/DSC_001614.jpeg\",\"keywords\":[\"destaqueprincipal\"],\"articleSection\":[\"Destaques\",\"Geral\",\"Pol\u00edtica\",\"Todas as Not\u00edcias\"],\"inLanguage\":\"pt-BR\",\"potentialAction\":[{\"@type\":\"CommentAction\",\"name\":\"Comment\",\"target\":[\"https:\/\/noticiaempauta.com\/portal\/em-grande-ato-politico-dr-eriberto-barros-reforca-candidatura-a-reeleicao-em-picos\/#respond\"]}]},{\"@type\":\"WebPage\",\"@id\":\"https:\/\/noticiaempauta.com\/portal\/em-grande-ato-politico-dr-eriberto-barros-reforca-candidatura-a-reeleicao-em-picos\/\",\"url\":\"https:\/\/noticiaempauta.com\/portal\/em-grande-ato-politico-dr-eriberto-barros-reforca-candidatura-a-reeleicao-em-picos\/\",\"name\":\"Em grande ato pol\u00edtico Dr. Eriberto Barros refor\u00e7a candidatura \u00e0 reelei\u00e7\u00e3o em Picos - Portal Not\u00edcia em Pauta\",\"isPartOf\":{\"@id\":\"https:\/\/noticiaempauta.com\/portal\/#website\"},\"primaryImageOfPage\":{\"@id\":\"https:\/\/noticiaempauta.com\/portal\/em-grande-ato-politico-dr-eriberto-barros-reforca-candidatura-a-reeleicao-em-picos\/#primaryimage\"},\"image\":{\"@id\":\"https:\/\/noticiaempauta.com\/portal\/em-grande-ato-politico-dr-eriberto-barros-reforca-candidatura-a-reeleicao-em-picos\/#primaryimage\"},\"thumbnailUrl\":\"https:\/\/noticiaempauta.com\/portal\/wp-content\/uploads\/2024\/09\/DSC_001614.jpeg\",\"datePublished\":\"2024-09-02T15:22:15+00:00\",\"dateModified\":\"2024-09-02T15:22:16+00:00\",\"breadcrumb\":{\"@id\":\"https:\/\/noticiaempauta.com\/portal\/em-grande-ato-politico-dr-eriberto-barros-reforca-candidatura-a-reeleicao-em-picos\/#breadcrumb\"},\"inLanguage\":\"pt-BR\",\"potentialAction\":[{\"@type\":\"ReadAction\",\"target\":[\"https:\/\/noticiaempauta.com\/portal\/em-grande-ato-politico-dr-eriberto-barros-reforca-candidatura-a-reeleicao-em-picos\/\"]}]},{\"@type\":\"ImageObject\",\"inLanguage\":\"pt-BR\",\"@id\":\"https:\/\/noticiaempauta.com\/portal\/em-grande-ato-politico-dr-eriberto-barros-reforca-candidatura-a-reeleicao-em-picos\/#primaryimage\",\"url\":\"https:\/\/noticiaempauta.com\/portal\/wp-content\/uploads\/2024\/09\/DSC_001614.jpeg\",\"contentUrl\":\"https:\/\/noticiaempauta.com\/portal\/wp-content\/uploads\/2024\/09\/DSC_001614.jpeg\",\"width\":509,\"height\":366},{\"@type\":\"BreadcrumbList\",\"@id\":\"https:\/\/noticiaempauta.com\/portal\/em-grande-ato-politico-dr-eriberto-barros-reforca-candidatura-a-reeleicao-em-picos\/#breadcrumb\",\"itemListElement\":[{\"@type\":\"ListItem\",\"position\":1,\"name\":\"P\u00e1gina Inicial\",\"item\":\"https:\/\/noticiaempauta.com\/portal\/\"},{\"@type\":\"ListItem\",\"position\":2,\"name\":\"Destaques\",\"item\":\"https:\/\/noticiaempauta.com\/portal\/destaques-site\/\"},{\"@type\":\"ListItem\",\"position\":3,\"name\":\"Em grande ato pol\u00edtico Dr. Eriberto Barros refor\u00e7a candidatura \u00e0 reelei\u00e7\u00e3o em Picos\"}]},{\"@type\":\"WebSite\",\"@id\":\"https:\/\/noticiaempauta.com\/portal\/#website\",\"url\":\"https:\/\/noticiaempauta.com\/portal\/\",\"name\":\"Portal Not\u00edcia em Pauta\",\"description\":\"Voc\u00ea bem informado\",\"publisher\":{\"@id\":\"https:\/\/noticiaempauta.com\/portal\/#organization\"},\"potentialAction\":[{\"@type\":\"SearchAction\",\"target\":{\"@type\":\"EntryPoint\",\"urlTemplate\":\"https:\/\/noticiaempauta.com\/portal\/?s={search_term_string}\"},\"query-input\":{\"@type\":\"PropertyValueSpecification\",\"valueRequired\":true,\"valueName\":\"search_term_string\"}}],\"inLanguage\":\"pt-BR\"},{\"@type\":\"Organization\",\"@id\":\"https:\/\/noticiaempauta.com\/portal\/#organization\",\"name\":\"Portal Not\u00edcia em Pauta\",\"url\":\"https:\/\/noticiaempauta.com\/portal\/\",\"logo\":{\"@type\":\"ImageObject\",\"inLanguage\":\"pt-BR\",\"@id\":\"https:\/\/noticiaempauta.com\/portal\/#\/schema\/logo\/image\/\",\"url\":\"https:\/\/noticiaempauta.com\/portal\/wp-content\/uploads\/2022\/08\/logomarca_tema.fw_.png\",\"contentUrl\":\"https:\/\/noticiaempauta.com\/portal\/wp-content\/uploads\/2022\/08\/logomarca_tema.fw_.png\",\"width\":400,\"height\":232,\"caption\":\"Portal Not\u00edcia em Pauta\"},\"image\":{\"@id\":\"https:\/\/noticiaempauta.com\/portal\/#\/schema\/logo\/image\/\"},\"sameAs\":[\"https:\/\/www.facebook.com\/Portal-Notcia-Em-Pauta-102292869264820\/\",\"https:\/\/www.instagram.com\/portalnoticiaempauta\/\"]},{\"@type\":\"Person\",\"@id\":\"https:\/\/noticiaempauta.com\/portal\/#\/schema\/person\/a74af43dd1ab3deca45f988c717d57ac\",\"name\":\"Reda\u00e7\u00e3o\",\"image\":{\"@type\":\"ImageObject\",\"inLanguage\":\"pt-BR\",\"@id\":\"https:\/\/noticiaempauta.com\/portal\/#\/schema\/person\/image\/\",\"url\":\"https:\/\/secure.gravatar.com\/avatar\/03179346ecce6cdfc13361603e8f54242a90e5cde8618fa23c5c00aa2b0aadf3?s=96&d=mm&r=g\",\"contentUrl\":\"https:\/\/secure.gravatar.com\/avatar\/03179346ecce6cdfc13361603e8f54242a90e5cde8618fa23c5c00aa2b0aadf3?s=96&d=mm&r=g\",\"caption\":\"Reda\u00e7\u00e3o\"},\"sameAs\":[\"https:\/\/noticiaempauta.com\/portal\/\"],\"url\":\"https:\/\/noticiaempauta.com\/portal\/author\/fernando\/\"}]}<\/script>\n<!-- \/ Yoast SEO Premium plugin. -->","yoast_head_json":{"title":"Em grande ato pol\u00edtico Dr. Eriberto Barros refor\u00e7a candidatura \u00e0 reelei\u00e7\u00e3o em Picos - Portal Not\u00edcia em Pauta","robots":{"index":"index","follow":"follow","max-snippet":"max-snippet:-1","max-image-preview":"max-image-preview:large","max-video-preview":"max-video-preview:-1"},"canonical":"https:\/\/noticiaempauta.com\/portal\/em-grande-ato-politico-dr-eriberto-barros-reforca-candidatura-a-reeleicao-em-picos\/","og_locale":"pt_BR","og_type":"article","og_title":"Em grande ato pol\u00edtico Dr. Eriberto Barros refor\u00e7a candidatura \u00e0 reelei\u00e7\u00e3o em Picos","og_description":"Na noite do \u00faltimo s\u00e1bado, 31 de agosto, o candidato \u00e0 reelei\u00e7\u00e3o a\u00a0vereador, Dr. Eriberto Barros (PSD), lan\u00e7ou oficialmente sua candidatura em um momento festivo, reunido com diversos apoiadores pol\u00edticos e com a presen\u00e7a massiva do povo. O evento foi realizado no Espa\u00e7o Versalhes, no Bairro Ema\u00fas, onde Dr. Eriberto fez quest\u00e3o de destacar sua [&hellip;]","og_url":"https:\/\/noticiaempauta.com\/portal\/em-grande-ato-politico-dr-eriberto-barros-reforca-candidatura-a-reeleicao-em-picos\/","og_site_name":"Portal Not\u00edcia em Pauta","article_publisher":"https:\/\/www.facebook.com\/Portal-Notcia-Em-Pauta-102292869264820\/","article_published_time":"2024-09-02T15:22:15+00:00","article_modified_time":"2024-09-02T15:22:16+00:00","og_image":[{"width":509,"height":366,"url":"https:\/\/noticiaempauta.com\/portal\/wp-content\/uploads\/2024\/09\/DSC_001614.jpeg","type":"image\/jpeg"}],"author":"Reda\u00e7\u00e3o","twitter_card":"summary_large_image","twitter_misc":{"Escrito por":"Reda\u00e7\u00e3o","Est. tempo de leitura":"6 minutos"},"schema":{"@context":"https:\/\/schema.org","@graph":[{"@type":"Article","@id":"https:\/\/noticiaempauta.com\/portal\/em-grande-ato-politico-dr-eriberto-barros-reforca-candidatura-a-reeleicao-em-picos\/#article","isPartOf":{"@id":"https:\/\/noticiaempauta.com\/portal\/em-grande-ato-politico-dr-eriberto-barros-reforca-candidatura-a-reeleicao-em-picos\/"},"author":{"name":"Reda\u00e7\u00e3o","@id":"https:\/\/noticiaempauta.com\/portal\/#\/schema\/person\/a74af43dd1ab3deca45f988c717d57ac"},"headline":"Em grande ato pol\u00edtico Dr. Eriberto Barros refor\u00e7a candidatura \u00e0 reelei\u00e7\u00e3o em Picos","datePublished":"2024-09-02T15:22:15+00:00","dateModified":"2024-09-02T15:22:16+00:00","mainEntityOfPage":{"@id":"https:\/\/noticiaempauta.com\/portal\/em-grande-ato-politico-dr-eriberto-barros-reforca-candidatura-a-reeleicao-em-picos\/"},"wordCount":418,"commentCount":0,"publisher":{"@id":"https:\/\/noticiaempauta.com\/portal\/#organization"},"image":{"@id":"https:\/\/noticiaempauta.com\/portal\/em-grande-ato-politico-dr-eriberto-barros-reforca-candidatura-a-reeleicao-em-picos\/#primaryimage"},"thumbnailUrl":"https:\/\/noticiaempauta.com\/portal\/wp-content\/uploads\/2024\/09\/DSC_001614.jpeg","keywords":["destaqueprincipal"],"articleSection":["Destaques","Geral","Pol\u00edtica","Todas as Not\u00edcias"],"inLanguage":"pt-BR","potentialAction":[{"@type":"CommentAction","name":"Comment","target":["https:\/\/noticiaempauta.com\/portal\/em-grande-ato-politico-dr-eriberto-barros-reforca-candidatura-a-reeleicao-em-picos\/#respond"]}]},{"@type":"WebPage","@id":"https:\/\/noticiaempauta.com\/portal\/em-grande-ato-politico-dr-eriberto-barros-reforca-candidatura-a-reeleicao-em-picos\/","url":"https:\/\/noticiaempauta.com\/portal\/em-grande-ato-politico-dr-eriberto-barros-reforca-candidatura-a-reeleicao-em-picos\/","name":"Em grande ato pol\u00edtico Dr. Eriberto Barros refor\u00e7a candidatura \u00e0 reelei\u00e7\u00e3o em Picos - Portal Not\u00edcia em Pauta","isPartOf":{"@id":"https:\/\/noticiaempauta.com\/portal\/#website"},"primaryImageOfPage":{"@id":"https:\/\/noticiaempauta.com\/portal\/em-grande-ato-politico-dr-eriberto-barros-reforca-candidatura-a-reeleicao-em-picos\/#primaryimage"},"image":{"@id":"https:\/\/noticiaempauta.com\/portal\/em-grande-ato-politico-dr-eriberto-barros-reforca-candidatura-a-reeleicao-em-picos\/#primaryimage"},"thumbnailUrl":"https:\/\/noticiaempauta.com\/portal\/wp-content\/uploads\/2024\/09\/DSC_001614.jpeg","datePublished":"2024-09-02T15:22:15+00:00","dateModified":"2024-09-02T15:22:16+00:00","breadcrumb":{"@id":"https:\/\/noticiaempauta.com\/portal\/em-grande-ato-politico-dr-eriberto-barros-reforca-candidatura-a-reeleicao-em-picos\/#breadcrumb"},"inLanguage":"pt-BR","potentialAction":[{"@type":"ReadAction","target":["https:\/\/noticiaempauta.com\/portal\/em-grande-ato-politico-dr-eriberto-barros-reforca-candidatura-a-reeleicao-em-picos\/"]}]},{"@type":"ImageObject","inLanguage":"pt-BR","@id":"https:\/\/noticiaempauta.com\/portal\/em-grande-ato-politico-dr-eriberto-barros-reforca-candidatura-a-reeleicao-em-picos\/#primaryimage","url":"https:\/\/noticiaempauta.com\/portal\/wp-content\/uploads\/2024\/09\/DSC_001614.jpeg","contentUrl":"https:\/\/noticiaempauta.com\/portal\/wp-content\/uploads\/2024\/09\/DSC_001614.jpeg","width":509,"height":366},{"@type":"BreadcrumbList","@id":"https:\/\/noticiaempauta.com\/portal\/em-grande-ato-politico-dr-eriberto-barros-reforca-candidatura-a-reeleicao-em-picos\/#breadcrumb","itemListElement":[{"@type":"ListItem","position":1,"name":"P\u00e1gina Inicial","item":"https:\/\/noticiaempauta.com\/portal\/"},{"@type":"ListItem","position":2,"name":"Destaques","item":"https:\/\/noticiaempauta.com\/portal\/destaques-site\/"},{"@type":"ListItem","position":3,"name":"Em grande ato pol\u00edtico Dr. Eriberto Barros refor\u00e7a candidatura \u00e0 reelei\u00e7\u00e3o em Picos"}]},{"@type":"WebSite","@id":"https:\/\/noticiaempauta.com\/portal\/#website","url":"https:\/\/noticiaempauta.com\/portal\/","name":"Portal Not\u00edcia em Pauta","description":"Voc\u00ea bem informado","publisher":{"@id":"https:\/\/noticiaempauta.com\/portal\/#organization"},"potentialAction":[{"@type":"SearchAction","target":{"@type":"EntryPoint","urlTemplate":"https:\/\/noticiaempauta.com\/portal\/?s={search_term_string}"},"query-input":{"@type":"PropertyValueSpecification","valueRequired":true,"valueName":"search_term_string"}}],"inLanguage":"pt-BR"},{"@type":"Organization","@id":"https:\/\/noticiaempauta.com\/portal\/#organization","name":"Portal Not\u00edcia em Pauta","url":"https:\/\/noticiaempauta.com\/portal\/","logo":{"@type":"ImageObject","inLanguage":"pt-BR","@id":"https:\/\/noticiaempauta.com\/portal\/#\/schema\/logo\/image\/","url":"https:\/\/noticiaempauta.com\/portal\/wp-content\/uploads\/2022\/08\/logomarca_tema.fw_.png","contentUrl":"https:\/\/noticiaempauta.com\/portal\/wp-content\/uploads\/2022\/08\/logomarca_tema.fw_.png","width":400,"height":232,"caption":"Portal Not\u00edcia em Pauta"},"image":{"@id":"https:\/\/noticiaempauta.com\/portal\/#\/schema\/logo\/image\/"},"sameAs":["https:\/\/www.facebook.com\/Portal-Notcia-Em-Pauta-102292869264820\/","https:\/\/www.instagram.com\/portalnoticiaempauta\/"]},{"@type":"Person","@id":"https:\/\/noticiaempauta.com\/portal\/#\/schema\/person\/a74af43dd1ab3deca45f988c717d57ac","name":"Reda\u00e7\u00e3o","image":{"@type":"ImageObject","inLanguage":"pt-BR","@id":"https:\/\/noticiaempauta.com\/portal\/#\/schema\/person\/image\/","url":"https:\/\/secure.gravatar.com\/avatar\/03179346ecce6cdfc13361603e8f54242a90e5cde8618fa23c5c00aa2b0aadf3?s=96&d=mm&r=g","contentUrl":"https:\/\/secure.gravatar.com\/avatar\/03179346ecce6cdfc13361603e8f54242a90e5cde8618fa23c5c00aa2b0aadf3?s=96&d=mm&r=g","caption":"Reda\u00e7\u00e3o"},"sameAs":["https:\/\/noticiaempauta.com\/portal\/"],"url":"https:\/\/noticiaempauta.com\/portal\/author\/fernando\/"}]}},"_links":{"self":[{"href":"https:\/\/noticiaempauta.com\/portal\/wp-json\/wp\/v2\/posts\/261753","targetHints":{"allow":["GET"]}}],"collection":[{"href":"https:\/\/noticiaempauta.com\/portal\/wp-json\/wp\/v2\/posts"}],"about":[{"href":"https:\/\/noticiaempauta.com\/portal\/wp-json\/wp\/v2\/types\/post"}],"author":[{"embeddable":true,"href":"https:\/\/noticiaempauta.com\/portal\/wp-json\/wp\/v2\/users\/2"}],"replies":[{"embeddable":true,"href":"https:\/\/noticiaempauta.com\/portal\/wp-json\/wp\/v2\/comments?post=261753"}],"version-history":[{"count":2,"href":"https:\/\/noticiaempauta.com\/portal\/wp-json\/wp\/v2\/posts\/261753\/revisions"}],"predecessor-version":[{"id":261774,"href":"https:\/\/noticiaempauta.com\/portal\/wp-json\/wp\/v2\/posts\/261753\/revisions\/261774"}],"wp:featuredmedia":[{"embeddable":true,"href":"https:\/\/noticiaempauta.com\/portal\/wp-json\/wp\/v2\/media\/261754"}],"wp:attachment":[{"href":"https:\/\/noticiaempauta.com\/portal\/wp-json\/wp\/v2\/media?parent=261753"}],"wp:term":[{"taxonomy":"category","embeddable":true,"href":"https:\/\/noticiaempauta.com\/portal\/wp-json\/wp\/v2\/categories?post=261753"},{"taxonomy":"post_tag","embeddable":true,"href":"https:\/\/noticiaempauta.com\/portal\/wp-json\/wp\/v2\/tags?post=261753"}],"curies":[{"name":"wp","href":"https:\/\/api.w.org\/{rel}","templated":true}]}}