{"id":261803,"date":"2024-09-03T10:31:09","date_gmt":"2024-09-03T13:31:09","guid":{"rendered":"https:\/\/noticiaempauta.com\/portal\/?p=261803"},"modified":"2024-09-03T10:31:10","modified_gmt":"2024-09-03T13:31:10","slug":"agente-da-policia-civil-do-piaui-e-morto-com-um-tiro-durante-operacao-do-draco-no-maranhao","status":"publish","type":"post","link":"https:\/\/noticiaempauta.com\/portal\/agente-da-policia-civil-do-piaui-e-morto-com-um-tiro-durante-operacao-do-draco-no-maranhao\/","title":{"rendered":"Agente da Pol\u00edcia Civil do Piau\u00ed \u00e9 morto com um tiro durante opera\u00e7\u00e3o do Draco no Maranh\u00e3o"},"content":{"rendered":"\n<p>Um policial Civil do Departamento de Repress\u00e3o \u00e0s A\u00e7\u00f5es Criminosas Organizadas (DRACO-PI),\u00a0Marcelo Soares da Costa, 42 anos,\u00a0foi assassinado durante uma opera\u00e7\u00e3o na cidade de Santa Luzia do Paru\u00e1,\u00a0no estado do Maranh\u00e3o, nesta ter\u00e7a-feira (03).<\/p>\n\n\n\n<p>Os policiais foram dar cumprimento a um mandado de pris\u00e3o tempor\u00e1ria\u00a0contra um alvo que recebeu a equipe a tiros e um desses atingiu o Marcelo.<\/p>\n\n\n\n<figure class=\"wp-block-image size-full\"><img fetchpriority=\"high\" decoding=\"async\" width=\"527\" height=\"403\" src=\"https:\/\/noticiaempauta.com\/portal\/wp-content\/uploads\/2024\/09\/05334ba8-5663-4c83-be43-86d5788d0b3d-1725362865.jpeg\" alt=\"\" class=\"wp-image-261804\" srcset=\"https:\/\/noticiaempauta.com\/portal\/wp-content\/uploads\/2024\/09\/05334ba8-5663-4c83-be43-86d5788d0b3d-1725362865.jpeg 527w, https:\/\/noticiaempauta.com\/portal\/wp-content\/uploads\/2024\/09\/05334ba8-5663-4c83-be43-86d5788d0b3d-1725362865-300x229.jpeg 300w\" sizes=\"(max-width: 527px) 100vw, 527px\" \/><figcaption class=\"wp-element-caption\">(Foto: Reprodu\u00e7\u00e3o)<\/figcaption><\/figure>\n\n\n\n<p>A opera\u00e7\u00e3o era realizada contra um ind\u00edviduo investigado por estelionato envolvendo fraude no Departamento Estadual de Tr\u00e2nsito (Detran), do Piau\u00ed.\u00a0O suspeito de ter cometido o crime foi preso e teria utilizado uma pistola 9mm, que foi apreendida. O caso segue sob investiga\u00e7\u00e3o.<\/p>\n\n\n\n<p>A Pol\u00edcia Civil do Piau\u00ed emitiu nota de pesar e afirmou que Marcelo foi atingido por um tiro de arma de fogo no t\u00f3rax.&nbsp;Na publica\u00e7\u00e3o, a corpora\u00e7\u00e3o destacou ainda a atua\u00e7\u00e3o do agente.&nbsp;<\/p>\n\n\n\n<h2 class=\"wp-block-heading\"><strong>Confira a \u00edntegra da nota:&nbsp;<\/strong><\/h2>\n\n\n\n<p><em>A Pol\u00edcia Civil&nbsp;<\/em><em>do Piau\u00ed vem manifestar profundo pesar pelo falecimento do&nbsp;<strong>Agente de Pol\u00edcia Civil Marcelo Soares da Costa, 42 anos, durante cumprimento de mandado de pris\u00e3o no Estado do Maranh\u00e3o.<\/strong>&nbsp;Marcelo foi assassinado durante a a\u00e7\u00e3o policial, tendo recebido um disparo de arma de fogo no t\u00f3rax.&nbsp;<\/em><\/p>\n\n\n\n<p><em>Durante sua atua\u00e7\u00e3o policial mostrou talento, compromisso, e ingressou nas Opera\u00e7\u00f5es Especiais, tendo sido em sua \u00faltima lota\u00e7\u00e3o,membro do Departamento de Repress\u00e3o \u00e0s A\u00e7\u00f5es Criminosas Organizadas, DRACO. Tamb\u00e9m atuou na forma\u00e7\u00e3o policial na Academia de Pol\u00edcia Civil, repassando seus conhecimentos.&nbsp;<\/em><\/p>\n\n\n\n<p><em>A todos os policiais civis, em nome de toda a Institui\u00e7\u00e3o, o delegado-geral, Luccy Keiko Leal Para\u00edba deseja conforto aos amigos e familiares desse vocacionado policial civil, que tanto honrou o distintivo que o povo do Piau\u00ed lhe confiou.<\/em><\/p>\n\n\n\n<p><em><strong>Fonte: Cidade Verde e Portal A10+<\/strong><\/em><\/p>\n","protected":false},"excerpt":{"rendered":"<p>Um policial Civil do Departamento de Repress\u00e3o \u00e0s A\u00e7\u00f5es Criminosas Organizadas (DRACO-PI),\u00a0Marcelo Soares da Costa, 42 anos,\u00a0foi assassinado durante uma opera\u00e7\u00e3o na cidade de Santa Luzia do Paru\u00e1,\u00a0no estado do Maranh\u00e3o, nesta ter\u00e7a-feira (03). Os policiais foram dar cumprimento a um mandado de pris\u00e3o tempor\u00e1ria\u00a0contra um alvo que recebeu a equipe a tiros e um [&hellip;]<\/p>\n","protected":false},"author":2,"featured_media":261804,"comment_status":"open","ping_status":"open","sticky":false,"template":"","format":"standard","meta":{"_mi_skip_tracking":false,"footnotes":""},"categories":[25,1,137,16],"tags":[192],"class_list":["post-261803","post","type-post","status-publish","format-standard","has-post-thumbnail","hentry","category-destaques-site","category-geral","category-policia","category-todas","tag-destaqueprincipal"],"acf":[],"yoast_head":"<!-- This site is optimized with the Yoast SEO Premium plugin v19.2 (Yoast SEO v26.9) - https:\/\/yoast.com\/product\/yoast-seo-premium-wordpress\/ -->\n<title>Agente da Pol\u00edcia Civil do Piau\u00ed \u00e9 morto com um tiro durante opera\u00e7\u00e3o do Draco no Maranh\u00e3o - Portal Not\u00edcia em Pauta<\/title>\n<meta name=\"robots\" content=\"index, follow, max-snippet:-1, max-image-preview:large, max-video-preview:-1\" \/>\n<link rel=\"canonical\" href=\"https:\/\/noticiaempauta.com\/portal\/agente-da-policia-civil-do-piaui-e-morto-com-um-tiro-durante-operacao-do-draco-no-maranhao\/\" \/>\n<meta property=\"og:locale\" content=\"pt_BR\" \/>\n<meta property=\"og:type\" content=\"article\" \/>\n<meta property=\"og:title\" content=\"Agente da Pol\u00edcia Civil do Piau\u00ed \u00e9 morto com um tiro durante opera\u00e7\u00e3o do Draco no Maranh\u00e3o\" \/>\n<meta property=\"og:description\" content=\"Um policial Civil do Departamento de Repress\u00e3o \u00e0s A\u00e7\u00f5es Criminosas Organizadas (DRACO-PI),\u00a0Marcelo Soares da Costa, 42 anos,\u00a0foi assassinado durante uma opera\u00e7\u00e3o na cidade de Santa Luzia do Paru\u00e1,\u00a0no estado do Maranh\u00e3o, nesta ter\u00e7a-feira (03). Os policiais foram dar cumprimento a um mandado de pris\u00e3o tempor\u00e1ria\u00a0contra um alvo que recebeu a equipe a tiros e um [&hellip;]\" \/>\n<meta property=\"og:url\" content=\"https:\/\/noticiaempauta.com\/portal\/agente-da-policia-civil-do-piaui-e-morto-com-um-tiro-durante-operacao-do-draco-no-maranhao\/\" \/>\n<meta property=\"og:site_name\" content=\"Portal Not\u00edcia em Pauta\" \/>\n<meta property=\"article:publisher\" content=\"https:\/\/www.facebook.com\/Portal-Notcia-Em-Pauta-102292869264820\/\" \/>\n<meta property=\"article:published_time\" content=\"2024-09-03T13:31:09+00:00\" \/>\n<meta property=\"article:modified_time\" content=\"2024-09-03T13:31:10+00:00\" \/>\n<meta property=\"og:image\" content=\"https:\/\/noticiaempauta.com\/portal\/wp-content\/uploads\/2024\/09\/05334ba8-5663-4c83-be43-86d5788d0b3d-1725362865.jpeg\" \/>\n\t<meta property=\"og:image:width\" content=\"527\" \/>\n\t<meta property=\"og:image:height\" content=\"403\" \/>\n\t<meta property=\"og:image:type\" content=\"image\/jpeg\" \/>\n<meta name=\"author\" content=\"Reda\u00e7\u00e3o\" \/>\n<meta name=\"twitter:card\" content=\"summary_large_image\" \/>\n<meta name=\"twitter:label1\" content=\"Escrito por\" \/>\n\t<meta name=\"twitter:data1\" content=\"Reda\u00e7\u00e3o\" \/>\n\t<meta name=\"twitter:label2\" content=\"Est. tempo de leitura\" \/>\n\t<meta name=\"twitter:data2\" content=\"2 minutos\" \/>\n<script type=\"application\/ld+json\" class=\"yoast-schema-graph\">{\"@context\":\"https:\/\/schema.org\",\"@graph\":[{\"@type\":\"Article\",\"@id\":\"https:\/\/noticiaempauta.com\/portal\/agente-da-policia-civil-do-piaui-e-morto-com-um-tiro-durante-operacao-do-draco-no-maranhao\/#article\",\"isPartOf\":{\"@id\":\"https:\/\/noticiaempauta.com\/portal\/agente-da-policia-civil-do-piaui-e-morto-com-um-tiro-durante-operacao-do-draco-no-maranhao\/\"},\"author\":{\"name\":\"Reda\u00e7\u00e3o\",\"@id\":\"https:\/\/noticiaempauta.com\/portal\/#\/schema\/person\/a74af43dd1ab3deca45f988c717d57ac\"},\"headline\":\"Agente da Pol\u00edcia Civil do Piau\u00ed \u00e9 morto com um tiro durante opera\u00e7\u00e3o do Draco no Maranh\u00e3o\",\"datePublished\":\"2024-09-03T13:31:09+00:00\",\"dateModified\":\"2024-09-03T13:31:10+00:00\",\"mainEntityOfPage\":{\"@id\":\"https:\/\/noticiaempauta.com\/portal\/agente-da-policia-civil-do-piaui-e-morto-com-um-tiro-durante-operacao-do-draco-no-maranhao\/\"},\"wordCount\":339,\"commentCount\":0,\"publisher\":{\"@id\":\"https:\/\/noticiaempauta.com\/portal\/#organization\"},\"image\":{\"@id\":\"https:\/\/noticiaempauta.com\/portal\/agente-da-policia-civil-do-piaui-e-morto-com-um-tiro-durante-operacao-do-draco-no-maranhao\/#primaryimage\"},\"thumbnailUrl\":\"https:\/\/noticiaempauta.com\/portal\/wp-content\/uploads\/2024\/09\/05334ba8-5663-4c83-be43-86d5788d0b3d-1725362865.jpeg\",\"keywords\":[\"destaqueprincipal\"],\"articleSection\":[\"Destaques\",\"Geral\",\"Pol\u00edcia\",\"Todas as Not\u00edcias\"],\"inLanguage\":\"pt-BR\",\"potentialAction\":[{\"@type\":\"CommentAction\",\"name\":\"Comment\",\"target\":[\"https:\/\/noticiaempauta.com\/portal\/agente-da-policia-civil-do-piaui-e-morto-com-um-tiro-durante-operacao-do-draco-no-maranhao\/#respond\"]}]},{\"@type\":\"WebPage\",\"@id\":\"https:\/\/noticiaempauta.com\/portal\/agente-da-policia-civil-do-piaui-e-morto-com-um-tiro-durante-operacao-do-draco-no-maranhao\/\",\"url\":\"https:\/\/noticiaempauta.com\/portal\/agente-da-policia-civil-do-piaui-e-morto-com-um-tiro-durante-operacao-do-draco-no-maranhao\/\",\"name\":\"Agente da Pol\u00edcia Civil do Piau\u00ed \u00e9 morto com um tiro durante opera\u00e7\u00e3o do Draco no Maranh\u00e3o - Portal Not\u00edcia em Pauta\",\"isPartOf\":{\"@id\":\"https:\/\/noticiaempauta.com\/portal\/#website\"},\"primaryImageOfPage\":{\"@id\":\"https:\/\/noticiaempauta.com\/portal\/agente-da-policia-civil-do-piaui-e-morto-com-um-tiro-durante-operacao-do-draco-no-maranhao\/#primaryimage\"},\"image\":{\"@id\":\"https:\/\/noticiaempauta.com\/portal\/agente-da-policia-civil-do-piaui-e-morto-com-um-tiro-durante-operacao-do-draco-no-maranhao\/#primaryimage\"},\"thumbnailUrl\":\"https:\/\/noticiaempauta.com\/portal\/wp-content\/uploads\/2024\/09\/05334ba8-5663-4c83-be43-86d5788d0b3d-1725362865.jpeg\",\"datePublished\":\"2024-09-03T13:31:09+00:00\",\"dateModified\":\"2024-09-03T13:31:10+00:00\",\"breadcrumb\":{\"@id\":\"https:\/\/noticiaempauta.com\/portal\/agente-da-policia-civil-do-piaui-e-morto-com-um-tiro-durante-operacao-do-draco-no-maranhao\/#breadcrumb\"},\"inLanguage\":\"pt-BR\",\"potentialAction\":[{\"@type\":\"ReadAction\",\"target\":[\"https:\/\/noticiaempauta.com\/portal\/agente-da-policia-civil-do-piaui-e-morto-com-um-tiro-durante-operacao-do-draco-no-maranhao\/\"]}]},{\"@type\":\"ImageObject\",\"inLanguage\":\"pt-BR\",\"@id\":\"https:\/\/noticiaempauta.com\/portal\/agente-da-policia-civil-do-piaui-e-morto-com-um-tiro-durante-operacao-do-draco-no-maranhao\/#primaryimage\",\"url\":\"https:\/\/noticiaempauta.com\/portal\/wp-content\/uploads\/2024\/09\/05334ba8-5663-4c83-be43-86d5788d0b3d-1725362865.jpeg\",\"contentUrl\":\"https:\/\/noticiaempauta.com\/portal\/wp-content\/uploads\/2024\/09\/05334ba8-5663-4c83-be43-86d5788d0b3d-1725362865.jpeg\",\"width\":527,\"height\":403},{\"@type\":\"BreadcrumbList\",\"@id\":\"https:\/\/noticiaempauta.com\/portal\/agente-da-policia-civil-do-piaui-e-morto-com-um-tiro-durante-operacao-do-draco-no-maranhao\/#breadcrumb\",\"itemListElement\":[{\"@type\":\"ListItem\",\"position\":1,\"name\":\"P\u00e1gina Inicial\",\"item\":\"https:\/\/noticiaempauta.com\/portal\/\"},{\"@type\":\"ListItem\",\"position\":2,\"name\":\"Destaques\",\"item\":\"https:\/\/noticiaempauta.com\/portal\/destaques-site\/\"},{\"@type\":\"ListItem\",\"position\":3,\"name\":\"Agente da Pol\u00edcia Civil do Piau\u00ed \u00e9 morto com um tiro durante opera\u00e7\u00e3o do Draco no Maranh\u00e3o\"}]},{\"@type\":\"WebSite\",\"@id\":\"https:\/\/noticiaempauta.com\/portal\/#website\",\"url\":\"https:\/\/noticiaempauta.com\/portal\/\",\"name\":\"Portal Not\u00edcia em Pauta\",\"description\":\"Voc\u00ea bem informado\",\"publisher\":{\"@id\":\"https:\/\/noticiaempauta.com\/portal\/#organization\"},\"potentialAction\":[{\"@type\":\"SearchAction\",\"target\":{\"@type\":\"EntryPoint\",\"urlTemplate\":\"https:\/\/noticiaempauta.com\/portal\/?s={search_term_string}\"},\"query-input\":{\"@type\":\"PropertyValueSpecification\",\"valueRequired\":true,\"valueName\":\"search_term_string\"}}],\"inLanguage\":\"pt-BR\"},{\"@type\":\"Organization\",\"@id\":\"https:\/\/noticiaempauta.com\/portal\/#organization\",\"name\":\"Portal Not\u00edcia em Pauta\",\"url\":\"https:\/\/noticiaempauta.com\/portal\/\",\"logo\":{\"@type\":\"ImageObject\",\"inLanguage\":\"pt-BR\",\"@id\":\"https:\/\/noticiaempauta.com\/portal\/#\/schema\/logo\/image\/\",\"url\":\"https:\/\/noticiaempauta.com\/portal\/wp-content\/uploads\/2022\/08\/logomarca_tema.fw_.png\",\"contentUrl\":\"https:\/\/noticiaempauta.com\/portal\/wp-content\/uploads\/2022\/08\/logomarca_tema.fw_.png\",\"width\":400,\"height\":232,\"caption\":\"Portal Not\u00edcia em Pauta\"},\"image\":{\"@id\":\"https:\/\/noticiaempauta.com\/portal\/#\/schema\/logo\/image\/\"},\"sameAs\":[\"https:\/\/www.facebook.com\/Portal-Notcia-Em-Pauta-102292869264820\/\",\"https:\/\/www.instagram.com\/portalnoticiaempauta\/\"]},{\"@type\":\"Person\",\"@id\":\"https:\/\/noticiaempauta.com\/portal\/#\/schema\/person\/a74af43dd1ab3deca45f988c717d57ac\",\"name\":\"Reda\u00e7\u00e3o\",\"image\":{\"@type\":\"ImageObject\",\"inLanguage\":\"pt-BR\",\"@id\":\"https:\/\/noticiaempauta.com\/portal\/#\/schema\/person\/image\/\",\"url\":\"https:\/\/secure.gravatar.com\/avatar\/03179346ecce6cdfc13361603e8f54242a90e5cde8618fa23c5c00aa2b0aadf3?s=96&d=mm&r=g\",\"contentUrl\":\"https:\/\/secure.gravatar.com\/avatar\/03179346ecce6cdfc13361603e8f54242a90e5cde8618fa23c5c00aa2b0aadf3?s=96&d=mm&r=g\",\"caption\":\"Reda\u00e7\u00e3o\"},\"sameAs\":[\"https:\/\/noticiaempauta.com\/portal\/\"],\"url\":\"https:\/\/noticiaempauta.com\/portal\/author\/fernando\/\"}]}<\/script>\n<!-- \/ Yoast SEO Premium plugin. -->","yoast_head_json":{"title":"Agente da Pol\u00edcia Civil do Piau\u00ed \u00e9 morto com um tiro durante opera\u00e7\u00e3o do Draco no Maranh\u00e3o - Portal Not\u00edcia em Pauta","robots":{"index":"index","follow":"follow","max-snippet":"max-snippet:-1","max-image-preview":"max-image-preview:large","max-video-preview":"max-video-preview:-1"},"canonical":"https:\/\/noticiaempauta.com\/portal\/agente-da-policia-civil-do-piaui-e-morto-com-um-tiro-durante-operacao-do-draco-no-maranhao\/","og_locale":"pt_BR","og_type":"article","og_title":"Agente da Pol\u00edcia Civil do Piau\u00ed \u00e9 morto com um tiro durante opera\u00e7\u00e3o do Draco no Maranh\u00e3o","og_description":"Um policial Civil do Departamento de Repress\u00e3o \u00e0s A\u00e7\u00f5es Criminosas Organizadas (DRACO-PI),\u00a0Marcelo Soares da Costa, 42 anos,\u00a0foi assassinado durante uma opera\u00e7\u00e3o na cidade de Santa Luzia do Paru\u00e1,\u00a0no estado do Maranh\u00e3o, nesta ter\u00e7a-feira (03). Os policiais foram dar cumprimento a um mandado de pris\u00e3o tempor\u00e1ria\u00a0contra um alvo que recebeu a equipe a tiros e um [&hellip;]","og_url":"https:\/\/noticiaempauta.com\/portal\/agente-da-policia-civil-do-piaui-e-morto-com-um-tiro-durante-operacao-do-draco-no-maranhao\/","og_site_name":"Portal Not\u00edcia em Pauta","article_publisher":"https:\/\/www.facebook.com\/Portal-Notcia-Em-Pauta-102292869264820\/","article_published_time":"2024-09-03T13:31:09+00:00","article_modified_time":"2024-09-03T13:31:10+00:00","og_image":[{"width":527,"height":403,"url":"https:\/\/noticiaempauta.com\/portal\/wp-content\/uploads\/2024\/09\/05334ba8-5663-4c83-be43-86d5788d0b3d-1725362865.jpeg","type":"image\/jpeg"}],"author":"Reda\u00e7\u00e3o","twitter_card":"summary_large_image","twitter_misc":{"Escrito por":"Reda\u00e7\u00e3o","Est. tempo de leitura":"2 minutos"},"schema":{"@context":"https:\/\/schema.org","@graph":[{"@type":"Article","@id":"https:\/\/noticiaempauta.com\/portal\/agente-da-policia-civil-do-piaui-e-morto-com-um-tiro-durante-operacao-do-draco-no-maranhao\/#article","isPartOf":{"@id":"https:\/\/noticiaempauta.com\/portal\/agente-da-policia-civil-do-piaui-e-morto-com-um-tiro-durante-operacao-do-draco-no-maranhao\/"},"author":{"name":"Reda\u00e7\u00e3o","@id":"https:\/\/noticiaempauta.com\/portal\/#\/schema\/person\/a74af43dd1ab3deca45f988c717d57ac"},"headline":"Agente da Pol\u00edcia Civil do Piau\u00ed \u00e9 morto com um tiro durante opera\u00e7\u00e3o do Draco no Maranh\u00e3o","datePublished":"2024-09-03T13:31:09+00:00","dateModified":"2024-09-03T13:31:10+00:00","mainEntityOfPage":{"@id":"https:\/\/noticiaempauta.com\/portal\/agente-da-policia-civil-do-piaui-e-morto-com-um-tiro-durante-operacao-do-draco-no-maranhao\/"},"wordCount":339,"commentCount":0,"publisher":{"@id":"https:\/\/noticiaempauta.com\/portal\/#organization"},"image":{"@id":"https:\/\/noticiaempauta.com\/portal\/agente-da-policia-civil-do-piaui-e-morto-com-um-tiro-durante-operacao-do-draco-no-maranhao\/#primaryimage"},"thumbnailUrl":"https:\/\/noticiaempauta.com\/portal\/wp-content\/uploads\/2024\/09\/05334ba8-5663-4c83-be43-86d5788d0b3d-1725362865.jpeg","keywords":["destaqueprincipal"],"articleSection":["Destaques","Geral","Pol\u00edcia","Todas as Not\u00edcias"],"inLanguage":"pt-BR","potentialAction":[{"@type":"CommentAction","name":"Comment","target":["https:\/\/noticiaempauta.com\/portal\/agente-da-policia-civil-do-piaui-e-morto-com-um-tiro-durante-operacao-do-draco-no-maranhao\/#respond"]}]},{"@type":"WebPage","@id":"https:\/\/noticiaempauta.com\/portal\/agente-da-policia-civil-do-piaui-e-morto-com-um-tiro-durante-operacao-do-draco-no-maranhao\/","url":"https:\/\/noticiaempauta.com\/portal\/agente-da-policia-civil-do-piaui-e-morto-com-um-tiro-durante-operacao-do-draco-no-maranhao\/","name":"Agente da Pol\u00edcia Civil do Piau\u00ed \u00e9 morto com um tiro durante opera\u00e7\u00e3o do Draco no Maranh\u00e3o - Portal Not\u00edcia em Pauta","isPartOf":{"@id":"https:\/\/noticiaempauta.com\/portal\/#website"},"primaryImageOfPage":{"@id":"https:\/\/noticiaempauta.com\/portal\/agente-da-policia-civil-do-piaui-e-morto-com-um-tiro-durante-operacao-do-draco-no-maranhao\/#primaryimage"},"image":{"@id":"https:\/\/noticiaempauta.com\/portal\/agente-da-policia-civil-do-piaui-e-morto-com-um-tiro-durante-operacao-do-draco-no-maranhao\/#primaryimage"},"thumbnailUrl":"https:\/\/noticiaempauta.com\/portal\/wp-content\/uploads\/2024\/09\/05334ba8-5663-4c83-be43-86d5788d0b3d-1725362865.jpeg","datePublished":"2024-09-03T13:31:09+00:00","dateModified":"2024-09-03T13:31:10+00:00","breadcrumb":{"@id":"https:\/\/noticiaempauta.com\/portal\/agente-da-policia-civil-do-piaui-e-morto-com-um-tiro-durante-operacao-do-draco-no-maranhao\/#breadcrumb"},"inLanguage":"pt-BR","potentialAction":[{"@type":"ReadAction","target":["https:\/\/noticiaempauta.com\/portal\/agente-da-policia-civil-do-piaui-e-morto-com-um-tiro-durante-operacao-do-draco-no-maranhao\/"]}]},{"@type":"ImageObject","inLanguage":"pt-BR","@id":"https:\/\/noticiaempauta.com\/portal\/agente-da-policia-civil-do-piaui-e-morto-com-um-tiro-durante-operacao-do-draco-no-maranhao\/#primaryimage","url":"https:\/\/noticiaempauta.com\/portal\/wp-content\/uploads\/2024\/09\/05334ba8-5663-4c83-be43-86d5788d0b3d-1725362865.jpeg","contentUrl":"https:\/\/noticiaempauta.com\/portal\/wp-content\/uploads\/2024\/09\/05334ba8-5663-4c83-be43-86d5788d0b3d-1725362865.jpeg","width":527,"height":403},{"@type":"BreadcrumbList","@id":"https:\/\/noticiaempauta.com\/portal\/agente-da-policia-civil-do-piaui-e-morto-com-um-tiro-durante-operacao-do-draco-no-maranhao\/#breadcrumb","itemListElement":[{"@type":"ListItem","position":1,"name":"P\u00e1gina Inicial","item":"https:\/\/noticiaempauta.com\/portal\/"},{"@type":"ListItem","position":2,"name":"Destaques","item":"https:\/\/noticiaempauta.com\/portal\/destaques-site\/"},{"@type":"ListItem","position":3,"name":"Agente da Pol\u00edcia Civil do Piau\u00ed \u00e9 morto com um tiro durante opera\u00e7\u00e3o do Draco no Maranh\u00e3o"}]},{"@type":"WebSite","@id":"https:\/\/noticiaempauta.com\/portal\/#website","url":"https:\/\/noticiaempauta.com\/portal\/","name":"Portal Not\u00edcia em Pauta","description":"Voc\u00ea bem informado","publisher":{"@id":"https:\/\/noticiaempauta.com\/portal\/#organization"},"potentialAction":[{"@type":"SearchAction","target":{"@type":"EntryPoint","urlTemplate":"https:\/\/noticiaempauta.com\/portal\/?s={search_term_string}"},"query-input":{"@type":"PropertyValueSpecification","valueRequired":true,"valueName":"search_term_string"}}],"inLanguage":"pt-BR"},{"@type":"Organization","@id":"https:\/\/noticiaempauta.com\/portal\/#organization","name":"Portal Not\u00edcia em Pauta","url":"https:\/\/noticiaempauta.com\/portal\/","logo":{"@type":"ImageObject","inLanguage":"pt-BR","@id":"https:\/\/noticiaempauta.com\/portal\/#\/schema\/logo\/image\/","url":"https:\/\/noticiaempauta.com\/portal\/wp-content\/uploads\/2022\/08\/logomarca_tema.fw_.png","contentUrl":"https:\/\/noticiaempauta.com\/portal\/wp-content\/uploads\/2022\/08\/logomarca_tema.fw_.png","width":400,"height":232,"caption":"Portal Not\u00edcia em Pauta"},"image":{"@id":"https:\/\/noticiaempauta.com\/portal\/#\/schema\/logo\/image\/"},"sameAs":["https:\/\/www.facebook.com\/Portal-Notcia-Em-Pauta-102292869264820\/","https:\/\/www.instagram.com\/portalnoticiaempauta\/"]},{"@type":"Person","@id":"https:\/\/noticiaempauta.com\/portal\/#\/schema\/person\/a74af43dd1ab3deca45f988c717d57ac","name":"Reda\u00e7\u00e3o","image":{"@type":"ImageObject","inLanguage":"pt-BR","@id":"https:\/\/noticiaempauta.com\/portal\/#\/schema\/person\/image\/","url":"https:\/\/secure.gravatar.com\/avatar\/03179346ecce6cdfc13361603e8f54242a90e5cde8618fa23c5c00aa2b0aadf3?s=96&d=mm&r=g","contentUrl":"https:\/\/secure.gravatar.com\/avatar\/03179346ecce6cdfc13361603e8f54242a90e5cde8618fa23c5c00aa2b0aadf3?s=96&d=mm&r=g","caption":"Reda\u00e7\u00e3o"},"sameAs":["https:\/\/noticiaempauta.com\/portal\/"],"url":"https:\/\/noticiaempauta.com\/portal\/author\/fernando\/"}]}},"_links":{"self":[{"href":"https:\/\/noticiaempauta.com\/portal\/wp-json\/wp\/v2\/posts\/261803","targetHints":{"allow":["GET"]}}],"collection":[{"href":"https:\/\/noticiaempauta.com\/portal\/wp-json\/wp\/v2\/posts"}],"about":[{"href":"https:\/\/noticiaempauta.com\/portal\/wp-json\/wp\/v2\/types\/post"}],"author":[{"embeddable":true,"href":"https:\/\/noticiaempauta.com\/portal\/wp-json\/wp\/v2\/users\/2"}],"replies":[{"embeddable":true,"href":"https:\/\/noticiaempauta.com\/portal\/wp-json\/wp\/v2\/comments?post=261803"}],"version-history":[{"count":2,"href":"https:\/\/noticiaempauta.com\/portal\/wp-json\/wp\/v2\/posts\/261803\/revisions"}],"predecessor-version":[{"id":261806,"href":"https:\/\/noticiaempauta.com\/portal\/wp-json\/wp\/v2\/posts\/261803\/revisions\/261806"}],"wp:featuredmedia":[{"embeddable":true,"href":"https:\/\/noticiaempauta.com\/portal\/wp-json\/wp\/v2\/media\/261804"}],"wp:attachment":[{"href":"https:\/\/noticiaempauta.com\/portal\/wp-json\/wp\/v2\/media?parent=261803"}],"wp:term":[{"taxonomy":"category","embeddable":true,"href":"https:\/\/noticiaempauta.com\/portal\/wp-json\/wp\/v2\/categories?post=261803"},{"taxonomy":"post_tag","embeddable":true,"href":"https:\/\/noticiaempauta.com\/portal\/wp-json\/wp\/v2\/tags?post=261803"}],"curies":[{"name":"wp","href":"https:\/\/api.w.org\/{rel}","templated":true}]}}