{"id":261807,"date":"2024-09-03T17:11:30","date_gmt":"2024-09-03T20:11:30","guid":{"rendered":"https:\/\/noticiaempauta.com\/portal\/?p=261807"},"modified":"2024-09-03T17:33:16","modified_gmt":"2024-09-03T20:33:16","slug":"bairros-picoense-enfrentam-problemas-de-abastecimento-de-agua","status":"publish","type":"post","link":"https:\/\/noticiaempauta.com\/portal\/bairros-picoense-enfrentam-problemas-de-abastecimento-de-agua\/","title":{"rendered":"Bairros de Picos enfrentam problemas de abastecimento de \u00e1gua\u00a0"},"content":{"rendered":"\n<p>Na cidade de Picos, diversos bairros enfrentam problemas graves de desabastecimento de \u00e1gua, uma situa\u00e7\u00e3o que tem se agravado desde mar\u00e7o deste ano. Moradores como aqueles do bairro Canto da V\u00e1rzea, das ruas Le\u00f4ncio Barbosa da Silva e Rua Santa Filomena, relatam acordar de madrugada, por volta das 4h, na esperan\u00e7a de conseguir \u00e1gua nas torneiras, mas sem sucesso.<\/p>\n\n\n\n<figure class=\"wp-block-image size-full\"><img fetchpriority=\"high\" decoding=\"async\" width=\"1024\" height=\"629\" src=\"https:\/\/noticiaempauta.com\/portal\/wp-content\/uploads\/2024\/01\/agua_3-1024x629-1.jpg\" alt=\"\" class=\"wp-image-253945\" srcset=\"https:\/\/noticiaempauta.com\/portal\/wp-content\/uploads\/2024\/01\/agua_3-1024x629-1.jpg 1024w, https:\/\/noticiaempauta.com\/portal\/wp-content\/uploads\/2024\/01\/agua_3-1024x629-1-300x184.jpg 300w, https:\/\/noticiaempauta.com\/portal\/wp-content\/uploads\/2024\/01\/agua_3-1024x629-1-768x472.jpg 768w\" sizes=\"(max-width: 1024px) 100vw, 1024px\" \/><\/figure>\n\n\n\n<p>\u201cA \u00e1gua n\u00e3o chega de jeito nenhum. At\u00e9 de madrugada, n\u00f3s tentamos, mas n\u00e3o adianta. Eu acordo \u00e0s 4 horas da manh\u00e3, tento acordar bem cedo para ver se consigo pegar alguma \u00e1gua, mas n\u00e3o vejo nada nas torneiras. \u00c9 uma situa\u00e7\u00e3o recorrente.\u201d (Caio, morador da da rua Santa Filomena.)<\/p>\n\n\n\n<figure class=\"wp-block-embed is-type-video is-provider-youtube wp-block-embed-youtube wp-embed-aspect-16-9 wp-has-aspect-ratio\"><div class=\"wp-block-embed__wrapper\">\n<iframe title=\"Moradores de Picos enfrentam longos per\u00edodos sem \u00e1gua em diversos bairros\" width=\"800\" height=\"450\" src=\"https:\/\/www.youtube.com\/embed\/I4W3BbRXyrY?feature=oembed\" frameborder=\"0\" allow=\"accelerometer; autoplay; clipboard-write; encrypted-media; gyroscope; picture-in-picture; web-share\" referrerpolicy=\"strict-origin-when-cross-origin\" allowfullscreen><\/iframe>\n<\/div><\/figure>\n\n\n\n<p>A Agespisa, empresa respons\u00e1vel pelo abastecimento, informou que a falta de \u00e1gua nos bairros Macambira, S\u00e3o Jos\u00e9, S\u00e3o Vicente, Ipueiras e parte do Morada do Sol \u00e9 causada pela queda de vaz\u00e3o do po\u00e7o n\u00ba 02, localizado na Rua Landri Sales.<\/p>\n\n\n\n<blockquote class=\"wp-block-quote is-layout-flow wp-block-quote-is-layout-flow\">\n<p>\u201cJ\u00e1 faz quatro anos que moro aqui, e s\u00f3 temos \u00e1gua durante a noite, na verdade, s\u00f3 de madrugada. Durante o dia, nunca tivemos \u00e1gua. S\u00f3 que agora, desde mar\u00e7o, a situa\u00e7\u00e3o piorou. Tornou-se um caos, e j\u00e1 ficamos mais de 15 dias sem \u00e1gua para nada.\u201d (Betania, moradora da rua Le\u00f4ncio Barbosa da Silva)<\/p>\n<\/blockquote>\n\n\n\n<p>Ainda segundo a empresa, est\u00e3o avaliando a situa\u00e7\u00e3o e planeja perfurar um novo po\u00e7o para atender \u00e0 demanda da regi\u00e3o. Al\u00e9m disso, outras medidas, como a instala\u00e7\u00e3o de um sistema de energia trif\u00e1sica no po\u00e7o do bairro Morada do Sol e a substitui\u00e7\u00e3o da bomba do po\u00e7o nas proximidades da Igrejinha, est\u00e3o sendo providenciadas para tentar normalizar o abastecimento.<\/p>\n\n\n\n<figure class=\"wp-block-image size-large\"><img decoding=\"async\" width=\"1024\" height=\"683\" src=\"https:\/\/noticiaempauta.com\/portal\/wp-content\/uploads\/2024\/09\/casa-betania-1024x683.jpg\" alt=\"\" class=\"wp-image-261808\" srcset=\"https:\/\/noticiaempauta.com\/portal\/wp-content\/uploads\/2024\/09\/casa-betania-1024x683.jpg 1024w, https:\/\/noticiaempauta.com\/portal\/wp-content\/uploads\/2024\/09\/casa-betania-300x200.jpg 300w, https:\/\/noticiaempauta.com\/portal\/wp-content\/uploads\/2024\/09\/casa-betania-768x512.jpg 768w, https:\/\/noticiaempauta.com\/portal\/wp-content\/uploads\/2024\/09\/casa-betania.jpg 1200w\" sizes=\"(max-width: 1024px) 100vw, 1024px\" \/><\/figure>\n\n\n\n<p>Nos bairros Canto da V\u00e1rzea e S\u00e3o Sebasti\u00e3o, oscila\u00e7\u00f5es de energia el\u00e9trica t\u00eam prejudicado o funcionamento do po\u00e7o do PREMEM, agravando ainda mais a situa\u00e7\u00e3o. A situa\u00e7\u00e3o \u00e9 cr\u00edtica, e os moradores aguardam uma solu\u00e7\u00e3o r\u00e1pida para o problema que vem afetando suas vidas di\u00e1rias de maneira significativa.<\/p>\n\n\n\n<p><strong>NOTA DA AGESPISA<\/strong><\/p>\n\n\n\n<p>A Agespisa informa que a falta de \u00e1gua nos bairros Macambira, S\u00e3o Jos\u00e9, S\u00e3o Vicente, Ipueiras e parte do Morada do Sol \u00e9 causada pela queda de vaz\u00e3o do po\u00e7o n\u00ba 02, na Rua Landri Sales. A empresa est\u00e1 avaliando a situa\u00e7\u00e3o e planeja perfurar um novo po\u00e7o para atender a demanda da regi\u00e3o. Ainda n\u00e3o \u00e9 poss\u00edvel estipular uma previs\u00e3o.<\/p>\n\n\n\n<p>Outra medida para normalizar o abastecimento \u00e9 dotar o po\u00e7o do bairro Morada do Sol de um sistema de energia trif\u00e1sica, de forma a garantir mais pot\u00eancia para o seu funcionamento. A Agespisa j\u00e1 instalou um transformador e elaborou um projeto que dever\u00e1 ser executado pela Equatorial Energia.<\/p>\n\n\n\n<p>Para solucionar o desabastecimento nas proximidades da Igrejinha, a empresa est\u00e1 providenciando a substitui\u00e7\u00e3o da bomba do po\u00e7o que atende a regi\u00e3o, que tamb\u00e9m apresentou queda de vaz\u00e3o.<\/p>\n\n\n\n<p>J\u00e1 na regi\u00e3o dos bairros Canto da V\u00e1rzea e S\u00e3o Sebasti\u00e3o, oscila\u00e7\u00f5es de energia el\u00e9trica tem prejudicado ao funcionamento do po\u00e7o do PREMEM.<\/p>\n\n\n\n<p>Ouvidoria \u2013 0800 086 8888<\/p>\n\n\n\n<p><strong><em>Fonte: Riach\u00e3oNet<\/em><\/strong><\/p>\n","protected":false},"excerpt":{"rendered":"<p>Na cidade de Picos, diversos bairros enfrentam problemas graves de desabastecimento de \u00e1gua, uma situa\u00e7\u00e3o que tem se agravado desde mar\u00e7o deste ano. Moradores como aqueles do bairro Canto da V\u00e1rzea, das ruas Le\u00f4ncio Barbosa da Silva e Rua Santa Filomena, relatam acordar de madrugada, por volta das 4h, na esperan\u00e7a de conseguir \u00e1gua nas [&hellip;]<\/p>\n","protected":false},"author":2,"featured_media":253945,"comment_status":"open","ping_status":"open","sticky":false,"template":"","format":"standard","meta":{"_mi_skip_tracking":false,"footnotes":""},"categories":[25,1,9,16],"tags":[192],"class_list":["post-261807","post","type-post","status-publish","format-standard","has-post-thumbnail","hentry","category-destaques-site","category-geral","category-municipios","category-todas","tag-destaqueprincipal"],"acf":[],"yoast_head":"<!-- This site is optimized with the Yoast SEO Premium plugin v19.2 (Yoast SEO v26.9) - https:\/\/yoast.com\/product\/yoast-seo-premium-wordpress\/ -->\n<title>Bairros de Picos enfrentam problemas de abastecimento de \u00e1gua\u00a0 - Portal Not\u00edcia em Pauta<\/title>\n<meta name=\"robots\" content=\"index, follow, max-snippet:-1, max-image-preview:large, max-video-preview:-1\" \/>\n<link rel=\"canonical\" href=\"https:\/\/noticiaempauta.com\/portal\/bairros-picoense-enfrentam-problemas-de-abastecimento-de-agua\/\" \/>\n<meta property=\"og:locale\" content=\"pt_BR\" \/>\n<meta property=\"og:type\" content=\"article\" \/>\n<meta property=\"og:title\" content=\"Bairros de Picos enfrentam problemas de abastecimento de \u00e1gua\u00a0\" \/>\n<meta property=\"og:description\" content=\"Na cidade de Picos, diversos bairros enfrentam problemas graves de desabastecimento de \u00e1gua, uma situa\u00e7\u00e3o que tem se agravado desde mar\u00e7o deste ano. Moradores como aqueles do bairro Canto da V\u00e1rzea, das ruas Le\u00f4ncio Barbosa da Silva e Rua Santa Filomena, relatam acordar de madrugada, por volta das 4h, na esperan\u00e7a de conseguir \u00e1gua nas [&hellip;]\" \/>\n<meta property=\"og:url\" content=\"https:\/\/noticiaempauta.com\/portal\/bairros-picoense-enfrentam-problemas-de-abastecimento-de-agua\/\" \/>\n<meta property=\"og:site_name\" content=\"Portal Not\u00edcia em Pauta\" \/>\n<meta property=\"article:publisher\" content=\"https:\/\/www.facebook.com\/Portal-Notcia-Em-Pauta-102292869264820\/\" \/>\n<meta property=\"article:published_time\" content=\"2024-09-03T20:11:30+00:00\" \/>\n<meta property=\"article:modified_time\" content=\"2024-09-03T20:33:16+00:00\" \/>\n<meta property=\"og:image\" content=\"https:\/\/noticiaempauta.com\/portal\/wp-content\/uploads\/2024\/01\/agua_3-1024x629-1.jpg\" \/>\n\t<meta property=\"og:image:width\" content=\"1024\" \/>\n\t<meta property=\"og:image:height\" content=\"629\" \/>\n\t<meta property=\"og:image:type\" content=\"image\/jpeg\" \/>\n<meta name=\"author\" content=\"Reda\u00e7\u00e3o\" \/>\n<meta name=\"twitter:card\" content=\"summary_large_image\" \/>\n<meta name=\"twitter:label1\" content=\"Escrito por\" \/>\n\t<meta name=\"twitter:data1\" content=\"Reda\u00e7\u00e3o\" \/>\n\t<meta name=\"twitter:label2\" content=\"Est. tempo de leitura\" \/>\n\t<meta name=\"twitter:data2\" content=\"3 minutos\" \/>\n<script type=\"application\/ld+json\" class=\"yoast-schema-graph\">{\"@context\":\"https:\/\/schema.org\",\"@graph\":[{\"@type\":\"Article\",\"@id\":\"https:\/\/noticiaempauta.com\/portal\/bairros-picoense-enfrentam-problemas-de-abastecimento-de-agua\/#article\",\"isPartOf\":{\"@id\":\"https:\/\/noticiaempauta.com\/portal\/bairros-picoense-enfrentam-problemas-de-abastecimento-de-agua\/\"},\"author\":{\"name\":\"Reda\u00e7\u00e3o\",\"@id\":\"https:\/\/noticiaempauta.com\/portal\/#\/schema\/person\/a74af43dd1ab3deca45f988c717d57ac\"},\"headline\":\"Bairros de Picos enfrentam problemas de abastecimento de \u00e1gua\u00a0\",\"datePublished\":\"2024-09-03T20:11:30+00:00\",\"dateModified\":\"2024-09-03T20:33:16+00:00\",\"mainEntityOfPage\":{\"@id\":\"https:\/\/noticiaempauta.com\/portal\/bairros-picoense-enfrentam-problemas-de-abastecimento-de-agua\/\"},\"wordCount\":553,\"commentCount\":0,\"publisher\":{\"@id\":\"https:\/\/noticiaempauta.com\/portal\/#organization\"},\"image\":{\"@id\":\"https:\/\/noticiaempauta.com\/portal\/bairros-picoense-enfrentam-problemas-de-abastecimento-de-agua\/#primaryimage\"},\"thumbnailUrl\":\"https:\/\/noticiaempauta.com\/portal\/wp-content\/uploads\/2024\/01\/agua_3-1024x629-1.jpg\",\"keywords\":[\"destaqueprincipal\"],\"articleSection\":[\"Destaques\",\"Geral\",\"Munic\u00edpios\",\"Todas as Not\u00edcias\"],\"inLanguage\":\"pt-BR\",\"potentialAction\":[{\"@type\":\"CommentAction\",\"name\":\"Comment\",\"target\":[\"https:\/\/noticiaempauta.com\/portal\/bairros-picoense-enfrentam-problemas-de-abastecimento-de-agua\/#respond\"]}]},{\"@type\":\"WebPage\",\"@id\":\"https:\/\/noticiaempauta.com\/portal\/bairros-picoense-enfrentam-problemas-de-abastecimento-de-agua\/\",\"url\":\"https:\/\/noticiaempauta.com\/portal\/bairros-picoense-enfrentam-problemas-de-abastecimento-de-agua\/\",\"name\":\"Bairros de Picos enfrentam problemas de abastecimento de \u00e1gua\u00a0 - Portal Not\u00edcia em Pauta\",\"isPartOf\":{\"@id\":\"https:\/\/noticiaempauta.com\/portal\/#website\"},\"primaryImageOfPage\":{\"@id\":\"https:\/\/noticiaempauta.com\/portal\/bairros-picoense-enfrentam-problemas-de-abastecimento-de-agua\/#primaryimage\"},\"image\":{\"@id\":\"https:\/\/noticiaempauta.com\/portal\/bairros-picoense-enfrentam-problemas-de-abastecimento-de-agua\/#primaryimage\"},\"thumbnailUrl\":\"https:\/\/noticiaempauta.com\/portal\/wp-content\/uploads\/2024\/01\/agua_3-1024x629-1.jpg\",\"datePublished\":\"2024-09-03T20:11:30+00:00\",\"dateModified\":\"2024-09-03T20:33:16+00:00\",\"breadcrumb\":{\"@id\":\"https:\/\/noticiaempauta.com\/portal\/bairros-picoense-enfrentam-problemas-de-abastecimento-de-agua\/#breadcrumb\"},\"inLanguage\":\"pt-BR\",\"potentialAction\":[{\"@type\":\"ReadAction\",\"target\":[\"https:\/\/noticiaempauta.com\/portal\/bairros-picoense-enfrentam-problemas-de-abastecimento-de-agua\/\"]}]},{\"@type\":\"ImageObject\",\"inLanguage\":\"pt-BR\",\"@id\":\"https:\/\/noticiaempauta.com\/portal\/bairros-picoense-enfrentam-problemas-de-abastecimento-de-agua\/#primaryimage\",\"url\":\"https:\/\/noticiaempauta.com\/portal\/wp-content\/uploads\/2024\/01\/agua_3-1024x629-1.jpg\",\"contentUrl\":\"https:\/\/noticiaempauta.com\/portal\/wp-content\/uploads\/2024\/01\/agua_3-1024x629-1.jpg\",\"width\":1024,\"height\":629,\"caption\":\"BIE - Banco de Imagens Externas da Ag\u00eancia Senado. Com risco de escassez de \u00e1gua, parlamentares prop\u00f5em combate ao desperd\u00edcio. Os parlamentares ouviram especialistas e avan\u00e7aram na vota\u00e7\u00e3o de projetos para promover o uso racional de recursos h\u00eddricos. O Projeto de Lei do Senado (PLS) 112\/2013, que tem esse objetivo, foi aprovado no primeiro semestre pela Comiss\u00e3o de Assuntos Sociais (CAS) e que aguarda delibera\u00e7\u00e3o da Comiss\u00e3o de Meio Ambiente, Defesa do Consumidor e Fiscaliza\u00e7\u00e3o e Controle (CMA), onde ser\u00e1 votado em decis\u00e3o terminativa. Cr\u00e9dito: Pedro Fran\u00e7a\/Ag\u00eancia Senado\"},{\"@type\":\"BreadcrumbList\",\"@id\":\"https:\/\/noticiaempauta.com\/portal\/bairros-picoense-enfrentam-problemas-de-abastecimento-de-agua\/#breadcrumb\",\"itemListElement\":[{\"@type\":\"ListItem\",\"position\":1,\"name\":\"P\u00e1gina Inicial\",\"item\":\"https:\/\/noticiaempauta.com\/portal\/\"},{\"@type\":\"ListItem\",\"position\":2,\"name\":\"Destaques\",\"item\":\"https:\/\/noticiaempauta.com\/portal\/destaques-site\/\"},{\"@type\":\"ListItem\",\"position\":3,\"name\":\"Bairros de Picos enfrentam problemas de abastecimento de \u00e1gua\u00a0\"}]},{\"@type\":\"WebSite\",\"@id\":\"https:\/\/noticiaempauta.com\/portal\/#website\",\"url\":\"https:\/\/noticiaempauta.com\/portal\/\",\"name\":\"Portal Not\u00edcia em Pauta\",\"description\":\"Voc\u00ea bem informado\",\"publisher\":{\"@id\":\"https:\/\/noticiaempauta.com\/portal\/#organization\"},\"potentialAction\":[{\"@type\":\"SearchAction\",\"target\":{\"@type\":\"EntryPoint\",\"urlTemplate\":\"https:\/\/noticiaempauta.com\/portal\/?s={search_term_string}\"},\"query-input\":{\"@type\":\"PropertyValueSpecification\",\"valueRequired\":true,\"valueName\":\"search_term_string\"}}],\"inLanguage\":\"pt-BR\"},{\"@type\":\"Organization\",\"@id\":\"https:\/\/noticiaempauta.com\/portal\/#organization\",\"name\":\"Portal Not\u00edcia em Pauta\",\"url\":\"https:\/\/noticiaempauta.com\/portal\/\",\"logo\":{\"@type\":\"ImageObject\",\"inLanguage\":\"pt-BR\",\"@id\":\"https:\/\/noticiaempauta.com\/portal\/#\/schema\/logo\/image\/\",\"url\":\"https:\/\/noticiaempauta.com\/portal\/wp-content\/uploads\/2022\/08\/logomarca_tema.fw_.png\",\"contentUrl\":\"https:\/\/noticiaempauta.com\/portal\/wp-content\/uploads\/2022\/08\/logomarca_tema.fw_.png\",\"width\":400,\"height\":232,\"caption\":\"Portal Not\u00edcia em Pauta\"},\"image\":{\"@id\":\"https:\/\/noticiaempauta.com\/portal\/#\/schema\/logo\/image\/\"},\"sameAs\":[\"https:\/\/www.facebook.com\/Portal-Notcia-Em-Pauta-102292869264820\/\",\"https:\/\/www.instagram.com\/portalnoticiaempauta\/\"]},{\"@type\":\"Person\",\"@id\":\"https:\/\/noticiaempauta.com\/portal\/#\/schema\/person\/a74af43dd1ab3deca45f988c717d57ac\",\"name\":\"Reda\u00e7\u00e3o\",\"image\":{\"@type\":\"ImageObject\",\"inLanguage\":\"pt-BR\",\"@id\":\"https:\/\/noticiaempauta.com\/portal\/#\/schema\/person\/image\/\",\"url\":\"https:\/\/secure.gravatar.com\/avatar\/03179346ecce6cdfc13361603e8f54242a90e5cde8618fa23c5c00aa2b0aadf3?s=96&d=mm&r=g\",\"contentUrl\":\"https:\/\/secure.gravatar.com\/avatar\/03179346ecce6cdfc13361603e8f54242a90e5cde8618fa23c5c00aa2b0aadf3?s=96&d=mm&r=g\",\"caption\":\"Reda\u00e7\u00e3o\"},\"sameAs\":[\"https:\/\/noticiaempauta.com\/portal\/\"],\"url\":\"https:\/\/noticiaempauta.com\/portal\/author\/fernando\/\"}]}<\/script>\n<!-- \/ Yoast SEO Premium plugin. -->","yoast_head_json":{"title":"Bairros de Picos enfrentam problemas de abastecimento de \u00e1gua\u00a0 - Portal Not\u00edcia em Pauta","robots":{"index":"index","follow":"follow","max-snippet":"max-snippet:-1","max-image-preview":"max-image-preview:large","max-video-preview":"max-video-preview:-1"},"canonical":"https:\/\/noticiaempauta.com\/portal\/bairros-picoense-enfrentam-problemas-de-abastecimento-de-agua\/","og_locale":"pt_BR","og_type":"article","og_title":"Bairros de Picos enfrentam problemas de abastecimento de \u00e1gua\u00a0","og_description":"Na cidade de Picos, diversos bairros enfrentam problemas graves de desabastecimento de \u00e1gua, uma situa\u00e7\u00e3o que tem se agravado desde mar\u00e7o deste ano. Moradores como aqueles do bairro Canto da V\u00e1rzea, das ruas Le\u00f4ncio Barbosa da Silva e Rua Santa Filomena, relatam acordar de madrugada, por volta das 4h, na esperan\u00e7a de conseguir \u00e1gua nas [&hellip;]","og_url":"https:\/\/noticiaempauta.com\/portal\/bairros-picoense-enfrentam-problemas-de-abastecimento-de-agua\/","og_site_name":"Portal Not\u00edcia em Pauta","article_publisher":"https:\/\/www.facebook.com\/Portal-Notcia-Em-Pauta-102292869264820\/","article_published_time":"2024-09-03T20:11:30+00:00","article_modified_time":"2024-09-03T20:33:16+00:00","og_image":[{"width":1024,"height":629,"url":"https:\/\/noticiaempauta.com\/portal\/wp-content\/uploads\/2024\/01\/agua_3-1024x629-1.jpg","type":"image\/jpeg"}],"author":"Reda\u00e7\u00e3o","twitter_card":"summary_large_image","twitter_misc":{"Escrito por":"Reda\u00e7\u00e3o","Est. tempo de leitura":"3 minutos"},"schema":{"@context":"https:\/\/schema.org","@graph":[{"@type":"Article","@id":"https:\/\/noticiaempauta.com\/portal\/bairros-picoense-enfrentam-problemas-de-abastecimento-de-agua\/#article","isPartOf":{"@id":"https:\/\/noticiaempauta.com\/portal\/bairros-picoense-enfrentam-problemas-de-abastecimento-de-agua\/"},"author":{"name":"Reda\u00e7\u00e3o","@id":"https:\/\/noticiaempauta.com\/portal\/#\/schema\/person\/a74af43dd1ab3deca45f988c717d57ac"},"headline":"Bairros de Picos enfrentam problemas de abastecimento de \u00e1gua\u00a0","datePublished":"2024-09-03T20:11:30+00:00","dateModified":"2024-09-03T20:33:16+00:00","mainEntityOfPage":{"@id":"https:\/\/noticiaempauta.com\/portal\/bairros-picoense-enfrentam-problemas-de-abastecimento-de-agua\/"},"wordCount":553,"commentCount":0,"publisher":{"@id":"https:\/\/noticiaempauta.com\/portal\/#organization"},"image":{"@id":"https:\/\/noticiaempauta.com\/portal\/bairros-picoense-enfrentam-problemas-de-abastecimento-de-agua\/#primaryimage"},"thumbnailUrl":"https:\/\/noticiaempauta.com\/portal\/wp-content\/uploads\/2024\/01\/agua_3-1024x629-1.jpg","keywords":["destaqueprincipal"],"articleSection":["Destaques","Geral","Munic\u00edpios","Todas as Not\u00edcias"],"inLanguage":"pt-BR","potentialAction":[{"@type":"CommentAction","name":"Comment","target":["https:\/\/noticiaempauta.com\/portal\/bairros-picoense-enfrentam-problemas-de-abastecimento-de-agua\/#respond"]}]},{"@type":"WebPage","@id":"https:\/\/noticiaempauta.com\/portal\/bairros-picoense-enfrentam-problemas-de-abastecimento-de-agua\/","url":"https:\/\/noticiaempauta.com\/portal\/bairros-picoense-enfrentam-problemas-de-abastecimento-de-agua\/","name":"Bairros de Picos enfrentam problemas de abastecimento de \u00e1gua\u00a0 - Portal Not\u00edcia em Pauta","isPartOf":{"@id":"https:\/\/noticiaempauta.com\/portal\/#website"},"primaryImageOfPage":{"@id":"https:\/\/noticiaempauta.com\/portal\/bairros-picoense-enfrentam-problemas-de-abastecimento-de-agua\/#primaryimage"},"image":{"@id":"https:\/\/noticiaempauta.com\/portal\/bairros-picoense-enfrentam-problemas-de-abastecimento-de-agua\/#primaryimage"},"thumbnailUrl":"https:\/\/noticiaempauta.com\/portal\/wp-content\/uploads\/2024\/01\/agua_3-1024x629-1.jpg","datePublished":"2024-09-03T20:11:30+00:00","dateModified":"2024-09-03T20:33:16+00:00","breadcrumb":{"@id":"https:\/\/noticiaempauta.com\/portal\/bairros-picoense-enfrentam-problemas-de-abastecimento-de-agua\/#breadcrumb"},"inLanguage":"pt-BR","potentialAction":[{"@type":"ReadAction","target":["https:\/\/noticiaempauta.com\/portal\/bairros-picoense-enfrentam-problemas-de-abastecimento-de-agua\/"]}]},{"@type":"ImageObject","inLanguage":"pt-BR","@id":"https:\/\/noticiaempauta.com\/portal\/bairros-picoense-enfrentam-problemas-de-abastecimento-de-agua\/#primaryimage","url":"https:\/\/noticiaempauta.com\/portal\/wp-content\/uploads\/2024\/01\/agua_3-1024x629-1.jpg","contentUrl":"https:\/\/noticiaempauta.com\/portal\/wp-content\/uploads\/2024\/01\/agua_3-1024x629-1.jpg","width":1024,"height":629,"caption":"BIE - Banco de Imagens Externas da Ag\u00eancia Senado. Com risco de escassez de \u00e1gua, parlamentares prop\u00f5em combate ao desperd\u00edcio. Os parlamentares ouviram especialistas e avan\u00e7aram na vota\u00e7\u00e3o de projetos para promover o uso racional de recursos h\u00eddricos. O Projeto de Lei do Senado (PLS) 112\/2013, que tem esse objetivo, foi aprovado no primeiro semestre pela Comiss\u00e3o de Assuntos Sociais (CAS) e que aguarda delibera\u00e7\u00e3o da Comiss\u00e3o de Meio Ambiente, Defesa do Consumidor e Fiscaliza\u00e7\u00e3o e Controle (CMA), onde ser\u00e1 votado em decis\u00e3o terminativa. Cr\u00e9dito: Pedro Fran\u00e7a\/Ag\u00eancia Senado"},{"@type":"BreadcrumbList","@id":"https:\/\/noticiaempauta.com\/portal\/bairros-picoense-enfrentam-problemas-de-abastecimento-de-agua\/#breadcrumb","itemListElement":[{"@type":"ListItem","position":1,"name":"P\u00e1gina Inicial","item":"https:\/\/noticiaempauta.com\/portal\/"},{"@type":"ListItem","position":2,"name":"Destaques","item":"https:\/\/noticiaempauta.com\/portal\/destaques-site\/"},{"@type":"ListItem","position":3,"name":"Bairros de Picos enfrentam problemas de abastecimento de \u00e1gua\u00a0"}]},{"@type":"WebSite","@id":"https:\/\/noticiaempauta.com\/portal\/#website","url":"https:\/\/noticiaempauta.com\/portal\/","name":"Portal Not\u00edcia em Pauta","description":"Voc\u00ea bem informado","publisher":{"@id":"https:\/\/noticiaempauta.com\/portal\/#organization"},"potentialAction":[{"@type":"SearchAction","target":{"@type":"EntryPoint","urlTemplate":"https:\/\/noticiaempauta.com\/portal\/?s={search_term_string}"},"query-input":{"@type":"PropertyValueSpecification","valueRequired":true,"valueName":"search_term_string"}}],"inLanguage":"pt-BR"},{"@type":"Organization","@id":"https:\/\/noticiaempauta.com\/portal\/#organization","name":"Portal Not\u00edcia em Pauta","url":"https:\/\/noticiaempauta.com\/portal\/","logo":{"@type":"ImageObject","inLanguage":"pt-BR","@id":"https:\/\/noticiaempauta.com\/portal\/#\/schema\/logo\/image\/","url":"https:\/\/noticiaempauta.com\/portal\/wp-content\/uploads\/2022\/08\/logomarca_tema.fw_.png","contentUrl":"https:\/\/noticiaempauta.com\/portal\/wp-content\/uploads\/2022\/08\/logomarca_tema.fw_.png","width":400,"height":232,"caption":"Portal Not\u00edcia em Pauta"},"image":{"@id":"https:\/\/noticiaempauta.com\/portal\/#\/schema\/logo\/image\/"},"sameAs":["https:\/\/www.facebook.com\/Portal-Notcia-Em-Pauta-102292869264820\/","https:\/\/www.instagram.com\/portalnoticiaempauta\/"]},{"@type":"Person","@id":"https:\/\/noticiaempauta.com\/portal\/#\/schema\/person\/a74af43dd1ab3deca45f988c717d57ac","name":"Reda\u00e7\u00e3o","image":{"@type":"ImageObject","inLanguage":"pt-BR","@id":"https:\/\/noticiaempauta.com\/portal\/#\/schema\/person\/image\/","url":"https:\/\/secure.gravatar.com\/avatar\/03179346ecce6cdfc13361603e8f54242a90e5cde8618fa23c5c00aa2b0aadf3?s=96&d=mm&r=g","contentUrl":"https:\/\/secure.gravatar.com\/avatar\/03179346ecce6cdfc13361603e8f54242a90e5cde8618fa23c5c00aa2b0aadf3?s=96&d=mm&r=g","caption":"Reda\u00e7\u00e3o"},"sameAs":["https:\/\/noticiaempauta.com\/portal\/"],"url":"https:\/\/noticiaempauta.com\/portal\/author\/fernando\/"}]}},"_links":{"self":[{"href":"https:\/\/noticiaempauta.com\/portal\/wp-json\/wp\/v2\/posts\/261807","targetHints":{"allow":["GET"]}}],"collection":[{"href":"https:\/\/noticiaempauta.com\/portal\/wp-json\/wp\/v2\/posts"}],"about":[{"href":"https:\/\/noticiaempauta.com\/portal\/wp-json\/wp\/v2\/types\/post"}],"author":[{"embeddable":true,"href":"https:\/\/noticiaempauta.com\/portal\/wp-json\/wp\/v2\/users\/2"}],"replies":[{"embeddable":true,"href":"https:\/\/noticiaempauta.com\/portal\/wp-json\/wp\/v2\/comments?post=261807"}],"version-history":[{"count":5,"href":"https:\/\/noticiaempauta.com\/portal\/wp-json\/wp\/v2\/posts\/261807\/revisions"}],"predecessor-version":[{"id":261815,"href":"https:\/\/noticiaempauta.com\/portal\/wp-json\/wp\/v2\/posts\/261807\/revisions\/261815"}],"wp:featuredmedia":[{"embeddable":true,"href":"https:\/\/noticiaempauta.com\/portal\/wp-json\/wp\/v2\/media\/253945"}],"wp:attachment":[{"href":"https:\/\/noticiaempauta.com\/portal\/wp-json\/wp\/v2\/media?parent=261807"}],"wp:term":[{"taxonomy":"category","embeddable":true,"href":"https:\/\/noticiaempauta.com\/portal\/wp-json\/wp\/v2\/categories?post=261807"},{"taxonomy":"post_tag","embeddable":true,"href":"https:\/\/noticiaempauta.com\/portal\/wp-json\/wp\/v2\/tags?post=261807"}],"curies":[{"name":"wp","href":"https:\/\/api.w.org\/{rel}","templated":true}]}}