{"id":261831,"date":"2024-09-04T16:44:40","date_gmt":"2024-09-04T19:44:40","guid":{"rendered":"https:\/\/noticiaempauta.com\/portal\/?p=261831"},"modified":"2024-09-04T16:44:42","modified_gmt":"2024-09-04T19:44:42","slug":"ifpi-anuncia-vestibular-2025-1-com-quase-3-mil-vagas","status":"publish","type":"post","link":"https:\/\/noticiaempauta.com\/portal\/ifpi-anuncia-vestibular-2025-1-com-quase-3-mil-vagas\/","title":{"rendered":"IFPI anuncia vestibular 2025.1 com quase 3 mil vagas"},"content":{"rendered":"\n<p>O\u00a0Instituto Federal do Piau\u00ed (IFPI)\u00a0lan\u00e7ou, nesta quarta-feira (4), o\u00a0Vestibular 2025.1. Ao todo, est\u00e3o sendo ofertadas\u00a02.740 vagas em 70 cursos\u00a0superiores distribu\u00eddos em\u00a019 campi pelo estado.\u00a0As inscri\u00e7\u00f5es estar\u00e3o abertas a partir da pr\u00f3xima segunda-feira, 9 de setembro, e v\u00e3o at\u00e9 27 de outubro, com uma taxa de inscri\u00e7\u00e3o de R$ 40,00. Candidatos inscritos no Cad\u00danico do Governo Federal podem\u00a0solicitar isen\u00e7\u00e3o da taxa at\u00e9 15 de outubro.<\/p>\n\n\n\n<figure class=\"wp-block-image size-full\"><img fetchpriority=\"high\" decoding=\"async\" width=\"984\" height=\"847\" src=\"https:\/\/noticiaempauta.com\/portal\/wp-content\/uploads\/2022\/09\/ifpi.webp\" alt=\"\" class=\"wp-image-241467\" srcset=\"https:\/\/noticiaempauta.com\/portal\/wp-content\/uploads\/2022\/09\/ifpi.webp 984w, https:\/\/noticiaempauta.com\/portal\/wp-content\/uploads\/2022\/09\/ifpi-300x258.webp 300w, https:\/\/noticiaempauta.com\/portal\/wp-content\/uploads\/2022\/09\/ifpi-768x661.webp 768w\" sizes=\"(max-width: 984px) 100vw, 984px\" \/><figcaption class=\"wp-element-caption\">Foto: Reprodu\u00e7\u00e3o<\/figcaption><\/figure>\n\n\n\n<p>Entre as novidades deste ano, o IFPI est\u00e1 oferecendo\u00a0sete novos cursos,\u00a0incluindo Bacharelado em Engenharia Agron\u00f4mica nos campi de Cocal, Valen\u00e7a e Jos\u00e9 de Freitas, al\u00e9m de cursos de Administra\u00e7\u00e3o em Uru\u00e7u\u00ed e Engenharia Civil em Floriano. Um novo curso de Tecnologia em Marketing ser\u00e1 oferecido em Teresina, e um curso de Tecnologia em Sistemas para a Internet ser\u00e1 disponibilizado no campus de S\u00e3o Raimundo Nonato.<\/p>\n\n\n\n<p>O pr\u00f3-reitor de ensino do IFPI, Odim\u00f3genes Lopes, destacou a import\u00e2ncia dessas novas ofertas. \u201cTemos um corpo docente altamente capacitado, professores com mestrado, com doutorado e campi com boa estrutura. Ent\u00e3o, convocamos os candidatos que est\u00e3o concluindo o ensino m\u00e9dio: Se inscreva, vem aqui fazer conosco um curso de gradua\u00e7\u00e3o\u201d, afirmou.<\/p>\n\n\n\n<p>Al\u00e9m das novas ofertas, pela primeira vez,\u00a0o candidato poder\u00e1 se inscrever para um campus e realizar a prova em outra cidade,\u00a0o que facilita o processo. \u201cIsso permite que o estudante n\u00e3o necessite se deslocar no dia da prova para concorrer ao nosso vestibular\u201d, complementa o pr\u00f3-reitor.<\/p>\n\n\n\n<p>A edi\u00e7\u00e3o 2025.1 tamb\u00e9m implementa as\u00a0novas regras da lei de cotas,\u00a0incluindo a reserva de vagas para quilombolas que cursaram o ensino m\u00e9dio em escolas p\u00fablicas. O processo de sele\u00e7\u00e3o tamb\u00e9m sofreu altera\u00e7\u00f5es para melhorar a inclus\u00e3o e a representatividade dos candidatos do Piau\u00ed.<\/p>\n\n\n\n<p>O reitor do IFPI, Paulo Borges da Cunha, explicou que essas mudan\u00e7as foram motivadas por uma an\u00e1lise das vagas preenchidas nos \u00faltimos anos, especialmente com a ado\u00e7\u00e3o do ENEM como principal crit\u00e9rio de sele\u00e7\u00e3o. Segundo ele, o exame nacional permitia que candidatos de outros estados, como Rio Grande do Sul, Cear\u00e1 e Minas Gerais, ocupassem vagas no Piau\u00ed. No entanto, muitos desses alunos n\u00e3o permaneciam na institui\u00e7\u00e3o, deixando as vagas ociosas e prejudicando o aproveitamento dos recursos destinados \u00e0 educa\u00e7\u00e3o.<\/p>\n\n\n\n<p>&#8220;Observamos que esses alunos de fora ocupavam as vagas, mas n\u00e3o permaneciam. Isso resultava em vagas n\u00e3o preenchidas, o que \u00e9 um desperd\u00edcio, pois a educa\u00e7\u00e3o \u00e9 um investimento caro. Por isso, decidimos resgatar e regionalizar o vestibular, o que nos permitiu reduzir a evas\u00e3o. Hoje, 96% dos nossos alunos s\u00e3o do Piau\u00ed,&#8221; disse o reitor.<\/p>\n\n\n\n<p>Na edi\u00e7\u00e3o 2024, concorreram 12 mil candidatos para mais de duas mil vagas em 16 cidades do Piau\u00ed.\u00a0 Interessados em se candidatar poder\u00e3o acessar as informa\u00e7\u00f5es necess\u00e1rias no site do IFPI a partir da pr\u00f3xima segunda-feira (9). O lan\u00e7amento da nova edi\u00e7\u00e3o tamb\u00e9m pode ser assistido no\u00a0canal do IFPI no Youtube.\u00a0<\/p>\n\n\n\n<h2 class=\"wp-block-heading\">Veja o cronograma:<\/h2>\n\n\n\n<ul class=\"wp-block-list\">\n<li><strong>Lan\u00e7amento do vestibular:<\/strong>\u00a04 de setembro de 2024<\/li>\n\n\n\n<li><strong>In\u00edcio das inscri\u00e7\u00f5es:<\/strong>\u00a09 de setembro de 2024<\/li>\n\n\n\n<li><strong>T\u00e9rmino das inscri\u00e7\u00f5es<\/strong>: 27 de outubro de 2024<\/li>\n\n\n\n<li><strong>Taxa de inscri\u00e7\u00e3o:\u00a0<\/strong>R$ 40,00<\/li>\n\n\n\n<li><strong>Per\u00edodo para solicita\u00e7\u00e3o de isen\u00e7\u00e3o da taxa:<\/strong>\u00a09 a 15 de outubro de 2024<\/li>\n<\/ul>\n\n\n\n<p><strong><em>Fonte: Portal O Dia<\/em><\/strong><\/p>\n","protected":false},"excerpt":{"rendered":"<p>S\u00e3o ofertados 70 cursos e as inscri\u00e7\u00f5es ter\u00e3o in\u00edcio a partir da pr\u00f3xima segunda-feira, 9 de setembro.<\/p>\n","protected":false},"author":2,"featured_media":241467,"comment_status":"open","ping_status":"open","sticky":false,"template":"","format":"standard","meta":{"_mi_skip_tracking":false,"footnotes":""},"categories":[25,1,9,16],"tags":[192],"class_list":["post-261831","post","type-post","status-publish","format-standard","has-post-thumbnail","hentry","category-destaques-site","category-geral","category-municipios","category-todas","tag-destaqueprincipal"],"acf":[],"yoast_head":"<!-- This site is optimized with the Yoast SEO Premium plugin v19.2 (Yoast SEO v26.9) - https:\/\/yoast.com\/product\/yoast-seo-premium-wordpress\/ -->\n<title>IFPI anuncia vestibular 2025.1 com quase 3 mil vagas - Portal Not\u00edcia em Pauta<\/title>\n<meta name=\"robots\" content=\"index, follow, max-snippet:-1, max-image-preview:large, max-video-preview:-1\" \/>\n<link rel=\"canonical\" href=\"https:\/\/noticiaempauta.com\/portal\/ifpi-anuncia-vestibular-2025-1-com-quase-3-mil-vagas\/\" \/>\n<meta property=\"og:locale\" content=\"pt_BR\" \/>\n<meta property=\"og:type\" content=\"article\" \/>\n<meta property=\"og:title\" content=\"IFPI anuncia vestibular 2025.1 com quase 3 mil vagas\" \/>\n<meta property=\"og:description\" content=\"S\u00e3o ofertados 70 cursos e as inscri\u00e7\u00f5es ter\u00e3o in\u00edcio a partir da pr\u00f3xima segunda-feira, 9 de setembro.\" \/>\n<meta property=\"og:url\" content=\"https:\/\/noticiaempauta.com\/portal\/ifpi-anuncia-vestibular-2025-1-com-quase-3-mil-vagas\/\" \/>\n<meta property=\"og:site_name\" content=\"Portal Not\u00edcia em Pauta\" \/>\n<meta property=\"article:publisher\" content=\"https:\/\/www.facebook.com\/Portal-Notcia-Em-Pauta-102292869264820\/\" \/>\n<meta property=\"article:published_time\" content=\"2024-09-04T19:44:40+00:00\" \/>\n<meta property=\"article:modified_time\" content=\"2024-09-04T19:44:42+00:00\" \/>\n<meta property=\"og:image\" content=\"https:\/\/noticiaempauta.com\/portal\/wp-content\/uploads\/2022\/09\/ifpi.webp\" \/>\n\t<meta property=\"og:image:width\" content=\"984\" \/>\n\t<meta property=\"og:image:height\" content=\"847\" \/>\n\t<meta property=\"og:image:type\" content=\"image\/webp\" \/>\n<meta name=\"author\" content=\"Reda\u00e7\u00e3o\" \/>\n<meta name=\"twitter:card\" content=\"summary_large_image\" \/>\n<meta name=\"twitter:label1\" content=\"Escrito por\" \/>\n\t<meta name=\"twitter:data1\" content=\"Reda\u00e7\u00e3o\" \/>\n\t<meta name=\"twitter:label2\" content=\"Est. tempo de leitura\" \/>\n\t<meta name=\"twitter:data2\" content=\"4 minutos\" \/>\n<script type=\"application\/ld+json\" class=\"yoast-schema-graph\">{\"@context\":\"https:\/\/schema.org\",\"@graph\":[{\"@type\":\"Article\",\"@id\":\"https:\/\/noticiaempauta.com\/portal\/ifpi-anuncia-vestibular-2025-1-com-quase-3-mil-vagas\/#article\",\"isPartOf\":{\"@id\":\"https:\/\/noticiaempauta.com\/portal\/ifpi-anuncia-vestibular-2025-1-com-quase-3-mil-vagas\/\"},\"author\":{\"name\":\"Reda\u00e7\u00e3o\",\"@id\":\"https:\/\/noticiaempauta.com\/portal\/#\/schema\/person\/a74af43dd1ab3deca45f988c717d57ac\"},\"headline\":\"IFPI anuncia vestibular 2025.1 com quase 3 mil vagas\",\"datePublished\":\"2024-09-04T19:44:40+00:00\",\"dateModified\":\"2024-09-04T19:44:42+00:00\",\"mainEntityOfPage\":{\"@id\":\"https:\/\/noticiaempauta.com\/portal\/ifpi-anuncia-vestibular-2025-1-com-quase-3-mil-vagas\/\"},\"wordCount\":568,\"commentCount\":0,\"publisher\":{\"@id\":\"https:\/\/noticiaempauta.com\/portal\/#organization\"},\"image\":{\"@id\":\"https:\/\/noticiaempauta.com\/portal\/ifpi-anuncia-vestibular-2025-1-com-quase-3-mil-vagas\/#primaryimage\"},\"thumbnailUrl\":\"https:\/\/noticiaempauta.com\/portal\/wp-content\/uploads\/2022\/09\/ifpi.webp\",\"keywords\":[\"destaqueprincipal\"],\"articleSection\":[\"Destaques\",\"Geral\",\"Munic\u00edpios\",\"Todas as Not\u00edcias\"],\"inLanguage\":\"pt-BR\",\"potentialAction\":[{\"@type\":\"CommentAction\",\"name\":\"Comment\",\"target\":[\"https:\/\/noticiaempauta.com\/portal\/ifpi-anuncia-vestibular-2025-1-com-quase-3-mil-vagas\/#respond\"]}]},{\"@type\":\"WebPage\",\"@id\":\"https:\/\/noticiaempauta.com\/portal\/ifpi-anuncia-vestibular-2025-1-com-quase-3-mil-vagas\/\",\"url\":\"https:\/\/noticiaempauta.com\/portal\/ifpi-anuncia-vestibular-2025-1-com-quase-3-mil-vagas\/\",\"name\":\"IFPI anuncia vestibular 2025.1 com quase 3 mil vagas - Portal Not\u00edcia em Pauta\",\"isPartOf\":{\"@id\":\"https:\/\/noticiaempauta.com\/portal\/#website\"},\"primaryImageOfPage\":{\"@id\":\"https:\/\/noticiaempauta.com\/portal\/ifpi-anuncia-vestibular-2025-1-com-quase-3-mil-vagas\/#primaryimage\"},\"image\":{\"@id\":\"https:\/\/noticiaempauta.com\/portal\/ifpi-anuncia-vestibular-2025-1-com-quase-3-mil-vagas\/#primaryimage\"},\"thumbnailUrl\":\"https:\/\/noticiaempauta.com\/portal\/wp-content\/uploads\/2022\/09\/ifpi.webp\",\"datePublished\":\"2024-09-04T19:44:40+00:00\",\"dateModified\":\"2024-09-04T19:44:42+00:00\",\"breadcrumb\":{\"@id\":\"https:\/\/noticiaempauta.com\/portal\/ifpi-anuncia-vestibular-2025-1-com-quase-3-mil-vagas\/#breadcrumb\"},\"inLanguage\":\"pt-BR\",\"potentialAction\":[{\"@type\":\"ReadAction\",\"target\":[\"https:\/\/noticiaempauta.com\/portal\/ifpi-anuncia-vestibular-2025-1-com-quase-3-mil-vagas\/\"]}]},{\"@type\":\"ImageObject\",\"inLanguage\":\"pt-BR\",\"@id\":\"https:\/\/noticiaempauta.com\/portal\/ifpi-anuncia-vestibular-2025-1-com-quase-3-mil-vagas\/#primaryimage\",\"url\":\"https:\/\/noticiaempauta.com\/portal\/wp-content\/uploads\/2022\/09\/ifpi.webp\",\"contentUrl\":\"https:\/\/noticiaempauta.com\/portal\/wp-content\/uploads\/2022\/09\/ifpi.webp\",\"width\":984,\"height\":847,\"caption\":\"Foto: Reprodu\u00e7\u00e3o\"},{\"@type\":\"BreadcrumbList\",\"@id\":\"https:\/\/noticiaempauta.com\/portal\/ifpi-anuncia-vestibular-2025-1-com-quase-3-mil-vagas\/#breadcrumb\",\"itemListElement\":[{\"@type\":\"ListItem\",\"position\":1,\"name\":\"P\u00e1gina Inicial\",\"item\":\"https:\/\/noticiaempauta.com\/portal\/\"},{\"@type\":\"ListItem\",\"position\":2,\"name\":\"Destaques\",\"item\":\"https:\/\/noticiaempauta.com\/portal\/destaques-site\/\"},{\"@type\":\"ListItem\",\"position\":3,\"name\":\"IFPI anuncia vestibular 2025.1 com quase 3 mil vagas\"}]},{\"@type\":\"WebSite\",\"@id\":\"https:\/\/noticiaempauta.com\/portal\/#website\",\"url\":\"https:\/\/noticiaempauta.com\/portal\/\",\"name\":\"Portal Not\u00edcia em Pauta\",\"description\":\"Voc\u00ea bem informado\",\"publisher\":{\"@id\":\"https:\/\/noticiaempauta.com\/portal\/#organization\"},\"potentialAction\":[{\"@type\":\"SearchAction\",\"target\":{\"@type\":\"EntryPoint\",\"urlTemplate\":\"https:\/\/noticiaempauta.com\/portal\/?s={search_term_string}\"},\"query-input\":{\"@type\":\"PropertyValueSpecification\",\"valueRequired\":true,\"valueName\":\"search_term_string\"}}],\"inLanguage\":\"pt-BR\"},{\"@type\":\"Organization\",\"@id\":\"https:\/\/noticiaempauta.com\/portal\/#organization\",\"name\":\"Portal Not\u00edcia em Pauta\",\"url\":\"https:\/\/noticiaempauta.com\/portal\/\",\"logo\":{\"@type\":\"ImageObject\",\"inLanguage\":\"pt-BR\",\"@id\":\"https:\/\/noticiaempauta.com\/portal\/#\/schema\/logo\/image\/\",\"url\":\"https:\/\/noticiaempauta.com\/portal\/wp-content\/uploads\/2022\/08\/logomarca_tema.fw_.png\",\"contentUrl\":\"https:\/\/noticiaempauta.com\/portal\/wp-content\/uploads\/2022\/08\/logomarca_tema.fw_.png\",\"width\":400,\"height\":232,\"caption\":\"Portal Not\u00edcia em Pauta\"},\"image\":{\"@id\":\"https:\/\/noticiaempauta.com\/portal\/#\/schema\/logo\/image\/\"},\"sameAs\":[\"https:\/\/www.facebook.com\/Portal-Notcia-Em-Pauta-102292869264820\/\",\"https:\/\/www.instagram.com\/portalnoticiaempauta\/\"]},{\"@type\":\"Person\",\"@id\":\"https:\/\/noticiaempauta.com\/portal\/#\/schema\/person\/a74af43dd1ab3deca45f988c717d57ac\",\"name\":\"Reda\u00e7\u00e3o\",\"image\":{\"@type\":\"ImageObject\",\"inLanguage\":\"pt-BR\",\"@id\":\"https:\/\/noticiaempauta.com\/portal\/#\/schema\/person\/image\/\",\"url\":\"https:\/\/secure.gravatar.com\/avatar\/03179346ecce6cdfc13361603e8f54242a90e5cde8618fa23c5c00aa2b0aadf3?s=96&d=mm&r=g\",\"contentUrl\":\"https:\/\/secure.gravatar.com\/avatar\/03179346ecce6cdfc13361603e8f54242a90e5cde8618fa23c5c00aa2b0aadf3?s=96&d=mm&r=g\",\"caption\":\"Reda\u00e7\u00e3o\"},\"sameAs\":[\"https:\/\/noticiaempauta.com\/portal\/\"],\"url\":\"https:\/\/noticiaempauta.com\/portal\/author\/fernando\/\"}]}<\/script>\n<!-- \/ Yoast SEO Premium plugin. -->","yoast_head_json":{"title":"IFPI anuncia vestibular 2025.1 com quase 3 mil vagas - Portal Not\u00edcia em Pauta","robots":{"index":"index","follow":"follow","max-snippet":"max-snippet:-1","max-image-preview":"max-image-preview:large","max-video-preview":"max-video-preview:-1"},"canonical":"https:\/\/noticiaempauta.com\/portal\/ifpi-anuncia-vestibular-2025-1-com-quase-3-mil-vagas\/","og_locale":"pt_BR","og_type":"article","og_title":"IFPI anuncia vestibular 2025.1 com quase 3 mil vagas","og_description":"S\u00e3o ofertados 70 cursos e as inscri\u00e7\u00f5es ter\u00e3o in\u00edcio a partir da pr\u00f3xima segunda-feira, 9 de setembro.","og_url":"https:\/\/noticiaempauta.com\/portal\/ifpi-anuncia-vestibular-2025-1-com-quase-3-mil-vagas\/","og_site_name":"Portal Not\u00edcia em Pauta","article_publisher":"https:\/\/www.facebook.com\/Portal-Notcia-Em-Pauta-102292869264820\/","article_published_time":"2024-09-04T19:44:40+00:00","article_modified_time":"2024-09-04T19:44:42+00:00","og_image":[{"width":984,"height":847,"url":"https:\/\/noticiaempauta.com\/portal\/wp-content\/uploads\/2022\/09\/ifpi.webp","type":"image\/webp"}],"author":"Reda\u00e7\u00e3o","twitter_card":"summary_large_image","twitter_misc":{"Escrito por":"Reda\u00e7\u00e3o","Est. tempo de leitura":"4 minutos"},"schema":{"@context":"https:\/\/schema.org","@graph":[{"@type":"Article","@id":"https:\/\/noticiaempauta.com\/portal\/ifpi-anuncia-vestibular-2025-1-com-quase-3-mil-vagas\/#article","isPartOf":{"@id":"https:\/\/noticiaempauta.com\/portal\/ifpi-anuncia-vestibular-2025-1-com-quase-3-mil-vagas\/"},"author":{"name":"Reda\u00e7\u00e3o","@id":"https:\/\/noticiaempauta.com\/portal\/#\/schema\/person\/a74af43dd1ab3deca45f988c717d57ac"},"headline":"IFPI anuncia vestibular 2025.1 com quase 3 mil vagas","datePublished":"2024-09-04T19:44:40+00:00","dateModified":"2024-09-04T19:44:42+00:00","mainEntityOfPage":{"@id":"https:\/\/noticiaempauta.com\/portal\/ifpi-anuncia-vestibular-2025-1-com-quase-3-mil-vagas\/"},"wordCount":568,"commentCount":0,"publisher":{"@id":"https:\/\/noticiaempauta.com\/portal\/#organization"},"image":{"@id":"https:\/\/noticiaempauta.com\/portal\/ifpi-anuncia-vestibular-2025-1-com-quase-3-mil-vagas\/#primaryimage"},"thumbnailUrl":"https:\/\/noticiaempauta.com\/portal\/wp-content\/uploads\/2022\/09\/ifpi.webp","keywords":["destaqueprincipal"],"articleSection":["Destaques","Geral","Munic\u00edpios","Todas as Not\u00edcias"],"inLanguage":"pt-BR","potentialAction":[{"@type":"CommentAction","name":"Comment","target":["https:\/\/noticiaempauta.com\/portal\/ifpi-anuncia-vestibular-2025-1-com-quase-3-mil-vagas\/#respond"]}]},{"@type":"WebPage","@id":"https:\/\/noticiaempauta.com\/portal\/ifpi-anuncia-vestibular-2025-1-com-quase-3-mil-vagas\/","url":"https:\/\/noticiaempauta.com\/portal\/ifpi-anuncia-vestibular-2025-1-com-quase-3-mil-vagas\/","name":"IFPI anuncia vestibular 2025.1 com quase 3 mil vagas - Portal Not\u00edcia em Pauta","isPartOf":{"@id":"https:\/\/noticiaempauta.com\/portal\/#website"},"primaryImageOfPage":{"@id":"https:\/\/noticiaempauta.com\/portal\/ifpi-anuncia-vestibular-2025-1-com-quase-3-mil-vagas\/#primaryimage"},"image":{"@id":"https:\/\/noticiaempauta.com\/portal\/ifpi-anuncia-vestibular-2025-1-com-quase-3-mil-vagas\/#primaryimage"},"thumbnailUrl":"https:\/\/noticiaempauta.com\/portal\/wp-content\/uploads\/2022\/09\/ifpi.webp","datePublished":"2024-09-04T19:44:40+00:00","dateModified":"2024-09-04T19:44:42+00:00","breadcrumb":{"@id":"https:\/\/noticiaempauta.com\/portal\/ifpi-anuncia-vestibular-2025-1-com-quase-3-mil-vagas\/#breadcrumb"},"inLanguage":"pt-BR","potentialAction":[{"@type":"ReadAction","target":["https:\/\/noticiaempauta.com\/portal\/ifpi-anuncia-vestibular-2025-1-com-quase-3-mil-vagas\/"]}]},{"@type":"ImageObject","inLanguage":"pt-BR","@id":"https:\/\/noticiaempauta.com\/portal\/ifpi-anuncia-vestibular-2025-1-com-quase-3-mil-vagas\/#primaryimage","url":"https:\/\/noticiaempauta.com\/portal\/wp-content\/uploads\/2022\/09\/ifpi.webp","contentUrl":"https:\/\/noticiaempauta.com\/portal\/wp-content\/uploads\/2022\/09\/ifpi.webp","width":984,"height":847,"caption":"Foto: Reprodu\u00e7\u00e3o"},{"@type":"BreadcrumbList","@id":"https:\/\/noticiaempauta.com\/portal\/ifpi-anuncia-vestibular-2025-1-com-quase-3-mil-vagas\/#breadcrumb","itemListElement":[{"@type":"ListItem","position":1,"name":"P\u00e1gina Inicial","item":"https:\/\/noticiaempauta.com\/portal\/"},{"@type":"ListItem","position":2,"name":"Destaques","item":"https:\/\/noticiaempauta.com\/portal\/destaques-site\/"},{"@type":"ListItem","position":3,"name":"IFPI anuncia vestibular 2025.1 com quase 3 mil vagas"}]},{"@type":"WebSite","@id":"https:\/\/noticiaempauta.com\/portal\/#website","url":"https:\/\/noticiaempauta.com\/portal\/","name":"Portal Not\u00edcia em Pauta","description":"Voc\u00ea bem informado","publisher":{"@id":"https:\/\/noticiaempauta.com\/portal\/#organization"},"potentialAction":[{"@type":"SearchAction","target":{"@type":"EntryPoint","urlTemplate":"https:\/\/noticiaempauta.com\/portal\/?s={search_term_string}"},"query-input":{"@type":"PropertyValueSpecification","valueRequired":true,"valueName":"search_term_string"}}],"inLanguage":"pt-BR"},{"@type":"Organization","@id":"https:\/\/noticiaempauta.com\/portal\/#organization","name":"Portal Not\u00edcia em Pauta","url":"https:\/\/noticiaempauta.com\/portal\/","logo":{"@type":"ImageObject","inLanguage":"pt-BR","@id":"https:\/\/noticiaempauta.com\/portal\/#\/schema\/logo\/image\/","url":"https:\/\/noticiaempauta.com\/portal\/wp-content\/uploads\/2022\/08\/logomarca_tema.fw_.png","contentUrl":"https:\/\/noticiaempauta.com\/portal\/wp-content\/uploads\/2022\/08\/logomarca_tema.fw_.png","width":400,"height":232,"caption":"Portal Not\u00edcia em Pauta"},"image":{"@id":"https:\/\/noticiaempauta.com\/portal\/#\/schema\/logo\/image\/"},"sameAs":["https:\/\/www.facebook.com\/Portal-Notcia-Em-Pauta-102292869264820\/","https:\/\/www.instagram.com\/portalnoticiaempauta\/"]},{"@type":"Person","@id":"https:\/\/noticiaempauta.com\/portal\/#\/schema\/person\/a74af43dd1ab3deca45f988c717d57ac","name":"Reda\u00e7\u00e3o","image":{"@type":"ImageObject","inLanguage":"pt-BR","@id":"https:\/\/noticiaempauta.com\/portal\/#\/schema\/person\/image\/","url":"https:\/\/secure.gravatar.com\/avatar\/03179346ecce6cdfc13361603e8f54242a90e5cde8618fa23c5c00aa2b0aadf3?s=96&d=mm&r=g","contentUrl":"https:\/\/secure.gravatar.com\/avatar\/03179346ecce6cdfc13361603e8f54242a90e5cde8618fa23c5c00aa2b0aadf3?s=96&d=mm&r=g","caption":"Reda\u00e7\u00e3o"},"sameAs":["https:\/\/noticiaempauta.com\/portal\/"],"url":"https:\/\/noticiaempauta.com\/portal\/author\/fernando\/"}]}},"_links":{"self":[{"href":"https:\/\/noticiaempauta.com\/portal\/wp-json\/wp\/v2\/posts\/261831","targetHints":{"allow":["GET"]}}],"collection":[{"href":"https:\/\/noticiaempauta.com\/portal\/wp-json\/wp\/v2\/posts"}],"about":[{"href":"https:\/\/noticiaempauta.com\/portal\/wp-json\/wp\/v2\/types\/post"}],"author":[{"embeddable":true,"href":"https:\/\/noticiaempauta.com\/portal\/wp-json\/wp\/v2\/users\/2"}],"replies":[{"embeddable":true,"href":"https:\/\/noticiaempauta.com\/portal\/wp-json\/wp\/v2\/comments?post=261831"}],"version-history":[{"count":2,"href":"https:\/\/noticiaempauta.com\/portal\/wp-json\/wp\/v2\/posts\/261831\/revisions"}],"predecessor-version":[{"id":261833,"href":"https:\/\/noticiaempauta.com\/portal\/wp-json\/wp\/v2\/posts\/261831\/revisions\/261833"}],"wp:featuredmedia":[{"embeddable":true,"href":"https:\/\/noticiaempauta.com\/portal\/wp-json\/wp\/v2\/media\/241467"}],"wp:attachment":[{"href":"https:\/\/noticiaempauta.com\/portal\/wp-json\/wp\/v2\/media?parent=261831"}],"wp:term":[{"taxonomy":"category","embeddable":true,"href":"https:\/\/noticiaempauta.com\/portal\/wp-json\/wp\/v2\/categories?post=261831"},{"taxonomy":"post_tag","embeddable":true,"href":"https:\/\/noticiaempauta.com\/portal\/wp-json\/wp\/v2\/tags?post=261831"}],"curies":[{"name":"wp","href":"https:\/\/api.w.org\/{rel}","templated":true}]}}