{"id":261852,"date":"2024-09-05T09:59:46","date_gmt":"2024-09-05T12:59:46","guid":{"rendered":"https:\/\/noticiaempauta.com\/portal\/?p=261852"},"modified":"2024-09-05T09:59:47","modified_gmt":"2024-09-05T12:59:47","slug":"no-piaui-mais-de-100-cidades-estao-em-situacao-de-emergencia-devido-a-seca","status":"publish","type":"post","link":"https:\/\/noticiaempauta.com\/portal\/no-piaui-mais-de-100-cidades-estao-em-situacao-de-emergencia-devido-a-seca\/","title":{"rendered":"No Piau\u00ed, mais de 100 cidades est\u00e3o em situa\u00e7\u00e3o de emerg\u00eancia devido \u00e0 seca"},"content":{"rendered":"\n<p>O\u00a0Minist\u00e9rio da Integra\u00e7\u00e3o e do Desenvolvimento Regional (MIDR)\u00a0reconheceu, na quarta-feira (4), a\u00a0situa\u00e7\u00e3o de emerg\u00eancia em 106 cidades do estado do Piau\u00ed\u00a0que enfrentam a\u00a0<strong>seca<\/strong>, um per\u00edodo de\u00a0aus\u00eancia de chuva\u00a0mais prolongado do que a estiagem. A portaria com a medida foi publicada no\u00a0Di\u00e1rio Oficial da Uni\u00e3o (DOU).<\/p>\n\n\n\n<figure class=\"wp-block-image size-full\"><img fetchpriority=\"high\" decoding=\"async\" width=\"790\" height=\"474\" src=\"https:\/\/noticiaempauta.com\/portal\/wp-content\/uploads\/2022\/09\/carropipa.jpg\" alt=\"\" class=\"wp-image-241640\" srcset=\"https:\/\/noticiaempauta.com\/portal\/wp-content\/uploads\/2022\/09\/carropipa.jpg 790w, https:\/\/noticiaempauta.com\/portal\/wp-content\/uploads\/2022\/09\/carropipa-300x180.jpg 300w, https:\/\/noticiaempauta.com\/portal\/wp-content\/uploads\/2022\/09\/carropipa-768x461.jpg 768w\" sizes=\"(max-width: 790px) 100vw, 790px\" \/><figcaption class=\"wp-element-caption\">Foto: Arquivo\/Cidadeverde.com <\/figcaption><\/figure>\n\n\n\n<h2 class=\"wp-block-heading\">SECA E ESTIAGEM<\/h2>\n\n\n\n<p>O\u00a0Piau\u00ed \u00e9 um dos estados brasileiros que sofrem com a falta de chuvas.\u00a0No momento, 115 munic\u00edpios est\u00e3o com reconhecimento de situa\u00e7\u00e3o de emerg\u00eancia vigente. Do total, 107 por seca e oito por estiagem. \u00a0<\/p>\n\n\n\n<h2 class=\"wp-block-heading\"><strong>Veja as cidades:<\/strong><\/h2>\n\n\n\n<figure class=\"wp-block-table\"><table class=\"has-fixed-layout\"><tbody><tr><td>N\u00b0<\/td><td>MUNIC\u00cdPIOS<\/td><\/tr><tr><td>01<\/td><td>Acau\u00e3<\/td><\/tr><tr><td>02<\/td><td>Alagoinha do Piau\u00ed<\/td><\/tr><tr><td>03<\/td><td>Alegrete do Piau\u00ed<\/td><\/tr><tr><td>04<\/td><td>Alvorada do Gurgu\u00e9ia<\/td><\/tr><tr><td>05<\/td><td>An\u00edsio de Abreu<\/td><\/tr><tr><td>06<\/td><td>Aroeiras do Itaim<\/td><\/tr><tr><td>07<\/td><td>Avelino Lopes<\/td><\/tr><tr><td>08<\/td><td>Baixa Grande do Ribeiro<\/td><\/tr><tr><td>09<\/td><td>Barreiras do Piau\u00ed<\/td><\/tr><tr><td>10<\/td><td>Bela Vista do Piau\u00ed<\/td><\/tr><tr><td>11<\/td><td>Bel\u00e9m do Piau\u00ed<\/td><\/tr><tr><td>12<\/td><td>Bertol\u00ednia<\/td><\/tr><tr><td>13<\/td><td>Bet\u00e2nia do Piau\u00ed<\/td><\/tr><tr><td>14<\/td><td>Bocaina<\/td><\/tr><tr><td>15<\/td><td>Bom Jesus<\/td><\/tr><tr><td>16<\/td><td>Bonfim do Piau\u00ed<\/td><\/tr><tr><td>17<\/td><td>Brejo do Piau\u00ed<\/td><\/tr><tr><td>18<\/td><td>Caldeir\u00e3o Grande do Piau\u00ed<\/td><\/tr><tr><td>19<\/td><td>Campinas do Piau\u00ed<\/td><\/tr><tr><td>20<\/td><td>Campo Alegre do Fidalgo<\/td><\/tr><tr><td>21<\/td><td>Campo Grande do Piau\u00ed<\/td><\/tr><tr><td>22<\/td><td>Canto do Buriti<\/td><\/tr><tr><td>23<\/td><td>Capit\u00e3o Gerv\u00e1sio Oliveira<\/td><\/tr><tr><td>24<\/td><td>Caracol<\/td><\/tr><tr><td>25<\/td><td>Caridade do Piau\u00ed<\/td><\/tr><tr><td>26<\/td><td>Col\u00f4nia do Gurgu\u00e9ia<\/td><\/tr><tr><td>27<\/td><td>Concei\u00e7\u00e3o do Canind\u00e9<\/td><\/tr><tr><td>28<\/td><td>Coronel Jos\u00e9 Dias<\/td><\/tr><tr><td>29<\/td><td>Corrente<\/td><\/tr><tr><td>30<\/td><td>Cristal\u00e2ndia do Piau\u00ed<\/td><\/tr><tr><td>31<\/td><td>Cristino Castro<\/td><\/tr><tr><td>32<\/td><td>Curimat\u00e1<\/td><\/tr><tr><td>33<\/td><td>Currais<\/td><\/tr><tr><td>34<\/td><td>Curral Novo do Piau\u00ed<\/td><\/tr><tr><td>35<\/td><td>Dirceu Arcoverde<\/td><\/tr><tr><td>36<\/td><td>Dom Inoc\u00eancio<\/td><\/tr><tr><td>37<\/td><td>Eliseu Martins<\/td><\/tr><tr><td>38<\/td><td>Fartura do Piau\u00ed<\/td><\/tr><tr><td>39<\/td><td>Floresta do Piau\u00ed<\/td><\/tr><tr><td>40<\/td><td>Francisco Macedo<\/td><\/tr><tr><td>41<\/td><td>Francisco Santos<\/td><\/tr><tr><td>42<\/td><td>Fronteiras<\/td><\/tr><tr><td>43<\/td><td>Geminiano<\/td><\/tr><tr><td>44<\/td><td>Gilbu\u00e9s<\/td><\/tr><tr><td>45<\/td><td>Guaribas<\/td><\/tr><tr><td>46<\/td><td>Isa\u00edas Coelho<\/td><\/tr><tr><td>47<\/td><td>Itain\u00f3polis<\/td><\/tr><tr><td>48<\/td><td>Jacobina do Piau\u00ed<\/td><\/tr><tr><td>49<\/td><td>Jaic\u00f3s<\/td><\/tr><tr><td>50<\/td><td>Jo\u00e3o Costa<\/td><\/tr><tr><td>51<\/td><td>J\u00falio Borges<\/td><\/tr><tr><td>52<\/td><td>Jurema<\/td><\/tr><tr><td>53<\/td><td>Lagoa do Barro do Piau\u00ed<\/td><\/tr><tr><td>54<\/td><td>Manoel Em\u00eddio<\/td><\/tr><tr><td>55<\/td><td>Marcol\u00e2ndia<\/td><\/tr><tr><td>56<\/td><td>Massap\u00ea do Piau\u00ed<\/td><\/tr><tr><td>57<\/td><td>Monsenhor Hip\u00f3lito<\/td><\/tr><tr><td>58<\/td><td>Monte Alegre do Piau\u00ed<\/td><\/tr><tr><td>59<\/td><td>Morro Cabe\u00e7a do Tempo<\/td><\/tr><tr><td>60<\/td><td>Nova Santa Rita<\/td><\/tr><tr><td>61<\/td><td>Padre Marcos<\/td><\/tr><tr><td>62<\/td><td>Paes Landim<\/td><\/tr><tr><td>63<\/td><td>Palmeira do Piau\u00ed<\/td><\/tr><tr><td>64<\/td><td>Paquet\u00e1<\/td><\/tr><tr><td>65<\/td><td>Parnagu\u00e1<\/td><\/tr><tr><td>66<\/td><td>Patos do Piau\u00ed<\/td><\/tr><tr><td>67<\/td><td>Paulistana<\/td><\/tr><tr><td>68<\/td><td>Pavussu<\/td><\/tr><tr><td>69<\/td><td>Pedro Laurentino<\/td><\/tr><tr><td>70<\/td><td>Picos<\/td><\/tr><tr><td>71<\/td><td>Pimenteiras<\/td><\/tr><tr><td>72<\/td><td>Pio IX<\/td><\/tr><tr><td>73<\/td><td>Queimada Nova<\/td><\/tr><tr><td>74<\/td><td>Reden\u00e7\u00e3o do Gurgu\u00e9ia<\/td><\/tr><tr><td>75<\/td><td>Riacho Frio<\/td><\/tr><tr><td>76<\/td><td>Ribeira do Piau\u00ed<\/td><\/tr><tr><td>77<\/td><td>Ribeiro Gon\u00e7alves<\/td><\/tr><tr><td>78<\/td><td>Santa Cruz do Piau\u00ed<\/td><\/tr><tr><td>79<\/td><td>Santa Filomena<\/td><\/tr><tr><td>80<\/td><td>Santa Luz<\/td><\/tr><tr><td>81<\/td><td>Santana do Piau\u00ed<\/td><\/tr><tr><td>82<\/td><td>Santo Ant\u00f4nio de Lisboa<\/td><\/tr><tr><td>83<\/td><td>Santo In\u00e1cio do Piau\u00ed<\/td><\/tr><tr><td>84<\/td><td>S\u00e3o Braz do Piau\u00ed<\/td><\/tr><tr><td>85<\/td><td>S\u00e3o Francisco de Assis do Piau\u00ed<\/td><\/tr><tr><td>86<\/td><td>S\u00e3o Gon\u00e7alo do Gurgu\u00e9ia<\/td><\/tr><tr><td>87<\/td><td>S\u00e3o Jo\u00e3o da Canabrava<\/td><\/tr><tr><td>88<\/td><td>S\u00e3o Jo\u00e3o do Piau\u00ed<\/td><\/tr><tr><td>89<\/td><td>S\u00e3o Jos\u00e9 do Piau\u00ed<\/td><\/tr><tr><td>90<\/td><td>S\u00e3o Juli\u00e3o<\/td><\/tr><tr><td>91<\/td><td>S\u00e3o Louren\u00e7o do Piau\u00ed<\/td><\/tr><tr><td>92<\/td><td>S\u00e3o Lu\u00eds do Piau\u00ed<\/td><\/tr><tr><td>93<\/td><td>S\u00e3o Miguel do Fidalgo<\/td><\/tr><tr><td>94<\/td><td>S\u00e3o Raimundo Nonato<\/td><\/tr><tr><td>95<\/td><td>Sebasti\u00e3o Barros<\/td><\/tr><tr><td>96<\/td><td>Sebasti\u00e3o Leal<\/td><\/tr><tr><td>97<\/td><td>Sim\u00f5es<\/td><\/tr><tr><td>98<\/td><td>Simpl\u00edcio Mendes<\/td><\/tr><tr><td>99<\/td><td>Socorro do Piau\u00ed<\/td><\/tr><tr><td>100<\/td><td>Sussuapara<\/td><\/tr><tr><td>101<\/td><td>Tamboril do Piau\u00ed<\/td><\/tr><tr><td>102<\/td><td>Uru\u00e7u\u00ed<\/td><\/tr><tr><td>103<\/td><td>V\u00e1rzea Branca<\/td><\/tr><tr><td>104<\/td><td>Vera Mendes<\/td><\/tr><tr><td>105<\/td><td>Vila Nova do Piau\u00ed<\/td><\/tr><tr><td>106<\/td><td>Wall Ferraz<\/td><\/tr><\/tbody><\/table><\/figure>\n\n\n\n<h2 class=\"wp-block-heading\">OUTROS ESTADOS<\/h2>\n\n\n\n<p>Na regi\u00e3o Norte, tamb\u00e9m muito afetada pela estiagem, mais cinco munic\u00edpios obtiveram o reconhecimento federal de situa\u00e7\u00e3o de emerg\u00eancia. S\u00e3o eles: Tonantins, Itamarati, Humait\u00e1 e Mau\u00e9s, na Amaz\u00f4nia, e Pimenta Bueno, em Rond\u00f4nia.\u00a0<\/p>\n\n\n\n<p>Em Minas Gerais, as cidades de S\u00e3o Rom\u00e3o e Setubinha tamb\u00e9m registraram seca, al\u00e9m de Nossa Senhora do Livramento,\u00a0no Mato Grosso. J\u00e1 no\u00a0Rio Grande do Sul, o munic\u00edpio de Barros Cassal foi atingido por fortes chuvas.<\/p>\n\n\n\n<h2 class=\"wp-block-heading\">SOLICITA\u00c7\u00c3O DE RECURSOS<\/h2>\n\n\n\n<p>Agora,\u00a0todas as prefeituras est\u00e3o aptas a solicitar recursos do Governo Federal\u00a0para a\u00e7\u00f5es de defesa civil, como compra de cestas b\u00e1sicas, \u00e1gua mineral, refei\u00e7\u00e3o para trabalhadores e volunt\u00e1rios, kits de limpeza de resid\u00eancia, higiene pessoal e dormit\u00f3rio, entre outros.<\/p>\n\n\n\n<p>Cidades com o reconhecimento federal de situa\u00e7\u00e3o de emerg\u00eancia ou de estado de calamidade p\u00fablica podem solicitar ao MIDR recursos para a\u00e7\u00f5es de defesa civil. A solicita\u00e7\u00e3o pelos munic\u00edpios em situa\u00e7\u00e3o de emerg\u00eancia deve ser feita por meio do\u00a0Sistema Integrado de Informa\u00e7\u00f5es sobre Desastres (S2iD).\u00a0<\/p>\n\n\n\n<p>Com base nas informa\u00e7\u00f5es enviadas nos planos de trabalho, a\u00a0equipe t\u00e9cnica da Defesa Civil Nacional avalia as metas e os valores solicitados. Com a aprova\u00e7\u00e3o, \u00e9 publicada portaria no DOU com o valor a ser liberado. \u00a0<\/p>\n\n\n\n<p><strong><em>Fonte: Meio News<\/em><\/strong><\/p>\n","protected":false},"excerpt":{"rendered":"<p>O\u00a0Minist\u00e9rio da Integra\u00e7\u00e3o e do Desenvolvimento Regional (MIDR)\u00a0reconheceu, na quarta-feira (4), a\u00a0situa\u00e7\u00e3o de emerg\u00eancia em 106 cidades do estado do Piau\u00ed\u00a0que enfrentam a\u00a0seca, um per\u00edodo de\u00a0aus\u00eancia de chuva\u00a0mais prolongado do que a estiagem. A portaria com a medida foi publicada no\u00a0Di\u00e1rio Oficial da Uni\u00e3o (DOU). SECA E ESTIAGEM O\u00a0Piau\u00ed \u00e9 um dos estados brasileiros que [&hellip;]<\/p>\n","protected":false},"author":2,"featured_media":241640,"comment_status":"open","ping_status":"open","sticky":false,"template":"","format":"standard","meta":{"_mi_skip_tracking":false,"footnotes":""},"categories":[25,1,9,16],"tags":[192],"class_list":["post-261852","post","type-post","status-publish","format-standard","has-post-thumbnail","hentry","category-destaques-site","category-geral","category-municipios","category-todas","tag-destaqueprincipal"],"acf":[],"yoast_head":"<!-- This site is optimized with the Yoast SEO Premium plugin v19.2 (Yoast SEO v26.9) - https:\/\/yoast.com\/product\/yoast-seo-premium-wordpress\/ -->\n<title>No Piau\u00ed, mais de 100 cidades est\u00e3o em situa\u00e7\u00e3o de emerg\u00eancia devido \u00e0 seca - Portal Not\u00edcia em Pauta<\/title>\n<meta name=\"robots\" content=\"index, follow, max-snippet:-1, max-image-preview:large, max-video-preview:-1\" \/>\n<link rel=\"canonical\" href=\"https:\/\/noticiaempauta.com\/portal\/no-piaui-mais-de-100-cidades-estao-em-situacao-de-emergencia-devido-a-seca\/\" \/>\n<meta property=\"og:locale\" content=\"pt_BR\" \/>\n<meta property=\"og:type\" content=\"article\" \/>\n<meta property=\"og:title\" content=\"No Piau\u00ed, mais de 100 cidades est\u00e3o em situa\u00e7\u00e3o de emerg\u00eancia devido \u00e0 seca\" \/>\n<meta property=\"og:description\" content=\"O\u00a0Minist\u00e9rio da Integra\u00e7\u00e3o e do Desenvolvimento Regional (MIDR)\u00a0reconheceu, na quarta-feira (4), a\u00a0situa\u00e7\u00e3o de emerg\u00eancia em 106 cidades do estado do Piau\u00ed\u00a0que enfrentam a\u00a0seca, um per\u00edodo de\u00a0aus\u00eancia de chuva\u00a0mais prolongado do que a estiagem. A portaria com a medida foi publicada no\u00a0Di\u00e1rio Oficial da Uni\u00e3o (DOU). SECA E ESTIAGEM O\u00a0Piau\u00ed \u00e9 um dos estados brasileiros que [&hellip;]\" \/>\n<meta property=\"og:url\" content=\"https:\/\/noticiaempauta.com\/portal\/no-piaui-mais-de-100-cidades-estao-em-situacao-de-emergencia-devido-a-seca\/\" \/>\n<meta property=\"og:site_name\" content=\"Portal Not\u00edcia em Pauta\" \/>\n<meta property=\"article:publisher\" content=\"https:\/\/www.facebook.com\/Portal-Notcia-Em-Pauta-102292869264820\/\" \/>\n<meta property=\"article:published_time\" content=\"2024-09-05T12:59:46+00:00\" \/>\n<meta property=\"article:modified_time\" content=\"2024-09-05T12:59:47+00:00\" \/>\n<meta property=\"og:image\" content=\"https:\/\/noticiaempauta.com\/portal\/wp-content\/uploads\/2022\/09\/carropipa.jpg\" \/>\n\t<meta property=\"og:image:width\" content=\"790\" \/>\n\t<meta property=\"og:image:height\" content=\"474\" \/>\n\t<meta property=\"og:image:type\" content=\"image\/jpeg\" \/>\n<meta name=\"author\" content=\"Reda\u00e7\u00e3o\" \/>\n<meta name=\"twitter:card\" content=\"summary_large_image\" \/>\n<meta name=\"twitter:label1\" content=\"Escrito por\" \/>\n\t<meta name=\"twitter:data1\" content=\"Reda\u00e7\u00e3o\" \/>\n\t<meta name=\"twitter:label2\" content=\"Est. tempo de leitura\" \/>\n\t<meta name=\"twitter:data2\" content=\"5 minutos\" \/>\n<script type=\"application\/ld+json\" class=\"yoast-schema-graph\">{\"@context\":\"https:\/\/schema.org\",\"@graph\":[{\"@type\":\"Article\",\"@id\":\"https:\/\/noticiaempauta.com\/portal\/no-piaui-mais-de-100-cidades-estao-em-situacao-de-emergencia-devido-a-seca\/#article\",\"isPartOf\":{\"@id\":\"https:\/\/noticiaempauta.com\/portal\/no-piaui-mais-de-100-cidades-estao-em-situacao-de-emergencia-devido-a-seca\/\"},\"author\":{\"name\":\"Reda\u00e7\u00e3o\",\"@id\":\"https:\/\/noticiaempauta.com\/portal\/#\/schema\/person\/a74af43dd1ab3deca45f988c717d57ac\"},\"headline\":\"No Piau\u00ed, mais de 100 cidades est\u00e3o em situa\u00e7\u00e3o de emerg\u00eancia devido \u00e0 seca\",\"datePublished\":\"2024-09-05T12:59:46+00:00\",\"dateModified\":\"2024-09-05T12:59:47+00:00\",\"mainEntityOfPage\":{\"@id\":\"https:\/\/noticiaempauta.com\/portal\/no-piaui-mais-de-100-cidades-estao-em-situacao-de-emergencia-devido-a-seca\/\"},\"wordCount\":677,\"commentCount\":0,\"publisher\":{\"@id\":\"https:\/\/noticiaempauta.com\/portal\/#organization\"},\"image\":{\"@id\":\"https:\/\/noticiaempauta.com\/portal\/no-piaui-mais-de-100-cidades-estao-em-situacao-de-emergencia-devido-a-seca\/#primaryimage\"},\"thumbnailUrl\":\"https:\/\/noticiaempauta.com\/portal\/wp-content\/uploads\/2022\/09\/carropipa.jpg\",\"keywords\":[\"destaqueprincipal\"],\"articleSection\":[\"Destaques\",\"Geral\",\"Munic\u00edpios\",\"Todas as Not\u00edcias\"],\"inLanguage\":\"pt-BR\",\"potentialAction\":[{\"@type\":\"CommentAction\",\"name\":\"Comment\",\"target\":[\"https:\/\/noticiaempauta.com\/portal\/no-piaui-mais-de-100-cidades-estao-em-situacao-de-emergencia-devido-a-seca\/#respond\"]}]},{\"@type\":\"WebPage\",\"@id\":\"https:\/\/noticiaempauta.com\/portal\/no-piaui-mais-de-100-cidades-estao-em-situacao-de-emergencia-devido-a-seca\/\",\"url\":\"https:\/\/noticiaempauta.com\/portal\/no-piaui-mais-de-100-cidades-estao-em-situacao-de-emergencia-devido-a-seca\/\",\"name\":\"No Piau\u00ed, mais de 100 cidades est\u00e3o em situa\u00e7\u00e3o de emerg\u00eancia devido \u00e0 seca - Portal Not\u00edcia em Pauta\",\"isPartOf\":{\"@id\":\"https:\/\/noticiaempauta.com\/portal\/#website\"},\"primaryImageOfPage\":{\"@id\":\"https:\/\/noticiaempauta.com\/portal\/no-piaui-mais-de-100-cidades-estao-em-situacao-de-emergencia-devido-a-seca\/#primaryimage\"},\"image\":{\"@id\":\"https:\/\/noticiaempauta.com\/portal\/no-piaui-mais-de-100-cidades-estao-em-situacao-de-emergencia-devido-a-seca\/#primaryimage\"},\"thumbnailUrl\":\"https:\/\/noticiaempauta.com\/portal\/wp-content\/uploads\/2022\/09\/carropipa.jpg\",\"datePublished\":\"2024-09-05T12:59:46+00:00\",\"dateModified\":\"2024-09-05T12:59:47+00:00\",\"breadcrumb\":{\"@id\":\"https:\/\/noticiaempauta.com\/portal\/no-piaui-mais-de-100-cidades-estao-em-situacao-de-emergencia-devido-a-seca\/#breadcrumb\"},\"inLanguage\":\"pt-BR\",\"potentialAction\":[{\"@type\":\"ReadAction\",\"target\":[\"https:\/\/noticiaempauta.com\/portal\/no-piaui-mais-de-100-cidades-estao-em-situacao-de-emergencia-devido-a-seca\/\"]}]},{\"@type\":\"ImageObject\",\"inLanguage\":\"pt-BR\",\"@id\":\"https:\/\/noticiaempauta.com\/portal\/no-piaui-mais-de-100-cidades-estao-em-situacao-de-emergencia-devido-a-seca\/#primaryimage\",\"url\":\"https:\/\/noticiaempauta.com\/portal\/wp-content\/uploads\/2022\/09\/carropipa.jpg\",\"contentUrl\":\"https:\/\/noticiaempauta.com\/portal\/wp-content\/uploads\/2022\/09\/carropipa.jpg\",\"width\":790,\"height\":474,\"caption\":\"Foto: Arquivo\/Cidadeverde.com\"},{\"@type\":\"BreadcrumbList\",\"@id\":\"https:\/\/noticiaempauta.com\/portal\/no-piaui-mais-de-100-cidades-estao-em-situacao-de-emergencia-devido-a-seca\/#breadcrumb\",\"itemListElement\":[{\"@type\":\"ListItem\",\"position\":1,\"name\":\"P\u00e1gina Inicial\",\"item\":\"https:\/\/noticiaempauta.com\/portal\/\"},{\"@type\":\"ListItem\",\"position\":2,\"name\":\"Destaques\",\"item\":\"https:\/\/noticiaempauta.com\/portal\/destaques-site\/\"},{\"@type\":\"ListItem\",\"position\":3,\"name\":\"No Piau\u00ed, mais de 100 cidades est\u00e3o em situa\u00e7\u00e3o de emerg\u00eancia devido \u00e0 seca\"}]},{\"@type\":\"WebSite\",\"@id\":\"https:\/\/noticiaempauta.com\/portal\/#website\",\"url\":\"https:\/\/noticiaempauta.com\/portal\/\",\"name\":\"Portal Not\u00edcia em Pauta\",\"description\":\"Voc\u00ea bem informado\",\"publisher\":{\"@id\":\"https:\/\/noticiaempauta.com\/portal\/#organization\"},\"potentialAction\":[{\"@type\":\"SearchAction\",\"target\":{\"@type\":\"EntryPoint\",\"urlTemplate\":\"https:\/\/noticiaempauta.com\/portal\/?s={search_term_string}\"},\"query-input\":{\"@type\":\"PropertyValueSpecification\",\"valueRequired\":true,\"valueName\":\"search_term_string\"}}],\"inLanguage\":\"pt-BR\"},{\"@type\":\"Organization\",\"@id\":\"https:\/\/noticiaempauta.com\/portal\/#organization\",\"name\":\"Portal Not\u00edcia em Pauta\",\"url\":\"https:\/\/noticiaempauta.com\/portal\/\",\"logo\":{\"@type\":\"ImageObject\",\"inLanguage\":\"pt-BR\",\"@id\":\"https:\/\/noticiaempauta.com\/portal\/#\/schema\/logo\/image\/\",\"url\":\"https:\/\/noticiaempauta.com\/portal\/wp-content\/uploads\/2022\/08\/logomarca_tema.fw_.png\",\"contentUrl\":\"https:\/\/noticiaempauta.com\/portal\/wp-content\/uploads\/2022\/08\/logomarca_tema.fw_.png\",\"width\":400,\"height\":232,\"caption\":\"Portal Not\u00edcia em Pauta\"},\"image\":{\"@id\":\"https:\/\/noticiaempauta.com\/portal\/#\/schema\/logo\/image\/\"},\"sameAs\":[\"https:\/\/www.facebook.com\/Portal-Notcia-Em-Pauta-102292869264820\/\",\"https:\/\/www.instagram.com\/portalnoticiaempauta\/\"]},{\"@type\":\"Person\",\"@id\":\"https:\/\/noticiaempauta.com\/portal\/#\/schema\/person\/a74af43dd1ab3deca45f988c717d57ac\",\"name\":\"Reda\u00e7\u00e3o\",\"image\":{\"@type\":\"ImageObject\",\"inLanguage\":\"pt-BR\",\"@id\":\"https:\/\/noticiaempauta.com\/portal\/#\/schema\/person\/image\/\",\"url\":\"https:\/\/secure.gravatar.com\/avatar\/03179346ecce6cdfc13361603e8f54242a90e5cde8618fa23c5c00aa2b0aadf3?s=96&d=mm&r=g\",\"contentUrl\":\"https:\/\/secure.gravatar.com\/avatar\/03179346ecce6cdfc13361603e8f54242a90e5cde8618fa23c5c00aa2b0aadf3?s=96&d=mm&r=g\",\"caption\":\"Reda\u00e7\u00e3o\"},\"sameAs\":[\"https:\/\/noticiaempauta.com\/portal\/\"],\"url\":\"https:\/\/noticiaempauta.com\/portal\/author\/fernando\/\"}]}<\/script>\n<!-- \/ Yoast SEO Premium plugin. -->","yoast_head_json":{"title":"No Piau\u00ed, mais de 100 cidades est\u00e3o em situa\u00e7\u00e3o de emerg\u00eancia devido \u00e0 seca - Portal Not\u00edcia em Pauta","robots":{"index":"index","follow":"follow","max-snippet":"max-snippet:-1","max-image-preview":"max-image-preview:large","max-video-preview":"max-video-preview:-1"},"canonical":"https:\/\/noticiaempauta.com\/portal\/no-piaui-mais-de-100-cidades-estao-em-situacao-de-emergencia-devido-a-seca\/","og_locale":"pt_BR","og_type":"article","og_title":"No Piau\u00ed, mais de 100 cidades est\u00e3o em situa\u00e7\u00e3o de emerg\u00eancia devido \u00e0 seca","og_description":"O\u00a0Minist\u00e9rio da Integra\u00e7\u00e3o e do Desenvolvimento Regional (MIDR)\u00a0reconheceu, na quarta-feira (4), a\u00a0situa\u00e7\u00e3o de emerg\u00eancia em 106 cidades do estado do Piau\u00ed\u00a0que enfrentam a\u00a0seca, um per\u00edodo de\u00a0aus\u00eancia de chuva\u00a0mais prolongado do que a estiagem. A portaria com a medida foi publicada no\u00a0Di\u00e1rio Oficial da Uni\u00e3o (DOU). SECA E ESTIAGEM O\u00a0Piau\u00ed \u00e9 um dos estados brasileiros que [&hellip;]","og_url":"https:\/\/noticiaempauta.com\/portal\/no-piaui-mais-de-100-cidades-estao-em-situacao-de-emergencia-devido-a-seca\/","og_site_name":"Portal Not\u00edcia em Pauta","article_publisher":"https:\/\/www.facebook.com\/Portal-Notcia-Em-Pauta-102292869264820\/","article_published_time":"2024-09-05T12:59:46+00:00","article_modified_time":"2024-09-05T12:59:47+00:00","og_image":[{"width":790,"height":474,"url":"https:\/\/noticiaempauta.com\/portal\/wp-content\/uploads\/2022\/09\/carropipa.jpg","type":"image\/jpeg"}],"author":"Reda\u00e7\u00e3o","twitter_card":"summary_large_image","twitter_misc":{"Escrito por":"Reda\u00e7\u00e3o","Est. tempo de leitura":"5 minutos"},"schema":{"@context":"https:\/\/schema.org","@graph":[{"@type":"Article","@id":"https:\/\/noticiaempauta.com\/portal\/no-piaui-mais-de-100-cidades-estao-em-situacao-de-emergencia-devido-a-seca\/#article","isPartOf":{"@id":"https:\/\/noticiaempauta.com\/portal\/no-piaui-mais-de-100-cidades-estao-em-situacao-de-emergencia-devido-a-seca\/"},"author":{"name":"Reda\u00e7\u00e3o","@id":"https:\/\/noticiaempauta.com\/portal\/#\/schema\/person\/a74af43dd1ab3deca45f988c717d57ac"},"headline":"No Piau\u00ed, mais de 100 cidades est\u00e3o em situa\u00e7\u00e3o de emerg\u00eancia devido \u00e0 seca","datePublished":"2024-09-05T12:59:46+00:00","dateModified":"2024-09-05T12:59:47+00:00","mainEntityOfPage":{"@id":"https:\/\/noticiaempauta.com\/portal\/no-piaui-mais-de-100-cidades-estao-em-situacao-de-emergencia-devido-a-seca\/"},"wordCount":677,"commentCount":0,"publisher":{"@id":"https:\/\/noticiaempauta.com\/portal\/#organization"},"image":{"@id":"https:\/\/noticiaempauta.com\/portal\/no-piaui-mais-de-100-cidades-estao-em-situacao-de-emergencia-devido-a-seca\/#primaryimage"},"thumbnailUrl":"https:\/\/noticiaempauta.com\/portal\/wp-content\/uploads\/2022\/09\/carropipa.jpg","keywords":["destaqueprincipal"],"articleSection":["Destaques","Geral","Munic\u00edpios","Todas as Not\u00edcias"],"inLanguage":"pt-BR","potentialAction":[{"@type":"CommentAction","name":"Comment","target":["https:\/\/noticiaempauta.com\/portal\/no-piaui-mais-de-100-cidades-estao-em-situacao-de-emergencia-devido-a-seca\/#respond"]}]},{"@type":"WebPage","@id":"https:\/\/noticiaempauta.com\/portal\/no-piaui-mais-de-100-cidades-estao-em-situacao-de-emergencia-devido-a-seca\/","url":"https:\/\/noticiaempauta.com\/portal\/no-piaui-mais-de-100-cidades-estao-em-situacao-de-emergencia-devido-a-seca\/","name":"No Piau\u00ed, mais de 100 cidades est\u00e3o em situa\u00e7\u00e3o de emerg\u00eancia devido \u00e0 seca - Portal Not\u00edcia em Pauta","isPartOf":{"@id":"https:\/\/noticiaempauta.com\/portal\/#website"},"primaryImageOfPage":{"@id":"https:\/\/noticiaempauta.com\/portal\/no-piaui-mais-de-100-cidades-estao-em-situacao-de-emergencia-devido-a-seca\/#primaryimage"},"image":{"@id":"https:\/\/noticiaempauta.com\/portal\/no-piaui-mais-de-100-cidades-estao-em-situacao-de-emergencia-devido-a-seca\/#primaryimage"},"thumbnailUrl":"https:\/\/noticiaempauta.com\/portal\/wp-content\/uploads\/2022\/09\/carropipa.jpg","datePublished":"2024-09-05T12:59:46+00:00","dateModified":"2024-09-05T12:59:47+00:00","breadcrumb":{"@id":"https:\/\/noticiaempauta.com\/portal\/no-piaui-mais-de-100-cidades-estao-em-situacao-de-emergencia-devido-a-seca\/#breadcrumb"},"inLanguage":"pt-BR","potentialAction":[{"@type":"ReadAction","target":["https:\/\/noticiaempauta.com\/portal\/no-piaui-mais-de-100-cidades-estao-em-situacao-de-emergencia-devido-a-seca\/"]}]},{"@type":"ImageObject","inLanguage":"pt-BR","@id":"https:\/\/noticiaempauta.com\/portal\/no-piaui-mais-de-100-cidades-estao-em-situacao-de-emergencia-devido-a-seca\/#primaryimage","url":"https:\/\/noticiaempauta.com\/portal\/wp-content\/uploads\/2022\/09\/carropipa.jpg","contentUrl":"https:\/\/noticiaempauta.com\/portal\/wp-content\/uploads\/2022\/09\/carropipa.jpg","width":790,"height":474,"caption":"Foto: Arquivo\/Cidadeverde.com"},{"@type":"BreadcrumbList","@id":"https:\/\/noticiaempauta.com\/portal\/no-piaui-mais-de-100-cidades-estao-em-situacao-de-emergencia-devido-a-seca\/#breadcrumb","itemListElement":[{"@type":"ListItem","position":1,"name":"P\u00e1gina Inicial","item":"https:\/\/noticiaempauta.com\/portal\/"},{"@type":"ListItem","position":2,"name":"Destaques","item":"https:\/\/noticiaempauta.com\/portal\/destaques-site\/"},{"@type":"ListItem","position":3,"name":"No Piau\u00ed, mais de 100 cidades est\u00e3o em situa\u00e7\u00e3o de emerg\u00eancia devido \u00e0 seca"}]},{"@type":"WebSite","@id":"https:\/\/noticiaempauta.com\/portal\/#website","url":"https:\/\/noticiaempauta.com\/portal\/","name":"Portal Not\u00edcia em Pauta","description":"Voc\u00ea bem informado","publisher":{"@id":"https:\/\/noticiaempauta.com\/portal\/#organization"},"potentialAction":[{"@type":"SearchAction","target":{"@type":"EntryPoint","urlTemplate":"https:\/\/noticiaempauta.com\/portal\/?s={search_term_string}"},"query-input":{"@type":"PropertyValueSpecification","valueRequired":true,"valueName":"search_term_string"}}],"inLanguage":"pt-BR"},{"@type":"Organization","@id":"https:\/\/noticiaempauta.com\/portal\/#organization","name":"Portal Not\u00edcia em Pauta","url":"https:\/\/noticiaempauta.com\/portal\/","logo":{"@type":"ImageObject","inLanguage":"pt-BR","@id":"https:\/\/noticiaempauta.com\/portal\/#\/schema\/logo\/image\/","url":"https:\/\/noticiaempauta.com\/portal\/wp-content\/uploads\/2022\/08\/logomarca_tema.fw_.png","contentUrl":"https:\/\/noticiaempauta.com\/portal\/wp-content\/uploads\/2022\/08\/logomarca_tema.fw_.png","width":400,"height":232,"caption":"Portal Not\u00edcia em Pauta"},"image":{"@id":"https:\/\/noticiaempauta.com\/portal\/#\/schema\/logo\/image\/"},"sameAs":["https:\/\/www.facebook.com\/Portal-Notcia-Em-Pauta-102292869264820\/","https:\/\/www.instagram.com\/portalnoticiaempauta\/"]},{"@type":"Person","@id":"https:\/\/noticiaempauta.com\/portal\/#\/schema\/person\/a74af43dd1ab3deca45f988c717d57ac","name":"Reda\u00e7\u00e3o","image":{"@type":"ImageObject","inLanguage":"pt-BR","@id":"https:\/\/noticiaempauta.com\/portal\/#\/schema\/person\/image\/","url":"https:\/\/secure.gravatar.com\/avatar\/03179346ecce6cdfc13361603e8f54242a90e5cde8618fa23c5c00aa2b0aadf3?s=96&d=mm&r=g","contentUrl":"https:\/\/secure.gravatar.com\/avatar\/03179346ecce6cdfc13361603e8f54242a90e5cde8618fa23c5c00aa2b0aadf3?s=96&d=mm&r=g","caption":"Reda\u00e7\u00e3o"},"sameAs":["https:\/\/noticiaempauta.com\/portal\/"],"url":"https:\/\/noticiaempauta.com\/portal\/author\/fernando\/"}]}},"_links":{"self":[{"href":"https:\/\/noticiaempauta.com\/portal\/wp-json\/wp\/v2\/posts\/261852","targetHints":{"allow":["GET"]}}],"collection":[{"href":"https:\/\/noticiaempauta.com\/portal\/wp-json\/wp\/v2\/posts"}],"about":[{"href":"https:\/\/noticiaempauta.com\/portal\/wp-json\/wp\/v2\/types\/post"}],"author":[{"embeddable":true,"href":"https:\/\/noticiaempauta.com\/portal\/wp-json\/wp\/v2\/users\/2"}],"replies":[{"embeddable":true,"href":"https:\/\/noticiaempauta.com\/portal\/wp-json\/wp\/v2\/comments?post=261852"}],"version-history":[{"count":2,"href":"https:\/\/noticiaempauta.com\/portal\/wp-json\/wp\/v2\/posts\/261852\/revisions"}],"predecessor-version":[{"id":261854,"href":"https:\/\/noticiaempauta.com\/portal\/wp-json\/wp\/v2\/posts\/261852\/revisions\/261854"}],"wp:featuredmedia":[{"embeddable":true,"href":"https:\/\/noticiaempauta.com\/portal\/wp-json\/wp\/v2\/media\/241640"}],"wp:attachment":[{"href":"https:\/\/noticiaempauta.com\/portal\/wp-json\/wp\/v2\/media?parent=261852"}],"wp:term":[{"taxonomy":"category","embeddable":true,"href":"https:\/\/noticiaempauta.com\/portal\/wp-json\/wp\/v2\/categories?post=261852"},{"taxonomy":"post_tag","embeddable":true,"href":"https:\/\/noticiaempauta.com\/portal\/wp-json\/wp\/v2\/tags?post=261852"}],"curies":[{"name":"wp","href":"https:\/\/api.w.org\/{rel}","templated":true}]}}