{"id":262030,"date":"2024-09-12T10:07:57","date_gmt":"2024-09-12T13:07:57","guid":{"rendered":"https:\/\/noticiaempauta.com\/portal\/?p=262030"},"modified":"2024-09-12T10:09:25","modified_gmt":"2024-09-12T13:09:25","slug":"justica-eleitoral-defere-candidatura-de-dr-aderson-filho-a-prefeito-de-socorro-do-piaui","status":"publish","type":"post","link":"https:\/\/noticiaempauta.com\/portal\/justica-eleitoral-defere-candidatura-de-dr-aderson-filho-a-prefeito-de-socorro-do-piaui\/","title":{"rendered":"Justi\u00e7a Eleitoral defere candidatura de Dr. Aderson Filho a prefeito de Socorro do Piau\u00ed"},"content":{"rendered":"\n<p>A Justi\u00e7a Eleitoral da 37\u00aa Zona, em decis\u00e3o proferida pelo juiz Rostonio Uch\u00f4a Lima Oliveira, deferiu o registro de candidatura de Aderson Barbosa Ribeiro S\u00e1 Filho para concorrer ao cargo de prefeito de Socorro do Piau\u00ed nas elei\u00e7\u00f5es de 2024.<\/p>\n\n\n\n<figure class=\"wp-block-image size-large\"><img fetchpriority=\"high\" decoding=\"async\" width=\"703\" height=\"1024\" src=\"https:\/\/noticiaempauta.com\/portal\/wp-content\/uploads\/2024\/09\/WhatsApp-Image-2024-09-12-at-09.57.48-703x1024.jpeg\" alt=\"\" class=\"wp-image-262031\" srcset=\"https:\/\/noticiaempauta.com\/portal\/wp-content\/uploads\/2024\/09\/WhatsApp-Image-2024-09-12-at-09.57.48-703x1024.jpeg 703w, https:\/\/noticiaempauta.com\/portal\/wp-content\/uploads\/2024\/09\/WhatsApp-Image-2024-09-12-at-09.57.48-206x300.jpeg 206w, https:\/\/noticiaempauta.com\/portal\/wp-content\/uploads\/2024\/09\/WhatsApp-Image-2024-09-12-at-09.57.48-768x1119.jpeg 768w, https:\/\/noticiaempauta.com\/portal\/wp-content\/uploads\/2024\/09\/WhatsApp-Image-2024-09-12-at-09.57.48-1054x1536.jpeg 1054w, https:\/\/noticiaempauta.com\/portal\/wp-content\/uploads\/2024\/09\/WhatsApp-Image-2024-09-12-at-09.57.48.jpeg 1098w\" sizes=\"(max-width: 703px) 100vw, 703px\" \/><\/figure>\n\n\n\n<p>Aderson Filho, filiado ao MDB, teve sua candidatura contestada por uma a\u00e7\u00e3o de impugna\u00e7\u00e3o, sob a alega\u00e7\u00e3o de inelegibilidade devido a supostos la\u00e7os familiares com o atual prefeito. No entanto, ap\u00f3s an\u00e1lise minuciosa das provas e depoimentos colhidos, o juiz decidiu que n\u00e3o havia elementos suficientes para comprovar o m\u00e9rito do pedido de impugna\u00e7\u00e3o.<\/p>\n\n\n\n<p>&#8220;A inexist\u00eancia de elementos que qualifiquem o m\u00e9rito do pedido impede a conclus\u00e3o de inelegibilidade&#8221;, destacou o juiz Rostonio Uch\u00f4a em sua senten\u00e7a.<\/p>\n\n\n\n<p>Com a decis\u00e3o, Aderson Filho est\u00e1 oficialmente apto a concorrer ao cargo de prefeito nas elei\u00e7\u00f5es de outubro, refor\u00e7ando sua presen\u00e7a no cen\u00e1rio pol\u00edtico de Socorro do Piau\u00ed.<\/p>\n\n\n\n<figure class=\"wp-block-image size-large\"><img decoding=\"async\" width=\"1024\" height=\"738\" src=\"https:\/\/noticiaempauta.com\/portal\/wp-content\/uploads\/2024\/09\/WhatsApp-Image-2024-09-12-at-10.06.46-1024x738.jpeg\" alt=\"\" class=\"wp-image-262033\" srcset=\"https:\/\/noticiaempauta.com\/portal\/wp-content\/uploads\/2024\/09\/WhatsApp-Image-2024-09-12-at-10.06.46-1024x738.jpeg 1024w, https:\/\/noticiaempauta.com\/portal\/wp-content\/uploads\/2024\/09\/WhatsApp-Image-2024-09-12-at-10.06.46-300x216.jpeg 300w, https:\/\/noticiaempauta.com\/portal\/wp-content\/uploads\/2024\/09\/WhatsApp-Image-2024-09-12-at-10.06.46-768x553.jpeg 768w, https:\/\/noticiaempauta.com\/portal\/wp-content\/uploads\/2024\/09\/WhatsApp-Image-2024-09-12-at-10.06.46.jpeg 1055w\" sizes=\"(max-width: 1024px) 100vw, 1024px\" \/><\/figure>\n\n\n\n<p><strong>\u00c0 frente nas pesquisas<\/strong><\/p>\n\n\n\n<p>O candidato lidera com folga a corrida eleitoral no munic\u00edpio, que ampliou sua vantagem sobre a oposi\u00e7\u00e3o em sete pontos percentuais em rela\u00e7\u00e3o \u00e0 \u00faltima pesquisa. O advogado, que \u00e9 o candidato da atual gest\u00e3o, aparece agora com 76,8% das inten\u00e7\u00f5es de voto, enquanto a candidata Pauliana Ribeiro (PT) registrou 17,5%, uma queda de dois pontos. Os indecisos somam 5%, enquanto nulo, branco ou n\u00e3o sabe 0,7%.<br>A pesquisa foi realizada pelo Instituto Idealize, que entrevistou 300 eleitores entre os dias 19 e 20 de agosto de 2024 em Socorro do Piau\u00ed. O levantamento possui um n\u00edvel de confian\u00e7a de 95% e uma margem de erro de 5,7 pontos percentuais, para mais ou para menos. A pesquisa est\u00e1 registrada no TSE sob o n\u00famero PI-07996\/2024.<\/p>\n\n\n\n<p>Ascom<\/p>\n","protected":false},"excerpt":{"rendered":"<p>A Justi\u00e7a Eleitoral da 37\u00aa Zona, em decis\u00e3o proferida pelo juiz Rostonio Uch\u00f4a Lima Oliveira, deferiu o registro de candidatura de Aderson Barbosa Ribeiro S\u00e1 Filho para concorrer ao cargo de prefeito de Socorro do Piau\u00ed nas elei\u00e7\u00f5es de 2024. Aderson Filho, filiado ao MDB, teve sua candidatura contestada por uma a\u00e7\u00e3o de impugna\u00e7\u00e3o, sob [&hellip;]<\/p>\n","protected":false},"author":2,"featured_media":262033,"comment_status":"open","ping_status":"open","sticky":false,"template":"","format":"standard","meta":{"_mi_skip_tracking":false,"footnotes":""},"categories":[25,1,9,3,16],"tags":[],"class_list":["post-262030","post","type-post","status-publish","format-standard","has-post-thumbnail","hentry","category-destaques-site","category-geral","category-municipios","category-politica","category-todas"],"acf":[],"yoast_head":"<!-- This site is optimized with the Yoast SEO Premium plugin v19.2 (Yoast SEO v26.9) - https:\/\/yoast.com\/product\/yoast-seo-premium-wordpress\/ -->\n<title>Justi\u00e7a Eleitoral defere candidatura de Dr. Aderson Filho a prefeito de Socorro do Piau\u00ed - Portal Not\u00edcia em Pauta<\/title>\n<meta name=\"robots\" content=\"index, follow, max-snippet:-1, max-image-preview:large, max-video-preview:-1\" \/>\n<link rel=\"canonical\" href=\"https:\/\/noticiaempauta.com\/portal\/justica-eleitoral-defere-candidatura-de-dr-aderson-filho-a-prefeito-de-socorro-do-piaui\/\" \/>\n<meta property=\"og:locale\" content=\"pt_BR\" \/>\n<meta property=\"og:type\" content=\"article\" \/>\n<meta property=\"og:title\" content=\"Justi\u00e7a Eleitoral defere candidatura de Dr. Aderson Filho a prefeito de Socorro do Piau\u00ed\" \/>\n<meta property=\"og:description\" content=\"A Justi\u00e7a Eleitoral da 37\u00aa Zona, em decis\u00e3o proferida pelo juiz Rostonio Uch\u00f4a Lima Oliveira, deferiu o registro de candidatura de Aderson Barbosa Ribeiro S\u00e1 Filho para concorrer ao cargo de prefeito de Socorro do Piau\u00ed nas elei\u00e7\u00f5es de 2024. Aderson Filho, filiado ao MDB, teve sua candidatura contestada por uma a\u00e7\u00e3o de impugna\u00e7\u00e3o, sob [&hellip;]\" \/>\n<meta property=\"og:url\" content=\"https:\/\/noticiaempauta.com\/portal\/justica-eleitoral-defere-candidatura-de-dr-aderson-filho-a-prefeito-de-socorro-do-piaui\/\" \/>\n<meta property=\"og:site_name\" content=\"Portal Not\u00edcia em Pauta\" \/>\n<meta property=\"article:publisher\" content=\"https:\/\/www.facebook.com\/Portal-Notcia-Em-Pauta-102292869264820\/\" \/>\n<meta property=\"article:published_time\" content=\"2024-09-12T13:07:57+00:00\" \/>\n<meta property=\"article:modified_time\" content=\"2024-09-12T13:09:25+00:00\" \/>\n<meta property=\"og:image\" content=\"https:\/\/noticiaempauta.com\/portal\/wp-content\/uploads\/2024\/09\/WhatsApp-Image-2024-09-12-at-10.06.46.jpeg\" \/>\n\t<meta property=\"og:image:width\" content=\"1055\" \/>\n\t<meta property=\"og:image:height\" content=\"760\" \/>\n\t<meta property=\"og:image:type\" content=\"image\/jpeg\" \/>\n<meta name=\"author\" content=\"Reda\u00e7\u00e3o\" \/>\n<meta name=\"twitter:card\" content=\"summary_large_image\" \/>\n<meta name=\"twitter:label1\" content=\"Escrito por\" \/>\n\t<meta name=\"twitter:data1\" content=\"Reda\u00e7\u00e3o\" \/>\n\t<meta name=\"twitter:label2\" content=\"Est. tempo de leitura\" \/>\n\t<meta name=\"twitter:data2\" content=\"3 minutos\" \/>\n<script type=\"application\/ld+json\" class=\"yoast-schema-graph\">{\"@context\":\"https:\/\/schema.org\",\"@graph\":[{\"@type\":\"Article\",\"@id\":\"https:\/\/noticiaempauta.com\/portal\/justica-eleitoral-defere-candidatura-de-dr-aderson-filho-a-prefeito-de-socorro-do-piaui\/#article\",\"isPartOf\":{\"@id\":\"https:\/\/noticiaempauta.com\/portal\/justica-eleitoral-defere-candidatura-de-dr-aderson-filho-a-prefeito-de-socorro-do-piaui\/\"},\"author\":{\"name\":\"Reda\u00e7\u00e3o\",\"@id\":\"https:\/\/noticiaempauta.com\/portal\/#\/schema\/person\/a74af43dd1ab3deca45f988c717d57ac\"},\"headline\":\"Justi\u00e7a Eleitoral defere candidatura de Dr. Aderson Filho a prefeito de Socorro do Piau\u00ed\",\"datePublished\":\"2024-09-12T13:07:57+00:00\",\"dateModified\":\"2024-09-12T13:09:25+00:00\",\"mainEntityOfPage\":{\"@id\":\"https:\/\/noticiaempauta.com\/portal\/justica-eleitoral-defere-candidatura-de-dr-aderson-filho-a-prefeito-de-socorro-do-piaui\/\"},\"wordCount\":308,\"commentCount\":0,\"publisher\":{\"@id\":\"https:\/\/noticiaempauta.com\/portal\/#organization\"},\"image\":{\"@id\":\"https:\/\/noticiaempauta.com\/portal\/justica-eleitoral-defere-candidatura-de-dr-aderson-filho-a-prefeito-de-socorro-do-piaui\/#primaryimage\"},\"thumbnailUrl\":\"https:\/\/noticiaempauta.com\/portal\/wp-content\/uploads\/2024\/09\/WhatsApp-Image-2024-09-12-at-10.06.46.jpeg\",\"articleSection\":[\"Destaques\",\"Geral\",\"Munic\u00edpios\",\"Pol\u00edtica\",\"Todas as Not\u00edcias\"],\"inLanguage\":\"pt-BR\",\"potentialAction\":[{\"@type\":\"CommentAction\",\"name\":\"Comment\",\"target\":[\"https:\/\/noticiaempauta.com\/portal\/justica-eleitoral-defere-candidatura-de-dr-aderson-filho-a-prefeito-de-socorro-do-piaui\/#respond\"]}]},{\"@type\":\"WebPage\",\"@id\":\"https:\/\/noticiaempauta.com\/portal\/justica-eleitoral-defere-candidatura-de-dr-aderson-filho-a-prefeito-de-socorro-do-piaui\/\",\"url\":\"https:\/\/noticiaempauta.com\/portal\/justica-eleitoral-defere-candidatura-de-dr-aderson-filho-a-prefeito-de-socorro-do-piaui\/\",\"name\":\"Justi\u00e7a Eleitoral defere candidatura de Dr. Aderson Filho a prefeito de Socorro do Piau\u00ed - Portal Not\u00edcia em Pauta\",\"isPartOf\":{\"@id\":\"https:\/\/noticiaempauta.com\/portal\/#website\"},\"primaryImageOfPage\":{\"@id\":\"https:\/\/noticiaempauta.com\/portal\/justica-eleitoral-defere-candidatura-de-dr-aderson-filho-a-prefeito-de-socorro-do-piaui\/#primaryimage\"},\"image\":{\"@id\":\"https:\/\/noticiaempauta.com\/portal\/justica-eleitoral-defere-candidatura-de-dr-aderson-filho-a-prefeito-de-socorro-do-piaui\/#primaryimage\"},\"thumbnailUrl\":\"https:\/\/noticiaempauta.com\/portal\/wp-content\/uploads\/2024\/09\/WhatsApp-Image-2024-09-12-at-10.06.46.jpeg\",\"datePublished\":\"2024-09-12T13:07:57+00:00\",\"dateModified\":\"2024-09-12T13:09:25+00:00\",\"breadcrumb\":{\"@id\":\"https:\/\/noticiaempauta.com\/portal\/justica-eleitoral-defere-candidatura-de-dr-aderson-filho-a-prefeito-de-socorro-do-piaui\/#breadcrumb\"},\"inLanguage\":\"pt-BR\",\"potentialAction\":[{\"@type\":\"ReadAction\",\"target\":[\"https:\/\/noticiaempauta.com\/portal\/justica-eleitoral-defere-candidatura-de-dr-aderson-filho-a-prefeito-de-socorro-do-piaui\/\"]}]},{\"@type\":\"ImageObject\",\"inLanguage\":\"pt-BR\",\"@id\":\"https:\/\/noticiaempauta.com\/portal\/justica-eleitoral-defere-candidatura-de-dr-aderson-filho-a-prefeito-de-socorro-do-piaui\/#primaryimage\",\"url\":\"https:\/\/noticiaempauta.com\/portal\/wp-content\/uploads\/2024\/09\/WhatsApp-Image-2024-09-12-at-10.06.46.jpeg\",\"contentUrl\":\"https:\/\/noticiaempauta.com\/portal\/wp-content\/uploads\/2024\/09\/WhatsApp-Image-2024-09-12-at-10.06.46.jpeg\",\"width\":1055,\"height\":760},{\"@type\":\"BreadcrumbList\",\"@id\":\"https:\/\/noticiaempauta.com\/portal\/justica-eleitoral-defere-candidatura-de-dr-aderson-filho-a-prefeito-de-socorro-do-piaui\/#breadcrumb\",\"itemListElement\":[{\"@type\":\"ListItem\",\"position\":1,\"name\":\"P\u00e1gina Inicial\",\"item\":\"https:\/\/noticiaempauta.com\/portal\/\"},{\"@type\":\"ListItem\",\"position\":2,\"name\":\"Destaques\",\"item\":\"https:\/\/noticiaempauta.com\/portal\/destaques-site\/\"},{\"@type\":\"ListItem\",\"position\":3,\"name\":\"Justi\u00e7a Eleitoral defere candidatura de Dr. Aderson Filho a prefeito de Socorro do Piau\u00ed\"}]},{\"@type\":\"WebSite\",\"@id\":\"https:\/\/noticiaempauta.com\/portal\/#website\",\"url\":\"https:\/\/noticiaempauta.com\/portal\/\",\"name\":\"Portal Not\u00edcia em Pauta\",\"description\":\"Voc\u00ea bem informado\",\"publisher\":{\"@id\":\"https:\/\/noticiaempauta.com\/portal\/#organization\"},\"potentialAction\":[{\"@type\":\"SearchAction\",\"target\":{\"@type\":\"EntryPoint\",\"urlTemplate\":\"https:\/\/noticiaempauta.com\/portal\/?s={search_term_string}\"},\"query-input\":{\"@type\":\"PropertyValueSpecification\",\"valueRequired\":true,\"valueName\":\"search_term_string\"}}],\"inLanguage\":\"pt-BR\"},{\"@type\":\"Organization\",\"@id\":\"https:\/\/noticiaempauta.com\/portal\/#organization\",\"name\":\"Portal Not\u00edcia em Pauta\",\"url\":\"https:\/\/noticiaempauta.com\/portal\/\",\"logo\":{\"@type\":\"ImageObject\",\"inLanguage\":\"pt-BR\",\"@id\":\"https:\/\/noticiaempauta.com\/portal\/#\/schema\/logo\/image\/\",\"url\":\"https:\/\/noticiaempauta.com\/portal\/wp-content\/uploads\/2022\/08\/logomarca_tema.fw_.png\",\"contentUrl\":\"https:\/\/noticiaempauta.com\/portal\/wp-content\/uploads\/2022\/08\/logomarca_tema.fw_.png\",\"width\":400,\"height\":232,\"caption\":\"Portal Not\u00edcia em Pauta\"},\"image\":{\"@id\":\"https:\/\/noticiaempauta.com\/portal\/#\/schema\/logo\/image\/\"},\"sameAs\":[\"https:\/\/www.facebook.com\/Portal-Notcia-Em-Pauta-102292869264820\/\",\"https:\/\/www.instagram.com\/portalnoticiaempauta\/\"]},{\"@type\":\"Person\",\"@id\":\"https:\/\/noticiaempauta.com\/portal\/#\/schema\/person\/a74af43dd1ab3deca45f988c717d57ac\",\"name\":\"Reda\u00e7\u00e3o\",\"image\":{\"@type\":\"ImageObject\",\"inLanguage\":\"pt-BR\",\"@id\":\"https:\/\/noticiaempauta.com\/portal\/#\/schema\/person\/image\/\",\"url\":\"https:\/\/secure.gravatar.com\/avatar\/03179346ecce6cdfc13361603e8f54242a90e5cde8618fa23c5c00aa2b0aadf3?s=96&d=mm&r=g\",\"contentUrl\":\"https:\/\/secure.gravatar.com\/avatar\/03179346ecce6cdfc13361603e8f54242a90e5cde8618fa23c5c00aa2b0aadf3?s=96&d=mm&r=g\",\"caption\":\"Reda\u00e7\u00e3o\"},\"sameAs\":[\"https:\/\/noticiaempauta.com\/portal\/\"],\"url\":\"https:\/\/noticiaempauta.com\/portal\/author\/fernando\/\"}]}<\/script>\n<!-- \/ Yoast SEO Premium plugin. -->","yoast_head_json":{"title":"Justi\u00e7a Eleitoral defere candidatura de Dr. Aderson Filho a prefeito de Socorro do Piau\u00ed - Portal Not\u00edcia em Pauta","robots":{"index":"index","follow":"follow","max-snippet":"max-snippet:-1","max-image-preview":"max-image-preview:large","max-video-preview":"max-video-preview:-1"},"canonical":"https:\/\/noticiaempauta.com\/portal\/justica-eleitoral-defere-candidatura-de-dr-aderson-filho-a-prefeito-de-socorro-do-piaui\/","og_locale":"pt_BR","og_type":"article","og_title":"Justi\u00e7a Eleitoral defere candidatura de Dr. Aderson Filho a prefeito de Socorro do Piau\u00ed","og_description":"A Justi\u00e7a Eleitoral da 37\u00aa Zona, em decis\u00e3o proferida pelo juiz Rostonio Uch\u00f4a Lima Oliveira, deferiu o registro de candidatura de Aderson Barbosa Ribeiro S\u00e1 Filho para concorrer ao cargo de prefeito de Socorro do Piau\u00ed nas elei\u00e7\u00f5es de 2024. Aderson Filho, filiado ao MDB, teve sua candidatura contestada por uma a\u00e7\u00e3o de impugna\u00e7\u00e3o, sob [&hellip;]","og_url":"https:\/\/noticiaempauta.com\/portal\/justica-eleitoral-defere-candidatura-de-dr-aderson-filho-a-prefeito-de-socorro-do-piaui\/","og_site_name":"Portal Not\u00edcia em Pauta","article_publisher":"https:\/\/www.facebook.com\/Portal-Notcia-Em-Pauta-102292869264820\/","article_published_time":"2024-09-12T13:07:57+00:00","article_modified_time":"2024-09-12T13:09:25+00:00","og_image":[{"width":1055,"height":760,"url":"https:\/\/noticiaempauta.com\/portal\/wp-content\/uploads\/2024\/09\/WhatsApp-Image-2024-09-12-at-10.06.46.jpeg","type":"image\/jpeg"}],"author":"Reda\u00e7\u00e3o","twitter_card":"summary_large_image","twitter_misc":{"Escrito por":"Reda\u00e7\u00e3o","Est. tempo de leitura":"3 minutos"},"schema":{"@context":"https:\/\/schema.org","@graph":[{"@type":"Article","@id":"https:\/\/noticiaempauta.com\/portal\/justica-eleitoral-defere-candidatura-de-dr-aderson-filho-a-prefeito-de-socorro-do-piaui\/#article","isPartOf":{"@id":"https:\/\/noticiaempauta.com\/portal\/justica-eleitoral-defere-candidatura-de-dr-aderson-filho-a-prefeito-de-socorro-do-piaui\/"},"author":{"name":"Reda\u00e7\u00e3o","@id":"https:\/\/noticiaempauta.com\/portal\/#\/schema\/person\/a74af43dd1ab3deca45f988c717d57ac"},"headline":"Justi\u00e7a Eleitoral defere candidatura de Dr. Aderson Filho a prefeito de Socorro do Piau\u00ed","datePublished":"2024-09-12T13:07:57+00:00","dateModified":"2024-09-12T13:09:25+00:00","mainEntityOfPage":{"@id":"https:\/\/noticiaempauta.com\/portal\/justica-eleitoral-defere-candidatura-de-dr-aderson-filho-a-prefeito-de-socorro-do-piaui\/"},"wordCount":308,"commentCount":0,"publisher":{"@id":"https:\/\/noticiaempauta.com\/portal\/#organization"},"image":{"@id":"https:\/\/noticiaempauta.com\/portal\/justica-eleitoral-defere-candidatura-de-dr-aderson-filho-a-prefeito-de-socorro-do-piaui\/#primaryimage"},"thumbnailUrl":"https:\/\/noticiaempauta.com\/portal\/wp-content\/uploads\/2024\/09\/WhatsApp-Image-2024-09-12-at-10.06.46.jpeg","articleSection":["Destaques","Geral","Munic\u00edpios","Pol\u00edtica","Todas as Not\u00edcias"],"inLanguage":"pt-BR","potentialAction":[{"@type":"CommentAction","name":"Comment","target":["https:\/\/noticiaempauta.com\/portal\/justica-eleitoral-defere-candidatura-de-dr-aderson-filho-a-prefeito-de-socorro-do-piaui\/#respond"]}]},{"@type":"WebPage","@id":"https:\/\/noticiaempauta.com\/portal\/justica-eleitoral-defere-candidatura-de-dr-aderson-filho-a-prefeito-de-socorro-do-piaui\/","url":"https:\/\/noticiaempauta.com\/portal\/justica-eleitoral-defere-candidatura-de-dr-aderson-filho-a-prefeito-de-socorro-do-piaui\/","name":"Justi\u00e7a Eleitoral defere candidatura de Dr. Aderson Filho a prefeito de Socorro do Piau\u00ed - Portal Not\u00edcia em Pauta","isPartOf":{"@id":"https:\/\/noticiaempauta.com\/portal\/#website"},"primaryImageOfPage":{"@id":"https:\/\/noticiaempauta.com\/portal\/justica-eleitoral-defere-candidatura-de-dr-aderson-filho-a-prefeito-de-socorro-do-piaui\/#primaryimage"},"image":{"@id":"https:\/\/noticiaempauta.com\/portal\/justica-eleitoral-defere-candidatura-de-dr-aderson-filho-a-prefeito-de-socorro-do-piaui\/#primaryimage"},"thumbnailUrl":"https:\/\/noticiaempauta.com\/portal\/wp-content\/uploads\/2024\/09\/WhatsApp-Image-2024-09-12-at-10.06.46.jpeg","datePublished":"2024-09-12T13:07:57+00:00","dateModified":"2024-09-12T13:09:25+00:00","breadcrumb":{"@id":"https:\/\/noticiaempauta.com\/portal\/justica-eleitoral-defere-candidatura-de-dr-aderson-filho-a-prefeito-de-socorro-do-piaui\/#breadcrumb"},"inLanguage":"pt-BR","potentialAction":[{"@type":"ReadAction","target":["https:\/\/noticiaempauta.com\/portal\/justica-eleitoral-defere-candidatura-de-dr-aderson-filho-a-prefeito-de-socorro-do-piaui\/"]}]},{"@type":"ImageObject","inLanguage":"pt-BR","@id":"https:\/\/noticiaempauta.com\/portal\/justica-eleitoral-defere-candidatura-de-dr-aderson-filho-a-prefeito-de-socorro-do-piaui\/#primaryimage","url":"https:\/\/noticiaempauta.com\/portal\/wp-content\/uploads\/2024\/09\/WhatsApp-Image-2024-09-12-at-10.06.46.jpeg","contentUrl":"https:\/\/noticiaempauta.com\/portal\/wp-content\/uploads\/2024\/09\/WhatsApp-Image-2024-09-12-at-10.06.46.jpeg","width":1055,"height":760},{"@type":"BreadcrumbList","@id":"https:\/\/noticiaempauta.com\/portal\/justica-eleitoral-defere-candidatura-de-dr-aderson-filho-a-prefeito-de-socorro-do-piaui\/#breadcrumb","itemListElement":[{"@type":"ListItem","position":1,"name":"P\u00e1gina Inicial","item":"https:\/\/noticiaempauta.com\/portal\/"},{"@type":"ListItem","position":2,"name":"Destaques","item":"https:\/\/noticiaempauta.com\/portal\/destaques-site\/"},{"@type":"ListItem","position":3,"name":"Justi\u00e7a Eleitoral defere candidatura de Dr. Aderson Filho a prefeito de Socorro do Piau\u00ed"}]},{"@type":"WebSite","@id":"https:\/\/noticiaempauta.com\/portal\/#website","url":"https:\/\/noticiaempauta.com\/portal\/","name":"Portal Not\u00edcia em Pauta","description":"Voc\u00ea bem informado","publisher":{"@id":"https:\/\/noticiaempauta.com\/portal\/#organization"},"potentialAction":[{"@type":"SearchAction","target":{"@type":"EntryPoint","urlTemplate":"https:\/\/noticiaempauta.com\/portal\/?s={search_term_string}"},"query-input":{"@type":"PropertyValueSpecification","valueRequired":true,"valueName":"search_term_string"}}],"inLanguage":"pt-BR"},{"@type":"Organization","@id":"https:\/\/noticiaempauta.com\/portal\/#organization","name":"Portal Not\u00edcia em Pauta","url":"https:\/\/noticiaempauta.com\/portal\/","logo":{"@type":"ImageObject","inLanguage":"pt-BR","@id":"https:\/\/noticiaempauta.com\/portal\/#\/schema\/logo\/image\/","url":"https:\/\/noticiaempauta.com\/portal\/wp-content\/uploads\/2022\/08\/logomarca_tema.fw_.png","contentUrl":"https:\/\/noticiaempauta.com\/portal\/wp-content\/uploads\/2022\/08\/logomarca_tema.fw_.png","width":400,"height":232,"caption":"Portal Not\u00edcia em Pauta"},"image":{"@id":"https:\/\/noticiaempauta.com\/portal\/#\/schema\/logo\/image\/"},"sameAs":["https:\/\/www.facebook.com\/Portal-Notcia-Em-Pauta-102292869264820\/","https:\/\/www.instagram.com\/portalnoticiaempauta\/"]},{"@type":"Person","@id":"https:\/\/noticiaempauta.com\/portal\/#\/schema\/person\/a74af43dd1ab3deca45f988c717d57ac","name":"Reda\u00e7\u00e3o","image":{"@type":"ImageObject","inLanguage":"pt-BR","@id":"https:\/\/noticiaempauta.com\/portal\/#\/schema\/person\/image\/","url":"https:\/\/secure.gravatar.com\/avatar\/03179346ecce6cdfc13361603e8f54242a90e5cde8618fa23c5c00aa2b0aadf3?s=96&d=mm&r=g","contentUrl":"https:\/\/secure.gravatar.com\/avatar\/03179346ecce6cdfc13361603e8f54242a90e5cde8618fa23c5c00aa2b0aadf3?s=96&d=mm&r=g","caption":"Reda\u00e7\u00e3o"},"sameAs":["https:\/\/noticiaempauta.com\/portal\/"],"url":"https:\/\/noticiaempauta.com\/portal\/author\/fernando\/"}]}},"_links":{"self":[{"href":"https:\/\/noticiaempauta.com\/portal\/wp-json\/wp\/v2\/posts\/262030","targetHints":{"allow":["GET"]}}],"collection":[{"href":"https:\/\/noticiaempauta.com\/portal\/wp-json\/wp\/v2\/posts"}],"about":[{"href":"https:\/\/noticiaempauta.com\/portal\/wp-json\/wp\/v2\/types\/post"}],"author":[{"embeddable":true,"href":"https:\/\/noticiaempauta.com\/portal\/wp-json\/wp\/v2\/users\/2"}],"replies":[{"embeddable":true,"href":"https:\/\/noticiaempauta.com\/portal\/wp-json\/wp\/v2\/comments?post=262030"}],"version-history":[{"count":2,"href":"https:\/\/noticiaempauta.com\/portal\/wp-json\/wp\/v2\/posts\/262030\/revisions"}],"predecessor-version":[{"id":262035,"href":"https:\/\/noticiaempauta.com\/portal\/wp-json\/wp\/v2\/posts\/262030\/revisions\/262035"}],"wp:featuredmedia":[{"embeddable":true,"href":"https:\/\/noticiaempauta.com\/portal\/wp-json\/wp\/v2\/media\/262033"}],"wp:attachment":[{"href":"https:\/\/noticiaempauta.com\/portal\/wp-json\/wp\/v2\/media?parent=262030"}],"wp:term":[{"taxonomy":"category","embeddable":true,"href":"https:\/\/noticiaempauta.com\/portal\/wp-json\/wp\/v2\/categories?post=262030"},{"taxonomy":"post_tag","embeddable":true,"href":"https:\/\/noticiaempauta.com\/portal\/wp-json\/wp\/v2\/tags?post=262030"}],"curies":[{"name":"wp","href":"https:\/\/api.w.org\/{rel}","templated":true}]}}