{"id":262056,"date":"2024-09-13T10:29:18","date_gmt":"2024-09-13T13:29:18","guid":{"rendered":"https:\/\/noticiaempauta.com\/portal\/?p=262056"},"modified":"2024-09-13T10:29:19","modified_gmt":"2024-09-13T13:29:19","slug":"secretario-de-educacao-amplia-acoes-do-alfabetiza-piaui-no-sul-do-piaui","status":"publish","type":"post","link":"https:\/\/noticiaempauta.com\/portal\/secretario-de-educacao-amplia-acoes-do-alfabetiza-piaui-no-sul-do-piaui\/","title":{"rendered":"Secret\u00e1rio de Educa\u00e7\u00e3o amplia a\u00e7\u00f5es do Alfabetiza Piau\u00ed no sul do Piau\u00ed"},"content":{"rendered":"\n<p>O secret\u00e1rio de Estado da Educa\u00e7\u00e3o, Washington Bandeira, esteve reunido nesta quarta-feira (11), com as equipes que est\u00e3o implementando o Programa Alfabetiza Piau\u00ed em Floresta do Piau\u00ed, Paquet\u00e1 e Aroeiras do Itaim, munic\u00edpios da regi\u00e3o sul do Piau\u00ed.<\/p>\n\n\n\n<figure class=\"wp-block-image size-full\"><img fetchpriority=\"high\" decoding=\"async\" width=\"1000\" height=\"666\" src=\"https:\/\/noticiaempauta.com\/portal\/wp-content\/uploads\/2024\/09\/P40G-IMG-09975dbd00de713505.png\" alt=\"\" class=\"wp-image-262059\" srcset=\"https:\/\/noticiaempauta.com\/portal\/wp-content\/uploads\/2024\/09\/P40G-IMG-09975dbd00de713505.png 1000w, https:\/\/noticiaempauta.com\/portal\/wp-content\/uploads\/2024\/09\/P40G-IMG-09975dbd00de713505-300x200.png 300w, https:\/\/noticiaempauta.com\/portal\/wp-content\/uploads\/2024\/09\/P40G-IMG-09975dbd00de713505-768x511.png 768w\" sizes=\"(max-width: 1000px) 100vw, 1000px\" \/><\/figure>\n\n\n\n<p>O objetivo \u00e9 acompanhar as atividades de aprendizagem de jovens e adultos matriculados no programa Alfabetiza Piau\u00ed, bem como alinhar as a\u00e7\u00f5es envolvendo as equipes das Ger\u00eancias Regionais de Educa\u00e7\u00e3o (GREs), gestores escolares, professores classificados no seletivo Alfabetiza Piau\u00ed e lideran\u00e7as locais ligadas \u00e0 associa\u00e7\u00e3o de produtores rurais e quilombolas nestes munic\u00edpios.<\/p>\n\n\n\n<figure class=\"wp-block-image size-full\"><img decoding=\"async\" width=\"1000\" height=\"731\" src=\"https:\/\/noticiaempauta.com\/portal\/wp-content\/uploads\/2024\/09\/large_image_e03ba778b9.png\" alt=\"\" class=\"wp-image-262058\" srcset=\"https:\/\/noticiaempauta.com\/portal\/wp-content\/uploads\/2024\/09\/large_image_e03ba778b9.png 1000w, https:\/\/noticiaempauta.com\/portal\/wp-content\/uploads\/2024\/09\/large_image_e03ba778b9-300x219.png 300w, https:\/\/noticiaempauta.com\/portal\/wp-content\/uploads\/2024\/09\/large_image_e03ba778b9-768x561.png 768w\" sizes=\"(max-width: 1000px) 100vw, 1000px\" \/><\/figure>\n\n\n\n<p>No munic\u00edpio de Floresta do Piau\u00ed, a 373 quil\u00f4metros de Teresina, Washington Bandeira, acompanhado do superintendente de Educa\u00e7\u00e3o T\u00e9cnica e Profissional e Educa\u00e7\u00e3o de Jovens e Adultos da Seduc, Paulo Henrique, iniciaram o roteiro de visitas com as equipes t\u00e9cnicas no Centro Estadual de Tempo Integral (Ceti) Wilson Nunes Martins Filho, escolas pertencentes \u00e0 8\u00aa GRE.<\/p>\n\n\n\n<p>De acordo com o secret\u00e1rio, o di\u00e1logo mais pr\u00f3ximo dos gestores torna poss\u00edvel identificar os desafios e ampliar a busca ativa por jovens e adultos para iniciarem o processo de alfabetiza\u00e7\u00e3o.<\/p>\n\n\n\n<p>\u201cEstamos visitando os munic\u00edpios Floresta, Paquet\u00e1 e Aroeira do Itaim e nos reunindo com as equipes da Seduc e da comunidade local para intensificar as a\u00e7\u00f5es do Alfabetiza Piau\u00ed, formando mais turmas e, reduzindo os \u00edndices de analfabetismo de jovens e adultos nesses tr\u00eas munic\u00edpios. A nossa meta \u00e9 nos pr\u00f3ximos anos atingir a menor taxa de analfabetismo de jovens e adultos do Brasil\u201d, afirmou Washington Bandeira.<\/p>\n\n\n\n<p>O professor Jos\u00e9 Auxiliador, gestor da escola que foi transformada em Tempo Integral no ano passado, elencou as principais estrat\u00e9gias desenvolvidas para atrair jovens e adultos para a primeira turma, formada por 49 estudantes.<\/p>\n\n\n\n<p>\u201cFizemos toda a campanha de mobiliza\u00e7\u00e3o que a Seduc orientou quanto a busca ativa de jovens e adultos para Programa Alfabetiza Piau\u00ed como as visitas nas casas, carro volante e panfletagem na feira da cidade. As professoras classificadas no processo seletivo tamb\u00e9m entraram nessa busca\u201d, frisou o gestor.<\/p>\n\n\n\n<figure class=\"wp-block-image size-full\"><img decoding=\"async\" width=\"1000\" height=\"666\" src=\"https:\/\/noticiaempauta.com\/portal\/wp-content\/uploads\/2024\/09\/large_image_ddd0a908a9.png\" alt=\"\" class=\"wp-image-262057\" srcset=\"https:\/\/noticiaempauta.com\/portal\/wp-content\/uploads\/2024\/09\/large_image_ddd0a908a9.png 1000w, https:\/\/noticiaempauta.com\/portal\/wp-content\/uploads\/2024\/09\/large_image_ddd0a908a9-300x200.png 300w, https:\/\/noticiaempauta.com\/portal\/wp-content\/uploads\/2024\/09\/large_image_ddd0a908a9-768x511.png 768w\" sizes=\"(max-width: 1000px) 100vw, 1000px\" \/><\/figure>\n\n\n\n<p>\u00a0<\/p>\n\n\n\n<p><strong>Paquet\u00e1 do Piau\u00ed e Aroeiras do Itaim\u00a0<\/strong><\/p>\n\n\n\n<p>Na segunda escola visitada, o Centro Estadual de Tempo Integral (Ceti) Geraldino Cl\u00e9vis, o destaque ficou para o di\u00e1logo com as equipes gestoras e lideran\u00e7as locais ligadas \u00e0 Associa\u00e7\u00e3o de Produtores Rurais, Quilombo Custaneira, Tronco, Cana Brava e Mutamba. Nas regi\u00f5es, a equipe do Alfabetiza Piau\u00ed iniciou a alfabetiza\u00e7\u00e3o de 43 estudantes, entre jovens e adultos.<\/p>\n\n\n\n<p>Ant\u00f4nia Lu\u00edsa da Concei\u00e7\u00e3o, presidente do Sindicato dos Trabalhadores Rurais de Paquet\u00e1 e presidente da Associa\u00e7\u00e3o Quilombola de Canabrava dos Amaros, destacou a import\u00e2ncia da a\u00e7\u00e3o. \u201cExistem muitas pessoas que ainda n\u00e3o sabem ler e escrever, muitas vezes nem escrevem o pr\u00f3prio nome. O Alfabetiza Piau\u00ed \u00e9 uma a\u00e7\u00e3o de cidadania\u201d, afirmou.<\/p>\n\n\n\n<p>A ex-aluna do Ceti Geraldino Cl\u00e9vis, Elizete Sousa, est\u00e1 participando da iniciativa do Programa Mulheres Mil, com o curso de Ci\u00eancias Biol\u00f3gicas. \u201cTemos muitos talentos aqui que s\u00f3 precisam de uma oportunidade para se destacarem, tanto no mundo do trabalho como para um desenvolvimento pessoal\u201d, agradeceu.<\/p>\n\n\n\n<p>A \u00faltima parada do dia foi em Aroeira do Itaim, no Centro Estadual de Tempo Integral (Ceti) S\u00e3o Jos\u00e9. A comitiva da Seduc esteve reunida com a equipe gestora e lideran\u00e7as locais ligadas \u00e0 Associa\u00e7\u00e3o de Produtores Rurais e Quilombolas.<\/p>\n\n\n\n<p>CCOM-PI<\/p>\n","protected":false},"excerpt":{"rendered":"<p>O secret\u00e1rio de Estado da Educa\u00e7\u00e3o, Washington Bandeira, esteve reunido nesta quarta-feira (11), com as equipes que est\u00e3o implementando o Programa Alfabetiza Piau\u00ed em Floresta do Piau\u00ed, Paquet\u00e1 e Aroeiras do Itaim, munic\u00edpios da regi\u00e3o sul do Piau\u00ed. O objetivo \u00e9 acompanhar as atividades de aprendizagem de jovens e adultos matriculados no programa Alfabetiza Piau\u00ed, [&hellip;]<\/p>\n","protected":false},"author":2,"featured_media":262058,"comment_status":"open","ping_status":"open","sticky":false,"template":"","format":"standard","meta":{"_mi_skip_tracking":false,"footnotes":""},"categories":[25,1,9,16],"tags":[],"class_list":["post-262056","post","type-post","status-publish","format-standard","has-post-thumbnail","hentry","category-destaques-site","category-geral","category-municipios","category-todas"],"acf":[],"yoast_head":"<!-- This site is optimized with the Yoast SEO Premium plugin v19.2 (Yoast SEO v26.9) - https:\/\/yoast.com\/product\/yoast-seo-premium-wordpress\/ -->\n<title>Secret\u00e1rio de Educa\u00e7\u00e3o amplia a\u00e7\u00f5es do Alfabetiza Piau\u00ed no sul do Piau\u00ed - Portal Not\u00edcia em Pauta<\/title>\n<meta name=\"robots\" content=\"index, follow, max-snippet:-1, max-image-preview:large, max-video-preview:-1\" \/>\n<link rel=\"canonical\" href=\"https:\/\/noticiaempauta.com\/portal\/secretario-de-educacao-amplia-acoes-do-alfabetiza-piaui-no-sul-do-piaui\/\" \/>\n<meta property=\"og:locale\" content=\"pt_BR\" \/>\n<meta property=\"og:type\" content=\"article\" \/>\n<meta property=\"og:title\" content=\"Secret\u00e1rio de Educa\u00e7\u00e3o amplia a\u00e7\u00f5es do Alfabetiza Piau\u00ed no sul do Piau\u00ed\" \/>\n<meta property=\"og:description\" content=\"O secret\u00e1rio de Estado da Educa\u00e7\u00e3o, Washington Bandeira, esteve reunido nesta quarta-feira (11), com as equipes que est\u00e3o implementando o Programa Alfabetiza Piau\u00ed em Floresta do Piau\u00ed, Paquet\u00e1 e Aroeiras do Itaim, munic\u00edpios da regi\u00e3o sul do Piau\u00ed. O objetivo \u00e9 acompanhar as atividades de aprendizagem de jovens e adultos matriculados no programa Alfabetiza Piau\u00ed, [&hellip;]\" \/>\n<meta property=\"og:url\" content=\"https:\/\/noticiaempauta.com\/portal\/secretario-de-educacao-amplia-acoes-do-alfabetiza-piaui-no-sul-do-piaui\/\" \/>\n<meta property=\"og:site_name\" content=\"Portal Not\u00edcia em Pauta\" \/>\n<meta property=\"article:publisher\" content=\"https:\/\/www.facebook.com\/Portal-Notcia-Em-Pauta-102292869264820\/\" \/>\n<meta property=\"article:published_time\" content=\"2024-09-13T13:29:18+00:00\" \/>\n<meta property=\"article:modified_time\" content=\"2024-09-13T13:29:19+00:00\" \/>\n<meta property=\"og:image\" content=\"https:\/\/noticiaempauta.com\/portal\/wp-content\/uploads\/2024\/09\/large_image_e03ba778b9.png\" \/>\n\t<meta property=\"og:image:width\" content=\"1000\" \/>\n\t<meta property=\"og:image:height\" content=\"731\" \/>\n\t<meta property=\"og:image:type\" content=\"image\/png\" \/>\n<meta name=\"author\" content=\"Reda\u00e7\u00e3o\" \/>\n<meta name=\"twitter:card\" content=\"summary_large_image\" \/>\n<meta name=\"twitter:label1\" content=\"Escrito por\" \/>\n\t<meta name=\"twitter:data1\" content=\"Reda\u00e7\u00e3o\" \/>\n\t<meta name=\"twitter:label2\" content=\"Est. tempo de leitura\" \/>\n\t<meta name=\"twitter:data2\" content=\"4 minutos\" \/>\n<script type=\"application\/ld+json\" class=\"yoast-schema-graph\">{\"@context\":\"https:\/\/schema.org\",\"@graph\":[{\"@type\":\"Article\",\"@id\":\"https:\/\/noticiaempauta.com\/portal\/secretario-de-educacao-amplia-acoes-do-alfabetiza-piaui-no-sul-do-piaui\/#article\",\"isPartOf\":{\"@id\":\"https:\/\/noticiaempauta.com\/portal\/secretario-de-educacao-amplia-acoes-do-alfabetiza-piaui-no-sul-do-piaui\/\"},\"author\":{\"name\":\"Reda\u00e7\u00e3o\",\"@id\":\"https:\/\/noticiaempauta.com\/portal\/#\/schema\/person\/a74af43dd1ab3deca45f988c717d57ac\"},\"headline\":\"Secret\u00e1rio de Educa\u00e7\u00e3o amplia a\u00e7\u00f5es do Alfabetiza Piau\u00ed no sul do Piau\u00ed\",\"datePublished\":\"2024-09-13T13:29:18+00:00\",\"dateModified\":\"2024-09-13T13:29:19+00:00\",\"mainEntityOfPage\":{\"@id\":\"https:\/\/noticiaempauta.com\/portal\/secretario-de-educacao-amplia-acoes-do-alfabetiza-piaui-no-sul-do-piaui\/\"},\"wordCount\":582,\"commentCount\":0,\"publisher\":{\"@id\":\"https:\/\/noticiaempauta.com\/portal\/#organization\"},\"image\":{\"@id\":\"https:\/\/noticiaempauta.com\/portal\/secretario-de-educacao-amplia-acoes-do-alfabetiza-piaui-no-sul-do-piaui\/#primaryimage\"},\"thumbnailUrl\":\"https:\/\/noticiaempauta.com\/portal\/wp-content\/uploads\/2024\/09\/large_image_e03ba778b9.png\",\"articleSection\":[\"Destaques\",\"Geral\",\"Munic\u00edpios\",\"Todas as Not\u00edcias\"],\"inLanguage\":\"pt-BR\",\"potentialAction\":[{\"@type\":\"CommentAction\",\"name\":\"Comment\",\"target\":[\"https:\/\/noticiaempauta.com\/portal\/secretario-de-educacao-amplia-acoes-do-alfabetiza-piaui-no-sul-do-piaui\/#respond\"]}]},{\"@type\":\"WebPage\",\"@id\":\"https:\/\/noticiaempauta.com\/portal\/secretario-de-educacao-amplia-acoes-do-alfabetiza-piaui-no-sul-do-piaui\/\",\"url\":\"https:\/\/noticiaempauta.com\/portal\/secretario-de-educacao-amplia-acoes-do-alfabetiza-piaui-no-sul-do-piaui\/\",\"name\":\"Secret\u00e1rio de Educa\u00e7\u00e3o amplia a\u00e7\u00f5es do Alfabetiza Piau\u00ed no sul do Piau\u00ed - Portal Not\u00edcia em Pauta\",\"isPartOf\":{\"@id\":\"https:\/\/noticiaempauta.com\/portal\/#website\"},\"primaryImageOfPage\":{\"@id\":\"https:\/\/noticiaempauta.com\/portal\/secretario-de-educacao-amplia-acoes-do-alfabetiza-piaui-no-sul-do-piaui\/#primaryimage\"},\"image\":{\"@id\":\"https:\/\/noticiaempauta.com\/portal\/secretario-de-educacao-amplia-acoes-do-alfabetiza-piaui-no-sul-do-piaui\/#primaryimage\"},\"thumbnailUrl\":\"https:\/\/noticiaempauta.com\/portal\/wp-content\/uploads\/2024\/09\/large_image_e03ba778b9.png\",\"datePublished\":\"2024-09-13T13:29:18+00:00\",\"dateModified\":\"2024-09-13T13:29:19+00:00\",\"breadcrumb\":{\"@id\":\"https:\/\/noticiaempauta.com\/portal\/secretario-de-educacao-amplia-acoes-do-alfabetiza-piaui-no-sul-do-piaui\/#breadcrumb\"},\"inLanguage\":\"pt-BR\",\"potentialAction\":[{\"@type\":\"ReadAction\",\"target\":[\"https:\/\/noticiaempauta.com\/portal\/secretario-de-educacao-amplia-acoes-do-alfabetiza-piaui-no-sul-do-piaui\/\"]}]},{\"@type\":\"ImageObject\",\"inLanguage\":\"pt-BR\",\"@id\":\"https:\/\/noticiaempauta.com\/portal\/secretario-de-educacao-amplia-acoes-do-alfabetiza-piaui-no-sul-do-piaui\/#primaryimage\",\"url\":\"https:\/\/noticiaempauta.com\/portal\/wp-content\/uploads\/2024\/09\/large_image_e03ba778b9.png\",\"contentUrl\":\"https:\/\/noticiaempauta.com\/portal\/wp-content\/uploads\/2024\/09\/large_image_e03ba778b9.png\",\"width\":1000,\"height\":731},{\"@type\":\"BreadcrumbList\",\"@id\":\"https:\/\/noticiaempauta.com\/portal\/secretario-de-educacao-amplia-acoes-do-alfabetiza-piaui-no-sul-do-piaui\/#breadcrumb\",\"itemListElement\":[{\"@type\":\"ListItem\",\"position\":1,\"name\":\"P\u00e1gina Inicial\",\"item\":\"https:\/\/noticiaempauta.com\/portal\/\"},{\"@type\":\"ListItem\",\"position\":2,\"name\":\"Destaques\",\"item\":\"https:\/\/noticiaempauta.com\/portal\/destaques-site\/\"},{\"@type\":\"ListItem\",\"position\":3,\"name\":\"Secret\u00e1rio de Educa\u00e7\u00e3o amplia a\u00e7\u00f5es do Alfabetiza Piau\u00ed no sul do Piau\u00ed\"}]},{\"@type\":\"WebSite\",\"@id\":\"https:\/\/noticiaempauta.com\/portal\/#website\",\"url\":\"https:\/\/noticiaempauta.com\/portal\/\",\"name\":\"Portal Not\u00edcia em Pauta\",\"description\":\"Voc\u00ea bem informado\",\"publisher\":{\"@id\":\"https:\/\/noticiaempauta.com\/portal\/#organization\"},\"potentialAction\":[{\"@type\":\"SearchAction\",\"target\":{\"@type\":\"EntryPoint\",\"urlTemplate\":\"https:\/\/noticiaempauta.com\/portal\/?s={search_term_string}\"},\"query-input\":{\"@type\":\"PropertyValueSpecification\",\"valueRequired\":true,\"valueName\":\"search_term_string\"}}],\"inLanguage\":\"pt-BR\"},{\"@type\":\"Organization\",\"@id\":\"https:\/\/noticiaempauta.com\/portal\/#organization\",\"name\":\"Portal Not\u00edcia em Pauta\",\"url\":\"https:\/\/noticiaempauta.com\/portal\/\",\"logo\":{\"@type\":\"ImageObject\",\"inLanguage\":\"pt-BR\",\"@id\":\"https:\/\/noticiaempauta.com\/portal\/#\/schema\/logo\/image\/\",\"url\":\"https:\/\/noticiaempauta.com\/portal\/wp-content\/uploads\/2022\/08\/logomarca_tema.fw_.png\",\"contentUrl\":\"https:\/\/noticiaempauta.com\/portal\/wp-content\/uploads\/2022\/08\/logomarca_tema.fw_.png\",\"width\":400,\"height\":232,\"caption\":\"Portal Not\u00edcia em Pauta\"},\"image\":{\"@id\":\"https:\/\/noticiaempauta.com\/portal\/#\/schema\/logo\/image\/\"},\"sameAs\":[\"https:\/\/www.facebook.com\/Portal-Notcia-Em-Pauta-102292869264820\/\",\"https:\/\/www.instagram.com\/portalnoticiaempauta\/\"]},{\"@type\":\"Person\",\"@id\":\"https:\/\/noticiaempauta.com\/portal\/#\/schema\/person\/a74af43dd1ab3deca45f988c717d57ac\",\"name\":\"Reda\u00e7\u00e3o\",\"image\":{\"@type\":\"ImageObject\",\"inLanguage\":\"pt-BR\",\"@id\":\"https:\/\/noticiaempauta.com\/portal\/#\/schema\/person\/image\/\",\"url\":\"https:\/\/secure.gravatar.com\/avatar\/03179346ecce6cdfc13361603e8f54242a90e5cde8618fa23c5c00aa2b0aadf3?s=96&d=mm&r=g\",\"contentUrl\":\"https:\/\/secure.gravatar.com\/avatar\/03179346ecce6cdfc13361603e8f54242a90e5cde8618fa23c5c00aa2b0aadf3?s=96&d=mm&r=g\",\"caption\":\"Reda\u00e7\u00e3o\"},\"sameAs\":[\"https:\/\/noticiaempauta.com\/portal\/\"],\"url\":\"https:\/\/noticiaempauta.com\/portal\/author\/fernando\/\"}]}<\/script>\n<!-- \/ Yoast SEO Premium plugin. -->","yoast_head_json":{"title":"Secret\u00e1rio de Educa\u00e7\u00e3o amplia a\u00e7\u00f5es do Alfabetiza Piau\u00ed no sul do Piau\u00ed - Portal Not\u00edcia em Pauta","robots":{"index":"index","follow":"follow","max-snippet":"max-snippet:-1","max-image-preview":"max-image-preview:large","max-video-preview":"max-video-preview:-1"},"canonical":"https:\/\/noticiaempauta.com\/portal\/secretario-de-educacao-amplia-acoes-do-alfabetiza-piaui-no-sul-do-piaui\/","og_locale":"pt_BR","og_type":"article","og_title":"Secret\u00e1rio de Educa\u00e7\u00e3o amplia a\u00e7\u00f5es do Alfabetiza Piau\u00ed no sul do Piau\u00ed","og_description":"O secret\u00e1rio de Estado da Educa\u00e7\u00e3o, Washington Bandeira, esteve reunido nesta quarta-feira (11), com as equipes que est\u00e3o implementando o Programa Alfabetiza Piau\u00ed em Floresta do Piau\u00ed, Paquet\u00e1 e Aroeiras do Itaim, munic\u00edpios da regi\u00e3o sul do Piau\u00ed. O objetivo \u00e9 acompanhar as atividades de aprendizagem de jovens e adultos matriculados no programa Alfabetiza Piau\u00ed, [&hellip;]","og_url":"https:\/\/noticiaempauta.com\/portal\/secretario-de-educacao-amplia-acoes-do-alfabetiza-piaui-no-sul-do-piaui\/","og_site_name":"Portal Not\u00edcia em Pauta","article_publisher":"https:\/\/www.facebook.com\/Portal-Notcia-Em-Pauta-102292869264820\/","article_published_time":"2024-09-13T13:29:18+00:00","article_modified_time":"2024-09-13T13:29:19+00:00","og_image":[{"width":1000,"height":731,"url":"https:\/\/noticiaempauta.com\/portal\/wp-content\/uploads\/2024\/09\/large_image_e03ba778b9.png","type":"image\/png"}],"author":"Reda\u00e7\u00e3o","twitter_card":"summary_large_image","twitter_misc":{"Escrito por":"Reda\u00e7\u00e3o","Est. tempo de leitura":"4 minutos"},"schema":{"@context":"https:\/\/schema.org","@graph":[{"@type":"Article","@id":"https:\/\/noticiaempauta.com\/portal\/secretario-de-educacao-amplia-acoes-do-alfabetiza-piaui-no-sul-do-piaui\/#article","isPartOf":{"@id":"https:\/\/noticiaempauta.com\/portal\/secretario-de-educacao-amplia-acoes-do-alfabetiza-piaui-no-sul-do-piaui\/"},"author":{"name":"Reda\u00e7\u00e3o","@id":"https:\/\/noticiaempauta.com\/portal\/#\/schema\/person\/a74af43dd1ab3deca45f988c717d57ac"},"headline":"Secret\u00e1rio de Educa\u00e7\u00e3o amplia a\u00e7\u00f5es do Alfabetiza Piau\u00ed no sul do Piau\u00ed","datePublished":"2024-09-13T13:29:18+00:00","dateModified":"2024-09-13T13:29:19+00:00","mainEntityOfPage":{"@id":"https:\/\/noticiaempauta.com\/portal\/secretario-de-educacao-amplia-acoes-do-alfabetiza-piaui-no-sul-do-piaui\/"},"wordCount":582,"commentCount":0,"publisher":{"@id":"https:\/\/noticiaempauta.com\/portal\/#organization"},"image":{"@id":"https:\/\/noticiaempauta.com\/portal\/secretario-de-educacao-amplia-acoes-do-alfabetiza-piaui-no-sul-do-piaui\/#primaryimage"},"thumbnailUrl":"https:\/\/noticiaempauta.com\/portal\/wp-content\/uploads\/2024\/09\/large_image_e03ba778b9.png","articleSection":["Destaques","Geral","Munic\u00edpios","Todas as Not\u00edcias"],"inLanguage":"pt-BR","potentialAction":[{"@type":"CommentAction","name":"Comment","target":["https:\/\/noticiaempauta.com\/portal\/secretario-de-educacao-amplia-acoes-do-alfabetiza-piaui-no-sul-do-piaui\/#respond"]}]},{"@type":"WebPage","@id":"https:\/\/noticiaempauta.com\/portal\/secretario-de-educacao-amplia-acoes-do-alfabetiza-piaui-no-sul-do-piaui\/","url":"https:\/\/noticiaempauta.com\/portal\/secretario-de-educacao-amplia-acoes-do-alfabetiza-piaui-no-sul-do-piaui\/","name":"Secret\u00e1rio de Educa\u00e7\u00e3o amplia a\u00e7\u00f5es do Alfabetiza Piau\u00ed no sul do Piau\u00ed - Portal Not\u00edcia em Pauta","isPartOf":{"@id":"https:\/\/noticiaempauta.com\/portal\/#website"},"primaryImageOfPage":{"@id":"https:\/\/noticiaempauta.com\/portal\/secretario-de-educacao-amplia-acoes-do-alfabetiza-piaui-no-sul-do-piaui\/#primaryimage"},"image":{"@id":"https:\/\/noticiaempauta.com\/portal\/secretario-de-educacao-amplia-acoes-do-alfabetiza-piaui-no-sul-do-piaui\/#primaryimage"},"thumbnailUrl":"https:\/\/noticiaempauta.com\/portal\/wp-content\/uploads\/2024\/09\/large_image_e03ba778b9.png","datePublished":"2024-09-13T13:29:18+00:00","dateModified":"2024-09-13T13:29:19+00:00","breadcrumb":{"@id":"https:\/\/noticiaempauta.com\/portal\/secretario-de-educacao-amplia-acoes-do-alfabetiza-piaui-no-sul-do-piaui\/#breadcrumb"},"inLanguage":"pt-BR","potentialAction":[{"@type":"ReadAction","target":["https:\/\/noticiaempauta.com\/portal\/secretario-de-educacao-amplia-acoes-do-alfabetiza-piaui-no-sul-do-piaui\/"]}]},{"@type":"ImageObject","inLanguage":"pt-BR","@id":"https:\/\/noticiaempauta.com\/portal\/secretario-de-educacao-amplia-acoes-do-alfabetiza-piaui-no-sul-do-piaui\/#primaryimage","url":"https:\/\/noticiaempauta.com\/portal\/wp-content\/uploads\/2024\/09\/large_image_e03ba778b9.png","contentUrl":"https:\/\/noticiaempauta.com\/portal\/wp-content\/uploads\/2024\/09\/large_image_e03ba778b9.png","width":1000,"height":731},{"@type":"BreadcrumbList","@id":"https:\/\/noticiaempauta.com\/portal\/secretario-de-educacao-amplia-acoes-do-alfabetiza-piaui-no-sul-do-piaui\/#breadcrumb","itemListElement":[{"@type":"ListItem","position":1,"name":"P\u00e1gina Inicial","item":"https:\/\/noticiaempauta.com\/portal\/"},{"@type":"ListItem","position":2,"name":"Destaques","item":"https:\/\/noticiaempauta.com\/portal\/destaques-site\/"},{"@type":"ListItem","position":3,"name":"Secret\u00e1rio de Educa\u00e7\u00e3o amplia a\u00e7\u00f5es do Alfabetiza Piau\u00ed no sul do Piau\u00ed"}]},{"@type":"WebSite","@id":"https:\/\/noticiaempauta.com\/portal\/#website","url":"https:\/\/noticiaempauta.com\/portal\/","name":"Portal Not\u00edcia em Pauta","description":"Voc\u00ea bem informado","publisher":{"@id":"https:\/\/noticiaempauta.com\/portal\/#organization"},"potentialAction":[{"@type":"SearchAction","target":{"@type":"EntryPoint","urlTemplate":"https:\/\/noticiaempauta.com\/portal\/?s={search_term_string}"},"query-input":{"@type":"PropertyValueSpecification","valueRequired":true,"valueName":"search_term_string"}}],"inLanguage":"pt-BR"},{"@type":"Organization","@id":"https:\/\/noticiaempauta.com\/portal\/#organization","name":"Portal Not\u00edcia em Pauta","url":"https:\/\/noticiaempauta.com\/portal\/","logo":{"@type":"ImageObject","inLanguage":"pt-BR","@id":"https:\/\/noticiaempauta.com\/portal\/#\/schema\/logo\/image\/","url":"https:\/\/noticiaempauta.com\/portal\/wp-content\/uploads\/2022\/08\/logomarca_tema.fw_.png","contentUrl":"https:\/\/noticiaempauta.com\/portal\/wp-content\/uploads\/2022\/08\/logomarca_tema.fw_.png","width":400,"height":232,"caption":"Portal Not\u00edcia em Pauta"},"image":{"@id":"https:\/\/noticiaempauta.com\/portal\/#\/schema\/logo\/image\/"},"sameAs":["https:\/\/www.facebook.com\/Portal-Notcia-Em-Pauta-102292869264820\/","https:\/\/www.instagram.com\/portalnoticiaempauta\/"]},{"@type":"Person","@id":"https:\/\/noticiaempauta.com\/portal\/#\/schema\/person\/a74af43dd1ab3deca45f988c717d57ac","name":"Reda\u00e7\u00e3o","image":{"@type":"ImageObject","inLanguage":"pt-BR","@id":"https:\/\/noticiaempauta.com\/portal\/#\/schema\/person\/image\/","url":"https:\/\/secure.gravatar.com\/avatar\/03179346ecce6cdfc13361603e8f54242a90e5cde8618fa23c5c00aa2b0aadf3?s=96&d=mm&r=g","contentUrl":"https:\/\/secure.gravatar.com\/avatar\/03179346ecce6cdfc13361603e8f54242a90e5cde8618fa23c5c00aa2b0aadf3?s=96&d=mm&r=g","caption":"Reda\u00e7\u00e3o"},"sameAs":["https:\/\/noticiaempauta.com\/portal\/"],"url":"https:\/\/noticiaempauta.com\/portal\/author\/fernando\/"}]}},"_links":{"self":[{"href":"https:\/\/noticiaempauta.com\/portal\/wp-json\/wp\/v2\/posts\/262056","targetHints":{"allow":["GET"]}}],"collection":[{"href":"https:\/\/noticiaempauta.com\/portal\/wp-json\/wp\/v2\/posts"}],"about":[{"href":"https:\/\/noticiaempauta.com\/portal\/wp-json\/wp\/v2\/types\/post"}],"author":[{"embeddable":true,"href":"https:\/\/noticiaempauta.com\/portal\/wp-json\/wp\/v2\/users\/2"}],"replies":[{"embeddable":true,"href":"https:\/\/noticiaempauta.com\/portal\/wp-json\/wp\/v2\/comments?post=262056"}],"version-history":[{"count":1,"href":"https:\/\/noticiaempauta.com\/portal\/wp-json\/wp\/v2\/posts\/262056\/revisions"}],"predecessor-version":[{"id":262060,"href":"https:\/\/noticiaempauta.com\/portal\/wp-json\/wp\/v2\/posts\/262056\/revisions\/262060"}],"wp:featuredmedia":[{"embeddable":true,"href":"https:\/\/noticiaempauta.com\/portal\/wp-json\/wp\/v2\/media\/262058"}],"wp:attachment":[{"href":"https:\/\/noticiaempauta.com\/portal\/wp-json\/wp\/v2\/media?parent=262056"}],"wp:term":[{"taxonomy":"category","embeddable":true,"href":"https:\/\/noticiaempauta.com\/portal\/wp-json\/wp\/v2\/categories?post=262056"},{"taxonomy":"post_tag","embeddable":true,"href":"https:\/\/noticiaempauta.com\/portal\/wp-json\/wp\/v2\/tags?post=262056"}],"curies":[{"name":"wp","href":"https:\/\/api.w.org\/{rel}","templated":true}]}}