{"id":262092,"date":"2024-09-15T09:52:16","date_gmt":"2024-09-15T12:52:16","guid":{"rendered":"https:\/\/noticiaempauta.com\/portal\/?p=262092"},"modified":"2024-09-15T09:53:08","modified_gmt":"2024-09-15T12:53:08","slug":"vereador-rinaldinho-reune-centenas-de-apoiadores-durante-evento-de-apoio-a-sua-reeleicao","status":"publish","type":"post","link":"https:\/\/noticiaempauta.com\/portal\/vereador-rinaldinho-reune-centenas-de-apoiadores-durante-evento-de-apoio-a-sua-reeleicao\/","title":{"rendered":"Vereador Rinaldinho re\u00fane centenas de apoiadores durante evento de apoio a sua reelei\u00e7\u00e3o"},"content":{"rendered":"\n<p>O vereador e candidato a reelei\u00e7\u00e3o, Jos\u00e9 Rinaldo Cabral Pereira Filho, o Rinaldinho (MDB), reuniu familiares, amigos e apoiadores da sua campanha em grande encontro na noite da \u00faltima sexta-feira, 13 de setembro no Espa\u00e7o de Eventos do Restaurante Gald\u00eancio em Picos.<\/p>\n\n\n\n<figure class=\"wp-block-image size-large\"><img fetchpriority=\"high\" decoding=\"async\" width=\"768\" height=\"1024\" src=\"https:\/\/noticiaempauta.com\/portal\/wp-content\/uploads\/2024\/09\/a8dd03fe-7bed-4c5e-88a4-d13eec88e354-768x1024.jpeg\" alt=\"\" class=\"wp-image-262094\" srcset=\"https:\/\/noticiaempauta.com\/portal\/wp-content\/uploads\/2024\/09\/a8dd03fe-7bed-4c5e-88a4-d13eec88e354-768x1024.jpeg 768w, https:\/\/noticiaempauta.com\/portal\/wp-content\/uploads\/2024\/09\/a8dd03fe-7bed-4c5e-88a4-d13eec88e354-225x300.jpeg 225w, https:\/\/noticiaempauta.com\/portal\/wp-content\/uploads\/2024\/09\/a8dd03fe-7bed-4c5e-88a4-d13eec88e354-1152x1536.jpeg 1152w, https:\/\/noticiaempauta.com\/portal\/wp-content\/uploads\/2024\/09\/a8dd03fe-7bed-4c5e-88a4-d13eec88e354-1536x2048.jpeg 1536w, https:\/\/noticiaempauta.com\/portal\/wp-content\/uploads\/2024\/09\/a8dd03fe-7bed-4c5e-88a4-d13eec88e354-scaled.jpeg 1920w\" sizes=\"(max-width: 768px) 100vw, 768px\" \/><\/figure>\n\n\n\n<p>Decano na c\u00e2mara municipal de Picos o parlamentar busca reelei\u00e7\u00e3o para o sexto mandato na casa, com vasta experi\u00eancia pol\u00edtica e muitos servi\u00e7os prestados a popula\u00e7\u00e3o fruto da sua atua\u00e7\u00e3o como vereador, Rinaldinho tem consolidado grande n\u00famero de lideran\u00e7as e apoiadores na sua campanha de reelei\u00e7\u00e3o.<\/p>\n\n\n\n<figure class=\"wp-block-image size-large\"><img decoding=\"async\" width=\"768\" height=\"1024\" src=\"https:\/\/noticiaempauta.com\/portal\/wp-content\/uploads\/2024\/09\/IMG_4918-768x1024.jpeg\" alt=\"\" class=\"wp-image-262098\" srcset=\"https:\/\/noticiaempauta.com\/portal\/wp-content\/uploads\/2024\/09\/IMG_4918-768x1024.jpeg 768w, https:\/\/noticiaempauta.com\/portal\/wp-content\/uploads\/2024\/09\/IMG_4918-225x300.jpeg 225w, https:\/\/noticiaempauta.com\/portal\/wp-content\/uploads\/2024\/09\/IMG_4918-1152x1536.jpeg 1152w, https:\/\/noticiaempauta.com\/portal\/wp-content\/uploads\/2024\/09\/IMG_4918-1536x2048.jpeg 1536w, https:\/\/noticiaempauta.com\/portal\/wp-content\/uploads\/2024\/09\/IMG_4918-scaled.jpeg 1920w\" sizes=\"(max-width: 768px) 100vw, 768px\" \/><\/figure>\n\n\n\n<figure class=\"wp-block-image size-large\"><img decoding=\"async\" width=\"768\" height=\"1024\" src=\"https:\/\/noticiaempauta.com\/portal\/wp-content\/uploads\/2024\/09\/IMG_4919-768x1024.jpeg\" alt=\"\" class=\"wp-image-262095\" srcset=\"https:\/\/noticiaempauta.com\/portal\/wp-content\/uploads\/2024\/09\/IMG_4919-768x1024.jpeg 768w, https:\/\/noticiaempauta.com\/portal\/wp-content\/uploads\/2024\/09\/IMG_4919-225x300.jpeg 225w, https:\/\/noticiaempauta.com\/portal\/wp-content\/uploads\/2024\/09\/IMG_4919-1152x1536.jpeg 1152w, https:\/\/noticiaempauta.com\/portal\/wp-content\/uploads\/2024\/09\/IMG_4919-1536x2048.jpeg 1536w, https:\/\/noticiaempauta.com\/portal\/wp-content\/uploads\/2024\/09\/IMG_4919-scaled.jpeg 1920w\" sizes=\"(max-width: 768px) 100vw, 768px\" \/><\/figure>\n\n\n\n<p>No evento, marcaram presen\u00e7as o candidato a prefeito Dr. Pablo Santos e Xand\u00fa N\u00e9ri candidata a vice, deputado estadual Severo Eul\u00e1lio e o empres\u00e1rio e l\u00edder pol\u00edtico Araujinho.<\/p>\n\n\n\n<figure class=\"wp-block-image size-large\"><img loading=\"lazy\" decoding=\"async\" width=\"1024\" height=\"936\" src=\"https:\/\/noticiaempauta.com\/portal\/wp-content\/uploads\/2024\/09\/IMG_4916-1024x936.jpeg\" alt=\"\" class=\"wp-image-262099\" srcset=\"https:\/\/noticiaempauta.com\/portal\/wp-content\/uploads\/2024\/09\/IMG_4916-1024x936.jpeg 1024w, https:\/\/noticiaempauta.com\/portal\/wp-content\/uploads\/2024\/09\/IMG_4916-300x274.jpeg 300w, https:\/\/noticiaempauta.com\/portal\/wp-content\/uploads\/2024\/09\/IMG_4916-768x702.jpeg 768w, https:\/\/noticiaempauta.com\/portal\/wp-content\/uploads\/2024\/09\/IMG_4916.jpeg 1170w\" sizes=\"(max-width: 1024px) 100vw, 1024px\" \/><\/figure>\n\n\n\n<p>Natural de Picos, vereador e bacharel em Direito, Rinaldinho tem 49 anos, \u00e9 casado com a advogada e professora Antonia Maria e possui duas filhas, as m\u00e9dicas Ana Z\u00e9lia e Maria Clara.<\/p>\n\n\n\n\n\n<figure class=\"wp-block-image size-large\"><img loading=\"lazy\" decoding=\"async\" width=\"768\" height=\"1024\" src=\"https:\/\/noticiaempauta.com\/portal\/wp-content\/uploads\/2024\/09\/e084b2b0-c878-4c7b-b989-2d5105db5281-768x1024.jpeg\" alt=\"\" class=\"wp-image-262096\" srcset=\"https:\/\/noticiaempauta.com\/portal\/wp-content\/uploads\/2024\/09\/e084b2b0-c878-4c7b-b989-2d5105db5281-768x1024.jpeg 768w, https:\/\/noticiaempauta.com\/portal\/wp-content\/uploads\/2024\/09\/e084b2b0-c878-4c7b-b989-2d5105db5281-225x300.jpeg 225w, https:\/\/noticiaempauta.com\/portal\/wp-content\/uploads\/2024\/09\/e084b2b0-c878-4c7b-b989-2d5105db5281-1152x1536.jpeg 1152w, https:\/\/noticiaempauta.com\/portal\/wp-content\/uploads\/2024\/09\/e084b2b0-c878-4c7b-b989-2d5105db5281-1536x2048.jpeg 1536w, https:\/\/noticiaempauta.com\/portal\/wp-content\/uploads\/2024\/09\/e084b2b0-c878-4c7b-b989-2d5105db5281-scaled.jpeg 1920w\" sizes=\"(max-width: 768px) 100vw, 768px\" \/><\/figure>\n\n\n\n<figure class=\"wp-block-image size-large\"><img loading=\"lazy\" decoding=\"async\" width=\"768\" height=\"1024\" src=\"https:\/\/noticiaempauta.com\/portal\/wp-content\/uploads\/2024\/09\/IMG_4917-768x1024.jpeg\" alt=\"\" class=\"wp-image-262097\" srcset=\"https:\/\/noticiaempauta.com\/portal\/wp-content\/uploads\/2024\/09\/IMG_4917-768x1024.jpeg 768w, https:\/\/noticiaempauta.com\/portal\/wp-content\/uploads\/2024\/09\/IMG_4917-225x300.jpeg 225w, https:\/\/noticiaempauta.com\/portal\/wp-content\/uploads\/2024\/09\/IMG_4917-1152x1536.jpeg 1152w, https:\/\/noticiaempauta.com\/portal\/wp-content\/uploads\/2024\/09\/IMG_4917-1536x2048.jpeg 1536w, https:\/\/noticiaempauta.com\/portal\/wp-content\/uploads\/2024\/09\/IMG_4917-scaled.jpeg 1920w\" sizes=\"(max-width: 768px) 100vw, 768px\" \/><\/figure>\n","protected":false},"excerpt":{"rendered":"<p>O vereador e candidato a reelei\u00e7\u00e3o, Jos\u00e9 Rinaldo Cabral Pereira Filho, o Rinaldinho (MDB), reuniu familiares, amigos e apoiadores da sua campanha em grande encontro na noite da \u00faltima sexta-feira, 13 de setembro no Espa\u00e7o de Eventos do Restaurante Gald\u00eancio em Picos. Decano na c\u00e2mara municipal de Picos o parlamentar busca reelei\u00e7\u00e3o para o sexto [&hellip;]<\/p>\n","protected":false},"author":2,"featured_media":262093,"comment_status":"open","ping_status":"open","sticky":false,"template":"","format":"standard","meta":{"_mi_skip_tracking":false,"footnotes":""},"categories":[25,1,3,16],"tags":[],"class_list":["post-262092","post","type-post","status-publish","format-standard","has-post-thumbnail","hentry","category-destaques-site","category-geral","category-politica","category-todas"],"acf":[],"yoast_head":"<!-- This site is optimized with the Yoast SEO Premium plugin v19.2 (Yoast SEO v26.9) - https:\/\/yoast.com\/product\/yoast-seo-premium-wordpress\/ -->\n<title>Vereador Rinaldinho re\u00fane centenas de apoiadores durante evento de apoio a sua reelei\u00e7\u00e3o - Portal Not\u00edcia em Pauta<\/title>\n<meta name=\"robots\" content=\"index, follow, max-snippet:-1, max-image-preview:large, max-video-preview:-1\" \/>\n<link rel=\"canonical\" href=\"https:\/\/noticiaempauta.com\/portal\/vereador-rinaldinho-reune-centenas-de-apoiadores-durante-evento-de-apoio-a-sua-reeleicao\/\" \/>\n<meta property=\"og:locale\" content=\"pt_BR\" \/>\n<meta property=\"og:type\" content=\"article\" \/>\n<meta property=\"og:title\" content=\"Vereador Rinaldinho re\u00fane centenas de apoiadores durante evento de apoio a sua reelei\u00e7\u00e3o\" \/>\n<meta property=\"og:description\" content=\"O vereador e candidato a reelei\u00e7\u00e3o, Jos\u00e9 Rinaldo Cabral Pereira Filho, o Rinaldinho (MDB), reuniu familiares, amigos e apoiadores da sua campanha em grande encontro na noite da \u00faltima sexta-feira, 13 de setembro no Espa\u00e7o de Eventos do Restaurante Gald\u00eancio em Picos. Decano na c\u00e2mara municipal de Picos o parlamentar busca reelei\u00e7\u00e3o para o sexto [&hellip;]\" \/>\n<meta property=\"og:url\" content=\"https:\/\/noticiaempauta.com\/portal\/vereador-rinaldinho-reune-centenas-de-apoiadores-durante-evento-de-apoio-a-sua-reeleicao\/\" \/>\n<meta property=\"og:site_name\" content=\"Portal Not\u00edcia em Pauta\" \/>\n<meta property=\"article:publisher\" content=\"https:\/\/www.facebook.com\/Portal-Notcia-Em-Pauta-102292869264820\/\" \/>\n<meta property=\"article:published_time\" content=\"2024-09-15T12:52:16+00:00\" \/>\n<meta property=\"article:modified_time\" content=\"2024-09-15T12:53:08+00:00\" \/>\n<meta property=\"og:image\" content=\"https:\/\/noticiaempauta.com\/portal\/wp-content\/uploads\/2024\/09\/IMG_4924.jpeg\" \/>\n\t<meta property=\"og:image:width\" content=\"2019\" \/>\n\t<meta property=\"og:image:height\" content=\"1055\" \/>\n\t<meta property=\"og:image:type\" content=\"image\/jpeg\" \/>\n<meta name=\"author\" content=\"Reda\u00e7\u00e3o\" \/>\n<meta name=\"twitter:card\" content=\"summary_large_image\" \/>\n<meta name=\"twitter:label1\" content=\"Escrito por\" \/>\n\t<meta name=\"twitter:data1\" content=\"Reda\u00e7\u00e3o\" \/>\n\t<meta name=\"twitter:label2\" content=\"Est. tempo de leitura\" \/>\n\t<meta name=\"twitter:data2\" content=\"3 minutos\" \/>\n<script type=\"application\/ld+json\" class=\"yoast-schema-graph\">{\"@context\":\"https:\/\/schema.org\",\"@graph\":[{\"@type\":\"Article\",\"@id\":\"https:\/\/noticiaempauta.com\/portal\/vereador-rinaldinho-reune-centenas-de-apoiadores-durante-evento-de-apoio-a-sua-reeleicao\/#article\",\"isPartOf\":{\"@id\":\"https:\/\/noticiaempauta.com\/portal\/vereador-rinaldinho-reune-centenas-de-apoiadores-durante-evento-de-apoio-a-sua-reeleicao\/\"},\"author\":{\"name\":\"Reda\u00e7\u00e3o\",\"@id\":\"https:\/\/noticiaempauta.com\/portal\/#\/schema\/person\/a74af43dd1ab3deca45f988c717d57ac\"},\"headline\":\"Vereador Rinaldinho re\u00fane centenas de apoiadores durante evento de apoio a sua reelei\u00e7\u00e3o\",\"datePublished\":\"2024-09-15T12:52:16+00:00\",\"dateModified\":\"2024-09-15T12:53:08+00:00\",\"mainEntityOfPage\":{\"@id\":\"https:\/\/noticiaempauta.com\/portal\/vereador-rinaldinho-reune-centenas-de-apoiadores-durante-evento-de-apoio-a-sua-reeleicao\/\"},\"wordCount\":181,\"commentCount\":0,\"publisher\":{\"@id\":\"https:\/\/noticiaempauta.com\/portal\/#organization\"},\"image\":{\"@id\":\"https:\/\/noticiaempauta.com\/portal\/vereador-rinaldinho-reune-centenas-de-apoiadores-durante-evento-de-apoio-a-sua-reeleicao\/#primaryimage\"},\"thumbnailUrl\":\"https:\/\/noticiaempauta.com\/portal\/wp-content\/uploads\/2024\/09\/IMG_4924.jpeg\",\"articleSection\":[\"Destaques\",\"Geral\",\"Pol\u00edtica\",\"Todas as Not\u00edcias\"],\"inLanguage\":\"pt-BR\",\"potentialAction\":[{\"@type\":\"CommentAction\",\"name\":\"Comment\",\"target\":[\"https:\/\/noticiaempauta.com\/portal\/vereador-rinaldinho-reune-centenas-de-apoiadores-durante-evento-de-apoio-a-sua-reeleicao\/#respond\"]}]},{\"@type\":\"WebPage\",\"@id\":\"https:\/\/noticiaempauta.com\/portal\/vereador-rinaldinho-reune-centenas-de-apoiadores-durante-evento-de-apoio-a-sua-reeleicao\/\",\"url\":\"https:\/\/noticiaempauta.com\/portal\/vereador-rinaldinho-reune-centenas-de-apoiadores-durante-evento-de-apoio-a-sua-reeleicao\/\",\"name\":\"Vereador Rinaldinho re\u00fane centenas de apoiadores durante evento de apoio a sua reelei\u00e7\u00e3o - Portal Not\u00edcia em Pauta\",\"isPartOf\":{\"@id\":\"https:\/\/noticiaempauta.com\/portal\/#website\"},\"primaryImageOfPage\":{\"@id\":\"https:\/\/noticiaempauta.com\/portal\/vereador-rinaldinho-reune-centenas-de-apoiadores-durante-evento-de-apoio-a-sua-reeleicao\/#primaryimage\"},\"image\":{\"@id\":\"https:\/\/noticiaempauta.com\/portal\/vereador-rinaldinho-reune-centenas-de-apoiadores-durante-evento-de-apoio-a-sua-reeleicao\/#primaryimage\"},\"thumbnailUrl\":\"https:\/\/noticiaempauta.com\/portal\/wp-content\/uploads\/2024\/09\/IMG_4924.jpeg\",\"datePublished\":\"2024-09-15T12:52:16+00:00\",\"dateModified\":\"2024-09-15T12:53:08+00:00\",\"breadcrumb\":{\"@id\":\"https:\/\/noticiaempauta.com\/portal\/vereador-rinaldinho-reune-centenas-de-apoiadores-durante-evento-de-apoio-a-sua-reeleicao\/#breadcrumb\"},\"inLanguage\":\"pt-BR\",\"potentialAction\":[{\"@type\":\"ReadAction\",\"target\":[\"https:\/\/noticiaempauta.com\/portal\/vereador-rinaldinho-reune-centenas-de-apoiadores-durante-evento-de-apoio-a-sua-reeleicao\/\"]}]},{\"@type\":\"ImageObject\",\"inLanguage\":\"pt-BR\",\"@id\":\"https:\/\/noticiaempauta.com\/portal\/vereador-rinaldinho-reune-centenas-de-apoiadores-durante-evento-de-apoio-a-sua-reeleicao\/#primaryimage\",\"url\":\"https:\/\/noticiaempauta.com\/portal\/wp-content\/uploads\/2024\/09\/IMG_4924.jpeg\",\"contentUrl\":\"https:\/\/noticiaempauta.com\/portal\/wp-content\/uploads\/2024\/09\/IMG_4924.jpeg\",\"width\":2019,\"height\":1055,\"caption\":\"Screenshot\"},{\"@type\":\"BreadcrumbList\",\"@id\":\"https:\/\/noticiaempauta.com\/portal\/vereador-rinaldinho-reune-centenas-de-apoiadores-durante-evento-de-apoio-a-sua-reeleicao\/#breadcrumb\",\"itemListElement\":[{\"@type\":\"ListItem\",\"position\":1,\"name\":\"P\u00e1gina Inicial\",\"item\":\"https:\/\/noticiaempauta.com\/portal\/\"},{\"@type\":\"ListItem\",\"position\":2,\"name\":\"Destaques\",\"item\":\"https:\/\/noticiaempauta.com\/portal\/destaques-site\/\"},{\"@type\":\"ListItem\",\"position\":3,\"name\":\"Vereador Rinaldinho re\u00fane centenas de apoiadores durante evento de apoio a sua reelei\u00e7\u00e3o\"}]},{\"@type\":\"WebSite\",\"@id\":\"https:\/\/noticiaempauta.com\/portal\/#website\",\"url\":\"https:\/\/noticiaempauta.com\/portal\/\",\"name\":\"Portal Not\u00edcia em Pauta\",\"description\":\"Voc\u00ea bem informado\",\"publisher\":{\"@id\":\"https:\/\/noticiaempauta.com\/portal\/#organization\"},\"potentialAction\":[{\"@type\":\"SearchAction\",\"target\":{\"@type\":\"EntryPoint\",\"urlTemplate\":\"https:\/\/noticiaempauta.com\/portal\/?s={search_term_string}\"},\"query-input\":{\"@type\":\"PropertyValueSpecification\",\"valueRequired\":true,\"valueName\":\"search_term_string\"}}],\"inLanguage\":\"pt-BR\"},{\"@type\":\"Organization\",\"@id\":\"https:\/\/noticiaempauta.com\/portal\/#organization\",\"name\":\"Portal Not\u00edcia em Pauta\",\"url\":\"https:\/\/noticiaempauta.com\/portal\/\",\"logo\":{\"@type\":\"ImageObject\",\"inLanguage\":\"pt-BR\",\"@id\":\"https:\/\/noticiaempauta.com\/portal\/#\/schema\/logo\/image\/\",\"url\":\"https:\/\/noticiaempauta.com\/portal\/wp-content\/uploads\/2022\/08\/logomarca_tema.fw_.png\",\"contentUrl\":\"https:\/\/noticiaempauta.com\/portal\/wp-content\/uploads\/2022\/08\/logomarca_tema.fw_.png\",\"width\":400,\"height\":232,\"caption\":\"Portal Not\u00edcia em Pauta\"},\"image\":{\"@id\":\"https:\/\/noticiaempauta.com\/portal\/#\/schema\/logo\/image\/\"},\"sameAs\":[\"https:\/\/www.facebook.com\/Portal-Notcia-Em-Pauta-102292869264820\/\",\"https:\/\/www.instagram.com\/portalnoticiaempauta\/\"]},{\"@type\":\"Person\",\"@id\":\"https:\/\/noticiaempauta.com\/portal\/#\/schema\/person\/a74af43dd1ab3deca45f988c717d57ac\",\"name\":\"Reda\u00e7\u00e3o\",\"image\":{\"@type\":\"ImageObject\",\"inLanguage\":\"pt-BR\",\"@id\":\"https:\/\/noticiaempauta.com\/portal\/#\/schema\/person\/image\/\",\"url\":\"https:\/\/secure.gravatar.com\/avatar\/03179346ecce6cdfc13361603e8f54242a90e5cde8618fa23c5c00aa2b0aadf3?s=96&d=mm&r=g\",\"contentUrl\":\"https:\/\/secure.gravatar.com\/avatar\/03179346ecce6cdfc13361603e8f54242a90e5cde8618fa23c5c00aa2b0aadf3?s=96&d=mm&r=g\",\"caption\":\"Reda\u00e7\u00e3o\"},\"sameAs\":[\"https:\/\/noticiaempauta.com\/portal\/\"],\"url\":\"https:\/\/noticiaempauta.com\/portal\/author\/fernando\/\"}]}<\/script>\n<!-- \/ Yoast SEO Premium plugin. -->","yoast_head_json":{"title":"Vereador Rinaldinho re\u00fane centenas de apoiadores durante evento de apoio a sua reelei\u00e7\u00e3o - Portal Not\u00edcia em Pauta","robots":{"index":"index","follow":"follow","max-snippet":"max-snippet:-1","max-image-preview":"max-image-preview:large","max-video-preview":"max-video-preview:-1"},"canonical":"https:\/\/noticiaempauta.com\/portal\/vereador-rinaldinho-reune-centenas-de-apoiadores-durante-evento-de-apoio-a-sua-reeleicao\/","og_locale":"pt_BR","og_type":"article","og_title":"Vereador Rinaldinho re\u00fane centenas de apoiadores durante evento de apoio a sua reelei\u00e7\u00e3o","og_description":"O vereador e candidato a reelei\u00e7\u00e3o, Jos\u00e9 Rinaldo Cabral Pereira Filho, o Rinaldinho (MDB), reuniu familiares, amigos e apoiadores da sua campanha em grande encontro na noite da \u00faltima sexta-feira, 13 de setembro no Espa\u00e7o de Eventos do Restaurante Gald\u00eancio em Picos. Decano na c\u00e2mara municipal de Picos o parlamentar busca reelei\u00e7\u00e3o para o sexto [&hellip;]","og_url":"https:\/\/noticiaempauta.com\/portal\/vereador-rinaldinho-reune-centenas-de-apoiadores-durante-evento-de-apoio-a-sua-reeleicao\/","og_site_name":"Portal Not\u00edcia em Pauta","article_publisher":"https:\/\/www.facebook.com\/Portal-Notcia-Em-Pauta-102292869264820\/","article_published_time":"2024-09-15T12:52:16+00:00","article_modified_time":"2024-09-15T12:53:08+00:00","og_image":[{"width":2019,"height":1055,"url":"https:\/\/noticiaempauta.com\/portal\/wp-content\/uploads\/2024\/09\/IMG_4924.jpeg","type":"image\/jpeg"}],"author":"Reda\u00e7\u00e3o","twitter_card":"summary_large_image","twitter_misc":{"Escrito por":"Reda\u00e7\u00e3o","Est. tempo de leitura":"3 minutos"},"schema":{"@context":"https:\/\/schema.org","@graph":[{"@type":"Article","@id":"https:\/\/noticiaempauta.com\/portal\/vereador-rinaldinho-reune-centenas-de-apoiadores-durante-evento-de-apoio-a-sua-reeleicao\/#article","isPartOf":{"@id":"https:\/\/noticiaempauta.com\/portal\/vereador-rinaldinho-reune-centenas-de-apoiadores-durante-evento-de-apoio-a-sua-reeleicao\/"},"author":{"name":"Reda\u00e7\u00e3o","@id":"https:\/\/noticiaempauta.com\/portal\/#\/schema\/person\/a74af43dd1ab3deca45f988c717d57ac"},"headline":"Vereador Rinaldinho re\u00fane centenas de apoiadores durante evento de apoio a sua reelei\u00e7\u00e3o","datePublished":"2024-09-15T12:52:16+00:00","dateModified":"2024-09-15T12:53:08+00:00","mainEntityOfPage":{"@id":"https:\/\/noticiaempauta.com\/portal\/vereador-rinaldinho-reune-centenas-de-apoiadores-durante-evento-de-apoio-a-sua-reeleicao\/"},"wordCount":181,"commentCount":0,"publisher":{"@id":"https:\/\/noticiaempauta.com\/portal\/#organization"},"image":{"@id":"https:\/\/noticiaempauta.com\/portal\/vereador-rinaldinho-reune-centenas-de-apoiadores-durante-evento-de-apoio-a-sua-reeleicao\/#primaryimage"},"thumbnailUrl":"https:\/\/noticiaempauta.com\/portal\/wp-content\/uploads\/2024\/09\/IMG_4924.jpeg","articleSection":["Destaques","Geral","Pol\u00edtica","Todas as Not\u00edcias"],"inLanguage":"pt-BR","potentialAction":[{"@type":"CommentAction","name":"Comment","target":["https:\/\/noticiaempauta.com\/portal\/vereador-rinaldinho-reune-centenas-de-apoiadores-durante-evento-de-apoio-a-sua-reeleicao\/#respond"]}]},{"@type":"WebPage","@id":"https:\/\/noticiaempauta.com\/portal\/vereador-rinaldinho-reune-centenas-de-apoiadores-durante-evento-de-apoio-a-sua-reeleicao\/","url":"https:\/\/noticiaempauta.com\/portal\/vereador-rinaldinho-reune-centenas-de-apoiadores-durante-evento-de-apoio-a-sua-reeleicao\/","name":"Vereador Rinaldinho re\u00fane centenas de apoiadores durante evento de apoio a sua reelei\u00e7\u00e3o - Portal Not\u00edcia em Pauta","isPartOf":{"@id":"https:\/\/noticiaempauta.com\/portal\/#website"},"primaryImageOfPage":{"@id":"https:\/\/noticiaempauta.com\/portal\/vereador-rinaldinho-reune-centenas-de-apoiadores-durante-evento-de-apoio-a-sua-reeleicao\/#primaryimage"},"image":{"@id":"https:\/\/noticiaempauta.com\/portal\/vereador-rinaldinho-reune-centenas-de-apoiadores-durante-evento-de-apoio-a-sua-reeleicao\/#primaryimage"},"thumbnailUrl":"https:\/\/noticiaempauta.com\/portal\/wp-content\/uploads\/2024\/09\/IMG_4924.jpeg","datePublished":"2024-09-15T12:52:16+00:00","dateModified":"2024-09-15T12:53:08+00:00","breadcrumb":{"@id":"https:\/\/noticiaempauta.com\/portal\/vereador-rinaldinho-reune-centenas-de-apoiadores-durante-evento-de-apoio-a-sua-reeleicao\/#breadcrumb"},"inLanguage":"pt-BR","potentialAction":[{"@type":"ReadAction","target":["https:\/\/noticiaempauta.com\/portal\/vereador-rinaldinho-reune-centenas-de-apoiadores-durante-evento-de-apoio-a-sua-reeleicao\/"]}]},{"@type":"ImageObject","inLanguage":"pt-BR","@id":"https:\/\/noticiaempauta.com\/portal\/vereador-rinaldinho-reune-centenas-de-apoiadores-durante-evento-de-apoio-a-sua-reeleicao\/#primaryimage","url":"https:\/\/noticiaempauta.com\/portal\/wp-content\/uploads\/2024\/09\/IMG_4924.jpeg","contentUrl":"https:\/\/noticiaempauta.com\/portal\/wp-content\/uploads\/2024\/09\/IMG_4924.jpeg","width":2019,"height":1055,"caption":"Screenshot"},{"@type":"BreadcrumbList","@id":"https:\/\/noticiaempauta.com\/portal\/vereador-rinaldinho-reune-centenas-de-apoiadores-durante-evento-de-apoio-a-sua-reeleicao\/#breadcrumb","itemListElement":[{"@type":"ListItem","position":1,"name":"P\u00e1gina Inicial","item":"https:\/\/noticiaempauta.com\/portal\/"},{"@type":"ListItem","position":2,"name":"Destaques","item":"https:\/\/noticiaempauta.com\/portal\/destaques-site\/"},{"@type":"ListItem","position":3,"name":"Vereador Rinaldinho re\u00fane centenas de apoiadores durante evento de apoio a sua reelei\u00e7\u00e3o"}]},{"@type":"WebSite","@id":"https:\/\/noticiaempauta.com\/portal\/#website","url":"https:\/\/noticiaempauta.com\/portal\/","name":"Portal Not\u00edcia em Pauta","description":"Voc\u00ea bem informado","publisher":{"@id":"https:\/\/noticiaempauta.com\/portal\/#organization"},"potentialAction":[{"@type":"SearchAction","target":{"@type":"EntryPoint","urlTemplate":"https:\/\/noticiaempauta.com\/portal\/?s={search_term_string}"},"query-input":{"@type":"PropertyValueSpecification","valueRequired":true,"valueName":"search_term_string"}}],"inLanguage":"pt-BR"},{"@type":"Organization","@id":"https:\/\/noticiaempauta.com\/portal\/#organization","name":"Portal Not\u00edcia em Pauta","url":"https:\/\/noticiaempauta.com\/portal\/","logo":{"@type":"ImageObject","inLanguage":"pt-BR","@id":"https:\/\/noticiaempauta.com\/portal\/#\/schema\/logo\/image\/","url":"https:\/\/noticiaempauta.com\/portal\/wp-content\/uploads\/2022\/08\/logomarca_tema.fw_.png","contentUrl":"https:\/\/noticiaempauta.com\/portal\/wp-content\/uploads\/2022\/08\/logomarca_tema.fw_.png","width":400,"height":232,"caption":"Portal Not\u00edcia em Pauta"},"image":{"@id":"https:\/\/noticiaempauta.com\/portal\/#\/schema\/logo\/image\/"},"sameAs":["https:\/\/www.facebook.com\/Portal-Notcia-Em-Pauta-102292869264820\/","https:\/\/www.instagram.com\/portalnoticiaempauta\/"]},{"@type":"Person","@id":"https:\/\/noticiaempauta.com\/portal\/#\/schema\/person\/a74af43dd1ab3deca45f988c717d57ac","name":"Reda\u00e7\u00e3o","image":{"@type":"ImageObject","inLanguage":"pt-BR","@id":"https:\/\/noticiaempauta.com\/portal\/#\/schema\/person\/image\/","url":"https:\/\/secure.gravatar.com\/avatar\/03179346ecce6cdfc13361603e8f54242a90e5cde8618fa23c5c00aa2b0aadf3?s=96&d=mm&r=g","contentUrl":"https:\/\/secure.gravatar.com\/avatar\/03179346ecce6cdfc13361603e8f54242a90e5cde8618fa23c5c00aa2b0aadf3?s=96&d=mm&r=g","caption":"Reda\u00e7\u00e3o"},"sameAs":["https:\/\/noticiaempauta.com\/portal\/"],"url":"https:\/\/noticiaempauta.com\/portal\/author\/fernando\/"}]}},"_links":{"self":[{"href":"https:\/\/noticiaempauta.com\/portal\/wp-json\/wp\/v2\/posts\/262092","targetHints":{"allow":["GET"]}}],"collection":[{"href":"https:\/\/noticiaempauta.com\/portal\/wp-json\/wp\/v2\/posts"}],"about":[{"href":"https:\/\/noticiaempauta.com\/portal\/wp-json\/wp\/v2\/types\/post"}],"author":[{"embeddable":true,"href":"https:\/\/noticiaempauta.com\/portal\/wp-json\/wp\/v2\/users\/2"}],"replies":[{"embeddable":true,"href":"https:\/\/noticiaempauta.com\/portal\/wp-json\/wp\/v2\/comments?post=262092"}],"version-history":[{"count":2,"href":"https:\/\/noticiaempauta.com\/portal\/wp-json\/wp\/v2\/posts\/262092\/revisions"}],"predecessor-version":[{"id":262102,"href":"https:\/\/noticiaempauta.com\/portal\/wp-json\/wp\/v2\/posts\/262092\/revisions\/262102"}],"wp:featuredmedia":[{"embeddable":true,"href":"https:\/\/noticiaempauta.com\/portal\/wp-json\/wp\/v2\/media\/262093"}],"wp:attachment":[{"href":"https:\/\/noticiaempauta.com\/portal\/wp-json\/wp\/v2\/media?parent=262092"}],"wp:term":[{"taxonomy":"category","embeddable":true,"href":"https:\/\/noticiaempauta.com\/portal\/wp-json\/wp\/v2\/categories?post=262092"},{"taxonomy":"post_tag","embeddable":true,"href":"https:\/\/noticiaempauta.com\/portal\/wp-json\/wp\/v2\/tags?post=262092"}],"curies":[{"name":"wp","href":"https:\/\/api.w.org\/{rel}","templated":true}]}}