{"id":262111,"date":"2024-09-15T18:17:23","date_gmt":"2024-09-15T21:17:23","guid":{"rendered":"https:\/\/noticiaempauta.com\/portal\/?p=262111"},"modified":"2024-09-15T18:17:24","modified_gmt":"2024-09-15T21:17:24","slug":"ufpi-lanca-concurso-com-11-vagas-para-teresina-bom-jesus-e-picos-veja-edital","status":"publish","type":"post","link":"https:\/\/noticiaempauta.com\/portal\/ufpi-lanca-concurso-com-11-vagas-para-teresina-bom-jesus-e-picos-veja-edital\/","title":{"rendered":"UFPI lan\u00e7a concurso com 11 vagas para Teresina, Bom Jesus e Picos; veja edital"},"content":{"rendered":"\n<p>A\u00a0Universidade Federal do Piau\u00ed (UFPI)lan\u00e7ou edital de concurso para preenchimento de 11 vagas de professor com contrata\u00e7\u00e3o imediata e forma\u00e7\u00e3o de cadastro reserva. As vagas s\u00e3o para os campi Ministro Petr\u00f4nio Portella, em Teresina; Professora Cinobelina Elvas, em Bom Jesus; e Senador Helv\u00eddio Nunes de Barros, em Picos.<\/p>\n\n\n\n<p>De acordo com o edital publicado na quinta-feira (13) no\u00a0Di\u00e1rio Oficial da Uni\u00e3o, as inscri\u00e7\u00f5es para o concurso da UFPI come\u00e7am no pr\u00f3ximo dia 25 de setembro e seguem at\u00e9 o dia 30 de outubro. Os interessados devem se inscrever enviando e-mail para o Protocolo Geral da institui\u00e7\u00e3o no endere\u00e7o\u00a0protocologeral@ufpi.edu.br.<\/p>\n\n\n\n<p><a href=\"https:\/\/www.in.gov.br\/en\/web\/dou\/-\/edital-n-11\/2024\/ufpi-de-9-de-setembro-de-2024-584170380\" rel=\"noreferrer noopener\" target=\"_blank\"><strong>Confira o edital completo aqui<\/strong><\/a>.<\/p>\n\n\n\n<p>As vagas de professor s\u00e3o para as seguintes \u00e1reas: Ci\u00eancia Pol\u00edtica\/Rela\u00e7\u00f5es Internacionais; Letras\/Licenciatura de L\u00edngua Portuguesa; Sociologia com \u00eanfase em metodologias quantitativas; Sa\u00fade P\u00fablica para Farm\u00e1cia; Cartografia e Sistemas de Informa\u00e7\u00e3o Geogr\u00e1fica; Biologia celular, Biologia molecular e gen\u00e9tica; Fitoterapia, fisiologia vegetal e manejo de plantas daninhas; Morfofisiologia veterin\u00e1ria; Patologia veterin\u00e1ria; Pedagogia e Bases da pr\u00e1tica m\u00e9dica.<\/p>\n\n\n\n<p>As remunera\u00e7\u00f5es s\u00e3o de R$ 4.875,18 para profissionais Classe A, N\u00edvel 1-DE com retribui\u00e7\u00e3o por titula\u00e7\u00e3o: R$ 975,04 para quem tem especializa\u00e7\u00e3o, R$ 2.437,59 para quem tem mestrado e R$ 5.606,46 para quem tem doutorado. Para os profissionais Classe A, N\u00edvel 1 \u2013 TP-20 a remunera\u00e7\u00e3o \u00e9 R$ 2.437,59 com retribui\u00e7\u00e3o por titula\u00e7\u00e3o de R$ 243,76 para quem tem especializa\u00e7\u00e3o; R$ 609,40 para quem tem mestrado e R$ 1.401,62 para quem tem doutorado.<\/p>\n\n\n\n<p>Fonte: Portal O Dia<\/p>\n","protected":false},"excerpt":{"rendered":"<p>A\u00a0Universidade Federal do Piau\u00ed (UFPI)lan\u00e7ou edital de concurso para preenchimento de 11 vagas de professor com contrata\u00e7\u00e3o imediata e forma\u00e7\u00e3o de cadastro reserva. As vagas s\u00e3o para os campi Ministro Petr\u00f4nio Portella, em Teresina; Professora Cinobelina Elvas, em Bom Jesus; e Senador Helv\u00eddio Nunes de Barros, em Picos. De acordo com o edital publicado na [&hellip;]<\/p>\n","protected":false},"author":2,"featured_media":259459,"comment_status":"open","ping_status":"open","sticky":false,"template":"","format":"standard","meta":{"_mi_skip_tracking":false,"footnotes":""},"categories":[25,1,16],"tags":[192],"class_list":["post-262111","post","type-post","status-publish","format-standard","has-post-thumbnail","hentry","category-destaques-site","category-geral","category-todas","tag-destaqueprincipal"],"acf":[],"yoast_head":"<!-- This site is optimized with the Yoast SEO Premium plugin v19.2 (Yoast SEO v26.9) - https:\/\/yoast.com\/product\/yoast-seo-premium-wordpress\/ -->\n<title>UFPI lan\u00e7a concurso com 11 vagas para Teresina, Bom Jesus e Picos; veja edital - Portal Not\u00edcia em Pauta<\/title>\n<meta name=\"robots\" content=\"index, follow, max-snippet:-1, max-image-preview:large, max-video-preview:-1\" \/>\n<link rel=\"canonical\" href=\"https:\/\/noticiaempauta.com\/portal\/ufpi-lanca-concurso-com-11-vagas-para-teresina-bom-jesus-e-picos-veja-edital\/\" \/>\n<meta property=\"og:locale\" content=\"pt_BR\" \/>\n<meta property=\"og:type\" content=\"article\" \/>\n<meta property=\"og:title\" content=\"UFPI lan\u00e7a concurso com 11 vagas para Teresina, Bom Jesus e Picos; veja edital\" \/>\n<meta property=\"og:description\" content=\"A\u00a0Universidade Federal do Piau\u00ed (UFPI)lan\u00e7ou edital de concurso para preenchimento de 11 vagas de professor com contrata\u00e7\u00e3o imediata e forma\u00e7\u00e3o de cadastro reserva. As vagas s\u00e3o para os campi Ministro Petr\u00f4nio Portella, em Teresina; Professora Cinobelina Elvas, em Bom Jesus; e Senador Helv\u00eddio Nunes de Barros, em Picos. De acordo com o edital publicado na [&hellip;]\" \/>\n<meta property=\"og:url\" content=\"https:\/\/noticiaempauta.com\/portal\/ufpi-lanca-concurso-com-11-vagas-para-teresina-bom-jesus-e-picos-veja-edital\/\" \/>\n<meta property=\"og:site_name\" content=\"Portal Not\u00edcia em Pauta\" \/>\n<meta property=\"article:publisher\" content=\"https:\/\/www.facebook.com\/Portal-Notcia-Em-Pauta-102292869264820\/\" \/>\n<meta property=\"article:published_time\" content=\"2024-09-15T21:17:23+00:00\" \/>\n<meta property=\"article:modified_time\" content=\"2024-09-15T21:17:24+00:00\" \/>\n<meta property=\"og:image\" content=\"https:\/\/noticiaempauta.com\/portal\/wp-content\/uploads\/2024\/07\/ufpi-picos-s-780x470-1.jpg\" \/>\n\t<meta property=\"og:image:width\" content=\"780\" \/>\n\t<meta property=\"og:image:height\" content=\"470\" \/>\n\t<meta property=\"og:image:type\" content=\"image\/jpeg\" \/>\n<meta name=\"author\" content=\"Reda\u00e7\u00e3o\" \/>\n<meta name=\"twitter:card\" content=\"summary_large_image\" \/>\n<meta name=\"twitter:label1\" content=\"Escrito por\" \/>\n\t<meta name=\"twitter:data1\" content=\"Reda\u00e7\u00e3o\" \/>\n\t<meta name=\"twitter:label2\" content=\"Est. tempo de leitura\" \/>\n\t<meta name=\"twitter:data2\" content=\"2 minutos\" \/>\n<script type=\"application\/ld+json\" class=\"yoast-schema-graph\">{\"@context\":\"https:\/\/schema.org\",\"@graph\":[{\"@type\":\"Article\",\"@id\":\"https:\/\/noticiaempauta.com\/portal\/ufpi-lanca-concurso-com-11-vagas-para-teresina-bom-jesus-e-picos-veja-edital\/#article\",\"isPartOf\":{\"@id\":\"https:\/\/noticiaempauta.com\/portal\/ufpi-lanca-concurso-com-11-vagas-para-teresina-bom-jesus-e-picos-veja-edital\/\"},\"author\":{\"name\":\"Reda\u00e7\u00e3o\",\"@id\":\"https:\/\/noticiaempauta.com\/portal\/#\/schema\/person\/a74af43dd1ab3deca45f988c717d57ac\"},\"headline\":\"UFPI lan\u00e7a concurso com 11 vagas para Teresina, Bom Jesus e Picos; veja edital\",\"datePublished\":\"2024-09-15T21:17:23+00:00\",\"dateModified\":\"2024-09-15T21:17:24+00:00\",\"mainEntityOfPage\":{\"@id\":\"https:\/\/noticiaempauta.com\/portal\/ufpi-lanca-concurso-com-11-vagas-para-teresina-bom-jesus-e-picos-veja-edital\/\"},\"wordCount\":283,\"commentCount\":0,\"publisher\":{\"@id\":\"https:\/\/noticiaempauta.com\/portal\/#organization\"},\"image\":{\"@id\":\"https:\/\/noticiaempauta.com\/portal\/ufpi-lanca-concurso-com-11-vagas-para-teresina-bom-jesus-e-picos-veja-edital\/#primaryimage\"},\"thumbnailUrl\":\"https:\/\/noticiaempauta.com\/portal\/wp-content\/uploads\/2024\/07\/ufpi-picos-s-780x470-1.jpg\",\"keywords\":[\"destaqueprincipal\"],\"articleSection\":[\"Destaques\",\"Geral\",\"Todas as Not\u00edcias\"],\"inLanguage\":\"pt-BR\",\"potentialAction\":[{\"@type\":\"CommentAction\",\"name\":\"Comment\",\"target\":[\"https:\/\/noticiaempauta.com\/portal\/ufpi-lanca-concurso-com-11-vagas-para-teresina-bom-jesus-e-picos-veja-edital\/#respond\"]}]},{\"@type\":\"WebPage\",\"@id\":\"https:\/\/noticiaempauta.com\/portal\/ufpi-lanca-concurso-com-11-vagas-para-teresina-bom-jesus-e-picos-veja-edital\/\",\"url\":\"https:\/\/noticiaempauta.com\/portal\/ufpi-lanca-concurso-com-11-vagas-para-teresina-bom-jesus-e-picos-veja-edital\/\",\"name\":\"UFPI lan\u00e7a concurso com 11 vagas para Teresina, Bom Jesus e Picos; veja edital - Portal Not\u00edcia em Pauta\",\"isPartOf\":{\"@id\":\"https:\/\/noticiaempauta.com\/portal\/#website\"},\"primaryImageOfPage\":{\"@id\":\"https:\/\/noticiaempauta.com\/portal\/ufpi-lanca-concurso-com-11-vagas-para-teresina-bom-jesus-e-picos-veja-edital\/#primaryimage\"},\"image\":{\"@id\":\"https:\/\/noticiaempauta.com\/portal\/ufpi-lanca-concurso-com-11-vagas-para-teresina-bom-jesus-e-picos-veja-edital\/#primaryimage\"},\"thumbnailUrl\":\"https:\/\/noticiaempauta.com\/portal\/wp-content\/uploads\/2024\/07\/ufpi-picos-s-780x470-1.jpg\",\"datePublished\":\"2024-09-15T21:17:23+00:00\",\"dateModified\":\"2024-09-15T21:17:24+00:00\",\"breadcrumb\":{\"@id\":\"https:\/\/noticiaempauta.com\/portal\/ufpi-lanca-concurso-com-11-vagas-para-teresina-bom-jesus-e-picos-veja-edital\/#breadcrumb\"},\"inLanguage\":\"pt-BR\",\"potentialAction\":[{\"@type\":\"ReadAction\",\"target\":[\"https:\/\/noticiaempauta.com\/portal\/ufpi-lanca-concurso-com-11-vagas-para-teresina-bom-jesus-e-picos-veja-edital\/\"]}]},{\"@type\":\"ImageObject\",\"inLanguage\":\"pt-BR\",\"@id\":\"https:\/\/noticiaempauta.com\/portal\/ufpi-lanca-concurso-com-11-vagas-para-teresina-bom-jesus-e-picos-veja-edital\/#primaryimage\",\"url\":\"https:\/\/noticiaempauta.com\/portal\/wp-content\/uploads\/2024\/07\/ufpi-picos-s-780x470-1.jpg\",\"contentUrl\":\"https:\/\/noticiaempauta.com\/portal\/wp-content\/uploads\/2024\/07\/ufpi-picos-s-780x470-1.jpg\",\"width\":780,\"height\":470},{\"@type\":\"BreadcrumbList\",\"@id\":\"https:\/\/noticiaempauta.com\/portal\/ufpi-lanca-concurso-com-11-vagas-para-teresina-bom-jesus-e-picos-veja-edital\/#breadcrumb\",\"itemListElement\":[{\"@type\":\"ListItem\",\"position\":1,\"name\":\"P\u00e1gina Inicial\",\"item\":\"https:\/\/noticiaempauta.com\/portal\/\"},{\"@type\":\"ListItem\",\"position\":2,\"name\":\"Destaques\",\"item\":\"https:\/\/noticiaempauta.com\/portal\/destaques-site\/\"},{\"@type\":\"ListItem\",\"position\":3,\"name\":\"UFPI lan\u00e7a concurso com 11 vagas para Teresina, Bom Jesus e Picos; veja edital\"}]},{\"@type\":\"WebSite\",\"@id\":\"https:\/\/noticiaempauta.com\/portal\/#website\",\"url\":\"https:\/\/noticiaempauta.com\/portal\/\",\"name\":\"Portal Not\u00edcia em Pauta\",\"description\":\"Voc\u00ea bem informado\",\"publisher\":{\"@id\":\"https:\/\/noticiaempauta.com\/portal\/#organization\"},\"potentialAction\":[{\"@type\":\"SearchAction\",\"target\":{\"@type\":\"EntryPoint\",\"urlTemplate\":\"https:\/\/noticiaempauta.com\/portal\/?s={search_term_string}\"},\"query-input\":{\"@type\":\"PropertyValueSpecification\",\"valueRequired\":true,\"valueName\":\"search_term_string\"}}],\"inLanguage\":\"pt-BR\"},{\"@type\":\"Organization\",\"@id\":\"https:\/\/noticiaempauta.com\/portal\/#organization\",\"name\":\"Portal Not\u00edcia em Pauta\",\"url\":\"https:\/\/noticiaempauta.com\/portal\/\",\"logo\":{\"@type\":\"ImageObject\",\"inLanguage\":\"pt-BR\",\"@id\":\"https:\/\/noticiaempauta.com\/portal\/#\/schema\/logo\/image\/\",\"url\":\"https:\/\/noticiaempauta.com\/portal\/wp-content\/uploads\/2022\/08\/logomarca_tema.fw_.png\",\"contentUrl\":\"https:\/\/noticiaempauta.com\/portal\/wp-content\/uploads\/2022\/08\/logomarca_tema.fw_.png\",\"width\":400,\"height\":232,\"caption\":\"Portal Not\u00edcia em Pauta\"},\"image\":{\"@id\":\"https:\/\/noticiaempauta.com\/portal\/#\/schema\/logo\/image\/\"},\"sameAs\":[\"https:\/\/www.facebook.com\/Portal-Notcia-Em-Pauta-102292869264820\/\",\"https:\/\/www.instagram.com\/portalnoticiaempauta\/\"]},{\"@type\":\"Person\",\"@id\":\"https:\/\/noticiaempauta.com\/portal\/#\/schema\/person\/a74af43dd1ab3deca45f988c717d57ac\",\"name\":\"Reda\u00e7\u00e3o\",\"image\":{\"@type\":\"ImageObject\",\"inLanguage\":\"pt-BR\",\"@id\":\"https:\/\/noticiaempauta.com\/portal\/#\/schema\/person\/image\/\",\"url\":\"https:\/\/secure.gravatar.com\/avatar\/03179346ecce6cdfc13361603e8f54242a90e5cde8618fa23c5c00aa2b0aadf3?s=96&d=mm&r=g\",\"contentUrl\":\"https:\/\/secure.gravatar.com\/avatar\/03179346ecce6cdfc13361603e8f54242a90e5cde8618fa23c5c00aa2b0aadf3?s=96&d=mm&r=g\",\"caption\":\"Reda\u00e7\u00e3o\"},\"sameAs\":[\"https:\/\/noticiaempauta.com\/portal\/\"],\"url\":\"https:\/\/noticiaempauta.com\/portal\/author\/fernando\/\"}]}<\/script>\n<!-- \/ Yoast SEO Premium plugin. -->","yoast_head_json":{"title":"UFPI lan\u00e7a concurso com 11 vagas para Teresina, Bom Jesus e Picos; veja edital - Portal Not\u00edcia em Pauta","robots":{"index":"index","follow":"follow","max-snippet":"max-snippet:-1","max-image-preview":"max-image-preview:large","max-video-preview":"max-video-preview:-1"},"canonical":"https:\/\/noticiaempauta.com\/portal\/ufpi-lanca-concurso-com-11-vagas-para-teresina-bom-jesus-e-picos-veja-edital\/","og_locale":"pt_BR","og_type":"article","og_title":"UFPI lan\u00e7a concurso com 11 vagas para Teresina, Bom Jesus e Picos; veja edital","og_description":"A\u00a0Universidade Federal do Piau\u00ed (UFPI)lan\u00e7ou edital de concurso para preenchimento de 11 vagas de professor com contrata\u00e7\u00e3o imediata e forma\u00e7\u00e3o de cadastro reserva. As vagas s\u00e3o para os campi Ministro Petr\u00f4nio Portella, em Teresina; Professora Cinobelina Elvas, em Bom Jesus; e Senador Helv\u00eddio Nunes de Barros, em Picos. De acordo com o edital publicado na [&hellip;]","og_url":"https:\/\/noticiaempauta.com\/portal\/ufpi-lanca-concurso-com-11-vagas-para-teresina-bom-jesus-e-picos-veja-edital\/","og_site_name":"Portal Not\u00edcia em Pauta","article_publisher":"https:\/\/www.facebook.com\/Portal-Notcia-Em-Pauta-102292869264820\/","article_published_time":"2024-09-15T21:17:23+00:00","article_modified_time":"2024-09-15T21:17:24+00:00","og_image":[{"width":780,"height":470,"url":"https:\/\/noticiaempauta.com\/portal\/wp-content\/uploads\/2024\/07\/ufpi-picos-s-780x470-1.jpg","type":"image\/jpeg"}],"author":"Reda\u00e7\u00e3o","twitter_card":"summary_large_image","twitter_misc":{"Escrito por":"Reda\u00e7\u00e3o","Est. tempo de leitura":"2 minutos"},"schema":{"@context":"https:\/\/schema.org","@graph":[{"@type":"Article","@id":"https:\/\/noticiaempauta.com\/portal\/ufpi-lanca-concurso-com-11-vagas-para-teresina-bom-jesus-e-picos-veja-edital\/#article","isPartOf":{"@id":"https:\/\/noticiaempauta.com\/portal\/ufpi-lanca-concurso-com-11-vagas-para-teresina-bom-jesus-e-picos-veja-edital\/"},"author":{"name":"Reda\u00e7\u00e3o","@id":"https:\/\/noticiaempauta.com\/portal\/#\/schema\/person\/a74af43dd1ab3deca45f988c717d57ac"},"headline":"UFPI lan\u00e7a concurso com 11 vagas para Teresina, Bom Jesus e Picos; veja edital","datePublished":"2024-09-15T21:17:23+00:00","dateModified":"2024-09-15T21:17:24+00:00","mainEntityOfPage":{"@id":"https:\/\/noticiaempauta.com\/portal\/ufpi-lanca-concurso-com-11-vagas-para-teresina-bom-jesus-e-picos-veja-edital\/"},"wordCount":283,"commentCount":0,"publisher":{"@id":"https:\/\/noticiaempauta.com\/portal\/#organization"},"image":{"@id":"https:\/\/noticiaempauta.com\/portal\/ufpi-lanca-concurso-com-11-vagas-para-teresina-bom-jesus-e-picos-veja-edital\/#primaryimage"},"thumbnailUrl":"https:\/\/noticiaempauta.com\/portal\/wp-content\/uploads\/2024\/07\/ufpi-picos-s-780x470-1.jpg","keywords":["destaqueprincipal"],"articleSection":["Destaques","Geral","Todas as Not\u00edcias"],"inLanguage":"pt-BR","potentialAction":[{"@type":"CommentAction","name":"Comment","target":["https:\/\/noticiaempauta.com\/portal\/ufpi-lanca-concurso-com-11-vagas-para-teresina-bom-jesus-e-picos-veja-edital\/#respond"]}]},{"@type":"WebPage","@id":"https:\/\/noticiaempauta.com\/portal\/ufpi-lanca-concurso-com-11-vagas-para-teresina-bom-jesus-e-picos-veja-edital\/","url":"https:\/\/noticiaempauta.com\/portal\/ufpi-lanca-concurso-com-11-vagas-para-teresina-bom-jesus-e-picos-veja-edital\/","name":"UFPI lan\u00e7a concurso com 11 vagas para Teresina, Bom Jesus e Picos; veja edital - Portal Not\u00edcia em Pauta","isPartOf":{"@id":"https:\/\/noticiaempauta.com\/portal\/#website"},"primaryImageOfPage":{"@id":"https:\/\/noticiaempauta.com\/portal\/ufpi-lanca-concurso-com-11-vagas-para-teresina-bom-jesus-e-picos-veja-edital\/#primaryimage"},"image":{"@id":"https:\/\/noticiaempauta.com\/portal\/ufpi-lanca-concurso-com-11-vagas-para-teresina-bom-jesus-e-picos-veja-edital\/#primaryimage"},"thumbnailUrl":"https:\/\/noticiaempauta.com\/portal\/wp-content\/uploads\/2024\/07\/ufpi-picos-s-780x470-1.jpg","datePublished":"2024-09-15T21:17:23+00:00","dateModified":"2024-09-15T21:17:24+00:00","breadcrumb":{"@id":"https:\/\/noticiaempauta.com\/portal\/ufpi-lanca-concurso-com-11-vagas-para-teresina-bom-jesus-e-picos-veja-edital\/#breadcrumb"},"inLanguage":"pt-BR","potentialAction":[{"@type":"ReadAction","target":["https:\/\/noticiaempauta.com\/portal\/ufpi-lanca-concurso-com-11-vagas-para-teresina-bom-jesus-e-picos-veja-edital\/"]}]},{"@type":"ImageObject","inLanguage":"pt-BR","@id":"https:\/\/noticiaempauta.com\/portal\/ufpi-lanca-concurso-com-11-vagas-para-teresina-bom-jesus-e-picos-veja-edital\/#primaryimage","url":"https:\/\/noticiaempauta.com\/portal\/wp-content\/uploads\/2024\/07\/ufpi-picos-s-780x470-1.jpg","contentUrl":"https:\/\/noticiaempauta.com\/portal\/wp-content\/uploads\/2024\/07\/ufpi-picos-s-780x470-1.jpg","width":780,"height":470},{"@type":"BreadcrumbList","@id":"https:\/\/noticiaempauta.com\/portal\/ufpi-lanca-concurso-com-11-vagas-para-teresina-bom-jesus-e-picos-veja-edital\/#breadcrumb","itemListElement":[{"@type":"ListItem","position":1,"name":"P\u00e1gina Inicial","item":"https:\/\/noticiaempauta.com\/portal\/"},{"@type":"ListItem","position":2,"name":"Destaques","item":"https:\/\/noticiaempauta.com\/portal\/destaques-site\/"},{"@type":"ListItem","position":3,"name":"UFPI lan\u00e7a concurso com 11 vagas para Teresina, Bom Jesus e Picos; veja edital"}]},{"@type":"WebSite","@id":"https:\/\/noticiaempauta.com\/portal\/#website","url":"https:\/\/noticiaempauta.com\/portal\/","name":"Portal Not\u00edcia em Pauta","description":"Voc\u00ea bem informado","publisher":{"@id":"https:\/\/noticiaempauta.com\/portal\/#organization"},"potentialAction":[{"@type":"SearchAction","target":{"@type":"EntryPoint","urlTemplate":"https:\/\/noticiaempauta.com\/portal\/?s={search_term_string}"},"query-input":{"@type":"PropertyValueSpecification","valueRequired":true,"valueName":"search_term_string"}}],"inLanguage":"pt-BR"},{"@type":"Organization","@id":"https:\/\/noticiaempauta.com\/portal\/#organization","name":"Portal Not\u00edcia em Pauta","url":"https:\/\/noticiaempauta.com\/portal\/","logo":{"@type":"ImageObject","inLanguage":"pt-BR","@id":"https:\/\/noticiaempauta.com\/portal\/#\/schema\/logo\/image\/","url":"https:\/\/noticiaempauta.com\/portal\/wp-content\/uploads\/2022\/08\/logomarca_tema.fw_.png","contentUrl":"https:\/\/noticiaempauta.com\/portal\/wp-content\/uploads\/2022\/08\/logomarca_tema.fw_.png","width":400,"height":232,"caption":"Portal Not\u00edcia em Pauta"},"image":{"@id":"https:\/\/noticiaempauta.com\/portal\/#\/schema\/logo\/image\/"},"sameAs":["https:\/\/www.facebook.com\/Portal-Notcia-Em-Pauta-102292869264820\/","https:\/\/www.instagram.com\/portalnoticiaempauta\/"]},{"@type":"Person","@id":"https:\/\/noticiaempauta.com\/portal\/#\/schema\/person\/a74af43dd1ab3deca45f988c717d57ac","name":"Reda\u00e7\u00e3o","image":{"@type":"ImageObject","inLanguage":"pt-BR","@id":"https:\/\/noticiaempauta.com\/portal\/#\/schema\/person\/image\/","url":"https:\/\/secure.gravatar.com\/avatar\/03179346ecce6cdfc13361603e8f54242a90e5cde8618fa23c5c00aa2b0aadf3?s=96&d=mm&r=g","contentUrl":"https:\/\/secure.gravatar.com\/avatar\/03179346ecce6cdfc13361603e8f54242a90e5cde8618fa23c5c00aa2b0aadf3?s=96&d=mm&r=g","caption":"Reda\u00e7\u00e3o"},"sameAs":["https:\/\/noticiaempauta.com\/portal\/"],"url":"https:\/\/noticiaempauta.com\/portal\/author\/fernando\/"}]}},"_links":{"self":[{"href":"https:\/\/noticiaempauta.com\/portal\/wp-json\/wp\/v2\/posts\/262111","targetHints":{"allow":["GET"]}}],"collection":[{"href":"https:\/\/noticiaempauta.com\/portal\/wp-json\/wp\/v2\/posts"}],"about":[{"href":"https:\/\/noticiaempauta.com\/portal\/wp-json\/wp\/v2\/types\/post"}],"author":[{"embeddable":true,"href":"https:\/\/noticiaempauta.com\/portal\/wp-json\/wp\/v2\/users\/2"}],"replies":[{"embeddable":true,"href":"https:\/\/noticiaempauta.com\/portal\/wp-json\/wp\/v2\/comments?post=262111"}],"version-history":[{"count":2,"href":"https:\/\/noticiaempauta.com\/portal\/wp-json\/wp\/v2\/posts\/262111\/revisions"}],"predecessor-version":[{"id":262113,"href":"https:\/\/noticiaempauta.com\/portal\/wp-json\/wp\/v2\/posts\/262111\/revisions\/262113"}],"wp:featuredmedia":[{"embeddable":true,"href":"https:\/\/noticiaempauta.com\/portal\/wp-json\/wp\/v2\/media\/259459"}],"wp:attachment":[{"href":"https:\/\/noticiaempauta.com\/portal\/wp-json\/wp\/v2\/media?parent=262111"}],"wp:term":[{"taxonomy":"category","embeddable":true,"href":"https:\/\/noticiaempauta.com\/portal\/wp-json\/wp\/v2\/categories?post=262111"},{"taxonomy":"post_tag","embeddable":true,"href":"https:\/\/noticiaempauta.com\/portal\/wp-json\/wp\/v2\/tags?post=262111"}],"curies":[{"name":"wp","href":"https:\/\/api.w.org\/{rel}","templated":true}]}}