{"id":262119,"date":"2024-09-16T15:10:00","date_gmt":"2024-09-16T18:10:00","guid":{"rendered":"https:\/\/noticiaempauta.com\/portal\/?p=262119"},"modified":"2024-09-16T15:10:01","modified_gmt":"2024-09-16T18:10:01","slug":"dr-pablo-santos-consolida-lideranca-sobre-gil-paraibano-em-picos-aponta-nova-pesquisa","status":"publish","type":"post","link":"https:\/\/noticiaempauta.com\/portal\/dr-pablo-santos-consolida-lideranca-sobre-gil-paraibano-em-picos-aponta-nova-pesquisa\/","title":{"rendered":"Dr. Pablo Santos consolida lideran\u00e7a sobre Gil Paraibano em Picos, aponta nova pesquisa"},"content":{"rendered":"\n<p>A nova pesquisa eleitoral do Instituto Credibilidade revela que o candidato Dr. Pablo Santos (MDB) mant\u00e9m lideran\u00e7a na corrida eleitoral, consolidando-se como o favorito para assumir a prefeitura de Picos. Com uma vantagem significativa, Dr. Pablo lidera com 63,35% dos votos v\u00e1lidos na estimulada, enquanto Gil Paraibano (PP) aparece com 33,11%.<\/p>\n\n\n\n<figure class=\"wp-block-image size-full\"><img fetchpriority=\"high\" decoding=\"async\" width=\"790\" height=\"374\" src=\"https:\/\/noticiaempauta.com\/portal\/wp-content\/uploads\/2024\/09\/pablo-gil-e-cacique-asas.jpg\" alt=\"\" class=\"wp-image-262120\" srcset=\"https:\/\/noticiaempauta.com\/portal\/wp-content\/uploads\/2024\/09\/pablo-gil-e-cacique-asas.jpg 790w, https:\/\/noticiaempauta.com\/portal\/wp-content\/uploads\/2024\/09\/pablo-gil-e-cacique-asas-300x142.jpg 300w, https:\/\/noticiaempauta.com\/portal\/wp-content\/uploads\/2024\/09\/pablo-gil-e-cacique-asas-768x364.jpg 768w\" sizes=\"(max-width: 790px) 100vw, 790px\" \/><figcaption class=\"wp-element-caption\">(Foto: Reprodu\u00e7\u00e3o)<\/figcaption><\/figure>\n\n\n\n<p>Quando considerados todos os votos na <strong>pesquisa estimulada<\/strong>, Dr. Pablo Santos lidera com 57,40%. Gil Paraibano, atual prefeito que tenta a reelei\u00e7\u00e3o, surge com 30%. Eleitores indecisos somam 5,60%, enquanto 3,80% afirmaram votar em branco ou nulo.<\/p>\n\n\n\n<figure class=\"wp-block-image size-large\"><img decoding=\"async\" width=\"1024\" height=\"861\" src=\"https:\/\/noticiaempauta.com\/portal\/wp-content\/uploads\/2024\/09\/Screenshot_20240916_094532_Samsung-Notes-e1726490951815-1024x861.jpg\" alt=\"\" class=\"wp-image-262121\" srcset=\"https:\/\/noticiaempauta.com\/portal\/wp-content\/uploads\/2024\/09\/Screenshot_20240916_094532_Samsung-Notes-e1726490951815-1024x861.jpg 1024w, https:\/\/noticiaempauta.com\/portal\/wp-content\/uploads\/2024\/09\/Screenshot_20240916_094532_Samsung-Notes-e1726490951815-300x252.jpg 300w, https:\/\/noticiaempauta.com\/portal\/wp-content\/uploads\/2024\/09\/Screenshot_20240916_094532_Samsung-Notes-e1726490951815-768x646.jpg 768w, https:\/\/noticiaempauta.com\/portal\/wp-content\/uploads\/2024\/09\/Screenshot_20240916_094532_Samsung-Notes-e1726490951815.jpg 1080w\" sizes=\"(max-width: 1024px) 100vw, 1024px\" \/><\/figure>\n\n\n\n<p>Al\u00e9m disso, foi questionado aos entrevistados em quem n\u00e3o depositariam o seu voto e, em disparada, o nome de Gil Paraibano foi citado com 44,40%. O levantamento tamb\u00e9m mostrou que 90,80% dos eleitores n\u00e3o pretendem mudar o seu voto.<\/p>\n\n\n\n<p><strong>Estabilidade<\/strong><\/p>\n\n\n\n<p>As \u00faltimas tr\u00eas pesquisas do Credibilidade mostram um cen\u00e1rio de estabilidade na disputa pelo Pal\u00e1cio Coelho Rodrigues. Os tr\u00eas candidatos oscilaram para mais ou para menos dentro da margem de erro nos \u00faltimos tr\u00eas lavamentos divulgados pelo Instituto nos dias 05 de setembro, 10 de setembro e agora 16 de setembro.<\/p>\n\n\n\n<p><a href=\"https:\/\/www.webpiaui.com.br\/politica\/credibilidade-mostra-dr-pablo-santos-liderando-com-62-dos-votos-validos\/\">Clique&nbsp;<strong><em>Aqui&nbsp;<\/em><\/strong>e veja a pesquisa do dia 05 de setembro<\/a><\/p>\n\n\n\n<p><a href=\"https:\/\/www.webpiaui.com.br\/politica\/credibilidade-mostra-que-pablo-amplia-vantagem-sobre-gil-em-picos\/\">Clique&nbsp;<em><strong>Aqui&nbsp;<\/strong><\/em>e veja a pesquisa do dia 10 de setembro<\/a><\/p>\n\n\n\n<p><strong>Ficha t\u00e9cnica<\/strong><\/p>\n\n\n\n<p>A pesquisa, encomendada pela R\u00e1dio Cidade Modelo FM, foi realizada entre os dias 13 de 15 de setembro, com 500 eleitores com 16 anos ou mais, residentes na sede e zona rural de Picos.<\/p>\n\n\n\n<p>A margem de erro da pesquisa \u00e9 de 4,36% para mais ou para menos e n\u00edvel de confian\u00e7a de 95%. Est\u00e1 registrada junto ao Tribunal Superior Eleitoral (TSE) com o n\u00famero de identifica\u00e7\u00e3o PI-00630\/2024 e tem como estat\u00edstico respons\u00e1vel Di\u00f3genes Vitor da Silveira.<\/p>\n\n\n\n<p><strong><em>Com informa\u00e7\u00f5es do Web Piaui<\/em><\/strong><\/p>\n\n\n\n<p><\/p>\n","protected":false},"excerpt":{"rendered":"<p>A nova pesquisa eleitoral do Instituto Credibilidade revela que o candidato Dr. Pablo Santos (MDB) mant\u00e9m lideran\u00e7a na corrida eleitoral, consolidando-se como o favorito para assumir a prefeitura de Picos. Com uma vantagem significativa, Dr. Pablo lidera com 63,35% dos votos v\u00e1lidos na estimulada, enquanto Gil Paraibano (PP) aparece com 33,11%. Quando considerados todos os [&hellip;]<\/p>\n","protected":false},"author":2,"featured_media":254244,"comment_status":"open","ping_status":"open","sticky":false,"template":"","format":"standard","meta":{"_mi_skip_tracking":false,"footnotes":""},"categories":[25,1,3,16],"tags":[192],"class_list":["post-262119","post","type-post","status-publish","format-standard","has-post-thumbnail","hentry","category-destaques-site","category-geral","category-politica","category-todas","tag-destaqueprincipal"],"acf":[],"yoast_head":"<!-- This site is optimized with the Yoast SEO Premium plugin v19.2 (Yoast SEO v26.9) - https:\/\/yoast.com\/product\/yoast-seo-premium-wordpress\/ -->\n<title>Dr. Pablo Santos consolida lideran\u00e7a sobre Gil Paraibano em Picos, aponta nova pesquisa - Portal Not\u00edcia em Pauta<\/title>\n<meta name=\"robots\" content=\"index, follow, max-snippet:-1, max-image-preview:large, max-video-preview:-1\" \/>\n<link rel=\"canonical\" href=\"https:\/\/noticiaempauta.com\/portal\/dr-pablo-santos-consolida-lideranca-sobre-gil-paraibano-em-picos-aponta-nova-pesquisa\/\" \/>\n<meta property=\"og:locale\" content=\"pt_BR\" \/>\n<meta property=\"og:type\" content=\"article\" \/>\n<meta property=\"og:title\" content=\"Dr. Pablo Santos consolida lideran\u00e7a sobre Gil Paraibano em Picos, aponta nova pesquisa\" \/>\n<meta property=\"og:description\" content=\"A nova pesquisa eleitoral do Instituto Credibilidade revela que o candidato Dr. Pablo Santos (MDB) mant\u00e9m lideran\u00e7a na corrida eleitoral, consolidando-se como o favorito para assumir a prefeitura de Picos. Com uma vantagem significativa, Dr. Pablo lidera com 63,35% dos votos v\u00e1lidos na estimulada, enquanto Gil Paraibano (PP) aparece com 33,11%. Quando considerados todos os [&hellip;]\" \/>\n<meta property=\"og:url\" content=\"https:\/\/noticiaempauta.com\/portal\/dr-pablo-santos-consolida-lideranca-sobre-gil-paraibano-em-picos-aponta-nova-pesquisa\/\" \/>\n<meta property=\"og:site_name\" content=\"Portal Not\u00edcia em Pauta\" \/>\n<meta property=\"article:publisher\" content=\"https:\/\/www.facebook.com\/Portal-Notcia-Em-Pauta-102292869264820\/\" \/>\n<meta property=\"article:published_time\" content=\"2024-09-16T18:10:00+00:00\" \/>\n<meta property=\"article:modified_time\" content=\"2024-09-16T18:10:01+00:00\" \/>\n<meta property=\"og:image\" content=\"https:\/\/noticiaempauta.com\/portal\/wp-content\/uploads\/2024\/02\/pablo-santos.jpeg\" \/>\n\t<meta property=\"og:image:width\" content=\"1200\" \/>\n\t<meta property=\"og:image:height\" content=\"799\" \/>\n\t<meta property=\"og:image:type\" content=\"image\/jpeg\" \/>\n<meta name=\"author\" content=\"Reda\u00e7\u00e3o\" \/>\n<meta name=\"twitter:card\" content=\"summary_large_image\" \/>\n<meta name=\"twitter:label1\" content=\"Escrito por\" \/>\n\t<meta name=\"twitter:data1\" content=\"Reda\u00e7\u00e3o\" \/>\n\t<meta name=\"twitter:label2\" content=\"Est. tempo de leitura\" \/>\n\t<meta name=\"twitter:data2\" content=\"3 minutos\" \/>\n<script type=\"application\/ld+json\" class=\"yoast-schema-graph\">{\"@context\":\"https:\/\/schema.org\",\"@graph\":[{\"@type\":\"Article\",\"@id\":\"https:\/\/noticiaempauta.com\/portal\/dr-pablo-santos-consolida-lideranca-sobre-gil-paraibano-em-picos-aponta-nova-pesquisa\/#article\",\"isPartOf\":{\"@id\":\"https:\/\/noticiaempauta.com\/portal\/dr-pablo-santos-consolida-lideranca-sobre-gil-paraibano-em-picos-aponta-nova-pesquisa\/\"},\"author\":{\"name\":\"Reda\u00e7\u00e3o\",\"@id\":\"https:\/\/noticiaempauta.com\/portal\/#\/schema\/person\/a74af43dd1ab3deca45f988c717d57ac\"},\"headline\":\"Dr. Pablo Santos consolida lideran\u00e7a sobre Gil Paraibano em Picos, aponta nova pesquisa\",\"datePublished\":\"2024-09-16T18:10:00+00:00\",\"dateModified\":\"2024-09-16T18:10:01+00:00\",\"mainEntityOfPage\":{\"@id\":\"https:\/\/noticiaempauta.com\/portal\/dr-pablo-santos-consolida-lideranca-sobre-gil-paraibano-em-picos-aponta-nova-pesquisa\/\"},\"wordCount\":309,\"commentCount\":0,\"publisher\":{\"@id\":\"https:\/\/noticiaempauta.com\/portal\/#organization\"},\"image\":{\"@id\":\"https:\/\/noticiaempauta.com\/portal\/dr-pablo-santos-consolida-lideranca-sobre-gil-paraibano-em-picos-aponta-nova-pesquisa\/#primaryimage\"},\"thumbnailUrl\":\"https:\/\/noticiaempauta.com\/portal\/wp-content\/uploads\/2024\/02\/pablo-santos.jpeg\",\"keywords\":[\"destaqueprincipal\"],\"articleSection\":[\"Destaques\",\"Geral\",\"Pol\u00edtica\",\"Todas as Not\u00edcias\"],\"inLanguage\":\"pt-BR\",\"potentialAction\":[{\"@type\":\"CommentAction\",\"name\":\"Comment\",\"target\":[\"https:\/\/noticiaempauta.com\/portal\/dr-pablo-santos-consolida-lideranca-sobre-gil-paraibano-em-picos-aponta-nova-pesquisa\/#respond\"]}]},{\"@type\":\"WebPage\",\"@id\":\"https:\/\/noticiaempauta.com\/portal\/dr-pablo-santos-consolida-lideranca-sobre-gil-paraibano-em-picos-aponta-nova-pesquisa\/\",\"url\":\"https:\/\/noticiaempauta.com\/portal\/dr-pablo-santos-consolida-lideranca-sobre-gil-paraibano-em-picos-aponta-nova-pesquisa\/\",\"name\":\"Dr. Pablo Santos consolida lideran\u00e7a sobre Gil Paraibano em Picos, aponta nova pesquisa - Portal Not\u00edcia em Pauta\",\"isPartOf\":{\"@id\":\"https:\/\/noticiaempauta.com\/portal\/#website\"},\"primaryImageOfPage\":{\"@id\":\"https:\/\/noticiaempauta.com\/portal\/dr-pablo-santos-consolida-lideranca-sobre-gil-paraibano-em-picos-aponta-nova-pesquisa\/#primaryimage\"},\"image\":{\"@id\":\"https:\/\/noticiaempauta.com\/portal\/dr-pablo-santos-consolida-lideranca-sobre-gil-paraibano-em-picos-aponta-nova-pesquisa\/#primaryimage\"},\"thumbnailUrl\":\"https:\/\/noticiaempauta.com\/portal\/wp-content\/uploads\/2024\/02\/pablo-santos.jpeg\",\"datePublished\":\"2024-09-16T18:10:00+00:00\",\"dateModified\":\"2024-09-16T18:10:01+00:00\",\"breadcrumb\":{\"@id\":\"https:\/\/noticiaempauta.com\/portal\/dr-pablo-santos-consolida-lideranca-sobre-gil-paraibano-em-picos-aponta-nova-pesquisa\/#breadcrumb\"},\"inLanguage\":\"pt-BR\",\"potentialAction\":[{\"@type\":\"ReadAction\",\"target\":[\"https:\/\/noticiaempauta.com\/portal\/dr-pablo-santos-consolida-lideranca-sobre-gil-paraibano-em-picos-aponta-nova-pesquisa\/\"]}]},{\"@type\":\"ImageObject\",\"inLanguage\":\"pt-BR\",\"@id\":\"https:\/\/noticiaempauta.com\/portal\/dr-pablo-santos-consolida-lideranca-sobre-gil-paraibano-em-picos-aponta-nova-pesquisa\/#primaryimage\",\"url\":\"https:\/\/noticiaempauta.com\/portal\/wp-content\/uploads\/2024\/02\/pablo-santos.jpeg\",\"contentUrl\":\"https:\/\/noticiaempauta.com\/portal\/wp-content\/uploads\/2024\/02\/pablo-santos.jpeg\",\"width\":1200,\"height\":799,\"caption\":\"(Foto: Reprodu\u00e7\u00e3o)\"},{\"@type\":\"BreadcrumbList\",\"@id\":\"https:\/\/noticiaempauta.com\/portal\/dr-pablo-santos-consolida-lideranca-sobre-gil-paraibano-em-picos-aponta-nova-pesquisa\/#breadcrumb\",\"itemListElement\":[{\"@type\":\"ListItem\",\"position\":1,\"name\":\"P\u00e1gina Inicial\",\"item\":\"https:\/\/noticiaempauta.com\/portal\/\"},{\"@type\":\"ListItem\",\"position\":2,\"name\":\"Destaques\",\"item\":\"https:\/\/noticiaempauta.com\/portal\/destaques-site\/\"},{\"@type\":\"ListItem\",\"position\":3,\"name\":\"Dr. Pablo Santos consolida lideran\u00e7a sobre Gil Paraibano em Picos, aponta nova pesquisa\"}]},{\"@type\":\"WebSite\",\"@id\":\"https:\/\/noticiaempauta.com\/portal\/#website\",\"url\":\"https:\/\/noticiaempauta.com\/portal\/\",\"name\":\"Portal Not\u00edcia em Pauta\",\"description\":\"Voc\u00ea bem informado\",\"publisher\":{\"@id\":\"https:\/\/noticiaempauta.com\/portal\/#organization\"},\"potentialAction\":[{\"@type\":\"SearchAction\",\"target\":{\"@type\":\"EntryPoint\",\"urlTemplate\":\"https:\/\/noticiaempauta.com\/portal\/?s={search_term_string}\"},\"query-input\":{\"@type\":\"PropertyValueSpecification\",\"valueRequired\":true,\"valueName\":\"search_term_string\"}}],\"inLanguage\":\"pt-BR\"},{\"@type\":\"Organization\",\"@id\":\"https:\/\/noticiaempauta.com\/portal\/#organization\",\"name\":\"Portal Not\u00edcia em Pauta\",\"url\":\"https:\/\/noticiaempauta.com\/portal\/\",\"logo\":{\"@type\":\"ImageObject\",\"inLanguage\":\"pt-BR\",\"@id\":\"https:\/\/noticiaempauta.com\/portal\/#\/schema\/logo\/image\/\",\"url\":\"https:\/\/noticiaempauta.com\/portal\/wp-content\/uploads\/2022\/08\/logomarca_tema.fw_.png\",\"contentUrl\":\"https:\/\/noticiaempauta.com\/portal\/wp-content\/uploads\/2022\/08\/logomarca_tema.fw_.png\",\"width\":400,\"height\":232,\"caption\":\"Portal Not\u00edcia em Pauta\"},\"image\":{\"@id\":\"https:\/\/noticiaempauta.com\/portal\/#\/schema\/logo\/image\/\"},\"sameAs\":[\"https:\/\/www.facebook.com\/Portal-Notcia-Em-Pauta-102292869264820\/\",\"https:\/\/www.instagram.com\/portalnoticiaempauta\/\"]},{\"@type\":\"Person\",\"@id\":\"https:\/\/noticiaempauta.com\/portal\/#\/schema\/person\/a74af43dd1ab3deca45f988c717d57ac\",\"name\":\"Reda\u00e7\u00e3o\",\"image\":{\"@type\":\"ImageObject\",\"inLanguage\":\"pt-BR\",\"@id\":\"https:\/\/noticiaempauta.com\/portal\/#\/schema\/person\/image\/\",\"url\":\"https:\/\/secure.gravatar.com\/avatar\/03179346ecce6cdfc13361603e8f54242a90e5cde8618fa23c5c00aa2b0aadf3?s=96&d=mm&r=g\",\"contentUrl\":\"https:\/\/secure.gravatar.com\/avatar\/03179346ecce6cdfc13361603e8f54242a90e5cde8618fa23c5c00aa2b0aadf3?s=96&d=mm&r=g\",\"caption\":\"Reda\u00e7\u00e3o\"},\"sameAs\":[\"https:\/\/noticiaempauta.com\/portal\/\"],\"url\":\"https:\/\/noticiaempauta.com\/portal\/author\/fernando\/\"}]}<\/script>\n<!-- \/ Yoast SEO Premium plugin. -->","yoast_head_json":{"title":"Dr. Pablo Santos consolida lideran\u00e7a sobre Gil Paraibano em Picos, aponta nova pesquisa - Portal Not\u00edcia em Pauta","robots":{"index":"index","follow":"follow","max-snippet":"max-snippet:-1","max-image-preview":"max-image-preview:large","max-video-preview":"max-video-preview:-1"},"canonical":"https:\/\/noticiaempauta.com\/portal\/dr-pablo-santos-consolida-lideranca-sobre-gil-paraibano-em-picos-aponta-nova-pesquisa\/","og_locale":"pt_BR","og_type":"article","og_title":"Dr. Pablo Santos consolida lideran\u00e7a sobre Gil Paraibano em Picos, aponta nova pesquisa","og_description":"A nova pesquisa eleitoral do Instituto Credibilidade revela que o candidato Dr. Pablo Santos (MDB) mant\u00e9m lideran\u00e7a na corrida eleitoral, consolidando-se como o favorito para assumir a prefeitura de Picos. Com uma vantagem significativa, Dr. Pablo lidera com 63,35% dos votos v\u00e1lidos na estimulada, enquanto Gil Paraibano (PP) aparece com 33,11%. Quando considerados todos os [&hellip;]","og_url":"https:\/\/noticiaempauta.com\/portal\/dr-pablo-santos-consolida-lideranca-sobre-gil-paraibano-em-picos-aponta-nova-pesquisa\/","og_site_name":"Portal Not\u00edcia em Pauta","article_publisher":"https:\/\/www.facebook.com\/Portal-Notcia-Em-Pauta-102292869264820\/","article_published_time":"2024-09-16T18:10:00+00:00","article_modified_time":"2024-09-16T18:10:01+00:00","og_image":[{"width":1200,"height":799,"url":"https:\/\/noticiaempauta.com\/portal\/wp-content\/uploads\/2024\/02\/pablo-santos.jpeg","type":"image\/jpeg"}],"author":"Reda\u00e7\u00e3o","twitter_card":"summary_large_image","twitter_misc":{"Escrito por":"Reda\u00e7\u00e3o","Est. tempo de leitura":"3 minutos"},"schema":{"@context":"https:\/\/schema.org","@graph":[{"@type":"Article","@id":"https:\/\/noticiaempauta.com\/portal\/dr-pablo-santos-consolida-lideranca-sobre-gil-paraibano-em-picos-aponta-nova-pesquisa\/#article","isPartOf":{"@id":"https:\/\/noticiaempauta.com\/portal\/dr-pablo-santos-consolida-lideranca-sobre-gil-paraibano-em-picos-aponta-nova-pesquisa\/"},"author":{"name":"Reda\u00e7\u00e3o","@id":"https:\/\/noticiaempauta.com\/portal\/#\/schema\/person\/a74af43dd1ab3deca45f988c717d57ac"},"headline":"Dr. Pablo Santos consolida lideran\u00e7a sobre Gil Paraibano em Picos, aponta nova pesquisa","datePublished":"2024-09-16T18:10:00+00:00","dateModified":"2024-09-16T18:10:01+00:00","mainEntityOfPage":{"@id":"https:\/\/noticiaempauta.com\/portal\/dr-pablo-santos-consolida-lideranca-sobre-gil-paraibano-em-picos-aponta-nova-pesquisa\/"},"wordCount":309,"commentCount":0,"publisher":{"@id":"https:\/\/noticiaempauta.com\/portal\/#organization"},"image":{"@id":"https:\/\/noticiaempauta.com\/portal\/dr-pablo-santos-consolida-lideranca-sobre-gil-paraibano-em-picos-aponta-nova-pesquisa\/#primaryimage"},"thumbnailUrl":"https:\/\/noticiaempauta.com\/portal\/wp-content\/uploads\/2024\/02\/pablo-santos.jpeg","keywords":["destaqueprincipal"],"articleSection":["Destaques","Geral","Pol\u00edtica","Todas as Not\u00edcias"],"inLanguage":"pt-BR","potentialAction":[{"@type":"CommentAction","name":"Comment","target":["https:\/\/noticiaempauta.com\/portal\/dr-pablo-santos-consolida-lideranca-sobre-gil-paraibano-em-picos-aponta-nova-pesquisa\/#respond"]}]},{"@type":"WebPage","@id":"https:\/\/noticiaempauta.com\/portal\/dr-pablo-santos-consolida-lideranca-sobre-gil-paraibano-em-picos-aponta-nova-pesquisa\/","url":"https:\/\/noticiaempauta.com\/portal\/dr-pablo-santos-consolida-lideranca-sobre-gil-paraibano-em-picos-aponta-nova-pesquisa\/","name":"Dr. Pablo Santos consolida lideran\u00e7a sobre Gil Paraibano em Picos, aponta nova pesquisa - Portal Not\u00edcia em Pauta","isPartOf":{"@id":"https:\/\/noticiaempauta.com\/portal\/#website"},"primaryImageOfPage":{"@id":"https:\/\/noticiaempauta.com\/portal\/dr-pablo-santos-consolida-lideranca-sobre-gil-paraibano-em-picos-aponta-nova-pesquisa\/#primaryimage"},"image":{"@id":"https:\/\/noticiaempauta.com\/portal\/dr-pablo-santos-consolida-lideranca-sobre-gil-paraibano-em-picos-aponta-nova-pesquisa\/#primaryimage"},"thumbnailUrl":"https:\/\/noticiaempauta.com\/portal\/wp-content\/uploads\/2024\/02\/pablo-santos.jpeg","datePublished":"2024-09-16T18:10:00+00:00","dateModified":"2024-09-16T18:10:01+00:00","breadcrumb":{"@id":"https:\/\/noticiaempauta.com\/portal\/dr-pablo-santos-consolida-lideranca-sobre-gil-paraibano-em-picos-aponta-nova-pesquisa\/#breadcrumb"},"inLanguage":"pt-BR","potentialAction":[{"@type":"ReadAction","target":["https:\/\/noticiaempauta.com\/portal\/dr-pablo-santos-consolida-lideranca-sobre-gil-paraibano-em-picos-aponta-nova-pesquisa\/"]}]},{"@type":"ImageObject","inLanguage":"pt-BR","@id":"https:\/\/noticiaempauta.com\/portal\/dr-pablo-santos-consolida-lideranca-sobre-gil-paraibano-em-picos-aponta-nova-pesquisa\/#primaryimage","url":"https:\/\/noticiaempauta.com\/portal\/wp-content\/uploads\/2024\/02\/pablo-santos.jpeg","contentUrl":"https:\/\/noticiaempauta.com\/portal\/wp-content\/uploads\/2024\/02\/pablo-santos.jpeg","width":1200,"height":799,"caption":"(Foto: Reprodu\u00e7\u00e3o)"},{"@type":"BreadcrumbList","@id":"https:\/\/noticiaempauta.com\/portal\/dr-pablo-santos-consolida-lideranca-sobre-gil-paraibano-em-picos-aponta-nova-pesquisa\/#breadcrumb","itemListElement":[{"@type":"ListItem","position":1,"name":"P\u00e1gina Inicial","item":"https:\/\/noticiaempauta.com\/portal\/"},{"@type":"ListItem","position":2,"name":"Destaques","item":"https:\/\/noticiaempauta.com\/portal\/destaques-site\/"},{"@type":"ListItem","position":3,"name":"Dr. Pablo Santos consolida lideran\u00e7a sobre Gil Paraibano em Picos, aponta nova pesquisa"}]},{"@type":"WebSite","@id":"https:\/\/noticiaempauta.com\/portal\/#website","url":"https:\/\/noticiaempauta.com\/portal\/","name":"Portal Not\u00edcia em Pauta","description":"Voc\u00ea bem informado","publisher":{"@id":"https:\/\/noticiaempauta.com\/portal\/#organization"},"potentialAction":[{"@type":"SearchAction","target":{"@type":"EntryPoint","urlTemplate":"https:\/\/noticiaempauta.com\/portal\/?s={search_term_string}"},"query-input":{"@type":"PropertyValueSpecification","valueRequired":true,"valueName":"search_term_string"}}],"inLanguage":"pt-BR"},{"@type":"Organization","@id":"https:\/\/noticiaempauta.com\/portal\/#organization","name":"Portal Not\u00edcia em Pauta","url":"https:\/\/noticiaempauta.com\/portal\/","logo":{"@type":"ImageObject","inLanguage":"pt-BR","@id":"https:\/\/noticiaempauta.com\/portal\/#\/schema\/logo\/image\/","url":"https:\/\/noticiaempauta.com\/portal\/wp-content\/uploads\/2022\/08\/logomarca_tema.fw_.png","contentUrl":"https:\/\/noticiaempauta.com\/portal\/wp-content\/uploads\/2022\/08\/logomarca_tema.fw_.png","width":400,"height":232,"caption":"Portal Not\u00edcia em Pauta"},"image":{"@id":"https:\/\/noticiaempauta.com\/portal\/#\/schema\/logo\/image\/"},"sameAs":["https:\/\/www.facebook.com\/Portal-Notcia-Em-Pauta-102292869264820\/","https:\/\/www.instagram.com\/portalnoticiaempauta\/"]},{"@type":"Person","@id":"https:\/\/noticiaempauta.com\/portal\/#\/schema\/person\/a74af43dd1ab3deca45f988c717d57ac","name":"Reda\u00e7\u00e3o","image":{"@type":"ImageObject","inLanguage":"pt-BR","@id":"https:\/\/noticiaempauta.com\/portal\/#\/schema\/person\/image\/","url":"https:\/\/secure.gravatar.com\/avatar\/03179346ecce6cdfc13361603e8f54242a90e5cde8618fa23c5c00aa2b0aadf3?s=96&d=mm&r=g","contentUrl":"https:\/\/secure.gravatar.com\/avatar\/03179346ecce6cdfc13361603e8f54242a90e5cde8618fa23c5c00aa2b0aadf3?s=96&d=mm&r=g","caption":"Reda\u00e7\u00e3o"},"sameAs":["https:\/\/noticiaempauta.com\/portal\/"],"url":"https:\/\/noticiaempauta.com\/portal\/author\/fernando\/"}]}},"_links":{"self":[{"href":"https:\/\/noticiaempauta.com\/portal\/wp-json\/wp\/v2\/posts\/262119","targetHints":{"allow":["GET"]}}],"collection":[{"href":"https:\/\/noticiaempauta.com\/portal\/wp-json\/wp\/v2\/posts"}],"about":[{"href":"https:\/\/noticiaempauta.com\/portal\/wp-json\/wp\/v2\/types\/post"}],"author":[{"embeddable":true,"href":"https:\/\/noticiaempauta.com\/portal\/wp-json\/wp\/v2\/users\/2"}],"replies":[{"embeddable":true,"href":"https:\/\/noticiaempauta.com\/portal\/wp-json\/wp\/v2\/comments?post=262119"}],"version-history":[{"count":2,"href":"https:\/\/noticiaempauta.com\/portal\/wp-json\/wp\/v2\/posts\/262119\/revisions"}],"predecessor-version":[{"id":262123,"href":"https:\/\/noticiaempauta.com\/portal\/wp-json\/wp\/v2\/posts\/262119\/revisions\/262123"}],"wp:featuredmedia":[{"embeddable":true,"href":"https:\/\/noticiaempauta.com\/portal\/wp-json\/wp\/v2\/media\/254244"}],"wp:attachment":[{"href":"https:\/\/noticiaempauta.com\/portal\/wp-json\/wp\/v2\/media?parent=262119"}],"wp:term":[{"taxonomy":"category","embeddable":true,"href":"https:\/\/noticiaempauta.com\/portal\/wp-json\/wp\/v2\/categories?post=262119"},{"taxonomy":"post_tag","embeddable":true,"href":"https:\/\/noticiaempauta.com\/portal\/wp-json\/wp\/v2\/tags?post=262119"}],"curies":[{"name":"wp","href":"https:\/\/api.w.org\/{rel}","templated":true}]}}