{"id":262124,"date":"2024-09-16T15:15:56","date_gmt":"2024-09-16T18:15:56","guid":{"rendered":"https:\/\/noticiaempauta.com\/portal\/?p=262124"},"modified":"2024-09-16T15:15:57","modified_gmt":"2024-09-16T18:15:57","slug":"operacao-mata-atlantica-em-pe-e-deflagrada-no-piaui-e-em-outros-16-estados","status":"publish","type":"post","link":"https:\/\/noticiaempauta.com\/portal\/operacao-mata-atlantica-em-pe-e-deflagrada-no-piaui-e-em-outros-16-estados\/","title":{"rendered":"Opera\u00e7\u00e3o &#8220;Mata Atl\u00e2ntica em P\u00e9&#8221; \u00e9 deflagrada no Piau\u00ed e em outros 16 estados"},"content":{"rendered":"\n<p>Foi deflagrada nesta segunda-feira (16) a opera\u00e7\u00e3o conjunta de combate ao desmatamento do bioma Mata Atl\u00e2ntica em todo o pa\u00eds. As a\u00e7\u00f5es de fiscaliza\u00e7\u00e3o ocorrem simultaneamente em 17 estados da Federa\u00e7\u00e3o (dentre os quais o Piau\u00ed) que possuem cobertura desse ecossistema. Neste ano, a \u201cMata Atl\u00e2ntica em P\u00e9\u201d \u00e9 coordenada nacionalmente pelo Minist\u00e9rio P\u00fablico Minas Gerais (MPMG) e a Associa\u00e7\u00e3o Brasileira dos Membros do Minist\u00e9rio P\u00fablico de Meio Ambiente (ABRAMPA). As vistorias prosseguem at\u00e9 27 de setembro, quando ser\u00e3o contabilizadas as \u00e1reas desmatadas e as infra\u00e7\u00f5es identificadas.<\/p>\n\n\n\n<figure class=\"wp-block-image size-full\"><img fetchpriority=\"high\" decoding=\"async\" width=\"800\" height=\"533\" src=\"https:\/\/noticiaempauta.com\/portal\/wp-content\/uploads\/2024\/09\/Ya3YV8q1Df0SjFOSI6UoXavGRtoBVSCwi2effU1m.webp\" alt=\"\" class=\"wp-image-262126\" srcset=\"https:\/\/noticiaempauta.com\/portal\/wp-content\/uploads\/2024\/09\/Ya3YV8q1Df0SjFOSI6UoXavGRtoBVSCwi2effU1m.webp 800w, https:\/\/noticiaempauta.com\/portal\/wp-content\/uploads\/2024\/09\/Ya3YV8q1Df0SjFOSI6UoXavGRtoBVSCwi2effU1m-300x200.webp 300w, https:\/\/noticiaempauta.com\/portal\/wp-content\/uploads\/2024\/09\/Ya3YV8q1Df0SjFOSI6UoXavGRtoBVSCwi2effU1m-768x512.webp 768w\" sizes=\"(max-width: 800px) 100vw, 800px\" \/><figcaption class=\"wp-element-caption\">(Divulga\u00e7\u00e3o \/ MPPI)<\/figcaption><\/figure>\n\n\n\n<p>Em sua s\u00e9tima edi\u00e7\u00e3o nacional, a Opera\u00e7\u00e3o \u201cMata Atl\u00e2ntica em P\u00e9\u201d \u00e9 uma a\u00e7\u00e3o conjunta entre os Minist\u00e9rios P\u00fablicos dos estados e demais \u00f3rg\u00e3os ambientais envolvidos. No Piau\u00ed, a opera\u00e7\u00e3o \u00e9 uma atua\u00e7\u00e3o conjunta do Minist\u00e9rio P\u00fablico Estadual, por meio do nosso Centro de Apoio Operacional do Meio Ambiente (Caoma), do Batalh\u00e3o de Pol\u00edcia Ambiental, da Secretaria Estadual do Meio Ambiente e do IBAMA.<\/p>\n\n\n\n<p>Os alvos da opera\u00e7\u00e3o est\u00e3o localizados em Teresina, Jos\u00e9 de Freitas, Barras, Uni\u00e3o, Miguel Alves, Alvorada do Gurgueia, Parnagu\u00e1, Sebasti\u00e3o Barros, Corrente, Manoel Em\u00eddio, Bom Jesus, Reden\u00e7\u00e3o do Gurgueia, Morro Cabe\u00e7a no Tempo, Curimat\u00e1, Canavieira, Canto do Buriti, Riacho Frio, Palmeira do Piau\u00ed e Bertol\u00ednia.<\/p>\n\n\n\n<p>A Coordenadora do CAO de Defesa do Meio Ambiente do Piau\u00ed, promotora de Justi\u00e7a \u00c1urea Em\u00edlia Bezerra Madruga, destaca que \u201c\u00e9 importante a presen\u00e7a do Piau\u00ed em um evento nacional como este, pois \u00e9 uma oportunidade para sedimentar o entendimento pac\u00edfico sobre a exist\u00eancia da Mata Atl\u00e2ntica no nosso Estado e para chamar a aten\u00e7\u00e3o da sociedade e das demais autoridades quanto \u00e0 necessidade urgente de se preservar os resqu\u00edcios dos ecossistemas associados a esse Bioma no territ\u00f3rio piauiense e, para al\u00e9m disso, exigir a recomposi\u00e7\u00e3o das \u00e1reas degradadas de forma ilegal, conjugada \u00e0 puni\u00e7\u00e3o dos respons\u00e1veis\u201d, explica.<\/p>\n\n\n\n<p>Em 2023, a Opera\u00e7\u00e3o Nacional permitiu a identifica\u00e7\u00e3o de 17.931 hectares de supress\u00e3o ilegal de vegeta\u00e7\u00e3o nativa do bioma Mata Atl\u00e2ntica \u2013 em 2022 foram 11,9 mil. Ao todo, foram alvos de fiscaliza\u00e7\u00e3o 1.399 pol\u00edgonos que resultou na aplica\u00e7\u00e3o de aproximadamente R$ 82 milh\u00f5es. Os Estados que participam da Opera\u00e7\u00e3o Mata Atl\u00e2ntica em P\u00e9 s\u00e3o: Alagoas, Bahia, Cear\u00e1, Esp\u00edrito Santo, Goi\u00e1s, Mato Grosso do Sul, Minas Gerais, Paran\u00e1, Para\u00edba, Pernambuco, Piau\u00ed, Rio de Janeiro, Rio Grande do Norte, Rio Grande do Sul, Santa Catarina, S\u00e3o Paulo e Sergipe.<\/p>\n\n\n\n<figure class=\"wp-block-image size-full\"><img decoding=\"async\" width=\"500\" height=\"670\" src=\"https:\/\/noticiaempauta.com\/portal\/wp-content\/uploads\/2024\/09\/EH33eKNuqrgglxATWmneD2fJKvdFZq0BlQw2M75y.webp\" alt=\"\" class=\"wp-image-262125\" srcset=\"https:\/\/noticiaempauta.com\/portal\/wp-content\/uploads\/2024\/09\/EH33eKNuqrgglxATWmneD2fJKvdFZq0BlQw2M75y.webp 500w, https:\/\/noticiaempauta.com\/portal\/wp-content\/uploads\/2024\/09\/EH33eKNuqrgglxATWmneD2fJKvdFZq0BlQw2M75y-224x300.webp 224w\" sizes=\"(max-width: 500px) 100vw, 500px\" \/><\/figure>\n\n\n\n<p>Dados do\u00a0Atlas dos Remanescentes Florestais da Mata Atl\u00e2ntica\u00a0\u2013 cuja \u00faltima atualiza\u00e7\u00e3o \u00e9 de maio deste ano \u2013 mostram uma perda de 14.697 hectares (equivalente a 14 mil campos de futebol) de florestas nativas no per\u00edodo de 2022-2023. O n\u00famero representa uma redu\u00e7\u00e3o de 27% em rela\u00e7\u00e3o ao per\u00edodo anterior e confirma uma tend\u00eancia de queda na taxa de desmatamento no bioma nos \u00faltimos anos.<\/p>\n\n\n\n<p><strong><em>Fonte: Portal O Dia<\/em><\/strong><\/p>\n","protected":false},"excerpt":{"rendered":"<p>Opera\u00e7\u00e3o conjunta visa combater o desmatamento do bioma nos estados que possuem esse ecossistema.<\/p>\n","protected":false},"author":2,"featured_media":262126,"comment_status":"open","ping_status":"open","sticky":false,"template":"","format":"standard","meta":{"_mi_skip_tracking":false,"footnotes":""},"categories":[25,1,9,137,16],"tags":[192],"class_list":["post-262124","post","type-post","status-publish","format-standard","has-post-thumbnail","hentry","category-destaques-site","category-geral","category-municipios","category-policia","category-todas","tag-destaqueprincipal"],"acf":[],"yoast_head":"<!-- This site is optimized with the Yoast SEO Premium plugin v19.2 (Yoast SEO v26.9) - https:\/\/yoast.com\/product\/yoast-seo-premium-wordpress\/ -->\n<title>Opera\u00e7\u00e3o &quot;Mata Atl\u00e2ntica em P\u00e9&quot; \u00e9 deflagrada no Piau\u00ed e em outros 16 estados - Portal Not\u00edcia em Pauta<\/title>\n<meta name=\"robots\" content=\"index, follow, max-snippet:-1, max-image-preview:large, max-video-preview:-1\" \/>\n<link rel=\"canonical\" href=\"https:\/\/noticiaempauta.com\/portal\/operacao-mata-atlantica-em-pe-e-deflagrada-no-piaui-e-em-outros-16-estados\/\" \/>\n<meta property=\"og:locale\" content=\"pt_BR\" \/>\n<meta property=\"og:type\" content=\"article\" \/>\n<meta property=\"og:title\" content=\"Opera\u00e7\u00e3o &quot;Mata Atl\u00e2ntica em P\u00e9&quot; \u00e9 deflagrada no Piau\u00ed e em outros 16 estados\" \/>\n<meta property=\"og:description\" content=\"Opera\u00e7\u00e3o conjunta visa combater o desmatamento do bioma nos estados que possuem esse ecossistema.\" \/>\n<meta property=\"og:url\" content=\"https:\/\/noticiaempauta.com\/portal\/operacao-mata-atlantica-em-pe-e-deflagrada-no-piaui-e-em-outros-16-estados\/\" \/>\n<meta property=\"og:site_name\" content=\"Portal Not\u00edcia em Pauta\" \/>\n<meta property=\"article:publisher\" content=\"https:\/\/www.facebook.com\/Portal-Notcia-Em-Pauta-102292869264820\/\" \/>\n<meta property=\"article:published_time\" content=\"2024-09-16T18:15:56+00:00\" \/>\n<meta property=\"article:modified_time\" content=\"2024-09-16T18:15:57+00:00\" \/>\n<meta property=\"og:image\" content=\"https:\/\/noticiaempauta.com\/portal\/wp-content\/uploads\/2024\/09\/Ya3YV8q1Df0SjFOSI6UoXavGRtoBVSCwi2effU1m.webp\" \/>\n\t<meta property=\"og:image:width\" content=\"800\" \/>\n\t<meta property=\"og:image:height\" content=\"533\" \/>\n\t<meta property=\"og:image:type\" content=\"image\/webp\" \/>\n<meta name=\"author\" content=\"Reda\u00e7\u00e3o\" \/>\n<meta name=\"twitter:card\" content=\"summary_large_image\" \/>\n<meta name=\"twitter:label1\" content=\"Escrito por\" \/>\n\t<meta name=\"twitter:data1\" content=\"Reda\u00e7\u00e3o\" \/>\n\t<meta name=\"twitter:label2\" content=\"Est. tempo de leitura\" \/>\n\t<meta name=\"twitter:data2\" content=\"4 minutos\" \/>\n<script type=\"application\/ld+json\" class=\"yoast-schema-graph\">{\"@context\":\"https:\/\/schema.org\",\"@graph\":[{\"@type\":\"Article\",\"@id\":\"https:\/\/noticiaempauta.com\/portal\/operacao-mata-atlantica-em-pe-e-deflagrada-no-piaui-e-em-outros-16-estados\/#article\",\"isPartOf\":{\"@id\":\"https:\/\/noticiaempauta.com\/portal\/operacao-mata-atlantica-em-pe-e-deflagrada-no-piaui-e-em-outros-16-estados\/\"},\"author\":{\"name\":\"Reda\u00e7\u00e3o\",\"@id\":\"https:\/\/noticiaempauta.com\/portal\/#\/schema\/person\/a74af43dd1ab3deca45f988c717d57ac\"},\"headline\":\"Opera\u00e7\u00e3o &#8220;Mata Atl\u00e2ntica em P\u00e9&#8221; \u00e9 deflagrada no Piau\u00ed e em outros 16 estados\",\"datePublished\":\"2024-09-16T18:15:56+00:00\",\"dateModified\":\"2024-09-16T18:15:57+00:00\",\"mainEntityOfPage\":{\"@id\":\"https:\/\/noticiaempauta.com\/portal\/operacao-mata-atlantica-em-pe-e-deflagrada-no-piaui-e-em-outros-16-estados\/\"},\"wordCount\":519,\"commentCount\":0,\"publisher\":{\"@id\":\"https:\/\/noticiaempauta.com\/portal\/#organization\"},\"image\":{\"@id\":\"https:\/\/noticiaempauta.com\/portal\/operacao-mata-atlantica-em-pe-e-deflagrada-no-piaui-e-em-outros-16-estados\/#primaryimage\"},\"thumbnailUrl\":\"https:\/\/noticiaempauta.com\/portal\/wp-content\/uploads\/2024\/09\/Ya3YV8q1Df0SjFOSI6UoXavGRtoBVSCwi2effU1m.webp\",\"keywords\":[\"destaqueprincipal\"],\"articleSection\":[\"Destaques\",\"Geral\",\"Munic\u00edpios\",\"Pol\u00edcia\",\"Todas as Not\u00edcias\"],\"inLanguage\":\"pt-BR\",\"potentialAction\":[{\"@type\":\"CommentAction\",\"name\":\"Comment\",\"target\":[\"https:\/\/noticiaempauta.com\/portal\/operacao-mata-atlantica-em-pe-e-deflagrada-no-piaui-e-em-outros-16-estados\/#respond\"]}]},{\"@type\":\"WebPage\",\"@id\":\"https:\/\/noticiaempauta.com\/portal\/operacao-mata-atlantica-em-pe-e-deflagrada-no-piaui-e-em-outros-16-estados\/\",\"url\":\"https:\/\/noticiaempauta.com\/portal\/operacao-mata-atlantica-em-pe-e-deflagrada-no-piaui-e-em-outros-16-estados\/\",\"name\":\"Opera\u00e7\u00e3o \\\"Mata Atl\u00e2ntica em P\u00e9\\\" \u00e9 deflagrada no Piau\u00ed e em outros 16 estados - Portal Not\u00edcia em Pauta\",\"isPartOf\":{\"@id\":\"https:\/\/noticiaempauta.com\/portal\/#website\"},\"primaryImageOfPage\":{\"@id\":\"https:\/\/noticiaempauta.com\/portal\/operacao-mata-atlantica-em-pe-e-deflagrada-no-piaui-e-em-outros-16-estados\/#primaryimage\"},\"image\":{\"@id\":\"https:\/\/noticiaempauta.com\/portal\/operacao-mata-atlantica-em-pe-e-deflagrada-no-piaui-e-em-outros-16-estados\/#primaryimage\"},\"thumbnailUrl\":\"https:\/\/noticiaempauta.com\/portal\/wp-content\/uploads\/2024\/09\/Ya3YV8q1Df0SjFOSI6UoXavGRtoBVSCwi2effU1m.webp\",\"datePublished\":\"2024-09-16T18:15:56+00:00\",\"dateModified\":\"2024-09-16T18:15:57+00:00\",\"breadcrumb\":{\"@id\":\"https:\/\/noticiaempauta.com\/portal\/operacao-mata-atlantica-em-pe-e-deflagrada-no-piaui-e-em-outros-16-estados\/#breadcrumb\"},\"inLanguage\":\"pt-BR\",\"potentialAction\":[{\"@type\":\"ReadAction\",\"target\":[\"https:\/\/noticiaempauta.com\/portal\/operacao-mata-atlantica-em-pe-e-deflagrada-no-piaui-e-em-outros-16-estados\/\"]}]},{\"@type\":\"ImageObject\",\"inLanguage\":\"pt-BR\",\"@id\":\"https:\/\/noticiaempauta.com\/portal\/operacao-mata-atlantica-em-pe-e-deflagrada-no-piaui-e-em-outros-16-estados\/#primaryimage\",\"url\":\"https:\/\/noticiaempauta.com\/portal\/wp-content\/uploads\/2024\/09\/Ya3YV8q1Df0SjFOSI6UoXavGRtoBVSCwi2effU1m.webp\",\"contentUrl\":\"https:\/\/noticiaempauta.com\/portal\/wp-content\/uploads\/2024\/09\/Ya3YV8q1Df0SjFOSI6UoXavGRtoBVSCwi2effU1m.webp\",\"width\":800,\"height\":533},{\"@type\":\"BreadcrumbList\",\"@id\":\"https:\/\/noticiaempauta.com\/portal\/operacao-mata-atlantica-em-pe-e-deflagrada-no-piaui-e-em-outros-16-estados\/#breadcrumb\",\"itemListElement\":[{\"@type\":\"ListItem\",\"position\":1,\"name\":\"P\u00e1gina Inicial\",\"item\":\"https:\/\/noticiaempauta.com\/portal\/\"},{\"@type\":\"ListItem\",\"position\":2,\"name\":\"Destaques\",\"item\":\"https:\/\/noticiaempauta.com\/portal\/destaques-site\/\"},{\"@type\":\"ListItem\",\"position\":3,\"name\":\"Opera\u00e7\u00e3o &#8220;Mata Atl\u00e2ntica em P\u00e9&#8221; \u00e9 deflagrada no Piau\u00ed e em outros 16 estados\"}]},{\"@type\":\"WebSite\",\"@id\":\"https:\/\/noticiaempauta.com\/portal\/#website\",\"url\":\"https:\/\/noticiaempauta.com\/portal\/\",\"name\":\"Portal Not\u00edcia em Pauta\",\"description\":\"Voc\u00ea bem informado\",\"publisher\":{\"@id\":\"https:\/\/noticiaempauta.com\/portal\/#organization\"},\"potentialAction\":[{\"@type\":\"SearchAction\",\"target\":{\"@type\":\"EntryPoint\",\"urlTemplate\":\"https:\/\/noticiaempauta.com\/portal\/?s={search_term_string}\"},\"query-input\":{\"@type\":\"PropertyValueSpecification\",\"valueRequired\":true,\"valueName\":\"search_term_string\"}}],\"inLanguage\":\"pt-BR\"},{\"@type\":\"Organization\",\"@id\":\"https:\/\/noticiaempauta.com\/portal\/#organization\",\"name\":\"Portal Not\u00edcia em Pauta\",\"url\":\"https:\/\/noticiaempauta.com\/portal\/\",\"logo\":{\"@type\":\"ImageObject\",\"inLanguage\":\"pt-BR\",\"@id\":\"https:\/\/noticiaempauta.com\/portal\/#\/schema\/logo\/image\/\",\"url\":\"https:\/\/noticiaempauta.com\/portal\/wp-content\/uploads\/2022\/08\/logomarca_tema.fw_.png\",\"contentUrl\":\"https:\/\/noticiaempauta.com\/portal\/wp-content\/uploads\/2022\/08\/logomarca_tema.fw_.png\",\"width\":400,\"height\":232,\"caption\":\"Portal Not\u00edcia em Pauta\"},\"image\":{\"@id\":\"https:\/\/noticiaempauta.com\/portal\/#\/schema\/logo\/image\/\"},\"sameAs\":[\"https:\/\/www.facebook.com\/Portal-Notcia-Em-Pauta-102292869264820\/\",\"https:\/\/www.instagram.com\/portalnoticiaempauta\/\"]},{\"@type\":\"Person\",\"@id\":\"https:\/\/noticiaempauta.com\/portal\/#\/schema\/person\/a74af43dd1ab3deca45f988c717d57ac\",\"name\":\"Reda\u00e7\u00e3o\",\"image\":{\"@type\":\"ImageObject\",\"inLanguage\":\"pt-BR\",\"@id\":\"https:\/\/noticiaempauta.com\/portal\/#\/schema\/person\/image\/\",\"url\":\"https:\/\/secure.gravatar.com\/avatar\/03179346ecce6cdfc13361603e8f54242a90e5cde8618fa23c5c00aa2b0aadf3?s=96&d=mm&r=g\",\"contentUrl\":\"https:\/\/secure.gravatar.com\/avatar\/03179346ecce6cdfc13361603e8f54242a90e5cde8618fa23c5c00aa2b0aadf3?s=96&d=mm&r=g\",\"caption\":\"Reda\u00e7\u00e3o\"},\"sameAs\":[\"https:\/\/noticiaempauta.com\/portal\/\"],\"url\":\"https:\/\/noticiaempauta.com\/portal\/author\/fernando\/\"}]}<\/script>\n<!-- \/ Yoast SEO Premium plugin. -->","yoast_head_json":{"title":"Opera\u00e7\u00e3o \"Mata Atl\u00e2ntica em P\u00e9\" \u00e9 deflagrada no Piau\u00ed e em outros 16 estados - Portal Not\u00edcia em Pauta","robots":{"index":"index","follow":"follow","max-snippet":"max-snippet:-1","max-image-preview":"max-image-preview:large","max-video-preview":"max-video-preview:-1"},"canonical":"https:\/\/noticiaempauta.com\/portal\/operacao-mata-atlantica-em-pe-e-deflagrada-no-piaui-e-em-outros-16-estados\/","og_locale":"pt_BR","og_type":"article","og_title":"Opera\u00e7\u00e3o \"Mata Atl\u00e2ntica em P\u00e9\" \u00e9 deflagrada no Piau\u00ed e em outros 16 estados","og_description":"Opera\u00e7\u00e3o conjunta visa combater o desmatamento do bioma nos estados que possuem esse ecossistema.","og_url":"https:\/\/noticiaempauta.com\/portal\/operacao-mata-atlantica-em-pe-e-deflagrada-no-piaui-e-em-outros-16-estados\/","og_site_name":"Portal Not\u00edcia em Pauta","article_publisher":"https:\/\/www.facebook.com\/Portal-Notcia-Em-Pauta-102292869264820\/","article_published_time":"2024-09-16T18:15:56+00:00","article_modified_time":"2024-09-16T18:15:57+00:00","og_image":[{"width":800,"height":533,"url":"https:\/\/noticiaempauta.com\/portal\/wp-content\/uploads\/2024\/09\/Ya3YV8q1Df0SjFOSI6UoXavGRtoBVSCwi2effU1m.webp","type":"image\/webp"}],"author":"Reda\u00e7\u00e3o","twitter_card":"summary_large_image","twitter_misc":{"Escrito por":"Reda\u00e7\u00e3o","Est. tempo de leitura":"4 minutos"},"schema":{"@context":"https:\/\/schema.org","@graph":[{"@type":"Article","@id":"https:\/\/noticiaempauta.com\/portal\/operacao-mata-atlantica-em-pe-e-deflagrada-no-piaui-e-em-outros-16-estados\/#article","isPartOf":{"@id":"https:\/\/noticiaempauta.com\/portal\/operacao-mata-atlantica-em-pe-e-deflagrada-no-piaui-e-em-outros-16-estados\/"},"author":{"name":"Reda\u00e7\u00e3o","@id":"https:\/\/noticiaempauta.com\/portal\/#\/schema\/person\/a74af43dd1ab3deca45f988c717d57ac"},"headline":"Opera\u00e7\u00e3o &#8220;Mata Atl\u00e2ntica em P\u00e9&#8221; \u00e9 deflagrada no Piau\u00ed e em outros 16 estados","datePublished":"2024-09-16T18:15:56+00:00","dateModified":"2024-09-16T18:15:57+00:00","mainEntityOfPage":{"@id":"https:\/\/noticiaempauta.com\/portal\/operacao-mata-atlantica-em-pe-e-deflagrada-no-piaui-e-em-outros-16-estados\/"},"wordCount":519,"commentCount":0,"publisher":{"@id":"https:\/\/noticiaempauta.com\/portal\/#organization"},"image":{"@id":"https:\/\/noticiaempauta.com\/portal\/operacao-mata-atlantica-em-pe-e-deflagrada-no-piaui-e-em-outros-16-estados\/#primaryimage"},"thumbnailUrl":"https:\/\/noticiaempauta.com\/portal\/wp-content\/uploads\/2024\/09\/Ya3YV8q1Df0SjFOSI6UoXavGRtoBVSCwi2effU1m.webp","keywords":["destaqueprincipal"],"articleSection":["Destaques","Geral","Munic\u00edpios","Pol\u00edcia","Todas as Not\u00edcias"],"inLanguage":"pt-BR","potentialAction":[{"@type":"CommentAction","name":"Comment","target":["https:\/\/noticiaempauta.com\/portal\/operacao-mata-atlantica-em-pe-e-deflagrada-no-piaui-e-em-outros-16-estados\/#respond"]}]},{"@type":"WebPage","@id":"https:\/\/noticiaempauta.com\/portal\/operacao-mata-atlantica-em-pe-e-deflagrada-no-piaui-e-em-outros-16-estados\/","url":"https:\/\/noticiaempauta.com\/portal\/operacao-mata-atlantica-em-pe-e-deflagrada-no-piaui-e-em-outros-16-estados\/","name":"Opera\u00e7\u00e3o \"Mata Atl\u00e2ntica em P\u00e9\" \u00e9 deflagrada no Piau\u00ed e em outros 16 estados - Portal Not\u00edcia em Pauta","isPartOf":{"@id":"https:\/\/noticiaempauta.com\/portal\/#website"},"primaryImageOfPage":{"@id":"https:\/\/noticiaempauta.com\/portal\/operacao-mata-atlantica-em-pe-e-deflagrada-no-piaui-e-em-outros-16-estados\/#primaryimage"},"image":{"@id":"https:\/\/noticiaempauta.com\/portal\/operacao-mata-atlantica-em-pe-e-deflagrada-no-piaui-e-em-outros-16-estados\/#primaryimage"},"thumbnailUrl":"https:\/\/noticiaempauta.com\/portal\/wp-content\/uploads\/2024\/09\/Ya3YV8q1Df0SjFOSI6UoXavGRtoBVSCwi2effU1m.webp","datePublished":"2024-09-16T18:15:56+00:00","dateModified":"2024-09-16T18:15:57+00:00","breadcrumb":{"@id":"https:\/\/noticiaempauta.com\/portal\/operacao-mata-atlantica-em-pe-e-deflagrada-no-piaui-e-em-outros-16-estados\/#breadcrumb"},"inLanguage":"pt-BR","potentialAction":[{"@type":"ReadAction","target":["https:\/\/noticiaempauta.com\/portal\/operacao-mata-atlantica-em-pe-e-deflagrada-no-piaui-e-em-outros-16-estados\/"]}]},{"@type":"ImageObject","inLanguage":"pt-BR","@id":"https:\/\/noticiaempauta.com\/portal\/operacao-mata-atlantica-em-pe-e-deflagrada-no-piaui-e-em-outros-16-estados\/#primaryimage","url":"https:\/\/noticiaempauta.com\/portal\/wp-content\/uploads\/2024\/09\/Ya3YV8q1Df0SjFOSI6UoXavGRtoBVSCwi2effU1m.webp","contentUrl":"https:\/\/noticiaempauta.com\/portal\/wp-content\/uploads\/2024\/09\/Ya3YV8q1Df0SjFOSI6UoXavGRtoBVSCwi2effU1m.webp","width":800,"height":533},{"@type":"BreadcrumbList","@id":"https:\/\/noticiaempauta.com\/portal\/operacao-mata-atlantica-em-pe-e-deflagrada-no-piaui-e-em-outros-16-estados\/#breadcrumb","itemListElement":[{"@type":"ListItem","position":1,"name":"P\u00e1gina Inicial","item":"https:\/\/noticiaempauta.com\/portal\/"},{"@type":"ListItem","position":2,"name":"Destaques","item":"https:\/\/noticiaempauta.com\/portal\/destaques-site\/"},{"@type":"ListItem","position":3,"name":"Opera\u00e7\u00e3o &#8220;Mata Atl\u00e2ntica em P\u00e9&#8221; \u00e9 deflagrada no Piau\u00ed e em outros 16 estados"}]},{"@type":"WebSite","@id":"https:\/\/noticiaempauta.com\/portal\/#website","url":"https:\/\/noticiaempauta.com\/portal\/","name":"Portal Not\u00edcia em Pauta","description":"Voc\u00ea bem informado","publisher":{"@id":"https:\/\/noticiaempauta.com\/portal\/#organization"},"potentialAction":[{"@type":"SearchAction","target":{"@type":"EntryPoint","urlTemplate":"https:\/\/noticiaempauta.com\/portal\/?s={search_term_string}"},"query-input":{"@type":"PropertyValueSpecification","valueRequired":true,"valueName":"search_term_string"}}],"inLanguage":"pt-BR"},{"@type":"Organization","@id":"https:\/\/noticiaempauta.com\/portal\/#organization","name":"Portal Not\u00edcia em Pauta","url":"https:\/\/noticiaempauta.com\/portal\/","logo":{"@type":"ImageObject","inLanguage":"pt-BR","@id":"https:\/\/noticiaempauta.com\/portal\/#\/schema\/logo\/image\/","url":"https:\/\/noticiaempauta.com\/portal\/wp-content\/uploads\/2022\/08\/logomarca_tema.fw_.png","contentUrl":"https:\/\/noticiaempauta.com\/portal\/wp-content\/uploads\/2022\/08\/logomarca_tema.fw_.png","width":400,"height":232,"caption":"Portal Not\u00edcia em Pauta"},"image":{"@id":"https:\/\/noticiaempauta.com\/portal\/#\/schema\/logo\/image\/"},"sameAs":["https:\/\/www.facebook.com\/Portal-Notcia-Em-Pauta-102292869264820\/","https:\/\/www.instagram.com\/portalnoticiaempauta\/"]},{"@type":"Person","@id":"https:\/\/noticiaempauta.com\/portal\/#\/schema\/person\/a74af43dd1ab3deca45f988c717d57ac","name":"Reda\u00e7\u00e3o","image":{"@type":"ImageObject","inLanguage":"pt-BR","@id":"https:\/\/noticiaempauta.com\/portal\/#\/schema\/person\/image\/","url":"https:\/\/secure.gravatar.com\/avatar\/03179346ecce6cdfc13361603e8f54242a90e5cde8618fa23c5c00aa2b0aadf3?s=96&d=mm&r=g","contentUrl":"https:\/\/secure.gravatar.com\/avatar\/03179346ecce6cdfc13361603e8f54242a90e5cde8618fa23c5c00aa2b0aadf3?s=96&d=mm&r=g","caption":"Reda\u00e7\u00e3o"},"sameAs":["https:\/\/noticiaempauta.com\/portal\/"],"url":"https:\/\/noticiaempauta.com\/portal\/author\/fernando\/"}]}},"_links":{"self":[{"href":"https:\/\/noticiaempauta.com\/portal\/wp-json\/wp\/v2\/posts\/262124","targetHints":{"allow":["GET"]}}],"collection":[{"href":"https:\/\/noticiaempauta.com\/portal\/wp-json\/wp\/v2\/posts"}],"about":[{"href":"https:\/\/noticiaempauta.com\/portal\/wp-json\/wp\/v2\/types\/post"}],"author":[{"embeddable":true,"href":"https:\/\/noticiaempauta.com\/portal\/wp-json\/wp\/v2\/users\/2"}],"replies":[{"embeddable":true,"href":"https:\/\/noticiaempauta.com\/portal\/wp-json\/wp\/v2\/comments?post=262124"}],"version-history":[{"count":2,"href":"https:\/\/noticiaempauta.com\/portal\/wp-json\/wp\/v2\/posts\/262124\/revisions"}],"predecessor-version":[{"id":262128,"href":"https:\/\/noticiaempauta.com\/portal\/wp-json\/wp\/v2\/posts\/262124\/revisions\/262128"}],"wp:featuredmedia":[{"embeddable":true,"href":"https:\/\/noticiaempauta.com\/portal\/wp-json\/wp\/v2\/media\/262126"}],"wp:attachment":[{"href":"https:\/\/noticiaempauta.com\/portal\/wp-json\/wp\/v2\/media?parent=262124"}],"wp:term":[{"taxonomy":"category","embeddable":true,"href":"https:\/\/noticiaempauta.com\/portal\/wp-json\/wp\/v2\/categories?post=262124"},{"taxonomy":"post_tag","embeddable":true,"href":"https:\/\/noticiaempauta.com\/portal\/wp-json\/wp\/v2\/tags?post=262124"}],"curies":[{"name":"wp","href":"https:\/\/api.w.org\/{rel}","templated":true}]}}