{"id":262133,"date":"2024-09-16T15:34:13","date_gmt":"2024-09-16T18:34:13","guid":{"rendered":"https:\/\/noticiaempauta.com\/portal\/?p=262133"},"modified":"2024-09-16T15:34:14","modified_gmt":"2024-09-16T18:34:14","slug":"investir-na-primeira-infancia-e-prioridade-diz-rafael-fonteles-em-abertura-de-capacitacao-para-gestores-estaduais","status":"publish","type":"post","link":"https:\/\/noticiaempauta.com\/portal\/investir-na-primeira-infancia-e-prioridade-diz-rafael-fonteles-em-abertura-de-capacitacao-para-gestores-estaduais\/","title":{"rendered":"&#8220;Investir na primeira inf\u00e2ncia \u00e9 prioridade&#8221;, diz Rafael Fonteles em abertura de capacita\u00e7\u00e3o para gestores estaduais"},"content":{"rendered":"\n<p>O governador Rafael Fonteles participou, nesta segunda-feira (16), da abertura do Curso Executivo em Pol\u00edticas de Primeira Inf\u00e2ncia, realizado na Escola de Gest\u00e3o e Controle do Tribunal de Contas do Estado do Piau\u00ed (TCE-PI). A iniciativa, voltada especialmente aos gestores estaduais, visa ao fortalecimento das pol\u00edticas p\u00fablicas voltadas \u00e0 primeira inf\u00e2ncia no Piau\u00ed.<\/p>\n\n\n\n<p>Segundo o governador, a tem\u00e1tica \u00e9 uma das prioridades da atual gest\u00e3o do Estado. &#8220;Queremos qualificar cada vez mais os gestores estaduais. Depois, queremos capacitar os gestores municipais. Com isso, iremos fortalecer essa colabora\u00e7\u00e3o para que as crian\u00e7as sejam melhor assistidas desde a gesta\u00e7\u00e3o at\u00e9 os seis anos de idade, se utilizando das melhores pr\u00e1ticas, como consultas pr\u00e9-natais, alfabetiza\u00e7\u00e3o na idade certa, creche em tempo integral, acolhimento familiar de crian\u00e7as v\u00edtimas de viol\u00eancia, entre outras quest\u00f5es&#8221;, afirmou&nbsp;Rafael.<\/p>\n\n\n\n<figure class=\"wp-block-image size-full\"><img fetchpriority=\"high\" decoding=\"async\" width=\"1000\" height=\"667\" src=\"https:\/\/noticiaempauta.com\/portal\/wp-content\/uploads\/2024\/09\/large_curso_lideranca_executiva20_66f765e287.jpg\" alt=\"\" class=\"wp-image-262139\" srcset=\"https:\/\/noticiaempauta.com\/portal\/wp-content\/uploads\/2024\/09\/large_curso_lideranca_executiva20_66f765e287.jpg 1000w, https:\/\/noticiaempauta.com\/portal\/wp-content\/uploads\/2024\/09\/large_curso_lideranca_executiva20_66f765e287-300x200.jpg 300w, https:\/\/noticiaempauta.com\/portal\/wp-content\/uploads\/2024\/09\/large_curso_lideranca_executiva20_66f765e287-768x512.jpg 768w\" sizes=\"(max-width: 1000px) 100vw, 1000px\" \/><\/figure>\n\n\n\n<p>O gestor frisou, ainda, que investimentos em primeira inf\u00e2ncia significam a melhor rela\u00e7\u00e3o custo-benef\u00edcio existente. &#8220;Investir nesse per\u00edodo \u00e9 investir simultaneamente em educa\u00e7\u00e3o, sa\u00fade, seguran\u00e7a e qualifica\u00e7\u00e3o profissional. Isso impacta positivamente em todos os setores e no futuro de todos&#8221;, destacou\u00a0Fonteles.<\/p>\n\n\n\n<figure class=\"wp-block-image size-full\"><img decoding=\"async\" width=\"1000\" height=\"667\" src=\"https:\/\/noticiaempauta.com\/portal\/wp-content\/uploads\/2024\/09\/large_curso_lideranca_executiva16_4d98e8c651.jpg\" alt=\"\" class=\"wp-image-262138\" srcset=\"https:\/\/noticiaempauta.com\/portal\/wp-content\/uploads\/2024\/09\/large_curso_lideranca_executiva16_4d98e8c651.jpg 1000w, https:\/\/noticiaempauta.com\/portal\/wp-content\/uploads\/2024\/09\/large_curso_lideranca_executiva16_4d98e8c651-300x200.jpg 300w, https:\/\/noticiaempauta.com\/portal\/wp-content\/uploads\/2024\/09\/large_curso_lideranca_executiva16_4d98e8c651-768x512.jpg 768w\" sizes=\"(max-width: 1000px) 100vw, 1000px\" \/><\/figure>\n\n\n\n<p>Articulado pelo Pacto pelas Crian\u00e7as do Piau\u00ed e realizado pela Funda\u00e7\u00e3o Get\u00falio Vargas (FGV), em parceria com a \u00c0ra Educa\u00e7\u00e3o e a Funda\u00e7\u00e3o Van Leer, o curso tem carga hor\u00e1ria de 30 horas\/aulas e segue at\u00e9 o dia 27 de setembro.&nbsp;<\/p>\n\n\n\n<figure class=\"wp-block-image size-full\"><img decoding=\"async\" width=\"1000\" height=\"667\" src=\"https:\/\/noticiaempauta.com\/portal\/wp-content\/uploads\/2024\/09\/large_Isabel_Fonteles_ebd1cfc074.jpg\" alt=\"\" class=\"wp-image-262137\" srcset=\"https:\/\/noticiaempauta.com\/portal\/wp-content\/uploads\/2024\/09\/large_Isabel_Fonteles_ebd1cfc074.jpg 1000w, https:\/\/noticiaempauta.com\/portal\/wp-content\/uploads\/2024\/09\/large_Isabel_Fonteles_ebd1cfc074-300x200.jpg 300w, https:\/\/noticiaempauta.com\/portal\/wp-content\/uploads\/2024\/09\/large_Isabel_Fonteles_ebd1cfc074-768x512.jpg 768w\" sizes=\"(max-width: 1000px) 100vw, 1000px\" \/><\/figure>\n\n\n\n<p>A coordenadora do Pacto pelas Crian\u00e7as do Piau\u00ed e primeira-dama do Estado, Isabel Fonteles, destacou que a pr\u00f3xima edi\u00e7\u00e3o do curso ser\u00e1 voltada aos gestores municipais. &#8220;Eles quem executam essas pol\u00edticas, ent\u00e3o, \u00e9 muito importante capacit\u00e1-los tamb\u00e9m. Junto a isso, com a capacita\u00e7\u00e3o dos gestores estaduais, fortalecemos essa colabora\u00e7\u00e3o entre os entes, que ir\u00e1 beneficiar diretamente a primeira inf\u00e2ncia no Piau\u00ed&#8221;, explicou a gestora.<\/p>\n\n\n\n<figure class=\"wp-block-image size-full\"><img loading=\"lazy\" decoding=\"async\" width=\"1000\" height=\"667\" src=\"https:\/\/noticiaempauta.com\/portal\/wp-content\/uploads\/2024\/09\/large_Isabel_Fonteles3_4583460d8b.jpg\" alt=\"\" class=\"wp-image-262136\" srcset=\"https:\/\/noticiaempauta.com\/portal\/wp-content\/uploads\/2024\/09\/large_Isabel_Fonteles3_4583460d8b.jpg 1000w, https:\/\/noticiaempauta.com\/portal\/wp-content\/uploads\/2024\/09\/large_Isabel_Fonteles3_4583460d8b-300x200.jpg 300w, https:\/\/noticiaempauta.com\/portal\/wp-content\/uploads\/2024\/09\/large_Isabel_Fonteles3_4583460d8b-768x512.jpg 768w\" sizes=\"(max-width: 1000px) 100vw, 1000px\" \/><\/figure>\n\n\n\n<p>Ela pontuou, ainda, os avan\u00e7os da pasta em pouco mais de um ano. &#8220;Temos a reforma e amplia\u00e7\u00e3o do Lar da Crian\u00e7a Maria Jo\u00e3o de Deus, que ser\u00e1 inaugurado em breve; a Carretinha da Sa\u00fade, que percorre o Piau\u00ed levando consultas, exames, atendimentos odontol\u00f3gicos e oftalmol\u00f3gicos \u00e0s crian\u00e7as; o fortalecimento do Programa Piauiense de Alfabetiza\u00e7\u00e3o na Idade Certa (PPAIC); investimentos em kits mob\u00edlia-creche e mais vagas em creches; e estamos fazendo a regionaliza\u00e7\u00e3o do acolhimento familiar&#8221;, disse Isabel Fonteles.<\/p>\n\n\n\n<p>Alexis Vargas, gerente de projetos da Funda\u00e7\u00e3o Get\u00falio Vargas, institui\u00e7\u00e3o realizadora do curso, destacou a sua import\u00e2ncia e de se desenvolver pol\u00edticas p\u00fablicas voltadas \u00e0 primeira inf\u00e2ncia.<\/p>\n\n\n\n<figure class=\"wp-block-image size-full\"><img loading=\"lazy\" decoding=\"async\" width=\"1000\" height=\"667\" src=\"https:\/\/noticiaempauta.com\/portal\/wp-content\/uploads\/2024\/09\/large_curso_lideranca_executiva5_78dc60748f.jpg\" alt=\"\" class=\"wp-image-262135\" srcset=\"https:\/\/noticiaempauta.com\/portal\/wp-content\/uploads\/2024\/09\/large_curso_lideranca_executiva5_78dc60748f.jpg 1000w, https:\/\/noticiaempauta.com\/portal\/wp-content\/uploads\/2024\/09\/large_curso_lideranca_executiva5_78dc60748f-300x200.jpg 300w, https:\/\/noticiaempauta.com\/portal\/wp-content\/uploads\/2024\/09\/large_curso_lideranca_executiva5_78dc60748f-768x512.jpg 768w\" sizes=\"(max-width: 1000px) 100vw, 1000px\" \/><\/figure>\n\n\n\n<p>&#8220;O nosso objetivo \u00e9 trazer ao Piau\u00ed mais conhecimento e experi\u00eancias sobre essas pol\u00edticas, que s\u00e3o as a\u00e7\u00f5es que mais quebram ciclos de desigualdade e pobreza. Afinal, o que afeta o desenvolvimento das crian\u00e7as nos seis primeiros anos de vida afeta o desenvolvimento delas para toda a vida. Ent\u00e3o, se voc\u00ea cuida bem delas nesse per\u00edodo, a chance \u00e9 maior delas crescerem mais saud\u00e1veis, produtivas, estudiosas, terem mais oportunidades e renda&#8221;, explicou o gestor.<\/p>\n\n\n\n<p>Nesta primeira edi\u00e7\u00e3o, o curso conta com 38 participantes, incluindo representantes dos Poderes Legislativo e Judici\u00e1rio, lideran\u00e7as executivas estaduais e federais, al\u00e9m de representantes da sociedade civil organizada e jornalistas. Representando o Governo do Estado, participam secret\u00e1rios e superintendentes das Secretarias de Governo (Segov), da Educa\u00e7\u00e3o (Seduc), Sa\u00fade (Sesapi), para Inclus\u00e3o da Pessoa com Defici\u00eancia (Seid), Coordenadoria de Comunica\u00e7\u00e3o (Ccom), entre outras.\u00a0<\/p>\n\n\n\n<figure class=\"wp-block-image size-full\"><img loading=\"lazy\" decoding=\"async\" width=\"1000\" height=\"667\" src=\"https:\/\/noticiaempauta.com\/portal\/wp-content\/uploads\/2024\/09\/large_curso_lideranca_executiva21_48a1776514.jpg\" alt=\"\" class=\"wp-image-262134\" srcset=\"https:\/\/noticiaempauta.com\/portal\/wp-content\/uploads\/2024\/09\/large_curso_lideranca_executiva21_48a1776514.jpg 1000w, https:\/\/noticiaempauta.com\/portal\/wp-content\/uploads\/2024\/09\/large_curso_lideranca_executiva21_48a1776514-300x200.jpg 300w, https:\/\/noticiaempauta.com\/portal\/wp-content\/uploads\/2024\/09\/large_curso_lideranca_executiva21_48a1776514-768x512.jpg 768w\" sizes=\"(max-width: 1000px) 100vw, 1000px\" \/><\/figure>\n\n\n\n<p>A grade curricular do Curso Executivo em Pol\u00edticas de Primeira Inf\u00e2ncia conta com discuss\u00f5es a respeito da ci\u00eancia comportamental da primeira inf\u00e2ncia; pobreza, racismo e desigualdade; desenvolvimento infantil e bem-estar parental; or\u00e7amento p\u00fablico; planejamento e gest\u00e3o; direitos das crian\u00e7as, dentre outros temas.<\/p>\n\n\n\n<p><strong><em>CCOM-PI<\/em><\/strong><\/p>\n","protected":false},"excerpt":{"rendered":"<p>O governador Rafael Fonteles participou, nesta segunda-feira (16), da abertura do Curso Executivo em Pol\u00edticas de Primeira Inf\u00e2ncia, realizado na Escola de Gest\u00e3o e Controle do Tribunal de Contas do Estado do Piau\u00ed (TCE-PI). A iniciativa, voltada especialmente aos gestores estaduais, visa ao fortalecimento das pol\u00edticas p\u00fablicas voltadas \u00e0 primeira inf\u00e2ncia no Piau\u00ed. Segundo o [&hellip;]<\/p>\n","protected":false},"author":2,"featured_media":262139,"comment_status":"open","ping_status":"open","sticky":false,"template":"","format":"standard","meta":{"_mi_skip_tracking":false,"footnotes":""},"categories":[25,1,9,16],"tags":[192],"class_list":["post-262133","post","type-post","status-publish","format-standard","has-post-thumbnail","hentry","category-destaques-site","category-geral","category-municipios","category-todas","tag-destaqueprincipal"],"acf":[],"yoast_head":"<!-- This site is optimized with the Yoast SEO Premium plugin v19.2 (Yoast SEO v26.9) - https:\/\/yoast.com\/product\/yoast-seo-premium-wordpress\/ -->\n<title>&quot;Investir na primeira inf\u00e2ncia \u00e9 prioridade&quot;, diz Rafael Fonteles em abertura de capacita\u00e7\u00e3o para gestores estaduais - Portal Not\u00edcia em Pauta<\/title>\n<meta name=\"robots\" content=\"index, follow, max-snippet:-1, max-image-preview:large, max-video-preview:-1\" \/>\n<link rel=\"canonical\" href=\"https:\/\/noticiaempauta.com\/portal\/investir-na-primeira-infancia-e-prioridade-diz-rafael-fonteles-em-abertura-de-capacitacao-para-gestores-estaduais\/\" \/>\n<meta property=\"og:locale\" content=\"pt_BR\" \/>\n<meta property=\"og:type\" content=\"article\" \/>\n<meta property=\"og:title\" content=\"&quot;Investir na primeira inf\u00e2ncia \u00e9 prioridade&quot;, diz Rafael Fonteles em abertura de capacita\u00e7\u00e3o para gestores estaduais\" \/>\n<meta property=\"og:description\" content=\"O governador Rafael Fonteles participou, nesta segunda-feira (16), da abertura do Curso Executivo em Pol\u00edticas de Primeira Inf\u00e2ncia, realizado na Escola de Gest\u00e3o e Controle do Tribunal de Contas do Estado do Piau\u00ed (TCE-PI). A iniciativa, voltada especialmente aos gestores estaduais, visa ao fortalecimento das pol\u00edticas p\u00fablicas voltadas \u00e0 primeira inf\u00e2ncia no Piau\u00ed. Segundo o [&hellip;]\" \/>\n<meta property=\"og:url\" content=\"https:\/\/noticiaempauta.com\/portal\/investir-na-primeira-infancia-e-prioridade-diz-rafael-fonteles-em-abertura-de-capacitacao-para-gestores-estaduais\/\" \/>\n<meta property=\"og:site_name\" content=\"Portal Not\u00edcia em Pauta\" \/>\n<meta property=\"article:publisher\" content=\"https:\/\/www.facebook.com\/Portal-Notcia-Em-Pauta-102292869264820\/\" \/>\n<meta property=\"article:published_time\" content=\"2024-09-16T18:34:13+00:00\" \/>\n<meta property=\"article:modified_time\" content=\"2024-09-16T18:34:14+00:00\" \/>\n<meta property=\"og:image\" content=\"https:\/\/noticiaempauta.com\/portal\/wp-content\/uploads\/2024\/09\/large_curso_lideranca_executiva20_66f765e287.jpg\" \/>\n\t<meta property=\"og:image:width\" content=\"1000\" \/>\n\t<meta property=\"og:image:height\" content=\"667\" \/>\n\t<meta property=\"og:image:type\" content=\"image\/jpeg\" \/>\n<meta name=\"author\" content=\"Reda\u00e7\u00e3o\" \/>\n<meta name=\"twitter:card\" content=\"summary_large_image\" \/>\n<meta name=\"twitter:label1\" content=\"Escrito por\" \/>\n\t<meta name=\"twitter:data1\" content=\"Reda\u00e7\u00e3o\" \/>\n\t<meta name=\"twitter:label2\" content=\"Est. tempo de leitura\" \/>\n\t<meta name=\"twitter:data2\" content=\"5 minutos\" \/>\n<script type=\"application\/ld+json\" class=\"yoast-schema-graph\">{\"@context\":\"https:\/\/schema.org\",\"@graph\":[{\"@type\":\"Article\",\"@id\":\"https:\/\/noticiaempauta.com\/portal\/investir-na-primeira-infancia-e-prioridade-diz-rafael-fonteles-em-abertura-de-capacitacao-para-gestores-estaduais\/#article\",\"isPartOf\":{\"@id\":\"https:\/\/noticiaempauta.com\/portal\/investir-na-primeira-infancia-e-prioridade-diz-rafael-fonteles-em-abertura-de-capacitacao-para-gestores-estaduais\/\"},\"author\":{\"name\":\"Reda\u00e7\u00e3o\",\"@id\":\"https:\/\/noticiaempauta.com\/portal\/#\/schema\/person\/a74af43dd1ab3deca45f988c717d57ac\"},\"headline\":\"&#8220;Investir na primeira inf\u00e2ncia \u00e9 prioridade&#8221;, diz Rafael Fonteles em abertura de capacita\u00e7\u00e3o para gestores estaduais\",\"datePublished\":\"2024-09-16T18:34:13+00:00\",\"dateModified\":\"2024-09-16T18:34:14+00:00\",\"mainEntityOfPage\":{\"@id\":\"https:\/\/noticiaempauta.com\/portal\/investir-na-primeira-infancia-e-prioridade-diz-rafael-fonteles-em-abertura-de-capacitacao-para-gestores-estaduais\/\"},\"wordCount\":659,\"commentCount\":0,\"publisher\":{\"@id\":\"https:\/\/noticiaempauta.com\/portal\/#organization\"},\"image\":{\"@id\":\"https:\/\/noticiaempauta.com\/portal\/investir-na-primeira-infancia-e-prioridade-diz-rafael-fonteles-em-abertura-de-capacitacao-para-gestores-estaduais\/#primaryimage\"},\"thumbnailUrl\":\"https:\/\/noticiaempauta.com\/portal\/wp-content\/uploads\/2024\/09\/large_curso_lideranca_executiva20_66f765e287.jpg\",\"keywords\":[\"destaqueprincipal\"],\"articleSection\":[\"Destaques\",\"Geral\",\"Munic\u00edpios\",\"Todas as Not\u00edcias\"],\"inLanguage\":\"pt-BR\",\"potentialAction\":[{\"@type\":\"CommentAction\",\"name\":\"Comment\",\"target\":[\"https:\/\/noticiaempauta.com\/portal\/investir-na-primeira-infancia-e-prioridade-diz-rafael-fonteles-em-abertura-de-capacitacao-para-gestores-estaduais\/#respond\"]}]},{\"@type\":\"WebPage\",\"@id\":\"https:\/\/noticiaempauta.com\/portal\/investir-na-primeira-infancia-e-prioridade-diz-rafael-fonteles-em-abertura-de-capacitacao-para-gestores-estaduais\/\",\"url\":\"https:\/\/noticiaempauta.com\/portal\/investir-na-primeira-infancia-e-prioridade-diz-rafael-fonteles-em-abertura-de-capacitacao-para-gestores-estaduais\/\",\"name\":\"\\\"Investir na primeira inf\u00e2ncia \u00e9 prioridade\\\", diz Rafael Fonteles em abertura de capacita\u00e7\u00e3o para gestores estaduais - Portal Not\u00edcia em Pauta\",\"isPartOf\":{\"@id\":\"https:\/\/noticiaempauta.com\/portal\/#website\"},\"primaryImageOfPage\":{\"@id\":\"https:\/\/noticiaempauta.com\/portal\/investir-na-primeira-infancia-e-prioridade-diz-rafael-fonteles-em-abertura-de-capacitacao-para-gestores-estaduais\/#primaryimage\"},\"image\":{\"@id\":\"https:\/\/noticiaempauta.com\/portal\/investir-na-primeira-infancia-e-prioridade-diz-rafael-fonteles-em-abertura-de-capacitacao-para-gestores-estaduais\/#primaryimage\"},\"thumbnailUrl\":\"https:\/\/noticiaempauta.com\/portal\/wp-content\/uploads\/2024\/09\/large_curso_lideranca_executiva20_66f765e287.jpg\",\"datePublished\":\"2024-09-16T18:34:13+00:00\",\"dateModified\":\"2024-09-16T18:34:14+00:00\",\"breadcrumb\":{\"@id\":\"https:\/\/noticiaempauta.com\/portal\/investir-na-primeira-infancia-e-prioridade-diz-rafael-fonteles-em-abertura-de-capacitacao-para-gestores-estaduais\/#breadcrumb\"},\"inLanguage\":\"pt-BR\",\"potentialAction\":[{\"@type\":\"ReadAction\",\"target\":[\"https:\/\/noticiaempauta.com\/portal\/investir-na-primeira-infancia-e-prioridade-diz-rafael-fonteles-em-abertura-de-capacitacao-para-gestores-estaduais\/\"]}]},{\"@type\":\"ImageObject\",\"inLanguage\":\"pt-BR\",\"@id\":\"https:\/\/noticiaempauta.com\/portal\/investir-na-primeira-infancia-e-prioridade-diz-rafael-fonteles-em-abertura-de-capacitacao-para-gestores-estaduais\/#primaryimage\",\"url\":\"https:\/\/noticiaempauta.com\/portal\/wp-content\/uploads\/2024\/09\/large_curso_lideranca_executiva20_66f765e287.jpg\",\"contentUrl\":\"https:\/\/noticiaempauta.com\/portal\/wp-content\/uploads\/2024\/09\/large_curso_lideranca_executiva20_66f765e287.jpg\",\"width\":1000,\"height\":667},{\"@type\":\"BreadcrumbList\",\"@id\":\"https:\/\/noticiaempauta.com\/portal\/investir-na-primeira-infancia-e-prioridade-diz-rafael-fonteles-em-abertura-de-capacitacao-para-gestores-estaduais\/#breadcrumb\",\"itemListElement\":[{\"@type\":\"ListItem\",\"position\":1,\"name\":\"P\u00e1gina Inicial\",\"item\":\"https:\/\/noticiaempauta.com\/portal\/\"},{\"@type\":\"ListItem\",\"position\":2,\"name\":\"Destaques\",\"item\":\"https:\/\/noticiaempauta.com\/portal\/destaques-site\/\"},{\"@type\":\"ListItem\",\"position\":3,\"name\":\"&#8220;Investir na primeira inf\u00e2ncia \u00e9 prioridade&#8221;, diz Rafael Fonteles em abertura de capacita\u00e7\u00e3o para gestores estaduais\"}]},{\"@type\":\"WebSite\",\"@id\":\"https:\/\/noticiaempauta.com\/portal\/#website\",\"url\":\"https:\/\/noticiaempauta.com\/portal\/\",\"name\":\"Portal Not\u00edcia em Pauta\",\"description\":\"Voc\u00ea bem informado\",\"publisher\":{\"@id\":\"https:\/\/noticiaempauta.com\/portal\/#organization\"},\"potentialAction\":[{\"@type\":\"SearchAction\",\"target\":{\"@type\":\"EntryPoint\",\"urlTemplate\":\"https:\/\/noticiaempauta.com\/portal\/?s={search_term_string}\"},\"query-input\":{\"@type\":\"PropertyValueSpecification\",\"valueRequired\":true,\"valueName\":\"search_term_string\"}}],\"inLanguage\":\"pt-BR\"},{\"@type\":\"Organization\",\"@id\":\"https:\/\/noticiaempauta.com\/portal\/#organization\",\"name\":\"Portal Not\u00edcia em Pauta\",\"url\":\"https:\/\/noticiaempauta.com\/portal\/\",\"logo\":{\"@type\":\"ImageObject\",\"inLanguage\":\"pt-BR\",\"@id\":\"https:\/\/noticiaempauta.com\/portal\/#\/schema\/logo\/image\/\",\"url\":\"https:\/\/noticiaempauta.com\/portal\/wp-content\/uploads\/2022\/08\/logomarca_tema.fw_.png\",\"contentUrl\":\"https:\/\/noticiaempauta.com\/portal\/wp-content\/uploads\/2022\/08\/logomarca_tema.fw_.png\",\"width\":400,\"height\":232,\"caption\":\"Portal Not\u00edcia em Pauta\"},\"image\":{\"@id\":\"https:\/\/noticiaempauta.com\/portal\/#\/schema\/logo\/image\/\"},\"sameAs\":[\"https:\/\/www.facebook.com\/Portal-Notcia-Em-Pauta-102292869264820\/\",\"https:\/\/www.instagram.com\/portalnoticiaempauta\/\"]},{\"@type\":\"Person\",\"@id\":\"https:\/\/noticiaempauta.com\/portal\/#\/schema\/person\/a74af43dd1ab3deca45f988c717d57ac\",\"name\":\"Reda\u00e7\u00e3o\",\"image\":{\"@type\":\"ImageObject\",\"inLanguage\":\"pt-BR\",\"@id\":\"https:\/\/noticiaempauta.com\/portal\/#\/schema\/person\/image\/\",\"url\":\"https:\/\/secure.gravatar.com\/avatar\/03179346ecce6cdfc13361603e8f54242a90e5cde8618fa23c5c00aa2b0aadf3?s=96&d=mm&r=g\",\"contentUrl\":\"https:\/\/secure.gravatar.com\/avatar\/03179346ecce6cdfc13361603e8f54242a90e5cde8618fa23c5c00aa2b0aadf3?s=96&d=mm&r=g\",\"caption\":\"Reda\u00e7\u00e3o\"},\"sameAs\":[\"https:\/\/noticiaempauta.com\/portal\/\"],\"url\":\"https:\/\/noticiaempauta.com\/portal\/author\/fernando\/\"}]}<\/script>\n<!-- \/ Yoast SEO Premium plugin. -->","yoast_head_json":{"title":"\"Investir na primeira inf\u00e2ncia \u00e9 prioridade\", diz Rafael Fonteles em abertura de capacita\u00e7\u00e3o para gestores estaduais - Portal Not\u00edcia em Pauta","robots":{"index":"index","follow":"follow","max-snippet":"max-snippet:-1","max-image-preview":"max-image-preview:large","max-video-preview":"max-video-preview:-1"},"canonical":"https:\/\/noticiaempauta.com\/portal\/investir-na-primeira-infancia-e-prioridade-diz-rafael-fonteles-em-abertura-de-capacitacao-para-gestores-estaduais\/","og_locale":"pt_BR","og_type":"article","og_title":"\"Investir na primeira inf\u00e2ncia \u00e9 prioridade\", diz Rafael Fonteles em abertura de capacita\u00e7\u00e3o para gestores estaduais","og_description":"O governador Rafael Fonteles participou, nesta segunda-feira (16), da abertura do Curso Executivo em Pol\u00edticas de Primeira Inf\u00e2ncia, realizado na Escola de Gest\u00e3o e Controle do Tribunal de Contas do Estado do Piau\u00ed (TCE-PI). A iniciativa, voltada especialmente aos gestores estaduais, visa ao fortalecimento das pol\u00edticas p\u00fablicas voltadas \u00e0 primeira inf\u00e2ncia no Piau\u00ed. Segundo o [&hellip;]","og_url":"https:\/\/noticiaempauta.com\/portal\/investir-na-primeira-infancia-e-prioridade-diz-rafael-fonteles-em-abertura-de-capacitacao-para-gestores-estaduais\/","og_site_name":"Portal Not\u00edcia em Pauta","article_publisher":"https:\/\/www.facebook.com\/Portal-Notcia-Em-Pauta-102292869264820\/","article_published_time":"2024-09-16T18:34:13+00:00","article_modified_time":"2024-09-16T18:34:14+00:00","og_image":[{"width":1000,"height":667,"url":"https:\/\/noticiaempauta.com\/portal\/wp-content\/uploads\/2024\/09\/large_curso_lideranca_executiva20_66f765e287.jpg","type":"image\/jpeg"}],"author":"Reda\u00e7\u00e3o","twitter_card":"summary_large_image","twitter_misc":{"Escrito por":"Reda\u00e7\u00e3o","Est. tempo de leitura":"5 minutos"},"schema":{"@context":"https:\/\/schema.org","@graph":[{"@type":"Article","@id":"https:\/\/noticiaempauta.com\/portal\/investir-na-primeira-infancia-e-prioridade-diz-rafael-fonteles-em-abertura-de-capacitacao-para-gestores-estaduais\/#article","isPartOf":{"@id":"https:\/\/noticiaempauta.com\/portal\/investir-na-primeira-infancia-e-prioridade-diz-rafael-fonteles-em-abertura-de-capacitacao-para-gestores-estaduais\/"},"author":{"name":"Reda\u00e7\u00e3o","@id":"https:\/\/noticiaempauta.com\/portal\/#\/schema\/person\/a74af43dd1ab3deca45f988c717d57ac"},"headline":"&#8220;Investir na primeira inf\u00e2ncia \u00e9 prioridade&#8221;, diz Rafael Fonteles em abertura de capacita\u00e7\u00e3o para gestores estaduais","datePublished":"2024-09-16T18:34:13+00:00","dateModified":"2024-09-16T18:34:14+00:00","mainEntityOfPage":{"@id":"https:\/\/noticiaempauta.com\/portal\/investir-na-primeira-infancia-e-prioridade-diz-rafael-fonteles-em-abertura-de-capacitacao-para-gestores-estaduais\/"},"wordCount":659,"commentCount":0,"publisher":{"@id":"https:\/\/noticiaempauta.com\/portal\/#organization"},"image":{"@id":"https:\/\/noticiaempauta.com\/portal\/investir-na-primeira-infancia-e-prioridade-diz-rafael-fonteles-em-abertura-de-capacitacao-para-gestores-estaduais\/#primaryimage"},"thumbnailUrl":"https:\/\/noticiaempauta.com\/portal\/wp-content\/uploads\/2024\/09\/large_curso_lideranca_executiva20_66f765e287.jpg","keywords":["destaqueprincipal"],"articleSection":["Destaques","Geral","Munic\u00edpios","Todas as Not\u00edcias"],"inLanguage":"pt-BR","potentialAction":[{"@type":"CommentAction","name":"Comment","target":["https:\/\/noticiaempauta.com\/portal\/investir-na-primeira-infancia-e-prioridade-diz-rafael-fonteles-em-abertura-de-capacitacao-para-gestores-estaduais\/#respond"]}]},{"@type":"WebPage","@id":"https:\/\/noticiaempauta.com\/portal\/investir-na-primeira-infancia-e-prioridade-diz-rafael-fonteles-em-abertura-de-capacitacao-para-gestores-estaduais\/","url":"https:\/\/noticiaempauta.com\/portal\/investir-na-primeira-infancia-e-prioridade-diz-rafael-fonteles-em-abertura-de-capacitacao-para-gestores-estaduais\/","name":"\"Investir na primeira inf\u00e2ncia \u00e9 prioridade\", diz Rafael Fonteles em abertura de capacita\u00e7\u00e3o para gestores estaduais - Portal Not\u00edcia em Pauta","isPartOf":{"@id":"https:\/\/noticiaempauta.com\/portal\/#website"},"primaryImageOfPage":{"@id":"https:\/\/noticiaempauta.com\/portal\/investir-na-primeira-infancia-e-prioridade-diz-rafael-fonteles-em-abertura-de-capacitacao-para-gestores-estaduais\/#primaryimage"},"image":{"@id":"https:\/\/noticiaempauta.com\/portal\/investir-na-primeira-infancia-e-prioridade-diz-rafael-fonteles-em-abertura-de-capacitacao-para-gestores-estaduais\/#primaryimage"},"thumbnailUrl":"https:\/\/noticiaempauta.com\/portal\/wp-content\/uploads\/2024\/09\/large_curso_lideranca_executiva20_66f765e287.jpg","datePublished":"2024-09-16T18:34:13+00:00","dateModified":"2024-09-16T18:34:14+00:00","breadcrumb":{"@id":"https:\/\/noticiaempauta.com\/portal\/investir-na-primeira-infancia-e-prioridade-diz-rafael-fonteles-em-abertura-de-capacitacao-para-gestores-estaduais\/#breadcrumb"},"inLanguage":"pt-BR","potentialAction":[{"@type":"ReadAction","target":["https:\/\/noticiaempauta.com\/portal\/investir-na-primeira-infancia-e-prioridade-diz-rafael-fonteles-em-abertura-de-capacitacao-para-gestores-estaduais\/"]}]},{"@type":"ImageObject","inLanguage":"pt-BR","@id":"https:\/\/noticiaempauta.com\/portal\/investir-na-primeira-infancia-e-prioridade-diz-rafael-fonteles-em-abertura-de-capacitacao-para-gestores-estaduais\/#primaryimage","url":"https:\/\/noticiaempauta.com\/portal\/wp-content\/uploads\/2024\/09\/large_curso_lideranca_executiva20_66f765e287.jpg","contentUrl":"https:\/\/noticiaempauta.com\/portal\/wp-content\/uploads\/2024\/09\/large_curso_lideranca_executiva20_66f765e287.jpg","width":1000,"height":667},{"@type":"BreadcrumbList","@id":"https:\/\/noticiaempauta.com\/portal\/investir-na-primeira-infancia-e-prioridade-diz-rafael-fonteles-em-abertura-de-capacitacao-para-gestores-estaduais\/#breadcrumb","itemListElement":[{"@type":"ListItem","position":1,"name":"P\u00e1gina Inicial","item":"https:\/\/noticiaempauta.com\/portal\/"},{"@type":"ListItem","position":2,"name":"Destaques","item":"https:\/\/noticiaempauta.com\/portal\/destaques-site\/"},{"@type":"ListItem","position":3,"name":"&#8220;Investir na primeira inf\u00e2ncia \u00e9 prioridade&#8221;, diz Rafael Fonteles em abertura de capacita\u00e7\u00e3o para gestores estaduais"}]},{"@type":"WebSite","@id":"https:\/\/noticiaempauta.com\/portal\/#website","url":"https:\/\/noticiaempauta.com\/portal\/","name":"Portal Not\u00edcia em Pauta","description":"Voc\u00ea bem informado","publisher":{"@id":"https:\/\/noticiaempauta.com\/portal\/#organization"},"potentialAction":[{"@type":"SearchAction","target":{"@type":"EntryPoint","urlTemplate":"https:\/\/noticiaempauta.com\/portal\/?s={search_term_string}"},"query-input":{"@type":"PropertyValueSpecification","valueRequired":true,"valueName":"search_term_string"}}],"inLanguage":"pt-BR"},{"@type":"Organization","@id":"https:\/\/noticiaempauta.com\/portal\/#organization","name":"Portal Not\u00edcia em Pauta","url":"https:\/\/noticiaempauta.com\/portal\/","logo":{"@type":"ImageObject","inLanguage":"pt-BR","@id":"https:\/\/noticiaempauta.com\/portal\/#\/schema\/logo\/image\/","url":"https:\/\/noticiaempauta.com\/portal\/wp-content\/uploads\/2022\/08\/logomarca_tema.fw_.png","contentUrl":"https:\/\/noticiaempauta.com\/portal\/wp-content\/uploads\/2022\/08\/logomarca_tema.fw_.png","width":400,"height":232,"caption":"Portal Not\u00edcia em Pauta"},"image":{"@id":"https:\/\/noticiaempauta.com\/portal\/#\/schema\/logo\/image\/"},"sameAs":["https:\/\/www.facebook.com\/Portal-Notcia-Em-Pauta-102292869264820\/","https:\/\/www.instagram.com\/portalnoticiaempauta\/"]},{"@type":"Person","@id":"https:\/\/noticiaempauta.com\/portal\/#\/schema\/person\/a74af43dd1ab3deca45f988c717d57ac","name":"Reda\u00e7\u00e3o","image":{"@type":"ImageObject","inLanguage":"pt-BR","@id":"https:\/\/noticiaempauta.com\/portal\/#\/schema\/person\/image\/","url":"https:\/\/secure.gravatar.com\/avatar\/03179346ecce6cdfc13361603e8f54242a90e5cde8618fa23c5c00aa2b0aadf3?s=96&d=mm&r=g","contentUrl":"https:\/\/secure.gravatar.com\/avatar\/03179346ecce6cdfc13361603e8f54242a90e5cde8618fa23c5c00aa2b0aadf3?s=96&d=mm&r=g","caption":"Reda\u00e7\u00e3o"},"sameAs":["https:\/\/noticiaempauta.com\/portal\/"],"url":"https:\/\/noticiaempauta.com\/portal\/author\/fernando\/"}]}},"_links":{"self":[{"href":"https:\/\/noticiaempauta.com\/portal\/wp-json\/wp\/v2\/posts\/262133","targetHints":{"allow":["GET"]}}],"collection":[{"href":"https:\/\/noticiaempauta.com\/portal\/wp-json\/wp\/v2\/posts"}],"about":[{"href":"https:\/\/noticiaempauta.com\/portal\/wp-json\/wp\/v2\/types\/post"}],"author":[{"embeddable":true,"href":"https:\/\/noticiaempauta.com\/portal\/wp-json\/wp\/v2\/users\/2"}],"replies":[{"embeddable":true,"href":"https:\/\/noticiaempauta.com\/portal\/wp-json\/wp\/v2\/comments?post=262133"}],"version-history":[{"count":2,"href":"https:\/\/noticiaempauta.com\/portal\/wp-json\/wp\/v2\/posts\/262133\/revisions"}],"predecessor-version":[{"id":262141,"href":"https:\/\/noticiaempauta.com\/portal\/wp-json\/wp\/v2\/posts\/262133\/revisions\/262141"}],"wp:featuredmedia":[{"embeddable":true,"href":"https:\/\/noticiaempauta.com\/portal\/wp-json\/wp\/v2\/media\/262139"}],"wp:attachment":[{"href":"https:\/\/noticiaempauta.com\/portal\/wp-json\/wp\/v2\/media?parent=262133"}],"wp:term":[{"taxonomy":"category","embeddable":true,"href":"https:\/\/noticiaempauta.com\/portal\/wp-json\/wp\/v2\/categories?post=262133"},{"taxonomy":"post_tag","embeddable":true,"href":"https:\/\/noticiaempauta.com\/portal\/wp-json\/wp\/v2\/tags?post=262133"}],"curies":[{"name":"wp","href":"https:\/\/api.w.org\/{rel}","templated":true}]}}